{"id":5108,"date":"2025-04-10T07:48:30","date_gmt":"2025-04-10T04:48:30","guid":{"rendered":"https:\/\/memurunsesi.net\/?p=5108"},"modified":"2025-04-10T07:48:30","modified_gmt":"2025-04-10T04:48:30","slug":"ailesi-ile-tartisip-elinde-tufekle-sokakta-havaya-ates-acan-alkollu-sahis-polise-ecel-teri-dokturdu","status":"publish","type":"post","link":"https:\/\/memurunsesi.net\/index.php\/2025\/04\/10\/ailesi-ile-tartisip-elinde-tufekle-sokakta-havaya-ates-acan-alkollu-sahis-polise-ecel-teri-dokturdu\/","title":{"rendered":"Ailesi ile tart\u0131\u015f\u0131p elinde t\u00fcfekle sokakta havaya ate\u015f a\u00e7an alkoll\u00fc \u015fah\u0131s polise ecel teri d\u00f6kt\u00fcrd\u00fc"},"content":{"rendered":"<p>\u00c7elik yelekli ve silahl\u0131 polisler alkoll\u00fc \u015fahs\u0131 1 saat s\u00fcren \u00e7abalar\u0131n sonunda silah\u0131n\u0131 b\u0131rakmaya ikna etti<\/p>\n<p>Burdur\u2019da evinde ailesi ile tart\u0131\u015ft\u0131ktan sonra eline ald\u0131\u011f\u0131 av t\u00fcfe\u011fiyle sokakta rastgele ate\u015f a\u00e7an alkoll\u00fc \u015fah\u0131s, \u00e7elik yelekli ve uzun namlulu polislerin yakla\u015f\u0131k 1 saat s\u00fcren \u00e7abalar\u0131 sonucunda ikna olarak silah\u0131n\u0131 b\u0131rak\u0131nca ifadesi al\u0131nmak \u00fczere karakola g\u00f6t\u00fcr\u00fcld\u00fc.<\/p>\n<p>Olay, saat 23.00 s\u0131ralar\u0131nda merkez De\u011firmenler Mahallesi De\u011firmen Yoku\u015fu Sokak\u2019ta meydana geldi. Edinilen bilgilere g\u00f6re alkoll\u00fc oldu\u011fu \u00f6\u011frenilen Kaz\u0131m K. (44) evde ailesi ile ya\u015fad\u0131\u011f\u0131 tart\u0131\u015fma sonucunda eline ald\u0131\u011f\u0131 av t\u00fcfe\u011fi ile sokakta rastgele havaya ate\u015f a\u00e7t\u0131. \u00c7evredekilerin 112 Acil \u00c7a\u011fr\u0131 Merkezi\u2019ne ihbar\u0131 \u00fczerine olay yerine \u00e7ok say\u0131da \u00e7elik yelekli ve uzun namlulu silahl\u0131 polis ve sa\u011fl\u0131k ekibi sevk edildi. Olay yerine gelen polis ekipleri \u00e7evre g\u00fcvenli\u011fi alarak alkoll\u00fc \u015fahs\u0131n silah\u0131n\u0131 b\u0131rakmas\u0131 i\u00e7in ikna \u00e7abalar\u0131na ba\u015flad\u0131. M\u00fczakereci polislerin yakla\u015f\u0131k 1 saat s\u00fcren \u00e7abalar\u0131n\u0131n sonucunda ikna olan Kaz\u0131m K. elindeki av t\u00fcfe\u011fini b\u0131rakarak teslim oldu. Olay\u0131 endi\u015feli \u015fekilde takip eden mahalleli ise derin bir oh \u00e7ekti. Olay yeri inceleme ekipleri taraf\u0131ndan yap\u0131lan \u00e7al\u0131\u015fmalarda evin bah\u00e7esinde 1 adet bo\u015f fi\u015fek kartu\u015fu bulunurken Kaz\u0131m K. ifadesi al\u0131nmak \u00fczere karakola g\u00f6t\u00fcr\u00fcld\u00fc. Olayla ilgili inceleme ba\u015flat\u0131ld\u0131.<\/p>\n<p>10.04.2025<\/p>\n","protected":false},"excerpt":{"rendered":"<p>\u00c7elik yelekli ve silahl\u0131 polisler alkoll\u00fc \u015fahs\u0131 1 saat s\u00fcren \u00e7abalar\u0131n sonunda silah\u0131n\u0131 b\u0131rakmaya ikna etti Burdur\u2019da evinde ailesi ile tart\u0131\u015ft\u0131ktan sonra eline ald\u0131\u011f\u0131 av t\u00fcfe\u011fiyle sokakta rastgele ate\u015f a\u00e7an alkoll\u00fc \u015fah\u0131s, \u00e7elik yelekli ve uzun namlulu polislerin yakla\u015f\u0131k 1 saat s\u00fcren \u00e7abalar\u0131 sonucunda ikna olarak silah\u0131n\u0131 b\u0131rak\u0131nca ifadesi al\u0131nmak \u00fczere karakola g\u00f6t\u00fcr\u00fcld\u00fc. Olay, saat [&hellip;]<\/p>\n","protected":false},"author":1,"featured_media":5109,"comment_status":"open","ping_status":"open","sticky":false,"template":"","format":"standard","meta":{"footnotes":""},"categories":[50],"tags":[],"class_list":["post-5108","post","type-post","status-publish","format-standard","has-post-thumbnail","hentry","category-tum-haberler"],"yoast_head":"<!-- This site is optimized with the Yoast SEO plugin v27.4 - https:\/\/yoast.com\/product\/yoast-seo-wordpress\/ -->\n<title>Ailesi ile tart\u0131\u015f\u0131p elinde t\u00fcfekle sokakta havaya ate\u015f a\u00e7an alkoll\u00fc \u015fah\u0131s polise ecel teri d\u00f6kt\u00fcrd\u00fc - Memurun Sesi<\/title>\n<meta name=\"robots\" content=\"index, follow, max-snippet:-1, max-image-preview:large, max-video-preview:-1\" \/>\n<link rel=\"canonical\" href=\"https:\/\/memurunsesi.net\/index.php\/2025\/04\/10\/ailesi-ile-tartisip-elinde-tufekle-sokakta-havaya-ates-acan-alkollu-sahis-polise-ecel-teri-dokturdu\/\" \/>\n<meta property=\"og:locale\" content=\"tr_TR\" \/>\n<meta property=\"og:type\" content=\"article\" \/>\n<meta property=\"og:title\" content=\"Ailesi ile tart\u0131\u015f\u0131p elinde t\u00fcfekle sokakta havaya ate\u015f a\u00e7an alkoll\u00fc \u015fah\u0131s polise ecel teri d\u00f6kt\u00fcrd\u00fc - Memurun Sesi\" \/>\n<meta property=\"og:description\" content=\"\u00c7elik yelekli ve silahl\u0131 polisler alkoll\u00fc \u015fahs\u0131 1 saat s\u00fcren \u00e7abalar\u0131n sonunda silah\u0131n\u0131 b\u0131rakmaya ikna etti Burdur\u2019da evinde ailesi ile tart\u0131\u015ft\u0131ktan sonra eline ald\u0131\u011f\u0131 av t\u00fcfe\u011fiyle sokakta rastgele ate\u015f a\u00e7an alkoll\u00fc \u015fah\u0131s, \u00e7elik yelekli ve uzun namlulu polislerin yakla\u015f\u0131k 1 saat s\u00fcren \u00e7abalar\u0131 sonucunda ikna olarak silah\u0131n\u0131 b\u0131rak\u0131nca ifadesi al\u0131nmak \u00fczere karakola g\u00f6t\u00fcr\u00fcld\u00fc. Olay, saat [&hellip;]\" \/>\n<meta property=\"og:url\" content=\"https:\/\/memurunsesi.net\/index.php\/2025\/04\/10\/ailesi-ile-tartisip-elinde-tufekle-sokakta-havaya-ates-acan-alkollu-sahis-polise-ecel-teri-dokturdu\/\" \/>\n<meta property=\"og:site_name\" content=\"Memurun Sesi\" \/>\n<meta property=\"article:publisher\" content=\"https:\/\/www.facebook.com\/unipersen\/?locale=tr_TR\" \/>\n<meta property=\"article:published_time\" content=\"2025-04-10T04:48:30+00:00\" \/>\n<meta property=\"og:image\" content=\"https:\/\/memurunsesi.net\/wp-content\/uploads\/2025\/04\/AW429165_01.jpg\" \/>\n\t<meta property=\"og:image:width\" content=\"1334\" \/>\n\t<meta property=\"og:image:height\" content=\"750\" \/>\n\t<meta property=\"og:image:type\" content=\"image\/jpeg\" \/>\n<meta name=\"author\" content=\"Memurun Sesi Haber Merkezi\" \/>\n<meta name=\"twitter:card\" content=\"summary_large_image\" \/>\n<meta name=\"twitter:creator\" content=\"@unipersen\" \/>\n<meta name=\"twitter:site\" content=\"@unipersen\" \/>\n<meta name=\"twitter:label1\" content=\"Yazan:\" \/>\n\t<meta name=\"twitter:data1\" content=\"Memurun Sesi Haber Merkezi\" \/>\n\t<meta name=\"twitter:label2\" content=\"Tahmini okuma s\u00fcresi\" \/>\n\t<meta name=\"twitter:data2\" content=\"1 dakika\" \/>\n<script type=\"application\/ld+json\" class=\"yoast-schema-graph\">{\"@context\":\"https:\\\/\\\/schema.org\",\"@graph\":[{\"@type\":\"Article\",\"@id\":\"https:\\\/\\\/memurunsesi.net\\\/index.php\\\/2025\\\/04\\\/10\\\/ailesi-ile-tartisip-elinde-tufekle-sokakta-havaya-ates-acan-alkollu-sahis-polise-ecel-teri-dokturdu\\\/#article\",\"isPartOf\":{\"@id\":\"https:\\\/\\\/memurunsesi.net\\\/index.php\\\/2025\\\/04\\\/10\\\/ailesi-ile-tartisip-elinde-tufekle-sokakta-havaya-ates-acan-alkollu-sahis-polise-ecel-teri-dokturdu\\\/\"},\"author\":{\"name\":\"Memurun Sesi Haber Merkezi\",\"@id\":\"https:\\\/\\\/memurunsesi.net\\\/#\\\/schema\\\/person\\\/f21c2d73b89f6ee1d80b0a1803e38587\"},\"headline\":\"Ailesi ile tart\u0131\u015f\u0131p elinde t\u00fcfekle sokakta havaya ate\u015f a\u00e7an alkoll\u00fc \u015fah\u0131s polise ecel teri d\u00f6kt\u00fcrd\u00fc\",\"datePublished\":\"2025-04-10T04:48:30+00:00\",\"mainEntityOfPage\":{\"@id\":\"https:\\\/\\\/memurunsesi.net\\\/index.php\\\/2025\\\/04\\\/10\\\/ailesi-ile-tartisip-elinde-tufekle-sokakta-havaya-ates-acan-alkollu-sahis-polise-ecel-teri-dokturdu\\\/\"},\"wordCount\":268,\"commentCount\":0,\"publisher\":{\"@id\":\"https:\\\/\\\/memurunsesi.net\\\/#organization\"},\"image\":{\"@id\":\"https:\\\/\\\/memurunsesi.net\\\/index.php\\\/2025\\\/04\\\/10\\\/ailesi-ile-tartisip-elinde-tufekle-sokakta-havaya-ates-acan-alkollu-sahis-polise-ecel-teri-dokturdu\\\/#primaryimage\"},\"thumbnailUrl\":\"https:\\\/\\\/memurunsesi.net\\\/wp-content\\\/uploads\\\/2025\\\/04\\\/AW429165_01.jpg\",\"articleSection\":[\"T\u00fcm Haberler\"],\"inLanguage\":\"tr\",\"potentialAction\":[{\"@type\":\"CommentAction\",\"name\":\"Comment\",\"target\":[\"https:\\\/\\\/memurunsesi.net\\\/index.php\\\/2025\\\/04\\\/10\\\/ailesi-ile-tartisip-elinde-tufekle-sokakta-havaya-ates-acan-alkollu-sahis-polise-ecel-teri-dokturdu\\\/#respond\"]}]},{\"@type\":\"WebPage\",\"@id\":\"https:\\\/\\\/memurunsesi.net\\\/index.php\\\/2025\\\/04\\\/10\\\/ailesi-ile-tartisip-elinde-tufekle-sokakta-havaya-ates-acan-alkollu-sahis-polise-ecel-teri-dokturdu\\\/\",\"url\":\"https:\\\/\\\/memurunsesi.net\\\/index.php\\\/2025\\\/04\\\/10\\\/ailesi-ile-tartisip-elinde-tufekle-sokakta-havaya-ates-acan-alkollu-sahis-polise-ecel-teri-dokturdu\\\/\",\"name\":\"Ailesi ile tart\u0131\u015f\u0131p elinde t\u00fcfekle sokakta havaya ate\u015f a\u00e7an alkoll\u00fc \u015fah\u0131s polise ecel teri d\u00f6kt\u00fcrd\u00fc - Memurun Sesi\",\"isPartOf\":{\"@id\":\"https:\\\/\\\/memurunsesi.net\\\/#website\"},\"primaryImageOfPage\":{\"@id\":\"https:\\\/\\\/memurunsesi.net\\\/index.php\\\/2025\\\/04\\\/10\\\/ailesi-ile-tartisip-elinde-tufekle-sokakta-havaya-ates-acan-alkollu-sahis-polise-ecel-teri-dokturdu\\\/#primaryimage\"},\"image\":{\"@id\":\"https:\\\/\\\/memurunsesi.net\\\/index.php\\\/2025\\\/04\\\/10\\\/ailesi-ile-tartisip-elinde-tufekle-sokakta-havaya-ates-acan-alkollu-sahis-polise-ecel-teri-dokturdu\\\/#primaryimage\"},\"thumbnailUrl\":\"https:\\\/\\\/memurunsesi.net\\\/wp-content\\\/uploads\\\/2025\\\/04\\\/AW429165_01.jpg\",\"datePublished\":\"2025-04-10T04:48:30+00:00\",\"breadcrumb\":{\"@id\":\"https:\\\/\\\/memurunsesi.net\\\/index.php\\\/2025\\\/04\\\/10\\\/ailesi-ile-tartisip-elinde-tufekle-sokakta-havaya-ates-acan-alkollu-sahis-polise-ecel-teri-dokturdu\\\/#breadcrumb\"},\"inLanguage\":\"tr\",\"potentialAction\":[{\"@type\":\"ReadAction\",\"target\":[\"https:\\\/\\\/memurunsesi.net\\\/index.php\\\/2025\\\/04\\\/10\\\/ailesi-ile-tartisip-elinde-tufekle-sokakta-havaya-ates-acan-alkollu-sahis-polise-ecel-teri-dokturdu\\\/\"]}]},{\"@type\":\"ImageObject\",\"inLanguage\":\"tr\",\"@id\":\"https:\\\/\\\/memurunsesi.net\\\/index.php\\\/2025\\\/04\\\/10\\\/ailesi-ile-tartisip-elinde-tufekle-sokakta-havaya-ates-acan-alkollu-sahis-polise-ecel-teri-dokturdu\\\/#primaryimage\",\"url\":\"https:\\\/\\\/memurunsesi.net\\\/wp-content\\\/uploads\\\/2025\\\/04\\\/AW429165_01.jpg\",\"contentUrl\":\"https:\\\/\\\/memurunsesi.net\\\/wp-content\\\/uploads\\\/2025\\\/04\\\/AW429165_01.jpg\",\"width\":1334,\"height\":750,\"caption\":\"BURDUR'DA EV\u0130NDE A\u0130LES\u0130 \u0130LE TARTI\u015eTIKTAN SONRA EL\u0130NE ALDI\u011eI AV T\u00dcFE\u011e\u0130YLE SOKAKTA RASTGELE ATE\u015e A\u00c7AN ALKOLL\u00dc \u015eAHIS \u00c7EL\u0130K YELEKL\u0130 VE UZUN NAMLULU POL\u0130SLER\u0130N YAKLA\u015eIK 1 SAAT S\u00dcREN \u00c7ABALARI SONUCUNDA \u0130KNA OLARAK S\u0130LAHINI BIRAKINCA \u0130FADES\u0130 ALINMAK \u00dcZERE KARAKOLA G\u00d6T\u00dcR\u00dcLD\u00dc. (SERCAN KURBAN\\\/BURDUR-\u0130HA) Burdur'da evinde ailesi ile tart\u0131\u015ft\u0131ktan sonra eline ald\u0131\u011f\u0131 av t\u00fcfe\u011fiyle sokakta rastgele ate\u015f a\u00e7an alkoll\u00fc \u015fah\u0131s, \u00e7elik yelekli ve uzun namlulu polislerin yakla\u015f\u0131k 1 saat s\u00fcren \u00e7abalar\u0131 sonucunda ikna olarak silah\u0131n\u0131 b\u0131rak\u0131nca ifadesi al\u0131nmak \u00fczere karakola g\u00f6t\u00fcr\u00fcld\u00fc.\"},{\"@type\":\"BreadcrumbList\",\"@id\":\"https:\\\/\\\/memurunsesi.net\\\/index.php\\\/2025\\\/04\\\/10\\\/ailesi-ile-tartisip-elinde-tufekle-sokakta-havaya-ates-acan-alkollu-sahis-polise-ecel-teri-dokturdu\\\/#breadcrumb\",\"itemListElement\":[{\"@type\":\"ListItem\",\"position\":1,\"name\":\"Anasayfa\",\"item\":\"https:\\\/\\\/memurunsesi.net\\\/\"},{\"@type\":\"ListItem\",\"position\":2,\"name\":\"Ailesi ile tart\u0131\u015f\u0131p elinde t\u00fcfekle sokakta havaya ate\u015f a\u00e7an alkoll\u00fc \u015fah\u0131s polise ecel teri d\u00f6kt\u00fcrd\u00fc\"}]},{\"@type\":\"WebSite\",\"@id\":\"https:\\\/\\\/memurunsesi.net\\\/#website\",\"url\":\"https:\\\/\\\/memurunsesi.net\\\/\",\"name\":\"Memurun Sesi\",\"description\":\"G\u00fcncel ve Do\u011fru Haber\",\"publisher\":{\"@id\":\"https:\\\/\\\/memurunsesi.net\\\/#organization\"},\"potentialAction\":[{\"@type\":\"SearchAction\",\"target\":{\"@type\":\"EntryPoint\",\"urlTemplate\":\"https:\\\/\\\/memurunsesi.net\\\/?s={search_term_string}\"},\"query-input\":{\"@type\":\"PropertyValueSpecification\",\"valueRequired\":true,\"valueName\":\"search_term_string\"}}],\"inLanguage\":\"tr\"},{\"@type\":\"Organization\",\"@id\":\"https:\\\/\\\/memurunsesi.net\\\/#organization\",\"name\":\"Memurun Sesi\",\"url\":\"https:\\\/\\\/memurunsesi.net\\\/\",\"logo\":{\"@type\":\"ImageObject\",\"inLanguage\":\"tr\",\"@id\":\"https:\\\/\\\/memurunsesi.net\\\/#\\\/schema\\\/logo\\\/image\\\/\",\"url\":\"https:\\\/\\\/memurunsesi.net\\\/wp-content\\\/uploads\\\/2025\\\/11\\\/cropped-MEMURUN-SESI.png\",\"contentUrl\":\"https:\\\/\\\/memurunsesi.net\\\/wp-content\\\/uploads\\\/2025\\\/11\\\/cropped-MEMURUN-SESI.png\",\"width\":238,\"height\":57,\"caption\":\"Memurun Sesi\"},\"image\":{\"@id\":\"https:\\\/\\\/memurunsesi.net\\\/#\\\/schema\\\/logo\\\/image\\\/\"},\"sameAs\":[\"https:\\\/\\\/www.facebook.com\\\/unipersen\\\/?locale=tr_TR\",\"https:\\\/\\\/x.com\\\/unipersen\"]},{\"@type\":\"Person\",\"@id\":\"https:\\\/\\\/memurunsesi.net\\\/#\\\/schema\\\/person\\\/f21c2d73b89f6ee1d80b0a1803e38587\",\"name\":\"Memurun Sesi Haber Merkezi\",\"image\":{\"@type\":\"ImageObject\",\"inLanguage\":\"tr\",\"@id\":\"https:\\\/\\\/secure.gravatar.com\\\/avatar\\\/6cf0505f452ee753f485014986fab09a434671d2b919ee76fc541025c5876a70?s=96&d=mm&r=g\",\"url\":\"https:\\\/\\\/secure.gravatar.com\\\/avatar\\\/6cf0505f452ee753f485014986fab09a434671d2b919ee76fc541025c5876a70?s=96&d=mm&r=g\",\"contentUrl\":\"https:\\\/\\\/secure.gravatar.com\\\/avatar\\\/6cf0505f452ee753f485014986fab09a434671d2b919ee76fc541025c5876a70?s=96&d=mm&r=g\",\"caption\":\"Memurun Sesi Haber Merkezi\"},\"sameAs\":[\"https:\\\/\\\/memurunsesi.net\"],\"url\":\"https:\\\/\\\/memurunsesi.net\\\/index.php\\\/author\\\/uniper\\\/\"}]}<\/script>\n<!-- \/ Yoast SEO plugin. -->","yoast_head_json":{"title":"Ailesi ile tart\u0131\u015f\u0131p elinde t\u00fcfekle sokakta havaya ate\u015f a\u00e7an alkoll\u00fc \u015fah\u0131s polise ecel teri d\u00f6kt\u00fcrd\u00fc - Memurun Sesi","robots":{"index":"index","follow":"follow","max-snippet":"max-snippet:-1","max-image-preview":"max-image-preview:large","max-video-preview":"max-video-preview:-1"},"canonical":"https:\/\/memurunsesi.net\/index.php\/2025\/04\/10\/ailesi-ile-tartisip-elinde-tufekle-sokakta-havaya-ates-acan-alkollu-sahis-polise-ecel-teri-dokturdu\/","og_locale":"tr_TR","og_type":"article","og_title":"Ailesi ile tart\u0131\u015f\u0131p elinde t\u00fcfekle sokakta havaya ate\u015f a\u00e7an alkoll\u00fc \u015fah\u0131s polise ecel teri d\u00f6kt\u00fcrd\u00fc - Memurun Sesi","og_description":"\u00c7elik yelekli ve silahl\u0131 polisler alkoll\u00fc \u015fahs\u0131 1 saat s\u00fcren \u00e7abalar\u0131n sonunda silah\u0131n\u0131 b\u0131rakmaya ikna etti Burdur\u2019da evinde ailesi ile tart\u0131\u015ft\u0131ktan sonra eline ald\u0131\u011f\u0131 av t\u00fcfe\u011fiyle sokakta rastgele ate\u015f a\u00e7an alkoll\u00fc \u015fah\u0131s, \u00e7elik yelekli ve uzun namlulu polislerin yakla\u015f\u0131k 1 saat s\u00fcren \u00e7abalar\u0131 sonucunda ikna olarak silah\u0131n\u0131 b\u0131rak\u0131nca ifadesi al\u0131nmak \u00fczere karakola g\u00f6t\u00fcr\u00fcld\u00fc. Olay, saat [&hellip;]","og_url":"https:\/\/memurunsesi.net\/index.php\/2025\/04\/10\/ailesi-ile-tartisip-elinde-tufekle-sokakta-havaya-ates-acan-alkollu-sahis-polise-ecel-teri-dokturdu\/","og_site_name":"Memurun Sesi","article_publisher":"https:\/\/www.facebook.com\/unipersen\/?locale=tr_TR","article_published_time":"2025-04-10T04:48:30+00:00","og_image":[{"width":1334,"height":750,"url":"https:\/\/memurunsesi.net\/wp-content\/uploads\/2025\/04\/AW429165_01.jpg","type":"image\/jpeg"}],"author":"Memurun Sesi Haber Merkezi","twitter_card":"summary_large_image","twitter_creator":"@unipersen","twitter_site":"@unipersen","twitter_misc":{"Yazan:":"Memurun Sesi Haber Merkezi","Tahmini okuma s\u00fcresi":"1 dakika"},"schema":{"@context":"https:\/\/schema.org","@graph":[{"@type":"Article","@id":"https:\/\/memurunsesi.net\/index.php\/2025\/04\/10\/ailesi-ile-tartisip-elinde-tufekle-sokakta-havaya-ates-acan-alkollu-sahis-polise-ecel-teri-dokturdu\/#article","isPartOf":{"@id":"https:\/\/memurunsesi.net\/index.php\/2025\/04\/10\/ailesi-ile-tartisip-elinde-tufekle-sokakta-havaya-ates-acan-alkollu-sahis-polise-ecel-teri-dokturdu\/"},"author":{"name":"Memurun Sesi Haber Merkezi","@id":"https:\/\/memurunsesi.net\/#\/schema\/person\/f21c2d73b89f6ee1d80b0a1803e38587"},"headline":"Ailesi ile tart\u0131\u015f\u0131p elinde t\u00fcfekle sokakta havaya ate\u015f a\u00e7an alkoll\u00fc \u015fah\u0131s polise ecel teri d\u00f6kt\u00fcrd\u00fc","datePublished":"2025-04-10T04:48:30+00:00","mainEntityOfPage":{"@id":"https:\/\/memurunsesi.net\/index.php\/2025\/04\/10\/ailesi-ile-tartisip-elinde-tufekle-sokakta-havaya-ates-acan-alkollu-sahis-polise-ecel-teri-dokturdu\/"},"wordCount":268,"commentCount":0,"publisher":{"@id":"https:\/\/memurunsesi.net\/#organization"},"image":{"@id":"https:\/\/memurunsesi.net\/index.php\/2025\/04\/10\/ailesi-ile-tartisip-elinde-tufekle-sokakta-havaya-ates-acan-alkollu-sahis-polise-ecel-teri-dokturdu\/#primaryimage"},"thumbnailUrl":"https:\/\/memurunsesi.net\/wp-content\/uploads\/2025\/04\/AW429165_01.jpg","articleSection":["T\u00fcm Haberler"],"inLanguage":"tr","potentialAction":[{"@type":"CommentAction","name":"Comment","target":["https:\/\/memurunsesi.net\/index.php\/2025\/04\/10\/ailesi-ile-tartisip-elinde-tufekle-sokakta-havaya-ates-acan-alkollu-sahis-polise-ecel-teri-dokturdu\/#respond"]}]},{"@type":"WebPage","@id":"https:\/\/memurunsesi.net\/index.php\/2025\/04\/10\/ailesi-ile-tartisip-elinde-tufekle-sokakta-havaya-ates-acan-alkollu-sahis-polise-ecel-teri-dokturdu\/","url":"https:\/\/memurunsesi.net\/index.php\/2025\/04\/10\/ailesi-ile-tartisip-elinde-tufekle-sokakta-havaya-ates-acan-alkollu-sahis-polise-ecel-teri-dokturdu\/","name":"Ailesi ile tart\u0131\u015f\u0131p elinde t\u00fcfekle sokakta havaya ate\u015f a\u00e7an alkoll\u00fc \u015fah\u0131s polise ecel teri d\u00f6kt\u00fcrd\u00fc - Memurun Sesi","isPartOf":{"@id":"https:\/\/memurunsesi.net\/#website"},"primaryImageOfPage":{"@id":"https:\/\/memurunsesi.net\/index.php\/2025\/04\/10\/ailesi-ile-tartisip-elinde-tufekle-sokakta-havaya-ates-acan-alkollu-sahis-polise-ecel-teri-dokturdu\/#primaryimage"},"image":{"@id":"https:\/\/memurunsesi.net\/index.php\/2025\/04\/10\/ailesi-ile-tartisip-elinde-tufekle-sokakta-havaya-ates-acan-alkollu-sahis-polise-ecel-teri-dokturdu\/#primaryimage"},"thumbnailUrl":"https:\/\/memurunsesi.net\/wp-content\/uploads\/2025\/04\/AW429165_01.jpg","datePublished":"2025-04-10T04:48:30+00:00","breadcrumb":{"@id":"https:\/\/memurunsesi.net\/index.php\/2025\/04\/10\/ailesi-ile-tartisip-elinde-tufekle-sokakta-havaya-ates-acan-alkollu-sahis-polise-ecel-teri-dokturdu\/#breadcrumb"},"inLanguage":"tr","potentialAction":[{"@type":"ReadAction","target":["https:\/\/memurunsesi.net\/index.php\/2025\/04\/10\/ailesi-ile-tartisip-elinde-tufekle-sokakta-havaya-ates-acan-alkollu-sahis-polise-ecel-teri-dokturdu\/"]}]},{"@type":"ImageObject","inLanguage":"tr","@id":"https:\/\/memurunsesi.net\/index.php\/2025\/04\/10\/ailesi-ile-tartisip-elinde-tufekle-sokakta-havaya-ates-acan-alkollu-sahis-polise-ecel-teri-dokturdu\/#primaryimage","url":"https:\/\/memurunsesi.net\/wp-content\/uploads\/2025\/04\/AW429165_01.jpg","contentUrl":"https:\/\/memurunsesi.net\/wp-content\/uploads\/2025\/04\/AW429165_01.jpg","width":1334,"height":750,"caption":"BURDUR'DA EV\u0130NDE A\u0130LES\u0130 \u0130LE TARTI\u015eTIKTAN SONRA EL\u0130NE ALDI\u011eI AV T\u00dcFE\u011e\u0130YLE SOKAKTA RASTGELE ATE\u015e A\u00c7AN ALKOLL\u00dc \u015eAHIS \u00c7EL\u0130K YELEKL\u0130 VE UZUN NAMLULU POL\u0130SLER\u0130N YAKLA\u015eIK 1 SAAT S\u00dcREN \u00c7ABALARI SONUCUNDA \u0130KNA OLARAK S\u0130LAHINI BIRAKINCA \u0130FADES\u0130 ALINMAK \u00dcZERE KARAKOLA G\u00d6T\u00dcR\u00dcLD\u00dc. (SERCAN KURBAN\/BURDUR-\u0130HA) Burdur'da evinde ailesi ile tart\u0131\u015ft\u0131ktan sonra eline ald\u0131\u011f\u0131 av t\u00fcfe\u011fiyle sokakta rastgele ate\u015f a\u00e7an alkoll\u00fc \u015fah\u0131s, \u00e7elik yelekli ve uzun namlulu polislerin yakla\u015f\u0131k 1 saat s\u00fcren \u00e7abalar\u0131 sonucunda ikna olarak silah\u0131n\u0131 b\u0131rak\u0131nca ifadesi al\u0131nmak \u00fczere karakola g\u00f6t\u00fcr\u00fcld\u00fc."},{"@type":"BreadcrumbList","@id":"https:\/\/memurunsesi.net\/index.php\/2025\/04\/10\/ailesi-ile-tartisip-elinde-tufekle-sokakta-havaya-ates-acan-alkollu-sahis-polise-ecel-teri-dokturdu\/#breadcrumb","itemListElement":[{"@type":"ListItem","position":1,"name":"Anasayfa","item":"https:\/\/memurunsesi.net\/"},{"@type":"ListItem","position":2,"name":"Ailesi ile tart\u0131\u015f\u0131p elinde t\u00fcfekle sokakta havaya ate\u015f a\u00e7an alkoll\u00fc \u015fah\u0131s polise ecel teri d\u00f6kt\u00fcrd\u00fc"}]},{"@type":"WebSite","@id":"https:\/\/memurunsesi.net\/#website","url":"https:\/\/memurunsesi.net\/","name":"Memurun Sesi","description":"G\u00fcncel ve Do\u011fru Haber","publisher":{"@id":"https:\/\/memurunsesi.net\/#organization"},"potentialAction":[{"@type":"SearchAction","target":{"@type":"EntryPoint","urlTemplate":"https:\/\/memurunsesi.net\/?s={search_term_string}"},"query-input":{"@type":"PropertyValueSpecification","valueRequired":true,"valueName":"search_term_string"}}],"inLanguage":"tr"},{"@type":"Organization","@id":"https:\/\/memurunsesi.net\/#organization","name":"Memurun Sesi","url":"https:\/\/memurunsesi.net\/","logo":{"@type":"ImageObject","inLanguage":"tr","@id":"https:\/\/memurunsesi.net\/#\/schema\/logo\/image\/","url":"https:\/\/memurunsesi.net\/wp-content\/uploads\/2025\/11\/cropped-MEMURUN-SESI.png","contentUrl":"https:\/\/memurunsesi.net\/wp-content\/uploads\/2025\/11\/cropped-MEMURUN-SESI.png","width":238,"height":57,"caption":"Memurun Sesi"},"image":{"@id":"https:\/\/memurunsesi.net\/#\/schema\/logo\/image\/"},"sameAs":["https:\/\/www.facebook.com\/unipersen\/?locale=tr_TR","https:\/\/x.com\/unipersen"]},{"@type":"Person","@id":"https:\/\/memurunsesi.net\/#\/schema\/person\/f21c2d73b89f6ee1d80b0a1803e38587","name":"Memurun Sesi Haber Merkezi","image":{"@type":"ImageObject","inLanguage":"tr","@id":"https:\/\/secure.gravatar.com\/avatar\/6cf0505f452ee753f485014986fab09a434671d2b919ee76fc541025c5876a70?s=96&d=mm&r=g","url":"https:\/\/secure.gravatar.com\/avatar\/6cf0505f452ee753f485014986fab09a434671d2b919ee76fc541025c5876a70?s=96&d=mm&r=g","contentUrl":"https:\/\/secure.gravatar.com\/avatar\/6cf0505f452ee753f485014986fab09a434671d2b919ee76fc541025c5876a70?s=96&d=mm&r=g","caption":"Memurun Sesi Haber Merkezi"},"sameAs":["https:\/\/memurunsesi.net"],"url":"https:\/\/memurunsesi.net\/index.php\/author\/uniper\/"}]}},"_links":{"self":[{"href":"https:\/\/memurunsesi.net\/index.php\/wp-json\/wp\/v2\/posts\/5108","targetHints":{"allow":["GET"]}}],"collection":[{"href":"https:\/\/memurunsesi.net\/index.php\/wp-json\/wp\/v2\/posts"}],"about":[{"href":"https:\/\/memurunsesi.net\/index.php\/wp-json\/wp\/v2\/types\/post"}],"author":[{"embeddable":true,"href":"https:\/\/memurunsesi.net\/index.php\/wp-json\/wp\/v2\/users\/1"}],"replies":[{"embeddable":true,"href":"https:\/\/memurunsesi.net\/index.php\/wp-json\/wp\/v2\/comments?post=5108"}],"version-history":[{"count":1,"href":"https:\/\/memurunsesi.net\/index.php\/wp-json\/wp\/v2\/posts\/5108\/revisions"}],"predecessor-version":[{"id":5110,"href":"https:\/\/memurunsesi.net\/index.php\/wp-json\/wp\/v2\/posts\/5108\/revisions\/5110"}],"wp:featuredmedia":[{"embeddable":true,"href":"https:\/\/memurunsesi.net\/index.php\/wp-json\/wp\/v2\/media\/5109"}],"wp:attachment":[{"href":"https:\/\/memurunsesi.net\/index.php\/wp-json\/wp\/v2\/media?parent=5108"}],"wp:term":[{"taxonomy":"category","embeddable":true,"href":"https:\/\/memurunsesi.net\/index.php\/wp-json\/wp\/v2\/categories?post=5108"},{"taxonomy":"post_tag","embeddable":true,"href":"https:\/\/memurunsesi.net\/index.php\/wp-json\/wp\/v2\/tags?post=5108"}],"curies":[{"name":"wp","href":"https:\/\/api.w.org\/{rel}","templated":true}]}}