{"id":5114,"date":"2025-04-10T07:50:57","date_gmt":"2025-04-10T04:50:57","guid":{"rendered":"https:\/\/memurunsesi.net\/?p=5114"},"modified":"2025-04-10T07:50:57","modified_gmt":"2025-04-10T04:50:57","slug":"hakkaride-siddetli-firtina-yikip-gecti-69-cati-zarar-gordu","status":"publish","type":"post","link":"https:\/\/memurunsesi.net\/index.php\/2025\/04\/10\/hakkaride-siddetli-firtina-yikip-gecti-69-cati-zarar-gordu\/","title":{"rendered":"Hakkari&#8217;de \u015fiddetli f\u0131rt\u0131na y\u0131k\u0131p ge\u00e7ti: 69 \u00e7at\u0131 zarar g\u00f6rd\u00fc"},"content":{"rendered":"<p>AFAD&#8217;dan 2 kente &#8220;turuncu&#8221;, 29 kente &#8220;sar\u0131&#8221; kodlu uyar\u0131 yap\u0131l\u0131rken, Hakkari&#8217;de \u015fiddetli f\u0131rt\u0131nada 69 \u00e7at\u0131 hasar g\u00f6rd\u00fc.<br \/>\nValili\u011fin sosyal medya hesaplar\u0131ndan yapt\u0131\u011f\u0131 a\u00e7\u0131klamada, kent genelinde d\u00fcn ak\u015fam saatlerinde ba\u015flayan olumsuz hava \u015fartlar\u0131 ve r\u00fczgar nedeniyle 69 \u00e7at\u0131 u\u00e7mas\u0131 olay\u0131n\u0131n meydana geldi\u011fi bildirildi. Olaylarda 3 ki\u015finin hafif yaraland\u0131\u011f\u0131 aktar\u0131lan a\u00e7\u0131klamada, Meteoroloji B\u00f6lge M\u00fcd\u00fcrl\u00fc\u011f\u00fc taraf\u0131ndan olumsuz hava ko\u015fullar\u0131n\u0131n devam edece\u011fi bilgisinin payla\u015f\u0131ld\u0131\u011f\u0131 belirtildi.<br \/>\nAFAD, MGM&#8217;den al\u0131nan bilgilere g\u00f6re, bug\u00fcn beklenen kuvvetli r\u00fczgar, f\u0131rt\u0131na ve kuvvetli ya\u011f\u0131\u015f nedeniyle Hakkari ve Van i\u00e7in turuncu, 29 il i\u00e7in ise sar\u0131 kodlu uyar\u0131 verildi\u011fini bildirdi.<br \/>\nSar\u0131 kodlu iller ise; Ni\u011fde, Kayseri, Sivas, Tokat, Ordu, Giresun, G\u00fcm\u00fc\u015fhane, Trabzon, Rize, Artvin, Ardahan, Kars, Erzurum, Bing\u00f6l, Elaz\u0131\u011f, Mu\u015f, A\u011fr\u0131, I\u011fd\u0131r, Diyarbak\u0131r, Bitlis, Siirt, Batman, Ad\u0131yaman, Hatay, Kilis, Gaziantep, \u015eanl\u0131urfa, Mardin ve \u015e\u0131rnak olarak s\u0131raland\u0131.<\/p>\n<p>10.04.2025<\/p>\n","protected":false},"excerpt":{"rendered":"<p>AFAD&#8217;dan 2 kente &#8220;turuncu&#8221;, 29 kente &#8220;sar\u0131&#8221; kodlu uyar\u0131 yap\u0131l\u0131rken, Hakkari&#8217;de \u015fiddetli f\u0131rt\u0131nada 69 \u00e7at\u0131 hasar g\u00f6rd\u00fc. Valili\u011fin sosyal medya hesaplar\u0131ndan yapt\u0131\u011f\u0131 a\u00e7\u0131klamada, kent genelinde d\u00fcn ak\u015fam saatlerinde ba\u015flayan olumsuz hava \u015fartlar\u0131 ve r\u00fczgar nedeniyle 69 \u00e7at\u0131 u\u00e7mas\u0131 olay\u0131n\u0131n meydana geldi\u011fi bildirildi. Olaylarda 3 ki\u015finin hafif yaraland\u0131\u011f\u0131 aktar\u0131lan a\u00e7\u0131klamada, Meteoroloji B\u00f6lge M\u00fcd\u00fcrl\u00fc\u011f\u00fc taraf\u0131ndan olumsuz hava [&hellip;]<\/p>\n","protected":false},"author":1,"featured_media":5115,"comment_status":"open","ping_status":"open","sticky":false,"template":"","format":"standard","meta":{"footnotes":""},"categories":[50],"tags":[],"class_list":["post-5114","post","type-post","status-publish","format-standard","has-post-thumbnail","hentry","category-tum-haberler"],"yoast_head":"<!-- This site is optimized with the Yoast SEO plugin v27.4 - https:\/\/yoast.com\/product\/yoast-seo-wordpress\/ -->\n<title>Hakkari&#039;de \u015fiddetli f\u0131rt\u0131na y\u0131k\u0131p ge\u00e7ti: 69 \u00e7at\u0131 zarar g\u00f6rd\u00fc - Memurun Sesi<\/title>\n<meta name=\"robots\" content=\"index, follow, max-snippet:-1, max-image-preview:large, max-video-preview:-1\" \/>\n<link rel=\"canonical\" href=\"https:\/\/memurunsesi.net\/index.php\/2025\/04\/10\/hakkaride-siddetli-firtina-yikip-gecti-69-cati-zarar-gordu\/\" \/>\n<meta property=\"og:locale\" content=\"tr_TR\" \/>\n<meta property=\"og:type\" content=\"article\" \/>\n<meta property=\"og:title\" content=\"Hakkari&#039;de \u015fiddetli f\u0131rt\u0131na y\u0131k\u0131p ge\u00e7ti: 69 \u00e7at\u0131 zarar g\u00f6rd\u00fc - Memurun Sesi\" \/>\n<meta property=\"og:description\" content=\"AFAD&#8217;dan 2 kente &#8220;turuncu&#8221;, 29 kente &#8220;sar\u0131&#8221; kodlu uyar\u0131 yap\u0131l\u0131rken, Hakkari&#8217;de \u015fiddetli f\u0131rt\u0131nada 69 \u00e7at\u0131 hasar g\u00f6rd\u00fc. Valili\u011fin sosyal medya hesaplar\u0131ndan yapt\u0131\u011f\u0131 a\u00e7\u0131klamada, kent genelinde d\u00fcn ak\u015fam saatlerinde ba\u015flayan olumsuz hava \u015fartlar\u0131 ve r\u00fczgar nedeniyle 69 \u00e7at\u0131 u\u00e7mas\u0131 olay\u0131n\u0131n meydana geldi\u011fi bildirildi. Olaylarda 3 ki\u015finin hafif yaraland\u0131\u011f\u0131 aktar\u0131lan a\u00e7\u0131klamada, Meteoroloji B\u00f6lge M\u00fcd\u00fcrl\u00fc\u011f\u00fc taraf\u0131ndan olumsuz hava [&hellip;]\" \/>\n<meta property=\"og:url\" content=\"https:\/\/memurunsesi.net\/index.php\/2025\/04\/10\/hakkaride-siddetli-firtina-yikip-gecti-69-cati-zarar-gordu\/\" \/>\n<meta property=\"og:site_name\" content=\"Memurun Sesi\" \/>\n<meta property=\"article:publisher\" content=\"https:\/\/www.facebook.com\/unipersen\/?locale=tr_TR\" \/>\n<meta property=\"article:published_time\" content=\"2025-04-10T04:50:57+00:00\" \/>\n<meta property=\"og:image\" content=\"https:\/\/memurunsesi.net\/wp-content\/uploads\/2025\/04\/AW429173_04.jpg\" \/>\n\t<meta property=\"og:image:width\" content=\"582\" \/>\n\t<meta property=\"og:image:height\" content=\"438\" \/>\n\t<meta property=\"og:image:type\" content=\"image\/jpeg\" \/>\n<meta name=\"author\" content=\"Memurun Sesi Haber Merkezi\" \/>\n<meta name=\"twitter:card\" content=\"summary_large_image\" \/>\n<meta name=\"twitter:creator\" content=\"@unipersen\" \/>\n<meta name=\"twitter:site\" content=\"@unipersen\" \/>\n<meta name=\"twitter:label1\" content=\"Yazan:\" \/>\n\t<meta name=\"twitter:data1\" content=\"Memurun Sesi Haber Merkezi\" \/>\n\t<meta name=\"twitter:label2\" content=\"Tahmini okuma s\u00fcresi\" \/>\n\t<meta name=\"twitter:data2\" content=\"1 dakika\" \/>\n<script type=\"application\/ld+json\" class=\"yoast-schema-graph\">{\"@context\":\"https:\\\/\\\/schema.org\",\"@graph\":[{\"@type\":\"Article\",\"@id\":\"https:\\\/\\\/memurunsesi.net\\\/index.php\\\/2025\\\/04\\\/10\\\/hakkaride-siddetli-firtina-yikip-gecti-69-cati-zarar-gordu\\\/#article\",\"isPartOf\":{\"@id\":\"https:\\\/\\\/memurunsesi.net\\\/index.php\\\/2025\\\/04\\\/10\\\/hakkaride-siddetli-firtina-yikip-gecti-69-cati-zarar-gordu\\\/\"},\"author\":{\"name\":\"Memurun Sesi Haber Merkezi\",\"@id\":\"https:\\\/\\\/memurunsesi.net\\\/#\\\/schema\\\/person\\\/f21c2d73b89f6ee1d80b0a1803e38587\"},\"headline\":\"Hakkari&#8217;de \u015fiddetli f\u0131rt\u0131na y\u0131k\u0131p ge\u00e7ti: 69 \u00e7at\u0131 zarar g\u00f6rd\u00fc\",\"datePublished\":\"2025-04-10T04:50:57+00:00\",\"mainEntityOfPage\":{\"@id\":\"https:\\\/\\\/memurunsesi.net\\\/index.php\\\/2025\\\/04\\\/10\\\/hakkaride-siddetli-firtina-yikip-gecti-69-cati-zarar-gordu\\\/\"},\"wordCount\":185,\"commentCount\":0,\"publisher\":{\"@id\":\"https:\\\/\\\/memurunsesi.net\\\/#organization\"},\"image\":{\"@id\":\"https:\\\/\\\/memurunsesi.net\\\/index.php\\\/2025\\\/04\\\/10\\\/hakkaride-siddetli-firtina-yikip-gecti-69-cati-zarar-gordu\\\/#primaryimage\"},\"thumbnailUrl\":\"https:\\\/\\\/memurunsesi.net\\\/wp-content\\\/uploads\\\/2025\\\/04\\\/AW429173_04.jpg\",\"articleSection\":[\"T\u00fcm Haberler\"],\"inLanguage\":\"tr\",\"potentialAction\":[{\"@type\":\"CommentAction\",\"name\":\"Comment\",\"target\":[\"https:\\\/\\\/memurunsesi.net\\\/index.php\\\/2025\\\/04\\\/10\\\/hakkaride-siddetli-firtina-yikip-gecti-69-cati-zarar-gordu\\\/#respond\"]}]},{\"@type\":\"WebPage\",\"@id\":\"https:\\\/\\\/memurunsesi.net\\\/index.php\\\/2025\\\/04\\\/10\\\/hakkaride-siddetli-firtina-yikip-gecti-69-cati-zarar-gordu\\\/\",\"url\":\"https:\\\/\\\/memurunsesi.net\\\/index.php\\\/2025\\\/04\\\/10\\\/hakkaride-siddetli-firtina-yikip-gecti-69-cati-zarar-gordu\\\/\",\"name\":\"Hakkari'de \u015fiddetli f\u0131rt\u0131na y\u0131k\u0131p ge\u00e7ti: 69 \u00e7at\u0131 zarar g\u00f6rd\u00fc - Memurun Sesi\",\"isPartOf\":{\"@id\":\"https:\\\/\\\/memurunsesi.net\\\/#website\"},\"primaryImageOfPage\":{\"@id\":\"https:\\\/\\\/memurunsesi.net\\\/index.php\\\/2025\\\/04\\\/10\\\/hakkaride-siddetli-firtina-yikip-gecti-69-cati-zarar-gordu\\\/#primaryimage\"},\"image\":{\"@id\":\"https:\\\/\\\/memurunsesi.net\\\/index.php\\\/2025\\\/04\\\/10\\\/hakkaride-siddetli-firtina-yikip-gecti-69-cati-zarar-gordu\\\/#primaryimage\"},\"thumbnailUrl\":\"https:\\\/\\\/memurunsesi.net\\\/wp-content\\\/uploads\\\/2025\\\/04\\\/AW429173_04.jpg\",\"datePublished\":\"2025-04-10T04:50:57+00:00\",\"breadcrumb\":{\"@id\":\"https:\\\/\\\/memurunsesi.net\\\/index.php\\\/2025\\\/04\\\/10\\\/hakkaride-siddetli-firtina-yikip-gecti-69-cati-zarar-gordu\\\/#breadcrumb\"},\"inLanguage\":\"tr\",\"potentialAction\":[{\"@type\":\"ReadAction\",\"target\":[\"https:\\\/\\\/memurunsesi.net\\\/index.php\\\/2025\\\/04\\\/10\\\/hakkaride-siddetli-firtina-yikip-gecti-69-cati-zarar-gordu\\\/\"]}]},{\"@type\":\"ImageObject\",\"inLanguage\":\"tr\",\"@id\":\"https:\\\/\\\/memurunsesi.net\\\/index.php\\\/2025\\\/04\\\/10\\\/hakkaride-siddetli-firtina-yikip-gecti-69-cati-zarar-gordu\\\/#primaryimage\",\"url\":\"https:\\\/\\\/memurunsesi.net\\\/wp-content\\\/uploads\\\/2025\\\/04\\\/AW429173_04.jpg\",\"contentUrl\":\"https:\\\/\\\/memurunsesi.net\\\/wp-content\\\/uploads\\\/2025\\\/04\\\/AW429173_04.jpg\",\"width\":582,\"height\":438,\"caption\":\"METEOROLOJ\u0130 VE AFAD UYARI \u00dcST\u00dcNE UYARIDA BULUNDU. AFAD'DAN 2 KENTE 'TURUNCU', 29 KENTE 'SARI' KODLU UYARI YAPILIRKEN, HAKKAR\u0130'DE \u015e\u0130DDETL\u0130 FIRTINADA 69 \u00c7ATI HASAR G\u00d6RD\u00dc. (\u0130HA\\\/HAKKAR\u0130-\u0130HA) AFAD'dan 2 kente \\\"turuncu\\\", 29 kente \\\"sar\u0131\\\" kodlu uyar\u0131 yap\u0131l\u0131rken, Hakkari'de \u015fiddetli f\u0131rt\u0131nada 69 \u00e7at\u0131 hasar g\u00f6rd\u00fc.\"},{\"@type\":\"BreadcrumbList\",\"@id\":\"https:\\\/\\\/memurunsesi.net\\\/index.php\\\/2025\\\/04\\\/10\\\/hakkaride-siddetli-firtina-yikip-gecti-69-cati-zarar-gordu\\\/#breadcrumb\",\"itemListElement\":[{\"@type\":\"ListItem\",\"position\":1,\"name\":\"Anasayfa\",\"item\":\"https:\\\/\\\/memurunsesi.net\\\/\"},{\"@type\":\"ListItem\",\"position\":2,\"name\":\"Hakkari&#8217;de \u015fiddetli f\u0131rt\u0131na y\u0131k\u0131p ge\u00e7ti: 69 \u00e7at\u0131 zarar g\u00f6rd\u00fc\"}]},{\"@type\":\"WebSite\",\"@id\":\"https:\\\/\\\/memurunsesi.net\\\/#website\",\"url\":\"https:\\\/\\\/memurunsesi.net\\\/\",\"name\":\"Memurun Sesi\",\"description\":\"G\u00fcncel ve Do\u011fru Haber\",\"publisher\":{\"@id\":\"https:\\\/\\\/memurunsesi.net\\\/#organization\"},\"potentialAction\":[{\"@type\":\"SearchAction\",\"target\":{\"@type\":\"EntryPoint\",\"urlTemplate\":\"https:\\\/\\\/memurunsesi.net\\\/?s={search_term_string}\"},\"query-input\":{\"@type\":\"PropertyValueSpecification\",\"valueRequired\":true,\"valueName\":\"search_term_string\"}}],\"inLanguage\":\"tr\"},{\"@type\":\"Organization\",\"@id\":\"https:\\\/\\\/memurunsesi.net\\\/#organization\",\"name\":\"Memurun Sesi\",\"url\":\"https:\\\/\\\/memurunsesi.net\\\/\",\"logo\":{\"@type\":\"ImageObject\",\"inLanguage\":\"tr\",\"@id\":\"https:\\\/\\\/memurunsesi.net\\\/#\\\/schema\\\/logo\\\/image\\\/\",\"url\":\"https:\\\/\\\/memurunsesi.net\\\/wp-content\\\/uploads\\\/2025\\\/11\\\/cropped-MEMURUN-SESI.png\",\"contentUrl\":\"https:\\\/\\\/memurunsesi.net\\\/wp-content\\\/uploads\\\/2025\\\/11\\\/cropped-MEMURUN-SESI.png\",\"width\":238,\"height\":57,\"caption\":\"Memurun Sesi\"},\"image\":{\"@id\":\"https:\\\/\\\/memurunsesi.net\\\/#\\\/schema\\\/logo\\\/image\\\/\"},\"sameAs\":[\"https:\\\/\\\/www.facebook.com\\\/unipersen\\\/?locale=tr_TR\",\"https:\\\/\\\/x.com\\\/unipersen\"]},{\"@type\":\"Person\",\"@id\":\"https:\\\/\\\/memurunsesi.net\\\/#\\\/schema\\\/person\\\/f21c2d73b89f6ee1d80b0a1803e38587\",\"name\":\"Memurun Sesi Haber Merkezi\",\"image\":{\"@type\":\"ImageObject\",\"inLanguage\":\"tr\",\"@id\":\"https:\\\/\\\/secure.gravatar.com\\\/avatar\\\/6cf0505f452ee753f485014986fab09a434671d2b919ee76fc541025c5876a70?s=96&d=mm&r=g\",\"url\":\"https:\\\/\\\/secure.gravatar.com\\\/avatar\\\/6cf0505f452ee753f485014986fab09a434671d2b919ee76fc541025c5876a70?s=96&d=mm&r=g\",\"contentUrl\":\"https:\\\/\\\/secure.gravatar.com\\\/avatar\\\/6cf0505f452ee753f485014986fab09a434671d2b919ee76fc541025c5876a70?s=96&d=mm&r=g\",\"caption\":\"Memurun Sesi Haber Merkezi\"},\"sameAs\":[\"https:\\\/\\\/memurunsesi.net\"],\"url\":\"https:\\\/\\\/memurunsesi.net\\\/index.php\\\/author\\\/uniper\\\/\"}]}<\/script>\n<!-- \/ Yoast SEO plugin. -->","yoast_head_json":{"title":"Hakkari'de \u015fiddetli f\u0131rt\u0131na y\u0131k\u0131p ge\u00e7ti: 69 \u00e7at\u0131 zarar g\u00f6rd\u00fc - Memurun Sesi","robots":{"index":"index","follow":"follow","max-snippet":"max-snippet:-1","max-image-preview":"max-image-preview:large","max-video-preview":"max-video-preview:-1"},"canonical":"https:\/\/memurunsesi.net\/index.php\/2025\/04\/10\/hakkaride-siddetli-firtina-yikip-gecti-69-cati-zarar-gordu\/","og_locale":"tr_TR","og_type":"article","og_title":"Hakkari'de \u015fiddetli f\u0131rt\u0131na y\u0131k\u0131p ge\u00e7ti: 69 \u00e7at\u0131 zarar g\u00f6rd\u00fc - Memurun Sesi","og_description":"AFAD&#8217;dan 2 kente &#8220;turuncu&#8221;, 29 kente &#8220;sar\u0131&#8221; kodlu uyar\u0131 yap\u0131l\u0131rken, Hakkari&#8217;de \u015fiddetli f\u0131rt\u0131nada 69 \u00e7at\u0131 hasar g\u00f6rd\u00fc. Valili\u011fin sosyal medya hesaplar\u0131ndan yapt\u0131\u011f\u0131 a\u00e7\u0131klamada, kent genelinde d\u00fcn ak\u015fam saatlerinde ba\u015flayan olumsuz hava \u015fartlar\u0131 ve r\u00fczgar nedeniyle 69 \u00e7at\u0131 u\u00e7mas\u0131 olay\u0131n\u0131n meydana geldi\u011fi bildirildi. Olaylarda 3 ki\u015finin hafif yaraland\u0131\u011f\u0131 aktar\u0131lan a\u00e7\u0131klamada, Meteoroloji B\u00f6lge M\u00fcd\u00fcrl\u00fc\u011f\u00fc taraf\u0131ndan olumsuz hava [&hellip;]","og_url":"https:\/\/memurunsesi.net\/index.php\/2025\/04\/10\/hakkaride-siddetli-firtina-yikip-gecti-69-cati-zarar-gordu\/","og_site_name":"Memurun Sesi","article_publisher":"https:\/\/www.facebook.com\/unipersen\/?locale=tr_TR","article_published_time":"2025-04-10T04:50:57+00:00","og_image":[{"width":582,"height":438,"url":"https:\/\/memurunsesi.net\/wp-content\/uploads\/2025\/04\/AW429173_04.jpg","type":"image\/jpeg"}],"author":"Memurun Sesi Haber Merkezi","twitter_card":"summary_large_image","twitter_creator":"@unipersen","twitter_site":"@unipersen","twitter_misc":{"Yazan:":"Memurun Sesi Haber Merkezi","Tahmini okuma s\u00fcresi":"1 dakika"},"schema":{"@context":"https:\/\/schema.org","@graph":[{"@type":"Article","@id":"https:\/\/memurunsesi.net\/index.php\/2025\/04\/10\/hakkaride-siddetli-firtina-yikip-gecti-69-cati-zarar-gordu\/#article","isPartOf":{"@id":"https:\/\/memurunsesi.net\/index.php\/2025\/04\/10\/hakkaride-siddetli-firtina-yikip-gecti-69-cati-zarar-gordu\/"},"author":{"name":"Memurun Sesi Haber Merkezi","@id":"https:\/\/memurunsesi.net\/#\/schema\/person\/f21c2d73b89f6ee1d80b0a1803e38587"},"headline":"Hakkari&#8217;de \u015fiddetli f\u0131rt\u0131na y\u0131k\u0131p ge\u00e7ti: 69 \u00e7at\u0131 zarar g\u00f6rd\u00fc","datePublished":"2025-04-10T04:50:57+00:00","mainEntityOfPage":{"@id":"https:\/\/memurunsesi.net\/index.php\/2025\/04\/10\/hakkaride-siddetli-firtina-yikip-gecti-69-cati-zarar-gordu\/"},"wordCount":185,"commentCount":0,"publisher":{"@id":"https:\/\/memurunsesi.net\/#organization"},"image":{"@id":"https:\/\/memurunsesi.net\/index.php\/2025\/04\/10\/hakkaride-siddetli-firtina-yikip-gecti-69-cati-zarar-gordu\/#primaryimage"},"thumbnailUrl":"https:\/\/memurunsesi.net\/wp-content\/uploads\/2025\/04\/AW429173_04.jpg","articleSection":["T\u00fcm Haberler"],"inLanguage":"tr","potentialAction":[{"@type":"CommentAction","name":"Comment","target":["https:\/\/memurunsesi.net\/index.php\/2025\/04\/10\/hakkaride-siddetli-firtina-yikip-gecti-69-cati-zarar-gordu\/#respond"]}]},{"@type":"WebPage","@id":"https:\/\/memurunsesi.net\/index.php\/2025\/04\/10\/hakkaride-siddetli-firtina-yikip-gecti-69-cati-zarar-gordu\/","url":"https:\/\/memurunsesi.net\/index.php\/2025\/04\/10\/hakkaride-siddetli-firtina-yikip-gecti-69-cati-zarar-gordu\/","name":"Hakkari'de \u015fiddetli f\u0131rt\u0131na y\u0131k\u0131p ge\u00e7ti: 69 \u00e7at\u0131 zarar g\u00f6rd\u00fc - Memurun Sesi","isPartOf":{"@id":"https:\/\/memurunsesi.net\/#website"},"primaryImageOfPage":{"@id":"https:\/\/memurunsesi.net\/index.php\/2025\/04\/10\/hakkaride-siddetli-firtina-yikip-gecti-69-cati-zarar-gordu\/#primaryimage"},"image":{"@id":"https:\/\/memurunsesi.net\/index.php\/2025\/04\/10\/hakkaride-siddetli-firtina-yikip-gecti-69-cati-zarar-gordu\/#primaryimage"},"thumbnailUrl":"https:\/\/memurunsesi.net\/wp-content\/uploads\/2025\/04\/AW429173_04.jpg","datePublished":"2025-04-10T04:50:57+00:00","breadcrumb":{"@id":"https:\/\/memurunsesi.net\/index.php\/2025\/04\/10\/hakkaride-siddetli-firtina-yikip-gecti-69-cati-zarar-gordu\/#breadcrumb"},"inLanguage":"tr","potentialAction":[{"@type":"ReadAction","target":["https:\/\/memurunsesi.net\/index.php\/2025\/04\/10\/hakkaride-siddetli-firtina-yikip-gecti-69-cati-zarar-gordu\/"]}]},{"@type":"ImageObject","inLanguage":"tr","@id":"https:\/\/memurunsesi.net\/index.php\/2025\/04\/10\/hakkaride-siddetli-firtina-yikip-gecti-69-cati-zarar-gordu\/#primaryimage","url":"https:\/\/memurunsesi.net\/wp-content\/uploads\/2025\/04\/AW429173_04.jpg","contentUrl":"https:\/\/memurunsesi.net\/wp-content\/uploads\/2025\/04\/AW429173_04.jpg","width":582,"height":438,"caption":"METEOROLOJ\u0130 VE AFAD UYARI \u00dcST\u00dcNE UYARIDA BULUNDU. AFAD'DAN 2 KENTE 'TURUNCU', 29 KENTE 'SARI' KODLU UYARI YAPILIRKEN, HAKKAR\u0130'DE \u015e\u0130DDETL\u0130 FIRTINADA 69 \u00c7ATI HASAR G\u00d6RD\u00dc. (\u0130HA\/HAKKAR\u0130-\u0130HA) AFAD'dan 2 kente \"turuncu\", 29 kente \"sar\u0131\" kodlu uyar\u0131 yap\u0131l\u0131rken, Hakkari'de \u015fiddetli f\u0131rt\u0131nada 69 \u00e7at\u0131 hasar g\u00f6rd\u00fc."},{"@type":"BreadcrumbList","@id":"https:\/\/memurunsesi.net\/index.php\/2025\/04\/10\/hakkaride-siddetli-firtina-yikip-gecti-69-cati-zarar-gordu\/#breadcrumb","itemListElement":[{"@type":"ListItem","position":1,"name":"Anasayfa","item":"https:\/\/memurunsesi.net\/"},{"@type":"ListItem","position":2,"name":"Hakkari&#8217;de \u015fiddetli f\u0131rt\u0131na y\u0131k\u0131p ge\u00e7ti: 69 \u00e7at\u0131 zarar g\u00f6rd\u00fc"}]},{"@type":"WebSite","@id":"https:\/\/memurunsesi.net\/#website","url":"https:\/\/memurunsesi.net\/","name":"Memurun Sesi","description":"G\u00fcncel ve Do\u011fru Haber","publisher":{"@id":"https:\/\/memurunsesi.net\/#organization"},"potentialAction":[{"@type":"SearchAction","target":{"@type":"EntryPoint","urlTemplate":"https:\/\/memurunsesi.net\/?s={search_term_string}"},"query-input":{"@type":"PropertyValueSpecification","valueRequired":true,"valueName":"search_term_string"}}],"inLanguage":"tr"},{"@type":"Organization","@id":"https:\/\/memurunsesi.net\/#organization","name":"Memurun Sesi","url":"https:\/\/memurunsesi.net\/","logo":{"@type":"ImageObject","inLanguage":"tr","@id":"https:\/\/memurunsesi.net\/#\/schema\/logo\/image\/","url":"https:\/\/memurunsesi.net\/wp-content\/uploads\/2025\/11\/cropped-MEMURUN-SESI.png","contentUrl":"https:\/\/memurunsesi.net\/wp-content\/uploads\/2025\/11\/cropped-MEMURUN-SESI.png","width":238,"height":57,"caption":"Memurun Sesi"},"image":{"@id":"https:\/\/memurunsesi.net\/#\/schema\/logo\/image\/"},"sameAs":["https:\/\/www.facebook.com\/unipersen\/?locale=tr_TR","https:\/\/x.com\/unipersen"]},{"@type":"Person","@id":"https:\/\/memurunsesi.net\/#\/schema\/person\/f21c2d73b89f6ee1d80b0a1803e38587","name":"Memurun Sesi Haber Merkezi","image":{"@type":"ImageObject","inLanguage":"tr","@id":"https:\/\/secure.gravatar.com\/avatar\/6cf0505f452ee753f485014986fab09a434671d2b919ee76fc541025c5876a70?s=96&d=mm&r=g","url":"https:\/\/secure.gravatar.com\/avatar\/6cf0505f452ee753f485014986fab09a434671d2b919ee76fc541025c5876a70?s=96&d=mm&r=g","contentUrl":"https:\/\/secure.gravatar.com\/avatar\/6cf0505f452ee753f485014986fab09a434671d2b919ee76fc541025c5876a70?s=96&d=mm&r=g","caption":"Memurun Sesi Haber Merkezi"},"sameAs":["https:\/\/memurunsesi.net"],"url":"https:\/\/memurunsesi.net\/index.php\/author\/uniper\/"}]}},"_links":{"self":[{"href":"https:\/\/memurunsesi.net\/index.php\/wp-json\/wp\/v2\/posts\/5114","targetHints":{"allow":["GET"]}}],"collection":[{"href":"https:\/\/memurunsesi.net\/index.php\/wp-json\/wp\/v2\/posts"}],"about":[{"href":"https:\/\/memurunsesi.net\/index.php\/wp-json\/wp\/v2\/types\/post"}],"author":[{"embeddable":true,"href":"https:\/\/memurunsesi.net\/index.php\/wp-json\/wp\/v2\/users\/1"}],"replies":[{"embeddable":true,"href":"https:\/\/memurunsesi.net\/index.php\/wp-json\/wp\/v2\/comments?post=5114"}],"version-history":[{"count":1,"href":"https:\/\/memurunsesi.net\/index.php\/wp-json\/wp\/v2\/posts\/5114\/revisions"}],"predecessor-version":[{"id":5116,"href":"https:\/\/memurunsesi.net\/index.php\/wp-json\/wp\/v2\/posts\/5114\/revisions\/5116"}],"wp:featuredmedia":[{"embeddable":true,"href":"https:\/\/memurunsesi.net\/index.php\/wp-json\/wp\/v2\/media\/5115"}],"wp:attachment":[{"href":"https:\/\/memurunsesi.net\/index.php\/wp-json\/wp\/v2\/media?parent=5114"}],"wp:term":[{"taxonomy":"category","embeddable":true,"href":"https:\/\/memurunsesi.net\/index.php\/wp-json\/wp\/v2\/categories?post=5114"},{"taxonomy":"post_tag","embeddable":true,"href":"https:\/\/memurunsesi.net\/index.php\/wp-json\/wp\/v2\/tags?post=5114"}],"curies":[{"name":"wp","href":"https:\/\/api.w.org\/{rel}","templated":true}]}}