{"id":5124,"date":"2025-04-10T07:55:50","date_gmt":"2025-04-10T04:55:50","guid":{"rendered":"https:\/\/memurunsesi.net\/?p=5124"},"modified":"2025-04-10T07:55:50","modified_gmt":"2025-04-10T04:55:50","slug":"serbest-gures-milli-takimi-avrupa-ucuncusu","status":"publish","type":"post","link":"https:\/\/memurunsesi.net\/index.php\/2025\/04\/10\/serbest-gures-milli-takimi-avrupa-ucuncusu\/","title":{"rendered":"Serbest G\u00fcre\u015f Milli Tak\u0131m\u0131, Avrupa \u00fc\u00e7\u00fcnc\u00fcs\u00fc"},"content":{"rendered":"<p>Avrupa \u015eampiyonas\u0131&#8217;nda Serbest G\u00fcre\u015f Milli Tak\u0131m\u0131, Avrupa \u00fc\u00e7\u00fcnc\u00fcs\u00fc oldu.<br \/>\nSlovakya\u2019n\u0131n Bratislava kentinde, 7-13 Nisan 2025 tarihlerinde d\u00fczenlenen Avrupa \u015eampiyonas\u0131\u2019nda serbest stilde madalyalar ve tak\u0131m halinde kupalar sahiplerini buldu. \u015eampiyonada Serbest G\u00fcre\u015f Milli Tak\u0131m\u0131, toplad\u0131\u011f\u0131 73 puanla birlikte tak\u0131m halinde Avrupa \u00fc\u00e7\u00fcnc\u00fcs\u00fc oldu. Tak\u0131m klasman\u0131nda Azerbaycan 119 puanla Avrupa \u015fampiyonu olurken, G\u00fcrcistan ise 114 puanla Avrupa ikincisi oldu.<br \/>\nMilli tak\u0131mda 86 kilogramda m\u00fccadele eden milli sporcu Osman G\u00f6\u00e7en ve 92 kilogramda m\u00fccadele eden Feyzullah Akt\u00fcrk bronz madalya ald\u0131.<br \/>\n(TK-S)<\/p>\n<p>10.04.2025<\/p>\n","protected":false},"excerpt":{"rendered":"<p>Avrupa \u015eampiyonas\u0131&#8217;nda Serbest G\u00fcre\u015f Milli Tak\u0131m\u0131, Avrupa \u00fc\u00e7\u00fcnc\u00fcs\u00fc oldu. Slovakya\u2019n\u0131n Bratislava kentinde, 7-13 Nisan 2025 tarihlerinde d\u00fczenlenen Avrupa \u015eampiyonas\u0131\u2019nda serbest stilde madalyalar ve tak\u0131m halinde kupalar sahiplerini buldu. \u015eampiyonada Serbest G\u00fcre\u015f Milli Tak\u0131m\u0131, toplad\u0131\u011f\u0131 73 puanla birlikte tak\u0131m halinde Avrupa \u00fc\u00e7\u00fcnc\u00fcs\u00fc oldu. Tak\u0131m klasman\u0131nda Azerbaycan 119 puanla Avrupa \u015fampiyonu olurken, G\u00fcrcistan ise 114 puanla Avrupa [&hellip;]<\/p>\n","protected":false},"author":1,"featured_media":5125,"comment_status":"open","ping_status":"open","sticky":false,"template":"","format":"standard","meta":{"footnotes":""},"categories":[57],"tags":[],"class_list":["post-5124","post","type-post","status-publish","format-standard","has-post-thumbnail","hentry","category-spor"],"yoast_head":"<!-- This site is optimized with the Yoast SEO plugin v27.4 - https:\/\/yoast.com\/product\/yoast-seo-wordpress\/ -->\n<title>Serbest G\u00fcre\u015f Milli Tak\u0131m\u0131, Avrupa \u00fc\u00e7\u00fcnc\u00fcs\u00fc - Memurun Sesi<\/title>\n<meta name=\"robots\" content=\"index, follow, max-snippet:-1, max-image-preview:large, max-video-preview:-1\" \/>\n<link rel=\"canonical\" href=\"https:\/\/memurunsesi.net\/index.php\/2025\/04\/10\/serbest-gures-milli-takimi-avrupa-ucuncusu\/\" \/>\n<meta property=\"og:locale\" content=\"tr_TR\" \/>\n<meta property=\"og:type\" content=\"article\" \/>\n<meta property=\"og:title\" content=\"Serbest G\u00fcre\u015f Milli Tak\u0131m\u0131, Avrupa \u00fc\u00e7\u00fcnc\u00fcs\u00fc - Memurun Sesi\" \/>\n<meta property=\"og:description\" content=\"Avrupa \u015eampiyonas\u0131&#8217;nda Serbest G\u00fcre\u015f Milli Tak\u0131m\u0131, Avrupa \u00fc\u00e7\u00fcnc\u00fcs\u00fc oldu. Slovakya\u2019n\u0131n Bratislava kentinde, 7-13 Nisan 2025 tarihlerinde d\u00fczenlenen Avrupa \u015eampiyonas\u0131\u2019nda serbest stilde madalyalar ve tak\u0131m halinde kupalar sahiplerini buldu. \u015eampiyonada Serbest G\u00fcre\u015f Milli Tak\u0131m\u0131, toplad\u0131\u011f\u0131 73 puanla birlikte tak\u0131m halinde Avrupa \u00fc\u00e7\u00fcnc\u00fcs\u00fc oldu. Tak\u0131m klasman\u0131nda Azerbaycan 119 puanla Avrupa \u015fampiyonu olurken, G\u00fcrcistan ise 114 puanla Avrupa [&hellip;]\" \/>\n<meta property=\"og:url\" content=\"https:\/\/memurunsesi.net\/index.php\/2025\/04\/10\/serbest-gures-milli-takimi-avrupa-ucuncusu\/\" \/>\n<meta property=\"og:site_name\" content=\"Memurun Sesi\" \/>\n<meta property=\"article:publisher\" content=\"https:\/\/www.facebook.com\/unipersen\/?locale=tr_TR\" \/>\n<meta property=\"article:published_time\" content=\"2025-04-10T04:55:50+00:00\" \/>\n<meta property=\"og:image\" content=\"https:\/\/memurunsesi.net\/wp-content\/uploads\/2025\/04\/AW429157_02-scaled.jpg\" \/>\n\t<meta property=\"og:image:width\" content=\"2560\" \/>\n\t<meta property=\"og:image:height\" content=\"1308\" \/>\n\t<meta property=\"og:image:type\" content=\"image\/jpeg\" \/>\n<meta name=\"author\" content=\"Memurun Sesi Haber Merkezi\" \/>\n<meta name=\"twitter:card\" content=\"summary_large_image\" \/>\n<meta name=\"twitter:creator\" content=\"@unipersen\" \/>\n<meta name=\"twitter:site\" content=\"@unipersen\" \/>\n<meta name=\"twitter:label1\" content=\"Yazan:\" \/>\n\t<meta name=\"twitter:data1\" content=\"Memurun Sesi Haber Merkezi\" \/>\n<script type=\"application\/ld+json\" class=\"yoast-schema-graph\">{\"@context\":\"https:\\\/\\\/schema.org\",\"@graph\":[{\"@type\":\"Article\",\"@id\":\"https:\\\/\\\/memurunsesi.net\\\/index.php\\\/2025\\\/04\\\/10\\\/serbest-gures-milli-takimi-avrupa-ucuncusu\\\/#article\",\"isPartOf\":{\"@id\":\"https:\\\/\\\/memurunsesi.net\\\/index.php\\\/2025\\\/04\\\/10\\\/serbest-gures-milli-takimi-avrupa-ucuncusu\\\/\"},\"author\":{\"name\":\"Memurun Sesi Haber Merkezi\",\"@id\":\"https:\\\/\\\/memurunsesi.net\\\/#\\\/schema\\\/person\\\/f21c2d73b89f6ee1d80b0a1803e38587\"},\"headline\":\"Serbest G\u00fcre\u015f Milli Tak\u0131m\u0131, Avrupa \u00fc\u00e7\u00fcnc\u00fcs\u00fc\",\"datePublished\":\"2025-04-10T04:55:50+00:00\",\"mainEntityOfPage\":{\"@id\":\"https:\\\/\\\/memurunsesi.net\\\/index.php\\\/2025\\\/04\\\/10\\\/serbest-gures-milli-takimi-avrupa-ucuncusu\\\/\"},\"wordCount\":102,\"commentCount\":0,\"publisher\":{\"@id\":\"https:\\\/\\\/memurunsesi.net\\\/#organization\"},\"image\":{\"@id\":\"https:\\\/\\\/memurunsesi.net\\\/index.php\\\/2025\\\/04\\\/10\\\/serbest-gures-milli-takimi-avrupa-ucuncusu\\\/#primaryimage\"},\"thumbnailUrl\":\"https:\\\/\\\/memurunsesi.net\\\/wp-content\\\/uploads\\\/2025\\\/04\\\/AW429157_02-scaled.jpg\",\"articleSection\":[\"Spor\"],\"inLanguage\":\"tr\",\"potentialAction\":[{\"@type\":\"CommentAction\",\"name\":\"Comment\",\"target\":[\"https:\\\/\\\/memurunsesi.net\\\/index.php\\\/2025\\\/04\\\/10\\\/serbest-gures-milli-takimi-avrupa-ucuncusu\\\/#respond\"]}]},{\"@type\":\"WebPage\",\"@id\":\"https:\\\/\\\/memurunsesi.net\\\/index.php\\\/2025\\\/04\\\/10\\\/serbest-gures-milli-takimi-avrupa-ucuncusu\\\/\",\"url\":\"https:\\\/\\\/memurunsesi.net\\\/index.php\\\/2025\\\/04\\\/10\\\/serbest-gures-milli-takimi-avrupa-ucuncusu\\\/\",\"name\":\"Serbest G\u00fcre\u015f Milli Tak\u0131m\u0131, Avrupa \u00fc\u00e7\u00fcnc\u00fcs\u00fc - Memurun Sesi\",\"isPartOf\":{\"@id\":\"https:\\\/\\\/memurunsesi.net\\\/#website\"},\"primaryImageOfPage\":{\"@id\":\"https:\\\/\\\/memurunsesi.net\\\/index.php\\\/2025\\\/04\\\/10\\\/serbest-gures-milli-takimi-avrupa-ucuncusu\\\/#primaryimage\"},\"image\":{\"@id\":\"https:\\\/\\\/memurunsesi.net\\\/index.php\\\/2025\\\/04\\\/10\\\/serbest-gures-milli-takimi-avrupa-ucuncusu\\\/#primaryimage\"},\"thumbnailUrl\":\"https:\\\/\\\/memurunsesi.net\\\/wp-content\\\/uploads\\\/2025\\\/04\\\/AW429157_02-scaled.jpg\",\"datePublished\":\"2025-04-10T04:55:50+00:00\",\"breadcrumb\":{\"@id\":\"https:\\\/\\\/memurunsesi.net\\\/index.php\\\/2025\\\/04\\\/10\\\/serbest-gures-milli-takimi-avrupa-ucuncusu\\\/#breadcrumb\"},\"inLanguage\":\"tr\",\"potentialAction\":[{\"@type\":\"ReadAction\",\"target\":[\"https:\\\/\\\/memurunsesi.net\\\/index.php\\\/2025\\\/04\\\/10\\\/serbest-gures-milli-takimi-avrupa-ucuncusu\\\/\"]}]},{\"@type\":\"ImageObject\",\"inLanguage\":\"tr\",\"@id\":\"https:\\\/\\\/memurunsesi.net\\\/index.php\\\/2025\\\/04\\\/10\\\/serbest-gures-milli-takimi-avrupa-ucuncusu\\\/#primaryimage\",\"url\":\"https:\\\/\\\/memurunsesi.net\\\/wp-content\\\/uploads\\\/2025\\\/04\\\/AW429157_02-scaled.jpg\",\"contentUrl\":\"https:\\\/\\\/memurunsesi.net\\\/wp-content\\\/uploads\\\/2025\\\/04\\\/AW429157_02-scaled.jpg\",\"width\":2560,\"height\":1308,\"caption\":\"AVRUPA \u015eAMP\u0130YONASI'NDA SERBEST G\u00dcRE\u015e M\u0130LL\u0130 TAKIMI, AVRUPA \u00dc\u00c7\u00dcNC\u00dcS\u00dc OLDU. (\u0130HA\\\/\u0130STANBUL-\u0130HA) Avrupa \u015eampiyonas\u0131'nda Serbest G\u00fcre\u015f Milli Tak\u0131m\u0131, Avrupa \u00fc\u00e7\u00fcnc\u00fcs\u00fc oldu.\"},{\"@type\":\"BreadcrumbList\",\"@id\":\"https:\\\/\\\/memurunsesi.net\\\/index.php\\\/2025\\\/04\\\/10\\\/serbest-gures-milli-takimi-avrupa-ucuncusu\\\/#breadcrumb\",\"itemListElement\":[{\"@type\":\"ListItem\",\"position\":1,\"name\":\"Anasayfa\",\"item\":\"https:\\\/\\\/memurunsesi.net\\\/\"},{\"@type\":\"ListItem\",\"position\":2,\"name\":\"Serbest G\u00fcre\u015f Milli Tak\u0131m\u0131, Avrupa \u00fc\u00e7\u00fcnc\u00fcs\u00fc\"}]},{\"@type\":\"WebSite\",\"@id\":\"https:\\\/\\\/memurunsesi.net\\\/#website\",\"url\":\"https:\\\/\\\/memurunsesi.net\\\/\",\"name\":\"Memurun Sesi\",\"description\":\"G\u00fcncel ve Do\u011fru Haber\",\"publisher\":{\"@id\":\"https:\\\/\\\/memurunsesi.net\\\/#organization\"},\"potentialAction\":[{\"@type\":\"SearchAction\",\"target\":{\"@type\":\"EntryPoint\",\"urlTemplate\":\"https:\\\/\\\/memurunsesi.net\\\/?s={search_term_string}\"},\"query-input\":{\"@type\":\"PropertyValueSpecification\",\"valueRequired\":true,\"valueName\":\"search_term_string\"}}],\"inLanguage\":\"tr\"},{\"@type\":\"Organization\",\"@id\":\"https:\\\/\\\/memurunsesi.net\\\/#organization\",\"name\":\"Memurun Sesi\",\"url\":\"https:\\\/\\\/memurunsesi.net\\\/\",\"logo\":{\"@type\":\"ImageObject\",\"inLanguage\":\"tr\",\"@id\":\"https:\\\/\\\/memurunsesi.net\\\/#\\\/schema\\\/logo\\\/image\\\/\",\"url\":\"https:\\\/\\\/memurunsesi.net\\\/wp-content\\\/uploads\\\/2025\\\/11\\\/cropped-MEMURUN-SESI.png\",\"contentUrl\":\"https:\\\/\\\/memurunsesi.net\\\/wp-content\\\/uploads\\\/2025\\\/11\\\/cropped-MEMURUN-SESI.png\",\"width\":238,\"height\":57,\"caption\":\"Memurun Sesi\"},\"image\":{\"@id\":\"https:\\\/\\\/memurunsesi.net\\\/#\\\/schema\\\/logo\\\/image\\\/\"},\"sameAs\":[\"https:\\\/\\\/www.facebook.com\\\/unipersen\\\/?locale=tr_TR\",\"https:\\\/\\\/x.com\\\/unipersen\"]},{\"@type\":\"Person\",\"@id\":\"https:\\\/\\\/memurunsesi.net\\\/#\\\/schema\\\/person\\\/f21c2d73b89f6ee1d80b0a1803e38587\",\"name\":\"Memurun Sesi Haber Merkezi\",\"image\":{\"@type\":\"ImageObject\",\"inLanguage\":\"tr\",\"@id\":\"https:\\\/\\\/secure.gravatar.com\\\/avatar\\\/6cf0505f452ee753f485014986fab09a434671d2b919ee76fc541025c5876a70?s=96&d=mm&r=g\",\"url\":\"https:\\\/\\\/secure.gravatar.com\\\/avatar\\\/6cf0505f452ee753f485014986fab09a434671d2b919ee76fc541025c5876a70?s=96&d=mm&r=g\",\"contentUrl\":\"https:\\\/\\\/secure.gravatar.com\\\/avatar\\\/6cf0505f452ee753f485014986fab09a434671d2b919ee76fc541025c5876a70?s=96&d=mm&r=g\",\"caption\":\"Memurun Sesi Haber Merkezi\"},\"sameAs\":[\"https:\\\/\\\/memurunsesi.net\"],\"url\":\"https:\\\/\\\/memurunsesi.net\\\/index.php\\\/author\\\/uniper\\\/\"}]}<\/script>\n<!-- \/ Yoast SEO plugin. -->","yoast_head_json":{"title":"Serbest G\u00fcre\u015f Milli Tak\u0131m\u0131, Avrupa \u00fc\u00e7\u00fcnc\u00fcs\u00fc - Memurun Sesi","robots":{"index":"index","follow":"follow","max-snippet":"max-snippet:-1","max-image-preview":"max-image-preview:large","max-video-preview":"max-video-preview:-1"},"canonical":"https:\/\/memurunsesi.net\/index.php\/2025\/04\/10\/serbest-gures-milli-takimi-avrupa-ucuncusu\/","og_locale":"tr_TR","og_type":"article","og_title":"Serbest G\u00fcre\u015f Milli Tak\u0131m\u0131, Avrupa \u00fc\u00e7\u00fcnc\u00fcs\u00fc - Memurun Sesi","og_description":"Avrupa \u015eampiyonas\u0131&#8217;nda Serbest G\u00fcre\u015f Milli Tak\u0131m\u0131, Avrupa \u00fc\u00e7\u00fcnc\u00fcs\u00fc oldu. Slovakya\u2019n\u0131n Bratislava kentinde, 7-13 Nisan 2025 tarihlerinde d\u00fczenlenen Avrupa \u015eampiyonas\u0131\u2019nda serbest stilde madalyalar ve tak\u0131m halinde kupalar sahiplerini buldu. \u015eampiyonada Serbest G\u00fcre\u015f Milli Tak\u0131m\u0131, toplad\u0131\u011f\u0131 73 puanla birlikte tak\u0131m halinde Avrupa \u00fc\u00e7\u00fcnc\u00fcs\u00fc oldu. Tak\u0131m klasman\u0131nda Azerbaycan 119 puanla Avrupa \u015fampiyonu olurken, G\u00fcrcistan ise 114 puanla Avrupa [&hellip;]","og_url":"https:\/\/memurunsesi.net\/index.php\/2025\/04\/10\/serbest-gures-milli-takimi-avrupa-ucuncusu\/","og_site_name":"Memurun Sesi","article_publisher":"https:\/\/www.facebook.com\/unipersen\/?locale=tr_TR","article_published_time":"2025-04-10T04:55:50+00:00","og_image":[{"width":2560,"height":1308,"url":"https:\/\/memurunsesi.net\/wp-content\/uploads\/2025\/04\/AW429157_02-scaled.jpg","type":"image\/jpeg"}],"author":"Memurun Sesi Haber Merkezi","twitter_card":"summary_large_image","twitter_creator":"@unipersen","twitter_site":"@unipersen","twitter_misc":{"Yazan:":"Memurun Sesi Haber Merkezi"},"schema":{"@context":"https:\/\/schema.org","@graph":[{"@type":"Article","@id":"https:\/\/memurunsesi.net\/index.php\/2025\/04\/10\/serbest-gures-milli-takimi-avrupa-ucuncusu\/#article","isPartOf":{"@id":"https:\/\/memurunsesi.net\/index.php\/2025\/04\/10\/serbest-gures-milli-takimi-avrupa-ucuncusu\/"},"author":{"name":"Memurun Sesi Haber Merkezi","@id":"https:\/\/memurunsesi.net\/#\/schema\/person\/f21c2d73b89f6ee1d80b0a1803e38587"},"headline":"Serbest G\u00fcre\u015f Milli Tak\u0131m\u0131, Avrupa \u00fc\u00e7\u00fcnc\u00fcs\u00fc","datePublished":"2025-04-10T04:55:50+00:00","mainEntityOfPage":{"@id":"https:\/\/memurunsesi.net\/index.php\/2025\/04\/10\/serbest-gures-milli-takimi-avrupa-ucuncusu\/"},"wordCount":102,"commentCount":0,"publisher":{"@id":"https:\/\/memurunsesi.net\/#organization"},"image":{"@id":"https:\/\/memurunsesi.net\/index.php\/2025\/04\/10\/serbest-gures-milli-takimi-avrupa-ucuncusu\/#primaryimage"},"thumbnailUrl":"https:\/\/memurunsesi.net\/wp-content\/uploads\/2025\/04\/AW429157_02-scaled.jpg","articleSection":["Spor"],"inLanguage":"tr","potentialAction":[{"@type":"CommentAction","name":"Comment","target":["https:\/\/memurunsesi.net\/index.php\/2025\/04\/10\/serbest-gures-milli-takimi-avrupa-ucuncusu\/#respond"]}]},{"@type":"WebPage","@id":"https:\/\/memurunsesi.net\/index.php\/2025\/04\/10\/serbest-gures-milli-takimi-avrupa-ucuncusu\/","url":"https:\/\/memurunsesi.net\/index.php\/2025\/04\/10\/serbest-gures-milli-takimi-avrupa-ucuncusu\/","name":"Serbest G\u00fcre\u015f Milli Tak\u0131m\u0131, Avrupa \u00fc\u00e7\u00fcnc\u00fcs\u00fc - Memurun Sesi","isPartOf":{"@id":"https:\/\/memurunsesi.net\/#website"},"primaryImageOfPage":{"@id":"https:\/\/memurunsesi.net\/index.php\/2025\/04\/10\/serbest-gures-milli-takimi-avrupa-ucuncusu\/#primaryimage"},"image":{"@id":"https:\/\/memurunsesi.net\/index.php\/2025\/04\/10\/serbest-gures-milli-takimi-avrupa-ucuncusu\/#primaryimage"},"thumbnailUrl":"https:\/\/memurunsesi.net\/wp-content\/uploads\/2025\/04\/AW429157_02-scaled.jpg","datePublished":"2025-04-10T04:55:50+00:00","breadcrumb":{"@id":"https:\/\/memurunsesi.net\/index.php\/2025\/04\/10\/serbest-gures-milli-takimi-avrupa-ucuncusu\/#breadcrumb"},"inLanguage":"tr","potentialAction":[{"@type":"ReadAction","target":["https:\/\/memurunsesi.net\/index.php\/2025\/04\/10\/serbest-gures-milli-takimi-avrupa-ucuncusu\/"]}]},{"@type":"ImageObject","inLanguage":"tr","@id":"https:\/\/memurunsesi.net\/index.php\/2025\/04\/10\/serbest-gures-milli-takimi-avrupa-ucuncusu\/#primaryimage","url":"https:\/\/memurunsesi.net\/wp-content\/uploads\/2025\/04\/AW429157_02-scaled.jpg","contentUrl":"https:\/\/memurunsesi.net\/wp-content\/uploads\/2025\/04\/AW429157_02-scaled.jpg","width":2560,"height":1308,"caption":"AVRUPA \u015eAMP\u0130YONASI'NDA SERBEST G\u00dcRE\u015e M\u0130LL\u0130 TAKIMI, AVRUPA \u00dc\u00c7\u00dcNC\u00dcS\u00dc OLDU. (\u0130HA\/\u0130STANBUL-\u0130HA) Avrupa \u015eampiyonas\u0131'nda Serbest G\u00fcre\u015f Milli Tak\u0131m\u0131, Avrupa \u00fc\u00e7\u00fcnc\u00fcs\u00fc oldu."},{"@type":"BreadcrumbList","@id":"https:\/\/memurunsesi.net\/index.php\/2025\/04\/10\/serbest-gures-milli-takimi-avrupa-ucuncusu\/#breadcrumb","itemListElement":[{"@type":"ListItem","position":1,"name":"Anasayfa","item":"https:\/\/memurunsesi.net\/"},{"@type":"ListItem","position":2,"name":"Serbest G\u00fcre\u015f Milli Tak\u0131m\u0131, Avrupa \u00fc\u00e7\u00fcnc\u00fcs\u00fc"}]},{"@type":"WebSite","@id":"https:\/\/memurunsesi.net\/#website","url":"https:\/\/memurunsesi.net\/","name":"Memurun Sesi","description":"G\u00fcncel ve Do\u011fru Haber","publisher":{"@id":"https:\/\/memurunsesi.net\/#organization"},"potentialAction":[{"@type":"SearchAction","target":{"@type":"EntryPoint","urlTemplate":"https:\/\/memurunsesi.net\/?s={search_term_string}"},"query-input":{"@type":"PropertyValueSpecification","valueRequired":true,"valueName":"search_term_string"}}],"inLanguage":"tr"},{"@type":"Organization","@id":"https:\/\/memurunsesi.net\/#organization","name":"Memurun Sesi","url":"https:\/\/memurunsesi.net\/","logo":{"@type":"ImageObject","inLanguage":"tr","@id":"https:\/\/memurunsesi.net\/#\/schema\/logo\/image\/","url":"https:\/\/memurunsesi.net\/wp-content\/uploads\/2025\/11\/cropped-MEMURUN-SESI.png","contentUrl":"https:\/\/memurunsesi.net\/wp-content\/uploads\/2025\/11\/cropped-MEMURUN-SESI.png","width":238,"height":57,"caption":"Memurun Sesi"},"image":{"@id":"https:\/\/memurunsesi.net\/#\/schema\/logo\/image\/"},"sameAs":["https:\/\/www.facebook.com\/unipersen\/?locale=tr_TR","https:\/\/x.com\/unipersen"]},{"@type":"Person","@id":"https:\/\/memurunsesi.net\/#\/schema\/person\/f21c2d73b89f6ee1d80b0a1803e38587","name":"Memurun Sesi Haber Merkezi","image":{"@type":"ImageObject","inLanguage":"tr","@id":"https:\/\/secure.gravatar.com\/avatar\/6cf0505f452ee753f485014986fab09a434671d2b919ee76fc541025c5876a70?s=96&d=mm&r=g","url":"https:\/\/secure.gravatar.com\/avatar\/6cf0505f452ee753f485014986fab09a434671d2b919ee76fc541025c5876a70?s=96&d=mm&r=g","contentUrl":"https:\/\/secure.gravatar.com\/avatar\/6cf0505f452ee753f485014986fab09a434671d2b919ee76fc541025c5876a70?s=96&d=mm&r=g","caption":"Memurun Sesi Haber Merkezi"},"sameAs":["https:\/\/memurunsesi.net"],"url":"https:\/\/memurunsesi.net\/index.php\/author\/uniper\/"}]}},"_links":{"self":[{"href":"https:\/\/memurunsesi.net\/index.php\/wp-json\/wp\/v2\/posts\/5124","targetHints":{"allow":["GET"]}}],"collection":[{"href":"https:\/\/memurunsesi.net\/index.php\/wp-json\/wp\/v2\/posts"}],"about":[{"href":"https:\/\/memurunsesi.net\/index.php\/wp-json\/wp\/v2\/types\/post"}],"author":[{"embeddable":true,"href":"https:\/\/memurunsesi.net\/index.php\/wp-json\/wp\/v2\/users\/1"}],"replies":[{"embeddable":true,"href":"https:\/\/memurunsesi.net\/index.php\/wp-json\/wp\/v2\/comments?post=5124"}],"version-history":[{"count":1,"href":"https:\/\/memurunsesi.net\/index.php\/wp-json\/wp\/v2\/posts\/5124\/revisions"}],"predecessor-version":[{"id":5126,"href":"https:\/\/memurunsesi.net\/index.php\/wp-json\/wp\/v2\/posts\/5124\/revisions\/5126"}],"wp:featuredmedia":[{"embeddable":true,"href":"https:\/\/memurunsesi.net\/index.php\/wp-json\/wp\/v2\/media\/5125"}],"wp:attachment":[{"href":"https:\/\/memurunsesi.net\/index.php\/wp-json\/wp\/v2\/media?parent=5124"}],"wp:term":[{"taxonomy":"category","embeddable":true,"href":"https:\/\/memurunsesi.net\/index.php\/wp-json\/wp\/v2\/categories?post=5124"},{"taxonomy":"post_tag","embeddable":true,"href":"https:\/\/memurunsesi.net\/index.php\/wp-json\/wp\/v2\/tags?post=5124"}],"curies":[{"name":"wp","href":"https:\/\/api.w.org\/{rel}","templated":true}]}}