{"id":5127,"date":"2025-04-11T19:43:41","date_gmt":"2025-04-11T16:43:41","guid":{"rendered":"https:\/\/memurunsesi.net\/?p=5127"},"modified":"2025-04-11T19:43:41","modified_gmt":"2025-04-11T16:43:41","slug":"kilis-7-aralik-universitesinde-devir-teslim-toreni-yapildi","status":"publish","type":"post","link":"https:\/\/memurunsesi.net\/index.php\/2025\/04\/11\/kilis-7-aralik-universitesinde-devir-teslim-toreni-yapildi\/","title":{"rendered":"Kilis 7 Aral\u0131k \u00dcniversitesi&#8217;nde devir teslim t\u00f6reni yap\u0131ld\u0131"},"content":{"rendered":"<p>Kilis 7 Aral\u0131k \u00dcniversitesi Rekt\u00f6rl\u00fc\u011f\u00fcne atanan Prof. Dr. Zekeriya Akman, d\u00fczenlenen devir teslim t\u00f6reniyle g\u00f6revine ba\u015flad\u0131.<br \/>\nKilis 7 Aral\u0131k \u00dcniversitesi\u2019nde rekt\u00f6rl\u00fck devir teslim t\u00f6reni ger\u00e7ekle\u015ftirildi. Cumhurba\u015fkanl\u0131\u011f\u0131 kararnamesiyle 9 Nisan\u2019da \u00fcniversite rekt\u00f6rl\u00fc\u011f\u00fcne atanan Prof. Dr. Zekeriya Akman, g\u00f6revi Prof. Dr. Mustafa Do\u011fan Karaco\u015fkun\u2019dan devrald\u0131.<br \/>\nRekt\u00f6rl\u00fck makam\u0131nda d\u00fczenlenen t\u00f6rende konu\u015fan Karaco\u015fkun, g\u00f6rev s\u00fcresi boyunca \u00fcniversitenin hem fiziki hem de akademik anlamda geli\u015fmesi i\u00e7in yo\u011fun \u00e7aba g\u00f6sterildi\u011fini belirtti. Bu s\u00fcre\u00e7te kendisine destek olan rekt\u00f6r yard\u0131mc\u0131lar\u0131na, akademik ve idari personele te\u015fekk\u00fcr eden Karaco\u015fkun, Prof. Dr. Akman\u2019\u0131n ba\u015far\u0131l\u0131 \u00e7al\u0131\u015fmalara imza ataca\u011f\u0131na inand\u0131\u011f\u0131n\u0131 vurgulad\u0131.<br \/>\nYeni rekt\u00f6r Prof. Dr. Zekeriya Akman ise kendisini bu g\u00f6reve lay\u0131k g\u00f6ren Cumhurba\u015fkan\u0131 Recep Tayyip Erdo\u011fan\u2019a ve Y\u00d6K Ba\u015fkan\u0131 Prof. Dr. Erol \u00d6zvar\u2019a te\u015fekk\u00fcr ederek ba\u015flad\u0131\u011f\u0131 konu\u015fmas\u0131nda, \u00fcniversitenin bilimsel, akademik ve k\u00fclt\u00fcrel alanlarda daha ileriye ta\u015f\u0131nmas\u0131 i\u00e7in gayret g\u00f6stereceklerini s\u00f6yledi. Ayr\u0131ca \u015fehir \u00fcniversite i\u015f birli\u011fini g\u00fc\u00e7lendirerek \u00fcniversitenin sosyal ve k\u00fclt\u00fcrel hayatta da \u00f6nc\u00fc bir rol \u00fcstlenmesini hedeflediklerini belirtti. T\u00f6ren, \u00e7i\u00e7ek takdimiyle sona erdi.<\/p>\n<p>11.04.2025<\/p>\n","protected":false},"excerpt":{"rendered":"<p>Kilis 7 Aral\u0131k \u00dcniversitesi Rekt\u00f6rl\u00fc\u011f\u00fcne atanan Prof. Dr. Zekeriya Akman, d\u00fczenlenen devir teslim t\u00f6reniyle g\u00f6revine ba\u015flad\u0131. Kilis 7 Aral\u0131k \u00dcniversitesi\u2019nde rekt\u00f6rl\u00fck devir teslim t\u00f6reni ger\u00e7ekle\u015ftirildi. Cumhurba\u015fkanl\u0131\u011f\u0131 kararnamesiyle 9 Nisan\u2019da \u00fcniversite rekt\u00f6rl\u00fc\u011f\u00fcne atanan Prof. Dr. Zekeriya Akman, g\u00f6revi Prof. Dr. Mustafa Do\u011fan Karaco\u015fkun\u2019dan devrald\u0131. Rekt\u00f6rl\u00fck makam\u0131nda d\u00fczenlenen t\u00f6rende konu\u015fan Karaco\u015fkun, g\u00f6rev s\u00fcresi boyunca \u00fcniversitenin hem fiziki [&hellip;]<\/p>\n","protected":false},"author":1,"featured_media":5128,"comment_status":"open","ping_status":"open","sticky":false,"template":"","format":"standard","meta":{"footnotes":""},"categories":[47],"tags":[],"class_list":["post-5127","post","type-post","status-publish","format-standard","has-post-thumbnail","hentry","category-universiteden-haberler"],"yoast_head":"<!-- This site is optimized with the Yoast SEO plugin v27.4 - https:\/\/yoast.com\/product\/yoast-seo-wordpress\/ -->\n<title>Kilis 7 Aral\u0131k \u00dcniversitesi&#039;nde devir teslim t\u00f6reni yap\u0131ld\u0131 - Memurun Sesi<\/title>\n<meta name=\"robots\" content=\"index, follow, max-snippet:-1, max-image-preview:large, max-video-preview:-1\" \/>\n<link rel=\"canonical\" href=\"https:\/\/memurunsesi.net\/index.php\/2025\/04\/11\/kilis-7-aralik-universitesinde-devir-teslim-toreni-yapildi\/\" \/>\n<meta property=\"og:locale\" content=\"tr_TR\" \/>\n<meta property=\"og:type\" content=\"article\" \/>\n<meta property=\"og:title\" content=\"Kilis 7 Aral\u0131k \u00dcniversitesi&#039;nde devir teslim t\u00f6reni yap\u0131ld\u0131 - Memurun Sesi\" \/>\n<meta property=\"og:description\" content=\"Kilis 7 Aral\u0131k \u00dcniversitesi Rekt\u00f6rl\u00fc\u011f\u00fcne atanan Prof. Dr. Zekeriya Akman, d\u00fczenlenen devir teslim t\u00f6reniyle g\u00f6revine ba\u015flad\u0131. Kilis 7 Aral\u0131k \u00dcniversitesi\u2019nde rekt\u00f6rl\u00fck devir teslim t\u00f6reni ger\u00e7ekle\u015ftirildi. Cumhurba\u015fkanl\u0131\u011f\u0131 kararnamesiyle 9 Nisan\u2019da \u00fcniversite rekt\u00f6rl\u00fc\u011f\u00fcne atanan Prof. Dr. Zekeriya Akman, g\u00f6revi Prof. Dr. Mustafa Do\u011fan Karaco\u015fkun\u2019dan devrald\u0131. Rekt\u00f6rl\u00fck makam\u0131nda d\u00fczenlenen t\u00f6rende konu\u015fan Karaco\u015fkun, g\u00f6rev s\u00fcresi boyunca \u00fcniversitenin hem fiziki [&hellip;]\" \/>\n<meta property=\"og:url\" content=\"https:\/\/memurunsesi.net\/index.php\/2025\/04\/11\/kilis-7-aralik-universitesinde-devir-teslim-toreni-yapildi\/\" \/>\n<meta property=\"og:site_name\" content=\"Memurun Sesi\" \/>\n<meta property=\"article:publisher\" content=\"https:\/\/www.facebook.com\/unipersen\/?locale=tr_TR\" \/>\n<meta property=\"article:published_time\" content=\"2025-04-11T16:43:41+00:00\" \/>\n<meta property=\"og:image\" content=\"https:\/\/memurunsesi.net\/wp-content\/uploads\/2025\/04\/AW430787_01.jpg\" \/>\n\t<meta property=\"og:image:width\" content=\"1600\" \/>\n\t<meta property=\"og:image:height\" content=\"1015\" \/>\n\t<meta property=\"og:image:type\" content=\"image\/jpeg\" \/>\n<meta name=\"author\" content=\"Memurun Sesi Haber Merkezi\" \/>\n<meta name=\"twitter:card\" content=\"summary_large_image\" \/>\n<meta name=\"twitter:creator\" content=\"@unipersen\" \/>\n<meta name=\"twitter:site\" content=\"@unipersen\" \/>\n<meta name=\"twitter:label1\" content=\"Yazan:\" \/>\n\t<meta name=\"twitter:data1\" content=\"Memurun Sesi Haber Merkezi\" \/>\n\t<meta name=\"twitter:label2\" content=\"Tahmini okuma s\u00fcresi\" \/>\n\t<meta name=\"twitter:data2\" content=\"1 dakika\" \/>\n<script type=\"application\/ld+json\" class=\"yoast-schema-graph\">{\"@context\":\"https:\\\/\\\/schema.org\",\"@graph\":[{\"@type\":\"Article\",\"@id\":\"https:\\\/\\\/memurunsesi.net\\\/index.php\\\/2025\\\/04\\\/11\\\/kilis-7-aralik-universitesinde-devir-teslim-toreni-yapildi\\\/#article\",\"isPartOf\":{\"@id\":\"https:\\\/\\\/memurunsesi.net\\\/index.php\\\/2025\\\/04\\\/11\\\/kilis-7-aralik-universitesinde-devir-teslim-toreni-yapildi\\\/\"},\"author\":{\"name\":\"Memurun Sesi Haber Merkezi\",\"@id\":\"https:\\\/\\\/memurunsesi.net\\\/#\\\/schema\\\/person\\\/f21c2d73b89f6ee1d80b0a1803e38587\"},\"headline\":\"Kilis 7 Aral\u0131k \u00dcniversitesi&#8217;nde devir teslim t\u00f6reni yap\u0131ld\u0131\",\"datePublished\":\"2025-04-11T16:43:41+00:00\",\"mainEntityOfPage\":{\"@id\":\"https:\\\/\\\/memurunsesi.net\\\/index.php\\\/2025\\\/04\\\/11\\\/kilis-7-aralik-universitesinde-devir-teslim-toreni-yapildi\\\/\"},\"wordCount\":238,\"commentCount\":0,\"publisher\":{\"@id\":\"https:\\\/\\\/memurunsesi.net\\\/#organization\"},\"image\":{\"@id\":\"https:\\\/\\\/memurunsesi.net\\\/index.php\\\/2025\\\/04\\\/11\\\/kilis-7-aralik-universitesinde-devir-teslim-toreni-yapildi\\\/#primaryimage\"},\"thumbnailUrl\":\"https:\\\/\\\/memurunsesi.net\\\/wp-content\\\/uploads\\\/2025\\\/04\\\/AW430787_01.jpg\",\"articleSection\":[\"\u00dcniversiteden Haberler\"],\"inLanguage\":\"tr\",\"potentialAction\":[{\"@type\":\"CommentAction\",\"name\":\"Comment\",\"target\":[\"https:\\\/\\\/memurunsesi.net\\\/index.php\\\/2025\\\/04\\\/11\\\/kilis-7-aralik-universitesinde-devir-teslim-toreni-yapildi\\\/#respond\"]}]},{\"@type\":\"WebPage\",\"@id\":\"https:\\\/\\\/memurunsesi.net\\\/index.php\\\/2025\\\/04\\\/11\\\/kilis-7-aralik-universitesinde-devir-teslim-toreni-yapildi\\\/\",\"url\":\"https:\\\/\\\/memurunsesi.net\\\/index.php\\\/2025\\\/04\\\/11\\\/kilis-7-aralik-universitesinde-devir-teslim-toreni-yapildi\\\/\",\"name\":\"Kilis 7 Aral\u0131k \u00dcniversitesi'nde devir teslim t\u00f6reni yap\u0131ld\u0131 - Memurun Sesi\",\"isPartOf\":{\"@id\":\"https:\\\/\\\/memurunsesi.net\\\/#website\"},\"primaryImageOfPage\":{\"@id\":\"https:\\\/\\\/memurunsesi.net\\\/index.php\\\/2025\\\/04\\\/11\\\/kilis-7-aralik-universitesinde-devir-teslim-toreni-yapildi\\\/#primaryimage\"},\"image\":{\"@id\":\"https:\\\/\\\/memurunsesi.net\\\/index.php\\\/2025\\\/04\\\/11\\\/kilis-7-aralik-universitesinde-devir-teslim-toreni-yapildi\\\/#primaryimage\"},\"thumbnailUrl\":\"https:\\\/\\\/memurunsesi.net\\\/wp-content\\\/uploads\\\/2025\\\/04\\\/AW430787_01.jpg\",\"datePublished\":\"2025-04-11T16:43:41+00:00\",\"breadcrumb\":{\"@id\":\"https:\\\/\\\/memurunsesi.net\\\/index.php\\\/2025\\\/04\\\/11\\\/kilis-7-aralik-universitesinde-devir-teslim-toreni-yapildi\\\/#breadcrumb\"},\"inLanguage\":\"tr\",\"potentialAction\":[{\"@type\":\"ReadAction\",\"target\":[\"https:\\\/\\\/memurunsesi.net\\\/index.php\\\/2025\\\/04\\\/11\\\/kilis-7-aralik-universitesinde-devir-teslim-toreni-yapildi\\\/\"]}]},{\"@type\":\"ImageObject\",\"inLanguage\":\"tr\",\"@id\":\"https:\\\/\\\/memurunsesi.net\\\/index.php\\\/2025\\\/04\\\/11\\\/kilis-7-aralik-universitesinde-devir-teslim-toreni-yapildi\\\/#primaryimage\",\"url\":\"https:\\\/\\\/memurunsesi.net\\\/wp-content\\\/uploads\\\/2025\\\/04\\\/AW430787_01.jpg\",\"contentUrl\":\"https:\\\/\\\/memurunsesi.net\\\/wp-content\\\/uploads\\\/2025\\\/04\\\/AW430787_01.jpg\",\"width\":1600,\"height\":1015,\"caption\":\"CUMHURBA\u015eKANI RECEP TAYY\u0130P ERDO\u011eAN'IN 9 N\u0130SAN TAR\u0130HL\u0130 KARARNAMES\u0130YLE K\u0130L\u0130S 7 ARALIK \u00dcN\u0130VERS\u0130TES\u0130 REKT\u00d6RL\u00dc\u011e\u00dcNE ATANAN PROF. DR. ZEKER\u0130YA AKMAN, D\u00dcZENLENEN T\u00d6RENLE G\u00d6REV\u0130NE BA\u015eLADI. (MUHAMMED YAS\u0130N PA\u015eA\\\/K\u0130L\u0130S-\u0130HA) Kilis 7 Aral\u0131k \u00dcniversitesi Rekt\u00f6rl\u00fc\u011f\u00fcne atanan Prof. Dr. Zekeriya Akman, d\u00fczenlenen devir teslim t\u00f6reniyle g\u00f6revine ba\u015flad\u0131.\"},{\"@type\":\"BreadcrumbList\",\"@id\":\"https:\\\/\\\/memurunsesi.net\\\/index.php\\\/2025\\\/04\\\/11\\\/kilis-7-aralik-universitesinde-devir-teslim-toreni-yapildi\\\/#breadcrumb\",\"itemListElement\":[{\"@type\":\"ListItem\",\"position\":1,\"name\":\"Anasayfa\",\"item\":\"https:\\\/\\\/memurunsesi.net\\\/\"},{\"@type\":\"ListItem\",\"position\":2,\"name\":\"Kilis 7 Aral\u0131k \u00dcniversitesi&#8217;nde devir teslim t\u00f6reni yap\u0131ld\u0131\"}]},{\"@type\":\"WebSite\",\"@id\":\"https:\\\/\\\/memurunsesi.net\\\/#website\",\"url\":\"https:\\\/\\\/memurunsesi.net\\\/\",\"name\":\"Memurun Sesi\",\"description\":\"G\u00fcncel ve Do\u011fru Haber\",\"publisher\":{\"@id\":\"https:\\\/\\\/memurunsesi.net\\\/#organization\"},\"potentialAction\":[{\"@type\":\"SearchAction\",\"target\":{\"@type\":\"EntryPoint\",\"urlTemplate\":\"https:\\\/\\\/memurunsesi.net\\\/?s={search_term_string}\"},\"query-input\":{\"@type\":\"PropertyValueSpecification\",\"valueRequired\":true,\"valueName\":\"search_term_string\"}}],\"inLanguage\":\"tr\"},{\"@type\":\"Organization\",\"@id\":\"https:\\\/\\\/memurunsesi.net\\\/#organization\",\"name\":\"Memurun Sesi\",\"url\":\"https:\\\/\\\/memurunsesi.net\\\/\",\"logo\":{\"@type\":\"ImageObject\",\"inLanguage\":\"tr\",\"@id\":\"https:\\\/\\\/memurunsesi.net\\\/#\\\/schema\\\/logo\\\/image\\\/\",\"url\":\"https:\\\/\\\/memurunsesi.net\\\/wp-content\\\/uploads\\\/2025\\\/11\\\/cropped-MEMURUN-SESI.png\",\"contentUrl\":\"https:\\\/\\\/memurunsesi.net\\\/wp-content\\\/uploads\\\/2025\\\/11\\\/cropped-MEMURUN-SESI.png\",\"width\":238,\"height\":57,\"caption\":\"Memurun Sesi\"},\"image\":{\"@id\":\"https:\\\/\\\/memurunsesi.net\\\/#\\\/schema\\\/logo\\\/image\\\/\"},\"sameAs\":[\"https:\\\/\\\/www.facebook.com\\\/unipersen\\\/?locale=tr_TR\",\"https:\\\/\\\/x.com\\\/unipersen\"]},{\"@type\":\"Person\",\"@id\":\"https:\\\/\\\/memurunsesi.net\\\/#\\\/schema\\\/person\\\/f21c2d73b89f6ee1d80b0a1803e38587\",\"name\":\"Memurun Sesi Haber Merkezi\",\"image\":{\"@type\":\"ImageObject\",\"inLanguage\":\"tr\",\"@id\":\"https:\\\/\\\/secure.gravatar.com\\\/avatar\\\/6cf0505f452ee753f485014986fab09a434671d2b919ee76fc541025c5876a70?s=96&d=mm&r=g\",\"url\":\"https:\\\/\\\/secure.gravatar.com\\\/avatar\\\/6cf0505f452ee753f485014986fab09a434671d2b919ee76fc541025c5876a70?s=96&d=mm&r=g\",\"contentUrl\":\"https:\\\/\\\/secure.gravatar.com\\\/avatar\\\/6cf0505f452ee753f485014986fab09a434671d2b919ee76fc541025c5876a70?s=96&d=mm&r=g\",\"caption\":\"Memurun Sesi Haber Merkezi\"},\"sameAs\":[\"https:\\\/\\\/memurunsesi.net\"],\"url\":\"https:\\\/\\\/memurunsesi.net\\\/index.php\\\/author\\\/uniper\\\/\"}]}<\/script>\n<!-- \/ Yoast SEO plugin. -->","yoast_head_json":{"title":"Kilis 7 Aral\u0131k \u00dcniversitesi'nde devir teslim t\u00f6reni yap\u0131ld\u0131 - Memurun Sesi","robots":{"index":"index","follow":"follow","max-snippet":"max-snippet:-1","max-image-preview":"max-image-preview:large","max-video-preview":"max-video-preview:-1"},"canonical":"https:\/\/memurunsesi.net\/index.php\/2025\/04\/11\/kilis-7-aralik-universitesinde-devir-teslim-toreni-yapildi\/","og_locale":"tr_TR","og_type":"article","og_title":"Kilis 7 Aral\u0131k \u00dcniversitesi'nde devir teslim t\u00f6reni yap\u0131ld\u0131 - Memurun Sesi","og_description":"Kilis 7 Aral\u0131k \u00dcniversitesi Rekt\u00f6rl\u00fc\u011f\u00fcne atanan Prof. Dr. Zekeriya Akman, d\u00fczenlenen devir teslim t\u00f6reniyle g\u00f6revine ba\u015flad\u0131. Kilis 7 Aral\u0131k \u00dcniversitesi\u2019nde rekt\u00f6rl\u00fck devir teslim t\u00f6reni ger\u00e7ekle\u015ftirildi. Cumhurba\u015fkanl\u0131\u011f\u0131 kararnamesiyle 9 Nisan\u2019da \u00fcniversite rekt\u00f6rl\u00fc\u011f\u00fcne atanan Prof. Dr. Zekeriya Akman, g\u00f6revi Prof. Dr. Mustafa Do\u011fan Karaco\u015fkun\u2019dan devrald\u0131. Rekt\u00f6rl\u00fck makam\u0131nda d\u00fczenlenen t\u00f6rende konu\u015fan Karaco\u015fkun, g\u00f6rev s\u00fcresi boyunca \u00fcniversitenin hem fiziki [&hellip;]","og_url":"https:\/\/memurunsesi.net\/index.php\/2025\/04\/11\/kilis-7-aralik-universitesinde-devir-teslim-toreni-yapildi\/","og_site_name":"Memurun Sesi","article_publisher":"https:\/\/www.facebook.com\/unipersen\/?locale=tr_TR","article_published_time":"2025-04-11T16:43:41+00:00","og_image":[{"width":1600,"height":1015,"url":"https:\/\/memurunsesi.net\/wp-content\/uploads\/2025\/04\/AW430787_01.jpg","type":"image\/jpeg"}],"author":"Memurun Sesi Haber Merkezi","twitter_card":"summary_large_image","twitter_creator":"@unipersen","twitter_site":"@unipersen","twitter_misc":{"Yazan:":"Memurun Sesi Haber Merkezi","Tahmini okuma s\u00fcresi":"1 dakika"},"schema":{"@context":"https:\/\/schema.org","@graph":[{"@type":"Article","@id":"https:\/\/memurunsesi.net\/index.php\/2025\/04\/11\/kilis-7-aralik-universitesinde-devir-teslim-toreni-yapildi\/#article","isPartOf":{"@id":"https:\/\/memurunsesi.net\/index.php\/2025\/04\/11\/kilis-7-aralik-universitesinde-devir-teslim-toreni-yapildi\/"},"author":{"name":"Memurun Sesi Haber Merkezi","@id":"https:\/\/memurunsesi.net\/#\/schema\/person\/f21c2d73b89f6ee1d80b0a1803e38587"},"headline":"Kilis 7 Aral\u0131k \u00dcniversitesi&#8217;nde devir teslim t\u00f6reni yap\u0131ld\u0131","datePublished":"2025-04-11T16:43:41+00:00","mainEntityOfPage":{"@id":"https:\/\/memurunsesi.net\/index.php\/2025\/04\/11\/kilis-7-aralik-universitesinde-devir-teslim-toreni-yapildi\/"},"wordCount":238,"commentCount":0,"publisher":{"@id":"https:\/\/memurunsesi.net\/#organization"},"image":{"@id":"https:\/\/memurunsesi.net\/index.php\/2025\/04\/11\/kilis-7-aralik-universitesinde-devir-teslim-toreni-yapildi\/#primaryimage"},"thumbnailUrl":"https:\/\/memurunsesi.net\/wp-content\/uploads\/2025\/04\/AW430787_01.jpg","articleSection":["\u00dcniversiteden Haberler"],"inLanguage":"tr","potentialAction":[{"@type":"CommentAction","name":"Comment","target":["https:\/\/memurunsesi.net\/index.php\/2025\/04\/11\/kilis-7-aralik-universitesinde-devir-teslim-toreni-yapildi\/#respond"]}]},{"@type":"WebPage","@id":"https:\/\/memurunsesi.net\/index.php\/2025\/04\/11\/kilis-7-aralik-universitesinde-devir-teslim-toreni-yapildi\/","url":"https:\/\/memurunsesi.net\/index.php\/2025\/04\/11\/kilis-7-aralik-universitesinde-devir-teslim-toreni-yapildi\/","name":"Kilis 7 Aral\u0131k \u00dcniversitesi'nde devir teslim t\u00f6reni yap\u0131ld\u0131 - Memurun Sesi","isPartOf":{"@id":"https:\/\/memurunsesi.net\/#website"},"primaryImageOfPage":{"@id":"https:\/\/memurunsesi.net\/index.php\/2025\/04\/11\/kilis-7-aralik-universitesinde-devir-teslim-toreni-yapildi\/#primaryimage"},"image":{"@id":"https:\/\/memurunsesi.net\/index.php\/2025\/04\/11\/kilis-7-aralik-universitesinde-devir-teslim-toreni-yapildi\/#primaryimage"},"thumbnailUrl":"https:\/\/memurunsesi.net\/wp-content\/uploads\/2025\/04\/AW430787_01.jpg","datePublished":"2025-04-11T16:43:41+00:00","breadcrumb":{"@id":"https:\/\/memurunsesi.net\/index.php\/2025\/04\/11\/kilis-7-aralik-universitesinde-devir-teslim-toreni-yapildi\/#breadcrumb"},"inLanguage":"tr","potentialAction":[{"@type":"ReadAction","target":["https:\/\/memurunsesi.net\/index.php\/2025\/04\/11\/kilis-7-aralik-universitesinde-devir-teslim-toreni-yapildi\/"]}]},{"@type":"ImageObject","inLanguage":"tr","@id":"https:\/\/memurunsesi.net\/index.php\/2025\/04\/11\/kilis-7-aralik-universitesinde-devir-teslim-toreni-yapildi\/#primaryimage","url":"https:\/\/memurunsesi.net\/wp-content\/uploads\/2025\/04\/AW430787_01.jpg","contentUrl":"https:\/\/memurunsesi.net\/wp-content\/uploads\/2025\/04\/AW430787_01.jpg","width":1600,"height":1015,"caption":"CUMHURBA\u015eKANI RECEP TAYY\u0130P ERDO\u011eAN'IN 9 N\u0130SAN TAR\u0130HL\u0130 KARARNAMES\u0130YLE K\u0130L\u0130S 7 ARALIK \u00dcN\u0130VERS\u0130TES\u0130 REKT\u00d6RL\u00dc\u011e\u00dcNE ATANAN PROF. DR. ZEKER\u0130YA AKMAN, D\u00dcZENLENEN T\u00d6RENLE G\u00d6REV\u0130NE BA\u015eLADI. (MUHAMMED YAS\u0130N PA\u015eA\/K\u0130L\u0130S-\u0130HA) Kilis 7 Aral\u0131k \u00dcniversitesi Rekt\u00f6rl\u00fc\u011f\u00fcne atanan Prof. Dr. Zekeriya Akman, d\u00fczenlenen devir teslim t\u00f6reniyle g\u00f6revine ba\u015flad\u0131."},{"@type":"BreadcrumbList","@id":"https:\/\/memurunsesi.net\/index.php\/2025\/04\/11\/kilis-7-aralik-universitesinde-devir-teslim-toreni-yapildi\/#breadcrumb","itemListElement":[{"@type":"ListItem","position":1,"name":"Anasayfa","item":"https:\/\/memurunsesi.net\/"},{"@type":"ListItem","position":2,"name":"Kilis 7 Aral\u0131k \u00dcniversitesi&#8217;nde devir teslim t\u00f6reni yap\u0131ld\u0131"}]},{"@type":"WebSite","@id":"https:\/\/memurunsesi.net\/#website","url":"https:\/\/memurunsesi.net\/","name":"Memurun Sesi","description":"G\u00fcncel ve Do\u011fru Haber","publisher":{"@id":"https:\/\/memurunsesi.net\/#organization"},"potentialAction":[{"@type":"SearchAction","target":{"@type":"EntryPoint","urlTemplate":"https:\/\/memurunsesi.net\/?s={search_term_string}"},"query-input":{"@type":"PropertyValueSpecification","valueRequired":true,"valueName":"search_term_string"}}],"inLanguage":"tr"},{"@type":"Organization","@id":"https:\/\/memurunsesi.net\/#organization","name":"Memurun Sesi","url":"https:\/\/memurunsesi.net\/","logo":{"@type":"ImageObject","inLanguage":"tr","@id":"https:\/\/memurunsesi.net\/#\/schema\/logo\/image\/","url":"https:\/\/memurunsesi.net\/wp-content\/uploads\/2025\/11\/cropped-MEMURUN-SESI.png","contentUrl":"https:\/\/memurunsesi.net\/wp-content\/uploads\/2025\/11\/cropped-MEMURUN-SESI.png","width":238,"height":57,"caption":"Memurun Sesi"},"image":{"@id":"https:\/\/memurunsesi.net\/#\/schema\/logo\/image\/"},"sameAs":["https:\/\/www.facebook.com\/unipersen\/?locale=tr_TR","https:\/\/x.com\/unipersen"]},{"@type":"Person","@id":"https:\/\/memurunsesi.net\/#\/schema\/person\/f21c2d73b89f6ee1d80b0a1803e38587","name":"Memurun Sesi Haber Merkezi","image":{"@type":"ImageObject","inLanguage":"tr","@id":"https:\/\/secure.gravatar.com\/avatar\/6cf0505f452ee753f485014986fab09a434671d2b919ee76fc541025c5876a70?s=96&d=mm&r=g","url":"https:\/\/secure.gravatar.com\/avatar\/6cf0505f452ee753f485014986fab09a434671d2b919ee76fc541025c5876a70?s=96&d=mm&r=g","contentUrl":"https:\/\/secure.gravatar.com\/avatar\/6cf0505f452ee753f485014986fab09a434671d2b919ee76fc541025c5876a70?s=96&d=mm&r=g","caption":"Memurun Sesi Haber Merkezi"},"sameAs":["https:\/\/memurunsesi.net"],"url":"https:\/\/memurunsesi.net\/index.php\/author\/uniper\/"}]}},"_links":{"self":[{"href":"https:\/\/memurunsesi.net\/index.php\/wp-json\/wp\/v2\/posts\/5127","targetHints":{"allow":["GET"]}}],"collection":[{"href":"https:\/\/memurunsesi.net\/index.php\/wp-json\/wp\/v2\/posts"}],"about":[{"href":"https:\/\/memurunsesi.net\/index.php\/wp-json\/wp\/v2\/types\/post"}],"author":[{"embeddable":true,"href":"https:\/\/memurunsesi.net\/index.php\/wp-json\/wp\/v2\/users\/1"}],"replies":[{"embeddable":true,"href":"https:\/\/memurunsesi.net\/index.php\/wp-json\/wp\/v2\/comments?post=5127"}],"version-history":[{"count":1,"href":"https:\/\/memurunsesi.net\/index.php\/wp-json\/wp\/v2\/posts\/5127\/revisions"}],"predecessor-version":[{"id":5129,"href":"https:\/\/memurunsesi.net\/index.php\/wp-json\/wp\/v2\/posts\/5127\/revisions\/5129"}],"wp:featuredmedia":[{"embeddable":true,"href":"https:\/\/memurunsesi.net\/index.php\/wp-json\/wp\/v2\/media\/5128"}],"wp:attachment":[{"href":"https:\/\/memurunsesi.net\/index.php\/wp-json\/wp\/v2\/media?parent=5127"}],"wp:term":[{"taxonomy":"category","embeddable":true,"href":"https:\/\/memurunsesi.net\/index.php\/wp-json\/wp\/v2\/categories?post=5127"},{"taxonomy":"post_tag","embeddable":true,"href":"https:\/\/memurunsesi.net\/index.php\/wp-json\/wp\/v2\/tags?post=5127"}],"curies":[{"name":"wp","href":"https:\/\/api.w.org\/{rel}","templated":true}]}}