{"id":5133,"date":"2025-04-11T19:54:43","date_gmt":"2025-04-11T16:54:43","guid":{"rendered":"https:\/\/memurunsesi.net\/?p=5133"},"modified":"2025-04-11T19:54:43","modified_gmt":"2025-04-11T16:54:43","slug":"muglada-yangin-riski-yuksek-alanlara-1-mayis-30-kasim-arasinda-ormanlara-giris-yasak","status":"publish","type":"post","link":"https:\/\/memurunsesi.net\/index.php\/2025\/04\/11\/muglada-yangin-riski-yuksek-alanlara-1-mayis-30-kasim-arasinda-ormanlara-giris-yasak\/","title":{"rendered":"Mu\u011fla\u2019da yang\u0131n riski y\u00fcksek alanlara 1 May\u0131s-30 Kas\u0131m aras\u0131nda ormanlara giri\u015f yasak"},"content":{"rendered":"<p>Orman yang\u0131nlar\u0131 a\u00e7\u0131s\u0131ndan birinci derecede hassas b\u00f6lgeler aras\u0131nda yer alan Mu\u011fla\u2019da, 2025 y\u0131l\u0131 orman yang\u0131nlar\u0131yla m\u00fccadele haz\u0131rl\u0131k toplant\u0131s\u0131 ger\u00e7ekle\u015ftirildi.<br \/>\nToplant\u0131da, 2024 y\u0131l\u0131nda ya\u015fanan yang\u0131nlar de\u011ferlendirilirken, 2025 y\u0131l\u0131 i\u00e7in al\u0131nacak \u00f6nlemler ve koordinasyon \u00e7al\u0131\u015fmalar\u0131 masaya yat\u0131r\u0131ld\u0131. Orman yang\u0131nlar\u0131yla m\u00fccadelede g\u00f6rev alacak personel, ara\u00e7-gere\u00e7 durumu, hava unsurlar\u0131, g\u00f6n\u00fcll\u00fc ekiplerin katk\u0131s\u0131 ve yang\u0131na ilk m\u00fcdahale s\u00fcreleri gibi konular detayl\u0131 \u015fekilde ele al\u0131nd\u0131.<br \/>\nAyr\u0131ca, yang\u0131n \u00f6ncesi, yang\u0131n esnas\u0131 ve yang\u0131n sonras\u0131 yap\u0131lmas\u0131 gereken i\u015f ve i\u015flemler, orman yang\u0131nlar\u0131yla m\u00fccadelede etkinli\u011fi art\u0131r\u0131lmas\u0131 ile mevcut \u00f6nlemlere ek \u00f6nlemlerin ve stratejilerin geli\u015ftirilmesi konular\u0131 isti\u015fare edildi.<br \/>\nMu\u011fla Orman B\u00f6lge M\u00fcd\u00fcr\u00fc Mustafa \u00dclk\u00fcd\u00fcr, personel ve ekipman durumu, erken uyar\u0131 ve ihbar sistemleri, e\u011fitim ve fark\u0131ndal\u0131k \u00e7al\u0131\u015fmalar\u0131, koruyucu \u00f6nlemler ile yang\u0131na ilk m\u00fcdahale ve sonras\u0131nda y\u00fcr\u00fct\u00fclen \u00e7al\u0131\u015fmalar hakk\u0131nda sunum ger\u00e7ekle\u015ftirdi.<br \/>\nMu\u011fla Valisi Dr. \u0130dris Akb\u0131y\u0131k, toplant\u0131da yapt\u0131\u011f\u0131 konu\u015fmada, ormanlar\u0131n ayn\u0131 zamanda ya\u015fam\u0131n, biyo\u00e7e\u015fitlili\u011fin ve do\u011fal dengenin vazge\u00e7ilmez par\u00e7as\u0131 oldu\u011funa dikkat \u00e7ekti. Mu\u011fla\u2019n\u0131n zengin orman varl\u0131\u011f\u0131na sahip oldu\u011funu belirten Vali Akb\u0131y\u0131k, &#8220;Bu zenginlik b\u00fcy\u00fck bir sorumlulu\u011fu da beraberinde getiriyor. Milli servetimiz ormanlar\u0131m\u0131z\u0131 korumak, muhtemel yang\u0131nlara kar\u015f\u0131 haz\u0131rl\u0131kl\u0131 olmak, i\u015f birli\u011fi i\u00e7erisinde hareket etmek ve vatanda\u015flar\u0131m\u0131z\u0131n duyarl\u0131l\u0131\u011f\u0131 hayati \u00f6nem ta\u015f\u0131yor&#8221; dedi.<br \/>\nGe\u00e7mi\u015f y\u0131llarda ya\u015fanan orman yang\u0131nlar\u0131yla m\u00fccadelede devletin t\u00fcm imk\u00e2nlar\u0131n\u0131n seferber edildi\u011fini belirten Vali Akb\u0131y\u0131k, t\u00fcm kurumlar, kolluk birimleri, yerel y\u00f6netimler, g\u00f6n\u00fcll\u00fcler, \u00f6zel sekt\u00f6r ve vatanda\u015flar\u0131n seferberlik ruhuyla topyek\u00fbn hareket ederek bu m\u00fccadeleye b\u00fcy\u00fck destek verdi\u011fini ifade etti.<br \/>\nToplant\u0131da, yang\u0131na hassas b\u00f6lgelerin haritaland\u0131r\u0131lmas\u0131, erken uyar\u0131 sistemleri, izleme teknolojilerinin kullan\u0131m\u0131, orman k\u00f6ylerinde bilin\u00e7lendirme \u00e7al\u0131\u015fmalar\u0131 gibi kurumlar taraf\u0131ndan yap\u0131lacak \u00e7al\u0131\u015fmalar\u0131n yan\u0131 s\u0131ra; vatanda\u015flar\u0131 da yak\u0131ndan ilgilendiren bir dizi yeni kararlar al\u0131nd\u0131.<br \/>\nBuna g\u00f6re; orman i\u00e7i ve kenar\u0131ndaki tarlalarda an\u0131z, ba\u011f, bah\u00e7e ve zeytinliklerde ot, \u00e7al\u0131 vb. yakman\u0131n yasak oldu\u011fu belirtildi. Bu konuda \u00e7ift\u00e7ilerin e\u011fitilmesi, kritik yerlerde, ormana biti\u015fik hububat tarlalar\u0131nda hasad\u0131 m\u00fcteakip yan\u0131c\u0131 maddelerden ar\u0131nd\u0131r\u0131lm\u0131\u015f 10 metrelik mineral topra\u011f\u0131n a\u00e7\u0131\u011fa \u00e7\u0131kar\u0131ld\u0131\u011f\u0131 koruyucu \u015feritler olu\u015fturulacak. Bu uygulama Kaymakaml\u0131klar ve Tar\u0131m M\u00fcd\u00fcrl\u00fckleri taraf\u0131ndan takip edilecek.<br \/>\nZeytinliklerde hasat sonras\u0131 an\u0131z yak\u0131lmamas\u0131 ve teknik olarak toprak i\u015flemesi m\u00fcmk\u00fcn olan zeytinliklerin altlar\u0131n\u0131n s\u00fcr\u00fclmesi i\u00e7in mahalle halk\u0131na e\u011fitimler verilecek. K\u0131rsalda bi\u00e7er-d\u00f6ver gibi tar\u0131m ara\u00e7lar\u0131yla \u00e7al\u0131\u015fanlar\u0131n, yanlar\u0131nda en az 2 tonluk su tankeri ve 2 adet 6 kg\u2019l\u0131k yang\u0131n s\u00f6nd\u00fcr\u00fcc\u00fc bulundurmalar\u0131 zorunlu olacak.<br \/>\nYaz aylar\u0131nda il d\u0131\u015f\u0131ndan gelen ar\u0131c\u0131 ve \u00e7obanlar\u0131n kimlik tespiti muhtarlar, jandarma ve ilgili kurumlar taraf\u0131ndan yap\u0131lacak, bu ki\u015filere yang\u0131n e\u011fitimi verilecek. Ayr\u0131ca yanlar\u0131nda en az 6 kg\u2019l\u0131k 2 adet yang\u0131n s\u00f6nd\u00fcrme t\u00fcp\u00fc bulundurmalar\u0131 sa\u011flanacak. Yang\u0131n riski y\u00fcksek b\u00f6lgelerde, 1 May\u0131s-30 Kas\u0131m 2025 tarihleri aras\u0131nda ormanlara giri\u015f yasaklanacak. Temmuz ve A\u011fustos aylar\u0131nda kolluk kuvvetleri, orman yollar\u0131nda devriye faaliyetlerini art\u0131racak. Araz\u00f6z ve su tankerlerinin ge\u00e7i\u015fini engelleyecek \u015fekilde ara\u00e7 park\u0131na izin verilmeyecek. Cayd\u0131r\u0131c\u0131 devriye hizmetleri Temmuz, A\u011fustos aylar\u0131nda daha yo\u011fun olarak yap\u0131lacakt\u0131r.<br \/>\nYang\u0131n sezonu boyunca, Bodrum \u0130l\u00e7esi-G\u00fcvercinlik-Torba-G\u00f6lk\u00f6y yol g\u00fczerg\u00e2h\u0131, Bodrum K\u0131z\u0131la\u011fa\u00e7-\u00c7iftlik Beldesi-Pinarl\u0131belen yol g\u00fczerg\u00e2h\u0131, Milas Selimiye-Kaz\u0131kl\u0131bucak-G\u00fcr\u00e7amlar-K\u0131y\u0131k\u0131\u015flac\u0131k yol g\u00fczerg\u00e2h\u0131, Yata\u011fan-Kavakl\u0131dere yol g\u00fczerg\u00e2h\u0131, Ula Akyaka-Akb\u00fck koyu yol g\u00fczerg\u00e2h\u0131, Marmaris \u00c7aml\u0131-Ta\u015fhan-Ovac\u0131k-Karacas\u00f6\u011f\u00fct yol g\u00fczerg\u00e2h\u0131, Marmaris \u0130\u00e7meler-Hisar\u00f6n\u00fc-Orhaniye-Bay\u0131r-Turun\u00e7 yol g\u00fczerg\u00e2h\u0131, Marmaris Adak\u00f6y-Yalanc\u0131bo\u011faz-Aksaz yol g\u00fczerg\u00e2h\u0131, K\u00f6yce\u011fiz Sultaniye-Ekincik-B\u00fcy\u00fckkaraa\u011fa\u00e7 yol g\u00fczerg\u00e2h\u0131, Fethiye G\u00f6cek-\u0130nlice-Yan\u0131klar Mahallesi yol g\u00fczerg\u00e2h\u0131, Fethiye Ovac\u0131k-Hisar\u00f6n\u00fc-Kayak\u00f6y mahallesi yol g\u00fczerg\u00e2h\u0131 ve Fethiye Aksazlar-Samanl\u0131k koyu yol g\u00fczerg\u00e2h\u0131nda devriye g\u00f6revi y\u00fcr\u00fct\u00fclecek.<br \/>\nOrman k\u00f6yleri ve turizm b\u00f6lgelerinde havai fi\u015fek, para\u015f\u00fctl\u00fc dilek feneri gibi yang\u0131n riski olu\u015fturan e\u011flence ara\u00e7lar\u0131n\u0131n kullan\u0131lmas\u0131na kar\u015f\u0131 mahalli idarelerce \u00f6nlem al\u0131nacak.<\/p>\n<p>11.04.2025<\/p>\n","protected":false},"excerpt":{"rendered":"<p>Orman yang\u0131nlar\u0131 a\u00e7\u0131s\u0131ndan birinci derecede hassas b\u00f6lgeler aras\u0131nda yer alan Mu\u011fla\u2019da, 2025 y\u0131l\u0131 orman yang\u0131nlar\u0131yla m\u00fccadele haz\u0131rl\u0131k toplant\u0131s\u0131 ger\u00e7ekle\u015ftirildi. Toplant\u0131da, 2024 y\u0131l\u0131nda ya\u015fanan yang\u0131nlar de\u011ferlendirilirken, 2025 y\u0131l\u0131 i\u00e7in al\u0131nacak \u00f6nlemler ve koordinasyon \u00e7al\u0131\u015fmalar\u0131 masaya yat\u0131r\u0131ld\u0131. Orman yang\u0131nlar\u0131yla m\u00fccadelede g\u00f6rev alacak personel, ara\u00e7-gere\u00e7 durumu, hava unsurlar\u0131, g\u00f6n\u00fcll\u00fc ekiplerin katk\u0131s\u0131 ve yang\u0131na ilk m\u00fcdahale s\u00fcreleri gibi konular [&hellip;]<\/p>\n","protected":false},"author":1,"featured_media":5134,"comment_status":"open","ping_status":"open","sticky":false,"template":"","format":"standard","meta":{"footnotes":""},"categories":[50],"tags":[],"class_list":["post-5133","post","type-post","status-publish","format-standard","has-post-thumbnail","hentry","category-tum-haberler"],"yoast_head":"<!-- This site is optimized with the Yoast SEO plugin v27.4 - https:\/\/yoast.com\/product\/yoast-seo-wordpress\/ -->\n<title>Mu\u011fla\u2019da yang\u0131n riski y\u00fcksek alanlara 1 May\u0131s-30 Kas\u0131m aras\u0131nda ormanlara giri\u015f yasak - Memurun Sesi<\/title>\n<meta name=\"robots\" content=\"index, follow, max-snippet:-1, max-image-preview:large, max-video-preview:-1\" \/>\n<link rel=\"canonical\" href=\"https:\/\/memurunsesi.net\/index.php\/2025\/04\/11\/muglada-yangin-riski-yuksek-alanlara-1-mayis-30-kasim-arasinda-ormanlara-giris-yasak\/\" \/>\n<meta property=\"og:locale\" content=\"tr_TR\" \/>\n<meta property=\"og:type\" content=\"article\" \/>\n<meta property=\"og:title\" content=\"Mu\u011fla\u2019da yang\u0131n riski y\u00fcksek alanlara 1 May\u0131s-30 Kas\u0131m aras\u0131nda ormanlara giri\u015f yasak - Memurun Sesi\" \/>\n<meta property=\"og:description\" content=\"Orman yang\u0131nlar\u0131 a\u00e7\u0131s\u0131ndan birinci derecede hassas b\u00f6lgeler aras\u0131nda yer alan Mu\u011fla\u2019da, 2025 y\u0131l\u0131 orman yang\u0131nlar\u0131yla m\u00fccadele haz\u0131rl\u0131k toplant\u0131s\u0131 ger\u00e7ekle\u015ftirildi. Toplant\u0131da, 2024 y\u0131l\u0131nda ya\u015fanan yang\u0131nlar de\u011ferlendirilirken, 2025 y\u0131l\u0131 i\u00e7in al\u0131nacak \u00f6nlemler ve koordinasyon \u00e7al\u0131\u015fmalar\u0131 masaya yat\u0131r\u0131ld\u0131. Orman yang\u0131nlar\u0131yla m\u00fccadelede g\u00f6rev alacak personel, ara\u00e7-gere\u00e7 durumu, hava unsurlar\u0131, g\u00f6n\u00fcll\u00fc ekiplerin katk\u0131s\u0131 ve yang\u0131na ilk m\u00fcdahale s\u00fcreleri gibi konular [&hellip;]\" \/>\n<meta property=\"og:url\" content=\"https:\/\/memurunsesi.net\/index.php\/2025\/04\/11\/muglada-yangin-riski-yuksek-alanlara-1-mayis-30-kasim-arasinda-ormanlara-giris-yasak\/\" \/>\n<meta property=\"og:site_name\" content=\"Memurun Sesi\" \/>\n<meta property=\"article:publisher\" content=\"https:\/\/www.facebook.com\/unipersen\/?locale=tr_TR\" \/>\n<meta property=\"article:published_time\" content=\"2025-04-11T16:54:43+00:00\" \/>\n<meta property=\"og:image\" content=\"https:\/\/memurunsesi.net\/wp-content\/uploads\/2025\/04\/AW430788_01-scaled.jpg\" \/>\n\t<meta property=\"og:image:width\" content=\"2560\" \/>\n\t<meta property=\"og:image:height\" content=\"1920\" \/>\n\t<meta property=\"og:image:type\" content=\"image\/jpeg\" \/>\n<meta name=\"author\" content=\"Memurun Sesi Haber Merkezi\" \/>\n<meta name=\"twitter:card\" content=\"summary_large_image\" \/>\n<meta name=\"twitter:creator\" content=\"@unipersen\" \/>\n<meta name=\"twitter:site\" content=\"@unipersen\" \/>\n<meta name=\"twitter:label1\" content=\"Yazan:\" \/>\n\t<meta name=\"twitter:data1\" content=\"Memurun Sesi Haber Merkezi\" \/>\n\t<meta name=\"twitter:label2\" content=\"Tahmini okuma s\u00fcresi\" \/>\n\t<meta name=\"twitter:data2\" content=\"4 dakika\" \/>\n<script type=\"application\/ld+json\" class=\"yoast-schema-graph\">{\"@context\":\"https:\\\/\\\/schema.org\",\"@graph\":[{\"@type\":\"Article\",\"@id\":\"https:\\\/\\\/memurunsesi.net\\\/index.php\\\/2025\\\/04\\\/11\\\/muglada-yangin-riski-yuksek-alanlara-1-mayis-30-kasim-arasinda-ormanlara-giris-yasak\\\/#article\",\"isPartOf\":{\"@id\":\"https:\\\/\\\/memurunsesi.net\\\/index.php\\\/2025\\\/04\\\/11\\\/muglada-yangin-riski-yuksek-alanlara-1-mayis-30-kasim-arasinda-ormanlara-giris-yasak\\\/\"},\"author\":{\"name\":\"Memurun Sesi Haber Merkezi\",\"@id\":\"https:\\\/\\\/memurunsesi.net\\\/#\\\/schema\\\/person\\\/f21c2d73b89f6ee1d80b0a1803e38587\"},\"headline\":\"Mu\u011fla\u2019da yang\u0131n riski y\u00fcksek alanlara 1 May\u0131s-30 Kas\u0131m aras\u0131nda ormanlara giri\u015f yasak\",\"datePublished\":\"2025-04-11T16:54:43+00:00\",\"mainEntityOfPage\":{\"@id\":\"https:\\\/\\\/memurunsesi.net\\\/index.php\\\/2025\\\/04\\\/11\\\/muglada-yangin-riski-yuksek-alanlara-1-mayis-30-kasim-arasinda-ormanlara-giris-yasak\\\/\"},\"wordCount\":844,\"commentCount\":0,\"publisher\":{\"@id\":\"https:\\\/\\\/memurunsesi.net\\\/#organization\"},\"image\":{\"@id\":\"https:\\\/\\\/memurunsesi.net\\\/index.php\\\/2025\\\/04\\\/11\\\/muglada-yangin-riski-yuksek-alanlara-1-mayis-30-kasim-arasinda-ormanlara-giris-yasak\\\/#primaryimage\"},\"thumbnailUrl\":\"https:\\\/\\\/memurunsesi.net\\\/wp-content\\\/uploads\\\/2025\\\/04\\\/AW430788_01-scaled.jpg\",\"articleSection\":[\"T\u00fcm Haberler\"],\"inLanguage\":\"tr\",\"potentialAction\":[{\"@type\":\"CommentAction\",\"name\":\"Comment\",\"target\":[\"https:\\\/\\\/memurunsesi.net\\\/index.php\\\/2025\\\/04\\\/11\\\/muglada-yangin-riski-yuksek-alanlara-1-mayis-30-kasim-arasinda-ormanlara-giris-yasak\\\/#respond\"]}]},{\"@type\":\"WebPage\",\"@id\":\"https:\\\/\\\/memurunsesi.net\\\/index.php\\\/2025\\\/04\\\/11\\\/muglada-yangin-riski-yuksek-alanlara-1-mayis-30-kasim-arasinda-ormanlara-giris-yasak\\\/\",\"url\":\"https:\\\/\\\/memurunsesi.net\\\/index.php\\\/2025\\\/04\\\/11\\\/muglada-yangin-riski-yuksek-alanlara-1-mayis-30-kasim-arasinda-ormanlara-giris-yasak\\\/\",\"name\":\"Mu\u011fla\u2019da yang\u0131n riski y\u00fcksek alanlara 1 May\u0131s-30 Kas\u0131m aras\u0131nda ormanlara giri\u015f yasak - Memurun Sesi\",\"isPartOf\":{\"@id\":\"https:\\\/\\\/memurunsesi.net\\\/#website\"},\"primaryImageOfPage\":{\"@id\":\"https:\\\/\\\/memurunsesi.net\\\/index.php\\\/2025\\\/04\\\/11\\\/muglada-yangin-riski-yuksek-alanlara-1-mayis-30-kasim-arasinda-ormanlara-giris-yasak\\\/#primaryimage\"},\"image\":{\"@id\":\"https:\\\/\\\/memurunsesi.net\\\/index.php\\\/2025\\\/04\\\/11\\\/muglada-yangin-riski-yuksek-alanlara-1-mayis-30-kasim-arasinda-ormanlara-giris-yasak\\\/#primaryimage\"},\"thumbnailUrl\":\"https:\\\/\\\/memurunsesi.net\\\/wp-content\\\/uploads\\\/2025\\\/04\\\/AW430788_01-scaled.jpg\",\"datePublished\":\"2025-04-11T16:54:43+00:00\",\"breadcrumb\":{\"@id\":\"https:\\\/\\\/memurunsesi.net\\\/index.php\\\/2025\\\/04\\\/11\\\/muglada-yangin-riski-yuksek-alanlara-1-mayis-30-kasim-arasinda-ormanlara-giris-yasak\\\/#breadcrumb\"},\"inLanguage\":\"tr\",\"potentialAction\":[{\"@type\":\"ReadAction\",\"target\":[\"https:\\\/\\\/memurunsesi.net\\\/index.php\\\/2025\\\/04\\\/11\\\/muglada-yangin-riski-yuksek-alanlara-1-mayis-30-kasim-arasinda-ormanlara-giris-yasak\\\/\"]}]},{\"@type\":\"ImageObject\",\"inLanguage\":\"tr\",\"@id\":\"https:\\\/\\\/memurunsesi.net\\\/index.php\\\/2025\\\/04\\\/11\\\/muglada-yangin-riski-yuksek-alanlara-1-mayis-30-kasim-arasinda-ormanlara-giris-yasak\\\/#primaryimage\",\"url\":\"https:\\\/\\\/memurunsesi.net\\\/wp-content\\\/uploads\\\/2025\\\/04\\\/AW430788_01-scaled.jpg\",\"contentUrl\":\"https:\\\/\\\/memurunsesi.net\\\/wp-content\\\/uploads\\\/2025\\\/04\\\/AW430788_01-scaled.jpg\",\"width\":2560,\"height\":1920,\"caption\":\"MU\u011eLA'DA YANGIN R\u0130SK\u0130 Y\u00dcKSEK ALANLARA 1 MAYIS-30 KASIM ARASINDA ORMANLARA G\u0130R\u0130\u015e YASAK (BEK\u0130R TOSUN\\\/MU\u011eLA-\u0130HA) Orman yang\u0131nlar\u0131 a\u00e7\u0131s\u0131ndan birinci derecede hassas b\u00f6lgeler aras\u0131nda yer alan Mu\u011fla'da, 2025 y\u0131l\u0131 orman yang\u0131nlar\u0131yla m\u00fccadele haz\u0131rl\u0131k toplant\u0131s\u0131 ger\u00e7ekle\u015ftirildi.\"},{\"@type\":\"BreadcrumbList\",\"@id\":\"https:\\\/\\\/memurunsesi.net\\\/index.php\\\/2025\\\/04\\\/11\\\/muglada-yangin-riski-yuksek-alanlara-1-mayis-30-kasim-arasinda-ormanlara-giris-yasak\\\/#breadcrumb\",\"itemListElement\":[{\"@type\":\"ListItem\",\"position\":1,\"name\":\"Anasayfa\",\"item\":\"https:\\\/\\\/memurunsesi.net\\\/\"},{\"@type\":\"ListItem\",\"position\":2,\"name\":\"Mu\u011fla\u2019da yang\u0131n riski y\u00fcksek alanlara 1 May\u0131s-30 Kas\u0131m aras\u0131nda ormanlara giri\u015f yasak\"}]},{\"@type\":\"WebSite\",\"@id\":\"https:\\\/\\\/memurunsesi.net\\\/#website\",\"url\":\"https:\\\/\\\/memurunsesi.net\\\/\",\"name\":\"Memurun Sesi\",\"description\":\"G\u00fcncel ve Do\u011fru Haber\",\"publisher\":{\"@id\":\"https:\\\/\\\/memurunsesi.net\\\/#organization\"},\"potentialAction\":[{\"@type\":\"SearchAction\",\"target\":{\"@type\":\"EntryPoint\",\"urlTemplate\":\"https:\\\/\\\/memurunsesi.net\\\/?s={search_term_string}\"},\"query-input\":{\"@type\":\"PropertyValueSpecification\",\"valueRequired\":true,\"valueName\":\"search_term_string\"}}],\"inLanguage\":\"tr\"},{\"@type\":\"Organization\",\"@id\":\"https:\\\/\\\/memurunsesi.net\\\/#organization\",\"name\":\"Memurun Sesi\",\"url\":\"https:\\\/\\\/memurunsesi.net\\\/\",\"logo\":{\"@type\":\"ImageObject\",\"inLanguage\":\"tr\",\"@id\":\"https:\\\/\\\/memurunsesi.net\\\/#\\\/schema\\\/logo\\\/image\\\/\",\"url\":\"https:\\\/\\\/memurunsesi.net\\\/wp-content\\\/uploads\\\/2025\\\/11\\\/cropped-MEMURUN-SESI.png\",\"contentUrl\":\"https:\\\/\\\/memurunsesi.net\\\/wp-content\\\/uploads\\\/2025\\\/11\\\/cropped-MEMURUN-SESI.png\",\"width\":238,\"height\":57,\"caption\":\"Memurun Sesi\"},\"image\":{\"@id\":\"https:\\\/\\\/memurunsesi.net\\\/#\\\/schema\\\/logo\\\/image\\\/\"},\"sameAs\":[\"https:\\\/\\\/www.facebook.com\\\/unipersen\\\/?locale=tr_TR\",\"https:\\\/\\\/x.com\\\/unipersen\"]},{\"@type\":\"Person\",\"@id\":\"https:\\\/\\\/memurunsesi.net\\\/#\\\/schema\\\/person\\\/f21c2d73b89f6ee1d80b0a1803e38587\",\"name\":\"Memurun Sesi Haber Merkezi\",\"image\":{\"@type\":\"ImageObject\",\"inLanguage\":\"tr\",\"@id\":\"https:\\\/\\\/secure.gravatar.com\\\/avatar\\\/6cf0505f452ee753f485014986fab09a434671d2b919ee76fc541025c5876a70?s=96&d=mm&r=g\",\"url\":\"https:\\\/\\\/secure.gravatar.com\\\/avatar\\\/6cf0505f452ee753f485014986fab09a434671d2b919ee76fc541025c5876a70?s=96&d=mm&r=g\",\"contentUrl\":\"https:\\\/\\\/secure.gravatar.com\\\/avatar\\\/6cf0505f452ee753f485014986fab09a434671d2b919ee76fc541025c5876a70?s=96&d=mm&r=g\",\"caption\":\"Memurun Sesi Haber Merkezi\"},\"sameAs\":[\"https:\\\/\\\/memurunsesi.net\"],\"url\":\"https:\\\/\\\/memurunsesi.net\\\/index.php\\\/author\\\/uniper\\\/\"}]}<\/script>\n<!-- \/ Yoast SEO plugin. -->","yoast_head_json":{"title":"Mu\u011fla\u2019da yang\u0131n riski y\u00fcksek alanlara 1 May\u0131s-30 Kas\u0131m aras\u0131nda ormanlara giri\u015f yasak - Memurun Sesi","robots":{"index":"index","follow":"follow","max-snippet":"max-snippet:-1","max-image-preview":"max-image-preview:large","max-video-preview":"max-video-preview:-1"},"canonical":"https:\/\/memurunsesi.net\/index.php\/2025\/04\/11\/muglada-yangin-riski-yuksek-alanlara-1-mayis-30-kasim-arasinda-ormanlara-giris-yasak\/","og_locale":"tr_TR","og_type":"article","og_title":"Mu\u011fla\u2019da yang\u0131n riski y\u00fcksek alanlara 1 May\u0131s-30 Kas\u0131m aras\u0131nda ormanlara giri\u015f yasak - Memurun Sesi","og_description":"Orman yang\u0131nlar\u0131 a\u00e7\u0131s\u0131ndan birinci derecede hassas b\u00f6lgeler aras\u0131nda yer alan Mu\u011fla\u2019da, 2025 y\u0131l\u0131 orman yang\u0131nlar\u0131yla m\u00fccadele haz\u0131rl\u0131k toplant\u0131s\u0131 ger\u00e7ekle\u015ftirildi. Toplant\u0131da, 2024 y\u0131l\u0131nda ya\u015fanan yang\u0131nlar de\u011ferlendirilirken, 2025 y\u0131l\u0131 i\u00e7in al\u0131nacak \u00f6nlemler ve koordinasyon \u00e7al\u0131\u015fmalar\u0131 masaya yat\u0131r\u0131ld\u0131. Orman yang\u0131nlar\u0131yla m\u00fccadelede g\u00f6rev alacak personel, ara\u00e7-gere\u00e7 durumu, hava unsurlar\u0131, g\u00f6n\u00fcll\u00fc ekiplerin katk\u0131s\u0131 ve yang\u0131na ilk m\u00fcdahale s\u00fcreleri gibi konular [&hellip;]","og_url":"https:\/\/memurunsesi.net\/index.php\/2025\/04\/11\/muglada-yangin-riski-yuksek-alanlara-1-mayis-30-kasim-arasinda-ormanlara-giris-yasak\/","og_site_name":"Memurun Sesi","article_publisher":"https:\/\/www.facebook.com\/unipersen\/?locale=tr_TR","article_published_time":"2025-04-11T16:54:43+00:00","og_image":[{"width":2560,"height":1920,"url":"https:\/\/memurunsesi.net\/wp-content\/uploads\/2025\/04\/AW430788_01-scaled.jpg","type":"image\/jpeg"}],"author":"Memurun Sesi Haber Merkezi","twitter_card":"summary_large_image","twitter_creator":"@unipersen","twitter_site":"@unipersen","twitter_misc":{"Yazan:":"Memurun Sesi Haber Merkezi","Tahmini okuma s\u00fcresi":"4 dakika"},"schema":{"@context":"https:\/\/schema.org","@graph":[{"@type":"Article","@id":"https:\/\/memurunsesi.net\/index.php\/2025\/04\/11\/muglada-yangin-riski-yuksek-alanlara-1-mayis-30-kasim-arasinda-ormanlara-giris-yasak\/#article","isPartOf":{"@id":"https:\/\/memurunsesi.net\/index.php\/2025\/04\/11\/muglada-yangin-riski-yuksek-alanlara-1-mayis-30-kasim-arasinda-ormanlara-giris-yasak\/"},"author":{"name":"Memurun Sesi Haber Merkezi","@id":"https:\/\/memurunsesi.net\/#\/schema\/person\/f21c2d73b89f6ee1d80b0a1803e38587"},"headline":"Mu\u011fla\u2019da yang\u0131n riski y\u00fcksek alanlara 1 May\u0131s-30 Kas\u0131m aras\u0131nda ormanlara giri\u015f yasak","datePublished":"2025-04-11T16:54:43+00:00","mainEntityOfPage":{"@id":"https:\/\/memurunsesi.net\/index.php\/2025\/04\/11\/muglada-yangin-riski-yuksek-alanlara-1-mayis-30-kasim-arasinda-ormanlara-giris-yasak\/"},"wordCount":844,"commentCount":0,"publisher":{"@id":"https:\/\/memurunsesi.net\/#organization"},"image":{"@id":"https:\/\/memurunsesi.net\/index.php\/2025\/04\/11\/muglada-yangin-riski-yuksek-alanlara-1-mayis-30-kasim-arasinda-ormanlara-giris-yasak\/#primaryimage"},"thumbnailUrl":"https:\/\/memurunsesi.net\/wp-content\/uploads\/2025\/04\/AW430788_01-scaled.jpg","articleSection":["T\u00fcm Haberler"],"inLanguage":"tr","potentialAction":[{"@type":"CommentAction","name":"Comment","target":["https:\/\/memurunsesi.net\/index.php\/2025\/04\/11\/muglada-yangin-riski-yuksek-alanlara-1-mayis-30-kasim-arasinda-ormanlara-giris-yasak\/#respond"]}]},{"@type":"WebPage","@id":"https:\/\/memurunsesi.net\/index.php\/2025\/04\/11\/muglada-yangin-riski-yuksek-alanlara-1-mayis-30-kasim-arasinda-ormanlara-giris-yasak\/","url":"https:\/\/memurunsesi.net\/index.php\/2025\/04\/11\/muglada-yangin-riski-yuksek-alanlara-1-mayis-30-kasim-arasinda-ormanlara-giris-yasak\/","name":"Mu\u011fla\u2019da yang\u0131n riski y\u00fcksek alanlara 1 May\u0131s-30 Kas\u0131m aras\u0131nda ormanlara giri\u015f yasak - Memurun Sesi","isPartOf":{"@id":"https:\/\/memurunsesi.net\/#website"},"primaryImageOfPage":{"@id":"https:\/\/memurunsesi.net\/index.php\/2025\/04\/11\/muglada-yangin-riski-yuksek-alanlara-1-mayis-30-kasim-arasinda-ormanlara-giris-yasak\/#primaryimage"},"image":{"@id":"https:\/\/memurunsesi.net\/index.php\/2025\/04\/11\/muglada-yangin-riski-yuksek-alanlara-1-mayis-30-kasim-arasinda-ormanlara-giris-yasak\/#primaryimage"},"thumbnailUrl":"https:\/\/memurunsesi.net\/wp-content\/uploads\/2025\/04\/AW430788_01-scaled.jpg","datePublished":"2025-04-11T16:54:43+00:00","breadcrumb":{"@id":"https:\/\/memurunsesi.net\/index.php\/2025\/04\/11\/muglada-yangin-riski-yuksek-alanlara-1-mayis-30-kasim-arasinda-ormanlara-giris-yasak\/#breadcrumb"},"inLanguage":"tr","potentialAction":[{"@type":"ReadAction","target":["https:\/\/memurunsesi.net\/index.php\/2025\/04\/11\/muglada-yangin-riski-yuksek-alanlara-1-mayis-30-kasim-arasinda-ormanlara-giris-yasak\/"]}]},{"@type":"ImageObject","inLanguage":"tr","@id":"https:\/\/memurunsesi.net\/index.php\/2025\/04\/11\/muglada-yangin-riski-yuksek-alanlara-1-mayis-30-kasim-arasinda-ormanlara-giris-yasak\/#primaryimage","url":"https:\/\/memurunsesi.net\/wp-content\/uploads\/2025\/04\/AW430788_01-scaled.jpg","contentUrl":"https:\/\/memurunsesi.net\/wp-content\/uploads\/2025\/04\/AW430788_01-scaled.jpg","width":2560,"height":1920,"caption":"MU\u011eLA'DA YANGIN R\u0130SK\u0130 Y\u00dcKSEK ALANLARA 1 MAYIS-30 KASIM ARASINDA ORMANLARA G\u0130R\u0130\u015e YASAK (BEK\u0130R TOSUN\/MU\u011eLA-\u0130HA) Orman yang\u0131nlar\u0131 a\u00e7\u0131s\u0131ndan birinci derecede hassas b\u00f6lgeler aras\u0131nda yer alan Mu\u011fla'da, 2025 y\u0131l\u0131 orman yang\u0131nlar\u0131yla m\u00fccadele haz\u0131rl\u0131k toplant\u0131s\u0131 ger\u00e7ekle\u015ftirildi."},{"@type":"BreadcrumbList","@id":"https:\/\/memurunsesi.net\/index.php\/2025\/04\/11\/muglada-yangin-riski-yuksek-alanlara-1-mayis-30-kasim-arasinda-ormanlara-giris-yasak\/#breadcrumb","itemListElement":[{"@type":"ListItem","position":1,"name":"Anasayfa","item":"https:\/\/memurunsesi.net\/"},{"@type":"ListItem","position":2,"name":"Mu\u011fla\u2019da yang\u0131n riski y\u00fcksek alanlara 1 May\u0131s-30 Kas\u0131m aras\u0131nda ormanlara giri\u015f yasak"}]},{"@type":"WebSite","@id":"https:\/\/memurunsesi.net\/#website","url":"https:\/\/memurunsesi.net\/","name":"Memurun Sesi","description":"G\u00fcncel ve Do\u011fru Haber","publisher":{"@id":"https:\/\/memurunsesi.net\/#organization"},"potentialAction":[{"@type":"SearchAction","target":{"@type":"EntryPoint","urlTemplate":"https:\/\/memurunsesi.net\/?s={search_term_string}"},"query-input":{"@type":"PropertyValueSpecification","valueRequired":true,"valueName":"search_term_string"}}],"inLanguage":"tr"},{"@type":"Organization","@id":"https:\/\/memurunsesi.net\/#organization","name":"Memurun Sesi","url":"https:\/\/memurunsesi.net\/","logo":{"@type":"ImageObject","inLanguage":"tr","@id":"https:\/\/memurunsesi.net\/#\/schema\/logo\/image\/","url":"https:\/\/memurunsesi.net\/wp-content\/uploads\/2025\/11\/cropped-MEMURUN-SESI.png","contentUrl":"https:\/\/memurunsesi.net\/wp-content\/uploads\/2025\/11\/cropped-MEMURUN-SESI.png","width":238,"height":57,"caption":"Memurun Sesi"},"image":{"@id":"https:\/\/memurunsesi.net\/#\/schema\/logo\/image\/"},"sameAs":["https:\/\/www.facebook.com\/unipersen\/?locale=tr_TR","https:\/\/x.com\/unipersen"]},{"@type":"Person","@id":"https:\/\/memurunsesi.net\/#\/schema\/person\/f21c2d73b89f6ee1d80b0a1803e38587","name":"Memurun Sesi Haber Merkezi","image":{"@type":"ImageObject","inLanguage":"tr","@id":"https:\/\/secure.gravatar.com\/avatar\/6cf0505f452ee753f485014986fab09a434671d2b919ee76fc541025c5876a70?s=96&d=mm&r=g","url":"https:\/\/secure.gravatar.com\/avatar\/6cf0505f452ee753f485014986fab09a434671d2b919ee76fc541025c5876a70?s=96&d=mm&r=g","contentUrl":"https:\/\/secure.gravatar.com\/avatar\/6cf0505f452ee753f485014986fab09a434671d2b919ee76fc541025c5876a70?s=96&d=mm&r=g","caption":"Memurun Sesi Haber Merkezi"},"sameAs":["https:\/\/memurunsesi.net"],"url":"https:\/\/memurunsesi.net\/index.php\/author\/uniper\/"}]}},"_links":{"self":[{"href":"https:\/\/memurunsesi.net\/index.php\/wp-json\/wp\/v2\/posts\/5133","targetHints":{"allow":["GET"]}}],"collection":[{"href":"https:\/\/memurunsesi.net\/index.php\/wp-json\/wp\/v2\/posts"}],"about":[{"href":"https:\/\/memurunsesi.net\/index.php\/wp-json\/wp\/v2\/types\/post"}],"author":[{"embeddable":true,"href":"https:\/\/memurunsesi.net\/index.php\/wp-json\/wp\/v2\/users\/1"}],"replies":[{"embeddable":true,"href":"https:\/\/memurunsesi.net\/index.php\/wp-json\/wp\/v2\/comments?post=5133"}],"version-history":[{"count":1,"href":"https:\/\/memurunsesi.net\/index.php\/wp-json\/wp\/v2\/posts\/5133\/revisions"}],"predecessor-version":[{"id":5135,"href":"https:\/\/memurunsesi.net\/index.php\/wp-json\/wp\/v2\/posts\/5133\/revisions\/5135"}],"wp:featuredmedia":[{"embeddable":true,"href":"https:\/\/memurunsesi.net\/index.php\/wp-json\/wp\/v2\/media\/5134"}],"wp:attachment":[{"href":"https:\/\/memurunsesi.net\/index.php\/wp-json\/wp\/v2\/media?parent=5133"}],"wp:term":[{"taxonomy":"category","embeddable":true,"href":"https:\/\/memurunsesi.net\/index.php\/wp-json\/wp\/v2\/categories?post=5133"},{"taxonomy":"post_tag","embeddable":true,"href":"https:\/\/memurunsesi.net\/index.php\/wp-json\/wp\/v2\/tags?post=5133"}],"curies":[{"name":"wp","href":"https:\/\/api.w.org\/{rel}","templated":true}]}}