{"id":5136,"date":"2025-04-11T19:56:11","date_gmt":"2025-04-11T16:56:11","guid":{"rendered":"https:\/\/memurunsesi.net\/?p=5136"},"modified":"2025-04-11T19:56:11","modified_gmt":"2025-04-11T16:56:11","slug":"gokova-korfezi-tehlike-altinda","status":"publish","type":"post","link":"https:\/\/memurunsesi.net\/index.php\/2025\/04\/11\/gokova-korfezi-tehlike-altinda\/","title":{"rendered":"G\u00f6kova K\u00f6rfezi tehlike alt\u0131nda"},"content":{"rendered":"<p>Mu\u011fla&#8217;n\u0131n Milas il\u00e7esine ba\u011fl\u0131 \u00d6ren Mahallesi&#8217;nde yap\u0131m\u0131 tamamlanan at\u0131k su ar\u0131tma tesisinin at\u0131k suyunun, Hanay Deresi arac\u0131l\u0131\u011f\u0131yla G\u00f6kova K\u00f6rfezi&#8217;ne de\u015farj edilmesi planlan\u0131yor. Bu durum, b\u00f6lgedeki deniz ekosistemini tehdit etti\u011fi gerek\u00e7esiyle kamuoyunda tart\u0131\u015fmalara yol a\u00e7t\u0131.<br \/>\nMu\u011fla Su ve Kanalizasyon \u0130daresi Genel M\u00fcd\u00fcrl\u00fc\u011f\u00fc (MUSK\u0130) taraf\u0131ndan y\u00fcr\u00fct\u00fclen projede, at\u0131k suyun Hanay Deresi&#8217;ne verilerek G\u00f6kova K\u00f6rfezi&#8217;ne ula\u015ft\u0131r\u0131lmas\u0131 \u00f6ng\u00f6r\u00fcl\u00fcyor. Tamamlanan borulama \u00e7al\u0131\u015fmalar\u0131 sonras\u0131 at\u0131k suyun denize ula\u015ft\u0131r\u0131lmas\u0131 g\u00fcndeme gelirken proje, kamuoyunda G\u00f6kova k\u00f6rfezinin kirletilmesi riski nedeniyle tart\u0131\u015fma konusu oldu. At\u0131k su art\u0131ma tesisinden suyun denize de\u015farj edilmesi yerine MUSK\u0130&#8217;nin yakla\u015f\u0131k 1 km&#8217;lik borulama yapmas\u0131 ve tesise uzak bir noktadan de\u015farj i\u015flemi planlamas\u0131 b\u00f6lgede ya\u015fayanlar\u0131n kafalar\u0131nda soru i\u015faretleri olu\u015fturdu.<\/p>\n<p>Uzmanlar, bu uygulaman\u0131n \u00f6zellikle nesli tehlike alt\u0131nda olan caretta caretta deniz kaplumba\u011falar\u0131, deniz \u00e7ay\u0131rlar\u0131 (Posidonia oceanica) ve di\u011fer endemik t\u00fcrler i\u00e7in geri d\u00f6n\u00fc\u015f\u00fc olmayan sonu\u00e7lar do\u011furabilece\u011fi uyar\u0131s\u0131nda bulunuyor. Ayr\u0131ca deniz suyunda s\u0131cakl\u0131k ve kimyasal dengelerin bozulabilece\u011fi, mikrobiyolojik kirlili\u011fin artabilece\u011fi belirtiliyor.<br \/>\nAt\u0131k suyun G\u00f6kova&#8217;ya de\u015farj edilmesi durumunda denize ula\u015fan kirleticilerin suyun bulan\u0131kl\u0131\u011f\u0131n\u0131 art\u0131rarak g\u00fcne\u015f \u0131\u015f\u0131\u011f\u0131n\u0131 engellemesi durumunda, deniz \u00e7ay\u0131rlar\u0131nda toplu t\u00fcr \u00f6l\u00fcmlerine ve biyolojik \u00e7e\u015fitlilik kayb\u0131na yol a\u00e7abilece\u011fi de ifade ediliyor. \u00d6zellikle yaz aylar\u0131nda, de\u015farj edilen suyun s\u0131cakl\u0131\u011f\u0131 ve i\u00e7erdi\u011fi kirleticiler nedeniyle plajlar\u0131n y\u00fczme suyu kalitesinin d\u00fc\u015febilece\u011fini ve Mavi Bayrak kriterlerinin tehlikeye girebilece\u011fide \u00f6n g\u00f6r\u00fcl\u00fcyor.<br \/>\nProje hakk\u0131nda \u00e7e\u015fitli kurumlar taraf\u0131ndan teknik ve idari itirazlar yap\u0131lmas\u0131na ra\u011fmen in\u015faat \u00e7al\u0131\u015fmalar\u0131n\u0131n s\u00fcrd\u00fc\u011f\u00fc \u00f6\u011frenildi. \u00c7evre bilimciler, Akdeniz&#8217;in en hassas ekosistemlerinden biri olan G\u00f6kova K\u00f6rfezi&#8217;nin korunmas\u0131 i\u00e7in projenin bir an \u00f6nce durdurulmas\u0131 ve at\u0131k su i\u00e7in daha uygun alternatif de\u015farj y\u00f6ntemlerinin de\u011ferlendirilmesi gerekti\u011fini ifade ediyor.<\/p>\n<p>11.04.2025<\/p>\n","protected":false},"excerpt":{"rendered":"<p>Mu\u011fla&#8217;n\u0131n Milas il\u00e7esine ba\u011fl\u0131 \u00d6ren Mahallesi&#8217;nde yap\u0131m\u0131 tamamlanan at\u0131k su ar\u0131tma tesisinin at\u0131k suyunun, Hanay Deresi arac\u0131l\u0131\u011f\u0131yla G\u00f6kova K\u00f6rfezi&#8217;ne de\u015farj edilmesi planlan\u0131yor. Bu durum, b\u00f6lgedeki deniz ekosistemini tehdit etti\u011fi gerek\u00e7esiyle kamuoyunda tart\u0131\u015fmalara yol a\u00e7t\u0131. Mu\u011fla Su ve Kanalizasyon \u0130daresi Genel M\u00fcd\u00fcrl\u00fc\u011f\u00fc (MUSK\u0130) taraf\u0131ndan y\u00fcr\u00fct\u00fclen projede, at\u0131k suyun Hanay Deresi&#8217;ne verilerek G\u00f6kova K\u00f6rfezi&#8217;ne ula\u015ft\u0131r\u0131lmas\u0131 \u00f6ng\u00f6r\u00fcl\u00fcyor. Tamamlanan [&hellip;]<\/p>\n","protected":false},"author":1,"featured_media":5137,"comment_status":"open","ping_status":"open","sticky":false,"template":"","format":"standard","meta":{"footnotes":""},"categories":[1],"tags":[],"class_list":["post-5136","post","type-post","status-publish","format-standard","has-post-thumbnail","hentry","category-genel"],"yoast_head":"<!-- This site is optimized with the Yoast SEO plugin v27.4 - https:\/\/yoast.com\/product\/yoast-seo-wordpress\/ -->\n<title>G\u00f6kova K\u00f6rfezi tehlike alt\u0131nda - Memurun Sesi<\/title>\n<meta name=\"robots\" content=\"index, follow, max-snippet:-1, max-image-preview:large, max-video-preview:-1\" \/>\n<link rel=\"canonical\" href=\"https:\/\/memurunsesi.net\/index.php\/2025\/04\/11\/gokova-korfezi-tehlike-altinda\/\" \/>\n<meta property=\"og:locale\" content=\"tr_TR\" \/>\n<meta property=\"og:type\" content=\"article\" \/>\n<meta property=\"og:title\" content=\"G\u00f6kova K\u00f6rfezi tehlike alt\u0131nda - Memurun Sesi\" \/>\n<meta property=\"og:description\" content=\"Mu\u011fla&#8217;n\u0131n Milas il\u00e7esine ba\u011fl\u0131 \u00d6ren Mahallesi&#8217;nde yap\u0131m\u0131 tamamlanan at\u0131k su ar\u0131tma tesisinin at\u0131k suyunun, Hanay Deresi arac\u0131l\u0131\u011f\u0131yla G\u00f6kova K\u00f6rfezi&#8217;ne de\u015farj edilmesi planlan\u0131yor. Bu durum, b\u00f6lgedeki deniz ekosistemini tehdit etti\u011fi gerek\u00e7esiyle kamuoyunda tart\u0131\u015fmalara yol a\u00e7t\u0131. Mu\u011fla Su ve Kanalizasyon \u0130daresi Genel M\u00fcd\u00fcrl\u00fc\u011f\u00fc (MUSK\u0130) taraf\u0131ndan y\u00fcr\u00fct\u00fclen projede, at\u0131k suyun Hanay Deresi&#8217;ne verilerek G\u00f6kova K\u00f6rfezi&#8217;ne ula\u015ft\u0131r\u0131lmas\u0131 \u00f6ng\u00f6r\u00fcl\u00fcyor. Tamamlanan [&hellip;]\" \/>\n<meta property=\"og:url\" content=\"https:\/\/memurunsesi.net\/index.php\/2025\/04\/11\/gokova-korfezi-tehlike-altinda\/\" \/>\n<meta property=\"og:site_name\" content=\"Memurun Sesi\" \/>\n<meta property=\"article:publisher\" content=\"https:\/\/www.facebook.com\/unipersen\/?locale=tr_TR\" \/>\n<meta property=\"article:published_time\" content=\"2025-04-11T16:56:11+00:00\" \/>\n<meta property=\"og:image\" content=\"https:\/\/memurunsesi.net\/wp-content\/uploads\/2025\/04\/AW430705_01.jpg\" \/>\n\t<meta property=\"og:image:width\" content=\"1600\" \/>\n\t<meta property=\"og:image:height\" content=\"901\" \/>\n\t<meta property=\"og:image:type\" content=\"image\/jpeg\" \/>\n<meta name=\"author\" content=\"Memurun Sesi Haber Merkezi\" \/>\n<meta name=\"twitter:card\" content=\"summary_large_image\" \/>\n<meta name=\"twitter:creator\" content=\"@unipersen\" \/>\n<meta name=\"twitter:site\" content=\"@unipersen\" \/>\n<meta name=\"twitter:label1\" content=\"Yazan:\" \/>\n\t<meta name=\"twitter:data1\" content=\"Memurun Sesi Haber Merkezi\" \/>\n\t<meta name=\"twitter:label2\" content=\"Tahmini okuma s\u00fcresi\" \/>\n\t<meta name=\"twitter:data2\" content=\"2 dakika\" \/>\n<script type=\"application\/ld+json\" class=\"yoast-schema-graph\">{\"@context\":\"https:\\\/\\\/schema.org\",\"@graph\":[{\"@type\":\"Article\",\"@id\":\"https:\\\/\\\/memurunsesi.net\\\/index.php\\\/2025\\\/04\\\/11\\\/gokova-korfezi-tehlike-altinda\\\/#article\",\"isPartOf\":{\"@id\":\"https:\\\/\\\/memurunsesi.net\\\/index.php\\\/2025\\\/04\\\/11\\\/gokova-korfezi-tehlike-altinda\\\/\"},\"author\":{\"name\":\"Memurun Sesi Haber Merkezi\",\"@id\":\"https:\\\/\\\/memurunsesi.net\\\/#\\\/schema\\\/person\\\/f21c2d73b89f6ee1d80b0a1803e38587\"},\"headline\":\"G\u00f6kova K\u00f6rfezi tehlike alt\u0131nda\",\"datePublished\":\"2025-04-11T16:56:11+00:00\",\"mainEntityOfPage\":{\"@id\":\"https:\\\/\\\/memurunsesi.net\\\/index.php\\\/2025\\\/04\\\/11\\\/gokova-korfezi-tehlike-altinda\\\/\"},\"wordCount\":382,\"commentCount\":0,\"publisher\":{\"@id\":\"https:\\\/\\\/memurunsesi.net\\\/#organization\"},\"image\":{\"@id\":\"https:\\\/\\\/memurunsesi.net\\\/index.php\\\/2025\\\/04\\\/11\\\/gokova-korfezi-tehlike-altinda\\\/#primaryimage\"},\"thumbnailUrl\":\"https:\\\/\\\/memurunsesi.net\\\/wp-content\\\/uploads\\\/2025\\\/04\\\/AW430705_01.jpg\",\"inLanguage\":\"tr\",\"potentialAction\":[{\"@type\":\"CommentAction\",\"name\":\"Comment\",\"target\":[\"https:\\\/\\\/memurunsesi.net\\\/index.php\\\/2025\\\/04\\\/11\\\/gokova-korfezi-tehlike-altinda\\\/#respond\"]}]},{\"@type\":\"WebPage\",\"@id\":\"https:\\\/\\\/memurunsesi.net\\\/index.php\\\/2025\\\/04\\\/11\\\/gokova-korfezi-tehlike-altinda\\\/\",\"url\":\"https:\\\/\\\/memurunsesi.net\\\/index.php\\\/2025\\\/04\\\/11\\\/gokova-korfezi-tehlike-altinda\\\/\",\"name\":\"G\u00f6kova K\u00f6rfezi tehlike alt\u0131nda - Memurun Sesi\",\"isPartOf\":{\"@id\":\"https:\\\/\\\/memurunsesi.net\\\/#website\"},\"primaryImageOfPage\":{\"@id\":\"https:\\\/\\\/memurunsesi.net\\\/index.php\\\/2025\\\/04\\\/11\\\/gokova-korfezi-tehlike-altinda\\\/#primaryimage\"},\"image\":{\"@id\":\"https:\\\/\\\/memurunsesi.net\\\/index.php\\\/2025\\\/04\\\/11\\\/gokova-korfezi-tehlike-altinda\\\/#primaryimage\"},\"thumbnailUrl\":\"https:\\\/\\\/memurunsesi.net\\\/wp-content\\\/uploads\\\/2025\\\/04\\\/AW430705_01.jpg\",\"datePublished\":\"2025-04-11T16:56:11+00:00\",\"breadcrumb\":{\"@id\":\"https:\\\/\\\/memurunsesi.net\\\/index.php\\\/2025\\\/04\\\/11\\\/gokova-korfezi-tehlike-altinda\\\/#breadcrumb\"},\"inLanguage\":\"tr\",\"potentialAction\":[{\"@type\":\"ReadAction\",\"target\":[\"https:\\\/\\\/memurunsesi.net\\\/index.php\\\/2025\\\/04\\\/11\\\/gokova-korfezi-tehlike-altinda\\\/\"]}]},{\"@type\":\"ImageObject\",\"inLanguage\":\"tr\",\"@id\":\"https:\\\/\\\/memurunsesi.net\\\/index.php\\\/2025\\\/04\\\/11\\\/gokova-korfezi-tehlike-altinda\\\/#primaryimage\",\"url\":\"https:\\\/\\\/memurunsesi.net\\\/wp-content\\\/uploads\\\/2025\\\/04\\\/AW430705_01.jpg\",\"contentUrl\":\"https:\\\/\\\/memurunsesi.net\\\/wp-content\\\/uploads\\\/2025\\\/04\\\/AW430705_01.jpg\",\"width\":1600,\"height\":901,\"caption\":\"G\u00d6KOVA K\u00d6RFEZ\u0130 TEHL\u0130KE ALTINDA (\u0130HA\\\/MU\u011eLA-\u0130HA) Mu\u011fla'n\u0131n Milas il\u00e7esine ba\u011fl\u0131 \u00d6ren Mahallesi'nde yap\u0131m\u0131 tamamlanan at\u0131k su ar\u0131tma tesisinin at\u0131k suyunun, Hanay Deresi arac\u0131l\u0131\u011f\u0131yla G\u00f6kova K\u00f6rfezi'ne de\u015farj edilmesi planlan\u0131yor. Bu durum, b\u00f6lgedeki deniz ekosistemini tehdit etti\u011fi gerek\u00e7esiyle kamuoyunda tart\u0131\u015fmalara yol a\u00e7t\u0131.\"},{\"@type\":\"BreadcrumbList\",\"@id\":\"https:\\\/\\\/memurunsesi.net\\\/index.php\\\/2025\\\/04\\\/11\\\/gokova-korfezi-tehlike-altinda\\\/#breadcrumb\",\"itemListElement\":[{\"@type\":\"ListItem\",\"position\":1,\"name\":\"Anasayfa\",\"item\":\"https:\\\/\\\/memurunsesi.net\\\/\"},{\"@type\":\"ListItem\",\"position\":2,\"name\":\"G\u00f6kova K\u00f6rfezi tehlike alt\u0131nda\"}]},{\"@type\":\"WebSite\",\"@id\":\"https:\\\/\\\/memurunsesi.net\\\/#website\",\"url\":\"https:\\\/\\\/memurunsesi.net\\\/\",\"name\":\"Memurun Sesi\",\"description\":\"G\u00fcncel ve Do\u011fru Haber\",\"publisher\":{\"@id\":\"https:\\\/\\\/memurunsesi.net\\\/#organization\"},\"potentialAction\":[{\"@type\":\"SearchAction\",\"target\":{\"@type\":\"EntryPoint\",\"urlTemplate\":\"https:\\\/\\\/memurunsesi.net\\\/?s={search_term_string}\"},\"query-input\":{\"@type\":\"PropertyValueSpecification\",\"valueRequired\":true,\"valueName\":\"search_term_string\"}}],\"inLanguage\":\"tr\"},{\"@type\":\"Organization\",\"@id\":\"https:\\\/\\\/memurunsesi.net\\\/#organization\",\"name\":\"Memurun Sesi\",\"url\":\"https:\\\/\\\/memurunsesi.net\\\/\",\"logo\":{\"@type\":\"ImageObject\",\"inLanguage\":\"tr\",\"@id\":\"https:\\\/\\\/memurunsesi.net\\\/#\\\/schema\\\/logo\\\/image\\\/\",\"url\":\"https:\\\/\\\/memurunsesi.net\\\/wp-content\\\/uploads\\\/2025\\\/11\\\/cropped-MEMURUN-SESI.png\",\"contentUrl\":\"https:\\\/\\\/memurunsesi.net\\\/wp-content\\\/uploads\\\/2025\\\/11\\\/cropped-MEMURUN-SESI.png\",\"width\":238,\"height\":57,\"caption\":\"Memurun Sesi\"},\"image\":{\"@id\":\"https:\\\/\\\/memurunsesi.net\\\/#\\\/schema\\\/logo\\\/image\\\/\"},\"sameAs\":[\"https:\\\/\\\/www.facebook.com\\\/unipersen\\\/?locale=tr_TR\",\"https:\\\/\\\/x.com\\\/unipersen\"]},{\"@type\":\"Person\",\"@id\":\"https:\\\/\\\/memurunsesi.net\\\/#\\\/schema\\\/person\\\/f21c2d73b89f6ee1d80b0a1803e38587\",\"name\":\"Memurun Sesi Haber Merkezi\",\"image\":{\"@type\":\"ImageObject\",\"inLanguage\":\"tr\",\"@id\":\"https:\\\/\\\/secure.gravatar.com\\\/avatar\\\/6cf0505f452ee753f485014986fab09a434671d2b919ee76fc541025c5876a70?s=96&d=mm&r=g\",\"url\":\"https:\\\/\\\/secure.gravatar.com\\\/avatar\\\/6cf0505f452ee753f485014986fab09a434671d2b919ee76fc541025c5876a70?s=96&d=mm&r=g\",\"contentUrl\":\"https:\\\/\\\/secure.gravatar.com\\\/avatar\\\/6cf0505f452ee753f485014986fab09a434671d2b919ee76fc541025c5876a70?s=96&d=mm&r=g\",\"caption\":\"Memurun Sesi Haber Merkezi\"},\"sameAs\":[\"https:\\\/\\\/memurunsesi.net\"],\"url\":\"https:\\\/\\\/memurunsesi.net\\\/index.php\\\/author\\\/uniper\\\/\"}]}<\/script>\n<!-- \/ Yoast SEO plugin. -->","yoast_head_json":{"title":"G\u00f6kova K\u00f6rfezi tehlike alt\u0131nda - Memurun Sesi","robots":{"index":"index","follow":"follow","max-snippet":"max-snippet:-1","max-image-preview":"max-image-preview:large","max-video-preview":"max-video-preview:-1"},"canonical":"https:\/\/memurunsesi.net\/index.php\/2025\/04\/11\/gokova-korfezi-tehlike-altinda\/","og_locale":"tr_TR","og_type":"article","og_title":"G\u00f6kova K\u00f6rfezi tehlike alt\u0131nda - Memurun Sesi","og_description":"Mu\u011fla&#8217;n\u0131n Milas il\u00e7esine ba\u011fl\u0131 \u00d6ren Mahallesi&#8217;nde yap\u0131m\u0131 tamamlanan at\u0131k su ar\u0131tma tesisinin at\u0131k suyunun, Hanay Deresi arac\u0131l\u0131\u011f\u0131yla G\u00f6kova K\u00f6rfezi&#8217;ne de\u015farj edilmesi planlan\u0131yor. Bu durum, b\u00f6lgedeki deniz ekosistemini tehdit etti\u011fi gerek\u00e7esiyle kamuoyunda tart\u0131\u015fmalara yol a\u00e7t\u0131. Mu\u011fla Su ve Kanalizasyon \u0130daresi Genel M\u00fcd\u00fcrl\u00fc\u011f\u00fc (MUSK\u0130) taraf\u0131ndan y\u00fcr\u00fct\u00fclen projede, at\u0131k suyun Hanay Deresi&#8217;ne verilerek G\u00f6kova K\u00f6rfezi&#8217;ne ula\u015ft\u0131r\u0131lmas\u0131 \u00f6ng\u00f6r\u00fcl\u00fcyor. Tamamlanan [&hellip;]","og_url":"https:\/\/memurunsesi.net\/index.php\/2025\/04\/11\/gokova-korfezi-tehlike-altinda\/","og_site_name":"Memurun Sesi","article_publisher":"https:\/\/www.facebook.com\/unipersen\/?locale=tr_TR","article_published_time":"2025-04-11T16:56:11+00:00","og_image":[{"width":1600,"height":901,"url":"https:\/\/memurunsesi.net\/wp-content\/uploads\/2025\/04\/AW430705_01.jpg","type":"image\/jpeg"}],"author":"Memurun Sesi Haber Merkezi","twitter_card":"summary_large_image","twitter_creator":"@unipersen","twitter_site":"@unipersen","twitter_misc":{"Yazan:":"Memurun Sesi Haber Merkezi","Tahmini okuma s\u00fcresi":"2 dakika"},"schema":{"@context":"https:\/\/schema.org","@graph":[{"@type":"Article","@id":"https:\/\/memurunsesi.net\/index.php\/2025\/04\/11\/gokova-korfezi-tehlike-altinda\/#article","isPartOf":{"@id":"https:\/\/memurunsesi.net\/index.php\/2025\/04\/11\/gokova-korfezi-tehlike-altinda\/"},"author":{"name":"Memurun Sesi Haber Merkezi","@id":"https:\/\/memurunsesi.net\/#\/schema\/person\/f21c2d73b89f6ee1d80b0a1803e38587"},"headline":"G\u00f6kova K\u00f6rfezi tehlike alt\u0131nda","datePublished":"2025-04-11T16:56:11+00:00","mainEntityOfPage":{"@id":"https:\/\/memurunsesi.net\/index.php\/2025\/04\/11\/gokova-korfezi-tehlike-altinda\/"},"wordCount":382,"commentCount":0,"publisher":{"@id":"https:\/\/memurunsesi.net\/#organization"},"image":{"@id":"https:\/\/memurunsesi.net\/index.php\/2025\/04\/11\/gokova-korfezi-tehlike-altinda\/#primaryimage"},"thumbnailUrl":"https:\/\/memurunsesi.net\/wp-content\/uploads\/2025\/04\/AW430705_01.jpg","inLanguage":"tr","potentialAction":[{"@type":"CommentAction","name":"Comment","target":["https:\/\/memurunsesi.net\/index.php\/2025\/04\/11\/gokova-korfezi-tehlike-altinda\/#respond"]}]},{"@type":"WebPage","@id":"https:\/\/memurunsesi.net\/index.php\/2025\/04\/11\/gokova-korfezi-tehlike-altinda\/","url":"https:\/\/memurunsesi.net\/index.php\/2025\/04\/11\/gokova-korfezi-tehlike-altinda\/","name":"G\u00f6kova K\u00f6rfezi tehlike alt\u0131nda - Memurun Sesi","isPartOf":{"@id":"https:\/\/memurunsesi.net\/#website"},"primaryImageOfPage":{"@id":"https:\/\/memurunsesi.net\/index.php\/2025\/04\/11\/gokova-korfezi-tehlike-altinda\/#primaryimage"},"image":{"@id":"https:\/\/memurunsesi.net\/index.php\/2025\/04\/11\/gokova-korfezi-tehlike-altinda\/#primaryimage"},"thumbnailUrl":"https:\/\/memurunsesi.net\/wp-content\/uploads\/2025\/04\/AW430705_01.jpg","datePublished":"2025-04-11T16:56:11+00:00","breadcrumb":{"@id":"https:\/\/memurunsesi.net\/index.php\/2025\/04\/11\/gokova-korfezi-tehlike-altinda\/#breadcrumb"},"inLanguage":"tr","potentialAction":[{"@type":"ReadAction","target":["https:\/\/memurunsesi.net\/index.php\/2025\/04\/11\/gokova-korfezi-tehlike-altinda\/"]}]},{"@type":"ImageObject","inLanguage":"tr","@id":"https:\/\/memurunsesi.net\/index.php\/2025\/04\/11\/gokova-korfezi-tehlike-altinda\/#primaryimage","url":"https:\/\/memurunsesi.net\/wp-content\/uploads\/2025\/04\/AW430705_01.jpg","contentUrl":"https:\/\/memurunsesi.net\/wp-content\/uploads\/2025\/04\/AW430705_01.jpg","width":1600,"height":901,"caption":"G\u00d6KOVA K\u00d6RFEZ\u0130 TEHL\u0130KE ALTINDA (\u0130HA\/MU\u011eLA-\u0130HA) Mu\u011fla'n\u0131n Milas il\u00e7esine ba\u011fl\u0131 \u00d6ren Mahallesi'nde yap\u0131m\u0131 tamamlanan at\u0131k su ar\u0131tma tesisinin at\u0131k suyunun, Hanay Deresi arac\u0131l\u0131\u011f\u0131yla G\u00f6kova K\u00f6rfezi'ne de\u015farj edilmesi planlan\u0131yor. Bu durum, b\u00f6lgedeki deniz ekosistemini tehdit etti\u011fi gerek\u00e7esiyle kamuoyunda tart\u0131\u015fmalara yol a\u00e7t\u0131."},{"@type":"BreadcrumbList","@id":"https:\/\/memurunsesi.net\/index.php\/2025\/04\/11\/gokova-korfezi-tehlike-altinda\/#breadcrumb","itemListElement":[{"@type":"ListItem","position":1,"name":"Anasayfa","item":"https:\/\/memurunsesi.net\/"},{"@type":"ListItem","position":2,"name":"G\u00f6kova K\u00f6rfezi tehlike alt\u0131nda"}]},{"@type":"WebSite","@id":"https:\/\/memurunsesi.net\/#website","url":"https:\/\/memurunsesi.net\/","name":"Memurun Sesi","description":"G\u00fcncel ve Do\u011fru Haber","publisher":{"@id":"https:\/\/memurunsesi.net\/#organization"},"potentialAction":[{"@type":"SearchAction","target":{"@type":"EntryPoint","urlTemplate":"https:\/\/memurunsesi.net\/?s={search_term_string}"},"query-input":{"@type":"PropertyValueSpecification","valueRequired":true,"valueName":"search_term_string"}}],"inLanguage":"tr"},{"@type":"Organization","@id":"https:\/\/memurunsesi.net\/#organization","name":"Memurun Sesi","url":"https:\/\/memurunsesi.net\/","logo":{"@type":"ImageObject","inLanguage":"tr","@id":"https:\/\/memurunsesi.net\/#\/schema\/logo\/image\/","url":"https:\/\/memurunsesi.net\/wp-content\/uploads\/2025\/11\/cropped-MEMURUN-SESI.png","contentUrl":"https:\/\/memurunsesi.net\/wp-content\/uploads\/2025\/11\/cropped-MEMURUN-SESI.png","width":238,"height":57,"caption":"Memurun Sesi"},"image":{"@id":"https:\/\/memurunsesi.net\/#\/schema\/logo\/image\/"},"sameAs":["https:\/\/www.facebook.com\/unipersen\/?locale=tr_TR","https:\/\/x.com\/unipersen"]},{"@type":"Person","@id":"https:\/\/memurunsesi.net\/#\/schema\/person\/f21c2d73b89f6ee1d80b0a1803e38587","name":"Memurun Sesi Haber Merkezi","image":{"@type":"ImageObject","inLanguage":"tr","@id":"https:\/\/secure.gravatar.com\/avatar\/6cf0505f452ee753f485014986fab09a434671d2b919ee76fc541025c5876a70?s=96&d=mm&r=g","url":"https:\/\/secure.gravatar.com\/avatar\/6cf0505f452ee753f485014986fab09a434671d2b919ee76fc541025c5876a70?s=96&d=mm&r=g","contentUrl":"https:\/\/secure.gravatar.com\/avatar\/6cf0505f452ee753f485014986fab09a434671d2b919ee76fc541025c5876a70?s=96&d=mm&r=g","caption":"Memurun Sesi Haber Merkezi"},"sameAs":["https:\/\/memurunsesi.net"],"url":"https:\/\/memurunsesi.net\/index.php\/author\/uniper\/"}]}},"_links":{"self":[{"href":"https:\/\/memurunsesi.net\/index.php\/wp-json\/wp\/v2\/posts\/5136","targetHints":{"allow":["GET"]}}],"collection":[{"href":"https:\/\/memurunsesi.net\/index.php\/wp-json\/wp\/v2\/posts"}],"about":[{"href":"https:\/\/memurunsesi.net\/index.php\/wp-json\/wp\/v2\/types\/post"}],"author":[{"embeddable":true,"href":"https:\/\/memurunsesi.net\/index.php\/wp-json\/wp\/v2\/users\/1"}],"replies":[{"embeddable":true,"href":"https:\/\/memurunsesi.net\/index.php\/wp-json\/wp\/v2\/comments?post=5136"}],"version-history":[{"count":1,"href":"https:\/\/memurunsesi.net\/index.php\/wp-json\/wp\/v2\/posts\/5136\/revisions"}],"predecessor-version":[{"id":5138,"href":"https:\/\/memurunsesi.net\/index.php\/wp-json\/wp\/v2\/posts\/5136\/revisions\/5138"}],"wp:featuredmedia":[{"embeddable":true,"href":"https:\/\/memurunsesi.net\/index.php\/wp-json\/wp\/v2\/media\/5137"}],"wp:attachment":[{"href":"https:\/\/memurunsesi.net\/index.php\/wp-json\/wp\/v2\/media?parent=5136"}],"wp:term":[{"taxonomy":"category","embeddable":true,"href":"https:\/\/memurunsesi.net\/index.php\/wp-json\/wp\/v2\/categories?post=5136"},{"taxonomy":"post_tag","embeddable":true,"href":"https:\/\/memurunsesi.net\/index.php\/wp-json\/wp\/v2\/tags?post=5136"}],"curies":[{"name":"wp","href":"https:\/\/api.w.org\/{rel}","templated":true}]}}