{"id":5139,"date":"2025-04-11T19:59:45","date_gmt":"2025-04-11T16:59:45","guid":{"rendered":"https:\/\/memurunsesi.net\/?p=5139"},"modified":"2025-04-11T19:59:45","modified_gmt":"2025-04-11T16:59:45","slug":"adanada-yuksek-kesimlerinde-kar-yagisi","status":"publish","type":"post","link":"https:\/\/memurunsesi.net\/index.php\/2025\/04\/11\/adanada-yuksek-kesimlerinde-kar-yagisi\/","title":{"rendered":"Adana&#8217;da y\u00fcksek kesimlerinde kar ya\u011f\u0131\u015f\u0131"},"content":{"rendered":"<p>Adana&#8217;n\u0131n Feke, Saimbeyli, Pozant\u0131 il\u00e7eleri ba\u015fta olmak \u00fczere y\u00fcksek kesimlerde yo\u011fun kar ya\u011f\u0131\u015f\u0131 etkili olmaya ba\u015flad\u0131.<br \/>\nMeteorolojinin uyard\u0131\u011f\u0131 ya\u011f\u0131\u015fl\u0131 hava Adana&#8217;n\u0131n y\u00fcksek rak\u0131ml\u0131 il\u00e7elerinde yer yer etkili oluyor. Bug\u00fcn \u00f6\u011fleden sonra Saimbeyli ve Feke il\u00e7esi ba\u015fta olmak \u00fczere Pozant\u0131 ve yayla kesimlerinde bahar havas\u0131 yerini kar ya\u011f\u0131\u015f\u0131na b\u0131rakt\u0131. Saimbeyli il\u00e7esinde \u00f6\u011fleden sonra aniden ba\u015flayan yo\u011fun kar ya\u011f\u0131\u015f\u0131na hal\u0131 sahada yakalananlar ma\u00e7a ara vermeden devam etti\u011fi. O anlar cep telefonu kameras\u0131na yans\u0131d\u0131. Feke&#8217;nin katran ormanlar\u0131 ve do\u011fal g\u00fczelli\u011fi ile \u00fcnl\u00fc Ormanc\u0131k Mahallesi de yo\u011fun kar ya\u011f\u0131\u015f\u0131 ile birlikte beyaz gelinli\u011fini giydi.<br \/>\nY\u00fcksek kesimlerde yo\u011fun kar ya\u011f\u0131\u015f\u0131 etkisini s\u00fcrd\u00fcr\u00fcrken Kozan ve il\u00e7e merkezlerinde sa\u011fanak ya\u011f\u0131\u015flar etkili oldu\u011fu belirtildi.<br \/>\n11.04.2025<\/p>\n","protected":false},"excerpt":{"rendered":"<p>Adana&#8217;n\u0131n Feke, Saimbeyli, Pozant\u0131 il\u00e7eleri ba\u015fta olmak \u00fczere y\u00fcksek kesimlerde yo\u011fun kar ya\u011f\u0131\u015f\u0131 etkili olmaya ba\u015flad\u0131. Meteorolojinin uyard\u0131\u011f\u0131 ya\u011f\u0131\u015fl\u0131 hava Adana&#8217;n\u0131n y\u00fcksek rak\u0131ml\u0131 il\u00e7elerinde yer yer etkili oluyor. Bug\u00fcn \u00f6\u011fleden sonra Saimbeyli ve Feke il\u00e7esi ba\u015fta olmak \u00fczere Pozant\u0131 ve yayla kesimlerinde bahar havas\u0131 yerini kar ya\u011f\u0131\u015f\u0131na b\u0131rakt\u0131. Saimbeyli il\u00e7esinde \u00f6\u011fleden sonra aniden ba\u015flayan yo\u011fun [&hellip;]<\/p>\n","protected":false},"author":1,"featured_media":5140,"comment_status":"open","ping_status":"open","sticky":false,"template":"","format":"standard","meta":{"footnotes":""},"categories":[1],"tags":[],"class_list":["post-5139","post","type-post","status-publish","format-standard","has-post-thumbnail","hentry","category-genel"],"yoast_head":"<!-- This site is optimized with the Yoast SEO plugin v27.4 - https:\/\/yoast.com\/product\/yoast-seo-wordpress\/ -->\n<title>Adana&#039;da y\u00fcksek kesimlerinde kar ya\u011f\u0131\u015f\u0131 - Memurun Sesi<\/title>\n<meta name=\"robots\" content=\"index, follow, max-snippet:-1, max-image-preview:large, max-video-preview:-1\" \/>\n<link rel=\"canonical\" href=\"https:\/\/memurunsesi.net\/index.php\/2025\/04\/11\/adanada-yuksek-kesimlerinde-kar-yagisi\/\" \/>\n<meta property=\"og:locale\" content=\"tr_TR\" \/>\n<meta property=\"og:type\" content=\"article\" \/>\n<meta property=\"og:title\" content=\"Adana&#039;da y\u00fcksek kesimlerinde kar ya\u011f\u0131\u015f\u0131 - Memurun Sesi\" \/>\n<meta property=\"og:description\" content=\"Adana&#8217;n\u0131n Feke, Saimbeyli, Pozant\u0131 il\u00e7eleri ba\u015fta olmak \u00fczere y\u00fcksek kesimlerde yo\u011fun kar ya\u011f\u0131\u015f\u0131 etkili olmaya ba\u015flad\u0131. Meteorolojinin uyard\u0131\u011f\u0131 ya\u011f\u0131\u015fl\u0131 hava Adana&#8217;n\u0131n y\u00fcksek rak\u0131ml\u0131 il\u00e7elerinde yer yer etkili oluyor. Bug\u00fcn \u00f6\u011fleden sonra Saimbeyli ve Feke il\u00e7esi ba\u015fta olmak \u00fczere Pozant\u0131 ve yayla kesimlerinde bahar havas\u0131 yerini kar ya\u011f\u0131\u015f\u0131na b\u0131rakt\u0131. Saimbeyli il\u00e7esinde \u00f6\u011fleden sonra aniden ba\u015flayan yo\u011fun [&hellip;]\" \/>\n<meta property=\"og:url\" content=\"https:\/\/memurunsesi.net\/index.php\/2025\/04\/11\/adanada-yuksek-kesimlerinde-kar-yagisi\/\" \/>\n<meta property=\"og:site_name\" content=\"Memurun Sesi\" \/>\n<meta property=\"article:publisher\" content=\"https:\/\/www.facebook.com\/unipersen\/?locale=tr_TR\" \/>\n<meta property=\"article:published_time\" content=\"2025-04-11T16:59:45+00:00\" \/>\n<meta property=\"og:image\" content=\"https:\/\/memurunsesi.net\/wp-content\/uploads\/2025\/04\/AW430783_01.jpg\" \/>\n\t<meta property=\"og:image:width\" content=\"1204\" \/>\n\t<meta property=\"og:image:height\" content=\"1600\" \/>\n\t<meta property=\"og:image:type\" content=\"image\/jpeg\" \/>\n<meta name=\"author\" content=\"Memurun Sesi Haber Merkezi\" \/>\n<meta name=\"twitter:card\" content=\"summary_large_image\" \/>\n<meta name=\"twitter:creator\" content=\"@unipersen\" \/>\n<meta name=\"twitter:site\" content=\"@unipersen\" \/>\n<meta name=\"twitter:label1\" content=\"Yazan:\" \/>\n\t<meta name=\"twitter:data1\" content=\"Memurun Sesi Haber Merkezi\" \/>\n\t<meta name=\"twitter:label2\" content=\"Tahmini okuma s\u00fcresi\" \/>\n\t<meta name=\"twitter:data2\" content=\"1 dakika\" \/>\n<script type=\"application\/ld+json\" class=\"yoast-schema-graph\">{\"@context\":\"https:\\\/\\\/schema.org\",\"@graph\":[{\"@type\":\"Article\",\"@id\":\"https:\\\/\\\/memurunsesi.net\\\/index.php\\\/2025\\\/04\\\/11\\\/adanada-yuksek-kesimlerinde-kar-yagisi\\\/#article\",\"isPartOf\":{\"@id\":\"https:\\\/\\\/memurunsesi.net\\\/index.php\\\/2025\\\/04\\\/11\\\/adanada-yuksek-kesimlerinde-kar-yagisi\\\/\"},\"author\":{\"name\":\"Memurun Sesi Haber Merkezi\",\"@id\":\"https:\\\/\\\/memurunsesi.net\\\/#\\\/schema\\\/person\\\/f21c2d73b89f6ee1d80b0a1803e38587\"},\"headline\":\"Adana&#8217;da y\u00fcksek kesimlerinde kar ya\u011f\u0131\u015f\u0131\",\"datePublished\":\"2025-04-11T16:59:45+00:00\",\"mainEntityOfPage\":{\"@id\":\"https:\\\/\\\/memurunsesi.net\\\/index.php\\\/2025\\\/04\\\/11\\\/adanada-yuksek-kesimlerinde-kar-yagisi\\\/\"},\"wordCount\":155,\"commentCount\":0,\"publisher\":{\"@id\":\"https:\\\/\\\/memurunsesi.net\\\/#organization\"},\"image\":{\"@id\":\"https:\\\/\\\/memurunsesi.net\\\/index.php\\\/2025\\\/04\\\/11\\\/adanada-yuksek-kesimlerinde-kar-yagisi\\\/#primaryimage\"},\"thumbnailUrl\":\"https:\\\/\\\/memurunsesi.net\\\/wp-content\\\/uploads\\\/2025\\\/04\\\/AW430783_01.jpg\",\"inLanguage\":\"tr\",\"potentialAction\":[{\"@type\":\"CommentAction\",\"name\":\"Comment\",\"target\":[\"https:\\\/\\\/memurunsesi.net\\\/index.php\\\/2025\\\/04\\\/11\\\/adanada-yuksek-kesimlerinde-kar-yagisi\\\/#respond\"]}]},{\"@type\":\"WebPage\",\"@id\":\"https:\\\/\\\/memurunsesi.net\\\/index.php\\\/2025\\\/04\\\/11\\\/adanada-yuksek-kesimlerinde-kar-yagisi\\\/\",\"url\":\"https:\\\/\\\/memurunsesi.net\\\/index.php\\\/2025\\\/04\\\/11\\\/adanada-yuksek-kesimlerinde-kar-yagisi\\\/\",\"name\":\"Adana'da y\u00fcksek kesimlerinde kar ya\u011f\u0131\u015f\u0131 - Memurun Sesi\",\"isPartOf\":{\"@id\":\"https:\\\/\\\/memurunsesi.net\\\/#website\"},\"primaryImageOfPage\":{\"@id\":\"https:\\\/\\\/memurunsesi.net\\\/index.php\\\/2025\\\/04\\\/11\\\/adanada-yuksek-kesimlerinde-kar-yagisi\\\/#primaryimage\"},\"image\":{\"@id\":\"https:\\\/\\\/memurunsesi.net\\\/index.php\\\/2025\\\/04\\\/11\\\/adanada-yuksek-kesimlerinde-kar-yagisi\\\/#primaryimage\"},\"thumbnailUrl\":\"https:\\\/\\\/memurunsesi.net\\\/wp-content\\\/uploads\\\/2025\\\/04\\\/AW430783_01.jpg\",\"datePublished\":\"2025-04-11T16:59:45+00:00\",\"breadcrumb\":{\"@id\":\"https:\\\/\\\/memurunsesi.net\\\/index.php\\\/2025\\\/04\\\/11\\\/adanada-yuksek-kesimlerinde-kar-yagisi\\\/#breadcrumb\"},\"inLanguage\":\"tr\",\"potentialAction\":[{\"@type\":\"ReadAction\",\"target\":[\"https:\\\/\\\/memurunsesi.net\\\/index.php\\\/2025\\\/04\\\/11\\\/adanada-yuksek-kesimlerinde-kar-yagisi\\\/\"]}]},{\"@type\":\"ImageObject\",\"inLanguage\":\"tr\",\"@id\":\"https:\\\/\\\/memurunsesi.net\\\/index.php\\\/2025\\\/04\\\/11\\\/adanada-yuksek-kesimlerinde-kar-yagisi\\\/#primaryimage\",\"url\":\"https:\\\/\\\/memurunsesi.net\\\/wp-content\\\/uploads\\\/2025\\\/04\\\/AW430783_01.jpg\",\"contentUrl\":\"https:\\\/\\\/memurunsesi.net\\\/wp-content\\\/uploads\\\/2025\\\/04\\\/AW430783_01.jpg\",\"width\":1204,\"height\":1600,\"caption\":\"ADANA KAR YA\u011eI\u015eI (BER\u0130L SOLMU\u015eG\u00dcL\\\/ADANA-\u0130HA) Adana'n\u0131n Feke, Saimbeyli, Pozant\u0131 il\u00e7eleri ba\u015fta olmak \u00fczere y\u00fcksek kesimlerde yo\u011fun kar ya\u011f\u0131\u015f\u0131 etkili olmaya ba\u015flad\u0131.\"},{\"@type\":\"BreadcrumbList\",\"@id\":\"https:\\\/\\\/memurunsesi.net\\\/index.php\\\/2025\\\/04\\\/11\\\/adanada-yuksek-kesimlerinde-kar-yagisi\\\/#breadcrumb\",\"itemListElement\":[{\"@type\":\"ListItem\",\"position\":1,\"name\":\"Anasayfa\",\"item\":\"https:\\\/\\\/memurunsesi.net\\\/\"},{\"@type\":\"ListItem\",\"position\":2,\"name\":\"Adana&#8217;da y\u00fcksek kesimlerinde kar ya\u011f\u0131\u015f\u0131\"}]},{\"@type\":\"WebSite\",\"@id\":\"https:\\\/\\\/memurunsesi.net\\\/#website\",\"url\":\"https:\\\/\\\/memurunsesi.net\\\/\",\"name\":\"Memurun Sesi\",\"description\":\"G\u00fcncel ve Do\u011fru Haber\",\"publisher\":{\"@id\":\"https:\\\/\\\/memurunsesi.net\\\/#organization\"},\"potentialAction\":[{\"@type\":\"SearchAction\",\"target\":{\"@type\":\"EntryPoint\",\"urlTemplate\":\"https:\\\/\\\/memurunsesi.net\\\/?s={search_term_string}\"},\"query-input\":{\"@type\":\"PropertyValueSpecification\",\"valueRequired\":true,\"valueName\":\"search_term_string\"}}],\"inLanguage\":\"tr\"},{\"@type\":\"Organization\",\"@id\":\"https:\\\/\\\/memurunsesi.net\\\/#organization\",\"name\":\"Memurun Sesi\",\"url\":\"https:\\\/\\\/memurunsesi.net\\\/\",\"logo\":{\"@type\":\"ImageObject\",\"inLanguage\":\"tr\",\"@id\":\"https:\\\/\\\/memurunsesi.net\\\/#\\\/schema\\\/logo\\\/image\\\/\",\"url\":\"https:\\\/\\\/memurunsesi.net\\\/wp-content\\\/uploads\\\/2025\\\/11\\\/cropped-MEMURUN-SESI.png\",\"contentUrl\":\"https:\\\/\\\/memurunsesi.net\\\/wp-content\\\/uploads\\\/2025\\\/11\\\/cropped-MEMURUN-SESI.png\",\"width\":238,\"height\":57,\"caption\":\"Memurun Sesi\"},\"image\":{\"@id\":\"https:\\\/\\\/memurunsesi.net\\\/#\\\/schema\\\/logo\\\/image\\\/\"},\"sameAs\":[\"https:\\\/\\\/www.facebook.com\\\/unipersen\\\/?locale=tr_TR\",\"https:\\\/\\\/x.com\\\/unipersen\"]},{\"@type\":\"Person\",\"@id\":\"https:\\\/\\\/memurunsesi.net\\\/#\\\/schema\\\/person\\\/f21c2d73b89f6ee1d80b0a1803e38587\",\"name\":\"Memurun Sesi Haber Merkezi\",\"image\":{\"@type\":\"ImageObject\",\"inLanguage\":\"tr\",\"@id\":\"https:\\\/\\\/secure.gravatar.com\\\/avatar\\\/6cf0505f452ee753f485014986fab09a434671d2b919ee76fc541025c5876a70?s=96&d=mm&r=g\",\"url\":\"https:\\\/\\\/secure.gravatar.com\\\/avatar\\\/6cf0505f452ee753f485014986fab09a434671d2b919ee76fc541025c5876a70?s=96&d=mm&r=g\",\"contentUrl\":\"https:\\\/\\\/secure.gravatar.com\\\/avatar\\\/6cf0505f452ee753f485014986fab09a434671d2b919ee76fc541025c5876a70?s=96&d=mm&r=g\",\"caption\":\"Memurun Sesi Haber Merkezi\"},\"sameAs\":[\"https:\\\/\\\/memurunsesi.net\"],\"url\":\"https:\\\/\\\/memurunsesi.net\\\/index.php\\\/author\\\/uniper\\\/\"}]}<\/script>\n<!-- \/ Yoast SEO plugin. -->","yoast_head_json":{"title":"Adana'da y\u00fcksek kesimlerinde kar ya\u011f\u0131\u015f\u0131 - Memurun Sesi","robots":{"index":"index","follow":"follow","max-snippet":"max-snippet:-1","max-image-preview":"max-image-preview:large","max-video-preview":"max-video-preview:-1"},"canonical":"https:\/\/memurunsesi.net\/index.php\/2025\/04\/11\/adanada-yuksek-kesimlerinde-kar-yagisi\/","og_locale":"tr_TR","og_type":"article","og_title":"Adana'da y\u00fcksek kesimlerinde kar ya\u011f\u0131\u015f\u0131 - Memurun Sesi","og_description":"Adana&#8217;n\u0131n Feke, Saimbeyli, Pozant\u0131 il\u00e7eleri ba\u015fta olmak \u00fczere y\u00fcksek kesimlerde yo\u011fun kar ya\u011f\u0131\u015f\u0131 etkili olmaya ba\u015flad\u0131. Meteorolojinin uyard\u0131\u011f\u0131 ya\u011f\u0131\u015fl\u0131 hava Adana&#8217;n\u0131n y\u00fcksek rak\u0131ml\u0131 il\u00e7elerinde yer yer etkili oluyor. Bug\u00fcn \u00f6\u011fleden sonra Saimbeyli ve Feke il\u00e7esi ba\u015fta olmak \u00fczere Pozant\u0131 ve yayla kesimlerinde bahar havas\u0131 yerini kar ya\u011f\u0131\u015f\u0131na b\u0131rakt\u0131. Saimbeyli il\u00e7esinde \u00f6\u011fleden sonra aniden ba\u015flayan yo\u011fun [&hellip;]","og_url":"https:\/\/memurunsesi.net\/index.php\/2025\/04\/11\/adanada-yuksek-kesimlerinde-kar-yagisi\/","og_site_name":"Memurun Sesi","article_publisher":"https:\/\/www.facebook.com\/unipersen\/?locale=tr_TR","article_published_time":"2025-04-11T16:59:45+00:00","og_image":[{"width":1204,"height":1600,"url":"https:\/\/memurunsesi.net\/wp-content\/uploads\/2025\/04\/AW430783_01.jpg","type":"image\/jpeg"}],"author":"Memurun Sesi Haber Merkezi","twitter_card":"summary_large_image","twitter_creator":"@unipersen","twitter_site":"@unipersen","twitter_misc":{"Yazan:":"Memurun Sesi Haber Merkezi","Tahmini okuma s\u00fcresi":"1 dakika"},"schema":{"@context":"https:\/\/schema.org","@graph":[{"@type":"Article","@id":"https:\/\/memurunsesi.net\/index.php\/2025\/04\/11\/adanada-yuksek-kesimlerinde-kar-yagisi\/#article","isPartOf":{"@id":"https:\/\/memurunsesi.net\/index.php\/2025\/04\/11\/adanada-yuksek-kesimlerinde-kar-yagisi\/"},"author":{"name":"Memurun Sesi Haber Merkezi","@id":"https:\/\/memurunsesi.net\/#\/schema\/person\/f21c2d73b89f6ee1d80b0a1803e38587"},"headline":"Adana&#8217;da y\u00fcksek kesimlerinde kar ya\u011f\u0131\u015f\u0131","datePublished":"2025-04-11T16:59:45+00:00","mainEntityOfPage":{"@id":"https:\/\/memurunsesi.net\/index.php\/2025\/04\/11\/adanada-yuksek-kesimlerinde-kar-yagisi\/"},"wordCount":155,"commentCount":0,"publisher":{"@id":"https:\/\/memurunsesi.net\/#organization"},"image":{"@id":"https:\/\/memurunsesi.net\/index.php\/2025\/04\/11\/adanada-yuksek-kesimlerinde-kar-yagisi\/#primaryimage"},"thumbnailUrl":"https:\/\/memurunsesi.net\/wp-content\/uploads\/2025\/04\/AW430783_01.jpg","inLanguage":"tr","potentialAction":[{"@type":"CommentAction","name":"Comment","target":["https:\/\/memurunsesi.net\/index.php\/2025\/04\/11\/adanada-yuksek-kesimlerinde-kar-yagisi\/#respond"]}]},{"@type":"WebPage","@id":"https:\/\/memurunsesi.net\/index.php\/2025\/04\/11\/adanada-yuksek-kesimlerinde-kar-yagisi\/","url":"https:\/\/memurunsesi.net\/index.php\/2025\/04\/11\/adanada-yuksek-kesimlerinde-kar-yagisi\/","name":"Adana'da y\u00fcksek kesimlerinde kar ya\u011f\u0131\u015f\u0131 - Memurun Sesi","isPartOf":{"@id":"https:\/\/memurunsesi.net\/#website"},"primaryImageOfPage":{"@id":"https:\/\/memurunsesi.net\/index.php\/2025\/04\/11\/adanada-yuksek-kesimlerinde-kar-yagisi\/#primaryimage"},"image":{"@id":"https:\/\/memurunsesi.net\/index.php\/2025\/04\/11\/adanada-yuksek-kesimlerinde-kar-yagisi\/#primaryimage"},"thumbnailUrl":"https:\/\/memurunsesi.net\/wp-content\/uploads\/2025\/04\/AW430783_01.jpg","datePublished":"2025-04-11T16:59:45+00:00","breadcrumb":{"@id":"https:\/\/memurunsesi.net\/index.php\/2025\/04\/11\/adanada-yuksek-kesimlerinde-kar-yagisi\/#breadcrumb"},"inLanguage":"tr","potentialAction":[{"@type":"ReadAction","target":["https:\/\/memurunsesi.net\/index.php\/2025\/04\/11\/adanada-yuksek-kesimlerinde-kar-yagisi\/"]}]},{"@type":"ImageObject","inLanguage":"tr","@id":"https:\/\/memurunsesi.net\/index.php\/2025\/04\/11\/adanada-yuksek-kesimlerinde-kar-yagisi\/#primaryimage","url":"https:\/\/memurunsesi.net\/wp-content\/uploads\/2025\/04\/AW430783_01.jpg","contentUrl":"https:\/\/memurunsesi.net\/wp-content\/uploads\/2025\/04\/AW430783_01.jpg","width":1204,"height":1600,"caption":"ADANA KAR YA\u011eI\u015eI (BER\u0130L SOLMU\u015eG\u00dcL\/ADANA-\u0130HA) Adana'n\u0131n Feke, Saimbeyli, Pozant\u0131 il\u00e7eleri ba\u015fta olmak \u00fczere y\u00fcksek kesimlerde yo\u011fun kar ya\u011f\u0131\u015f\u0131 etkili olmaya ba\u015flad\u0131."},{"@type":"BreadcrumbList","@id":"https:\/\/memurunsesi.net\/index.php\/2025\/04\/11\/adanada-yuksek-kesimlerinde-kar-yagisi\/#breadcrumb","itemListElement":[{"@type":"ListItem","position":1,"name":"Anasayfa","item":"https:\/\/memurunsesi.net\/"},{"@type":"ListItem","position":2,"name":"Adana&#8217;da y\u00fcksek kesimlerinde kar ya\u011f\u0131\u015f\u0131"}]},{"@type":"WebSite","@id":"https:\/\/memurunsesi.net\/#website","url":"https:\/\/memurunsesi.net\/","name":"Memurun Sesi","description":"G\u00fcncel ve Do\u011fru Haber","publisher":{"@id":"https:\/\/memurunsesi.net\/#organization"},"potentialAction":[{"@type":"SearchAction","target":{"@type":"EntryPoint","urlTemplate":"https:\/\/memurunsesi.net\/?s={search_term_string}"},"query-input":{"@type":"PropertyValueSpecification","valueRequired":true,"valueName":"search_term_string"}}],"inLanguage":"tr"},{"@type":"Organization","@id":"https:\/\/memurunsesi.net\/#organization","name":"Memurun Sesi","url":"https:\/\/memurunsesi.net\/","logo":{"@type":"ImageObject","inLanguage":"tr","@id":"https:\/\/memurunsesi.net\/#\/schema\/logo\/image\/","url":"https:\/\/memurunsesi.net\/wp-content\/uploads\/2025\/11\/cropped-MEMURUN-SESI.png","contentUrl":"https:\/\/memurunsesi.net\/wp-content\/uploads\/2025\/11\/cropped-MEMURUN-SESI.png","width":238,"height":57,"caption":"Memurun Sesi"},"image":{"@id":"https:\/\/memurunsesi.net\/#\/schema\/logo\/image\/"},"sameAs":["https:\/\/www.facebook.com\/unipersen\/?locale=tr_TR","https:\/\/x.com\/unipersen"]},{"@type":"Person","@id":"https:\/\/memurunsesi.net\/#\/schema\/person\/f21c2d73b89f6ee1d80b0a1803e38587","name":"Memurun Sesi Haber Merkezi","image":{"@type":"ImageObject","inLanguage":"tr","@id":"https:\/\/secure.gravatar.com\/avatar\/6cf0505f452ee753f485014986fab09a434671d2b919ee76fc541025c5876a70?s=96&d=mm&r=g","url":"https:\/\/secure.gravatar.com\/avatar\/6cf0505f452ee753f485014986fab09a434671d2b919ee76fc541025c5876a70?s=96&d=mm&r=g","contentUrl":"https:\/\/secure.gravatar.com\/avatar\/6cf0505f452ee753f485014986fab09a434671d2b919ee76fc541025c5876a70?s=96&d=mm&r=g","caption":"Memurun Sesi Haber Merkezi"},"sameAs":["https:\/\/memurunsesi.net"],"url":"https:\/\/memurunsesi.net\/index.php\/author\/uniper\/"}]}},"_links":{"self":[{"href":"https:\/\/memurunsesi.net\/index.php\/wp-json\/wp\/v2\/posts\/5139","targetHints":{"allow":["GET"]}}],"collection":[{"href":"https:\/\/memurunsesi.net\/index.php\/wp-json\/wp\/v2\/posts"}],"about":[{"href":"https:\/\/memurunsesi.net\/index.php\/wp-json\/wp\/v2\/types\/post"}],"author":[{"embeddable":true,"href":"https:\/\/memurunsesi.net\/index.php\/wp-json\/wp\/v2\/users\/1"}],"replies":[{"embeddable":true,"href":"https:\/\/memurunsesi.net\/index.php\/wp-json\/wp\/v2\/comments?post=5139"}],"version-history":[{"count":1,"href":"https:\/\/memurunsesi.net\/index.php\/wp-json\/wp\/v2\/posts\/5139\/revisions"}],"predecessor-version":[{"id":5141,"href":"https:\/\/memurunsesi.net\/index.php\/wp-json\/wp\/v2\/posts\/5139\/revisions\/5141"}],"wp:featuredmedia":[{"embeddable":true,"href":"https:\/\/memurunsesi.net\/index.php\/wp-json\/wp\/v2\/media\/5140"}],"wp:attachment":[{"href":"https:\/\/memurunsesi.net\/index.php\/wp-json\/wp\/v2\/media?parent=5139"}],"wp:term":[{"taxonomy":"category","embeddable":true,"href":"https:\/\/memurunsesi.net\/index.php\/wp-json\/wp\/v2\/categories?post=5139"},{"taxonomy":"post_tag","embeddable":true,"href":"https:\/\/memurunsesi.net\/index.php\/wp-json\/wp\/v2\/tags?post=5139"}],"curies":[{"name":"wp","href":"https:\/\/api.w.org\/{rel}","templated":true}]}}