{"id":5158,"date":"2025-04-11T20:22:13","date_gmt":"2025-04-11T17:22:13","guid":{"rendered":"https:\/\/memurunsesi.net\/?p=5158"},"modified":"2025-04-11T20:22:13","modified_gmt":"2025-04-11T17:22:13","slug":"erzurum-yakutiye-faik-gungor-ortaokulundan-tubitakta-buyuk-basari","status":"publish","type":"post","link":"https:\/\/memurunsesi.net\/index.php\/2025\/04\/11\/erzurum-yakutiye-faik-gungor-ortaokulundan-tubitakta-buyuk-basari\/","title":{"rendered":"Erzurum Yakutiye Faik G\u00fcng\u00f6r Ortaokulundan T\u00dcB\u0130TAK&#8217;ta b\u00fcy\u00fck ba\u015far\u0131"},"content":{"rendered":"<p>Erzurum Yakutiye Faik G\u00fcng\u00f6r Ortaokulu, bu y\u0131l ilk kez kat\u0131ld\u0131\u011f\u0131 T\u00dcB\u0130TAK 19. Ortaokul \u00d6\u011frencileri Ara\u015ft\u0131rma Projeleri Yar\u0131\u015fmas\u0131nda \u00f6nemli bir ba\u015far\u0131ya imza att\u0131.<br \/>\nRecep Tayyip Erdo\u011fan \u00dcniversitesi Sa\u011fl\u0131k, K\u00fclt\u00fcr ve Spor Daire Ba\u015fkanl\u0131\u011f\u0131 ev sahipli\u011finde d\u00fczenlenen yar\u0131\u015fmada, Teknolojik Tasar\u0131m alan\u0131nda B\u00f6lge 2.&#8217;li\u011fi elde eden 8. S\u0131n\u0131f \u00f6\u011frencisi Berrin \u0130\u015fg\u00f6ren ve Proje Rehber \u00d6\u011fretmeni Tuba Ka\u00e7ano\u011flu okullar\u0131n\u0131 temsil eden iki isim oldu.<br \/>\n\u00d6d\u00fcl\u00fcn\u00fc Erzurum \u0130l Milli E\u011fitim M\u00fcd\u00fcr\u00fc Yakup Y\u0131ld\u0131z\u2019\u0131n elinden alan Berrin \u0130\u015fg\u00f6ren, &#8220;Faik G\u00fcng\u00f6r Ortaokulu proje ekibinde yer ald\u0131\u011f\u0131m ve okulumuzun ad\u0131n\u0131 b\u00f6yle g\u00fczel bir ba\u015far\u0131yla duyurdu\u011fum i\u00e7in \u00e7ok memnunum.&#8221; dedi.<\/p>\n<p>11.04.2025<\/p>\n","protected":false},"excerpt":{"rendered":"<p>Erzurum Yakutiye Faik G\u00fcng\u00f6r Ortaokulu, bu y\u0131l ilk kez kat\u0131ld\u0131\u011f\u0131 T\u00dcB\u0130TAK 19. Ortaokul \u00d6\u011frencileri Ara\u015ft\u0131rma Projeleri Yar\u0131\u015fmas\u0131nda \u00f6nemli bir ba\u015far\u0131ya imza att\u0131. Recep Tayyip Erdo\u011fan \u00dcniversitesi Sa\u011fl\u0131k, K\u00fclt\u00fcr ve Spor Daire Ba\u015fkanl\u0131\u011f\u0131 ev sahipli\u011finde d\u00fczenlenen yar\u0131\u015fmada, Teknolojik Tasar\u0131m alan\u0131nda B\u00f6lge 2.&#8217;li\u011fi elde eden 8. S\u0131n\u0131f \u00f6\u011frencisi Berrin \u0130\u015fg\u00f6ren ve Proje Rehber \u00d6\u011fretmeni Tuba Ka\u00e7ano\u011flu okullar\u0131n\u0131 [&hellip;]<\/p>\n","protected":false},"author":1,"featured_media":5159,"comment_status":"open","ping_status":"open","sticky":false,"template":"","format":"standard","meta":{"footnotes":""},"categories":[45],"tags":[],"class_list":["post-5158","post","type-post","status-publish","format-standard","has-post-thumbnail","hentry","category-gundem"],"yoast_head":"<!-- This site is optimized with the Yoast SEO plugin v27.4 - https:\/\/yoast.com\/product\/yoast-seo-wordpress\/ -->\n<title>Erzurum Yakutiye Faik G\u00fcng\u00f6r Ortaokulundan T\u00dcB\u0130TAK&#039;ta b\u00fcy\u00fck ba\u015far\u0131 - Memurun Sesi<\/title>\n<meta name=\"robots\" content=\"index, follow, max-snippet:-1, max-image-preview:large, max-video-preview:-1\" \/>\n<link rel=\"canonical\" href=\"https:\/\/memurunsesi.net\/index.php\/2025\/04\/11\/erzurum-yakutiye-faik-gungor-ortaokulundan-tubitakta-buyuk-basari\/\" \/>\n<meta property=\"og:locale\" content=\"tr_TR\" \/>\n<meta property=\"og:type\" content=\"article\" \/>\n<meta property=\"og:title\" content=\"Erzurum Yakutiye Faik G\u00fcng\u00f6r Ortaokulundan T\u00dcB\u0130TAK&#039;ta b\u00fcy\u00fck ba\u015far\u0131 - Memurun Sesi\" \/>\n<meta property=\"og:description\" content=\"Erzurum Yakutiye Faik G\u00fcng\u00f6r Ortaokulu, bu y\u0131l ilk kez kat\u0131ld\u0131\u011f\u0131 T\u00dcB\u0130TAK 19. Ortaokul \u00d6\u011frencileri Ara\u015ft\u0131rma Projeleri Yar\u0131\u015fmas\u0131nda \u00f6nemli bir ba\u015far\u0131ya imza att\u0131. Recep Tayyip Erdo\u011fan \u00dcniversitesi Sa\u011fl\u0131k, K\u00fclt\u00fcr ve Spor Daire Ba\u015fkanl\u0131\u011f\u0131 ev sahipli\u011finde d\u00fczenlenen yar\u0131\u015fmada, Teknolojik Tasar\u0131m alan\u0131nda B\u00f6lge 2.&#8217;li\u011fi elde eden 8. S\u0131n\u0131f \u00f6\u011frencisi Berrin \u0130\u015fg\u00f6ren ve Proje Rehber \u00d6\u011fretmeni Tuba Ka\u00e7ano\u011flu okullar\u0131n\u0131 [&hellip;]\" \/>\n<meta property=\"og:url\" content=\"https:\/\/memurunsesi.net\/index.php\/2025\/04\/11\/erzurum-yakutiye-faik-gungor-ortaokulundan-tubitakta-buyuk-basari\/\" \/>\n<meta property=\"og:site_name\" content=\"Memurun Sesi\" \/>\n<meta property=\"article:publisher\" content=\"https:\/\/www.facebook.com\/unipersen\/?locale=tr_TR\" \/>\n<meta property=\"article:published_time\" content=\"2025-04-11T17:22:13+00:00\" \/>\n<meta property=\"og:image\" content=\"https:\/\/memurunsesi.net\/wp-content\/uploads\/2025\/04\/AW430749_01.jpg\" \/>\n\t<meta property=\"og:image:width\" content=\"405\" \/>\n\t<meta property=\"og:image:height\" content=\"336\" \/>\n\t<meta property=\"og:image:type\" content=\"image\/jpeg\" \/>\n<meta name=\"author\" content=\"Memurun Sesi Haber Merkezi\" \/>\n<meta name=\"twitter:card\" content=\"summary_large_image\" \/>\n<meta name=\"twitter:creator\" content=\"@unipersen\" \/>\n<meta name=\"twitter:site\" content=\"@unipersen\" \/>\n<meta name=\"twitter:label1\" content=\"Yazan:\" \/>\n\t<meta name=\"twitter:data1\" content=\"Memurun Sesi Haber Merkezi\" \/>\n\t<meta name=\"twitter:label2\" content=\"Tahmini okuma s\u00fcresi\" \/>\n\t<meta name=\"twitter:data2\" content=\"1 dakika\" \/>\n<script type=\"application\/ld+json\" class=\"yoast-schema-graph\">{\"@context\":\"https:\\\/\\\/schema.org\",\"@graph\":[{\"@type\":\"Article\",\"@id\":\"https:\\\/\\\/memurunsesi.net\\\/index.php\\\/2025\\\/04\\\/11\\\/erzurum-yakutiye-faik-gungor-ortaokulundan-tubitakta-buyuk-basari\\\/#article\",\"isPartOf\":{\"@id\":\"https:\\\/\\\/memurunsesi.net\\\/index.php\\\/2025\\\/04\\\/11\\\/erzurum-yakutiye-faik-gungor-ortaokulundan-tubitakta-buyuk-basari\\\/\"},\"author\":{\"name\":\"Memurun Sesi Haber Merkezi\",\"@id\":\"https:\\\/\\\/memurunsesi.net\\\/#\\\/schema\\\/person\\\/f21c2d73b89f6ee1d80b0a1803e38587\"},\"headline\":\"Erzurum Yakutiye Faik G\u00fcng\u00f6r Ortaokulundan T\u00dcB\u0130TAK&#8217;ta b\u00fcy\u00fck ba\u015far\u0131\",\"datePublished\":\"2025-04-11T17:22:13+00:00\",\"mainEntityOfPage\":{\"@id\":\"https:\\\/\\\/memurunsesi.net\\\/index.php\\\/2025\\\/04\\\/11\\\/erzurum-yakutiye-faik-gungor-ortaokulundan-tubitakta-buyuk-basari\\\/\"},\"wordCount\":155,\"commentCount\":0,\"publisher\":{\"@id\":\"https:\\\/\\\/memurunsesi.net\\\/#organization\"},\"image\":{\"@id\":\"https:\\\/\\\/memurunsesi.net\\\/index.php\\\/2025\\\/04\\\/11\\\/erzurum-yakutiye-faik-gungor-ortaokulundan-tubitakta-buyuk-basari\\\/#primaryimage\"},\"thumbnailUrl\":\"https:\\\/\\\/memurunsesi.net\\\/wp-content\\\/uploads\\\/2025\\\/04\\\/AW430749_01.jpg\",\"articleSection\":[\"G\u00fcndem\"],\"inLanguage\":\"tr\",\"potentialAction\":[{\"@type\":\"CommentAction\",\"name\":\"Comment\",\"target\":[\"https:\\\/\\\/memurunsesi.net\\\/index.php\\\/2025\\\/04\\\/11\\\/erzurum-yakutiye-faik-gungor-ortaokulundan-tubitakta-buyuk-basari\\\/#respond\"]}]},{\"@type\":\"WebPage\",\"@id\":\"https:\\\/\\\/memurunsesi.net\\\/index.php\\\/2025\\\/04\\\/11\\\/erzurum-yakutiye-faik-gungor-ortaokulundan-tubitakta-buyuk-basari\\\/\",\"url\":\"https:\\\/\\\/memurunsesi.net\\\/index.php\\\/2025\\\/04\\\/11\\\/erzurum-yakutiye-faik-gungor-ortaokulundan-tubitakta-buyuk-basari\\\/\",\"name\":\"Erzurum Yakutiye Faik G\u00fcng\u00f6r Ortaokulundan T\u00dcB\u0130TAK'ta b\u00fcy\u00fck ba\u015far\u0131 - Memurun Sesi\",\"isPartOf\":{\"@id\":\"https:\\\/\\\/memurunsesi.net\\\/#website\"},\"primaryImageOfPage\":{\"@id\":\"https:\\\/\\\/memurunsesi.net\\\/index.php\\\/2025\\\/04\\\/11\\\/erzurum-yakutiye-faik-gungor-ortaokulundan-tubitakta-buyuk-basari\\\/#primaryimage\"},\"image\":{\"@id\":\"https:\\\/\\\/memurunsesi.net\\\/index.php\\\/2025\\\/04\\\/11\\\/erzurum-yakutiye-faik-gungor-ortaokulundan-tubitakta-buyuk-basari\\\/#primaryimage\"},\"thumbnailUrl\":\"https:\\\/\\\/memurunsesi.net\\\/wp-content\\\/uploads\\\/2025\\\/04\\\/AW430749_01.jpg\",\"datePublished\":\"2025-04-11T17:22:13+00:00\",\"breadcrumb\":{\"@id\":\"https:\\\/\\\/memurunsesi.net\\\/index.php\\\/2025\\\/04\\\/11\\\/erzurum-yakutiye-faik-gungor-ortaokulundan-tubitakta-buyuk-basari\\\/#breadcrumb\"},\"inLanguage\":\"tr\",\"potentialAction\":[{\"@type\":\"ReadAction\",\"target\":[\"https:\\\/\\\/memurunsesi.net\\\/index.php\\\/2025\\\/04\\\/11\\\/erzurum-yakutiye-faik-gungor-ortaokulundan-tubitakta-buyuk-basari\\\/\"]}]},{\"@type\":\"ImageObject\",\"inLanguage\":\"tr\",\"@id\":\"https:\\\/\\\/memurunsesi.net\\\/index.php\\\/2025\\\/04\\\/11\\\/erzurum-yakutiye-faik-gungor-ortaokulundan-tubitakta-buyuk-basari\\\/#primaryimage\",\"url\":\"https:\\\/\\\/memurunsesi.net\\\/wp-content\\\/uploads\\\/2025\\\/04\\\/AW430749_01.jpg\",\"contentUrl\":\"https:\\\/\\\/memurunsesi.net\\\/wp-content\\\/uploads\\\/2025\\\/04\\\/AW430749_01.jpg\",\"width\":405,\"height\":336,\"caption\":\"ERZURUM YAKUT\u0130YE FA\u0130K G\u00dcNG\u00d6R ORTAOKULU, BU YIL \u0130LK KEZ KATILDI\u011eI T\u00dcB\u0130TAK 19. ORTAOKUL \u00d6\u011eRENC\u0130LER\u0130 ARA\u015eTIRMA PROJELER\u0130 YARI\u015eMASINDA \u00d6NEML\u0130 B\u0130R BA\u015eARIYA \u0130MZA ATTI. (\u0130HA\\\/ERZURUM-\u0130HA) Erzurum Yakutiye Faik G\u00fcng\u00f6r Ortaokulu, bu y\u0131l ilk kez kat\u0131ld\u0131\u011f\u0131 T\u00dcB\u0130TAK 19. Ortaokul \u00d6\u011frencileri Ara\u015ft\u0131rma Projeleri Yar\u0131\u015fmas\u0131nda \u00f6nemli bir ba\u015far\u0131ya imza att\u0131.\"},{\"@type\":\"BreadcrumbList\",\"@id\":\"https:\\\/\\\/memurunsesi.net\\\/index.php\\\/2025\\\/04\\\/11\\\/erzurum-yakutiye-faik-gungor-ortaokulundan-tubitakta-buyuk-basari\\\/#breadcrumb\",\"itemListElement\":[{\"@type\":\"ListItem\",\"position\":1,\"name\":\"Anasayfa\",\"item\":\"https:\\\/\\\/memurunsesi.net\\\/\"},{\"@type\":\"ListItem\",\"position\":2,\"name\":\"Erzurum Yakutiye Faik G\u00fcng\u00f6r Ortaokulundan T\u00dcB\u0130TAK&#8217;ta b\u00fcy\u00fck ba\u015far\u0131\"}]},{\"@type\":\"WebSite\",\"@id\":\"https:\\\/\\\/memurunsesi.net\\\/#website\",\"url\":\"https:\\\/\\\/memurunsesi.net\\\/\",\"name\":\"Memurun Sesi\",\"description\":\"G\u00fcncel ve Do\u011fru Haber\",\"publisher\":{\"@id\":\"https:\\\/\\\/memurunsesi.net\\\/#organization\"},\"potentialAction\":[{\"@type\":\"SearchAction\",\"target\":{\"@type\":\"EntryPoint\",\"urlTemplate\":\"https:\\\/\\\/memurunsesi.net\\\/?s={search_term_string}\"},\"query-input\":{\"@type\":\"PropertyValueSpecification\",\"valueRequired\":true,\"valueName\":\"search_term_string\"}}],\"inLanguage\":\"tr\"},{\"@type\":\"Organization\",\"@id\":\"https:\\\/\\\/memurunsesi.net\\\/#organization\",\"name\":\"Memurun Sesi\",\"url\":\"https:\\\/\\\/memurunsesi.net\\\/\",\"logo\":{\"@type\":\"ImageObject\",\"inLanguage\":\"tr\",\"@id\":\"https:\\\/\\\/memurunsesi.net\\\/#\\\/schema\\\/logo\\\/image\\\/\",\"url\":\"https:\\\/\\\/memurunsesi.net\\\/wp-content\\\/uploads\\\/2025\\\/11\\\/cropped-MEMURUN-SESI.png\",\"contentUrl\":\"https:\\\/\\\/memurunsesi.net\\\/wp-content\\\/uploads\\\/2025\\\/11\\\/cropped-MEMURUN-SESI.png\",\"width\":238,\"height\":57,\"caption\":\"Memurun Sesi\"},\"image\":{\"@id\":\"https:\\\/\\\/memurunsesi.net\\\/#\\\/schema\\\/logo\\\/image\\\/\"},\"sameAs\":[\"https:\\\/\\\/www.facebook.com\\\/unipersen\\\/?locale=tr_TR\",\"https:\\\/\\\/x.com\\\/unipersen\"]},{\"@type\":\"Person\",\"@id\":\"https:\\\/\\\/memurunsesi.net\\\/#\\\/schema\\\/person\\\/f21c2d73b89f6ee1d80b0a1803e38587\",\"name\":\"Memurun Sesi Haber Merkezi\",\"image\":{\"@type\":\"ImageObject\",\"inLanguage\":\"tr\",\"@id\":\"https:\\\/\\\/secure.gravatar.com\\\/avatar\\\/6cf0505f452ee753f485014986fab09a434671d2b919ee76fc541025c5876a70?s=96&d=mm&r=g\",\"url\":\"https:\\\/\\\/secure.gravatar.com\\\/avatar\\\/6cf0505f452ee753f485014986fab09a434671d2b919ee76fc541025c5876a70?s=96&d=mm&r=g\",\"contentUrl\":\"https:\\\/\\\/secure.gravatar.com\\\/avatar\\\/6cf0505f452ee753f485014986fab09a434671d2b919ee76fc541025c5876a70?s=96&d=mm&r=g\",\"caption\":\"Memurun Sesi Haber Merkezi\"},\"sameAs\":[\"https:\\\/\\\/memurunsesi.net\"],\"url\":\"https:\\\/\\\/memurunsesi.net\\\/index.php\\\/author\\\/uniper\\\/\"}]}<\/script>\n<!-- \/ Yoast SEO plugin. -->","yoast_head_json":{"title":"Erzurum Yakutiye Faik G\u00fcng\u00f6r Ortaokulundan T\u00dcB\u0130TAK'ta b\u00fcy\u00fck ba\u015far\u0131 - Memurun Sesi","robots":{"index":"index","follow":"follow","max-snippet":"max-snippet:-1","max-image-preview":"max-image-preview:large","max-video-preview":"max-video-preview:-1"},"canonical":"https:\/\/memurunsesi.net\/index.php\/2025\/04\/11\/erzurum-yakutiye-faik-gungor-ortaokulundan-tubitakta-buyuk-basari\/","og_locale":"tr_TR","og_type":"article","og_title":"Erzurum Yakutiye Faik G\u00fcng\u00f6r Ortaokulundan T\u00dcB\u0130TAK'ta b\u00fcy\u00fck ba\u015far\u0131 - Memurun Sesi","og_description":"Erzurum Yakutiye Faik G\u00fcng\u00f6r Ortaokulu, bu y\u0131l ilk kez kat\u0131ld\u0131\u011f\u0131 T\u00dcB\u0130TAK 19. Ortaokul \u00d6\u011frencileri Ara\u015ft\u0131rma Projeleri Yar\u0131\u015fmas\u0131nda \u00f6nemli bir ba\u015far\u0131ya imza att\u0131. Recep Tayyip Erdo\u011fan \u00dcniversitesi Sa\u011fl\u0131k, K\u00fclt\u00fcr ve Spor Daire Ba\u015fkanl\u0131\u011f\u0131 ev sahipli\u011finde d\u00fczenlenen yar\u0131\u015fmada, Teknolojik Tasar\u0131m alan\u0131nda B\u00f6lge 2.&#8217;li\u011fi elde eden 8. S\u0131n\u0131f \u00f6\u011frencisi Berrin \u0130\u015fg\u00f6ren ve Proje Rehber \u00d6\u011fretmeni Tuba Ka\u00e7ano\u011flu okullar\u0131n\u0131 [&hellip;]","og_url":"https:\/\/memurunsesi.net\/index.php\/2025\/04\/11\/erzurum-yakutiye-faik-gungor-ortaokulundan-tubitakta-buyuk-basari\/","og_site_name":"Memurun Sesi","article_publisher":"https:\/\/www.facebook.com\/unipersen\/?locale=tr_TR","article_published_time":"2025-04-11T17:22:13+00:00","og_image":[{"width":405,"height":336,"url":"https:\/\/memurunsesi.net\/wp-content\/uploads\/2025\/04\/AW430749_01.jpg","type":"image\/jpeg"}],"author":"Memurun Sesi Haber Merkezi","twitter_card":"summary_large_image","twitter_creator":"@unipersen","twitter_site":"@unipersen","twitter_misc":{"Yazan:":"Memurun Sesi Haber Merkezi","Tahmini okuma s\u00fcresi":"1 dakika"},"schema":{"@context":"https:\/\/schema.org","@graph":[{"@type":"Article","@id":"https:\/\/memurunsesi.net\/index.php\/2025\/04\/11\/erzurum-yakutiye-faik-gungor-ortaokulundan-tubitakta-buyuk-basari\/#article","isPartOf":{"@id":"https:\/\/memurunsesi.net\/index.php\/2025\/04\/11\/erzurum-yakutiye-faik-gungor-ortaokulundan-tubitakta-buyuk-basari\/"},"author":{"name":"Memurun Sesi Haber Merkezi","@id":"https:\/\/memurunsesi.net\/#\/schema\/person\/f21c2d73b89f6ee1d80b0a1803e38587"},"headline":"Erzurum Yakutiye Faik G\u00fcng\u00f6r Ortaokulundan T\u00dcB\u0130TAK&#8217;ta b\u00fcy\u00fck ba\u015far\u0131","datePublished":"2025-04-11T17:22:13+00:00","mainEntityOfPage":{"@id":"https:\/\/memurunsesi.net\/index.php\/2025\/04\/11\/erzurum-yakutiye-faik-gungor-ortaokulundan-tubitakta-buyuk-basari\/"},"wordCount":155,"commentCount":0,"publisher":{"@id":"https:\/\/memurunsesi.net\/#organization"},"image":{"@id":"https:\/\/memurunsesi.net\/index.php\/2025\/04\/11\/erzurum-yakutiye-faik-gungor-ortaokulundan-tubitakta-buyuk-basari\/#primaryimage"},"thumbnailUrl":"https:\/\/memurunsesi.net\/wp-content\/uploads\/2025\/04\/AW430749_01.jpg","articleSection":["G\u00fcndem"],"inLanguage":"tr","potentialAction":[{"@type":"CommentAction","name":"Comment","target":["https:\/\/memurunsesi.net\/index.php\/2025\/04\/11\/erzurum-yakutiye-faik-gungor-ortaokulundan-tubitakta-buyuk-basari\/#respond"]}]},{"@type":"WebPage","@id":"https:\/\/memurunsesi.net\/index.php\/2025\/04\/11\/erzurum-yakutiye-faik-gungor-ortaokulundan-tubitakta-buyuk-basari\/","url":"https:\/\/memurunsesi.net\/index.php\/2025\/04\/11\/erzurum-yakutiye-faik-gungor-ortaokulundan-tubitakta-buyuk-basari\/","name":"Erzurum Yakutiye Faik G\u00fcng\u00f6r Ortaokulundan T\u00dcB\u0130TAK'ta b\u00fcy\u00fck ba\u015far\u0131 - Memurun Sesi","isPartOf":{"@id":"https:\/\/memurunsesi.net\/#website"},"primaryImageOfPage":{"@id":"https:\/\/memurunsesi.net\/index.php\/2025\/04\/11\/erzurum-yakutiye-faik-gungor-ortaokulundan-tubitakta-buyuk-basari\/#primaryimage"},"image":{"@id":"https:\/\/memurunsesi.net\/index.php\/2025\/04\/11\/erzurum-yakutiye-faik-gungor-ortaokulundan-tubitakta-buyuk-basari\/#primaryimage"},"thumbnailUrl":"https:\/\/memurunsesi.net\/wp-content\/uploads\/2025\/04\/AW430749_01.jpg","datePublished":"2025-04-11T17:22:13+00:00","breadcrumb":{"@id":"https:\/\/memurunsesi.net\/index.php\/2025\/04\/11\/erzurum-yakutiye-faik-gungor-ortaokulundan-tubitakta-buyuk-basari\/#breadcrumb"},"inLanguage":"tr","potentialAction":[{"@type":"ReadAction","target":["https:\/\/memurunsesi.net\/index.php\/2025\/04\/11\/erzurum-yakutiye-faik-gungor-ortaokulundan-tubitakta-buyuk-basari\/"]}]},{"@type":"ImageObject","inLanguage":"tr","@id":"https:\/\/memurunsesi.net\/index.php\/2025\/04\/11\/erzurum-yakutiye-faik-gungor-ortaokulundan-tubitakta-buyuk-basari\/#primaryimage","url":"https:\/\/memurunsesi.net\/wp-content\/uploads\/2025\/04\/AW430749_01.jpg","contentUrl":"https:\/\/memurunsesi.net\/wp-content\/uploads\/2025\/04\/AW430749_01.jpg","width":405,"height":336,"caption":"ERZURUM YAKUT\u0130YE FA\u0130K G\u00dcNG\u00d6R ORTAOKULU, BU YIL \u0130LK KEZ KATILDI\u011eI T\u00dcB\u0130TAK 19. ORTAOKUL \u00d6\u011eRENC\u0130LER\u0130 ARA\u015eTIRMA PROJELER\u0130 YARI\u015eMASINDA \u00d6NEML\u0130 B\u0130R BA\u015eARIYA \u0130MZA ATTI. (\u0130HA\/ERZURUM-\u0130HA) Erzurum Yakutiye Faik G\u00fcng\u00f6r Ortaokulu, bu y\u0131l ilk kez kat\u0131ld\u0131\u011f\u0131 T\u00dcB\u0130TAK 19. Ortaokul \u00d6\u011frencileri Ara\u015ft\u0131rma Projeleri Yar\u0131\u015fmas\u0131nda \u00f6nemli bir ba\u015far\u0131ya imza att\u0131."},{"@type":"BreadcrumbList","@id":"https:\/\/memurunsesi.net\/index.php\/2025\/04\/11\/erzurum-yakutiye-faik-gungor-ortaokulundan-tubitakta-buyuk-basari\/#breadcrumb","itemListElement":[{"@type":"ListItem","position":1,"name":"Anasayfa","item":"https:\/\/memurunsesi.net\/"},{"@type":"ListItem","position":2,"name":"Erzurum Yakutiye Faik G\u00fcng\u00f6r Ortaokulundan T\u00dcB\u0130TAK&#8217;ta b\u00fcy\u00fck ba\u015far\u0131"}]},{"@type":"WebSite","@id":"https:\/\/memurunsesi.net\/#website","url":"https:\/\/memurunsesi.net\/","name":"Memurun Sesi","description":"G\u00fcncel ve Do\u011fru Haber","publisher":{"@id":"https:\/\/memurunsesi.net\/#organization"},"potentialAction":[{"@type":"SearchAction","target":{"@type":"EntryPoint","urlTemplate":"https:\/\/memurunsesi.net\/?s={search_term_string}"},"query-input":{"@type":"PropertyValueSpecification","valueRequired":true,"valueName":"search_term_string"}}],"inLanguage":"tr"},{"@type":"Organization","@id":"https:\/\/memurunsesi.net\/#organization","name":"Memurun Sesi","url":"https:\/\/memurunsesi.net\/","logo":{"@type":"ImageObject","inLanguage":"tr","@id":"https:\/\/memurunsesi.net\/#\/schema\/logo\/image\/","url":"https:\/\/memurunsesi.net\/wp-content\/uploads\/2025\/11\/cropped-MEMURUN-SESI.png","contentUrl":"https:\/\/memurunsesi.net\/wp-content\/uploads\/2025\/11\/cropped-MEMURUN-SESI.png","width":238,"height":57,"caption":"Memurun Sesi"},"image":{"@id":"https:\/\/memurunsesi.net\/#\/schema\/logo\/image\/"},"sameAs":["https:\/\/www.facebook.com\/unipersen\/?locale=tr_TR","https:\/\/x.com\/unipersen"]},{"@type":"Person","@id":"https:\/\/memurunsesi.net\/#\/schema\/person\/f21c2d73b89f6ee1d80b0a1803e38587","name":"Memurun Sesi Haber Merkezi","image":{"@type":"ImageObject","inLanguage":"tr","@id":"https:\/\/secure.gravatar.com\/avatar\/6cf0505f452ee753f485014986fab09a434671d2b919ee76fc541025c5876a70?s=96&d=mm&r=g","url":"https:\/\/secure.gravatar.com\/avatar\/6cf0505f452ee753f485014986fab09a434671d2b919ee76fc541025c5876a70?s=96&d=mm&r=g","contentUrl":"https:\/\/secure.gravatar.com\/avatar\/6cf0505f452ee753f485014986fab09a434671d2b919ee76fc541025c5876a70?s=96&d=mm&r=g","caption":"Memurun Sesi Haber Merkezi"},"sameAs":["https:\/\/memurunsesi.net"],"url":"https:\/\/memurunsesi.net\/index.php\/author\/uniper\/"}]}},"_links":{"self":[{"href":"https:\/\/memurunsesi.net\/index.php\/wp-json\/wp\/v2\/posts\/5158","targetHints":{"allow":["GET"]}}],"collection":[{"href":"https:\/\/memurunsesi.net\/index.php\/wp-json\/wp\/v2\/posts"}],"about":[{"href":"https:\/\/memurunsesi.net\/index.php\/wp-json\/wp\/v2\/types\/post"}],"author":[{"embeddable":true,"href":"https:\/\/memurunsesi.net\/index.php\/wp-json\/wp\/v2\/users\/1"}],"replies":[{"embeddable":true,"href":"https:\/\/memurunsesi.net\/index.php\/wp-json\/wp\/v2\/comments?post=5158"}],"version-history":[{"count":1,"href":"https:\/\/memurunsesi.net\/index.php\/wp-json\/wp\/v2\/posts\/5158\/revisions"}],"predecessor-version":[{"id":5160,"href":"https:\/\/memurunsesi.net\/index.php\/wp-json\/wp\/v2\/posts\/5158\/revisions\/5160"}],"wp:featuredmedia":[{"embeddable":true,"href":"https:\/\/memurunsesi.net\/index.php\/wp-json\/wp\/v2\/media\/5159"}],"wp:attachment":[{"href":"https:\/\/memurunsesi.net\/index.php\/wp-json\/wp\/v2\/media?parent=5158"}],"wp:term":[{"taxonomy":"category","embeddable":true,"href":"https:\/\/memurunsesi.net\/index.php\/wp-json\/wp\/v2\/categories?post=5158"},{"taxonomy":"post_tag","embeddable":true,"href":"https:\/\/memurunsesi.net\/index.php\/wp-json\/wp\/v2\/tags?post=5158"}],"curies":[{"name":"wp","href":"https:\/\/api.w.org\/{rel}","templated":true}]}}