{"id":5165,"date":"2025-04-11T20:26:55","date_gmt":"2025-04-11T17:26:55","guid":{"rendered":"https:\/\/memurunsesi.net\/?p=5165"},"modified":"2025-04-11T20:26:55","modified_gmt":"2025-04-11T17:26:55","slug":"okulda-kavga-ihbarina-giden-polise-ogrencilerden-surpriz-kutlama","status":"publish","type":"post","link":"https:\/\/memurunsesi.net\/index.php\/2025\/04\/11\/okulda-kavga-ihbarina-giden-polise-ogrencilerden-surpriz-kutlama\/","title":{"rendered":"Okulda kavga ihbar\u0131na giden polise, \u00f6\u011frencilerden s\u00fcrpriz kutlama"},"content":{"rendered":"<p>Samsun&#8217;da okulda kavga ihbar\u0131na giden polise, \u00f6\u011frenci ve \u00f6\u011fretmenler taraf\u0131ndan s\u00fcrpriz yap\u0131ld\u0131. \u00d6\u011frenciler polise \u00e7i\u00e7ek takdim edip pasta kesip Polis Te\u015fkilat\u0131&#8217;n\u0131n 180. kurulu\u015f y\u0131ld\u00f6n\u00fcm\u00fcn\u00fc kutlad\u0131lar.<br \/>\nSamsun&#8217;un Canik il\u00e7esinde bulunan \u015eehit Tayfun Pekel Anadolu Lisesi \u00f6\u011frencileri ve \u00f6\u011fretmenleri Polis Te\u015fkilat\u0131&#8217;n\u0131n 180. kurulu\u015f y\u0131ld\u00f6n\u00fcm\u00fc dolay\u0131s\u0131yla okulda g\u00f6revli okul polisi Murat Kaya&#8217;ya kutlama program\u0131 d\u00fczenlendi. Polise, okulun koridorunda kavga \u00e7\u0131kt\u0131\u011f\u0131 haberi verildi. Kavgaya m\u00fcdahale etmek i\u00e7in ko\u015farak olay yerine giden polis memuru Murat Kaya, \u00f6\u011frenci ve \u00f6\u011fretmenlerin s\u00fcrpriziyle kar\u015f\u0131la\u015ft\u0131.<br \/>\n\u00d6\u011frenciler ve \u00f6\u011fretmenler polis memurunun polis bayram\u0131n\u0131 kutlay\u0131p \u00e7i\u00e7ek takdim edip pasta kestiler ve m\u00fczik e\u015fli\u011finde oynay\u0131p unutulmaz bir g\u00fcn ya\u015fad\u0131lar. 27 y\u0131ll\u0131k polis memuru olan Murat Kaya, \u00f6\u011fretmen ve \u00f6\u011frencilere te\u015fekk\u00fcr etti.<\/p>\n<p>11.04.2025<\/p>\n","protected":false},"excerpt":{"rendered":"<p>Samsun&#8217;da okulda kavga ihbar\u0131na giden polise, \u00f6\u011frenci ve \u00f6\u011fretmenler taraf\u0131ndan s\u00fcrpriz yap\u0131ld\u0131. \u00d6\u011frenciler polise \u00e7i\u00e7ek takdim edip pasta kesip Polis Te\u015fkilat\u0131&#8217;n\u0131n 180. kurulu\u015f y\u0131ld\u00f6n\u00fcm\u00fcn\u00fc kutlad\u0131lar. Samsun&#8217;un Canik il\u00e7esinde bulunan \u015eehit Tayfun Pekel Anadolu Lisesi \u00f6\u011frencileri ve \u00f6\u011fretmenleri Polis Te\u015fkilat\u0131&#8217;n\u0131n 180. kurulu\u015f y\u0131ld\u00f6n\u00fcm\u00fc dolay\u0131s\u0131yla okulda g\u00f6revli okul polisi Murat Kaya&#8217;ya kutlama program\u0131 d\u00fczenlendi. Polise, okulun koridorunda [&hellip;]<\/p>\n","protected":false},"author":1,"featured_media":5166,"comment_status":"open","ping_status":"open","sticky":false,"template":"","format":"standard","meta":{"footnotes":""},"categories":[45],"tags":[],"class_list":["post-5165","post","type-post","status-publish","format-standard","has-post-thumbnail","hentry","category-gundem"],"yoast_head":"<!-- This site is optimized with the Yoast SEO plugin v27.4 - https:\/\/yoast.com\/product\/yoast-seo-wordpress\/ -->\n<title>Okulda kavga ihbar\u0131na giden polise, \u00f6\u011frencilerden s\u00fcrpriz kutlama - Memurun Sesi<\/title>\n<meta name=\"robots\" content=\"index, follow, max-snippet:-1, max-image-preview:large, max-video-preview:-1\" \/>\n<link rel=\"canonical\" href=\"https:\/\/memurunsesi.net\/index.php\/2025\/04\/11\/okulda-kavga-ihbarina-giden-polise-ogrencilerden-surpriz-kutlama\/\" \/>\n<meta property=\"og:locale\" content=\"tr_TR\" \/>\n<meta property=\"og:type\" content=\"article\" \/>\n<meta property=\"og:title\" content=\"Okulda kavga ihbar\u0131na giden polise, \u00f6\u011frencilerden s\u00fcrpriz kutlama - Memurun Sesi\" \/>\n<meta property=\"og:description\" content=\"Samsun&#8217;da okulda kavga ihbar\u0131na giden polise, \u00f6\u011frenci ve \u00f6\u011fretmenler taraf\u0131ndan s\u00fcrpriz yap\u0131ld\u0131. \u00d6\u011frenciler polise \u00e7i\u00e7ek takdim edip pasta kesip Polis Te\u015fkilat\u0131&#8217;n\u0131n 180. kurulu\u015f y\u0131ld\u00f6n\u00fcm\u00fcn\u00fc kutlad\u0131lar. Samsun&#8217;un Canik il\u00e7esinde bulunan \u015eehit Tayfun Pekel Anadolu Lisesi \u00f6\u011frencileri ve \u00f6\u011fretmenleri Polis Te\u015fkilat\u0131&#8217;n\u0131n 180. kurulu\u015f y\u0131ld\u00f6n\u00fcm\u00fc dolay\u0131s\u0131yla okulda g\u00f6revli okul polisi Murat Kaya&#8217;ya kutlama program\u0131 d\u00fczenlendi. Polise, okulun koridorunda [&hellip;]\" \/>\n<meta property=\"og:url\" content=\"https:\/\/memurunsesi.net\/index.php\/2025\/04\/11\/okulda-kavga-ihbarina-giden-polise-ogrencilerden-surpriz-kutlama\/\" \/>\n<meta property=\"og:site_name\" content=\"Memurun Sesi\" \/>\n<meta property=\"article:publisher\" content=\"https:\/\/www.facebook.com\/unipersen\/?locale=tr_TR\" \/>\n<meta property=\"article:published_time\" content=\"2025-04-11T17:26:55+00:00\" \/>\n<meta property=\"og:image\" content=\"https:\/\/memurunsesi.net\/wp-content\/uploads\/2025\/04\/AW430742_01.jpg\" \/>\n\t<meta property=\"og:image:width\" content=\"848\" \/>\n\t<meta property=\"og:image:height\" content=\"478\" \/>\n\t<meta property=\"og:image:type\" content=\"image\/jpeg\" \/>\n<meta name=\"author\" content=\"Memurun Sesi Haber Merkezi\" \/>\n<meta name=\"twitter:card\" content=\"summary_large_image\" \/>\n<meta name=\"twitter:creator\" content=\"@unipersen\" \/>\n<meta name=\"twitter:site\" content=\"@unipersen\" \/>\n<meta name=\"twitter:label1\" content=\"Yazan:\" \/>\n\t<meta name=\"twitter:data1\" content=\"Memurun Sesi Haber Merkezi\" \/>\n\t<meta name=\"twitter:label2\" content=\"Tahmini okuma s\u00fcresi\" \/>\n\t<meta name=\"twitter:data2\" content=\"1 dakika\" \/>\n<script type=\"application\/ld+json\" class=\"yoast-schema-graph\">{\"@context\":\"https:\\\/\\\/schema.org\",\"@graph\":[{\"@type\":\"Article\",\"@id\":\"https:\\\/\\\/memurunsesi.net\\\/index.php\\\/2025\\\/04\\\/11\\\/okulda-kavga-ihbarina-giden-polise-ogrencilerden-surpriz-kutlama\\\/#article\",\"isPartOf\":{\"@id\":\"https:\\\/\\\/memurunsesi.net\\\/index.php\\\/2025\\\/04\\\/11\\\/okulda-kavga-ihbarina-giden-polise-ogrencilerden-surpriz-kutlama\\\/\"},\"author\":{\"name\":\"Memurun Sesi Haber Merkezi\",\"@id\":\"https:\\\/\\\/memurunsesi.net\\\/#\\\/schema\\\/person\\\/f21c2d73b89f6ee1d80b0a1803e38587\"},\"headline\":\"Okulda kavga ihbar\u0131na giden polise, \u00f6\u011frencilerden s\u00fcrpriz kutlama\",\"datePublished\":\"2025-04-11T17:26:55+00:00\",\"mainEntityOfPage\":{\"@id\":\"https:\\\/\\\/memurunsesi.net\\\/index.php\\\/2025\\\/04\\\/11\\\/okulda-kavga-ihbarina-giden-polise-ogrencilerden-surpriz-kutlama\\\/\"},\"wordCount\":163,\"commentCount\":0,\"publisher\":{\"@id\":\"https:\\\/\\\/memurunsesi.net\\\/#organization\"},\"image\":{\"@id\":\"https:\\\/\\\/memurunsesi.net\\\/index.php\\\/2025\\\/04\\\/11\\\/okulda-kavga-ihbarina-giden-polise-ogrencilerden-surpriz-kutlama\\\/#primaryimage\"},\"thumbnailUrl\":\"https:\\\/\\\/memurunsesi.net\\\/wp-content\\\/uploads\\\/2025\\\/04\\\/AW430742_01.jpg\",\"articleSection\":[\"G\u00fcndem\"],\"inLanguage\":\"tr\",\"potentialAction\":[{\"@type\":\"CommentAction\",\"name\":\"Comment\",\"target\":[\"https:\\\/\\\/memurunsesi.net\\\/index.php\\\/2025\\\/04\\\/11\\\/okulda-kavga-ihbarina-giden-polise-ogrencilerden-surpriz-kutlama\\\/#respond\"]}]},{\"@type\":\"WebPage\",\"@id\":\"https:\\\/\\\/memurunsesi.net\\\/index.php\\\/2025\\\/04\\\/11\\\/okulda-kavga-ihbarina-giden-polise-ogrencilerden-surpriz-kutlama\\\/\",\"url\":\"https:\\\/\\\/memurunsesi.net\\\/index.php\\\/2025\\\/04\\\/11\\\/okulda-kavga-ihbarina-giden-polise-ogrencilerden-surpriz-kutlama\\\/\",\"name\":\"Okulda kavga ihbar\u0131na giden polise, \u00f6\u011frencilerden s\u00fcrpriz kutlama - Memurun Sesi\",\"isPartOf\":{\"@id\":\"https:\\\/\\\/memurunsesi.net\\\/#website\"},\"primaryImageOfPage\":{\"@id\":\"https:\\\/\\\/memurunsesi.net\\\/index.php\\\/2025\\\/04\\\/11\\\/okulda-kavga-ihbarina-giden-polise-ogrencilerden-surpriz-kutlama\\\/#primaryimage\"},\"image\":{\"@id\":\"https:\\\/\\\/memurunsesi.net\\\/index.php\\\/2025\\\/04\\\/11\\\/okulda-kavga-ihbarina-giden-polise-ogrencilerden-surpriz-kutlama\\\/#primaryimage\"},\"thumbnailUrl\":\"https:\\\/\\\/memurunsesi.net\\\/wp-content\\\/uploads\\\/2025\\\/04\\\/AW430742_01.jpg\",\"datePublished\":\"2025-04-11T17:26:55+00:00\",\"breadcrumb\":{\"@id\":\"https:\\\/\\\/memurunsesi.net\\\/index.php\\\/2025\\\/04\\\/11\\\/okulda-kavga-ihbarina-giden-polise-ogrencilerden-surpriz-kutlama\\\/#breadcrumb\"},\"inLanguage\":\"tr\",\"potentialAction\":[{\"@type\":\"ReadAction\",\"target\":[\"https:\\\/\\\/memurunsesi.net\\\/index.php\\\/2025\\\/04\\\/11\\\/okulda-kavga-ihbarina-giden-polise-ogrencilerden-surpriz-kutlama\\\/\"]}]},{\"@type\":\"ImageObject\",\"inLanguage\":\"tr\",\"@id\":\"https:\\\/\\\/memurunsesi.net\\\/index.php\\\/2025\\\/04\\\/11\\\/okulda-kavga-ihbarina-giden-polise-ogrencilerden-surpriz-kutlama\\\/#primaryimage\",\"url\":\"https:\\\/\\\/memurunsesi.net\\\/wp-content\\\/uploads\\\/2025\\\/04\\\/AW430742_01.jpg\",\"contentUrl\":\"https:\\\/\\\/memurunsesi.net\\\/wp-content\\\/uploads\\\/2025\\\/04\\\/AW430742_01.jpg\",\"width\":848,\"height\":478,\"caption\":\"SAMSUN'DA OKULDA KAVGA \u0130HBARINA G\u0130DEN OKUL POL\u0130S\u0130NE \u00d6\u011eRENC\u0130 VE \u00d6\u011eRETMENLER TARAFINDAN SUPR\u0130Z YAPILARAK \u00c7\u0130\u00c7EK TAKD\u0130M ED\u0130P PASTA KES\u0130P POL\u0130S TE\u015eK\u0130LATI'NIN 180. KURULU\u015e YILD\u00d6N\u00dcM\u00dcN\u00dc KUTLADILAR. (MUHAMMER AY\\\/SAMSUN-\u0130HA) Samsun'da okulda kavga ihbar\u0131na giden polise, \u00f6\u011frenci ve \u00f6\u011fretmenler taraf\u0131ndan s\u00fcrpriz yap\u0131ld\u0131. \u00d6\u011frenciler polise \u00e7i\u00e7ek takdim edip pasta kesip Polis Te\u015fkilat\u0131'n\u0131n 180. kurulu\u015f y\u0131ld\u00f6n\u00fcm\u00fcn\u00fc kutlad\u0131lar.\"},{\"@type\":\"BreadcrumbList\",\"@id\":\"https:\\\/\\\/memurunsesi.net\\\/index.php\\\/2025\\\/04\\\/11\\\/okulda-kavga-ihbarina-giden-polise-ogrencilerden-surpriz-kutlama\\\/#breadcrumb\",\"itemListElement\":[{\"@type\":\"ListItem\",\"position\":1,\"name\":\"Anasayfa\",\"item\":\"https:\\\/\\\/memurunsesi.net\\\/\"},{\"@type\":\"ListItem\",\"position\":2,\"name\":\"Okulda kavga ihbar\u0131na giden polise, \u00f6\u011frencilerden s\u00fcrpriz kutlama\"}]},{\"@type\":\"WebSite\",\"@id\":\"https:\\\/\\\/memurunsesi.net\\\/#website\",\"url\":\"https:\\\/\\\/memurunsesi.net\\\/\",\"name\":\"Memurun Sesi\",\"description\":\"G\u00fcncel ve Do\u011fru Haber\",\"publisher\":{\"@id\":\"https:\\\/\\\/memurunsesi.net\\\/#organization\"},\"potentialAction\":[{\"@type\":\"SearchAction\",\"target\":{\"@type\":\"EntryPoint\",\"urlTemplate\":\"https:\\\/\\\/memurunsesi.net\\\/?s={search_term_string}\"},\"query-input\":{\"@type\":\"PropertyValueSpecification\",\"valueRequired\":true,\"valueName\":\"search_term_string\"}}],\"inLanguage\":\"tr\"},{\"@type\":\"Organization\",\"@id\":\"https:\\\/\\\/memurunsesi.net\\\/#organization\",\"name\":\"Memurun Sesi\",\"url\":\"https:\\\/\\\/memurunsesi.net\\\/\",\"logo\":{\"@type\":\"ImageObject\",\"inLanguage\":\"tr\",\"@id\":\"https:\\\/\\\/memurunsesi.net\\\/#\\\/schema\\\/logo\\\/image\\\/\",\"url\":\"https:\\\/\\\/memurunsesi.net\\\/wp-content\\\/uploads\\\/2025\\\/11\\\/cropped-MEMURUN-SESI.png\",\"contentUrl\":\"https:\\\/\\\/memurunsesi.net\\\/wp-content\\\/uploads\\\/2025\\\/11\\\/cropped-MEMURUN-SESI.png\",\"width\":238,\"height\":57,\"caption\":\"Memurun Sesi\"},\"image\":{\"@id\":\"https:\\\/\\\/memurunsesi.net\\\/#\\\/schema\\\/logo\\\/image\\\/\"},\"sameAs\":[\"https:\\\/\\\/www.facebook.com\\\/unipersen\\\/?locale=tr_TR\",\"https:\\\/\\\/x.com\\\/unipersen\"]},{\"@type\":\"Person\",\"@id\":\"https:\\\/\\\/memurunsesi.net\\\/#\\\/schema\\\/person\\\/f21c2d73b89f6ee1d80b0a1803e38587\",\"name\":\"Memurun Sesi Haber Merkezi\",\"image\":{\"@type\":\"ImageObject\",\"inLanguage\":\"tr\",\"@id\":\"https:\\\/\\\/secure.gravatar.com\\\/avatar\\\/6cf0505f452ee753f485014986fab09a434671d2b919ee76fc541025c5876a70?s=96&d=mm&r=g\",\"url\":\"https:\\\/\\\/secure.gravatar.com\\\/avatar\\\/6cf0505f452ee753f485014986fab09a434671d2b919ee76fc541025c5876a70?s=96&d=mm&r=g\",\"contentUrl\":\"https:\\\/\\\/secure.gravatar.com\\\/avatar\\\/6cf0505f452ee753f485014986fab09a434671d2b919ee76fc541025c5876a70?s=96&d=mm&r=g\",\"caption\":\"Memurun Sesi Haber Merkezi\"},\"sameAs\":[\"https:\\\/\\\/memurunsesi.net\"],\"url\":\"https:\\\/\\\/memurunsesi.net\\\/index.php\\\/author\\\/uniper\\\/\"}]}<\/script>\n<!-- \/ Yoast SEO plugin. -->","yoast_head_json":{"title":"Okulda kavga ihbar\u0131na giden polise, \u00f6\u011frencilerden s\u00fcrpriz kutlama - Memurun Sesi","robots":{"index":"index","follow":"follow","max-snippet":"max-snippet:-1","max-image-preview":"max-image-preview:large","max-video-preview":"max-video-preview:-1"},"canonical":"https:\/\/memurunsesi.net\/index.php\/2025\/04\/11\/okulda-kavga-ihbarina-giden-polise-ogrencilerden-surpriz-kutlama\/","og_locale":"tr_TR","og_type":"article","og_title":"Okulda kavga ihbar\u0131na giden polise, \u00f6\u011frencilerden s\u00fcrpriz kutlama - Memurun Sesi","og_description":"Samsun&#8217;da okulda kavga ihbar\u0131na giden polise, \u00f6\u011frenci ve \u00f6\u011fretmenler taraf\u0131ndan s\u00fcrpriz yap\u0131ld\u0131. \u00d6\u011frenciler polise \u00e7i\u00e7ek takdim edip pasta kesip Polis Te\u015fkilat\u0131&#8217;n\u0131n 180. kurulu\u015f y\u0131ld\u00f6n\u00fcm\u00fcn\u00fc kutlad\u0131lar. Samsun&#8217;un Canik il\u00e7esinde bulunan \u015eehit Tayfun Pekel Anadolu Lisesi \u00f6\u011frencileri ve \u00f6\u011fretmenleri Polis Te\u015fkilat\u0131&#8217;n\u0131n 180. kurulu\u015f y\u0131ld\u00f6n\u00fcm\u00fc dolay\u0131s\u0131yla okulda g\u00f6revli okul polisi Murat Kaya&#8217;ya kutlama program\u0131 d\u00fczenlendi. Polise, okulun koridorunda [&hellip;]","og_url":"https:\/\/memurunsesi.net\/index.php\/2025\/04\/11\/okulda-kavga-ihbarina-giden-polise-ogrencilerden-surpriz-kutlama\/","og_site_name":"Memurun Sesi","article_publisher":"https:\/\/www.facebook.com\/unipersen\/?locale=tr_TR","article_published_time":"2025-04-11T17:26:55+00:00","og_image":[{"width":848,"height":478,"url":"https:\/\/memurunsesi.net\/wp-content\/uploads\/2025\/04\/AW430742_01.jpg","type":"image\/jpeg"}],"author":"Memurun Sesi Haber Merkezi","twitter_card":"summary_large_image","twitter_creator":"@unipersen","twitter_site":"@unipersen","twitter_misc":{"Yazan:":"Memurun Sesi Haber Merkezi","Tahmini okuma s\u00fcresi":"1 dakika"},"schema":{"@context":"https:\/\/schema.org","@graph":[{"@type":"Article","@id":"https:\/\/memurunsesi.net\/index.php\/2025\/04\/11\/okulda-kavga-ihbarina-giden-polise-ogrencilerden-surpriz-kutlama\/#article","isPartOf":{"@id":"https:\/\/memurunsesi.net\/index.php\/2025\/04\/11\/okulda-kavga-ihbarina-giden-polise-ogrencilerden-surpriz-kutlama\/"},"author":{"name":"Memurun Sesi Haber Merkezi","@id":"https:\/\/memurunsesi.net\/#\/schema\/person\/f21c2d73b89f6ee1d80b0a1803e38587"},"headline":"Okulda kavga ihbar\u0131na giden polise, \u00f6\u011frencilerden s\u00fcrpriz kutlama","datePublished":"2025-04-11T17:26:55+00:00","mainEntityOfPage":{"@id":"https:\/\/memurunsesi.net\/index.php\/2025\/04\/11\/okulda-kavga-ihbarina-giden-polise-ogrencilerden-surpriz-kutlama\/"},"wordCount":163,"commentCount":0,"publisher":{"@id":"https:\/\/memurunsesi.net\/#organization"},"image":{"@id":"https:\/\/memurunsesi.net\/index.php\/2025\/04\/11\/okulda-kavga-ihbarina-giden-polise-ogrencilerden-surpriz-kutlama\/#primaryimage"},"thumbnailUrl":"https:\/\/memurunsesi.net\/wp-content\/uploads\/2025\/04\/AW430742_01.jpg","articleSection":["G\u00fcndem"],"inLanguage":"tr","potentialAction":[{"@type":"CommentAction","name":"Comment","target":["https:\/\/memurunsesi.net\/index.php\/2025\/04\/11\/okulda-kavga-ihbarina-giden-polise-ogrencilerden-surpriz-kutlama\/#respond"]}]},{"@type":"WebPage","@id":"https:\/\/memurunsesi.net\/index.php\/2025\/04\/11\/okulda-kavga-ihbarina-giden-polise-ogrencilerden-surpriz-kutlama\/","url":"https:\/\/memurunsesi.net\/index.php\/2025\/04\/11\/okulda-kavga-ihbarina-giden-polise-ogrencilerden-surpriz-kutlama\/","name":"Okulda kavga ihbar\u0131na giden polise, \u00f6\u011frencilerden s\u00fcrpriz kutlama - Memurun Sesi","isPartOf":{"@id":"https:\/\/memurunsesi.net\/#website"},"primaryImageOfPage":{"@id":"https:\/\/memurunsesi.net\/index.php\/2025\/04\/11\/okulda-kavga-ihbarina-giden-polise-ogrencilerden-surpriz-kutlama\/#primaryimage"},"image":{"@id":"https:\/\/memurunsesi.net\/index.php\/2025\/04\/11\/okulda-kavga-ihbarina-giden-polise-ogrencilerden-surpriz-kutlama\/#primaryimage"},"thumbnailUrl":"https:\/\/memurunsesi.net\/wp-content\/uploads\/2025\/04\/AW430742_01.jpg","datePublished":"2025-04-11T17:26:55+00:00","breadcrumb":{"@id":"https:\/\/memurunsesi.net\/index.php\/2025\/04\/11\/okulda-kavga-ihbarina-giden-polise-ogrencilerden-surpriz-kutlama\/#breadcrumb"},"inLanguage":"tr","potentialAction":[{"@type":"ReadAction","target":["https:\/\/memurunsesi.net\/index.php\/2025\/04\/11\/okulda-kavga-ihbarina-giden-polise-ogrencilerden-surpriz-kutlama\/"]}]},{"@type":"ImageObject","inLanguage":"tr","@id":"https:\/\/memurunsesi.net\/index.php\/2025\/04\/11\/okulda-kavga-ihbarina-giden-polise-ogrencilerden-surpriz-kutlama\/#primaryimage","url":"https:\/\/memurunsesi.net\/wp-content\/uploads\/2025\/04\/AW430742_01.jpg","contentUrl":"https:\/\/memurunsesi.net\/wp-content\/uploads\/2025\/04\/AW430742_01.jpg","width":848,"height":478,"caption":"SAMSUN'DA OKULDA KAVGA \u0130HBARINA G\u0130DEN OKUL POL\u0130S\u0130NE \u00d6\u011eRENC\u0130 VE \u00d6\u011eRETMENLER TARAFINDAN SUPR\u0130Z YAPILARAK \u00c7\u0130\u00c7EK TAKD\u0130M ED\u0130P PASTA KES\u0130P POL\u0130S TE\u015eK\u0130LATI'NIN 180. KURULU\u015e YILD\u00d6N\u00dcM\u00dcN\u00dc KUTLADILAR. (MUHAMMER AY\/SAMSUN-\u0130HA) Samsun'da okulda kavga ihbar\u0131na giden polise, \u00f6\u011frenci ve \u00f6\u011fretmenler taraf\u0131ndan s\u00fcrpriz yap\u0131ld\u0131. \u00d6\u011frenciler polise \u00e7i\u00e7ek takdim edip pasta kesip Polis Te\u015fkilat\u0131'n\u0131n 180. kurulu\u015f y\u0131ld\u00f6n\u00fcm\u00fcn\u00fc kutlad\u0131lar."},{"@type":"BreadcrumbList","@id":"https:\/\/memurunsesi.net\/index.php\/2025\/04\/11\/okulda-kavga-ihbarina-giden-polise-ogrencilerden-surpriz-kutlama\/#breadcrumb","itemListElement":[{"@type":"ListItem","position":1,"name":"Anasayfa","item":"https:\/\/memurunsesi.net\/"},{"@type":"ListItem","position":2,"name":"Okulda kavga ihbar\u0131na giden polise, \u00f6\u011frencilerden s\u00fcrpriz kutlama"}]},{"@type":"WebSite","@id":"https:\/\/memurunsesi.net\/#website","url":"https:\/\/memurunsesi.net\/","name":"Memurun Sesi","description":"G\u00fcncel ve Do\u011fru Haber","publisher":{"@id":"https:\/\/memurunsesi.net\/#organization"},"potentialAction":[{"@type":"SearchAction","target":{"@type":"EntryPoint","urlTemplate":"https:\/\/memurunsesi.net\/?s={search_term_string}"},"query-input":{"@type":"PropertyValueSpecification","valueRequired":true,"valueName":"search_term_string"}}],"inLanguage":"tr"},{"@type":"Organization","@id":"https:\/\/memurunsesi.net\/#organization","name":"Memurun Sesi","url":"https:\/\/memurunsesi.net\/","logo":{"@type":"ImageObject","inLanguage":"tr","@id":"https:\/\/memurunsesi.net\/#\/schema\/logo\/image\/","url":"https:\/\/memurunsesi.net\/wp-content\/uploads\/2025\/11\/cropped-MEMURUN-SESI.png","contentUrl":"https:\/\/memurunsesi.net\/wp-content\/uploads\/2025\/11\/cropped-MEMURUN-SESI.png","width":238,"height":57,"caption":"Memurun Sesi"},"image":{"@id":"https:\/\/memurunsesi.net\/#\/schema\/logo\/image\/"},"sameAs":["https:\/\/www.facebook.com\/unipersen\/?locale=tr_TR","https:\/\/x.com\/unipersen"]},{"@type":"Person","@id":"https:\/\/memurunsesi.net\/#\/schema\/person\/f21c2d73b89f6ee1d80b0a1803e38587","name":"Memurun Sesi Haber Merkezi","image":{"@type":"ImageObject","inLanguage":"tr","@id":"https:\/\/secure.gravatar.com\/avatar\/6cf0505f452ee753f485014986fab09a434671d2b919ee76fc541025c5876a70?s=96&d=mm&r=g","url":"https:\/\/secure.gravatar.com\/avatar\/6cf0505f452ee753f485014986fab09a434671d2b919ee76fc541025c5876a70?s=96&d=mm&r=g","contentUrl":"https:\/\/secure.gravatar.com\/avatar\/6cf0505f452ee753f485014986fab09a434671d2b919ee76fc541025c5876a70?s=96&d=mm&r=g","caption":"Memurun Sesi Haber Merkezi"},"sameAs":["https:\/\/memurunsesi.net"],"url":"https:\/\/memurunsesi.net\/index.php\/author\/uniper\/"}]}},"_links":{"self":[{"href":"https:\/\/memurunsesi.net\/index.php\/wp-json\/wp\/v2\/posts\/5165","targetHints":{"allow":["GET"]}}],"collection":[{"href":"https:\/\/memurunsesi.net\/index.php\/wp-json\/wp\/v2\/posts"}],"about":[{"href":"https:\/\/memurunsesi.net\/index.php\/wp-json\/wp\/v2\/types\/post"}],"author":[{"embeddable":true,"href":"https:\/\/memurunsesi.net\/index.php\/wp-json\/wp\/v2\/users\/1"}],"replies":[{"embeddable":true,"href":"https:\/\/memurunsesi.net\/index.php\/wp-json\/wp\/v2\/comments?post=5165"}],"version-history":[{"count":1,"href":"https:\/\/memurunsesi.net\/index.php\/wp-json\/wp\/v2\/posts\/5165\/revisions"}],"predecessor-version":[{"id":5167,"href":"https:\/\/memurunsesi.net\/index.php\/wp-json\/wp\/v2\/posts\/5165\/revisions\/5167"}],"wp:featuredmedia":[{"embeddable":true,"href":"https:\/\/memurunsesi.net\/index.php\/wp-json\/wp\/v2\/media\/5166"}],"wp:attachment":[{"href":"https:\/\/memurunsesi.net\/index.php\/wp-json\/wp\/v2\/media?parent=5165"}],"wp:term":[{"taxonomy":"category","embeddable":true,"href":"https:\/\/memurunsesi.net\/index.php\/wp-json\/wp\/v2\/categories?post=5165"},{"taxonomy":"post_tag","embeddable":true,"href":"https:\/\/memurunsesi.net\/index.php\/wp-json\/wp\/v2\/tags?post=5165"}],"curies":[{"name":"wp","href":"https:\/\/api.w.org\/{rel}","templated":true}]}}