{"id":5171,"date":"2025-04-12T08:57:31","date_gmt":"2025-04-12T05:57:31","guid":{"rendered":"https:\/\/memurunsesi.net\/?p=5171"},"modified":"2025-04-12T08:57:31","modified_gmt":"2025-04-12T05:57:31","slug":"evinin-camina-cikti-etrafa-ates-acti-polise-silah-dogrulttu","status":"publish","type":"post","link":"https:\/\/memurunsesi.net\/index.php\/2025\/04\/12\/evinin-camina-cikti-etrafa-ates-acti-polise-silah-dogrulttu\/","title":{"rendered":"Evinin cam\u0131na \u00e7\u0131kt\u0131, etrafa ate\u015f a\u00e7t\u0131, polise silah do\u011frulttu"},"content":{"rendered":"<p>Ankara&#8217;n\u0131n Mamak il\u00e7esinde evinin cam\u0131na \u00e7\u0131karak intihar giri\u015fiminde bulunan \u015fah\u0131s, polise silah do\u011frulttu. Polisin ikna \u00e7abalar\u0131na ra\u011fmen etrafa ate\u015f a\u00e7an \u015fah\u0131s, \u00f6zel harekat polisi taraf\u0131ndan aya\u011f\u0131ndan vurularak etkisiz hale getirildi.<br \/>\nEdinilen bilgilere g\u00f6re, Abidinpa\u015fa Mahallesi&#8217;nde e\u015finden bo\u015fand\u0131\u011f\u0131 i\u00e7in problemler ya\u015fad\u0131\u011f\u0131 belirtilen M.K., evinin cam\u0131na \u00e7\u0131karak ba\u011f\u0131r\u0131p etrafa tabancayla ate\u015f etti. \u00c7evredeki vatanda\u015flar\u0131n ihbar\u0131 \u00fczerine olay yerine polis, itfaiye, sa\u011fl\u0131k ekipleri ve m\u00fczakereci geldi. Uzun s\u00fcren ikna \u00e7abalar\u0131na ra\u011fmen M.K., etrafta tekrar birka\u00e7 el ate\u015f etti. Daha sonra \u015fah\u0131s ruhsats\u0131z tabancas\u0131n\u0131 bir \u00f6zel harekat polisine do\u011frulttu. \u00d6zel harekat polisi taraf\u0131ndan M.K. isimli \u015fah\u0131s sol aya\u011f\u0131ndan vurularak etkisiz hale getirildi. Hafif \u015fekilde yaralanan \u015fah\u0131s, ambulansla hastaneye kald\u0131r\u0131larak tedavi alt\u0131na al\u0131nd\u0131. Polis ekipleri taraf\u0131ndan \u015fahs\u0131n ruhsats\u0131z tabancas\u0131 ele ge\u00e7irilirken, olaya ili\u015fkin inceleme ba\u015flat\u0131ld\u0131.<\/p>\n<p>12.04.2025<\/p>\n","protected":false},"excerpt":{"rendered":"<p>Ankara&#8217;n\u0131n Mamak il\u00e7esinde evinin cam\u0131na \u00e7\u0131karak intihar giri\u015fiminde bulunan \u015fah\u0131s, polise silah do\u011frulttu. Polisin ikna \u00e7abalar\u0131na ra\u011fmen etrafa ate\u015f a\u00e7an \u015fah\u0131s, \u00f6zel harekat polisi taraf\u0131ndan aya\u011f\u0131ndan vurularak etkisiz hale getirildi. Edinilen bilgilere g\u00f6re, Abidinpa\u015fa Mahallesi&#8217;nde e\u015finden bo\u015fand\u0131\u011f\u0131 i\u00e7in problemler ya\u015fad\u0131\u011f\u0131 belirtilen M.K., evinin cam\u0131na \u00e7\u0131karak ba\u011f\u0131r\u0131p etrafa tabancayla ate\u015f etti. \u00c7evredeki vatanda\u015flar\u0131n ihbar\u0131 \u00fczerine olay [&hellip;]<\/p>\n","protected":false},"author":1,"featured_media":5172,"comment_status":"open","ping_status":"open","sticky":false,"template":"","format":"standard","meta":{"footnotes":""},"categories":[1],"tags":[],"class_list":["post-5171","post","type-post","status-publish","format-standard","has-post-thumbnail","hentry","category-genel"],"yoast_head":"<!-- This site is optimized with the Yoast SEO plugin v27.4 - https:\/\/yoast.com\/product\/yoast-seo-wordpress\/ -->\n<title>Evinin cam\u0131na \u00e7\u0131kt\u0131, etrafa ate\u015f a\u00e7t\u0131, polise silah do\u011frulttu - Memurun Sesi<\/title>\n<meta name=\"robots\" content=\"index, follow, max-snippet:-1, max-image-preview:large, max-video-preview:-1\" \/>\n<link rel=\"canonical\" href=\"https:\/\/memurunsesi.net\/index.php\/2025\/04\/12\/evinin-camina-cikti-etrafa-ates-acti-polise-silah-dogrulttu\/\" \/>\n<meta property=\"og:locale\" content=\"tr_TR\" \/>\n<meta property=\"og:type\" content=\"article\" \/>\n<meta property=\"og:title\" content=\"Evinin cam\u0131na \u00e7\u0131kt\u0131, etrafa ate\u015f a\u00e7t\u0131, polise silah do\u011frulttu - Memurun Sesi\" \/>\n<meta property=\"og:description\" content=\"Ankara&#8217;n\u0131n Mamak il\u00e7esinde evinin cam\u0131na \u00e7\u0131karak intihar giri\u015fiminde bulunan \u015fah\u0131s, polise silah do\u011frulttu. Polisin ikna \u00e7abalar\u0131na ra\u011fmen etrafa ate\u015f a\u00e7an \u015fah\u0131s, \u00f6zel harekat polisi taraf\u0131ndan aya\u011f\u0131ndan vurularak etkisiz hale getirildi. Edinilen bilgilere g\u00f6re, Abidinpa\u015fa Mahallesi&#8217;nde e\u015finden bo\u015fand\u0131\u011f\u0131 i\u00e7in problemler ya\u015fad\u0131\u011f\u0131 belirtilen M.K., evinin cam\u0131na \u00e7\u0131karak ba\u011f\u0131r\u0131p etrafa tabancayla ate\u015f etti. \u00c7evredeki vatanda\u015flar\u0131n ihbar\u0131 \u00fczerine olay [&hellip;]\" \/>\n<meta property=\"og:url\" content=\"https:\/\/memurunsesi.net\/index.php\/2025\/04\/12\/evinin-camina-cikti-etrafa-ates-acti-polise-silah-dogrulttu\/\" \/>\n<meta property=\"og:site_name\" content=\"Memurun Sesi\" \/>\n<meta property=\"article:publisher\" content=\"https:\/\/www.facebook.com\/unipersen\/?locale=tr_TR\" \/>\n<meta property=\"article:published_time\" content=\"2025-04-12T05:57:31+00:00\" \/>\n<meta property=\"og:image\" content=\"https:\/\/memurunsesi.net\/wp-content\/uploads\/2025\/04\/AW430887_07-scaled.jpg\" \/>\n\t<meta property=\"og:image:width\" content=\"2560\" \/>\n\t<meta property=\"og:image:height\" content=\"1920\" \/>\n\t<meta property=\"og:image:type\" content=\"image\/jpeg\" \/>\n<meta name=\"author\" content=\"Memurun Sesi Haber Merkezi\" \/>\n<meta name=\"twitter:card\" content=\"summary_large_image\" \/>\n<meta name=\"twitter:creator\" content=\"@unipersen\" \/>\n<meta name=\"twitter:site\" content=\"@unipersen\" \/>\n<meta name=\"twitter:label1\" content=\"Yazan:\" \/>\n\t<meta name=\"twitter:data1\" content=\"Memurun Sesi Haber Merkezi\" \/>\n\t<meta name=\"twitter:label2\" content=\"Tahmini okuma s\u00fcresi\" \/>\n\t<meta name=\"twitter:data2\" content=\"1 dakika\" \/>\n<script type=\"application\/ld+json\" class=\"yoast-schema-graph\">{\"@context\":\"https:\\\/\\\/schema.org\",\"@graph\":[{\"@type\":\"Article\",\"@id\":\"https:\\\/\\\/memurunsesi.net\\\/index.php\\\/2025\\\/04\\\/12\\\/evinin-camina-cikti-etrafa-ates-acti-polise-silah-dogrulttu\\\/#article\",\"isPartOf\":{\"@id\":\"https:\\\/\\\/memurunsesi.net\\\/index.php\\\/2025\\\/04\\\/12\\\/evinin-camina-cikti-etrafa-ates-acti-polise-silah-dogrulttu\\\/\"},\"author\":{\"name\":\"Memurun Sesi Haber Merkezi\",\"@id\":\"https:\\\/\\\/memurunsesi.net\\\/#\\\/schema\\\/person\\\/f21c2d73b89f6ee1d80b0a1803e38587\"},\"headline\":\"Evinin cam\u0131na \u00e7\u0131kt\u0131, etrafa ate\u015f a\u00e7t\u0131, polise silah do\u011frulttu\",\"datePublished\":\"2025-04-12T05:57:31+00:00\",\"mainEntityOfPage\":{\"@id\":\"https:\\\/\\\/memurunsesi.net\\\/index.php\\\/2025\\\/04\\\/12\\\/evinin-camina-cikti-etrafa-ates-acti-polise-silah-dogrulttu\\\/\"},\"wordCount\":185,\"commentCount\":0,\"publisher\":{\"@id\":\"https:\\\/\\\/memurunsesi.net\\\/#organization\"},\"image\":{\"@id\":\"https:\\\/\\\/memurunsesi.net\\\/index.php\\\/2025\\\/04\\\/12\\\/evinin-camina-cikti-etrafa-ates-acti-polise-silah-dogrulttu\\\/#primaryimage\"},\"thumbnailUrl\":\"https:\\\/\\\/memurunsesi.net\\\/wp-content\\\/uploads\\\/2025\\\/04\\\/AW430887_07-scaled.jpg\",\"inLanguage\":\"tr\",\"potentialAction\":[{\"@type\":\"CommentAction\",\"name\":\"Comment\",\"target\":[\"https:\\\/\\\/memurunsesi.net\\\/index.php\\\/2025\\\/04\\\/12\\\/evinin-camina-cikti-etrafa-ates-acti-polise-silah-dogrulttu\\\/#respond\"]}]},{\"@type\":\"WebPage\",\"@id\":\"https:\\\/\\\/memurunsesi.net\\\/index.php\\\/2025\\\/04\\\/12\\\/evinin-camina-cikti-etrafa-ates-acti-polise-silah-dogrulttu\\\/\",\"url\":\"https:\\\/\\\/memurunsesi.net\\\/index.php\\\/2025\\\/04\\\/12\\\/evinin-camina-cikti-etrafa-ates-acti-polise-silah-dogrulttu\\\/\",\"name\":\"Evinin cam\u0131na \u00e7\u0131kt\u0131, etrafa ate\u015f a\u00e7t\u0131, polise silah do\u011frulttu - Memurun Sesi\",\"isPartOf\":{\"@id\":\"https:\\\/\\\/memurunsesi.net\\\/#website\"},\"primaryImageOfPage\":{\"@id\":\"https:\\\/\\\/memurunsesi.net\\\/index.php\\\/2025\\\/04\\\/12\\\/evinin-camina-cikti-etrafa-ates-acti-polise-silah-dogrulttu\\\/#primaryimage\"},\"image\":{\"@id\":\"https:\\\/\\\/memurunsesi.net\\\/index.php\\\/2025\\\/04\\\/12\\\/evinin-camina-cikti-etrafa-ates-acti-polise-silah-dogrulttu\\\/#primaryimage\"},\"thumbnailUrl\":\"https:\\\/\\\/memurunsesi.net\\\/wp-content\\\/uploads\\\/2025\\\/04\\\/AW430887_07-scaled.jpg\",\"datePublished\":\"2025-04-12T05:57:31+00:00\",\"breadcrumb\":{\"@id\":\"https:\\\/\\\/memurunsesi.net\\\/index.php\\\/2025\\\/04\\\/12\\\/evinin-camina-cikti-etrafa-ates-acti-polise-silah-dogrulttu\\\/#breadcrumb\"},\"inLanguage\":\"tr\",\"potentialAction\":[{\"@type\":\"ReadAction\",\"target\":[\"https:\\\/\\\/memurunsesi.net\\\/index.php\\\/2025\\\/04\\\/12\\\/evinin-camina-cikti-etrafa-ates-acti-polise-silah-dogrulttu\\\/\"]}]},{\"@type\":\"ImageObject\",\"inLanguage\":\"tr\",\"@id\":\"https:\\\/\\\/memurunsesi.net\\\/index.php\\\/2025\\\/04\\\/12\\\/evinin-camina-cikti-etrafa-ates-acti-polise-silah-dogrulttu\\\/#primaryimage\",\"url\":\"https:\\\/\\\/memurunsesi.net\\\/wp-content\\\/uploads\\\/2025\\\/04\\\/AW430887_07-scaled.jpg\",\"contentUrl\":\"https:\\\/\\\/memurunsesi.net\\\/wp-content\\\/uploads\\\/2025\\\/04\\\/AW430887_07-scaled.jpg\",\"width\":2560,\"height\":1920,\"caption\":\"ANKARA'NIN MAMAK \u0130L\u00c7ES\u0130NDE, \u0130NT\u0130HAR G\u0130R\u0130\u015e\u0130M\u0130NDE BULUNAN B\u0130R \u015eAHIS, POL\u0130S \u00d6ZEL HAREKATA S\u0130LAH DO\u011eRULTTU. S\u0130LAH DO\u011eRULTAN \u015eAHIS, \u00d6ZEL HAREKAT POL\u0130S\u0130 TARAFINDAN ETK\u0130S\u0130Z HALE GET\u0130R\u0130LD\u0130. (FURKAN DO\u011eAN\\\/ANKARA-\u0130HA) Ankara'n\u0131n Mamak il\u00e7esinde evinin cam\u0131na \u00e7\u0131karak intihar giri\u015fiminde bulunan \u015fah\u0131s, polise silah do\u011frulttu. Polisin ikna \u00e7abalar\u0131na ra\u011fmen etrafa ate\u015f a\u00e7an \u015fah\u0131s, \u00f6zel harekat polisi taraf\u0131ndan aya\u011f\u0131ndan vurularak etkisiz hale getirildi.\"},{\"@type\":\"BreadcrumbList\",\"@id\":\"https:\\\/\\\/memurunsesi.net\\\/index.php\\\/2025\\\/04\\\/12\\\/evinin-camina-cikti-etrafa-ates-acti-polise-silah-dogrulttu\\\/#breadcrumb\",\"itemListElement\":[{\"@type\":\"ListItem\",\"position\":1,\"name\":\"Anasayfa\",\"item\":\"https:\\\/\\\/memurunsesi.net\\\/\"},{\"@type\":\"ListItem\",\"position\":2,\"name\":\"Evinin cam\u0131na \u00e7\u0131kt\u0131, etrafa ate\u015f a\u00e7t\u0131, polise silah do\u011frulttu\"}]},{\"@type\":\"WebSite\",\"@id\":\"https:\\\/\\\/memurunsesi.net\\\/#website\",\"url\":\"https:\\\/\\\/memurunsesi.net\\\/\",\"name\":\"Memurun Sesi\",\"description\":\"G\u00fcncel ve Do\u011fru Haber\",\"publisher\":{\"@id\":\"https:\\\/\\\/memurunsesi.net\\\/#organization\"},\"potentialAction\":[{\"@type\":\"SearchAction\",\"target\":{\"@type\":\"EntryPoint\",\"urlTemplate\":\"https:\\\/\\\/memurunsesi.net\\\/?s={search_term_string}\"},\"query-input\":{\"@type\":\"PropertyValueSpecification\",\"valueRequired\":true,\"valueName\":\"search_term_string\"}}],\"inLanguage\":\"tr\"},{\"@type\":\"Organization\",\"@id\":\"https:\\\/\\\/memurunsesi.net\\\/#organization\",\"name\":\"Memurun Sesi\",\"url\":\"https:\\\/\\\/memurunsesi.net\\\/\",\"logo\":{\"@type\":\"ImageObject\",\"inLanguage\":\"tr\",\"@id\":\"https:\\\/\\\/memurunsesi.net\\\/#\\\/schema\\\/logo\\\/image\\\/\",\"url\":\"https:\\\/\\\/memurunsesi.net\\\/wp-content\\\/uploads\\\/2025\\\/11\\\/cropped-MEMURUN-SESI.png\",\"contentUrl\":\"https:\\\/\\\/memurunsesi.net\\\/wp-content\\\/uploads\\\/2025\\\/11\\\/cropped-MEMURUN-SESI.png\",\"width\":238,\"height\":57,\"caption\":\"Memurun Sesi\"},\"image\":{\"@id\":\"https:\\\/\\\/memurunsesi.net\\\/#\\\/schema\\\/logo\\\/image\\\/\"},\"sameAs\":[\"https:\\\/\\\/www.facebook.com\\\/unipersen\\\/?locale=tr_TR\",\"https:\\\/\\\/x.com\\\/unipersen\"]},{\"@type\":\"Person\",\"@id\":\"https:\\\/\\\/memurunsesi.net\\\/#\\\/schema\\\/person\\\/f21c2d73b89f6ee1d80b0a1803e38587\",\"name\":\"Memurun Sesi Haber Merkezi\",\"image\":{\"@type\":\"ImageObject\",\"inLanguage\":\"tr\",\"@id\":\"https:\\\/\\\/secure.gravatar.com\\\/avatar\\\/6cf0505f452ee753f485014986fab09a434671d2b919ee76fc541025c5876a70?s=96&d=mm&r=g\",\"url\":\"https:\\\/\\\/secure.gravatar.com\\\/avatar\\\/6cf0505f452ee753f485014986fab09a434671d2b919ee76fc541025c5876a70?s=96&d=mm&r=g\",\"contentUrl\":\"https:\\\/\\\/secure.gravatar.com\\\/avatar\\\/6cf0505f452ee753f485014986fab09a434671d2b919ee76fc541025c5876a70?s=96&d=mm&r=g\",\"caption\":\"Memurun Sesi Haber Merkezi\"},\"sameAs\":[\"https:\\\/\\\/memurunsesi.net\"],\"url\":\"https:\\\/\\\/memurunsesi.net\\\/index.php\\\/author\\\/uniper\\\/\"}]}<\/script>\n<!-- \/ Yoast SEO plugin. -->","yoast_head_json":{"title":"Evinin cam\u0131na \u00e7\u0131kt\u0131, etrafa ate\u015f a\u00e7t\u0131, polise silah do\u011frulttu - Memurun Sesi","robots":{"index":"index","follow":"follow","max-snippet":"max-snippet:-1","max-image-preview":"max-image-preview:large","max-video-preview":"max-video-preview:-1"},"canonical":"https:\/\/memurunsesi.net\/index.php\/2025\/04\/12\/evinin-camina-cikti-etrafa-ates-acti-polise-silah-dogrulttu\/","og_locale":"tr_TR","og_type":"article","og_title":"Evinin cam\u0131na \u00e7\u0131kt\u0131, etrafa ate\u015f a\u00e7t\u0131, polise silah do\u011frulttu - Memurun Sesi","og_description":"Ankara&#8217;n\u0131n Mamak il\u00e7esinde evinin cam\u0131na \u00e7\u0131karak intihar giri\u015fiminde bulunan \u015fah\u0131s, polise silah do\u011frulttu. Polisin ikna \u00e7abalar\u0131na ra\u011fmen etrafa ate\u015f a\u00e7an \u015fah\u0131s, \u00f6zel harekat polisi taraf\u0131ndan aya\u011f\u0131ndan vurularak etkisiz hale getirildi. Edinilen bilgilere g\u00f6re, Abidinpa\u015fa Mahallesi&#8217;nde e\u015finden bo\u015fand\u0131\u011f\u0131 i\u00e7in problemler ya\u015fad\u0131\u011f\u0131 belirtilen M.K., evinin cam\u0131na \u00e7\u0131karak ba\u011f\u0131r\u0131p etrafa tabancayla ate\u015f etti. \u00c7evredeki vatanda\u015flar\u0131n ihbar\u0131 \u00fczerine olay [&hellip;]","og_url":"https:\/\/memurunsesi.net\/index.php\/2025\/04\/12\/evinin-camina-cikti-etrafa-ates-acti-polise-silah-dogrulttu\/","og_site_name":"Memurun Sesi","article_publisher":"https:\/\/www.facebook.com\/unipersen\/?locale=tr_TR","article_published_time":"2025-04-12T05:57:31+00:00","og_image":[{"width":2560,"height":1920,"url":"https:\/\/memurunsesi.net\/wp-content\/uploads\/2025\/04\/AW430887_07-scaled.jpg","type":"image\/jpeg"}],"author":"Memurun Sesi Haber Merkezi","twitter_card":"summary_large_image","twitter_creator":"@unipersen","twitter_site":"@unipersen","twitter_misc":{"Yazan:":"Memurun Sesi Haber Merkezi","Tahmini okuma s\u00fcresi":"1 dakika"},"schema":{"@context":"https:\/\/schema.org","@graph":[{"@type":"Article","@id":"https:\/\/memurunsesi.net\/index.php\/2025\/04\/12\/evinin-camina-cikti-etrafa-ates-acti-polise-silah-dogrulttu\/#article","isPartOf":{"@id":"https:\/\/memurunsesi.net\/index.php\/2025\/04\/12\/evinin-camina-cikti-etrafa-ates-acti-polise-silah-dogrulttu\/"},"author":{"name":"Memurun Sesi Haber Merkezi","@id":"https:\/\/memurunsesi.net\/#\/schema\/person\/f21c2d73b89f6ee1d80b0a1803e38587"},"headline":"Evinin cam\u0131na \u00e7\u0131kt\u0131, etrafa ate\u015f a\u00e7t\u0131, polise silah do\u011frulttu","datePublished":"2025-04-12T05:57:31+00:00","mainEntityOfPage":{"@id":"https:\/\/memurunsesi.net\/index.php\/2025\/04\/12\/evinin-camina-cikti-etrafa-ates-acti-polise-silah-dogrulttu\/"},"wordCount":185,"commentCount":0,"publisher":{"@id":"https:\/\/memurunsesi.net\/#organization"},"image":{"@id":"https:\/\/memurunsesi.net\/index.php\/2025\/04\/12\/evinin-camina-cikti-etrafa-ates-acti-polise-silah-dogrulttu\/#primaryimage"},"thumbnailUrl":"https:\/\/memurunsesi.net\/wp-content\/uploads\/2025\/04\/AW430887_07-scaled.jpg","inLanguage":"tr","potentialAction":[{"@type":"CommentAction","name":"Comment","target":["https:\/\/memurunsesi.net\/index.php\/2025\/04\/12\/evinin-camina-cikti-etrafa-ates-acti-polise-silah-dogrulttu\/#respond"]}]},{"@type":"WebPage","@id":"https:\/\/memurunsesi.net\/index.php\/2025\/04\/12\/evinin-camina-cikti-etrafa-ates-acti-polise-silah-dogrulttu\/","url":"https:\/\/memurunsesi.net\/index.php\/2025\/04\/12\/evinin-camina-cikti-etrafa-ates-acti-polise-silah-dogrulttu\/","name":"Evinin cam\u0131na \u00e7\u0131kt\u0131, etrafa ate\u015f a\u00e7t\u0131, polise silah do\u011frulttu - Memurun Sesi","isPartOf":{"@id":"https:\/\/memurunsesi.net\/#website"},"primaryImageOfPage":{"@id":"https:\/\/memurunsesi.net\/index.php\/2025\/04\/12\/evinin-camina-cikti-etrafa-ates-acti-polise-silah-dogrulttu\/#primaryimage"},"image":{"@id":"https:\/\/memurunsesi.net\/index.php\/2025\/04\/12\/evinin-camina-cikti-etrafa-ates-acti-polise-silah-dogrulttu\/#primaryimage"},"thumbnailUrl":"https:\/\/memurunsesi.net\/wp-content\/uploads\/2025\/04\/AW430887_07-scaled.jpg","datePublished":"2025-04-12T05:57:31+00:00","breadcrumb":{"@id":"https:\/\/memurunsesi.net\/index.php\/2025\/04\/12\/evinin-camina-cikti-etrafa-ates-acti-polise-silah-dogrulttu\/#breadcrumb"},"inLanguage":"tr","potentialAction":[{"@type":"ReadAction","target":["https:\/\/memurunsesi.net\/index.php\/2025\/04\/12\/evinin-camina-cikti-etrafa-ates-acti-polise-silah-dogrulttu\/"]}]},{"@type":"ImageObject","inLanguage":"tr","@id":"https:\/\/memurunsesi.net\/index.php\/2025\/04\/12\/evinin-camina-cikti-etrafa-ates-acti-polise-silah-dogrulttu\/#primaryimage","url":"https:\/\/memurunsesi.net\/wp-content\/uploads\/2025\/04\/AW430887_07-scaled.jpg","contentUrl":"https:\/\/memurunsesi.net\/wp-content\/uploads\/2025\/04\/AW430887_07-scaled.jpg","width":2560,"height":1920,"caption":"ANKARA'NIN MAMAK \u0130L\u00c7ES\u0130NDE, \u0130NT\u0130HAR G\u0130R\u0130\u015e\u0130M\u0130NDE BULUNAN B\u0130R \u015eAHIS, POL\u0130S \u00d6ZEL HAREKATA S\u0130LAH DO\u011eRULTTU. S\u0130LAH DO\u011eRULTAN \u015eAHIS, \u00d6ZEL HAREKAT POL\u0130S\u0130 TARAFINDAN ETK\u0130S\u0130Z HALE GET\u0130R\u0130LD\u0130. (FURKAN DO\u011eAN\/ANKARA-\u0130HA) Ankara'n\u0131n Mamak il\u00e7esinde evinin cam\u0131na \u00e7\u0131karak intihar giri\u015fiminde bulunan \u015fah\u0131s, polise silah do\u011frulttu. Polisin ikna \u00e7abalar\u0131na ra\u011fmen etrafa ate\u015f a\u00e7an \u015fah\u0131s, \u00f6zel harekat polisi taraf\u0131ndan aya\u011f\u0131ndan vurularak etkisiz hale getirildi."},{"@type":"BreadcrumbList","@id":"https:\/\/memurunsesi.net\/index.php\/2025\/04\/12\/evinin-camina-cikti-etrafa-ates-acti-polise-silah-dogrulttu\/#breadcrumb","itemListElement":[{"@type":"ListItem","position":1,"name":"Anasayfa","item":"https:\/\/memurunsesi.net\/"},{"@type":"ListItem","position":2,"name":"Evinin cam\u0131na \u00e7\u0131kt\u0131, etrafa ate\u015f a\u00e7t\u0131, polise silah do\u011frulttu"}]},{"@type":"WebSite","@id":"https:\/\/memurunsesi.net\/#website","url":"https:\/\/memurunsesi.net\/","name":"Memurun Sesi","description":"G\u00fcncel ve Do\u011fru Haber","publisher":{"@id":"https:\/\/memurunsesi.net\/#organization"},"potentialAction":[{"@type":"SearchAction","target":{"@type":"EntryPoint","urlTemplate":"https:\/\/memurunsesi.net\/?s={search_term_string}"},"query-input":{"@type":"PropertyValueSpecification","valueRequired":true,"valueName":"search_term_string"}}],"inLanguage":"tr"},{"@type":"Organization","@id":"https:\/\/memurunsesi.net\/#organization","name":"Memurun Sesi","url":"https:\/\/memurunsesi.net\/","logo":{"@type":"ImageObject","inLanguage":"tr","@id":"https:\/\/memurunsesi.net\/#\/schema\/logo\/image\/","url":"https:\/\/memurunsesi.net\/wp-content\/uploads\/2025\/11\/cropped-MEMURUN-SESI.png","contentUrl":"https:\/\/memurunsesi.net\/wp-content\/uploads\/2025\/11\/cropped-MEMURUN-SESI.png","width":238,"height":57,"caption":"Memurun Sesi"},"image":{"@id":"https:\/\/memurunsesi.net\/#\/schema\/logo\/image\/"},"sameAs":["https:\/\/www.facebook.com\/unipersen\/?locale=tr_TR","https:\/\/x.com\/unipersen"]},{"@type":"Person","@id":"https:\/\/memurunsesi.net\/#\/schema\/person\/f21c2d73b89f6ee1d80b0a1803e38587","name":"Memurun Sesi Haber Merkezi","image":{"@type":"ImageObject","inLanguage":"tr","@id":"https:\/\/secure.gravatar.com\/avatar\/6cf0505f452ee753f485014986fab09a434671d2b919ee76fc541025c5876a70?s=96&d=mm&r=g","url":"https:\/\/secure.gravatar.com\/avatar\/6cf0505f452ee753f485014986fab09a434671d2b919ee76fc541025c5876a70?s=96&d=mm&r=g","contentUrl":"https:\/\/secure.gravatar.com\/avatar\/6cf0505f452ee753f485014986fab09a434671d2b919ee76fc541025c5876a70?s=96&d=mm&r=g","caption":"Memurun Sesi Haber Merkezi"},"sameAs":["https:\/\/memurunsesi.net"],"url":"https:\/\/memurunsesi.net\/index.php\/author\/uniper\/"}]}},"_links":{"self":[{"href":"https:\/\/memurunsesi.net\/index.php\/wp-json\/wp\/v2\/posts\/5171","targetHints":{"allow":["GET"]}}],"collection":[{"href":"https:\/\/memurunsesi.net\/index.php\/wp-json\/wp\/v2\/posts"}],"about":[{"href":"https:\/\/memurunsesi.net\/index.php\/wp-json\/wp\/v2\/types\/post"}],"author":[{"embeddable":true,"href":"https:\/\/memurunsesi.net\/index.php\/wp-json\/wp\/v2\/users\/1"}],"replies":[{"embeddable":true,"href":"https:\/\/memurunsesi.net\/index.php\/wp-json\/wp\/v2\/comments?post=5171"}],"version-history":[{"count":1,"href":"https:\/\/memurunsesi.net\/index.php\/wp-json\/wp\/v2\/posts\/5171\/revisions"}],"predecessor-version":[{"id":5173,"href":"https:\/\/memurunsesi.net\/index.php\/wp-json\/wp\/v2\/posts\/5171\/revisions\/5173"}],"wp:featuredmedia":[{"embeddable":true,"href":"https:\/\/memurunsesi.net\/index.php\/wp-json\/wp\/v2\/media\/5172"}],"wp:attachment":[{"href":"https:\/\/memurunsesi.net\/index.php\/wp-json\/wp\/v2\/media?parent=5171"}],"wp:term":[{"taxonomy":"category","embeddable":true,"href":"https:\/\/memurunsesi.net\/index.php\/wp-json\/wp\/v2\/categories?post=5171"},{"taxonomy":"post_tag","embeddable":true,"href":"https:\/\/memurunsesi.net\/index.php\/wp-json\/wp\/v2\/tags?post=5171"}],"curies":[{"name":"wp","href":"https:\/\/api.w.org\/{rel}","templated":true}]}}