{"id":5214,"date":"2025-04-12T09:24:43","date_gmt":"2025-04-12T06:24:43","guid":{"rendered":"https:\/\/memurunsesi.net\/?p=5214"},"modified":"2025-04-12T09:24:43","modified_gmt":"2025-04-12T06:24:43","slug":"yuttugu-karayemis-cekirdegi-az-kalsin-olduruyordu","status":"publish","type":"post","link":"https:\/\/memurunsesi.net\/index.php\/2025\/04\/12\/yuttugu-karayemis-cekirdegi-az-kalsin-olduruyordu\/","title":{"rendered":"Yuttu\u011fu karayemi\u015f \u00e7ekirde\u011fi az kals\u0131n \u00f6ld\u00fcr\u00fcyordu"},"content":{"rendered":"<p>Trabzon&#8217;da Fatma Karabacak&#8217;\u0131n yuttu\u011fu karayemi\u015f \u00e7ekirde\u011fi soluk borusundan akci\u011ferine gitti, akci\u011ferin bir k\u0131sm\u0131n\u0131 \u00e7\u00fcr\u00fctt\u00fc<\/p>\n<p>Trabzon&#8217;un Ak\u00e7aabat il\u00e7esinde ya\u015fayan 66 ya\u015f\u0131ndaki Fatma Karabacak&#8217;\u0131n yuttu\u011fu karayemi\u015f \u00e7ekirde\u011fi soluk borusundan akci\u011ferine gitti, akci\u011ferin bir k\u0131sm\u0131n\u0131 \u00e7\u00fcr\u00fctt\u00fc. Yuttu\u011fu karayemi\u015f y\u00fcz\u00fcnden akci\u011ferinin bir b\u00f6l\u00fcm\u00fc ameliyatla al\u0131nan Karabacak, eski sa\u011fl\u0131\u011f\u0131na kavu\u015fman\u0131n mutlulu\u011funu ya\u015f\u0131yor.<br \/>\nHastan\u0131n s\u0131k s\u0131k akci\u011fer enfeksiyonu ge\u00e7irmesi nedeniyle doktora ba\u015fvurdu\u011funu belirten Karadeniz Teknik \u00dcniversitesi (KT\u00dc) T\u0131p Fak\u00fcltesi Farabi Hastanesi Ba\u015fhekimi ve G\u00f6\u011f\u00fcs Cerrahisi Anabilim Dal\u0131 Ba\u015fkan\u0131 Prof. Dr. Celal Tekinba\u015f, \u00e7ekilen tomografi sonras\u0131nda akci\u011ferinde yabanc\u0131 bir cisim tespit edildi\u011fini s\u00f6yledi.<br \/>\nHastan\u0131n uzun zamand\u0131r \u00e7ok s\u0131k akci\u011fer enfeksiyonu ge\u00e7irdi\u011fini ve s\u0131k s\u0131k doktora ba\u015fvurarak antibiyotik tedavisi g\u00f6rd\u00fc\u011f\u00fcn\u00fc belirten Tekinba\u015f, &#8220;\u015eik\u00e2yetleri ge\u00e7meyince hastaya tomografi \u00e7ekildi. Tomografide sa\u011f akci\u011ferinde normal olmayan bir lezyon g\u00f6r\u00fcld\u00fc\u011f\u00fc i\u00e7in hastanemize y\u00f6nlendirildi. Biz de inceledi\u011fimizde, sa\u011f akci\u011ferin orta k\u0131sm\u0131nda t\u00fcm\u00f6re benzeyen bir lezyon tespit ettik. Gerekli tetkikler yap\u0131ld\u0131, PET\/CT \u00e7ekildi ve problemli bir alan tespit edildi. Bronkoskopi yapt\u0131k, hava yolunun i\u00e7inde bir t\u00fcm\u00f6r tespit edildi. Orta lob tamamen harap olmu\u015ftu, i\u00e7erisi iltihapla doluydu. Bu nedenle hastaya operasyon karar\u0131 verdik&#8221; dedi.<br \/>\nAmeliyatla orta lobu \u00e7\u0131kard\u0131klar\u0131n\u0131 kaydeden Tekinba\u015f, &#8220;Bron\u015fun i\u00e7ini a\u00e7t\u0131\u011f\u0131m\u0131zda bir \u00e7ekirdekle kar\u015f\u0131la\u015ft\u0131k. \u00c7ekirde\u011fin \u00fczeri doku benzeri bir yap\u0131yla kaplanm\u0131\u015ft\u0131. Bronkoskopide t\u00fcm\u00f6r san\u0131lmas\u0131n\u0131n nedeni de buydu; \u00e7ekirdek, t\u00fcm\u00f6re benzer ve v\u00fccut dokusuna benzeyen bir g\u00f6r\u00fcn\u00fcm kazanm\u0131\u015ft\u0131. \u00c7ekirde\u011fi \u00e7\u0131kard\u0131k, temizledik ve bunun bir karayemi\u015f \u00e7ekirde\u011fi oldu\u011funu g\u00f6rd\u00fck. Bu \u00e7ekirdek akci\u011ferin orta lobunu t\u0131kam\u0131\u015f, balgam bu b\u00f6lgede birikmi\u015f ve zamanla iltihaplanarak akci\u011fer dokusuna zarar vermi\u015f. Orta lob tamamen i\u015flevini yitirmi\u015fti. Ba\u015far\u0131l\u0131 bir ameliyat ge\u00e7iren hastam\u0131z \u015fu an olduk\u00e7a iyi, yak\u0131nda taburcu edece\u011fiz&#8221; diye konu\u015ftu.<\/p>\n<p>&#8220;Bir \u015fey yerken ani g\u00fclme, \u00f6ks\u00fcrme veya nefes alma sonucunda yabanc\u0131 cisimler havayoluna ka\u00e7abiliyor&#8221;<br \/>\nYemek yeme esnas\u0131nda ani \u00f6ks\u00fcrme ve g\u00fclme gibi durumlarda yabanc\u0131 cisimlerin hava yoluna ka\u00e7abilece\u011fine dikkat \u00e7eken Tekinba\u015f, &#8220;Yemek yerken ya da a\u011f\u0131zda bir \u015fey saklarken ani g\u00fclme, \u00f6ks\u00fcrme veya nefes alma sonucunda yabanc\u0131 cisimler hava yoluna ka\u00e7abiliyor. Hava yoluna ka\u00e7t\u0131ktan sonra hastada ani \u00f6ks\u00fcr\u00fck ba\u015flar. Ancak yabanc\u0131 cisim yerine oturup hareketsiz hale geldi\u011finde \u00f6ks\u00fcr\u00fck kesiliyor. Bu y\u00fczden bir\u00e7ok hasta, \u2018bo\u011faz\u0131ma bir \u015fey ka\u00e7t\u0131 ama ge\u00e7ti&#8217; diyerek doktora ba\u015fvurmuyor. Oysa bu ihmalk\u00e2rl\u0131k ciddi komplikasyonlara yol a\u00e7abiliyor. Bu hastam\u0131zda da \u00f6yle oldu. E\u011fer ge\u00e7 kal\u0131nsayd\u0131, akci\u011ferin tamam\u0131n\u0131 almak zorunda kalabilirdik. Yabanc\u0131 cisim aspirasyonlar\u0131 en \u00e7ok \u00e7ocuklar ve ya\u015fl\u0131larda g\u00f6r\u00fclse de her ya\u015f grubunda olabilir. Yemek yerken ani \u00f6ks\u00fcr\u00fck ba\u015flarsa ve bu \u00f6ks\u00fcr\u00fck uzun s\u00fcrerse, hatta ba\u015fka belirti olmasa bile mutlaka bir hekime ba\u015fvurulmal\u0131d\u0131r. Bronkoskopi ile bron\u015f a\u011fac\u0131n\u0131n detayl\u0131 de\u011ferlendirilmesi gerekir. Bu, kesin tan\u0131 i\u00e7in \u015fartt\u0131r&#8221; \u015feklinde konu\u015ftu.<br \/>\nYuttu\u011fu karayemi\u015f y\u00fcz\u00fcnden akci\u011ferinin bir b\u00f6l\u00fcm\u00fc ameliyatla al\u0131nan Fatma Karabacak ise eski sa\u011fl\u0131\u011f\u0131na kavu\u015fman\u0131n mutlulu\u011funu ya\u015fad\u0131\u011f\u0131n\u0131 belirterek bir daha karayemi\u015f yemeyece\u011fini s\u00f6yledi. Fatma Karabacak, &#8220;Bir daha \u00e7ekirdekli bir \u015fey yemem. Hocam kurtard\u0131 beni&#8221; ifadelerini kulland\u0131.<\/p>\n<p>12.04.2025<\/p>\n","protected":false},"excerpt":{"rendered":"<p>Trabzon&#8217;da Fatma Karabacak&#8217;\u0131n yuttu\u011fu karayemi\u015f \u00e7ekirde\u011fi soluk borusundan akci\u011ferine gitti, akci\u011ferin bir k\u0131sm\u0131n\u0131 \u00e7\u00fcr\u00fctt\u00fc Trabzon&#8217;un Ak\u00e7aabat il\u00e7esinde ya\u015fayan 66 ya\u015f\u0131ndaki Fatma Karabacak&#8217;\u0131n yuttu\u011fu karayemi\u015f \u00e7ekirde\u011fi soluk borusundan akci\u011ferine gitti, akci\u011ferin bir k\u0131sm\u0131n\u0131 \u00e7\u00fcr\u00fctt\u00fc. Yuttu\u011fu karayemi\u015f y\u00fcz\u00fcnden akci\u011ferinin bir b\u00f6l\u00fcm\u00fc ameliyatla al\u0131nan Karabacak, eski sa\u011fl\u0131\u011f\u0131na kavu\u015fman\u0131n mutlulu\u011funu ya\u015f\u0131yor. Hastan\u0131n s\u0131k s\u0131k akci\u011fer enfeksiyonu ge\u00e7irmesi nedeniyle doktora [&hellip;]<\/p>\n","protected":false},"author":1,"featured_media":5215,"comment_status":"open","ping_status":"open","sticky":false,"template":"","format":"standard","meta":{"footnotes":""},"categories":[1],"tags":[],"class_list":["post-5214","post","type-post","status-publish","format-standard","has-post-thumbnail","hentry","category-genel"],"yoast_head":"<!-- This site is optimized with the Yoast SEO plugin v27.4 - https:\/\/yoast.com\/product\/yoast-seo-wordpress\/ -->\n<title>Yuttu\u011fu karayemi\u015f \u00e7ekirde\u011fi az kals\u0131n \u00f6ld\u00fcr\u00fcyordu - Memurun Sesi<\/title>\n<meta name=\"robots\" content=\"index, follow, max-snippet:-1, max-image-preview:large, max-video-preview:-1\" \/>\n<link rel=\"canonical\" href=\"https:\/\/memurunsesi.net\/index.php\/2025\/04\/12\/yuttugu-karayemis-cekirdegi-az-kalsin-olduruyordu\/\" \/>\n<meta property=\"og:locale\" content=\"tr_TR\" \/>\n<meta property=\"og:type\" content=\"article\" \/>\n<meta property=\"og:title\" content=\"Yuttu\u011fu karayemi\u015f \u00e7ekirde\u011fi az kals\u0131n \u00f6ld\u00fcr\u00fcyordu - Memurun Sesi\" \/>\n<meta property=\"og:description\" content=\"Trabzon&#8217;da Fatma Karabacak&#8217;\u0131n yuttu\u011fu karayemi\u015f \u00e7ekirde\u011fi soluk borusundan akci\u011ferine gitti, akci\u011ferin bir k\u0131sm\u0131n\u0131 \u00e7\u00fcr\u00fctt\u00fc Trabzon&#8217;un Ak\u00e7aabat il\u00e7esinde ya\u015fayan 66 ya\u015f\u0131ndaki Fatma Karabacak&#8217;\u0131n yuttu\u011fu karayemi\u015f \u00e7ekirde\u011fi soluk borusundan akci\u011ferine gitti, akci\u011ferin bir k\u0131sm\u0131n\u0131 \u00e7\u00fcr\u00fctt\u00fc. Yuttu\u011fu karayemi\u015f y\u00fcz\u00fcnden akci\u011ferinin bir b\u00f6l\u00fcm\u00fc ameliyatla al\u0131nan Karabacak, eski sa\u011fl\u0131\u011f\u0131na kavu\u015fman\u0131n mutlulu\u011funu ya\u015f\u0131yor. Hastan\u0131n s\u0131k s\u0131k akci\u011fer enfeksiyonu ge\u00e7irmesi nedeniyle doktora [&hellip;]\" \/>\n<meta property=\"og:url\" content=\"https:\/\/memurunsesi.net\/index.php\/2025\/04\/12\/yuttugu-karayemis-cekirdegi-az-kalsin-olduruyordu\/\" \/>\n<meta property=\"og:site_name\" content=\"Memurun Sesi\" \/>\n<meta property=\"article:publisher\" content=\"https:\/\/www.facebook.com\/unipersen\/?locale=tr_TR\" \/>\n<meta property=\"article:published_time\" content=\"2025-04-12T06:24:43+00:00\" \/>\n<meta property=\"og:image\" content=\"https:\/\/memurunsesi.net\/wp-content\/uploads\/2025\/04\/AW430929_03-scaled.jpg\" \/>\n\t<meta property=\"og:image:width\" content=\"2560\" \/>\n\t<meta property=\"og:image:height\" content=\"1440\" \/>\n\t<meta property=\"og:image:type\" content=\"image\/jpeg\" \/>\n<meta name=\"author\" content=\"Memurun Sesi Haber Merkezi\" \/>\n<meta name=\"twitter:card\" content=\"summary_large_image\" \/>\n<meta name=\"twitter:creator\" content=\"@unipersen\" \/>\n<meta name=\"twitter:site\" content=\"@unipersen\" \/>\n<meta name=\"twitter:label1\" content=\"Yazan:\" \/>\n\t<meta name=\"twitter:data1\" content=\"Memurun Sesi Haber Merkezi\" \/>\n\t<meta name=\"twitter:label2\" content=\"Tahmini okuma s\u00fcresi\" \/>\n\t<meta name=\"twitter:data2\" content=\"3 dakika\" \/>\n<script type=\"application\/ld+json\" class=\"yoast-schema-graph\">{\"@context\":\"https:\\\/\\\/schema.org\",\"@graph\":[{\"@type\":\"Article\",\"@id\":\"https:\\\/\\\/memurunsesi.net\\\/index.php\\\/2025\\\/04\\\/12\\\/yuttugu-karayemis-cekirdegi-az-kalsin-olduruyordu\\\/#article\",\"isPartOf\":{\"@id\":\"https:\\\/\\\/memurunsesi.net\\\/index.php\\\/2025\\\/04\\\/12\\\/yuttugu-karayemis-cekirdegi-az-kalsin-olduruyordu\\\/\"},\"author\":{\"name\":\"Memurun Sesi Haber Merkezi\",\"@id\":\"https:\\\/\\\/memurunsesi.net\\\/#\\\/schema\\\/person\\\/f21c2d73b89f6ee1d80b0a1803e38587\"},\"headline\":\"Yuttu\u011fu karayemi\u015f \u00e7ekirde\u011fi az kals\u0131n \u00f6ld\u00fcr\u00fcyordu\",\"datePublished\":\"2025-04-12T06:24:43+00:00\",\"mainEntityOfPage\":{\"@id\":\"https:\\\/\\\/memurunsesi.net\\\/index.php\\\/2025\\\/04\\\/12\\\/yuttugu-karayemis-cekirdegi-az-kalsin-olduruyordu\\\/\"},\"wordCount\":643,\"commentCount\":0,\"publisher\":{\"@id\":\"https:\\\/\\\/memurunsesi.net\\\/#organization\"},\"image\":{\"@id\":\"https:\\\/\\\/memurunsesi.net\\\/index.php\\\/2025\\\/04\\\/12\\\/yuttugu-karayemis-cekirdegi-az-kalsin-olduruyordu\\\/#primaryimage\"},\"thumbnailUrl\":\"https:\\\/\\\/memurunsesi.net\\\/wp-content\\\/uploads\\\/2025\\\/04\\\/AW430929_03-scaled.jpg\",\"inLanguage\":\"tr\",\"potentialAction\":[{\"@type\":\"CommentAction\",\"name\":\"Comment\",\"target\":[\"https:\\\/\\\/memurunsesi.net\\\/index.php\\\/2025\\\/04\\\/12\\\/yuttugu-karayemis-cekirdegi-az-kalsin-olduruyordu\\\/#respond\"]}]},{\"@type\":\"WebPage\",\"@id\":\"https:\\\/\\\/memurunsesi.net\\\/index.php\\\/2025\\\/04\\\/12\\\/yuttugu-karayemis-cekirdegi-az-kalsin-olduruyordu\\\/\",\"url\":\"https:\\\/\\\/memurunsesi.net\\\/index.php\\\/2025\\\/04\\\/12\\\/yuttugu-karayemis-cekirdegi-az-kalsin-olduruyordu\\\/\",\"name\":\"Yuttu\u011fu karayemi\u015f \u00e7ekirde\u011fi az kals\u0131n \u00f6ld\u00fcr\u00fcyordu - Memurun Sesi\",\"isPartOf\":{\"@id\":\"https:\\\/\\\/memurunsesi.net\\\/#website\"},\"primaryImageOfPage\":{\"@id\":\"https:\\\/\\\/memurunsesi.net\\\/index.php\\\/2025\\\/04\\\/12\\\/yuttugu-karayemis-cekirdegi-az-kalsin-olduruyordu\\\/#primaryimage\"},\"image\":{\"@id\":\"https:\\\/\\\/memurunsesi.net\\\/index.php\\\/2025\\\/04\\\/12\\\/yuttugu-karayemis-cekirdegi-az-kalsin-olduruyordu\\\/#primaryimage\"},\"thumbnailUrl\":\"https:\\\/\\\/memurunsesi.net\\\/wp-content\\\/uploads\\\/2025\\\/04\\\/AW430929_03-scaled.jpg\",\"datePublished\":\"2025-04-12T06:24:43+00:00\",\"breadcrumb\":{\"@id\":\"https:\\\/\\\/memurunsesi.net\\\/index.php\\\/2025\\\/04\\\/12\\\/yuttugu-karayemis-cekirdegi-az-kalsin-olduruyordu\\\/#breadcrumb\"},\"inLanguage\":\"tr\",\"potentialAction\":[{\"@type\":\"ReadAction\",\"target\":[\"https:\\\/\\\/memurunsesi.net\\\/index.php\\\/2025\\\/04\\\/12\\\/yuttugu-karayemis-cekirdegi-az-kalsin-olduruyordu\\\/\"]}]},{\"@type\":\"ImageObject\",\"inLanguage\":\"tr\",\"@id\":\"https:\\\/\\\/memurunsesi.net\\\/index.php\\\/2025\\\/04\\\/12\\\/yuttugu-karayemis-cekirdegi-az-kalsin-olduruyordu\\\/#primaryimage\",\"url\":\"https:\\\/\\\/memurunsesi.net\\\/wp-content\\\/uploads\\\/2025\\\/04\\\/AW430929_03-scaled.jpg\",\"contentUrl\":\"https:\\\/\\\/memurunsesi.net\\\/wp-content\\\/uploads\\\/2025\\\/04\\\/AW430929_03-scaled.jpg\",\"width\":2560,\"height\":1440,\"caption\":\"FATMA KARABACAK VE PROF. DR. CELAL TEK\u0130NBA\u015e (BEK\u0130R KOCA\\\/TRABZON-\u0130HA) Trabzon'un Ak\u00e7aabat il\u00e7esinde ya\u015fayan 66 ya\u015f\u0131ndaki Fatma Karabacak'\u0131n yuttu\u011fu karayemi\u015f \u00e7ekirde\u011fi soluk borusundan akci\u011ferine gitti, akci\u011ferin bir k\u0131sm\u0131n\u0131 \u00e7\u00fcr\u00fctt\u00fc. Yuttu\u011fu karayemi\u015f y\u00fcz\u00fcnden akci\u011ferinin bir b\u00f6l\u00fcm\u00fc ameliyatla al\u0131nan Karabacak, eski sa\u011fl\u0131\u011f\u0131na kavu\u015fman\u0131n mutlulu\u011funu ya\u015f\u0131yor.\"},{\"@type\":\"BreadcrumbList\",\"@id\":\"https:\\\/\\\/memurunsesi.net\\\/index.php\\\/2025\\\/04\\\/12\\\/yuttugu-karayemis-cekirdegi-az-kalsin-olduruyordu\\\/#breadcrumb\",\"itemListElement\":[{\"@type\":\"ListItem\",\"position\":1,\"name\":\"Anasayfa\",\"item\":\"https:\\\/\\\/memurunsesi.net\\\/\"},{\"@type\":\"ListItem\",\"position\":2,\"name\":\"Yuttu\u011fu karayemi\u015f \u00e7ekirde\u011fi az kals\u0131n \u00f6ld\u00fcr\u00fcyordu\"}]},{\"@type\":\"WebSite\",\"@id\":\"https:\\\/\\\/memurunsesi.net\\\/#website\",\"url\":\"https:\\\/\\\/memurunsesi.net\\\/\",\"name\":\"Memurun Sesi\",\"description\":\"G\u00fcncel ve Do\u011fru Haber\",\"publisher\":{\"@id\":\"https:\\\/\\\/memurunsesi.net\\\/#organization\"},\"potentialAction\":[{\"@type\":\"SearchAction\",\"target\":{\"@type\":\"EntryPoint\",\"urlTemplate\":\"https:\\\/\\\/memurunsesi.net\\\/?s={search_term_string}\"},\"query-input\":{\"@type\":\"PropertyValueSpecification\",\"valueRequired\":true,\"valueName\":\"search_term_string\"}}],\"inLanguage\":\"tr\"},{\"@type\":\"Organization\",\"@id\":\"https:\\\/\\\/memurunsesi.net\\\/#organization\",\"name\":\"Memurun Sesi\",\"url\":\"https:\\\/\\\/memurunsesi.net\\\/\",\"logo\":{\"@type\":\"ImageObject\",\"inLanguage\":\"tr\",\"@id\":\"https:\\\/\\\/memurunsesi.net\\\/#\\\/schema\\\/logo\\\/image\\\/\",\"url\":\"https:\\\/\\\/memurunsesi.net\\\/wp-content\\\/uploads\\\/2025\\\/11\\\/cropped-MEMURUN-SESI.png\",\"contentUrl\":\"https:\\\/\\\/memurunsesi.net\\\/wp-content\\\/uploads\\\/2025\\\/11\\\/cropped-MEMURUN-SESI.png\",\"width\":238,\"height\":57,\"caption\":\"Memurun Sesi\"},\"image\":{\"@id\":\"https:\\\/\\\/memurunsesi.net\\\/#\\\/schema\\\/logo\\\/image\\\/\"},\"sameAs\":[\"https:\\\/\\\/www.facebook.com\\\/unipersen\\\/?locale=tr_TR\",\"https:\\\/\\\/x.com\\\/unipersen\"]},{\"@type\":\"Person\",\"@id\":\"https:\\\/\\\/memurunsesi.net\\\/#\\\/schema\\\/person\\\/f21c2d73b89f6ee1d80b0a1803e38587\",\"name\":\"Memurun Sesi Haber Merkezi\",\"image\":{\"@type\":\"ImageObject\",\"inLanguage\":\"tr\",\"@id\":\"https:\\\/\\\/secure.gravatar.com\\\/avatar\\\/6cf0505f452ee753f485014986fab09a434671d2b919ee76fc541025c5876a70?s=96&d=mm&r=g\",\"url\":\"https:\\\/\\\/secure.gravatar.com\\\/avatar\\\/6cf0505f452ee753f485014986fab09a434671d2b919ee76fc541025c5876a70?s=96&d=mm&r=g\",\"contentUrl\":\"https:\\\/\\\/secure.gravatar.com\\\/avatar\\\/6cf0505f452ee753f485014986fab09a434671d2b919ee76fc541025c5876a70?s=96&d=mm&r=g\",\"caption\":\"Memurun Sesi Haber Merkezi\"},\"sameAs\":[\"https:\\\/\\\/memurunsesi.net\"],\"url\":\"https:\\\/\\\/memurunsesi.net\\\/index.php\\\/author\\\/uniper\\\/\"}]}<\/script>\n<!-- \/ Yoast SEO plugin. -->","yoast_head_json":{"title":"Yuttu\u011fu karayemi\u015f \u00e7ekirde\u011fi az kals\u0131n \u00f6ld\u00fcr\u00fcyordu - Memurun Sesi","robots":{"index":"index","follow":"follow","max-snippet":"max-snippet:-1","max-image-preview":"max-image-preview:large","max-video-preview":"max-video-preview:-1"},"canonical":"https:\/\/memurunsesi.net\/index.php\/2025\/04\/12\/yuttugu-karayemis-cekirdegi-az-kalsin-olduruyordu\/","og_locale":"tr_TR","og_type":"article","og_title":"Yuttu\u011fu karayemi\u015f \u00e7ekirde\u011fi az kals\u0131n \u00f6ld\u00fcr\u00fcyordu - Memurun Sesi","og_description":"Trabzon&#8217;da Fatma Karabacak&#8217;\u0131n yuttu\u011fu karayemi\u015f \u00e7ekirde\u011fi soluk borusundan akci\u011ferine gitti, akci\u011ferin bir k\u0131sm\u0131n\u0131 \u00e7\u00fcr\u00fctt\u00fc Trabzon&#8217;un Ak\u00e7aabat il\u00e7esinde ya\u015fayan 66 ya\u015f\u0131ndaki Fatma Karabacak&#8217;\u0131n yuttu\u011fu karayemi\u015f \u00e7ekirde\u011fi soluk borusundan akci\u011ferine gitti, akci\u011ferin bir k\u0131sm\u0131n\u0131 \u00e7\u00fcr\u00fctt\u00fc. Yuttu\u011fu karayemi\u015f y\u00fcz\u00fcnden akci\u011ferinin bir b\u00f6l\u00fcm\u00fc ameliyatla al\u0131nan Karabacak, eski sa\u011fl\u0131\u011f\u0131na kavu\u015fman\u0131n mutlulu\u011funu ya\u015f\u0131yor. Hastan\u0131n s\u0131k s\u0131k akci\u011fer enfeksiyonu ge\u00e7irmesi nedeniyle doktora [&hellip;]","og_url":"https:\/\/memurunsesi.net\/index.php\/2025\/04\/12\/yuttugu-karayemis-cekirdegi-az-kalsin-olduruyordu\/","og_site_name":"Memurun Sesi","article_publisher":"https:\/\/www.facebook.com\/unipersen\/?locale=tr_TR","article_published_time":"2025-04-12T06:24:43+00:00","og_image":[{"width":2560,"height":1440,"url":"https:\/\/memurunsesi.net\/wp-content\/uploads\/2025\/04\/AW430929_03-scaled.jpg","type":"image\/jpeg"}],"author":"Memurun Sesi Haber Merkezi","twitter_card":"summary_large_image","twitter_creator":"@unipersen","twitter_site":"@unipersen","twitter_misc":{"Yazan:":"Memurun Sesi Haber Merkezi","Tahmini okuma s\u00fcresi":"3 dakika"},"schema":{"@context":"https:\/\/schema.org","@graph":[{"@type":"Article","@id":"https:\/\/memurunsesi.net\/index.php\/2025\/04\/12\/yuttugu-karayemis-cekirdegi-az-kalsin-olduruyordu\/#article","isPartOf":{"@id":"https:\/\/memurunsesi.net\/index.php\/2025\/04\/12\/yuttugu-karayemis-cekirdegi-az-kalsin-olduruyordu\/"},"author":{"name":"Memurun Sesi Haber Merkezi","@id":"https:\/\/memurunsesi.net\/#\/schema\/person\/f21c2d73b89f6ee1d80b0a1803e38587"},"headline":"Yuttu\u011fu karayemi\u015f \u00e7ekirde\u011fi az kals\u0131n \u00f6ld\u00fcr\u00fcyordu","datePublished":"2025-04-12T06:24:43+00:00","mainEntityOfPage":{"@id":"https:\/\/memurunsesi.net\/index.php\/2025\/04\/12\/yuttugu-karayemis-cekirdegi-az-kalsin-olduruyordu\/"},"wordCount":643,"commentCount":0,"publisher":{"@id":"https:\/\/memurunsesi.net\/#organization"},"image":{"@id":"https:\/\/memurunsesi.net\/index.php\/2025\/04\/12\/yuttugu-karayemis-cekirdegi-az-kalsin-olduruyordu\/#primaryimage"},"thumbnailUrl":"https:\/\/memurunsesi.net\/wp-content\/uploads\/2025\/04\/AW430929_03-scaled.jpg","inLanguage":"tr","potentialAction":[{"@type":"CommentAction","name":"Comment","target":["https:\/\/memurunsesi.net\/index.php\/2025\/04\/12\/yuttugu-karayemis-cekirdegi-az-kalsin-olduruyordu\/#respond"]}]},{"@type":"WebPage","@id":"https:\/\/memurunsesi.net\/index.php\/2025\/04\/12\/yuttugu-karayemis-cekirdegi-az-kalsin-olduruyordu\/","url":"https:\/\/memurunsesi.net\/index.php\/2025\/04\/12\/yuttugu-karayemis-cekirdegi-az-kalsin-olduruyordu\/","name":"Yuttu\u011fu karayemi\u015f \u00e7ekirde\u011fi az kals\u0131n \u00f6ld\u00fcr\u00fcyordu - Memurun Sesi","isPartOf":{"@id":"https:\/\/memurunsesi.net\/#website"},"primaryImageOfPage":{"@id":"https:\/\/memurunsesi.net\/index.php\/2025\/04\/12\/yuttugu-karayemis-cekirdegi-az-kalsin-olduruyordu\/#primaryimage"},"image":{"@id":"https:\/\/memurunsesi.net\/index.php\/2025\/04\/12\/yuttugu-karayemis-cekirdegi-az-kalsin-olduruyordu\/#primaryimage"},"thumbnailUrl":"https:\/\/memurunsesi.net\/wp-content\/uploads\/2025\/04\/AW430929_03-scaled.jpg","datePublished":"2025-04-12T06:24:43+00:00","breadcrumb":{"@id":"https:\/\/memurunsesi.net\/index.php\/2025\/04\/12\/yuttugu-karayemis-cekirdegi-az-kalsin-olduruyordu\/#breadcrumb"},"inLanguage":"tr","potentialAction":[{"@type":"ReadAction","target":["https:\/\/memurunsesi.net\/index.php\/2025\/04\/12\/yuttugu-karayemis-cekirdegi-az-kalsin-olduruyordu\/"]}]},{"@type":"ImageObject","inLanguage":"tr","@id":"https:\/\/memurunsesi.net\/index.php\/2025\/04\/12\/yuttugu-karayemis-cekirdegi-az-kalsin-olduruyordu\/#primaryimage","url":"https:\/\/memurunsesi.net\/wp-content\/uploads\/2025\/04\/AW430929_03-scaled.jpg","contentUrl":"https:\/\/memurunsesi.net\/wp-content\/uploads\/2025\/04\/AW430929_03-scaled.jpg","width":2560,"height":1440,"caption":"FATMA KARABACAK VE PROF. DR. CELAL TEK\u0130NBA\u015e (BEK\u0130R KOCA\/TRABZON-\u0130HA) Trabzon'un Ak\u00e7aabat il\u00e7esinde ya\u015fayan 66 ya\u015f\u0131ndaki Fatma Karabacak'\u0131n yuttu\u011fu karayemi\u015f \u00e7ekirde\u011fi soluk borusundan akci\u011ferine gitti, akci\u011ferin bir k\u0131sm\u0131n\u0131 \u00e7\u00fcr\u00fctt\u00fc. Yuttu\u011fu karayemi\u015f y\u00fcz\u00fcnden akci\u011ferinin bir b\u00f6l\u00fcm\u00fc ameliyatla al\u0131nan Karabacak, eski sa\u011fl\u0131\u011f\u0131na kavu\u015fman\u0131n mutlulu\u011funu ya\u015f\u0131yor."},{"@type":"BreadcrumbList","@id":"https:\/\/memurunsesi.net\/index.php\/2025\/04\/12\/yuttugu-karayemis-cekirdegi-az-kalsin-olduruyordu\/#breadcrumb","itemListElement":[{"@type":"ListItem","position":1,"name":"Anasayfa","item":"https:\/\/memurunsesi.net\/"},{"@type":"ListItem","position":2,"name":"Yuttu\u011fu karayemi\u015f \u00e7ekirde\u011fi az kals\u0131n \u00f6ld\u00fcr\u00fcyordu"}]},{"@type":"WebSite","@id":"https:\/\/memurunsesi.net\/#website","url":"https:\/\/memurunsesi.net\/","name":"Memurun Sesi","description":"G\u00fcncel ve Do\u011fru Haber","publisher":{"@id":"https:\/\/memurunsesi.net\/#organization"},"potentialAction":[{"@type":"SearchAction","target":{"@type":"EntryPoint","urlTemplate":"https:\/\/memurunsesi.net\/?s={search_term_string}"},"query-input":{"@type":"PropertyValueSpecification","valueRequired":true,"valueName":"search_term_string"}}],"inLanguage":"tr"},{"@type":"Organization","@id":"https:\/\/memurunsesi.net\/#organization","name":"Memurun Sesi","url":"https:\/\/memurunsesi.net\/","logo":{"@type":"ImageObject","inLanguage":"tr","@id":"https:\/\/memurunsesi.net\/#\/schema\/logo\/image\/","url":"https:\/\/memurunsesi.net\/wp-content\/uploads\/2025\/11\/cropped-MEMURUN-SESI.png","contentUrl":"https:\/\/memurunsesi.net\/wp-content\/uploads\/2025\/11\/cropped-MEMURUN-SESI.png","width":238,"height":57,"caption":"Memurun Sesi"},"image":{"@id":"https:\/\/memurunsesi.net\/#\/schema\/logo\/image\/"},"sameAs":["https:\/\/www.facebook.com\/unipersen\/?locale=tr_TR","https:\/\/x.com\/unipersen"]},{"@type":"Person","@id":"https:\/\/memurunsesi.net\/#\/schema\/person\/f21c2d73b89f6ee1d80b0a1803e38587","name":"Memurun Sesi Haber Merkezi","image":{"@type":"ImageObject","inLanguage":"tr","@id":"https:\/\/secure.gravatar.com\/avatar\/6cf0505f452ee753f485014986fab09a434671d2b919ee76fc541025c5876a70?s=96&d=mm&r=g","url":"https:\/\/secure.gravatar.com\/avatar\/6cf0505f452ee753f485014986fab09a434671d2b919ee76fc541025c5876a70?s=96&d=mm&r=g","contentUrl":"https:\/\/secure.gravatar.com\/avatar\/6cf0505f452ee753f485014986fab09a434671d2b919ee76fc541025c5876a70?s=96&d=mm&r=g","caption":"Memurun Sesi Haber Merkezi"},"sameAs":["https:\/\/memurunsesi.net"],"url":"https:\/\/memurunsesi.net\/index.php\/author\/uniper\/"}]}},"_links":{"self":[{"href":"https:\/\/memurunsesi.net\/index.php\/wp-json\/wp\/v2\/posts\/5214","targetHints":{"allow":["GET"]}}],"collection":[{"href":"https:\/\/memurunsesi.net\/index.php\/wp-json\/wp\/v2\/posts"}],"about":[{"href":"https:\/\/memurunsesi.net\/index.php\/wp-json\/wp\/v2\/types\/post"}],"author":[{"embeddable":true,"href":"https:\/\/memurunsesi.net\/index.php\/wp-json\/wp\/v2\/users\/1"}],"replies":[{"embeddable":true,"href":"https:\/\/memurunsesi.net\/index.php\/wp-json\/wp\/v2\/comments?post=5214"}],"version-history":[{"count":1,"href":"https:\/\/memurunsesi.net\/index.php\/wp-json\/wp\/v2\/posts\/5214\/revisions"}],"predecessor-version":[{"id":5216,"href":"https:\/\/memurunsesi.net\/index.php\/wp-json\/wp\/v2\/posts\/5214\/revisions\/5216"}],"wp:featuredmedia":[{"embeddable":true,"href":"https:\/\/memurunsesi.net\/index.php\/wp-json\/wp\/v2\/media\/5215"}],"wp:attachment":[{"href":"https:\/\/memurunsesi.net\/index.php\/wp-json\/wp\/v2\/media?parent=5214"}],"wp:term":[{"taxonomy":"category","embeddable":true,"href":"https:\/\/memurunsesi.net\/index.php\/wp-json\/wp\/v2\/categories?post=5214"},{"taxonomy":"post_tag","embeddable":true,"href":"https:\/\/memurunsesi.net\/index.php\/wp-json\/wp\/v2\/tags?post=5214"}],"curies":[{"name":"wp","href":"https:\/\/api.w.org\/{rel}","templated":true}]}}