{"id":5219,"date":"2025-04-12T09:26:11","date_gmt":"2025-04-12T06:26:11","guid":{"rendered":"https:\/\/memurunsesi.net\/?p=5219"},"modified":"2025-04-12T09:26:11","modified_gmt":"2025-04-12T06:26:11","slug":"erzincanli-milli-guresci-kamaloglu-gumus-madalya-kazandi","status":"publish","type":"post","link":"https:\/\/memurunsesi.net\/index.php\/2025\/04\/12\/erzincanli-milli-guresci-kamaloglu-gumus-madalya-kazandi\/","title":{"rendered":"Erzincanl\u0131 milli g\u00fcre\u015f\u00e7i Kamalo\u011flu g\u00fcm\u00fc\u015f madalya kazand\u0131"},"content":{"rendered":"<p>Slovakya&#8217;da d\u00fczenlenen Avrupa G\u00fcre\u015f \u015eampiyonas\u0131&#8217;nda kad\u0131nlar 57 kg&#8217;da T\u00fcrkiye\u2019yi temsil eden Erzincanl\u0131 milli sporcu Elvira Kamalo\u011flu g\u00fcm\u00fc\u015f madalya kazand\u0131.<br \/>\nAvrupa G\u00fcre\u015f \u015eampiyonas\u0131&#8217;nda kad\u0131nlar 57 kiloda m\u00fccadele eden Elvira Kamalo\u011flu, finalde Olga\u00e7 Khoroshavtseva&#8217;ya ma\u011flup olarak \u015fampiyonay\u0131 g\u00fcm\u00fc\u015f madalya ile tamamlad\u0131.<br \/>\nSlovakya&#8217;da devam eden 2025 Avrupa G\u00fcre\u015f \u015eampiyonas\u0131&#8217;n\u0131n be\u015finci g\u00fcn\u00fcnde milli sporculardan Elvira S\u00fcleyman Kamalo\u011flu g\u00fcm\u00fc\u015f, Zeynep Yetgil ise bronz madalya elde etti.<br \/>\nBa\u015fkent Bratislava&#8217;daki organizasyonda kad\u0131nlar 57 kiloda m\u00fccadele eden Elvira, finalde ba\u011f\u0131ms\u0131z sporcu Olga Khoroshavtseva ile kar\u015f\u0131la\u015ft\u0131. Rus rakibine 6-4 yenilen Elvira, ikincillik k\u00fcrs\u00fcs\u00fcnde yer ald\u0131.<\/p>\n<p>12.04.2025<\/p>\n","protected":false},"excerpt":{"rendered":"<p>Slovakya&#8217;da d\u00fczenlenen Avrupa G\u00fcre\u015f \u015eampiyonas\u0131&#8217;nda kad\u0131nlar 57 kg&#8217;da T\u00fcrkiye\u2019yi temsil eden Erzincanl\u0131 milli sporcu Elvira Kamalo\u011flu g\u00fcm\u00fc\u015f madalya kazand\u0131. Avrupa G\u00fcre\u015f \u015eampiyonas\u0131&#8217;nda kad\u0131nlar 57 kiloda m\u00fccadele eden Elvira Kamalo\u011flu, finalde Olga\u00e7 Khoroshavtseva&#8217;ya ma\u011flup olarak \u015fampiyonay\u0131 g\u00fcm\u00fc\u015f madalya ile tamamlad\u0131. Slovakya&#8217;da devam eden 2025 Avrupa G\u00fcre\u015f \u015eampiyonas\u0131&#8217;n\u0131n be\u015finci g\u00fcn\u00fcnde milli sporculardan Elvira S\u00fcleyman Kamalo\u011flu g\u00fcm\u00fc\u015f, Zeynep [&hellip;]<\/p>\n","protected":false},"author":1,"featured_media":5220,"comment_status":"open","ping_status":"open","sticky":false,"template":"","format":"standard","meta":{"footnotes":""},"categories":[57],"tags":[],"class_list":["post-5219","post","type-post","status-publish","format-standard","has-post-thumbnail","hentry","category-spor"],"yoast_head":"<!-- This site is optimized with the Yoast SEO plugin v27.4 - https:\/\/yoast.com\/product\/yoast-seo-wordpress\/ -->\n<title>Erzincanl\u0131 milli g\u00fcre\u015f\u00e7i Kamalo\u011flu g\u00fcm\u00fc\u015f madalya kazand\u0131 - Memurun Sesi<\/title>\n<meta name=\"robots\" content=\"index, follow, max-snippet:-1, max-image-preview:large, max-video-preview:-1\" \/>\n<link rel=\"canonical\" href=\"https:\/\/memurunsesi.net\/index.php\/2025\/04\/12\/erzincanli-milli-guresci-kamaloglu-gumus-madalya-kazandi\/\" \/>\n<meta property=\"og:locale\" content=\"tr_TR\" \/>\n<meta property=\"og:type\" content=\"article\" \/>\n<meta property=\"og:title\" content=\"Erzincanl\u0131 milli g\u00fcre\u015f\u00e7i Kamalo\u011flu g\u00fcm\u00fc\u015f madalya kazand\u0131 - Memurun Sesi\" \/>\n<meta property=\"og:description\" content=\"Slovakya&#8217;da d\u00fczenlenen Avrupa G\u00fcre\u015f \u015eampiyonas\u0131&#8217;nda kad\u0131nlar 57 kg&#8217;da T\u00fcrkiye\u2019yi temsil eden Erzincanl\u0131 milli sporcu Elvira Kamalo\u011flu g\u00fcm\u00fc\u015f madalya kazand\u0131. Avrupa G\u00fcre\u015f \u015eampiyonas\u0131&#8217;nda kad\u0131nlar 57 kiloda m\u00fccadele eden Elvira Kamalo\u011flu, finalde Olga\u00e7 Khoroshavtseva&#8217;ya ma\u011flup olarak \u015fampiyonay\u0131 g\u00fcm\u00fc\u015f madalya ile tamamlad\u0131. Slovakya&#8217;da devam eden 2025 Avrupa G\u00fcre\u015f \u015eampiyonas\u0131&#8217;n\u0131n be\u015finci g\u00fcn\u00fcnde milli sporculardan Elvira S\u00fcleyman Kamalo\u011flu g\u00fcm\u00fc\u015f, Zeynep [&hellip;]\" \/>\n<meta property=\"og:url\" content=\"https:\/\/memurunsesi.net\/index.php\/2025\/04\/12\/erzincanli-milli-guresci-kamaloglu-gumus-madalya-kazandi\/\" \/>\n<meta property=\"og:site_name\" content=\"Memurun Sesi\" \/>\n<meta property=\"article:publisher\" content=\"https:\/\/www.facebook.com\/unipersen\/?locale=tr_TR\" \/>\n<meta property=\"article:published_time\" content=\"2025-04-12T06:26:11+00:00\" \/>\n<meta property=\"og:image\" content=\"https:\/\/memurunsesi.net\/wp-content\/uploads\/2025\/04\/AW430906_01.jpg\" \/>\n\t<meta property=\"og:image:width\" content=\"1078\" \/>\n\t<meta property=\"og:image:height\" content=\"850\" \/>\n\t<meta property=\"og:image:type\" content=\"image\/jpeg\" \/>\n<meta name=\"author\" content=\"Memurun Sesi Haber Merkezi\" \/>\n<meta name=\"twitter:card\" content=\"summary_large_image\" \/>\n<meta name=\"twitter:creator\" content=\"@unipersen\" \/>\n<meta name=\"twitter:site\" content=\"@unipersen\" \/>\n<meta name=\"twitter:label1\" content=\"Yazan:\" \/>\n\t<meta name=\"twitter:data1\" content=\"Memurun Sesi Haber Merkezi\" \/>\n\t<meta name=\"twitter:label2\" content=\"Tahmini okuma s\u00fcresi\" \/>\n\t<meta name=\"twitter:data2\" content=\"1 dakika\" \/>\n<script type=\"application\/ld+json\" class=\"yoast-schema-graph\">{\"@context\":\"https:\\\/\\\/schema.org\",\"@graph\":[{\"@type\":\"Article\",\"@id\":\"https:\\\/\\\/memurunsesi.net\\\/index.php\\\/2025\\\/04\\\/12\\\/erzincanli-milli-guresci-kamaloglu-gumus-madalya-kazandi\\\/#article\",\"isPartOf\":{\"@id\":\"https:\\\/\\\/memurunsesi.net\\\/index.php\\\/2025\\\/04\\\/12\\\/erzincanli-milli-guresci-kamaloglu-gumus-madalya-kazandi\\\/\"},\"author\":{\"name\":\"Memurun Sesi Haber Merkezi\",\"@id\":\"https:\\\/\\\/memurunsesi.net\\\/#\\\/schema\\\/person\\\/f21c2d73b89f6ee1d80b0a1803e38587\"},\"headline\":\"Erzincanl\u0131 milli g\u00fcre\u015f\u00e7i Kamalo\u011flu g\u00fcm\u00fc\u015f madalya kazand\u0131\",\"datePublished\":\"2025-04-12T06:26:11+00:00\",\"mainEntityOfPage\":{\"@id\":\"https:\\\/\\\/memurunsesi.net\\\/index.php\\\/2025\\\/04\\\/12\\\/erzincanli-milli-guresci-kamaloglu-gumus-madalya-kazandi\\\/\"},\"wordCount\":132,\"commentCount\":0,\"publisher\":{\"@id\":\"https:\\\/\\\/memurunsesi.net\\\/#organization\"},\"image\":{\"@id\":\"https:\\\/\\\/memurunsesi.net\\\/index.php\\\/2025\\\/04\\\/12\\\/erzincanli-milli-guresci-kamaloglu-gumus-madalya-kazandi\\\/#primaryimage\"},\"thumbnailUrl\":\"https:\\\/\\\/memurunsesi.net\\\/wp-content\\\/uploads\\\/2025\\\/04\\\/AW430906_01.jpg\",\"articleSection\":[\"Spor\"],\"inLanguage\":\"tr\",\"potentialAction\":[{\"@type\":\"CommentAction\",\"name\":\"Comment\",\"target\":[\"https:\\\/\\\/memurunsesi.net\\\/index.php\\\/2025\\\/04\\\/12\\\/erzincanli-milli-guresci-kamaloglu-gumus-madalya-kazandi\\\/#respond\"]}]},{\"@type\":\"WebPage\",\"@id\":\"https:\\\/\\\/memurunsesi.net\\\/index.php\\\/2025\\\/04\\\/12\\\/erzincanli-milli-guresci-kamaloglu-gumus-madalya-kazandi\\\/\",\"url\":\"https:\\\/\\\/memurunsesi.net\\\/index.php\\\/2025\\\/04\\\/12\\\/erzincanli-milli-guresci-kamaloglu-gumus-madalya-kazandi\\\/\",\"name\":\"Erzincanl\u0131 milli g\u00fcre\u015f\u00e7i Kamalo\u011flu g\u00fcm\u00fc\u015f madalya kazand\u0131 - Memurun Sesi\",\"isPartOf\":{\"@id\":\"https:\\\/\\\/memurunsesi.net\\\/#website\"},\"primaryImageOfPage\":{\"@id\":\"https:\\\/\\\/memurunsesi.net\\\/index.php\\\/2025\\\/04\\\/12\\\/erzincanli-milli-guresci-kamaloglu-gumus-madalya-kazandi\\\/#primaryimage\"},\"image\":{\"@id\":\"https:\\\/\\\/memurunsesi.net\\\/index.php\\\/2025\\\/04\\\/12\\\/erzincanli-milli-guresci-kamaloglu-gumus-madalya-kazandi\\\/#primaryimage\"},\"thumbnailUrl\":\"https:\\\/\\\/memurunsesi.net\\\/wp-content\\\/uploads\\\/2025\\\/04\\\/AW430906_01.jpg\",\"datePublished\":\"2025-04-12T06:26:11+00:00\",\"breadcrumb\":{\"@id\":\"https:\\\/\\\/memurunsesi.net\\\/index.php\\\/2025\\\/04\\\/12\\\/erzincanli-milli-guresci-kamaloglu-gumus-madalya-kazandi\\\/#breadcrumb\"},\"inLanguage\":\"tr\",\"potentialAction\":[{\"@type\":\"ReadAction\",\"target\":[\"https:\\\/\\\/memurunsesi.net\\\/index.php\\\/2025\\\/04\\\/12\\\/erzincanli-milli-guresci-kamaloglu-gumus-madalya-kazandi\\\/\"]}]},{\"@type\":\"ImageObject\",\"inLanguage\":\"tr\",\"@id\":\"https:\\\/\\\/memurunsesi.net\\\/index.php\\\/2025\\\/04\\\/12\\\/erzincanli-milli-guresci-kamaloglu-gumus-madalya-kazandi\\\/#primaryimage\",\"url\":\"https:\\\/\\\/memurunsesi.net\\\/wp-content\\\/uploads\\\/2025\\\/04\\\/AW430906_01.jpg\",\"contentUrl\":\"https:\\\/\\\/memurunsesi.net\\\/wp-content\\\/uploads\\\/2025\\\/04\\\/AW430906_01.jpg\",\"width\":1078,\"height\":850,\"caption\":\"ERZ\u0130NCANLI M\u0130LL\u0130 G\u00dcRE\u015e\u00c7\u0130 KAMALO\u011eLU G\u00dcM\u00dc\u015e MADALYA KAZANDI (AHMET AKBU\u011eA\\\/ERZ\u0130NCAN-\u0130HA) Slovakya'da d\u00fczenlenen Avrupa G\u00fcre\u015f \u015eampiyonas\u0131'nda kad\u0131nlar 57 kg'da T\u00fcrkiye'yi temsil eden Erzincanl\u0131 milli sporcu Elvira Kamalo\u011flu g\u00fcm\u00fc\u015f madalya kazand\u0131.\"},{\"@type\":\"BreadcrumbList\",\"@id\":\"https:\\\/\\\/memurunsesi.net\\\/index.php\\\/2025\\\/04\\\/12\\\/erzincanli-milli-guresci-kamaloglu-gumus-madalya-kazandi\\\/#breadcrumb\",\"itemListElement\":[{\"@type\":\"ListItem\",\"position\":1,\"name\":\"Anasayfa\",\"item\":\"https:\\\/\\\/memurunsesi.net\\\/\"},{\"@type\":\"ListItem\",\"position\":2,\"name\":\"Erzincanl\u0131 milli g\u00fcre\u015f\u00e7i Kamalo\u011flu g\u00fcm\u00fc\u015f madalya kazand\u0131\"}]},{\"@type\":\"WebSite\",\"@id\":\"https:\\\/\\\/memurunsesi.net\\\/#website\",\"url\":\"https:\\\/\\\/memurunsesi.net\\\/\",\"name\":\"Memurun Sesi\",\"description\":\"G\u00fcncel ve Do\u011fru Haber\",\"publisher\":{\"@id\":\"https:\\\/\\\/memurunsesi.net\\\/#organization\"},\"potentialAction\":[{\"@type\":\"SearchAction\",\"target\":{\"@type\":\"EntryPoint\",\"urlTemplate\":\"https:\\\/\\\/memurunsesi.net\\\/?s={search_term_string}\"},\"query-input\":{\"@type\":\"PropertyValueSpecification\",\"valueRequired\":true,\"valueName\":\"search_term_string\"}}],\"inLanguage\":\"tr\"},{\"@type\":\"Organization\",\"@id\":\"https:\\\/\\\/memurunsesi.net\\\/#organization\",\"name\":\"Memurun Sesi\",\"url\":\"https:\\\/\\\/memurunsesi.net\\\/\",\"logo\":{\"@type\":\"ImageObject\",\"inLanguage\":\"tr\",\"@id\":\"https:\\\/\\\/memurunsesi.net\\\/#\\\/schema\\\/logo\\\/image\\\/\",\"url\":\"https:\\\/\\\/memurunsesi.net\\\/wp-content\\\/uploads\\\/2025\\\/11\\\/cropped-MEMURUN-SESI.png\",\"contentUrl\":\"https:\\\/\\\/memurunsesi.net\\\/wp-content\\\/uploads\\\/2025\\\/11\\\/cropped-MEMURUN-SESI.png\",\"width\":238,\"height\":57,\"caption\":\"Memurun Sesi\"},\"image\":{\"@id\":\"https:\\\/\\\/memurunsesi.net\\\/#\\\/schema\\\/logo\\\/image\\\/\"},\"sameAs\":[\"https:\\\/\\\/www.facebook.com\\\/unipersen\\\/?locale=tr_TR\",\"https:\\\/\\\/x.com\\\/unipersen\"]},{\"@type\":\"Person\",\"@id\":\"https:\\\/\\\/memurunsesi.net\\\/#\\\/schema\\\/person\\\/f21c2d73b89f6ee1d80b0a1803e38587\",\"name\":\"Memurun Sesi Haber Merkezi\",\"image\":{\"@type\":\"ImageObject\",\"inLanguage\":\"tr\",\"@id\":\"https:\\\/\\\/secure.gravatar.com\\\/avatar\\\/6cf0505f452ee753f485014986fab09a434671d2b919ee76fc541025c5876a70?s=96&d=mm&r=g\",\"url\":\"https:\\\/\\\/secure.gravatar.com\\\/avatar\\\/6cf0505f452ee753f485014986fab09a434671d2b919ee76fc541025c5876a70?s=96&d=mm&r=g\",\"contentUrl\":\"https:\\\/\\\/secure.gravatar.com\\\/avatar\\\/6cf0505f452ee753f485014986fab09a434671d2b919ee76fc541025c5876a70?s=96&d=mm&r=g\",\"caption\":\"Memurun Sesi Haber Merkezi\"},\"sameAs\":[\"https:\\\/\\\/memurunsesi.net\"],\"url\":\"https:\\\/\\\/memurunsesi.net\\\/index.php\\\/author\\\/uniper\\\/\"}]}<\/script>\n<!-- \/ Yoast SEO plugin. -->","yoast_head_json":{"title":"Erzincanl\u0131 milli g\u00fcre\u015f\u00e7i Kamalo\u011flu g\u00fcm\u00fc\u015f madalya kazand\u0131 - Memurun Sesi","robots":{"index":"index","follow":"follow","max-snippet":"max-snippet:-1","max-image-preview":"max-image-preview:large","max-video-preview":"max-video-preview:-1"},"canonical":"https:\/\/memurunsesi.net\/index.php\/2025\/04\/12\/erzincanli-milli-guresci-kamaloglu-gumus-madalya-kazandi\/","og_locale":"tr_TR","og_type":"article","og_title":"Erzincanl\u0131 milli g\u00fcre\u015f\u00e7i Kamalo\u011flu g\u00fcm\u00fc\u015f madalya kazand\u0131 - Memurun Sesi","og_description":"Slovakya&#8217;da d\u00fczenlenen Avrupa G\u00fcre\u015f \u015eampiyonas\u0131&#8217;nda kad\u0131nlar 57 kg&#8217;da T\u00fcrkiye\u2019yi temsil eden Erzincanl\u0131 milli sporcu Elvira Kamalo\u011flu g\u00fcm\u00fc\u015f madalya kazand\u0131. Avrupa G\u00fcre\u015f \u015eampiyonas\u0131&#8217;nda kad\u0131nlar 57 kiloda m\u00fccadele eden Elvira Kamalo\u011flu, finalde Olga\u00e7 Khoroshavtseva&#8217;ya ma\u011flup olarak \u015fampiyonay\u0131 g\u00fcm\u00fc\u015f madalya ile tamamlad\u0131. Slovakya&#8217;da devam eden 2025 Avrupa G\u00fcre\u015f \u015eampiyonas\u0131&#8217;n\u0131n be\u015finci g\u00fcn\u00fcnde milli sporculardan Elvira S\u00fcleyman Kamalo\u011flu g\u00fcm\u00fc\u015f, Zeynep [&hellip;]","og_url":"https:\/\/memurunsesi.net\/index.php\/2025\/04\/12\/erzincanli-milli-guresci-kamaloglu-gumus-madalya-kazandi\/","og_site_name":"Memurun Sesi","article_publisher":"https:\/\/www.facebook.com\/unipersen\/?locale=tr_TR","article_published_time":"2025-04-12T06:26:11+00:00","og_image":[{"width":1078,"height":850,"url":"https:\/\/memurunsesi.net\/wp-content\/uploads\/2025\/04\/AW430906_01.jpg","type":"image\/jpeg"}],"author":"Memurun Sesi Haber Merkezi","twitter_card":"summary_large_image","twitter_creator":"@unipersen","twitter_site":"@unipersen","twitter_misc":{"Yazan:":"Memurun Sesi Haber Merkezi","Tahmini okuma s\u00fcresi":"1 dakika"},"schema":{"@context":"https:\/\/schema.org","@graph":[{"@type":"Article","@id":"https:\/\/memurunsesi.net\/index.php\/2025\/04\/12\/erzincanli-milli-guresci-kamaloglu-gumus-madalya-kazandi\/#article","isPartOf":{"@id":"https:\/\/memurunsesi.net\/index.php\/2025\/04\/12\/erzincanli-milli-guresci-kamaloglu-gumus-madalya-kazandi\/"},"author":{"name":"Memurun Sesi Haber Merkezi","@id":"https:\/\/memurunsesi.net\/#\/schema\/person\/f21c2d73b89f6ee1d80b0a1803e38587"},"headline":"Erzincanl\u0131 milli g\u00fcre\u015f\u00e7i Kamalo\u011flu g\u00fcm\u00fc\u015f madalya kazand\u0131","datePublished":"2025-04-12T06:26:11+00:00","mainEntityOfPage":{"@id":"https:\/\/memurunsesi.net\/index.php\/2025\/04\/12\/erzincanli-milli-guresci-kamaloglu-gumus-madalya-kazandi\/"},"wordCount":132,"commentCount":0,"publisher":{"@id":"https:\/\/memurunsesi.net\/#organization"},"image":{"@id":"https:\/\/memurunsesi.net\/index.php\/2025\/04\/12\/erzincanli-milli-guresci-kamaloglu-gumus-madalya-kazandi\/#primaryimage"},"thumbnailUrl":"https:\/\/memurunsesi.net\/wp-content\/uploads\/2025\/04\/AW430906_01.jpg","articleSection":["Spor"],"inLanguage":"tr","potentialAction":[{"@type":"CommentAction","name":"Comment","target":["https:\/\/memurunsesi.net\/index.php\/2025\/04\/12\/erzincanli-milli-guresci-kamaloglu-gumus-madalya-kazandi\/#respond"]}]},{"@type":"WebPage","@id":"https:\/\/memurunsesi.net\/index.php\/2025\/04\/12\/erzincanli-milli-guresci-kamaloglu-gumus-madalya-kazandi\/","url":"https:\/\/memurunsesi.net\/index.php\/2025\/04\/12\/erzincanli-milli-guresci-kamaloglu-gumus-madalya-kazandi\/","name":"Erzincanl\u0131 milli g\u00fcre\u015f\u00e7i Kamalo\u011flu g\u00fcm\u00fc\u015f madalya kazand\u0131 - Memurun Sesi","isPartOf":{"@id":"https:\/\/memurunsesi.net\/#website"},"primaryImageOfPage":{"@id":"https:\/\/memurunsesi.net\/index.php\/2025\/04\/12\/erzincanli-milli-guresci-kamaloglu-gumus-madalya-kazandi\/#primaryimage"},"image":{"@id":"https:\/\/memurunsesi.net\/index.php\/2025\/04\/12\/erzincanli-milli-guresci-kamaloglu-gumus-madalya-kazandi\/#primaryimage"},"thumbnailUrl":"https:\/\/memurunsesi.net\/wp-content\/uploads\/2025\/04\/AW430906_01.jpg","datePublished":"2025-04-12T06:26:11+00:00","breadcrumb":{"@id":"https:\/\/memurunsesi.net\/index.php\/2025\/04\/12\/erzincanli-milli-guresci-kamaloglu-gumus-madalya-kazandi\/#breadcrumb"},"inLanguage":"tr","potentialAction":[{"@type":"ReadAction","target":["https:\/\/memurunsesi.net\/index.php\/2025\/04\/12\/erzincanli-milli-guresci-kamaloglu-gumus-madalya-kazandi\/"]}]},{"@type":"ImageObject","inLanguage":"tr","@id":"https:\/\/memurunsesi.net\/index.php\/2025\/04\/12\/erzincanli-milli-guresci-kamaloglu-gumus-madalya-kazandi\/#primaryimage","url":"https:\/\/memurunsesi.net\/wp-content\/uploads\/2025\/04\/AW430906_01.jpg","contentUrl":"https:\/\/memurunsesi.net\/wp-content\/uploads\/2025\/04\/AW430906_01.jpg","width":1078,"height":850,"caption":"ERZ\u0130NCANLI M\u0130LL\u0130 G\u00dcRE\u015e\u00c7\u0130 KAMALO\u011eLU G\u00dcM\u00dc\u015e MADALYA KAZANDI (AHMET AKBU\u011eA\/ERZ\u0130NCAN-\u0130HA) Slovakya'da d\u00fczenlenen Avrupa G\u00fcre\u015f \u015eampiyonas\u0131'nda kad\u0131nlar 57 kg'da T\u00fcrkiye'yi temsil eden Erzincanl\u0131 milli sporcu Elvira Kamalo\u011flu g\u00fcm\u00fc\u015f madalya kazand\u0131."},{"@type":"BreadcrumbList","@id":"https:\/\/memurunsesi.net\/index.php\/2025\/04\/12\/erzincanli-milli-guresci-kamaloglu-gumus-madalya-kazandi\/#breadcrumb","itemListElement":[{"@type":"ListItem","position":1,"name":"Anasayfa","item":"https:\/\/memurunsesi.net\/"},{"@type":"ListItem","position":2,"name":"Erzincanl\u0131 milli g\u00fcre\u015f\u00e7i Kamalo\u011flu g\u00fcm\u00fc\u015f madalya kazand\u0131"}]},{"@type":"WebSite","@id":"https:\/\/memurunsesi.net\/#website","url":"https:\/\/memurunsesi.net\/","name":"Memurun Sesi","description":"G\u00fcncel ve Do\u011fru Haber","publisher":{"@id":"https:\/\/memurunsesi.net\/#organization"},"potentialAction":[{"@type":"SearchAction","target":{"@type":"EntryPoint","urlTemplate":"https:\/\/memurunsesi.net\/?s={search_term_string}"},"query-input":{"@type":"PropertyValueSpecification","valueRequired":true,"valueName":"search_term_string"}}],"inLanguage":"tr"},{"@type":"Organization","@id":"https:\/\/memurunsesi.net\/#organization","name":"Memurun Sesi","url":"https:\/\/memurunsesi.net\/","logo":{"@type":"ImageObject","inLanguage":"tr","@id":"https:\/\/memurunsesi.net\/#\/schema\/logo\/image\/","url":"https:\/\/memurunsesi.net\/wp-content\/uploads\/2025\/11\/cropped-MEMURUN-SESI.png","contentUrl":"https:\/\/memurunsesi.net\/wp-content\/uploads\/2025\/11\/cropped-MEMURUN-SESI.png","width":238,"height":57,"caption":"Memurun Sesi"},"image":{"@id":"https:\/\/memurunsesi.net\/#\/schema\/logo\/image\/"},"sameAs":["https:\/\/www.facebook.com\/unipersen\/?locale=tr_TR","https:\/\/x.com\/unipersen"]},{"@type":"Person","@id":"https:\/\/memurunsesi.net\/#\/schema\/person\/f21c2d73b89f6ee1d80b0a1803e38587","name":"Memurun Sesi Haber Merkezi","image":{"@type":"ImageObject","inLanguage":"tr","@id":"https:\/\/secure.gravatar.com\/avatar\/6cf0505f452ee753f485014986fab09a434671d2b919ee76fc541025c5876a70?s=96&d=mm&r=g","url":"https:\/\/secure.gravatar.com\/avatar\/6cf0505f452ee753f485014986fab09a434671d2b919ee76fc541025c5876a70?s=96&d=mm&r=g","contentUrl":"https:\/\/secure.gravatar.com\/avatar\/6cf0505f452ee753f485014986fab09a434671d2b919ee76fc541025c5876a70?s=96&d=mm&r=g","caption":"Memurun Sesi Haber Merkezi"},"sameAs":["https:\/\/memurunsesi.net"],"url":"https:\/\/memurunsesi.net\/index.php\/author\/uniper\/"}]}},"_links":{"self":[{"href":"https:\/\/memurunsesi.net\/index.php\/wp-json\/wp\/v2\/posts\/5219","targetHints":{"allow":["GET"]}}],"collection":[{"href":"https:\/\/memurunsesi.net\/index.php\/wp-json\/wp\/v2\/posts"}],"about":[{"href":"https:\/\/memurunsesi.net\/index.php\/wp-json\/wp\/v2\/types\/post"}],"author":[{"embeddable":true,"href":"https:\/\/memurunsesi.net\/index.php\/wp-json\/wp\/v2\/users\/1"}],"replies":[{"embeddable":true,"href":"https:\/\/memurunsesi.net\/index.php\/wp-json\/wp\/v2\/comments?post=5219"}],"version-history":[{"count":1,"href":"https:\/\/memurunsesi.net\/index.php\/wp-json\/wp\/v2\/posts\/5219\/revisions"}],"predecessor-version":[{"id":5221,"href":"https:\/\/memurunsesi.net\/index.php\/wp-json\/wp\/v2\/posts\/5219\/revisions\/5221"}],"wp:featuredmedia":[{"embeddable":true,"href":"https:\/\/memurunsesi.net\/index.php\/wp-json\/wp\/v2\/media\/5220"}],"wp:attachment":[{"href":"https:\/\/memurunsesi.net\/index.php\/wp-json\/wp\/v2\/media?parent=5219"}],"wp:term":[{"taxonomy":"category","embeddable":true,"href":"https:\/\/memurunsesi.net\/index.php\/wp-json\/wp\/v2\/categories?post=5219"},{"taxonomy":"post_tag","embeddable":true,"href":"https:\/\/memurunsesi.net\/index.php\/wp-json\/wp\/v2\/tags?post=5219"}],"curies":[{"name":"wp","href":"https:\/\/api.w.org\/{rel}","templated":true}]}}