{"id":5227,"date":"2025-04-13T09:08:46","date_gmt":"2025-04-13T06:08:46","guid":{"rendered":"https:\/\/memurunsesi.net\/?p=5227"},"modified":"2025-04-13T09:08:46","modified_gmt":"2025-04-13T06:08:46","slug":"bayrampasada-2-aracin-karistigi-kaza-alanina-baska-bir-arac-daldi-2-olu-4-yarali","status":"publish","type":"post","link":"https:\/\/memurunsesi.net\/index.php\/2025\/04\/13\/bayrampasada-2-aracin-karistigi-kaza-alanina-baska-bir-arac-daldi-2-olu-4-yarali\/","title":{"rendered":"Bayrampa\u015fa&#8217;da 2 arac\u0131n kar\u0131\u015ft\u0131\u011f\u0131 kaza alan\u0131na ba\u015fka bir ara\u00e7 dald\u0131: 2 \u00f6l\u00fc, 4 yaral\u0131"},"content":{"rendered":"<p>Kazaya yard\u0131m etmek i\u00e7in durdu, can\u0131ndan oldu<br \/>\nBayrampa\u015fa\u2019da iki arac\u0131n kar\u0131\u015ft\u0131\u011f\u0131 kazaya yard\u0131m etmek i\u00e7in duran bir otomobil ve motosiklete, kazay\u0131 fark etmeyen ba\u015fka bir ara\u00e7 \u00e7arpt\u0131. Maddi hasarl\u0131 ilk kazadan sonra ger\u00e7ekle\u015fen ikinci kazada 2 ki\u015fi hayat\u0131n\u0131 kaybederken 4 ki\u015fi de yaraland\u0131.<br \/>\nKaza, saat 03.00 s\u0131ralar\u0131nda Bayrampa\u015fa Sa\u011fmalc\u0131lar O-3 TEM Otoban\u0131 Esenler istikametinde meydana geldi. Edinilen bilgiye g\u00f6re F.I. y\u00f6netimindeki Volkswagen marka cip, 34 MTJ 107 plakal\u0131 araca \u00e7arpt\u0131. Kaza yapan ara\u00e7lara yard\u0131m etmek i\u00e7in 34 MTC 254 plakal\u0131 Opel marka otomobil ve A.S. y\u00f6netimindeki motosiklet kaza alan\u0131nda durdu. Kazaya kar\u0131\u015fan taraflar ve yard\u0131m etmek i\u00e7in duran ki\u015filer kaza alan\u0131ndayken 34 KZG 297 plakal\u0131 Fiat marka ara\u00e7, b\u00f6lgeyi fark etmeyerek kaza alan\u0131na dald\u0131. Ger\u00e7ekle\u015fen ikinci kaza sonras\u0131 motosiklet s\u00fcr\u00fcc\u00fcs\u00fc A.S. ve cip s\u00fcr\u00fcc\u00fcs\u00fc F.I. olay yerinde hayat\u0131n\u0131 kaybetti.<br \/>\n\u0130hbar sonras\u0131 olay yerine gelen polis ekipleri \u00e7evrede g\u00fcvenlik \u00f6nlemi al\u0131rken hayat\u0131n\u0131 kaybedenlerin cenazeleri Adli T\u0131p Morgu\u2019na kald\u0131r\u0131ld\u0131. Kazaya sebebiyet veren s\u00fcr\u00fcc\u00fc dahil yaralanan 4 ki\u015fi ise \u00e7evre hastanelere kald\u0131r\u0131ld\u0131. Kaza yapan ara\u00e7lar\u0131n \u00e7ekici yard\u0131m\u0131yla olay yerinden kald\u0131r\u0131lmas\u0131 sonras\u0131 trafik ak\u0131\u015f\u0131 normale d\u00f6nd\u00fc. Polis olayla ilgili inceleme ba\u015flatt\u0131.<\/p>\n<p>13.04.2025<\/p>\n","protected":false},"excerpt":{"rendered":"<p>Kazaya yard\u0131m etmek i\u00e7in durdu, can\u0131ndan oldu Bayrampa\u015fa\u2019da iki arac\u0131n kar\u0131\u015ft\u0131\u011f\u0131 kazaya yard\u0131m etmek i\u00e7in duran bir otomobil ve motosiklete, kazay\u0131 fark etmeyen ba\u015fka bir ara\u00e7 \u00e7arpt\u0131. Maddi hasarl\u0131 ilk kazadan sonra ger\u00e7ekle\u015fen ikinci kazada 2 ki\u015fi hayat\u0131n\u0131 kaybederken 4 ki\u015fi de yaraland\u0131. Kaza, saat 03.00 s\u0131ralar\u0131nda Bayrampa\u015fa Sa\u011fmalc\u0131lar O-3 TEM Otoban\u0131 Esenler istikametinde meydana [&hellip;]<\/p>\n","protected":false},"author":1,"featured_media":5228,"comment_status":"open","ping_status":"open","sticky":false,"template":"","format":"standard","meta":{"footnotes":""},"categories":[50],"tags":[],"class_list":["post-5227","post","type-post","status-publish","format-standard","has-post-thumbnail","hentry","category-tum-haberler"],"yoast_head":"<!-- This site is optimized with the Yoast SEO plugin v27.4 - https:\/\/yoast.com\/product\/yoast-seo-wordpress\/ -->\n<title>Bayrampa\u015fa&#039;da 2 arac\u0131n kar\u0131\u015ft\u0131\u011f\u0131 kaza alan\u0131na ba\u015fka bir ara\u00e7 dald\u0131: 2 \u00f6l\u00fc, 4 yaral\u0131 - Memurun Sesi<\/title>\n<meta name=\"robots\" content=\"index, follow, max-snippet:-1, max-image-preview:large, max-video-preview:-1\" \/>\n<link rel=\"canonical\" href=\"https:\/\/memurunsesi.net\/index.php\/2025\/04\/13\/bayrampasada-2-aracin-karistigi-kaza-alanina-baska-bir-arac-daldi-2-olu-4-yarali\/\" \/>\n<meta property=\"og:locale\" content=\"tr_TR\" \/>\n<meta property=\"og:type\" content=\"article\" \/>\n<meta property=\"og:title\" content=\"Bayrampa\u015fa&#039;da 2 arac\u0131n kar\u0131\u015ft\u0131\u011f\u0131 kaza alan\u0131na ba\u015fka bir ara\u00e7 dald\u0131: 2 \u00f6l\u00fc, 4 yaral\u0131 - Memurun Sesi\" \/>\n<meta property=\"og:description\" content=\"Kazaya yard\u0131m etmek i\u00e7in durdu, can\u0131ndan oldu Bayrampa\u015fa\u2019da iki arac\u0131n kar\u0131\u015ft\u0131\u011f\u0131 kazaya yard\u0131m etmek i\u00e7in duran bir otomobil ve motosiklete, kazay\u0131 fark etmeyen ba\u015fka bir ara\u00e7 \u00e7arpt\u0131. Maddi hasarl\u0131 ilk kazadan sonra ger\u00e7ekle\u015fen ikinci kazada 2 ki\u015fi hayat\u0131n\u0131 kaybederken 4 ki\u015fi de yaraland\u0131. Kaza, saat 03.00 s\u0131ralar\u0131nda Bayrampa\u015fa Sa\u011fmalc\u0131lar O-3 TEM Otoban\u0131 Esenler istikametinde meydana [&hellip;]\" \/>\n<meta property=\"og:url\" content=\"https:\/\/memurunsesi.net\/index.php\/2025\/04\/13\/bayrampasada-2-aracin-karistigi-kaza-alanina-baska-bir-arac-daldi-2-olu-4-yarali\/\" \/>\n<meta property=\"og:site_name\" content=\"Memurun Sesi\" \/>\n<meta property=\"article:publisher\" content=\"https:\/\/www.facebook.com\/unipersen\/?locale=tr_TR\" \/>\n<meta property=\"article:published_time\" content=\"2025-04-13T06:08:46+00:00\" \/>\n<meta property=\"og:image\" content=\"https:\/\/memurunsesi.net\/wp-content\/uploads\/2025\/04\/AW431518_01-scaled.jpg\" \/>\n\t<meta property=\"og:image:width\" content=\"2560\" \/>\n\t<meta property=\"og:image:height\" content=\"1441\" \/>\n\t<meta property=\"og:image:type\" content=\"image\/jpeg\" \/>\n<meta name=\"author\" content=\"Memurun Sesi Haber Merkezi\" \/>\n<meta name=\"twitter:card\" content=\"summary_large_image\" \/>\n<meta name=\"twitter:creator\" content=\"@unipersen\" \/>\n<meta name=\"twitter:site\" content=\"@unipersen\" \/>\n<meta name=\"twitter:label1\" content=\"Yazan:\" \/>\n\t<meta name=\"twitter:data1\" content=\"Memurun Sesi Haber Merkezi\" \/>\n\t<meta name=\"twitter:label2\" content=\"Tahmini okuma s\u00fcresi\" \/>\n\t<meta name=\"twitter:data2\" content=\"1 dakika\" \/>\n<script type=\"application\/ld+json\" class=\"yoast-schema-graph\">{\"@context\":\"https:\\\/\\\/schema.org\",\"@graph\":[{\"@type\":\"Article\",\"@id\":\"https:\\\/\\\/memurunsesi.net\\\/index.php\\\/2025\\\/04\\\/13\\\/bayrampasada-2-aracin-karistigi-kaza-alanina-baska-bir-arac-daldi-2-olu-4-yarali\\\/#article\",\"isPartOf\":{\"@id\":\"https:\\\/\\\/memurunsesi.net\\\/index.php\\\/2025\\\/04\\\/13\\\/bayrampasada-2-aracin-karistigi-kaza-alanina-baska-bir-arac-daldi-2-olu-4-yarali\\\/\"},\"author\":{\"name\":\"Memurun Sesi Haber Merkezi\",\"@id\":\"https:\\\/\\\/memurunsesi.net\\\/#\\\/schema\\\/person\\\/f21c2d73b89f6ee1d80b0a1803e38587\"},\"headline\":\"Bayrampa\u015fa&#8217;da 2 arac\u0131n kar\u0131\u015ft\u0131\u011f\u0131 kaza alan\u0131na ba\u015fka bir ara\u00e7 dald\u0131: 2 \u00f6l\u00fc, 4 yaral\u0131\",\"datePublished\":\"2025-04-13T06:08:46+00:00\",\"mainEntityOfPage\":{\"@id\":\"https:\\\/\\\/memurunsesi.net\\\/index.php\\\/2025\\\/04\\\/13\\\/bayrampasada-2-aracin-karistigi-kaza-alanina-baska-bir-arac-daldi-2-olu-4-yarali\\\/\"},\"wordCount\":251,\"commentCount\":0,\"publisher\":{\"@id\":\"https:\\\/\\\/memurunsesi.net\\\/#organization\"},\"image\":{\"@id\":\"https:\\\/\\\/memurunsesi.net\\\/index.php\\\/2025\\\/04\\\/13\\\/bayrampasada-2-aracin-karistigi-kaza-alanina-baska-bir-arac-daldi-2-olu-4-yarali\\\/#primaryimage\"},\"thumbnailUrl\":\"https:\\\/\\\/memurunsesi.net\\\/wp-content\\\/uploads\\\/2025\\\/04\\\/AW431518_01-scaled.jpg\",\"articleSection\":[\"T\u00fcm Haberler\"],\"inLanguage\":\"tr\",\"potentialAction\":[{\"@type\":\"CommentAction\",\"name\":\"Comment\",\"target\":[\"https:\\\/\\\/memurunsesi.net\\\/index.php\\\/2025\\\/04\\\/13\\\/bayrampasada-2-aracin-karistigi-kaza-alanina-baska-bir-arac-daldi-2-olu-4-yarali\\\/#respond\"]}]},{\"@type\":\"WebPage\",\"@id\":\"https:\\\/\\\/memurunsesi.net\\\/index.php\\\/2025\\\/04\\\/13\\\/bayrampasada-2-aracin-karistigi-kaza-alanina-baska-bir-arac-daldi-2-olu-4-yarali\\\/\",\"url\":\"https:\\\/\\\/memurunsesi.net\\\/index.php\\\/2025\\\/04\\\/13\\\/bayrampasada-2-aracin-karistigi-kaza-alanina-baska-bir-arac-daldi-2-olu-4-yarali\\\/\",\"name\":\"Bayrampa\u015fa'da 2 arac\u0131n kar\u0131\u015ft\u0131\u011f\u0131 kaza alan\u0131na ba\u015fka bir ara\u00e7 dald\u0131: 2 \u00f6l\u00fc, 4 yaral\u0131 - Memurun Sesi\",\"isPartOf\":{\"@id\":\"https:\\\/\\\/memurunsesi.net\\\/#website\"},\"primaryImageOfPage\":{\"@id\":\"https:\\\/\\\/memurunsesi.net\\\/index.php\\\/2025\\\/04\\\/13\\\/bayrampasada-2-aracin-karistigi-kaza-alanina-baska-bir-arac-daldi-2-olu-4-yarali\\\/#primaryimage\"},\"image\":{\"@id\":\"https:\\\/\\\/memurunsesi.net\\\/index.php\\\/2025\\\/04\\\/13\\\/bayrampasada-2-aracin-karistigi-kaza-alanina-baska-bir-arac-daldi-2-olu-4-yarali\\\/#primaryimage\"},\"thumbnailUrl\":\"https:\\\/\\\/memurunsesi.net\\\/wp-content\\\/uploads\\\/2025\\\/04\\\/AW431518_01-scaled.jpg\",\"datePublished\":\"2025-04-13T06:08:46+00:00\",\"breadcrumb\":{\"@id\":\"https:\\\/\\\/memurunsesi.net\\\/index.php\\\/2025\\\/04\\\/13\\\/bayrampasada-2-aracin-karistigi-kaza-alanina-baska-bir-arac-daldi-2-olu-4-yarali\\\/#breadcrumb\"},\"inLanguage\":\"tr\",\"potentialAction\":[{\"@type\":\"ReadAction\",\"target\":[\"https:\\\/\\\/memurunsesi.net\\\/index.php\\\/2025\\\/04\\\/13\\\/bayrampasada-2-aracin-karistigi-kaza-alanina-baska-bir-arac-daldi-2-olu-4-yarali\\\/\"]}]},{\"@type\":\"ImageObject\",\"inLanguage\":\"tr\",\"@id\":\"https:\\\/\\\/memurunsesi.net\\\/index.php\\\/2025\\\/04\\\/13\\\/bayrampasada-2-aracin-karistigi-kaza-alanina-baska-bir-arac-daldi-2-olu-4-yarali\\\/#primaryimage\",\"url\":\"https:\\\/\\\/memurunsesi.net\\\/wp-content\\\/uploads\\\/2025\\\/04\\\/AW431518_01-scaled.jpg\",\"contentUrl\":\"https:\\\/\\\/memurunsesi.net\\\/wp-content\\\/uploads\\\/2025\\\/04\\\/AW431518_01-scaled.jpg\",\"width\":2560,\"height\":1441,\"caption\":\"KAZA ALANI (EN\u0130S DERD\u0130MENTO\u011eLU\\\/\u0130STANBUL-\u0130HA) Bayrampa\u015fa'da iki arac\u0131n kar\u0131\u015ft\u0131\u011f\u0131 kazaya yard\u0131m etmek i\u00e7in duran bir otomobil ve motosiklete, kazay\u0131 fark etmeyen ba\u015fka bir ara\u00e7 \u00e7arpt\u0131. Maddi hasarl\u0131 ilk kazadan sonra ger\u00e7ekle\u015fen ikinci kazada 2 ki\u015fi hayat\u0131n\u0131 hayat\u0131n\u0131 kaybederken 4 ki\u015fi de yaraland\u0131.\"},{\"@type\":\"BreadcrumbList\",\"@id\":\"https:\\\/\\\/memurunsesi.net\\\/index.php\\\/2025\\\/04\\\/13\\\/bayrampasada-2-aracin-karistigi-kaza-alanina-baska-bir-arac-daldi-2-olu-4-yarali\\\/#breadcrumb\",\"itemListElement\":[{\"@type\":\"ListItem\",\"position\":1,\"name\":\"Anasayfa\",\"item\":\"https:\\\/\\\/memurunsesi.net\\\/\"},{\"@type\":\"ListItem\",\"position\":2,\"name\":\"Bayrampa\u015fa&#8217;da 2 arac\u0131n kar\u0131\u015ft\u0131\u011f\u0131 kaza alan\u0131na ba\u015fka bir ara\u00e7 dald\u0131: 2 \u00f6l\u00fc, 4 yaral\u0131\"}]},{\"@type\":\"WebSite\",\"@id\":\"https:\\\/\\\/memurunsesi.net\\\/#website\",\"url\":\"https:\\\/\\\/memurunsesi.net\\\/\",\"name\":\"Memurun Sesi\",\"description\":\"G\u00fcncel ve Do\u011fru Haber\",\"publisher\":{\"@id\":\"https:\\\/\\\/memurunsesi.net\\\/#organization\"},\"potentialAction\":[{\"@type\":\"SearchAction\",\"target\":{\"@type\":\"EntryPoint\",\"urlTemplate\":\"https:\\\/\\\/memurunsesi.net\\\/?s={search_term_string}\"},\"query-input\":{\"@type\":\"PropertyValueSpecification\",\"valueRequired\":true,\"valueName\":\"search_term_string\"}}],\"inLanguage\":\"tr\"},{\"@type\":\"Organization\",\"@id\":\"https:\\\/\\\/memurunsesi.net\\\/#organization\",\"name\":\"Memurun Sesi\",\"url\":\"https:\\\/\\\/memurunsesi.net\\\/\",\"logo\":{\"@type\":\"ImageObject\",\"inLanguage\":\"tr\",\"@id\":\"https:\\\/\\\/memurunsesi.net\\\/#\\\/schema\\\/logo\\\/image\\\/\",\"url\":\"https:\\\/\\\/memurunsesi.net\\\/wp-content\\\/uploads\\\/2025\\\/11\\\/cropped-MEMURUN-SESI.png\",\"contentUrl\":\"https:\\\/\\\/memurunsesi.net\\\/wp-content\\\/uploads\\\/2025\\\/11\\\/cropped-MEMURUN-SESI.png\",\"width\":238,\"height\":57,\"caption\":\"Memurun Sesi\"},\"image\":{\"@id\":\"https:\\\/\\\/memurunsesi.net\\\/#\\\/schema\\\/logo\\\/image\\\/\"},\"sameAs\":[\"https:\\\/\\\/www.facebook.com\\\/unipersen\\\/?locale=tr_TR\",\"https:\\\/\\\/x.com\\\/unipersen\"]},{\"@type\":\"Person\",\"@id\":\"https:\\\/\\\/memurunsesi.net\\\/#\\\/schema\\\/person\\\/f21c2d73b89f6ee1d80b0a1803e38587\",\"name\":\"Memurun Sesi Haber Merkezi\",\"image\":{\"@type\":\"ImageObject\",\"inLanguage\":\"tr\",\"@id\":\"https:\\\/\\\/secure.gravatar.com\\\/avatar\\\/6cf0505f452ee753f485014986fab09a434671d2b919ee76fc541025c5876a70?s=96&d=mm&r=g\",\"url\":\"https:\\\/\\\/secure.gravatar.com\\\/avatar\\\/6cf0505f452ee753f485014986fab09a434671d2b919ee76fc541025c5876a70?s=96&d=mm&r=g\",\"contentUrl\":\"https:\\\/\\\/secure.gravatar.com\\\/avatar\\\/6cf0505f452ee753f485014986fab09a434671d2b919ee76fc541025c5876a70?s=96&d=mm&r=g\",\"caption\":\"Memurun Sesi Haber Merkezi\"},\"sameAs\":[\"https:\\\/\\\/memurunsesi.net\"],\"url\":\"https:\\\/\\\/memurunsesi.net\\\/index.php\\\/author\\\/uniper\\\/\"}]}<\/script>\n<!-- \/ Yoast SEO plugin. -->","yoast_head_json":{"title":"Bayrampa\u015fa'da 2 arac\u0131n kar\u0131\u015ft\u0131\u011f\u0131 kaza alan\u0131na ba\u015fka bir ara\u00e7 dald\u0131: 2 \u00f6l\u00fc, 4 yaral\u0131 - Memurun Sesi","robots":{"index":"index","follow":"follow","max-snippet":"max-snippet:-1","max-image-preview":"max-image-preview:large","max-video-preview":"max-video-preview:-1"},"canonical":"https:\/\/memurunsesi.net\/index.php\/2025\/04\/13\/bayrampasada-2-aracin-karistigi-kaza-alanina-baska-bir-arac-daldi-2-olu-4-yarali\/","og_locale":"tr_TR","og_type":"article","og_title":"Bayrampa\u015fa'da 2 arac\u0131n kar\u0131\u015ft\u0131\u011f\u0131 kaza alan\u0131na ba\u015fka bir ara\u00e7 dald\u0131: 2 \u00f6l\u00fc, 4 yaral\u0131 - Memurun Sesi","og_description":"Kazaya yard\u0131m etmek i\u00e7in durdu, can\u0131ndan oldu Bayrampa\u015fa\u2019da iki arac\u0131n kar\u0131\u015ft\u0131\u011f\u0131 kazaya yard\u0131m etmek i\u00e7in duran bir otomobil ve motosiklete, kazay\u0131 fark etmeyen ba\u015fka bir ara\u00e7 \u00e7arpt\u0131. Maddi hasarl\u0131 ilk kazadan sonra ger\u00e7ekle\u015fen ikinci kazada 2 ki\u015fi hayat\u0131n\u0131 kaybederken 4 ki\u015fi de yaraland\u0131. Kaza, saat 03.00 s\u0131ralar\u0131nda Bayrampa\u015fa Sa\u011fmalc\u0131lar O-3 TEM Otoban\u0131 Esenler istikametinde meydana [&hellip;]","og_url":"https:\/\/memurunsesi.net\/index.php\/2025\/04\/13\/bayrampasada-2-aracin-karistigi-kaza-alanina-baska-bir-arac-daldi-2-olu-4-yarali\/","og_site_name":"Memurun Sesi","article_publisher":"https:\/\/www.facebook.com\/unipersen\/?locale=tr_TR","article_published_time":"2025-04-13T06:08:46+00:00","og_image":[{"width":2560,"height":1441,"url":"https:\/\/memurunsesi.net\/wp-content\/uploads\/2025\/04\/AW431518_01-scaled.jpg","type":"image\/jpeg"}],"author":"Memurun Sesi Haber Merkezi","twitter_card":"summary_large_image","twitter_creator":"@unipersen","twitter_site":"@unipersen","twitter_misc":{"Yazan:":"Memurun Sesi Haber Merkezi","Tahmini okuma s\u00fcresi":"1 dakika"},"schema":{"@context":"https:\/\/schema.org","@graph":[{"@type":"Article","@id":"https:\/\/memurunsesi.net\/index.php\/2025\/04\/13\/bayrampasada-2-aracin-karistigi-kaza-alanina-baska-bir-arac-daldi-2-olu-4-yarali\/#article","isPartOf":{"@id":"https:\/\/memurunsesi.net\/index.php\/2025\/04\/13\/bayrampasada-2-aracin-karistigi-kaza-alanina-baska-bir-arac-daldi-2-olu-4-yarali\/"},"author":{"name":"Memurun Sesi Haber Merkezi","@id":"https:\/\/memurunsesi.net\/#\/schema\/person\/f21c2d73b89f6ee1d80b0a1803e38587"},"headline":"Bayrampa\u015fa&#8217;da 2 arac\u0131n kar\u0131\u015ft\u0131\u011f\u0131 kaza alan\u0131na ba\u015fka bir ara\u00e7 dald\u0131: 2 \u00f6l\u00fc, 4 yaral\u0131","datePublished":"2025-04-13T06:08:46+00:00","mainEntityOfPage":{"@id":"https:\/\/memurunsesi.net\/index.php\/2025\/04\/13\/bayrampasada-2-aracin-karistigi-kaza-alanina-baska-bir-arac-daldi-2-olu-4-yarali\/"},"wordCount":251,"commentCount":0,"publisher":{"@id":"https:\/\/memurunsesi.net\/#organization"},"image":{"@id":"https:\/\/memurunsesi.net\/index.php\/2025\/04\/13\/bayrampasada-2-aracin-karistigi-kaza-alanina-baska-bir-arac-daldi-2-olu-4-yarali\/#primaryimage"},"thumbnailUrl":"https:\/\/memurunsesi.net\/wp-content\/uploads\/2025\/04\/AW431518_01-scaled.jpg","articleSection":["T\u00fcm Haberler"],"inLanguage":"tr","potentialAction":[{"@type":"CommentAction","name":"Comment","target":["https:\/\/memurunsesi.net\/index.php\/2025\/04\/13\/bayrampasada-2-aracin-karistigi-kaza-alanina-baska-bir-arac-daldi-2-olu-4-yarali\/#respond"]}]},{"@type":"WebPage","@id":"https:\/\/memurunsesi.net\/index.php\/2025\/04\/13\/bayrampasada-2-aracin-karistigi-kaza-alanina-baska-bir-arac-daldi-2-olu-4-yarali\/","url":"https:\/\/memurunsesi.net\/index.php\/2025\/04\/13\/bayrampasada-2-aracin-karistigi-kaza-alanina-baska-bir-arac-daldi-2-olu-4-yarali\/","name":"Bayrampa\u015fa'da 2 arac\u0131n kar\u0131\u015ft\u0131\u011f\u0131 kaza alan\u0131na ba\u015fka bir ara\u00e7 dald\u0131: 2 \u00f6l\u00fc, 4 yaral\u0131 - Memurun Sesi","isPartOf":{"@id":"https:\/\/memurunsesi.net\/#website"},"primaryImageOfPage":{"@id":"https:\/\/memurunsesi.net\/index.php\/2025\/04\/13\/bayrampasada-2-aracin-karistigi-kaza-alanina-baska-bir-arac-daldi-2-olu-4-yarali\/#primaryimage"},"image":{"@id":"https:\/\/memurunsesi.net\/index.php\/2025\/04\/13\/bayrampasada-2-aracin-karistigi-kaza-alanina-baska-bir-arac-daldi-2-olu-4-yarali\/#primaryimage"},"thumbnailUrl":"https:\/\/memurunsesi.net\/wp-content\/uploads\/2025\/04\/AW431518_01-scaled.jpg","datePublished":"2025-04-13T06:08:46+00:00","breadcrumb":{"@id":"https:\/\/memurunsesi.net\/index.php\/2025\/04\/13\/bayrampasada-2-aracin-karistigi-kaza-alanina-baska-bir-arac-daldi-2-olu-4-yarali\/#breadcrumb"},"inLanguage":"tr","potentialAction":[{"@type":"ReadAction","target":["https:\/\/memurunsesi.net\/index.php\/2025\/04\/13\/bayrampasada-2-aracin-karistigi-kaza-alanina-baska-bir-arac-daldi-2-olu-4-yarali\/"]}]},{"@type":"ImageObject","inLanguage":"tr","@id":"https:\/\/memurunsesi.net\/index.php\/2025\/04\/13\/bayrampasada-2-aracin-karistigi-kaza-alanina-baska-bir-arac-daldi-2-olu-4-yarali\/#primaryimage","url":"https:\/\/memurunsesi.net\/wp-content\/uploads\/2025\/04\/AW431518_01-scaled.jpg","contentUrl":"https:\/\/memurunsesi.net\/wp-content\/uploads\/2025\/04\/AW431518_01-scaled.jpg","width":2560,"height":1441,"caption":"KAZA ALANI (EN\u0130S DERD\u0130MENTO\u011eLU\/\u0130STANBUL-\u0130HA) Bayrampa\u015fa'da iki arac\u0131n kar\u0131\u015ft\u0131\u011f\u0131 kazaya yard\u0131m etmek i\u00e7in duran bir otomobil ve motosiklete, kazay\u0131 fark etmeyen ba\u015fka bir ara\u00e7 \u00e7arpt\u0131. Maddi hasarl\u0131 ilk kazadan sonra ger\u00e7ekle\u015fen ikinci kazada 2 ki\u015fi hayat\u0131n\u0131 hayat\u0131n\u0131 kaybederken 4 ki\u015fi de yaraland\u0131."},{"@type":"BreadcrumbList","@id":"https:\/\/memurunsesi.net\/index.php\/2025\/04\/13\/bayrampasada-2-aracin-karistigi-kaza-alanina-baska-bir-arac-daldi-2-olu-4-yarali\/#breadcrumb","itemListElement":[{"@type":"ListItem","position":1,"name":"Anasayfa","item":"https:\/\/memurunsesi.net\/"},{"@type":"ListItem","position":2,"name":"Bayrampa\u015fa&#8217;da 2 arac\u0131n kar\u0131\u015ft\u0131\u011f\u0131 kaza alan\u0131na ba\u015fka bir ara\u00e7 dald\u0131: 2 \u00f6l\u00fc, 4 yaral\u0131"}]},{"@type":"WebSite","@id":"https:\/\/memurunsesi.net\/#website","url":"https:\/\/memurunsesi.net\/","name":"Memurun Sesi","description":"G\u00fcncel ve Do\u011fru Haber","publisher":{"@id":"https:\/\/memurunsesi.net\/#organization"},"potentialAction":[{"@type":"SearchAction","target":{"@type":"EntryPoint","urlTemplate":"https:\/\/memurunsesi.net\/?s={search_term_string}"},"query-input":{"@type":"PropertyValueSpecification","valueRequired":true,"valueName":"search_term_string"}}],"inLanguage":"tr"},{"@type":"Organization","@id":"https:\/\/memurunsesi.net\/#organization","name":"Memurun Sesi","url":"https:\/\/memurunsesi.net\/","logo":{"@type":"ImageObject","inLanguage":"tr","@id":"https:\/\/memurunsesi.net\/#\/schema\/logo\/image\/","url":"https:\/\/memurunsesi.net\/wp-content\/uploads\/2025\/11\/cropped-MEMURUN-SESI.png","contentUrl":"https:\/\/memurunsesi.net\/wp-content\/uploads\/2025\/11\/cropped-MEMURUN-SESI.png","width":238,"height":57,"caption":"Memurun Sesi"},"image":{"@id":"https:\/\/memurunsesi.net\/#\/schema\/logo\/image\/"},"sameAs":["https:\/\/www.facebook.com\/unipersen\/?locale=tr_TR","https:\/\/x.com\/unipersen"]},{"@type":"Person","@id":"https:\/\/memurunsesi.net\/#\/schema\/person\/f21c2d73b89f6ee1d80b0a1803e38587","name":"Memurun Sesi Haber Merkezi","image":{"@type":"ImageObject","inLanguage":"tr","@id":"https:\/\/secure.gravatar.com\/avatar\/6cf0505f452ee753f485014986fab09a434671d2b919ee76fc541025c5876a70?s=96&d=mm&r=g","url":"https:\/\/secure.gravatar.com\/avatar\/6cf0505f452ee753f485014986fab09a434671d2b919ee76fc541025c5876a70?s=96&d=mm&r=g","contentUrl":"https:\/\/secure.gravatar.com\/avatar\/6cf0505f452ee753f485014986fab09a434671d2b919ee76fc541025c5876a70?s=96&d=mm&r=g","caption":"Memurun Sesi Haber Merkezi"},"sameAs":["https:\/\/memurunsesi.net"],"url":"https:\/\/memurunsesi.net\/index.php\/author\/uniper\/"}]}},"_links":{"self":[{"href":"https:\/\/memurunsesi.net\/index.php\/wp-json\/wp\/v2\/posts\/5227","targetHints":{"allow":["GET"]}}],"collection":[{"href":"https:\/\/memurunsesi.net\/index.php\/wp-json\/wp\/v2\/posts"}],"about":[{"href":"https:\/\/memurunsesi.net\/index.php\/wp-json\/wp\/v2\/types\/post"}],"author":[{"embeddable":true,"href":"https:\/\/memurunsesi.net\/index.php\/wp-json\/wp\/v2\/users\/1"}],"replies":[{"embeddable":true,"href":"https:\/\/memurunsesi.net\/index.php\/wp-json\/wp\/v2\/comments?post=5227"}],"version-history":[{"count":1,"href":"https:\/\/memurunsesi.net\/index.php\/wp-json\/wp\/v2\/posts\/5227\/revisions"}],"predecessor-version":[{"id":5229,"href":"https:\/\/memurunsesi.net\/index.php\/wp-json\/wp\/v2\/posts\/5227\/revisions\/5229"}],"wp:featuredmedia":[{"embeddable":true,"href":"https:\/\/memurunsesi.net\/index.php\/wp-json\/wp\/v2\/media\/5228"}],"wp:attachment":[{"href":"https:\/\/memurunsesi.net\/index.php\/wp-json\/wp\/v2\/media?parent=5227"}],"wp:term":[{"taxonomy":"category","embeddable":true,"href":"https:\/\/memurunsesi.net\/index.php\/wp-json\/wp\/v2\/categories?post=5227"},{"taxonomy":"post_tag","embeddable":true,"href":"https:\/\/memurunsesi.net\/index.php\/wp-json\/wp\/v2\/tags?post=5227"}],"curies":[{"name":"wp","href":"https:\/\/api.w.org\/{rel}","templated":true}]}}