{"id":5230,"date":"2025-04-13T09:10:07","date_gmt":"2025-04-13T06:10:07","guid":{"rendered":"https:\/\/memurunsesi.net\/?p=5230"},"modified":"2025-04-13T09:10:07","modified_gmt":"2025-04-13T06:10:07","slug":"kucukcekmecede-motosikletli-iki-kisi-evi-kursunladi","status":"publish","type":"post","link":"https:\/\/memurunsesi.net\/index.php\/2025\/04\/13\/kucukcekmecede-motosikletli-iki-kisi-evi-kursunladi\/","title":{"rendered":"K\u00fc\u00e7\u00fck\u00e7ekmece\u2019de motosikletli iki ki\u015fi evi kur\u015funlad\u0131"},"content":{"rendered":"<p>K\u00fc\u00e7\u00fck\u00e7ekmece\u2019de plakas\u0131z motosikletle gelen kar maskeli iki \u015fah\u0131s, bir evi kur\u015funlay\u0131p olay yerinden ka\u00e7t\u0131. Olayda \u00f6len ya da yaralanan kimse olmazken polis ekipleri sald\u0131rganlar\u0131 yakalamak i\u00e7in \u00e7al\u0131\u015fma ba\u015flatt\u0131.<br \/>\nOlay, 00.30 s\u0131ralar\u0131nda K\u00fc\u00e7\u00fck\u00e7ekmece Atat\u00fcrk Mahallesi Mercan Sokak\u2019ta meydana geldi. Edinilen bilgiye g\u00f6re plakas\u0131z bir motosiklete binen kar maskeli iki ki\u015fi sokakta bulunan bir evi kur\u015funlad\u0131. Sald\u0131r\u0131n\u0131n ard\u0131ndan \u015fah\u0131slar olay yerinden ka\u00e7arken sesleri duyan mahalleli soka\u011fa d\u00f6k\u00fcld\u00fc. \u0130hbar \u00fczerine olay yerine gelen asayi\u015f ve olay yeri inceleme ekipleri sald\u0131r\u0131 alan\u0131nda inceleme ba\u015flatt\u0131. Yap\u0131lan incelemede olay yerinde 5 mermi kovan\u0131 bulundu.<br \/>\nSald\u0131r\u0131da \u00f6len ya da yaralanan kimse olmazken ate\u015f a\u00e7\u0131lan binan\u0131n isabet almad\u0131\u011f\u0131 \u00f6\u011frenildi. Polis ekipleri sald\u0131r\u0131 ile ilgili incelemeyi geni\u015fletirken ka\u00e7an motosikletli sald\u0131rganlar\u0131 yakalamak i\u00e7in \u00e7al\u0131\u015fma ba\u015flat\u0131ld\u0131.<\/p>\n<p>13.04.2025<\/p>\n","protected":false},"excerpt":{"rendered":"<p>K\u00fc\u00e7\u00fck\u00e7ekmece\u2019de plakas\u0131z motosikletle gelen kar maskeli iki \u015fah\u0131s, bir evi kur\u015funlay\u0131p olay yerinden ka\u00e7t\u0131. Olayda \u00f6len ya da yaralanan kimse olmazken polis ekipleri sald\u0131rganlar\u0131 yakalamak i\u00e7in \u00e7al\u0131\u015fma ba\u015flatt\u0131. Olay, 00.30 s\u0131ralar\u0131nda K\u00fc\u00e7\u00fck\u00e7ekmece Atat\u00fcrk Mahallesi Mercan Sokak\u2019ta meydana geldi. Edinilen bilgiye g\u00f6re plakas\u0131z bir motosiklete binen kar maskeli iki ki\u015fi sokakta bulunan bir evi kur\u015funlad\u0131. Sald\u0131r\u0131n\u0131n [&hellip;]<\/p>\n","protected":false},"author":1,"featured_media":5231,"comment_status":"open","ping_status":"open","sticky":false,"template":"","format":"standard","meta":{"footnotes":""},"categories":[1],"tags":[],"class_list":["post-5230","post","type-post","status-publish","format-standard","has-post-thumbnail","hentry","category-genel"],"yoast_head":"<!-- This site is optimized with the Yoast SEO plugin v27.4 - https:\/\/yoast.com\/product\/yoast-seo-wordpress\/ -->\n<title>K\u00fc\u00e7\u00fck\u00e7ekmece\u2019de motosikletli iki ki\u015fi evi kur\u015funlad\u0131 - Memurun Sesi<\/title>\n<meta name=\"robots\" content=\"index, follow, max-snippet:-1, max-image-preview:large, max-video-preview:-1\" \/>\n<link rel=\"canonical\" href=\"https:\/\/memurunsesi.net\/index.php\/2025\/04\/13\/kucukcekmecede-motosikletli-iki-kisi-evi-kursunladi\/\" \/>\n<meta property=\"og:locale\" content=\"tr_TR\" \/>\n<meta property=\"og:type\" content=\"article\" \/>\n<meta property=\"og:title\" content=\"K\u00fc\u00e7\u00fck\u00e7ekmece\u2019de motosikletli iki ki\u015fi evi kur\u015funlad\u0131 - Memurun Sesi\" \/>\n<meta property=\"og:description\" content=\"K\u00fc\u00e7\u00fck\u00e7ekmece\u2019de plakas\u0131z motosikletle gelen kar maskeli iki \u015fah\u0131s, bir evi kur\u015funlay\u0131p olay yerinden ka\u00e7t\u0131. Olayda \u00f6len ya da yaralanan kimse olmazken polis ekipleri sald\u0131rganlar\u0131 yakalamak i\u00e7in \u00e7al\u0131\u015fma ba\u015flatt\u0131. Olay, 00.30 s\u0131ralar\u0131nda K\u00fc\u00e7\u00fck\u00e7ekmece Atat\u00fcrk Mahallesi Mercan Sokak\u2019ta meydana geldi. Edinilen bilgiye g\u00f6re plakas\u0131z bir motosiklete binen kar maskeli iki ki\u015fi sokakta bulunan bir evi kur\u015funlad\u0131. Sald\u0131r\u0131n\u0131n [&hellip;]\" \/>\n<meta property=\"og:url\" content=\"https:\/\/memurunsesi.net\/index.php\/2025\/04\/13\/kucukcekmecede-motosikletli-iki-kisi-evi-kursunladi\/\" \/>\n<meta property=\"og:site_name\" content=\"Memurun Sesi\" \/>\n<meta property=\"article:publisher\" content=\"https:\/\/www.facebook.com\/unipersen\/?locale=tr_TR\" \/>\n<meta property=\"article:published_time\" content=\"2025-04-13T06:10:07+00:00\" \/>\n<meta property=\"og:image\" content=\"https:\/\/memurunsesi.net\/wp-content\/uploads\/2025\/04\/AW431510_03-scaled.jpg\" \/>\n\t<meta property=\"og:image:width\" content=\"2560\" \/>\n\t<meta property=\"og:image:height\" content=\"1441\" \/>\n\t<meta property=\"og:image:type\" content=\"image\/jpeg\" \/>\n<meta name=\"author\" content=\"Memurun Sesi Haber Merkezi\" \/>\n<meta name=\"twitter:card\" content=\"summary_large_image\" \/>\n<meta name=\"twitter:creator\" content=\"@unipersen\" \/>\n<meta name=\"twitter:site\" content=\"@unipersen\" \/>\n<meta name=\"twitter:label1\" content=\"Yazan:\" \/>\n\t<meta name=\"twitter:data1\" content=\"Memurun Sesi Haber Merkezi\" \/>\n\t<meta name=\"twitter:label2\" content=\"Tahmini okuma s\u00fcresi\" \/>\n\t<meta name=\"twitter:data2\" content=\"1 dakika\" \/>\n<script type=\"application\/ld+json\" class=\"yoast-schema-graph\">{\"@context\":\"https:\\\/\\\/schema.org\",\"@graph\":[{\"@type\":\"Article\",\"@id\":\"https:\\\/\\\/memurunsesi.net\\\/index.php\\\/2025\\\/04\\\/13\\\/kucukcekmecede-motosikletli-iki-kisi-evi-kursunladi\\\/#article\",\"isPartOf\":{\"@id\":\"https:\\\/\\\/memurunsesi.net\\\/index.php\\\/2025\\\/04\\\/13\\\/kucukcekmecede-motosikletli-iki-kisi-evi-kursunladi\\\/\"},\"author\":{\"name\":\"Memurun Sesi Haber Merkezi\",\"@id\":\"https:\\\/\\\/memurunsesi.net\\\/#\\\/schema\\\/person\\\/f21c2d73b89f6ee1d80b0a1803e38587\"},\"headline\":\"K\u00fc\u00e7\u00fck\u00e7ekmece\u2019de motosikletli iki ki\u015fi evi kur\u015funlad\u0131\",\"datePublished\":\"2025-04-13T06:10:07+00:00\",\"mainEntityOfPage\":{\"@id\":\"https:\\\/\\\/memurunsesi.net\\\/index.php\\\/2025\\\/04\\\/13\\\/kucukcekmecede-motosikletli-iki-kisi-evi-kursunladi\\\/\"},\"wordCount\":171,\"commentCount\":0,\"publisher\":{\"@id\":\"https:\\\/\\\/memurunsesi.net\\\/#organization\"},\"image\":{\"@id\":\"https:\\\/\\\/memurunsesi.net\\\/index.php\\\/2025\\\/04\\\/13\\\/kucukcekmecede-motosikletli-iki-kisi-evi-kursunladi\\\/#primaryimage\"},\"thumbnailUrl\":\"https:\\\/\\\/memurunsesi.net\\\/wp-content\\\/uploads\\\/2025\\\/04\\\/AW431510_03-scaled.jpg\",\"inLanguage\":\"tr\",\"potentialAction\":[{\"@type\":\"CommentAction\",\"name\":\"Comment\",\"target\":[\"https:\\\/\\\/memurunsesi.net\\\/index.php\\\/2025\\\/04\\\/13\\\/kucukcekmecede-motosikletli-iki-kisi-evi-kursunladi\\\/#respond\"]}]},{\"@type\":\"WebPage\",\"@id\":\"https:\\\/\\\/memurunsesi.net\\\/index.php\\\/2025\\\/04\\\/13\\\/kucukcekmecede-motosikletli-iki-kisi-evi-kursunladi\\\/\",\"url\":\"https:\\\/\\\/memurunsesi.net\\\/index.php\\\/2025\\\/04\\\/13\\\/kucukcekmecede-motosikletli-iki-kisi-evi-kursunladi\\\/\",\"name\":\"K\u00fc\u00e7\u00fck\u00e7ekmece\u2019de motosikletli iki ki\u015fi evi kur\u015funlad\u0131 - Memurun Sesi\",\"isPartOf\":{\"@id\":\"https:\\\/\\\/memurunsesi.net\\\/#website\"},\"primaryImageOfPage\":{\"@id\":\"https:\\\/\\\/memurunsesi.net\\\/index.php\\\/2025\\\/04\\\/13\\\/kucukcekmecede-motosikletli-iki-kisi-evi-kursunladi\\\/#primaryimage\"},\"image\":{\"@id\":\"https:\\\/\\\/memurunsesi.net\\\/index.php\\\/2025\\\/04\\\/13\\\/kucukcekmecede-motosikletli-iki-kisi-evi-kursunladi\\\/#primaryimage\"},\"thumbnailUrl\":\"https:\\\/\\\/memurunsesi.net\\\/wp-content\\\/uploads\\\/2025\\\/04\\\/AW431510_03-scaled.jpg\",\"datePublished\":\"2025-04-13T06:10:07+00:00\",\"breadcrumb\":{\"@id\":\"https:\\\/\\\/memurunsesi.net\\\/index.php\\\/2025\\\/04\\\/13\\\/kucukcekmecede-motosikletli-iki-kisi-evi-kursunladi\\\/#breadcrumb\"},\"inLanguage\":\"tr\",\"potentialAction\":[{\"@type\":\"ReadAction\",\"target\":[\"https:\\\/\\\/memurunsesi.net\\\/index.php\\\/2025\\\/04\\\/13\\\/kucukcekmecede-motosikletli-iki-kisi-evi-kursunladi\\\/\"]}]},{\"@type\":\"ImageObject\",\"inLanguage\":\"tr\",\"@id\":\"https:\\\/\\\/memurunsesi.net\\\/index.php\\\/2025\\\/04\\\/13\\\/kucukcekmecede-motosikletli-iki-kisi-evi-kursunladi\\\/#primaryimage\",\"url\":\"https:\\\/\\\/memurunsesi.net\\\/wp-content\\\/uploads\\\/2025\\\/04\\\/AW431510_03-scaled.jpg\",\"contentUrl\":\"https:\\\/\\\/memurunsesi.net\\\/wp-content\\\/uploads\\\/2025\\\/04\\\/AW431510_03-scaled.jpg\",\"width\":2560,\"height\":1441,\"caption\":\"ATE\u015e ED\u0130LEN YER (EN\u0130S DERD\u0130MENTO\u011eLU\\\/\u0130STANBUL-\u0130HA) K\u00fc\u00e7\u00fck\u00e7ekmece'de plakas\u0131z motosikletle gelen kar maskeli iki \u015fah\u0131s, bir evi kur\u015funlay\u0131p olay yerinden ka\u00e7t\u0131. Olayda \u00f6len ya da yaralanan kimse olmazken polis ekipleri sald\u0131rganlar\u0131 yakalamak i\u00e7in \u00e7al\u0131\u015fma ba\u015flatt\u0131.\"},{\"@type\":\"BreadcrumbList\",\"@id\":\"https:\\\/\\\/memurunsesi.net\\\/index.php\\\/2025\\\/04\\\/13\\\/kucukcekmecede-motosikletli-iki-kisi-evi-kursunladi\\\/#breadcrumb\",\"itemListElement\":[{\"@type\":\"ListItem\",\"position\":1,\"name\":\"Anasayfa\",\"item\":\"https:\\\/\\\/memurunsesi.net\\\/\"},{\"@type\":\"ListItem\",\"position\":2,\"name\":\"K\u00fc\u00e7\u00fck\u00e7ekmece\u2019de motosikletli iki ki\u015fi evi kur\u015funlad\u0131\"}]},{\"@type\":\"WebSite\",\"@id\":\"https:\\\/\\\/memurunsesi.net\\\/#website\",\"url\":\"https:\\\/\\\/memurunsesi.net\\\/\",\"name\":\"Memurun Sesi\",\"description\":\"G\u00fcncel ve Do\u011fru Haber\",\"publisher\":{\"@id\":\"https:\\\/\\\/memurunsesi.net\\\/#organization\"},\"potentialAction\":[{\"@type\":\"SearchAction\",\"target\":{\"@type\":\"EntryPoint\",\"urlTemplate\":\"https:\\\/\\\/memurunsesi.net\\\/?s={search_term_string}\"},\"query-input\":{\"@type\":\"PropertyValueSpecification\",\"valueRequired\":true,\"valueName\":\"search_term_string\"}}],\"inLanguage\":\"tr\"},{\"@type\":\"Organization\",\"@id\":\"https:\\\/\\\/memurunsesi.net\\\/#organization\",\"name\":\"Memurun Sesi\",\"url\":\"https:\\\/\\\/memurunsesi.net\\\/\",\"logo\":{\"@type\":\"ImageObject\",\"inLanguage\":\"tr\",\"@id\":\"https:\\\/\\\/memurunsesi.net\\\/#\\\/schema\\\/logo\\\/image\\\/\",\"url\":\"https:\\\/\\\/memurunsesi.net\\\/wp-content\\\/uploads\\\/2025\\\/11\\\/cropped-MEMURUN-SESI.png\",\"contentUrl\":\"https:\\\/\\\/memurunsesi.net\\\/wp-content\\\/uploads\\\/2025\\\/11\\\/cropped-MEMURUN-SESI.png\",\"width\":238,\"height\":57,\"caption\":\"Memurun Sesi\"},\"image\":{\"@id\":\"https:\\\/\\\/memurunsesi.net\\\/#\\\/schema\\\/logo\\\/image\\\/\"},\"sameAs\":[\"https:\\\/\\\/www.facebook.com\\\/unipersen\\\/?locale=tr_TR\",\"https:\\\/\\\/x.com\\\/unipersen\"]},{\"@type\":\"Person\",\"@id\":\"https:\\\/\\\/memurunsesi.net\\\/#\\\/schema\\\/person\\\/f21c2d73b89f6ee1d80b0a1803e38587\",\"name\":\"Memurun Sesi Haber Merkezi\",\"image\":{\"@type\":\"ImageObject\",\"inLanguage\":\"tr\",\"@id\":\"https:\\\/\\\/secure.gravatar.com\\\/avatar\\\/6cf0505f452ee753f485014986fab09a434671d2b919ee76fc541025c5876a70?s=96&d=mm&r=g\",\"url\":\"https:\\\/\\\/secure.gravatar.com\\\/avatar\\\/6cf0505f452ee753f485014986fab09a434671d2b919ee76fc541025c5876a70?s=96&d=mm&r=g\",\"contentUrl\":\"https:\\\/\\\/secure.gravatar.com\\\/avatar\\\/6cf0505f452ee753f485014986fab09a434671d2b919ee76fc541025c5876a70?s=96&d=mm&r=g\",\"caption\":\"Memurun Sesi Haber Merkezi\"},\"sameAs\":[\"https:\\\/\\\/memurunsesi.net\"],\"url\":\"https:\\\/\\\/memurunsesi.net\\\/index.php\\\/author\\\/uniper\\\/\"}]}<\/script>\n<!-- \/ Yoast SEO plugin. -->","yoast_head_json":{"title":"K\u00fc\u00e7\u00fck\u00e7ekmece\u2019de motosikletli iki ki\u015fi evi kur\u015funlad\u0131 - Memurun Sesi","robots":{"index":"index","follow":"follow","max-snippet":"max-snippet:-1","max-image-preview":"max-image-preview:large","max-video-preview":"max-video-preview:-1"},"canonical":"https:\/\/memurunsesi.net\/index.php\/2025\/04\/13\/kucukcekmecede-motosikletli-iki-kisi-evi-kursunladi\/","og_locale":"tr_TR","og_type":"article","og_title":"K\u00fc\u00e7\u00fck\u00e7ekmece\u2019de motosikletli iki ki\u015fi evi kur\u015funlad\u0131 - Memurun Sesi","og_description":"K\u00fc\u00e7\u00fck\u00e7ekmece\u2019de plakas\u0131z motosikletle gelen kar maskeli iki \u015fah\u0131s, bir evi kur\u015funlay\u0131p olay yerinden ka\u00e7t\u0131. Olayda \u00f6len ya da yaralanan kimse olmazken polis ekipleri sald\u0131rganlar\u0131 yakalamak i\u00e7in \u00e7al\u0131\u015fma ba\u015flatt\u0131. Olay, 00.30 s\u0131ralar\u0131nda K\u00fc\u00e7\u00fck\u00e7ekmece Atat\u00fcrk Mahallesi Mercan Sokak\u2019ta meydana geldi. Edinilen bilgiye g\u00f6re plakas\u0131z bir motosiklete binen kar maskeli iki ki\u015fi sokakta bulunan bir evi kur\u015funlad\u0131. Sald\u0131r\u0131n\u0131n [&hellip;]","og_url":"https:\/\/memurunsesi.net\/index.php\/2025\/04\/13\/kucukcekmecede-motosikletli-iki-kisi-evi-kursunladi\/","og_site_name":"Memurun Sesi","article_publisher":"https:\/\/www.facebook.com\/unipersen\/?locale=tr_TR","article_published_time":"2025-04-13T06:10:07+00:00","og_image":[{"width":2560,"height":1441,"url":"https:\/\/memurunsesi.net\/wp-content\/uploads\/2025\/04\/AW431510_03-scaled.jpg","type":"image\/jpeg"}],"author":"Memurun Sesi Haber Merkezi","twitter_card":"summary_large_image","twitter_creator":"@unipersen","twitter_site":"@unipersen","twitter_misc":{"Yazan:":"Memurun Sesi Haber Merkezi","Tahmini okuma s\u00fcresi":"1 dakika"},"schema":{"@context":"https:\/\/schema.org","@graph":[{"@type":"Article","@id":"https:\/\/memurunsesi.net\/index.php\/2025\/04\/13\/kucukcekmecede-motosikletli-iki-kisi-evi-kursunladi\/#article","isPartOf":{"@id":"https:\/\/memurunsesi.net\/index.php\/2025\/04\/13\/kucukcekmecede-motosikletli-iki-kisi-evi-kursunladi\/"},"author":{"name":"Memurun Sesi Haber Merkezi","@id":"https:\/\/memurunsesi.net\/#\/schema\/person\/f21c2d73b89f6ee1d80b0a1803e38587"},"headline":"K\u00fc\u00e7\u00fck\u00e7ekmece\u2019de motosikletli iki ki\u015fi evi kur\u015funlad\u0131","datePublished":"2025-04-13T06:10:07+00:00","mainEntityOfPage":{"@id":"https:\/\/memurunsesi.net\/index.php\/2025\/04\/13\/kucukcekmecede-motosikletli-iki-kisi-evi-kursunladi\/"},"wordCount":171,"commentCount":0,"publisher":{"@id":"https:\/\/memurunsesi.net\/#organization"},"image":{"@id":"https:\/\/memurunsesi.net\/index.php\/2025\/04\/13\/kucukcekmecede-motosikletli-iki-kisi-evi-kursunladi\/#primaryimage"},"thumbnailUrl":"https:\/\/memurunsesi.net\/wp-content\/uploads\/2025\/04\/AW431510_03-scaled.jpg","inLanguage":"tr","potentialAction":[{"@type":"CommentAction","name":"Comment","target":["https:\/\/memurunsesi.net\/index.php\/2025\/04\/13\/kucukcekmecede-motosikletli-iki-kisi-evi-kursunladi\/#respond"]}]},{"@type":"WebPage","@id":"https:\/\/memurunsesi.net\/index.php\/2025\/04\/13\/kucukcekmecede-motosikletli-iki-kisi-evi-kursunladi\/","url":"https:\/\/memurunsesi.net\/index.php\/2025\/04\/13\/kucukcekmecede-motosikletli-iki-kisi-evi-kursunladi\/","name":"K\u00fc\u00e7\u00fck\u00e7ekmece\u2019de motosikletli iki ki\u015fi evi kur\u015funlad\u0131 - Memurun Sesi","isPartOf":{"@id":"https:\/\/memurunsesi.net\/#website"},"primaryImageOfPage":{"@id":"https:\/\/memurunsesi.net\/index.php\/2025\/04\/13\/kucukcekmecede-motosikletli-iki-kisi-evi-kursunladi\/#primaryimage"},"image":{"@id":"https:\/\/memurunsesi.net\/index.php\/2025\/04\/13\/kucukcekmecede-motosikletli-iki-kisi-evi-kursunladi\/#primaryimage"},"thumbnailUrl":"https:\/\/memurunsesi.net\/wp-content\/uploads\/2025\/04\/AW431510_03-scaled.jpg","datePublished":"2025-04-13T06:10:07+00:00","breadcrumb":{"@id":"https:\/\/memurunsesi.net\/index.php\/2025\/04\/13\/kucukcekmecede-motosikletli-iki-kisi-evi-kursunladi\/#breadcrumb"},"inLanguage":"tr","potentialAction":[{"@type":"ReadAction","target":["https:\/\/memurunsesi.net\/index.php\/2025\/04\/13\/kucukcekmecede-motosikletli-iki-kisi-evi-kursunladi\/"]}]},{"@type":"ImageObject","inLanguage":"tr","@id":"https:\/\/memurunsesi.net\/index.php\/2025\/04\/13\/kucukcekmecede-motosikletli-iki-kisi-evi-kursunladi\/#primaryimage","url":"https:\/\/memurunsesi.net\/wp-content\/uploads\/2025\/04\/AW431510_03-scaled.jpg","contentUrl":"https:\/\/memurunsesi.net\/wp-content\/uploads\/2025\/04\/AW431510_03-scaled.jpg","width":2560,"height":1441,"caption":"ATE\u015e ED\u0130LEN YER (EN\u0130S DERD\u0130MENTO\u011eLU\/\u0130STANBUL-\u0130HA) K\u00fc\u00e7\u00fck\u00e7ekmece'de plakas\u0131z motosikletle gelen kar maskeli iki \u015fah\u0131s, bir evi kur\u015funlay\u0131p olay yerinden ka\u00e7t\u0131. Olayda \u00f6len ya da yaralanan kimse olmazken polis ekipleri sald\u0131rganlar\u0131 yakalamak i\u00e7in \u00e7al\u0131\u015fma ba\u015flatt\u0131."},{"@type":"BreadcrumbList","@id":"https:\/\/memurunsesi.net\/index.php\/2025\/04\/13\/kucukcekmecede-motosikletli-iki-kisi-evi-kursunladi\/#breadcrumb","itemListElement":[{"@type":"ListItem","position":1,"name":"Anasayfa","item":"https:\/\/memurunsesi.net\/"},{"@type":"ListItem","position":2,"name":"K\u00fc\u00e7\u00fck\u00e7ekmece\u2019de motosikletli iki ki\u015fi evi kur\u015funlad\u0131"}]},{"@type":"WebSite","@id":"https:\/\/memurunsesi.net\/#website","url":"https:\/\/memurunsesi.net\/","name":"Memurun Sesi","description":"G\u00fcncel ve Do\u011fru Haber","publisher":{"@id":"https:\/\/memurunsesi.net\/#organization"},"potentialAction":[{"@type":"SearchAction","target":{"@type":"EntryPoint","urlTemplate":"https:\/\/memurunsesi.net\/?s={search_term_string}"},"query-input":{"@type":"PropertyValueSpecification","valueRequired":true,"valueName":"search_term_string"}}],"inLanguage":"tr"},{"@type":"Organization","@id":"https:\/\/memurunsesi.net\/#organization","name":"Memurun Sesi","url":"https:\/\/memurunsesi.net\/","logo":{"@type":"ImageObject","inLanguage":"tr","@id":"https:\/\/memurunsesi.net\/#\/schema\/logo\/image\/","url":"https:\/\/memurunsesi.net\/wp-content\/uploads\/2025\/11\/cropped-MEMURUN-SESI.png","contentUrl":"https:\/\/memurunsesi.net\/wp-content\/uploads\/2025\/11\/cropped-MEMURUN-SESI.png","width":238,"height":57,"caption":"Memurun Sesi"},"image":{"@id":"https:\/\/memurunsesi.net\/#\/schema\/logo\/image\/"},"sameAs":["https:\/\/www.facebook.com\/unipersen\/?locale=tr_TR","https:\/\/x.com\/unipersen"]},{"@type":"Person","@id":"https:\/\/memurunsesi.net\/#\/schema\/person\/f21c2d73b89f6ee1d80b0a1803e38587","name":"Memurun Sesi Haber Merkezi","image":{"@type":"ImageObject","inLanguage":"tr","@id":"https:\/\/secure.gravatar.com\/avatar\/6cf0505f452ee753f485014986fab09a434671d2b919ee76fc541025c5876a70?s=96&d=mm&r=g","url":"https:\/\/secure.gravatar.com\/avatar\/6cf0505f452ee753f485014986fab09a434671d2b919ee76fc541025c5876a70?s=96&d=mm&r=g","contentUrl":"https:\/\/secure.gravatar.com\/avatar\/6cf0505f452ee753f485014986fab09a434671d2b919ee76fc541025c5876a70?s=96&d=mm&r=g","caption":"Memurun Sesi Haber Merkezi"},"sameAs":["https:\/\/memurunsesi.net"],"url":"https:\/\/memurunsesi.net\/index.php\/author\/uniper\/"}]}},"_links":{"self":[{"href":"https:\/\/memurunsesi.net\/index.php\/wp-json\/wp\/v2\/posts\/5230","targetHints":{"allow":["GET"]}}],"collection":[{"href":"https:\/\/memurunsesi.net\/index.php\/wp-json\/wp\/v2\/posts"}],"about":[{"href":"https:\/\/memurunsesi.net\/index.php\/wp-json\/wp\/v2\/types\/post"}],"author":[{"embeddable":true,"href":"https:\/\/memurunsesi.net\/index.php\/wp-json\/wp\/v2\/users\/1"}],"replies":[{"embeddable":true,"href":"https:\/\/memurunsesi.net\/index.php\/wp-json\/wp\/v2\/comments?post=5230"}],"version-history":[{"count":1,"href":"https:\/\/memurunsesi.net\/index.php\/wp-json\/wp\/v2\/posts\/5230\/revisions"}],"predecessor-version":[{"id":5232,"href":"https:\/\/memurunsesi.net\/index.php\/wp-json\/wp\/v2\/posts\/5230\/revisions\/5232"}],"wp:featuredmedia":[{"embeddable":true,"href":"https:\/\/memurunsesi.net\/index.php\/wp-json\/wp\/v2\/media\/5231"}],"wp:attachment":[{"href":"https:\/\/memurunsesi.net\/index.php\/wp-json\/wp\/v2\/media?parent=5230"}],"wp:term":[{"taxonomy":"category","embeddable":true,"href":"https:\/\/memurunsesi.net\/index.php\/wp-json\/wp\/v2\/categories?post=5230"},{"taxonomy":"post_tag","embeddable":true,"href":"https:\/\/memurunsesi.net\/index.php\/wp-json\/wp\/v2\/tags?post=5230"}],"curies":[{"name":"wp","href":"https:\/\/api.w.org\/{rel}","templated":true}]}}