{"id":5233,"date":"2025-04-13T09:12:58","date_gmt":"2025-04-13T06:12:58","guid":{"rendered":"https:\/\/memurunsesi.net\/?p=5233"},"modified":"2025-04-13T09:12:58","modified_gmt":"2025-04-13T06:12:58","slug":"manisada-havadan-destekli-trafik-denetimi","status":"publish","type":"post","link":"https:\/\/memurunsesi.net\/index.php\/2025\/04\/13\/manisada-havadan-destekli-trafik-denetimi\/","title":{"rendered":"Manisa&#8217;da havadan destekli trafik denetimi"},"content":{"rendered":"<p>Manisa&#8217;n\u0131n Akhisar il\u00e7esinde jandarma ekipleri taraf\u0131ndan dron destekli yap\u0131lan trafik denetiminde 18 ara\u00e7 ve s\u00fcr\u00fcc\u00fcs\u00fcne idari para cezas\u0131 uyguland\u0131.<br \/>\nAkhisar \u0130l\u00e7e Jandarma Komutanl\u0131\u011f\u0131 taraf\u0131ndan, Akhisar Dingiller yolunda dron destekli asayi\u015f ve trafik timleri taraf\u0131ndan ortak trafik uygulamas\u0131 yap\u0131ld\u0131.<br \/>\nDenetimde; Karayollar\u0131 Trafik Kanunu kapsam\u0131nda 18 ara\u00e7 s\u00fcr\u00fcc\u00fcs\u00fcne idari para cezas\u0131 uygulan\u0131rken, 5 ara\u00e7 trafikten men edildi. Denetimde ayr\u0131ca 1 s\u00fcr\u00fcc\u00fcn\u00fcn s\u00fcr\u00fcc\u00fc belgesinin 2 ay s\u00fcre ile ge\u00e7ici olarak geri al\u0131nd\u0131\u011f\u0131 bildirildi.<\/p>\n<p>13.04.2025<\/p>\n","protected":false},"excerpt":{"rendered":"<p>Manisa&#8217;n\u0131n Akhisar il\u00e7esinde jandarma ekipleri taraf\u0131ndan dron destekli yap\u0131lan trafik denetiminde 18 ara\u00e7 ve s\u00fcr\u00fcc\u00fcs\u00fcne idari para cezas\u0131 uyguland\u0131. Akhisar \u0130l\u00e7e Jandarma Komutanl\u0131\u011f\u0131 taraf\u0131ndan, Akhisar Dingiller yolunda dron destekli asayi\u015f ve trafik timleri taraf\u0131ndan ortak trafik uygulamas\u0131 yap\u0131ld\u0131. Denetimde; Karayollar\u0131 Trafik Kanunu kapsam\u0131nda 18 ara\u00e7 s\u00fcr\u00fcc\u00fcs\u00fcne idari para cezas\u0131 uygulan\u0131rken, 5 ara\u00e7 trafikten men edildi. [&hellip;]<\/p>\n","protected":false},"author":1,"featured_media":5234,"comment_status":"open","ping_status":"open","sticky":false,"template":"","format":"standard","meta":{"footnotes":""},"categories":[45],"tags":[],"class_list":["post-5233","post","type-post","status-publish","format-standard","has-post-thumbnail","hentry","category-gundem"],"yoast_head":"<!-- This site is optimized with the Yoast SEO plugin v27.4 - https:\/\/yoast.com\/product\/yoast-seo-wordpress\/ -->\n<title>Manisa&#039;da havadan destekli trafik denetimi - Memurun Sesi<\/title>\n<meta name=\"robots\" content=\"index, follow, max-snippet:-1, max-image-preview:large, max-video-preview:-1\" \/>\n<link rel=\"canonical\" href=\"https:\/\/memurunsesi.net\/index.php\/2025\/04\/13\/manisada-havadan-destekli-trafik-denetimi\/\" \/>\n<meta property=\"og:locale\" content=\"tr_TR\" \/>\n<meta property=\"og:type\" content=\"article\" \/>\n<meta property=\"og:title\" content=\"Manisa&#039;da havadan destekli trafik denetimi - Memurun Sesi\" \/>\n<meta property=\"og:description\" content=\"Manisa&#8217;n\u0131n Akhisar il\u00e7esinde jandarma ekipleri taraf\u0131ndan dron destekli yap\u0131lan trafik denetiminde 18 ara\u00e7 ve s\u00fcr\u00fcc\u00fcs\u00fcne idari para cezas\u0131 uyguland\u0131. Akhisar \u0130l\u00e7e Jandarma Komutanl\u0131\u011f\u0131 taraf\u0131ndan, Akhisar Dingiller yolunda dron destekli asayi\u015f ve trafik timleri taraf\u0131ndan ortak trafik uygulamas\u0131 yap\u0131ld\u0131. Denetimde; Karayollar\u0131 Trafik Kanunu kapsam\u0131nda 18 ara\u00e7 s\u00fcr\u00fcc\u00fcs\u00fcne idari para cezas\u0131 uygulan\u0131rken, 5 ara\u00e7 trafikten men edildi. [&hellip;]\" \/>\n<meta property=\"og:url\" content=\"https:\/\/memurunsesi.net\/index.php\/2025\/04\/13\/manisada-havadan-destekli-trafik-denetimi\/\" \/>\n<meta property=\"og:site_name\" content=\"Memurun Sesi\" \/>\n<meta property=\"article:publisher\" content=\"https:\/\/www.facebook.com\/unipersen\/?locale=tr_TR\" \/>\n<meta property=\"article:published_time\" content=\"2025-04-13T06:12:58+00:00\" \/>\n<meta property=\"og:image\" content=\"https:\/\/memurunsesi.net\/wp-content\/uploads\/2025\/04\/AW431520_02.jpg\" \/>\n\t<meta property=\"og:image:width\" content=\"480\" \/>\n\t<meta property=\"og:image:height\" content=\"272\" \/>\n\t<meta property=\"og:image:type\" content=\"image\/jpeg\" \/>\n<meta name=\"author\" content=\"Memurun Sesi Haber Merkezi\" \/>\n<meta name=\"twitter:card\" content=\"summary_large_image\" \/>\n<meta name=\"twitter:creator\" content=\"@unipersen\" \/>\n<meta name=\"twitter:site\" content=\"@unipersen\" \/>\n<meta name=\"twitter:label1\" content=\"Yazan:\" \/>\n\t<meta name=\"twitter:data1\" content=\"Memurun Sesi Haber Merkezi\" \/>\n<script type=\"application\/ld+json\" class=\"yoast-schema-graph\">{\"@context\":\"https:\\\/\\\/schema.org\",\"@graph\":[{\"@type\":\"Article\",\"@id\":\"https:\\\/\\\/memurunsesi.net\\\/index.php\\\/2025\\\/04\\\/13\\\/manisada-havadan-destekli-trafik-denetimi\\\/#article\",\"isPartOf\":{\"@id\":\"https:\\\/\\\/memurunsesi.net\\\/index.php\\\/2025\\\/04\\\/13\\\/manisada-havadan-destekli-trafik-denetimi\\\/\"},\"author\":{\"name\":\"Memurun Sesi Haber Merkezi\",\"@id\":\"https:\\\/\\\/memurunsesi.net\\\/#\\\/schema\\\/person\\\/f21c2d73b89f6ee1d80b0a1803e38587\"},\"headline\":\"Manisa&#8217;da havadan destekli trafik denetimi\",\"datePublished\":\"2025-04-13T06:12:58+00:00\",\"mainEntityOfPage\":{\"@id\":\"https:\\\/\\\/memurunsesi.net\\\/index.php\\\/2025\\\/04\\\/13\\\/manisada-havadan-destekli-trafik-denetimi\\\/\"},\"wordCount\":100,\"commentCount\":0,\"publisher\":{\"@id\":\"https:\\\/\\\/memurunsesi.net\\\/#organization\"},\"image\":{\"@id\":\"https:\\\/\\\/memurunsesi.net\\\/index.php\\\/2025\\\/04\\\/13\\\/manisada-havadan-destekli-trafik-denetimi\\\/#primaryimage\"},\"thumbnailUrl\":\"https:\\\/\\\/memurunsesi.net\\\/wp-content\\\/uploads\\\/2025\\\/04\\\/AW431520_02.jpg\",\"articleSection\":[\"G\u00fcndem\"],\"inLanguage\":\"tr\",\"potentialAction\":[{\"@type\":\"CommentAction\",\"name\":\"Comment\",\"target\":[\"https:\\\/\\\/memurunsesi.net\\\/index.php\\\/2025\\\/04\\\/13\\\/manisada-havadan-destekli-trafik-denetimi\\\/#respond\"]}]},{\"@type\":\"WebPage\",\"@id\":\"https:\\\/\\\/memurunsesi.net\\\/index.php\\\/2025\\\/04\\\/13\\\/manisada-havadan-destekli-trafik-denetimi\\\/\",\"url\":\"https:\\\/\\\/memurunsesi.net\\\/index.php\\\/2025\\\/04\\\/13\\\/manisada-havadan-destekli-trafik-denetimi\\\/\",\"name\":\"Manisa'da havadan destekli trafik denetimi - Memurun Sesi\",\"isPartOf\":{\"@id\":\"https:\\\/\\\/memurunsesi.net\\\/#website\"},\"primaryImageOfPage\":{\"@id\":\"https:\\\/\\\/memurunsesi.net\\\/index.php\\\/2025\\\/04\\\/13\\\/manisada-havadan-destekli-trafik-denetimi\\\/#primaryimage\"},\"image\":{\"@id\":\"https:\\\/\\\/memurunsesi.net\\\/index.php\\\/2025\\\/04\\\/13\\\/manisada-havadan-destekli-trafik-denetimi\\\/#primaryimage\"},\"thumbnailUrl\":\"https:\\\/\\\/memurunsesi.net\\\/wp-content\\\/uploads\\\/2025\\\/04\\\/AW431520_02.jpg\",\"datePublished\":\"2025-04-13T06:12:58+00:00\",\"breadcrumb\":{\"@id\":\"https:\\\/\\\/memurunsesi.net\\\/index.php\\\/2025\\\/04\\\/13\\\/manisada-havadan-destekli-trafik-denetimi\\\/#breadcrumb\"},\"inLanguage\":\"tr\",\"potentialAction\":[{\"@type\":\"ReadAction\",\"target\":[\"https:\\\/\\\/memurunsesi.net\\\/index.php\\\/2025\\\/04\\\/13\\\/manisada-havadan-destekli-trafik-denetimi\\\/\"]}]},{\"@type\":\"ImageObject\",\"inLanguage\":\"tr\",\"@id\":\"https:\\\/\\\/memurunsesi.net\\\/index.php\\\/2025\\\/04\\\/13\\\/manisada-havadan-destekli-trafik-denetimi\\\/#primaryimage\",\"url\":\"https:\\\/\\\/memurunsesi.net\\\/wp-content\\\/uploads\\\/2025\\\/04\\\/AW431520_02.jpg\",\"contentUrl\":\"https:\\\/\\\/memurunsesi.net\\\/wp-content\\\/uploads\\\/2025\\\/04\\\/AW431520_02.jpg\",\"width\":480,\"height\":272,\"caption\":\"MAN\u0130SA'NIN AKH\u0130SAR \u0130L\u00c7ES\u0130NDE JANDARMA EK\u0130PLER\u0130 TARAFINDAN DRON DESTEKL\u0130 YAPILAN TRAF\u0130K DENET\u0130M\u0130NDE 18 ARA\u00c7 VE S\u00dcR\u00dcC\u00dcS\u00dcNE \u0130DAR\u0130 PARA CEZASI UYGULANDI. (BARI\u015e GEZ\u0130C\u0130\\\/MAN\u0130SA-\u0130HA) Manisa'n\u0131n Akhisar il\u00e7esinde jandarma ekipleri taraf\u0131ndan dron destekli yap\u0131lan trafik denetiminde 18 ara\u00e7 ve s\u00fcr\u00fcc\u00fcs\u00fcne idari para cezas\u0131 uyguland\u0131.\"},{\"@type\":\"BreadcrumbList\",\"@id\":\"https:\\\/\\\/memurunsesi.net\\\/index.php\\\/2025\\\/04\\\/13\\\/manisada-havadan-destekli-trafik-denetimi\\\/#breadcrumb\",\"itemListElement\":[{\"@type\":\"ListItem\",\"position\":1,\"name\":\"Anasayfa\",\"item\":\"https:\\\/\\\/memurunsesi.net\\\/\"},{\"@type\":\"ListItem\",\"position\":2,\"name\":\"Manisa&#8217;da havadan destekli trafik denetimi\"}]},{\"@type\":\"WebSite\",\"@id\":\"https:\\\/\\\/memurunsesi.net\\\/#website\",\"url\":\"https:\\\/\\\/memurunsesi.net\\\/\",\"name\":\"Memurun Sesi\",\"description\":\"G\u00fcncel ve Do\u011fru Haber\",\"publisher\":{\"@id\":\"https:\\\/\\\/memurunsesi.net\\\/#organization\"},\"potentialAction\":[{\"@type\":\"SearchAction\",\"target\":{\"@type\":\"EntryPoint\",\"urlTemplate\":\"https:\\\/\\\/memurunsesi.net\\\/?s={search_term_string}\"},\"query-input\":{\"@type\":\"PropertyValueSpecification\",\"valueRequired\":true,\"valueName\":\"search_term_string\"}}],\"inLanguage\":\"tr\"},{\"@type\":\"Organization\",\"@id\":\"https:\\\/\\\/memurunsesi.net\\\/#organization\",\"name\":\"Memurun Sesi\",\"url\":\"https:\\\/\\\/memurunsesi.net\\\/\",\"logo\":{\"@type\":\"ImageObject\",\"inLanguage\":\"tr\",\"@id\":\"https:\\\/\\\/memurunsesi.net\\\/#\\\/schema\\\/logo\\\/image\\\/\",\"url\":\"https:\\\/\\\/memurunsesi.net\\\/wp-content\\\/uploads\\\/2025\\\/11\\\/cropped-MEMURUN-SESI.png\",\"contentUrl\":\"https:\\\/\\\/memurunsesi.net\\\/wp-content\\\/uploads\\\/2025\\\/11\\\/cropped-MEMURUN-SESI.png\",\"width\":238,\"height\":57,\"caption\":\"Memurun Sesi\"},\"image\":{\"@id\":\"https:\\\/\\\/memurunsesi.net\\\/#\\\/schema\\\/logo\\\/image\\\/\"},\"sameAs\":[\"https:\\\/\\\/www.facebook.com\\\/unipersen\\\/?locale=tr_TR\",\"https:\\\/\\\/x.com\\\/unipersen\"]},{\"@type\":\"Person\",\"@id\":\"https:\\\/\\\/memurunsesi.net\\\/#\\\/schema\\\/person\\\/f21c2d73b89f6ee1d80b0a1803e38587\",\"name\":\"Memurun Sesi Haber Merkezi\",\"image\":{\"@type\":\"ImageObject\",\"inLanguage\":\"tr\",\"@id\":\"https:\\\/\\\/secure.gravatar.com\\\/avatar\\\/6cf0505f452ee753f485014986fab09a434671d2b919ee76fc541025c5876a70?s=96&d=mm&r=g\",\"url\":\"https:\\\/\\\/secure.gravatar.com\\\/avatar\\\/6cf0505f452ee753f485014986fab09a434671d2b919ee76fc541025c5876a70?s=96&d=mm&r=g\",\"contentUrl\":\"https:\\\/\\\/secure.gravatar.com\\\/avatar\\\/6cf0505f452ee753f485014986fab09a434671d2b919ee76fc541025c5876a70?s=96&d=mm&r=g\",\"caption\":\"Memurun Sesi Haber Merkezi\"},\"sameAs\":[\"https:\\\/\\\/memurunsesi.net\"],\"url\":\"https:\\\/\\\/memurunsesi.net\\\/index.php\\\/author\\\/uniper\\\/\"}]}<\/script>\n<!-- \/ Yoast SEO plugin. -->","yoast_head_json":{"title":"Manisa'da havadan destekli trafik denetimi - Memurun Sesi","robots":{"index":"index","follow":"follow","max-snippet":"max-snippet:-1","max-image-preview":"max-image-preview:large","max-video-preview":"max-video-preview:-1"},"canonical":"https:\/\/memurunsesi.net\/index.php\/2025\/04\/13\/manisada-havadan-destekli-trafik-denetimi\/","og_locale":"tr_TR","og_type":"article","og_title":"Manisa'da havadan destekli trafik denetimi - Memurun Sesi","og_description":"Manisa&#8217;n\u0131n Akhisar il\u00e7esinde jandarma ekipleri taraf\u0131ndan dron destekli yap\u0131lan trafik denetiminde 18 ara\u00e7 ve s\u00fcr\u00fcc\u00fcs\u00fcne idari para cezas\u0131 uyguland\u0131. Akhisar \u0130l\u00e7e Jandarma Komutanl\u0131\u011f\u0131 taraf\u0131ndan, Akhisar Dingiller yolunda dron destekli asayi\u015f ve trafik timleri taraf\u0131ndan ortak trafik uygulamas\u0131 yap\u0131ld\u0131. Denetimde; Karayollar\u0131 Trafik Kanunu kapsam\u0131nda 18 ara\u00e7 s\u00fcr\u00fcc\u00fcs\u00fcne idari para cezas\u0131 uygulan\u0131rken, 5 ara\u00e7 trafikten men edildi. [&hellip;]","og_url":"https:\/\/memurunsesi.net\/index.php\/2025\/04\/13\/manisada-havadan-destekli-trafik-denetimi\/","og_site_name":"Memurun Sesi","article_publisher":"https:\/\/www.facebook.com\/unipersen\/?locale=tr_TR","article_published_time":"2025-04-13T06:12:58+00:00","og_image":[{"width":480,"height":272,"url":"https:\/\/memurunsesi.net\/wp-content\/uploads\/2025\/04\/AW431520_02.jpg","type":"image\/jpeg"}],"author":"Memurun Sesi Haber Merkezi","twitter_card":"summary_large_image","twitter_creator":"@unipersen","twitter_site":"@unipersen","twitter_misc":{"Yazan:":"Memurun Sesi Haber Merkezi"},"schema":{"@context":"https:\/\/schema.org","@graph":[{"@type":"Article","@id":"https:\/\/memurunsesi.net\/index.php\/2025\/04\/13\/manisada-havadan-destekli-trafik-denetimi\/#article","isPartOf":{"@id":"https:\/\/memurunsesi.net\/index.php\/2025\/04\/13\/manisada-havadan-destekli-trafik-denetimi\/"},"author":{"name":"Memurun Sesi Haber Merkezi","@id":"https:\/\/memurunsesi.net\/#\/schema\/person\/f21c2d73b89f6ee1d80b0a1803e38587"},"headline":"Manisa&#8217;da havadan destekli trafik denetimi","datePublished":"2025-04-13T06:12:58+00:00","mainEntityOfPage":{"@id":"https:\/\/memurunsesi.net\/index.php\/2025\/04\/13\/manisada-havadan-destekli-trafik-denetimi\/"},"wordCount":100,"commentCount":0,"publisher":{"@id":"https:\/\/memurunsesi.net\/#organization"},"image":{"@id":"https:\/\/memurunsesi.net\/index.php\/2025\/04\/13\/manisada-havadan-destekli-trafik-denetimi\/#primaryimage"},"thumbnailUrl":"https:\/\/memurunsesi.net\/wp-content\/uploads\/2025\/04\/AW431520_02.jpg","articleSection":["G\u00fcndem"],"inLanguage":"tr","potentialAction":[{"@type":"CommentAction","name":"Comment","target":["https:\/\/memurunsesi.net\/index.php\/2025\/04\/13\/manisada-havadan-destekli-trafik-denetimi\/#respond"]}]},{"@type":"WebPage","@id":"https:\/\/memurunsesi.net\/index.php\/2025\/04\/13\/manisada-havadan-destekli-trafik-denetimi\/","url":"https:\/\/memurunsesi.net\/index.php\/2025\/04\/13\/manisada-havadan-destekli-trafik-denetimi\/","name":"Manisa'da havadan destekli trafik denetimi - Memurun Sesi","isPartOf":{"@id":"https:\/\/memurunsesi.net\/#website"},"primaryImageOfPage":{"@id":"https:\/\/memurunsesi.net\/index.php\/2025\/04\/13\/manisada-havadan-destekli-trafik-denetimi\/#primaryimage"},"image":{"@id":"https:\/\/memurunsesi.net\/index.php\/2025\/04\/13\/manisada-havadan-destekli-trafik-denetimi\/#primaryimage"},"thumbnailUrl":"https:\/\/memurunsesi.net\/wp-content\/uploads\/2025\/04\/AW431520_02.jpg","datePublished":"2025-04-13T06:12:58+00:00","breadcrumb":{"@id":"https:\/\/memurunsesi.net\/index.php\/2025\/04\/13\/manisada-havadan-destekli-trafik-denetimi\/#breadcrumb"},"inLanguage":"tr","potentialAction":[{"@type":"ReadAction","target":["https:\/\/memurunsesi.net\/index.php\/2025\/04\/13\/manisada-havadan-destekli-trafik-denetimi\/"]}]},{"@type":"ImageObject","inLanguage":"tr","@id":"https:\/\/memurunsesi.net\/index.php\/2025\/04\/13\/manisada-havadan-destekli-trafik-denetimi\/#primaryimage","url":"https:\/\/memurunsesi.net\/wp-content\/uploads\/2025\/04\/AW431520_02.jpg","contentUrl":"https:\/\/memurunsesi.net\/wp-content\/uploads\/2025\/04\/AW431520_02.jpg","width":480,"height":272,"caption":"MAN\u0130SA'NIN AKH\u0130SAR \u0130L\u00c7ES\u0130NDE JANDARMA EK\u0130PLER\u0130 TARAFINDAN DRON DESTEKL\u0130 YAPILAN TRAF\u0130K DENET\u0130M\u0130NDE 18 ARA\u00c7 VE S\u00dcR\u00dcC\u00dcS\u00dcNE \u0130DAR\u0130 PARA CEZASI UYGULANDI. (BARI\u015e GEZ\u0130C\u0130\/MAN\u0130SA-\u0130HA) Manisa'n\u0131n Akhisar il\u00e7esinde jandarma ekipleri taraf\u0131ndan dron destekli yap\u0131lan trafik denetiminde 18 ara\u00e7 ve s\u00fcr\u00fcc\u00fcs\u00fcne idari para cezas\u0131 uyguland\u0131."},{"@type":"BreadcrumbList","@id":"https:\/\/memurunsesi.net\/index.php\/2025\/04\/13\/manisada-havadan-destekli-trafik-denetimi\/#breadcrumb","itemListElement":[{"@type":"ListItem","position":1,"name":"Anasayfa","item":"https:\/\/memurunsesi.net\/"},{"@type":"ListItem","position":2,"name":"Manisa&#8217;da havadan destekli trafik denetimi"}]},{"@type":"WebSite","@id":"https:\/\/memurunsesi.net\/#website","url":"https:\/\/memurunsesi.net\/","name":"Memurun Sesi","description":"G\u00fcncel ve Do\u011fru Haber","publisher":{"@id":"https:\/\/memurunsesi.net\/#organization"},"potentialAction":[{"@type":"SearchAction","target":{"@type":"EntryPoint","urlTemplate":"https:\/\/memurunsesi.net\/?s={search_term_string}"},"query-input":{"@type":"PropertyValueSpecification","valueRequired":true,"valueName":"search_term_string"}}],"inLanguage":"tr"},{"@type":"Organization","@id":"https:\/\/memurunsesi.net\/#organization","name":"Memurun Sesi","url":"https:\/\/memurunsesi.net\/","logo":{"@type":"ImageObject","inLanguage":"tr","@id":"https:\/\/memurunsesi.net\/#\/schema\/logo\/image\/","url":"https:\/\/memurunsesi.net\/wp-content\/uploads\/2025\/11\/cropped-MEMURUN-SESI.png","contentUrl":"https:\/\/memurunsesi.net\/wp-content\/uploads\/2025\/11\/cropped-MEMURUN-SESI.png","width":238,"height":57,"caption":"Memurun Sesi"},"image":{"@id":"https:\/\/memurunsesi.net\/#\/schema\/logo\/image\/"},"sameAs":["https:\/\/www.facebook.com\/unipersen\/?locale=tr_TR","https:\/\/x.com\/unipersen"]},{"@type":"Person","@id":"https:\/\/memurunsesi.net\/#\/schema\/person\/f21c2d73b89f6ee1d80b0a1803e38587","name":"Memurun Sesi Haber Merkezi","image":{"@type":"ImageObject","inLanguage":"tr","@id":"https:\/\/secure.gravatar.com\/avatar\/6cf0505f452ee753f485014986fab09a434671d2b919ee76fc541025c5876a70?s=96&d=mm&r=g","url":"https:\/\/secure.gravatar.com\/avatar\/6cf0505f452ee753f485014986fab09a434671d2b919ee76fc541025c5876a70?s=96&d=mm&r=g","contentUrl":"https:\/\/secure.gravatar.com\/avatar\/6cf0505f452ee753f485014986fab09a434671d2b919ee76fc541025c5876a70?s=96&d=mm&r=g","caption":"Memurun Sesi Haber Merkezi"},"sameAs":["https:\/\/memurunsesi.net"],"url":"https:\/\/memurunsesi.net\/index.php\/author\/uniper\/"}]}},"_links":{"self":[{"href":"https:\/\/memurunsesi.net\/index.php\/wp-json\/wp\/v2\/posts\/5233","targetHints":{"allow":["GET"]}}],"collection":[{"href":"https:\/\/memurunsesi.net\/index.php\/wp-json\/wp\/v2\/posts"}],"about":[{"href":"https:\/\/memurunsesi.net\/index.php\/wp-json\/wp\/v2\/types\/post"}],"author":[{"embeddable":true,"href":"https:\/\/memurunsesi.net\/index.php\/wp-json\/wp\/v2\/users\/1"}],"replies":[{"embeddable":true,"href":"https:\/\/memurunsesi.net\/index.php\/wp-json\/wp\/v2\/comments?post=5233"}],"version-history":[{"count":1,"href":"https:\/\/memurunsesi.net\/index.php\/wp-json\/wp\/v2\/posts\/5233\/revisions"}],"predecessor-version":[{"id":5235,"href":"https:\/\/memurunsesi.net\/index.php\/wp-json\/wp\/v2\/posts\/5233\/revisions\/5235"}],"wp:featuredmedia":[{"embeddable":true,"href":"https:\/\/memurunsesi.net\/index.php\/wp-json\/wp\/v2\/media\/5234"}],"wp:attachment":[{"href":"https:\/\/memurunsesi.net\/index.php\/wp-json\/wp\/v2\/media?parent=5233"}],"wp:term":[{"taxonomy":"category","embeddable":true,"href":"https:\/\/memurunsesi.net\/index.php\/wp-json\/wp\/v2\/categories?post=5233"},{"taxonomy":"post_tag","embeddable":true,"href":"https:\/\/memurunsesi.net\/index.php\/wp-json\/wp\/v2\/tags?post=5233"}],"curies":[{"name":"wp","href":"https:\/\/api.w.org\/{rel}","templated":true}]}}