{"id":5236,"date":"2025-04-13T09:14:17","date_gmt":"2025-04-13T06:14:17","guid":{"rendered":"https:\/\/memurunsesi.net\/?p=5236"},"modified":"2025-04-13T09:14:17","modified_gmt":"2025-04-13T06:14:17","slug":"badmintonda-manisayi-temsil-edecekler","status":"publish","type":"post","link":"https:\/\/memurunsesi.net\/index.php\/2025\/04\/13\/badmintonda-manisayi-temsil-edecekler\/","title":{"rendered":"Badmintonda Manisa&#8217;y\u0131 temsil edecekler"},"content":{"rendered":"<p>Manisa\u2019da 11 Ya\u015f Alt\u0131 Badminton \u0130l Birincili\u011fi m\u00fcsabakalar\u0131 tamamland\u0131<\/p>\n<p>Manisa Gen\u00e7lik ve Spor \u0130l M\u00fcd\u00fcrl\u00fc\u011f\u00fc ile Badminton \u0130l Temsilcili\u011fi taraf\u0131ndan organize edilen 11 Ya\u015f Alt\u0131 Badminton \u0130l Birincili\u011fi m\u00fcsabakalar\u0131, b\u00fcy\u00fck bir heyecanla tamamland\u0131.<br \/>\nAtat\u00fcrk Olimpik Spor Kompleksi \u00c7ok Ama\u00e7l\u0131 Spor Salonu\u2019nda ger\u00e7ekle\u015ftirilen m\u00fcsabakalara, bir\u00e7ok kul\u00fcp ve sporcu kat\u0131l\u0131m sa\u011flad\u0131. Gelece\u011fin badminton y\u0131ld\u0131zlar\u0131n\u0131n sahne ald\u0131\u011f\u0131 m\u00fcsabakalarda, sporcular hem bireysel performanslar\u0131n\u0131 sergiledi hem de T\u00fcrkiye \u015eampiyonas\u0131 i\u00e7in kota m\u00fccadelesi verdi. 22-25 Nisan tarihlerinde Eski\u015fehir\u2019de d\u00fczenlenecek T\u00fcrkiye \u015eampiyonas\u0131\u2019nda Manisa\u2019y\u0131 temsil edecek sporcular\u0131 belirlemek amac\u0131yla d\u00fczenlenen turnuvada, gen\u00e7 yetenekler k\u0131yas\u0131ya rekabet etti. Hem sporcular hem de antren\u00f6rler, bu \u00f6nemli organizasyon \u00f6ncesinde en iyi sonucu almak i\u00e7in b\u00fcy\u00fck \u00e7aba g\u00f6sterdi.<br \/>\nM\u00fcsabakalar\u0131n en dikkat \u00e7eken tak\u0131mlar\u0131ndan biri olan Manisa \u0130l Gen\u00e7lik Spor Kul\u00fcb\u00fc, 5 farkl\u0131 kategoride 11 sporcusuyla final oynayarak toplamda 17 madalya kazanarak \u00f6nemli bir ba\u015far\u0131ya imza att\u0131. Kul\u00fcp sporcular\u0131, hem bireysel hem de \u00e7iftler kategorilerinde g\u00f6sterdikleri \u00fcst\u00fcn performansla dikkatleri \u00fczerine \u00e7ekti. Turnuvan\u0131n ard\u0131ndan dereceye giren sporculara madalya takdim edildi.<\/p>\n<p>13.04.2025<\/p>\n","protected":false},"excerpt":{"rendered":"<p>Manisa\u2019da 11 Ya\u015f Alt\u0131 Badminton \u0130l Birincili\u011fi m\u00fcsabakalar\u0131 tamamland\u0131 Manisa Gen\u00e7lik ve Spor \u0130l M\u00fcd\u00fcrl\u00fc\u011f\u00fc ile Badminton \u0130l Temsilcili\u011fi taraf\u0131ndan organize edilen 11 Ya\u015f Alt\u0131 Badminton \u0130l Birincili\u011fi m\u00fcsabakalar\u0131, b\u00fcy\u00fck bir heyecanla tamamland\u0131. Atat\u00fcrk Olimpik Spor Kompleksi \u00c7ok Ama\u00e7l\u0131 Spor Salonu\u2019nda ger\u00e7ekle\u015ftirilen m\u00fcsabakalara, bir\u00e7ok kul\u00fcp ve sporcu kat\u0131l\u0131m sa\u011flad\u0131. Gelece\u011fin badminton y\u0131ld\u0131zlar\u0131n\u0131n sahne ald\u0131\u011f\u0131 m\u00fcsabakalarda, [&hellip;]<\/p>\n","protected":false},"author":1,"featured_media":5237,"comment_status":"open","ping_status":"open","sticky":false,"template":"","format":"standard","meta":{"footnotes":""},"categories":[57],"tags":[],"class_list":["post-5236","post","type-post","status-publish","format-standard","has-post-thumbnail","hentry","category-spor"],"yoast_head":"<!-- This site is optimized with the Yoast SEO plugin v27.4 - https:\/\/yoast.com\/product\/yoast-seo-wordpress\/ -->\n<title>Badmintonda Manisa&#039;y\u0131 temsil edecekler - Memurun Sesi<\/title>\n<meta name=\"robots\" content=\"index, follow, max-snippet:-1, max-image-preview:large, max-video-preview:-1\" \/>\n<link rel=\"canonical\" href=\"https:\/\/memurunsesi.net\/index.php\/2025\/04\/13\/badmintonda-manisayi-temsil-edecekler\/\" \/>\n<meta property=\"og:locale\" content=\"tr_TR\" \/>\n<meta property=\"og:type\" content=\"article\" \/>\n<meta property=\"og:title\" content=\"Badmintonda Manisa&#039;y\u0131 temsil edecekler - Memurun Sesi\" \/>\n<meta property=\"og:description\" content=\"Manisa\u2019da 11 Ya\u015f Alt\u0131 Badminton \u0130l Birincili\u011fi m\u00fcsabakalar\u0131 tamamland\u0131 Manisa Gen\u00e7lik ve Spor \u0130l M\u00fcd\u00fcrl\u00fc\u011f\u00fc ile Badminton \u0130l Temsilcili\u011fi taraf\u0131ndan organize edilen 11 Ya\u015f Alt\u0131 Badminton \u0130l Birincili\u011fi m\u00fcsabakalar\u0131, b\u00fcy\u00fck bir heyecanla tamamland\u0131. Atat\u00fcrk Olimpik Spor Kompleksi \u00c7ok Ama\u00e7l\u0131 Spor Salonu\u2019nda ger\u00e7ekle\u015ftirilen m\u00fcsabakalara, bir\u00e7ok kul\u00fcp ve sporcu kat\u0131l\u0131m sa\u011flad\u0131. Gelece\u011fin badminton y\u0131ld\u0131zlar\u0131n\u0131n sahne ald\u0131\u011f\u0131 m\u00fcsabakalarda, [&hellip;]\" \/>\n<meta property=\"og:url\" content=\"https:\/\/memurunsesi.net\/index.php\/2025\/04\/13\/badmintonda-manisayi-temsil-edecekler\/\" \/>\n<meta property=\"og:site_name\" content=\"Memurun Sesi\" \/>\n<meta property=\"article:publisher\" content=\"https:\/\/www.facebook.com\/unipersen\/?locale=tr_TR\" \/>\n<meta property=\"article:published_time\" content=\"2025-04-13T06:14:17+00:00\" \/>\n<meta property=\"og:image\" content=\"https:\/\/memurunsesi.net\/wp-content\/uploads\/2025\/04\/AW431517_01.jpg\" \/>\n\t<meta property=\"og:image:width\" content=\"1600\" \/>\n\t<meta property=\"og:image:height\" content=\"1200\" \/>\n\t<meta property=\"og:image:type\" content=\"image\/jpeg\" \/>\n<meta name=\"author\" content=\"Memurun Sesi Haber Merkezi\" \/>\n<meta name=\"twitter:card\" content=\"summary_large_image\" \/>\n<meta name=\"twitter:creator\" content=\"@unipersen\" \/>\n<meta name=\"twitter:site\" content=\"@unipersen\" \/>\n<meta name=\"twitter:label1\" content=\"Yazan:\" \/>\n\t<meta name=\"twitter:data1\" content=\"Memurun Sesi Haber Merkezi\" \/>\n\t<meta name=\"twitter:label2\" content=\"Tahmini okuma s\u00fcresi\" \/>\n\t<meta name=\"twitter:data2\" content=\"1 dakika\" \/>\n<script type=\"application\/ld+json\" class=\"yoast-schema-graph\">{\"@context\":\"https:\\\/\\\/schema.org\",\"@graph\":[{\"@type\":\"Article\",\"@id\":\"https:\\\/\\\/memurunsesi.net\\\/index.php\\\/2025\\\/04\\\/13\\\/badmintonda-manisayi-temsil-edecekler\\\/#article\",\"isPartOf\":{\"@id\":\"https:\\\/\\\/memurunsesi.net\\\/index.php\\\/2025\\\/04\\\/13\\\/badmintonda-manisayi-temsil-edecekler\\\/\"},\"author\":{\"name\":\"Memurun Sesi Haber Merkezi\",\"@id\":\"https:\\\/\\\/memurunsesi.net\\\/#\\\/schema\\\/person\\\/f21c2d73b89f6ee1d80b0a1803e38587\"},\"headline\":\"Badmintonda Manisa&#8217;y\u0131 temsil edecekler\",\"datePublished\":\"2025-04-13T06:14:17+00:00\",\"mainEntityOfPage\":{\"@id\":\"https:\\\/\\\/memurunsesi.net\\\/index.php\\\/2025\\\/04\\\/13\\\/badmintonda-manisayi-temsil-edecekler\\\/\"},\"wordCount\":216,\"commentCount\":0,\"publisher\":{\"@id\":\"https:\\\/\\\/memurunsesi.net\\\/#organization\"},\"image\":{\"@id\":\"https:\\\/\\\/memurunsesi.net\\\/index.php\\\/2025\\\/04\\\/13\\\/badmintonda-manisayi-temsil-edecekler\\\/#primaryimage\"},\"thumbnailUrl\":\"https:\\\/\\\/memurunsesi.net\\\/wp-content\\\/uploads\\\/2025\\\/04\\\/AW431517_01.jpg\",\"articleSection\":[\"Spor\"],\"inLanguage\":\"tr\",\"potentialAction\":[{\"@type\":\"CommentAction\",\"name\":\"Comment\",\"target\":[\"https:\\\/\\\/memurunsesi.net\\\/index.php\\\/2025\\\/04\\\/13\\\/badmintonda-manisayi-temsil-edecekler\\\/#respond\"]}]},{\"@type\":\"WebPage\",\"@id\":\"https:\\\/\\\/memurunsesi.net\\\/index.php\\\/2025\\\/04\\\/13\\\/badmintonda-manisayi-temsil-edecekler\\\/\",\"url\":\"https:\\\/\\\/memurunsesi.net\\\/index.php\\\/2025\\\/04\\\/13\\\/badmintonda-manisayi-temsil-edecekler\\\/\",\"name\":\"Badmintonda Manisa'y\u0131 temsil edecekler - Memurun Sesi\",\"isPartOf\":{\"@id\":\"https:\\\/\\\/memurunsesi.net\\\/#website\"},\"primaryImageOfPage\":{\"@id\":\"https:\\\/\\\/memurunsesi.net\\\/index.php\\\/2025\\\/04\\\/13\\\/badmintonda-manisayi-temsil-edecekler\\\/#primaryimage\"},\"image\":{\"@id\":\"https:\\\/\\\/memurunsesi.net\\\/index.php\\\/2025\\\/04\\\/13\\\/badmintonda-manisayi-temsil-edecekler\\\/#primaryimage\"},\"thumbnailUrl\":\"https:\\\/\\\/memurunsesi.net\\\/wp-content\\\/uploads\\\/2025\\\/04\\\/AW431517_01.jpg\",\"datePublished\":\"2025-04-13T06:14:17+00:00\",\"breadcrumb\":{\"@id\":\"https:\\\/\\\/memurunsesi.net\\\/index.php\\\/2025\\\/04\\\/13\\\/badmintonda-manisayi-temsil-edecekler\\\/#breadcrumb\"},\"inLanguage\":\"tr\",\"potentialAction\":[{\"@type\":\"ReadAction\",\"target\":[\"https:\\\/\\\/memurunsesi.net\\\/index.php\\\/2025\\\/04\\\/13\\\/badmintonda-manisayi-temsil-edecekler\\\/\"]}]},{\"@type\":\"ImageObject\",\"inLanguage\":\"tr\",\"@id\":\"https:\\\/\\\/memurunsesi.net\\\/index.php\\\/2025\\\/04\\\/13\\\/badmintonda-manisayi-temsil-edecekler\\\/#primaryimage\",\"url\":\"https:\\\/\\\/memurunsesi.net\\\/wp-content\\\/uploads\\\/2025\\\/04\\\/AW431517_01.jpg\",\"contentUrl\":\"https:\\\/\\\/memurunsesi.net\\\/wp-content\\\/uploads\\\/2025\\\/04\\\/AW431517_01.jpg\",\"width\":1600,\"height\":1200,\"caption\":\"MAN\u0130SA GEN\u00c7L\u0130K VE SPOR \u0130L M\u00dcD\u00dcRL\u00dc\u011e\u00dc \u0130LE BADM\u0130NTON \u0130L TEMS\u0130LC\u0130L\u0130\u011e\u0130 TARAFINDAN ORGAN\u0130ZE ED\u0130LEN 11 YA\u015e ALTI BADM\u0130NTON \u0130L B\u0130R\u0130NC\u0130L\u0130\u011e\u0130 M\u00dcSABAKALARI, B\u00dcY\u00dcK B\u0130R HEYECANLA TAMAMLANDI. (\u0130HA\\\/MAN\u0130SA-\u0130HA) Manisa Gen\u00e7lik ve Spor \u0130l M\u00fcd\u00fcrl\u00fc\u011f\u00fc ile Badminton \u0130l Temsilcili\u011fi taraf\u0131ndan organize edilen 11 Ya\u015f Alt\u0131 Badminton \u0130l Birincili\u011fi m\u00fcsabakalar\u0131, b\u00fcy\u00fck bir heyecanla tamamland\u0131.\"},{\"@type\":\"BreadcrumbList\",\"@id\":\"https:\\\/\\\/memurunsesi.net\\\/index.php\\\/2025\\\/04\\\/13\\\/badmintonda-manisayi-temsil-edecekler\\\/#breadcrumb\",\"itemListElement\":[{\"@type\":\"ListItem\",\"position\":1,\"name\":\"Anasayfa\",\"item\":\"https:\\\/\\\/memurunsesi.net\\\/\"},{\"@type\":\"ListItem\",\"position\":2,\"name\":\"Badmintonda Manisa&#8217;y\u0131 temsil edecekler\"}]},{\"@type\":\"WebSite\",\"@id\":\"https:\\\/\\\/memurunsesi.net\\\/#website\",\"url\":\"https:\\\/\\\/memurunsesi.net\\\/\",\"name\":\"Memurun Sesi\",\"description\":\"G\u00fcncel ve Do\u011fru Haber\",\"publisher\":{\"@id\":\"https:\\\/\\\/memurunsesi.net\\\/#organization\"},\"potentialAction\":[{\"@type\":\"SearchAction\",\"target\":{\"@type\":\"EntryPoint\",\"urlTemplate\":\"https:\\\/\\\/memurunsesi.net\\\/?s={search_term_string}\"},\"query-input\":{\"@type\":\"PropertyValueSpecification\",\"valueRequired\":true,\"valueName\":\"search_term_string\"}}],\"inLanguage\":\"tr\"},{\"@type\":\"Organization\",\"@id\":\"https:\\\/\\\/memurunsesi.net\\\/#organization\",\"name\":\"Memurun Sesi\",\"url\":\"https:\\\/\\\/memurunsesi.net\\\/\",\"logo\":{\"@type\":\"ImageObject\",\"inLanguage\":\"tr\",\"@id\":\"https:\\\/\\\/memurunsesi.net\\\/#\\\/schema\\\/logo\\\/image\\\/\",\"url\":\"https:\\\/\\\/memurunsesi.net\\\/wp-content\\\/uploads\\\/2025\\\/11\\\/cropped-MEMURUN-SESI.png\",\"contentUrl\":\"https:\\\/\\\/memurunsesi.net\\\/wp-content\\\/uploads\\\/2025\\\/11\\\/cropped-MEMURUN-SESI.png\",\"width\":238,\"height\":57,\"caption\":\"Memurun Sesi\"},\"image\":{\"@id\":\"https:\\\/\\\/memurunsesi.net\\\/#\\\/schema\\\/logo\\\/image\\\/\"},\"sameAs\":[\"https:\\\/\\\/www.facebook.com\\\/unipersen\\\/?locale=tr_TR\",\"https:\\\/\\\/x.com\\\/unipersen\"]},{\"@type\":\"Person\",\"@id\":\"https:\\\/\\\/memurunsesi.net\\\/#\\\/schema\\\/person\\\/f21c2d73b89f6ee1d80b0a1803e38587\",\"name\":\"Memurun Sesi Haber Merkezi\",\"image\":{\"@type\":\"ImageObject\",\"inLanguage\":\"tr\",\"@id\":\"https:\\\/\\\/secure.gravatar.com\\\/avatar\\\/6cf0505f452ee753f485014986fab09a434671d2b919ee76fc541025c5876a70?s=96&d=mm&r=g\",\"url\":\"https:\\\/\\\/secure.gravatar.com\\\/avatar\\\/6cf0505f452ee753f485014986fab09a434671d2b919ee76fc541025c5876a70?s=96&d=mm&r=g\",\"contentUrl\":\"https:\\\/\\\/secure.gravatar.com\\\/avatar\\\/6cf0505f452ee753f485014986fab09a434671d2b919ee76fc541025c5876a70?s=96&d=mm&r=g\",\"caption\":\"Memurun Sesi Haber Merkezi\"},\"sameAs\":[\"https:\\\/\\\/memurunsesi.net\"],\"url\":\"https:\\\/\\\/memurunsesi.net\\\/index.php\\\/author\\\/uniper\\\/\"}]}<\/script>\n<!-- \/ Yoast SEO plugin. -->","yoast_head_json":{"title":"Badmintonda Manisa'y\u0131 temsil edecekler - Memurun Sesi","robots":{"index":"index","follow":"follow","max-snippet":"max-snippet:-1","max-image-preview":"max-image-preview:large","max-video-preview":"max-video-preview:-1"},"canonical":"https:\/\/memurunsesi.net\/index.php\/2025\/04\/13\/badmintonda-manisayi-temsil-edecekler\/","og_locale":"tr_TR","og_type":"article","og_title":"Badmintonda Manisa'y\u0131 temsil edecekler - Memurun Sesi","og_description":"Manisa\u2019da 11 Ya\u015f Alt\u0131 Badminton \u0130l Birincili\u011fi m\u00fcsabakalar\u0131 tamamland\u0131 Manisa Gen\u00e7lik ve Spor \u0130l M\u00fcd\u00fcrl\u00fc\u011f\u00fc ile Badminton \u0130l Temsilcili\u011fi taraf\u0131ndan organize edilen 11 Ya\u015f Alt\u0131 Badminton \u0130l Birincili\u011fi m\u00fcsabakalar\u0131, b\u00fcy\u00fck bir heyecanla tamamland\u0131. Atat\u00fcrk Olimpik Spor Kompleksi \u00c7ok Ama\u00e7l\u0131 Spor Salonu\u2019nda ger\u00e7ekle\u015ftirilen m\u00fcsabakalara, bir\u00e7ok kul\u00fcp ve sporcu kat\u0131l\u0131m sa\u011flad\u0131. Gelece\u011fin badminton y\u0131ld\u0131zlar\u0131n\u0131n sahne ald\u0131\u011f\u0131 m\u00fcsabakalarda, [&hellip;]","og_url":"https:\/\/memurunsesi.net\/index.php\/2025\/04\/13\/badmintonda-manisayi-temsil-edecekler\/","og_site_name":"Memurun Sesi","article_publisher":"https:\/\/www.facebook.com\/unipersen\/?locale=tr_TR","article_published_time":"2025-04-13T06:14:17+00:00","og_image":[{"width":1600,"height":1200,"url":"https:\/\/memurunsesi.net\/wp-content\/uploads\/2025\/04\/AW431517_01.jpg","type":"image\/jpeg"}],"author":"Memurun Sesi Haber Merkezi","twitter_card":"summary_large_image","twitter_creator":"@unipersen","twitter_site":"@unipersen","twitter_misc":{"Yazan:":"Memurun Sesi Haber Merkezi","Tahmini okuma s\u00fcresi":"1 dakika"},"schema":{"@context":"https:\/\/schema.org","@graph":[{"@type":"Article","@id":"https:\/\/memurunsesi.net\/index.php\/2025\/04\/13\/badmintonda-manisayi-temsil-edecekler\/#article","isPartOf":{"@id":"https:\/\/memurunsesi.net\/index.php\/2025\/04\/13\/badmintonda-manisayi-temsil-edecekler\/"},"author":{"name":"Memurun Sesi Haber Merkezi","@id":"https:\/\/memurunsesi.net\/#\/schema\/person\/f21c2d73b89f6ee1d80b0a1803e38587"},"headline":"Badmintonda Manisa&#8217;y\u0131 temsil edecekler","datePublished":"2025-04-13T06:14:17+00:00","mainEntityOfPage":{"@id":"https:\/\/memurunsesi.net\/index.php\/2025\/04\/13\/badmintonda-manisayi-temsil-edecekler\/"},"wordCount":216,"commentCount":0,"publisher":{"@id":"https:\/\/memurunsesi.net\/#organization"},"image":{"@id":"https:\/\/memurunsesi.net\/index.php\/2025\/04\/13\/badmintonda-manisayi-temsil-edecekler\/#primaryimage"},"thumbnailUrl":"https:\/\/memurunsesi.net\/wp-content\/uploads\/2025\/04\/AW431517_01.jpg","articleSection":["Spor"],"inLanguage":"tr","potentialAction":[{"@type":"CommentAction","name":"Comment","target":["https:\/\/memurunsesi.net\/index.php\/2025\/04\/13\/badmintonda-manisayi-temsil-edecekler\/#respond"]}]},{"@type":"WebPage","@id":"https:\/\/memurunsesi.net\/index.php\/2025\/04\/13\/badmintonda-manisayi-temsil-edecekler\/","url":"https:\/\/memurunsesi.net\/index.php\/2025\/04\/13\/badmintonda-manisayi-temsil-edecekler\/","name":"Badmintonda Manisa'y\u0131 temsil edecekler - Memurun Sesi","isPartOf":{"@id":"https:\/\/memurunsesi.net\/#website"},"primaryImageOfPage":{"@id":"https:\/\/memurunsesi.net\/index.php\/2025\/04\/13\/badmintonda-manisayi-temsil-edecekler\/#primaryimage"},"image":{"@id":"https:\/\/memurunsesi.net\/index.php\/2025\/04\/13\/badmintonda-manisayi-temsil-edecekler\/#primaryimage"},"thumbnailUrl":"https:\/\/memurunsesi.net\/wp-content\/uploads\/2025\/04\/AW431517_01.jpg","datePublished":"2025-04-13T06:14:17+00:00","breadcrumb":{"@id":"https:\/\/memurunsesi.net\/index.php\/2025\/04\/13\/badmintonda-manisayi-temsil-edecekler\/#breadcrumb"},"inLanguage":"tr","potentialAction":[{"@type":"ReadAction","target":["https:\/\/memurunsesi.net\/index.php\/2025\/04\/13\/badmintonda-manisayi-temsil-edecekler\/"]}]},{"@type":"ImageObject","inLanguage":"tr","@id":"https:\/\/memurunsesi.net\/index.php\/2025\/04\/13\/badmintonda-manisayi-temsil-edecekler\/#primaryimage","url":"https:\/\/memurunsesi.net\/wp-content\/uploads\/2025\/04\/AW431517_01.jpg","contentUrl":"https:\/\/memurunsesi.net\/wp-content\/uploads\/2025\/04\/AW431517_01.jpg","width":1600,"height":1200,"caption":"MAN\u0130SA GEN\u00c7L\u0130K VE SPOR \u0130L M\u00dcD\u00dcRL\u00dc\u011e\u00dc \u0130LE BADM\u0130NTON \u0130L TEMS\u0130LC\u0130L\u0130\u011e\u0130 TARAFINDAN ORGAN\u0130ZE ED\u0130LEN 11 YA\u015e ALTI BADM\u0130NTON \u0130L B\u0130R\u0130NC\u0130L\u0130\u011e\u0130 M\u00dcSABAKALARI, B\u00dcY\u00dcK B\u0130R HEYECANLA TAMAMLANDI. (\u0130HA\/MAN\u0130SA-\u0130HA) Manisa Gen\u00e7lik ve Spor \u0130l M\u00fcd\u00fcrl\u00fc\u011f\u00fc ile Badminton \u0130l Temsilcili\u011fi taraf\u0131ndan organize edilen 11 Ya\u015f Alt\u0131 Badminton \u0130l Birincili\u011fi m\u00fcsabakalar\u0131, b\u00fcy\u00fck bir heyecanla tamamland\u0131."},{"@type":"BreadcrumbList","@id":"https:\/\/memurunsesi.net\/index.php\/2025\/04\/13\/badmintonda-manisayi-temsil-edecekler\/#breadcrumb","itemListElement":[{"@type":"ListItem","position":1,"name":"Anasayfa","item":"https:\/\/memurunsesi.net\/"},{"@type":"ListItem","position":2,"name":"Badmintonda Manisa&#8217;y\u0131 temsil edecekler"}]},{"@type":"WebSite","@id":"https:\/\/memurunsesi.net\/#website","url":"https:\/\/memurunsesi.net\/","name":"Memurun Sesi","description":"G\u00fcncel ve Do\u011fru Haber","publisher":{"@id":"https:\/\/memurunsesi.net\/#organization"},"potentialAction":[{"@type":"SearchAction","target":{"@type":"EntryPoint","urlTemplate":"https:\/\/memurunsesi.net\/?s={search_term_string}"},"query-input":{"@type":"PropertyValueSpecification","valueRequired":true,"valueName":"search_term_string"}}],"inLanguage":"tr"},{"@type":"Organization","@id":"https:\/\/memurunsesi.net\/#organization","name":"Memurun Sesi","url":"https:\/\/memurunsesi.net\/","logo":{"@type":"ImageObject","inLanguage":"tr","@id":"https:\/\/memurunsesi.net\/#\/schema\/logo\/image\/","url":"https:\/\/memurunsesi.net\/wp-content\/uploads\/2025\/11\/cropped-MEMURUN-SESI.png","contentUrl":"https:\/\/memurunsesi.net\/wp-content\/uploads\/2025\/11\/cropped-MEMURUN-SESI.png","width":238,"height":57,"caption":"Memurun Sesi"},"image":{"@id":"https:\/\/memurunsesi.net\/#\/schema\/logo\/image\/"},"sameAs":["https:\/\/www.facebook.com\/unipersen\/?locale=tr_TR","https:\/\/x.com\/unipersen"]},{"@type":"Person","@id":"https:\/\/memurunsesi.net\/#\/schema\/person\/f21c2d73b89f6ee1d80b0a1803e38587","name":"Memurun Sesi Haber Merkezi","image":{"@type":"ImageObject","inLanguage":"tr","@id":"https:\/\/secure.gravatar.com\/avatar\/6cf0505f452ee753f485014986fab09a434671d2b919ee76fc541025c5876a70?s=96&d=mm&r=g","url":"https:\/\/secure.gravatar.com\/avatar\/6cf0505f452ee753f485014986fab09a434671d2b919ee76fc541025c5876a70?s=96&d=mm&r=g","contentUrl":"https:\/\/secure.gravatar.com\/avatar\/6cf0505f452ee753f485014986fab09a434671d2b919ee76fc541025c5876a70?s=96&d=mm&r=g","caption":"Memurun Sesi Haber Merkezi"},"sameAs":["https:\/\/memurunsesi.net"],"url":"https:\/\/memurunsesi.net\/index.php\/author\/uniper\/"}]}},"_links":{"self":[{"href":"https:\/\/memurunsesi.net\/index.php\/wp-json\/wp\/v2\/posts\/5236","targetHints":{"allow":["GET"]}}],"collection":[{"href":"https:\/\/memurunsesi.net\/index.php\/wp-json\/wp\/v2\/posts"}],"about":[{"href":"https:\/\/memurunsesi.net\/index.php\/wp-json\/wp\/v2\/types\/post"}],"author":[{"embeddable":true,"href":"https:\/\/memurunsesi.net\/index.php\/wp-json\/wp\/v2\/users\/1"}],"replies":[{"embeddable":true,"href":"https:\/\/memurunsesi.net\/index.php\/wp-json\/wp\/v2\/comments?post=5236"}],"version-history":[{"count":1,"href":"https:\/\/memurunsesi.net\/index.php\/wp-json\/wp\/v2\/posts\/5236\/revisions"}],"predecessor-version":[{"id":5238,"href":"https:\/\/memurunsesi.net\/index.php\/wp-json\/wp\/v2\/posts\/5236\/revisions\/5238"}],"wp:featuredmedia":[{"embeddable":true,"href":"https:\/\/memurunsesi.net\/index.php\/wp-json\/wp\/v2\/media\/5237"}],"wp:attachment":[{"href":"https:\/\/memurunsesi.net\/index.php\/wp-json\/wp\/v2\/media?parent=5236"}],"wp:term":[{"taxonomy":"category","embeddable":true,"href":"https:\/\/memurunsesi.net\/index.php\/wp-json\/wp\/v2\/categories?post=5236"},{"taxonomy":"post_tag","embeddable":true,"href":"https:\/\/memurunsesi.net\/index.php\/wp-json\/wp\/v2\/tags?post=5236"}],"curies":[{"name":"wp","href":"https:\/\/api.w.org\/{rel}","templated":true}]}}