{"id":5250,"date":"2025-04-13T09:22:50","date_gmt":"2025-04-13T06:22:50","guid":{"rendered":"https:\/\/memurunsesi.net\/?p=5250"},"modified":"2025-04-13T09:22:50","modified_gmt":"2025-04-13T06:22:50","slug":"down-sendromlu-cocugu-oyun-salonuna-almayan-avm-calisanlari-gozaltina-alindi","status":"publish","type":"post","link":"https:\/\/memurunsesi.net\/index.php\/2025\/04\/13\/down-sendromlu-cocugu-oyun-salonuna-almayan-avm-calisanlari-gozaltina-alindi\/","title":{"rendered":"Down sendromlu \u00e7ocu\u011fu oyun salonuna almayan AVM \u00e7al\u0131\u015fanlar\u0131 g\u00f6zalt\u0131na al\u0131nd\u0131"},"content":{"rendered":"<p>AVM \u00e7al\u0131\u015fanlar\u0131n\u0131n 1 Nisan&#8217;da da otizmli bir \u00e7ocu\u011fu, oyun salonuna almad\u0131\u011f\u0131 ortaya \u00e7\u0131kt\u0131<\/p>\n<p>Ankara&#8217;n\u0131n Etimesgut il\u00e7esinde, bir AVM&#8217;de down sendromlu \u00e7ocu\u011fu oyun alan\u0131na almayan, AVM \u00e7al\u0131\u015fan\u0131 5 ki\u015fi g\u00f6zalt\u0131na al\u0131nd\u0131. AVM \u00e7al\u0131\u015fanlar\u0131n\u0131n 1 Nisan&#8217;da da otizmli bir \u00e7ocu\u011fu, oyun salonuna almad\u0131\u011f\u0131 ortaya \u00e7\u0131kt\u0131.<br \/>\nAnkara&#8217;da bir AVM&#8217;de down sendromlu \u00e7ocuk oyun alan\u0131na al\u0131nmay\u0131nca \u00f6\u011fretmeni Sevcan Odaba\u015f\u0131 Karakurt, i\u015fletmeyi ve \u00e7al\u0131\u015fanlar\u0131 polis ekiplerine \u015fikayet etti. Polis ekipleri ma\u011fdur \u00e7ocu\u011fun ailesine konuya ili\u015fkin haber vererek i\u015flemlere ba\u015flad\u0131. Bu olay\u0131n, oyun salonunda daha \u00f6nce de ya\u015fand\u0131\u011f\u0131 \u00f6\u011frenildi.<br \/>\nAVM&#8217;nin \u00e7al\u0131\u015fanlar\u0131 taraf\u0131ndan 1 Nisan Sal\u0131 g\u00fcn\u00fc de otizmli bir \u00e7ocu\u011fu, oyun salonuna almad\u0131\u011f\u0131, bu durum \u00fczerine otozimli \u00e7ocu\u011fun annesi G.K.K. taraf\u0131ndan olay\u0131n Aile ve Sosyal Hizmetler Bakanl\u0131\u011f\u0131na bildirildi\u011fi, akabinde de karakola \u015fikayette bulundu\u011fu \u00f6\u011frenildi. Cumhuriyet Savc\u0131s\u0131ndan al\u0131nan talimatla oyun salonun sorumlu m\u00fcd\u00fcr\u00fc E.G. ile 4 kad\u0131n \u00e7al\u0131\u015fan g\u00f6zalt\u0131na al\u0131nd\u0131. G\u00f6zalt\u0131na al\u0131nan \u015fah\u0131slar\u0131n emniyetteki i\u015flemleri sonras\u0131 mahkemeye sevk edilecekleri \u00f6\u011frenildi.<\/p>\n<p>12.04.2025<\/p>\n","protected":false},"excerpt":{"rendered":"<p>AVM \u00e7al\u0131\u015fanlar\u0131n\u0131n 1 Nisan&#8217;da da otizmli bir \u00e7ocu\u011fu, oyun salonuna almad\u0131\u011f\u0131 ortaya \u00e7\u0131kt\u0131 Ankara&#8217;n\u0131n Etimesgut il\u00e7esinde, bir AVM&#8217;de down sendromlu \u00e7ocu\u011fu oyun alan\u0131na almayan, AVM \u00e7al\u0131\u015fan\u0131 5 ki\u015fi g\u00f6zalt\u0131na al\u0131nd\u0131. AVM \u00e7al\u0131\u015fanlar\u0131n\u0131n 1 Nisan&#8217;da da otizmli bir \u00e7ocu\u011fu, oyun salonuna almad\u0131\u011f\u0131 ortaya \u00e7\u0131kt\u0131. Ankara&#8217;da bir AVM&#8217;de down sendromlu \u00e7ocuk oyun alan\u0131na al\u0131nmay\u0131nca \u00f6\u011fretmeni Sevcan Odaba\u015f\u0131 [&hellip;]<\/p>\n","protected":false},"author":1,"featured_media":0,"comment_status":"open","ping_status":"open","sticky":false,"template":"","format":"standard","meta":{"footnotes":""},"categories":[1],"tags":[],"class_list":["post-5250","post","type-post","status-publish","format-standard","hentry","category-genel"],"yoast_head":"<!-- This site is optimized with the Yoast SEO plugin v27.4 - https:\/\/yoast.com\/product\/yoast-seo-wordpress\/ -->\n<title>Down sendromlu \u00e7ocu\u011fu oyun salonuna almayan AVM \u00e7al\u0131\u015fanlar\u0131 g\u00f6zalt\u0131na al\u0131nd\u0131 - Memurun Sesi<\/title>\n<meta name=\"robots\" content=\"index, follow, max-snippet:-1, max-image-preview:large, max-video-preview:-1\" \/>\n<link rel=\"canonical\" href=\"https:\/\/memurunsesi.net\/index.php\/2025\/04\/13\/down-sendromlu-cocugu-oyun-salonuna-almayan-avm-calisanlari-gozaltina-alindi\/\" \/>\n<meta property=\"og:locale\" content=\"tr_TR\" \/>\n<meta property=\"og:type\" content=\"article\" \/>\n<meta property=\"og:title\" content=\"Down sendromlu \u00e7ocu\u011fu oyun salonuna almayan AVM \u00e7al\u0131\u015fanlar\u0131 g\u00f6zalt\u0131na al\u0131nd\u0131 - Memurun Sesi\" \/>\n<meta property=\"og:description\" content=\"AVM \u00e7al\u0131\u015fanlar\u0131n\u0131n 1 Nisan&#8217;da da otizmli bir \u00e7ocu\u011fu, oyun salonuna almad\u0131\u011f\u0131 ortaya \u00e7\u0131kt\u0131 Ankara&#8217;n\u0131n Etimesgut il\u00e7esinde, bir AVM&#8217;de down sendromlu \u00e7ocu\u011fu oyun alan\u0131na almayan, AVM \u00e7al\u0131\u015fan\u0131 5 ki\u015fi g\u00f6zalt\u0131na al\u0131nd\u0131. AVM \u00e7al\u0131\u015fanlar\u0131n\u0131n 1 Nisan&#8217;da da otizmli bir \u00e7ocu\u011fu, oyun salonuna almad\u0131\u011f\u0131 ortaya \u00e7\u0131kt\u0131. Ankara&#8217;da bir AVM&#8217;de down sendromlu \u00e7ocuk oyun alan\u0131na al\u0131nmay\u0131nca \u00f6\u011fretmeni Sevcan Odaba\u015f\u0131 [&hellip;]\" \/>\n<meta property=\"og:url\" content=\"https:\/\/memurunsesi.net\/index.php\/2025\/04\/13\/down-sendromlu-cocugu-oyun-salonuna-almayan-avm-calisanlari-gozaltina-alindi\/\" \/>\n<meta property=\"og:site_name\" content=\"Memurun Sesi\" \/>\n<meta property=\"article:publisher\" content=\"https:\/\/www.facebook.com\/unipersen\/?locale=tr_TR\" \/>\n<meta property=\"article:published_time\" content=\"2025-04-13T06:22:50+00:00\" \/>\n<meta name=\"author\" content=\"Memurun Sesi Haber Merkezi\" \/>\n<meta name=\"twitter:card\" content=\"summary_large_image\" \/>\n<meta name=\"twitter:creator\" content=\"@unipersen\" \/>\n<meta name=\"twitter:site\" content=\"@unipersen\" \/>\n<meta name=\"twitter:label1\" content=\"Yazan:\" \/>\n\t<meta name=\"twitter:data1\" content=\"Memurun Sesi Haber Merkezi\" \/>\n\t<meta name=\"twitter:label2\" content=\"Tahmini okuma s\u00fcresi\" \/>\n\t<meta name=\"twitter:data2\" content=\"1 dakika\" \/>\n<script type=\"application\/ld+json\" class=\"yoast-schema-graph\">{\"@context\":\"https:\\\/\\\/schema.org\",\"@graph\":[{\"@type\":\"Article\",\"@id\":\"https:\\\/\\\/memurunsesi.net\\\/index.php\\\/2025\\\/04\\\/13\\\/down-sendromlu-cocugu-oyun-salonuna-almayan-avm-calisanlari-gozaltina-alindi\\\/#article\",\"isPartOf\":{\"@id\":\"https:\\\/\\\/memurunsesi.net\\\/index.php\\\/2025\\\/04\\\/13\\\/down-sendromlu-cocugu-oyun-salonuna-almayan-avm-calisanlari-gozaltina-alindi\\\/\"},\"author\":{\"name\":\"Memurun Sesi Haber Merkezi\",\"@id\":\"https:\\\/\\\/memurunsesi.net\\\/#\\\/schema\\\/person\\\/f21c2d73b89f6ee1d80b0a1803e38587\"},\"headline\":\"Down sendromlu \u00e7ocu\u011fu oyun salonuna almayan AVM \u00e7al\u0131\u015fanlar\u0131 g\u00f6zalt\u0131na al\u0131nd\u0131\",\"datePublished\":\"2025-04-13T06:22:50+00:00\",\"mainEntityOfPage\":{\"@id\":\"https:\\\/\\\/memurunsesi.net\\\/index.php\\\/2025\\\/04\\\/13\\\/down-sendromlu-cocugu-oyun-salonuna-almayan-avm-calisanlari-gozaltina-alindi\\\/\"},\"wordCount\":218,\"commentCount\":0,\"publisher\":{\"@id\":\"https:\\\/\\\/memurunsesi.net\\\/#organization\"},\"inLanguage\":\"tr\",\"potentialAction\":[{\"@type\":\"CommentAction\",\"name\":\"Comment\",\"target\":[\"https:\\\/\\\/memurunsesi.net\\\/index.php\\\/2025\\\/04\\\/13\\\/down-sendromlu-cocugu-oyun-salonuna-almayan-avm-calisanlari-gozaltina-alindi\\\/#respond\"]}]},{\"@type\":\"WebPage\",\"@id\":\"https:\\\/\\\/memurunsesi.net\\\/index.php\\\/2025\\\/04\\\/13\\\/down-sendromlu-cocugu-oyun-salonuna-almayan-avm-calisanlari-gozaltina-alindi\\\/\",\"url\":\"https:\\\/\\\/memurunsesi.net\\\/index.php\\\/2025\\\/04\\\/13\\\/down-sendromlu-cocugu-oyun-salonuna-almayan-avm-calisanlari-gozaltina-alindi\\\/\",\"name\":\"Down sendromlu \u00e7ocu\u011fu oyun salonuna almayan AVM \u00e7al\u0131\u015fanlar\u0131 g\u00f6zalt\u0131na al\u0131nd\u0131 - Memurun Sesi\",\"isPartOf\":{\"@id\":\"https:\\\/\\\/memurunsesi.net\\\/#website\"},\"datePublished\":\"2025-04-13T06:22:50+00:00\",\"breadcrumb\":{\"@id\":\"https:\\\/\\\/memurunsesi.net\\\/index.php\\\/2025\\\/04\\\/13\\\/down-sendromlu-cocugu-oyun-salonuna-almayan-avm-calisanlari-gozaltina-alindi\\\/#breadcrumb\"},\"inLanguage\":\"tr\",\"potentialAction\":[{\"@type\":\"ReadAction\",\"target\":[\"https:\\\/\\\/memurunsesi.net\\\/index.php\\\/2025\\\/04\\\/13\\\/down-sendromlu-cocugu-oyun-salonuna-almayan-avm-calisanlari-gozaltina-alindi\\\/\"]}]},{\"@type\":\"BreadcrumbList\",\"@id\":\"https:\\\/\\\/memurunsesi.net\\\/index.php\\\/2025\\\/04\\\/13\\\/down-sendromlu-cocugu-oyun-salonuna-almayan-avm-calisanlari-gozaltina-alindi\\\/#breadcrumb\",\"itemListElement\":[{\"@type\":\"ListItem\",\"position\":1,\"name\":\"Anasayfa\",\"item\":\"https:\\\/\\\/memurunsesi.net\\\/\"},{\"@type\":\"ListItem\",\"position\":2,\"name\":\"Down sendromlu \u00e7ocu\u011fu oyun salonuna almayan AVM \u00e7al\u0131\u015fanlar\u0131 g\u00f6zalt\u0131na al\u0131nd\u0131\"}]},{\"@type\":\"WebSite\",\"@id\":\"https:\\\/\\\/memurunsesi.net\\\/#website\",\"url\":\"https:\\\/\\\/memurunsesi.net\\\/\",\"name\":\"Memurun Sesi\",\"description\":\"G\u00fcncel ve Do\u011fru Haber\",\"publisher\":{\"@id\":\"https:\\\/\\\/memurunsesi.net\\\/#organization\"},\"potentialAction\":[{\"@type\":\"SearchAction\",\"target\":{\"@type\":\"EntryPoint\",\"urlTemplate\":\"https:\\\/\\\/memurunsesi.net\\\/?s={search_term_string}\"},\"query-input\":{\"@type\":\"PropertyValueSpecification\",\"valueRequired\":true,\"valueName\":\"search_term_string\"}}],\"inLanguage\":\"tr\"},{\"@type\":\"Organization\",\"@id\":\"https:\\\/\\\/memurunsesi.net\\\/#organization\",\"name\":\"Memurun Sesi\",\"url\":\"https:\\\/\\\/memurunsesi.net\\\/\",\"logo\":{\"@type\":\"ImageObject\",\"inLanguage\":\"tr\",\"@id\":\"https:\\\/\\\/memurunsesi.net\\\/#\\\/schema\\\/logo\\\/image\\\/\",\"url\":\"https:\\\/\\\/memurunsesi.net\\\/wp-content\\\/uploads\\\/2025\\\/11\\\/cropped-MEMURUN-SESI.png\",\"contentUrl\":\"https:\\\/\\\/memurunsesi.net\\\/wp-content\\\/uploads\\\/2025\\\/11\\\/cropped-MEMURUN-SESI.png\",\"width\":238,\"height\":57,\"caption\":\"Memurun Sesi\"},\"image\":{\"@id\":\"https:\\\/\\\/memurunsesi.net\\\/#\\\/schema\\\/logo\\\/image\\\/\"},\"sameAs\":[\"https:\\\/\\\/www.facebook.com\\\/unipersen\\\/?locale=tr_TR\",\"https:\\\/\\\/x.com\\\/unipersen\"]},{\"@type\":\"Person\",\"@id\":\"https:\\\/\\\/memurunsesi.net\\\/#\\\/schema\\\/person\\\/f21c2d73b89f6ee1d80b0a1803e38587\",\"name\":\"Memurun Sesi Haber Merkezi\",\"image\":{\"@type\":\"ImageObject\",\"inLanguage\":\"tr\",\"@id\":\"https:\\\/\\\/secure.gravatar.com\\\/avatar\\\/6cf0505f452ee753f485014986fab09a434671d2b919ee76fc541025c5876a70?s=96&d=mm&r=g\",\"url\":\"https:\\\/\\\/secure.gravatar.com\\\/avatar\\\/6cf0505f452ee753f485014986fab09a434671d2b919ee76fc541025c5876a70?s=96&d=mm&r=g\",\"contentUrl\":\"https:\\\/\\\/secure.gravatar.com\\\/avatar\\\/6cf0505f452ee753f485014986fab09a434671d2b919ee76fc541025c5876a70?s=96&d=mm&r=g\",\"caption\":\"Memurun Sesi Haber Merkezi\"},\"sameAs\":[\"https:\\\/\\\/memurunsesi.net\"],\"url\":\"https:\\\/\\\/memurunsesi.net\\\/index.php\\\/author\\\/uniper\\\/\"}]}<\/script>\n<!-- \/ Yoast SEO plugin. -->","yoast_head_json":{"title":"Down sendromlu \u00e7ocu\u011fu oyun salonuna almayan AVM \u00e7al\u0131\u015fanlar\u0131 g\u00f6zalt\u0131na al\u0131nd\u0131 - Memurun Sesi","robots":{"index":"index","follow":"follow","max-snippet":"max-snippet:-1","max-image-preview":"max-image-preview:large","max-video-preview":"max-video-preview:-1"},"canonical":"https:\/\/memurunsesi.net\/index.php\/2025\/04\/13\/down-sendromlu-cocugu-oyun-salonuna-almayan-avm-calisanlari-gozaltina-alindi\/","og_locale":"tr_TR","og_type":"article","og_title":"Down sendromlu \u00e7ocu\u011fu oyun salonuna almayan AVM \u00e7al\u0131\u015fanlar\u0131 g\u00f6zalt\u0131na al\u0131nd\u0131 - Memurun Sesi","og_description":"AVM \u00e7al\u0131\u015fanlar\u0131n\u0131n 1 Nisan&#8217;da da otizmli bir \u00e7ocu\u011fu, oyun salonuna almad\u0131\u011f\u0131 ortaya \u00e7\u0131kt\u0131 Ankara&#8217;n\u0131n Etimesgut il\u00e7esinde, bir AVM&#8217;de down sendromlu \u00e7ocu\u011fu oyun alan\u0131na almayan, AVM \u00e7al\u0131\u015fan\u0131 5 ki\u015fi g\u00f6zalt\u0131na al\u0131nd\u0131. AVM \u00e7al\u0131\u015fanlar\u0131n\u0131n 1 Nisan&#8217;da da otizmli bir \u00e7ocu\u011fu, oyun salonuna almad\u0131\u011f\u0131 ortaya \u00e7\u0131kt\u0131. Ankara&#8217;da bir AVM&#8217;de down sendromlu \u00e7ocuk oyun alan\u0131na al\u0131nmay\u0131nca \u00f6\u011fretmeni Sevcan Odaba\u015f\u0131 [&hellip;]","og_url":"https:\/\/memurunsesi.net\/index.php\/2025\/04\/13\/down-sendromlu-cocugu-oyun-salonuna-almayan-avm-calisanlari-gozaltina-alindi\/","og_site_name":"Memurun Sesi","article_publisher":"https:\/\/www.facebook.com\/unipersen\/?locale=tr_TR","article_published_time":"2025-04-13T06:22:50+00:00","author":"Memurun Sesi Haber Merkezi","twitter_card":"summary_large_image","twitter_creator":"@unipersen","twitter_site":"@unipersen","twitter_misc":{"Yazan:":"Memurun Sesi Haber Merkezi","Tahmini okuma s\u00fcresi":"1 dakika"},"schema":{"@context":"https:\/\/schema.org","@graph":[{"@type":"Article","@id":"https:\/\/memurunsesi.net\/index.php\/2025\/04\/13\/down-sendromlu-cocugu-oyun-salonuna-almayan-avm-calisanlari-gozaltina-alindi\/#article","isPartOf":{"@id":"https:\/\/memurunsesi.net\/index.php\/2025\/04\/13\/down-sendromlu-cocugu-oyun-salonuna-almayan-avm-calisanlari-gozaltina-alindi\/"},"author":{"name":"Memurun Sesi Haber Merkezi","@id":"https:\/\/memurunsesi.net\/#\/schema\/person\/f21c2d73b89f6ee1d80b0a1803e38587"},"headline":"Down sendromlu \u00e7ocu\u011fu oyun salonuna almayan AVM \u00e7al\u0131\u015fanlar\u0131 g\u00f6zalt\u0131na al\u0131nd\u0131","datePublished":"2025-04-13T06:22:50+00:00","mainEntityOfPage":{"@id":"https:\/\/memurunsesi.net\/index.php\/2025\/04\/13\/down-sendromlu-cocugu-oyun-salonuna-almayan-avm-calisanlari-gozaltina-alindi\/"},"wordCount":218,"commentCount":0,"publisher":{"@id":"https:\/\/memurunsesi.net\/#organization"},"inLanguage":"tr","potentialAction":[{"@type":"CommentAction","name":"Comment","target":["https:\/\/memurunsesi.net\/index.php\/2025\/04\/13\/down-sendromlu-cocugu-oyun-salonuna-almayan-avm-calisanlari-gozaltina-alindi\/#respond"]}]},{"@type":"WebPage","@id":"https:\/\/memurunsesi.net\/index.php\/2025\/04\/13\/down-sendromlu-cocugu-oyun-salonuna-almayan-avm-calisanlari-gozaltina-alindi\/","url":"https:\/\/memurunsesi.net\/index.php\/2025\/04\/13\/down-sendromlu-cocugu-oyun-salonuna-almayan-avm-calisanlari-gozaltina-alindi\/","name":"Down sendromlu \u00e7ocu\u011fu oyun salonuna almayan AVM \u00e7al\u0131\u015fanlar\u0131 g\u00f6zalt\u0131na al\u0131nd\u0131 - Memurun Sesi","isPartOf":{"@id":"https:\/\/memurunsesi.net\/#website"},"datePublished":"2025-04-13T06:22:50+00:00","breadcrumb":{"@id":"https:\/\/memurunsesi.net\/index.php\/2025\/04\/13\/down-sendromlu-cocugu-oyun-salonuna-almayan-avm-calisanlari-gozaltina-alindi\/#breadcrumb"},"inLanguage":"tr","potentialAction":[{"@type":"ReadAction","target":["https:\/\/memurunsesi.net\/index.php\/2025\/04\/13\/down-sendromlu-cocugu-oyun-salonuna-almayan-avm-calisanlari-gozaltina-alindi\/"]}]},{"@type":"BreadcrumbList","@id":"https:\/\/memurunsesi.net\/index.php\/2025\/04\/13\/down-sendromlu-cocugu-oyun-salonuna-almayan-avm-calisanlari-gozaltina-alindi\/#breadcrumb","itemListElement":[{"@type":"ListItem","position":1,"name":"Anasayfa","item":"https:\/\/memurunsesi.net\/"},{"@type":"ListItem","position":2,"name":"Down sendromlu \u00e7ocu\u011fu oyun salonuna almayan AVM \u00e7al\u0131\u015fanlar\u0131 g\u00f6zalt\u0131na al\u0131nd\u0131"}]},{"@type":"WebSite","@id":"https:\/\/memurunsesi.net\/#website","url":"https:\/\/memurunsesi.net\/","name":"Memurun Sesi","description":"G\u00fcncel ve Do\u011fru Haber","publisher":{"@id":"https:\/\/memurunsesi.net\/#organization"},"potentialAction":[{"@type":"SearchAction","target":{"@type":"EntryPoint","urlTemplate":"https:\/\/memurunsesi.net\/?s={search_term_string}"},"query-input":{"@type":"PropertyValueSpecification","valueRequired":true,"valueName":"search_term_string"}}],"inLanguage":"tr"},{"@type":"Organization","@id":"https:\/\/memurunsesi.net\/#organization","name":"Memurun Sesi","url":"https:\/\/memurunsesi.net\/","logo":{"@type":"ImageObject","inLanguage":"tr","@id":"https:\/\/memurunsesi.net\/#\/schema\/logo\/image\/","url":"https:\/\/memurunsesi.net\/wp-content\/uploads\/2025\/11\/cropped-MEMURUN-SESI.png","contentUrl":"https:\/\/memurunsesi.net\/wp-content\/uploads\/2025\/11\/cropped-MEMURUN-SESI.png","width":238,"height":57,"caption":"Memurun Sesi"},"image":{"@id":"https:\/\/memurunsesi.net\/#\/schema\/logo\/image\/"},"sameAs":["https:\/\/www.facebook.com\/unipersen\/?locale=tr_TR","https:\/\/x.com\/unipersen"]},{"@type":"Person","@id":"https:\/\/memurunsesi.net\/#\/schema\/person\/f21c2d73b89f6ee1d80b0a1803e38587","name":"Memurun Sesi Haber Merkezi","image":{"@type":"ImageObject","inLanguage":"tr","@id":"https:\/\/secure.gravatar.com\/avatar\/6cf0505f452ee753f485014986fab09a434671d2b919ee76fc541025c5876a70?s=96&d=mm&r=g","url":"https:\/\/secure.gravatar.com\/avatar\/6cf0505f452ee753f485014986fab09a434671d2b919ee76fc541025c5876a70?s=96&d=mm&r=g","contentUrl":"https:\/\/secure.gravatar.com\/avatar\/6cf0505f452ee753f485014986fab09a434671d2b919ee76fc541025c5876a70?s=96&d=mm&r=g","caption":"Memurun Sesi Haber Merkezi"},"sameAs":["https:\/\/memurunsesi.net"],"url":"https:\/\/memurunsesi.net\/index.php\/author\/uniper\/"}]}},"_links":{"self":[{"href":"https:\/\/memurunsesi.net\/index.php\/wp-json\/wp\/v2\/posts\/5250","targetHints":{"allow":["GET"]}}],"collection":[{"href":"https:\/\/memurunsesi.net\/index.php\/wp-json\/wp\/v2\/posts"}],"about":[{"href":"https:\/\/memurunsesi.net\/index.php\/wp-json\/wp\/v2\/types\/post"}],"author":[{"embeddable":true,"href":"https:\/\/memurunsesi.net\/index.php\/wp-json\/wp\/v2\/users\/1"}],"replies":[{"embeddable":true,"href":"https:\/\/memurunsesi.net\/index.php\/wp-json\/wp\/v2\/comments?post=5250"}],"version-history":[{"count":1,"href":"https:\/\/memurunsesi.net\/index.php\/wp-json\/wp\/v2\/posts\/5250\/revisions"}],"predecessor-version":[{"id":5251,"href":"https:\/\/memurunsesi.net\/index.php\/wp-json\/wp\/v2\/posts\/5250\/revisions\/5251"}],"wp:attachment":[{"href":"https:\/\/memurunsesi.net\/index.php\/wp-json\/wp\/v2\/media?parent=5250"}],"wp:term":[{"taxonomy":"category","embeddable":true,"href":"https:\/\/memurunsesi.net\/index.php\/wp-json\/wp\/v2\/categories?post=5250"},{"taxonomy":"post_tag","embeddable":true,"href":"https:\/\/memurunsesi.net\/index.php\/wp-json\/wp\/v2\/tags?post=5250"}],"curies":[{"name":"wp","href":"https:\/\/api.w.org\/{rel}","templated":true}]}}