{"id":5252,"date":"2025-04-13T09:25:50","date_gmt":"2025-04-13T06:25:50","guid":{"rendered":"https:\/\/memurunsesi.net\/?p=5252"},"modified":"2025-04-13T09:25:50","modified_gmt":"2025-04-13T06:25:50","slug":"gaziantepin-86-yasindaki-teneke-ustasi-66-yildir-meslegini-icra-ediyor","status":"publish","type":"post","link":"https:\/\/memurunsesi.net\/index.php\/2025\/04\/13\/gaziantepin-86-yasindaki-teneke-ustasi-66-yildir-meslegini-icra-ediyor\/","title":{"rendered":"Gaziantep&#8217;in 86 ya\u015f\u0131ndaki teneke ustas\u0131, 66 y\u0131ld\u0131r mesle\u011fini icra ediyor"},"content":{"rendered":"<p>3 metrekarelik d\u00fckkan\u0131nda yapt\u0131\u011f\u0131 \u00fcr\u00fcnleri yurt d\u0131\u015f\u0131na sat\u0131yor<\/p>\n<p>Gaziantep&#8217;te 66 y\u0131ld\u0131r teneke ustal\u0131\u011f\u0131 yapan 86 ya\u015f\u0131ndaki Mehmet Ayd\u0131n Erkabalc\u0131, yapt\u0131\u011f\u0131 \u00fcr\u00fcnleri Amerika dahil olmak \u00fczere bir\u00e7ok \u00fclkeye sat\u0131yor.<br \/>\nGaziantep&#8217;te ya\u015fayan 86 ya\u015f\u0131ndaki Mehmet Ayd\u0131n Erkabalc\u0131, 66 y\u0131ld\u0131r 3 metrekarelik d\u00fckkan\u0131nda tenekecilik mesle\u011fini icra ediyor. Her sabah namazdan sonra gelip i\u015f yerini a\u00e7an usta Erbalc\u0131, mesle\u011fini tutkuyla yap\u0131yor. Teknolojiye direnerek mesle\u011fini icra eden Erbalc\u0131, mesle\u011fin son ustas\u0131 olman\u0131n buruklu\u011funu ya\u015f\u0131yor. Gaziantep&#8217;in son tenekecisi oldu\u011funu ifade eden Erkabalc\u0131, 3 metrekalik d\u00fckkan\u0131nda kova, huni, soba, soba borusu, tatl\u0131 kal\u0131plar\u0131, gaz ve gaz ya\u011f tenekeleri, konserve kutular\u0131, kumbaralar ve daha pek \u00e7ok gere\u00e7 yaparak ge\u00e7imini sa\u011fl\u0131yor.<\/p>\n<p>&#8220;\u00c7ocuklu\u011fumdan beri bu mesle\u011fi yap\u0131yorum&#8221;<br \/>\n\u00c7ocuklu\u011fundan beri tenekecilik yapt\u0131\u011f\u0131n\u0131 s\u00f6yleyen Erbalc\u0131, &#8220;\u00c7ocuklu\u011fumdan beri bu mesle\u011fi yap\u0131yorum. Haz\u0131r hi\u00e7bir \u015fey yok, hepsi bana ait. Sipari\u015flerim var, onlar\u0131 yap\u0131yorum. Amerika&#8217;ya yap\u0131p sat\u0131yorum. Kaday\u0131f d\u00f6kece\u011fini yurt d\u0131\u015f\u0131nda \u00e7al\u0131\u015fanlar \u00e7ok talep ediyor. Burada kova, huni, soba, soba borusu, tatl\u0131 kal\u0131plar\u0131, gaz ve gaz ya\u011f tenekeleri, konserve kutular\u0131, kumbaralar gibi \u00fcr\u00fcnler yap\u0131p sat\u0131yorum. M\u00fc\u015fterilerim beni aray\u0131p buluyor. Meslek maalesef \u00f6l\u00fcyor. Biz son ustay\u0131z. Mesle\u011fi \u00e7ok seviyorum. Her sabah 4&#8217;te kalkar\u0131m. \u0130\u015fime gelir huzurla \u00e7al\u0131\u015f\u0131r\u0131m&#8221; dedi.<\/p>\n<p>13.04.2025<\/p>\n","protected":false},"excerpt":{"rendered":"<p>3 metrekarelik d\u00fckkan\u0131nda yapt\u0131\u011f\u0131 \u00fcr\u00fcnleri yurt d\u0131\u015f\u0131na sat\u0131yor Gaziantep&#8217;te 66 y\u0131ld\u0131r teneke ustal\u0131\u011f\u0131 yapan 86 ya\u015f\u0131ndaki Mehmet Ayd\u0131n Erkabalc\u0131, yapt\u0131\u011f\u0131 \u00fcr\u00fcnleri Amerika dahil olmak \u00fczere bir\u00e7ok \u00fclkeye sat\u0131yor. Gaziantep&#8217;te ya\u015fayan 86 ya\u015f\u0131ndaki Mehmet Ayd\u0131n Erkabalc\u0131, 66 y\u0131ld\u0131r 3 metrekarelik d\u00fckkan\u0131nda tenekecilik mesle\u011fini icra ediyor. Her sabah namazdan sonra gelip i\u015f yerini a\u00e7an usta Erbalc\u0131, mesle\u011fini [&hellip;]<\/p>\n","protected":false},"author":1,"featured_media":0,"comment_status":"open","ping_status":"open","sticky":false,"template":"","format":"standard","meta":{"footnotes":""},"categories":[50],"tags":[],"class_list":["post-5252","post","type-post","status-publish","format-standard","hentry","category-tum-haberler"],"yoast_head":"<!-- This site is optimized with the Yoast SEO plugin v27.4 - https:\/\/yoast.com\/product\/yoast-seo-wordpress\/ -->\n<title>Gaziantep&#039;in 86 ya\u015f\u0131ndaki teneke ustas\u0131, 66 y\u0131ld\u0131r mesle\u011fini icra ediyor - Memurun Sesi<\/title>\n<meta name=\"robots\" content=\"index, follow, max-snippet:-1, max-image-preview:large, max-video-preview:-1\" \/>\n<link rel=\"canonical\" href=\"https:\/\/memurunsesi.net\/index.php\/2025\/04\/13\/gaziantepin-86-yasindaki-teneke-ustasi-66-yildir-meslegini-icra-ediyor\/\" \/>\n<meta property=\"og:locale\" content=\"tr_TR\" \/>\n<meta property=\"og:type\" content=\"article\" \/>\n<meta property=\"og:title\" content=\"Gaziantep&#039;in 86 ya\u015f\u0131ndaki teneke ustas\u0131, 66 y\u0131ld\u0131r mesle\u011fini icra ediyor - Memurun Sesi\" \/>\n<meta property=\"og:description\" content=\"3 metrekarelik d\u00fckkan\u0131nda yapt\u0131\u011f\u0131 \u00fcr\u00fcnleri yurt d\u0131\u015f\u0131na sat\u0131yor Gaziantep&#8217;te 66 y\u0131ld\u0131r teneke ustal\u0131\u011f\u0131 yapan 86 ya\u015f\u0131ndaki Mehmet Ayd\u0131n Erkabalc\u0131, yapt\u0131\u011f\u0131 \u00fcr\u00fcnleri Amerika dahil olmak \u00fczere bir\u00e7ok \u00fclkeye sat\u0131yor. Gaziantep&#8217;te ya\u015fayan 86 ya\u015f\u0131ndaki Mehmet Ayd\u0131n Erkabalc\u0131, 66 y\u0131ld\u0131r 3 metrekarelik d\u00fckkan\u0131nda tenekecilik mesle\u011fini icra ediyor. Her sabah namazdan sonra gelip i\u015f yerini a\u00e7an usta Erbalc\u0131, mesle\u011fini [&hellip;]\" \/>\n<meta property=\"og:url\" content=\"https:\/\/memurunsesi.net\/index.php\/2025\/04\/13\/gaziantepin-86-yasindaki-teneke-ustasi-66-yildir-meslegini-icra-ediyor\/\" \/>\n<meta property=\"og:site_name\" content=\"Memurun Sesi\" \/>\n<meta property=\"article:publisher\" content=\"https:\/\/www.facebook.com\/unipersen\/?locale=tr_TR\" \/>\n<meta property=\"article:published_time\" content=\"2025-04-13T06:25:50+00:00\" \/>\n<meta name=\"author\" content=\"Memurun Sesi Haber Merkezi\" \/>\n<meta name=\"twitter:card\" content=\"summary_large_image\" \/>\n<meta name=\"twitter:creator\" content=\"@unipersen\" \/>\n<meta name=\"twitter:site\" content=\"@unipersen\" \/>\n<meta name=\"twitter:label1\" content=\"Yazan:\" \/>\n\t<meta name=\"twitter:data1\" content=\"Memurun Sesi Haber Merkezi\" \/>\n\t<meta name=\"twitter:label2\" content=\"Tahmini okuma s\u00fcresi\" \/>\n\t<meta name=\"twitter:data2\" content=\"1 dakika\" \/>\n<script type=\"application\/ld+json\" class=\"yoast-schema-graph\">{\"@context\":\"https:\\\/\\\/schema.org\",\"@graph\":[{\"@type\":\"Article\",\"@id\":\"https:\\\/\\\/memurunsesi.net\\\/index.php\\\/2025\\\/04\\\/13\\\/gaziantepin-86-yasindaki-teneke-ustasi-66-yildir-meslegini-icra-ediyor\\\/#article\",\"isPartOf\":{\"@id\":\"https:\\\/\\\/memurunsesi.net\\\/index.php\\\/2025\\\/04\\\/13\\\/gaziantepin-86-yasindaki-teneke-ustasi-66-yildir-meslegini-icra-ediyor\\\/\"},\"author\":{\"name\":\"Memurun Sesi Haber Merkezi\",\"@id\":\"https:\\\/\\\/memurunsesi.net\\\/#\\\/schema\\\/person\\\/f21c2d73b89f6ee1d80b0a1803e38587\"},\"headline\":\"Gaziantep&#8217;in 86 ya\u015f\u0131ndaki teneke ustas\u0131, 66 y\u0131ld\u0131r mesle\u011fini icra ediyor\",\"datePublished\":\"2025-04-13T06:25:50+00:00\",\"mainEntityOfPage\":{\"@id\":\"https:\\\/\\\/memurunsesi.net\\\/index.php\\\/2025\\\/04\\\/13\\\/gaziantepin-86-yasindaki-teneke-ustasi-66-yildir-meslegini-icra-ediyor\\\/\"},\"wordCount\":259,\"commentCount\":0,\"publisher\":{\"@id\":\"https:\\\/\\\/memurunsesi.net\\\/#organization\"},\"articleSection\":[\"T\u00fcm Haberler\"],\"inLanguage\":\"tr\",\"potentialAction\":[{\"@type\":\"CommentAction\",\"name\":\"Comment\",\"target\":[\"https:\\\/\\\/memurunsesi.net\\\/index.php\\\/2025\\\/04\\\/13\\\/gaziantepin-86-yasindaki-teneke-ustasi-66-yildir-meslegini-icra-ediyor\\\/#respond\"]}]},{\"@type\":\"WebPage\",\"@id\":\"https:\\\/\\\/memurunsesi.net\\\/index.php\\\/2025\\\/04\\\/13\\\/gaziantepin-86-yasindaki-teneke-ustasi-66-yildir-meslegini-icra-ediyor\\\/\",\"url\":\"https:\\\/\\\/memurunsesi.net\\\/index.php\\\/2025\\\/04\\\/13\\\/gaziantepin-86-yasindaki-teneke-ustasi-66-yildir-meslegini-icra-ediyor\\\/\",\"name\":\"Gaziantep'in 86 ya\u015f\u0131ndaki teneke ustas\u0131, 66 y\u0131ld\u0131r mesle\u011fini icra ediyor - Memurun Sesi\",\"isPartOf\":{\"@id\":\"https:\\\/\\\/memurunsesi.net\\\/#website\"},\"datePublished\":\"2025-04-13T06:25:50+00:00\",\"breadcrumb\":{\"@id\":\"https:\\\/\\\/memurunsesi.net\\\/index.php\\\/2025\\\/04\\\/13\\\/gaziantepin-86-yasindaki-teneke-ustasi-66-yildir-meslegini-icra-ediyor\\\/#breadcrumb\"},\"inLanguage\":\"tr\",\"potentialAction\":[{\"@type\":\"ReadAction\",\"target\":[\"https:\\\/\\\/memurunsesi.net\\\/index.php\\\/2025\\\/04\\\/13\\\/gaziantepin-86-yasindaki-teneke-ustasi-66-yildir-meslegini-icra-ediyor\\\/\"]}]},{\"@type\":\"BreadcrumbList\",\"@id\":\"https:\\\/\\\/memurunsesi.net\\\/index.php\\\/2025\\\/04\\\/13\\\/gaziantepin-86-yasindaki-teneke-ustasi-66-yildir-meslegini-icra-ediyor\\\/#breadcrumb\",\"itemListElement\":[{\"@type\":\"ListItem\",\"position\":1,\"name\":\"Anasayfa\",\"item\":\"https:\\\/\\\/memurunsesi.net\\\/\"},{\"@type\":\"ListItem\",\"position\":2,\"name\":\"Gaziantep&#8217;in 86 ya\u015f\u0131ndaki teneke ustas\u0131, 66 y\u0131ld\u0131r mesle\u011fini icra ediyor\"}]},{\"@type\":\"WebSite\",\"@id\":\"https:\\\/\\\/memurunsesi.net\\\/#website\",\"url\":\"https:\\\/\\\/memurunsesi.net\\\/\",\"name\":\"Memurun Sesi\",\"description\":\"G\u00fcncel ve Do\u011fru Haber\",\"publisher\":{\"@id\":\"https:\\\/\\\/memurunsesi.net\\\/#organization\"},\"potentialAction\":[{\"@type\":\"SearchAction\",\"target\":{\"@type\":\"EntryPoint\",\"urlTemplate\":\"https:\\\/\\\/memurunsesi.net\\\/?s={search_term_string}\"},\"query-input\":{\"@type\":\"PropertyValueSpecification\",\"valueRequired\":true,\"valueName\":\"search_term_string\"}}],\"inLanguage\":\"tr\"},{\"@type\":\"Organization\",\"@id\":\"https:\\\/\\\/memurunsesi.net\\\/#organization\",\"name\":\"Memurun Sesi\",\"url\":\"https:\\\/\\\/memurunsesi.net\\\/\",\"logo\":{\"@type\":\"ImageObject\",\"inLanguage\":\"tr\",\"@id\":\"https:\\\/\\\/memurunsesi.net\\\/#\\\/schema\\\/logo\\\/image\\\/\",\"url\":\"https:\\\/\\\/memurunsesi.net\\\/wp-content\\\/uploads\\\/2025\\\/11\\\/cropped-MEMURUN-SESI.png\",\"contentUrl\":\"https:\\\/\\\/memurunsesi.net\\\/wp-content\\\/uploads\\\/2025\\\/11\\\/cropped-MEMURUN-SESI.png\",\"width\":238,\"height\":57,\"caption\":\"Memurun Sesi\"},\"image\":{\"@id\":\"https:\\\/\\\/memurunsesi.net\\\/#\\\/schema\\\/logo\\\/image\\\/\"},\"sameAs\":[\"https:\\\/\\\/www.facebook.com\\\/unipersen\\\/?locale=tr_TR\",\"https:\\\/\\\/x.com\\\/unipersen\"]},{\"@type\":\"Person\",\"@id\":\"https:\\\/\\\/memurunsesi.net\\\/#\\\/schema\\\/person\\\/f21c2d73b89f6ee1d80b0a1803e38587\",\"name\":\"Memurun Sesi Haber Merkezi\",\"image\":{\"@type\":\"ImageObject\",\"inLanguage\":\"tr\",\"@id\":\"https:\\\/\\\/secure.gravatar.com\\\/avatar\\\/6cf0505f452ee753f485014986fab09a434671d2b919ee76fc541025c5876a70?s=96&d=mm&r=g\",\"url\":\"https:\\\/\\\/secure.gravatar.com\\\/avatar\\\/6cf0505f452ee753f485014986fab09a434671d2b919ee76fc541025c5876a70?s=96&d=mm&r=g\",\"contentUrl\":\"https:\\\/\\\/secure.gravatar.com\\\/avatar\\\/6cf0505f452ee753f485014986fab09a434671d2b919ee76fc541025c5876a70?s=96&d=mm&r=g\",\"caption\":\"Memurun Sesi Haber Merkezi\"},\"sameAs\":[\"https:\\\/\\\/memurunsesi.net\"],\"url\":\"https:\\\/\\\/memurunsesi.net\\\/index.php\\\/author\\\/uniper\\\/\"}]}<\/script>\n<!-- \/ Yoast SEO plugin. -->","yoast_head_json":{"title":"Gaziantep'in 86 ya\u015f\u0131ndaki teneke ustas\u0131, 66 y\u0131ld\u0131r mesle\u011fini icra ediyor - Memurun Sesi","robots":{"index":"index","follow":"follow","max-snippet":"max-snippet:-1","max-image-preview":"max-image-preview:large","max-video-preview":"max-video-preview:-1"},"canonical":"https:\/\/memurunsesi.net\/index.php\/2025\/04\/13\/gaziantepin-86-yasindaki-teneke-ustasi-66-yildir-meslegini-icra-ediyor\/","og_locale":"tr_TR","og_type":"article","og_title":"Gaziantep'in 86 ya\u015f\u0131ndaki teneke ustas\u0131, 66 y\u0131ld\u0131r mesle\u011fini icra ediyor - Memurun Sesi","og_description":"3 metrekarelik d\u00fckkan\u0131nda yapt\u0131\u011f\u0131 \u00fcr\u00fcnleri yurt d\u0131\u015f\u0131na sat\u0131yor Gaziantep&#8217;te 66 y\u0131ld\u0131r teneke ustal\u0131\u011f\u0131 yapan 86 ya\u015f\u0131ndaki Mehmet Ayd\u0131n Erkabalc\u0131, yapt\u0131\u011f\u0131 \u00fcr\u00fcnleri Amerika dahil olmak \u00fczere bir\u00e7ok \u00fclkeye sat\u0131yor. Gaziantep&#8217;te ya\u015fayan 86 ya\u015f\u0131ndaki Mehmet Ayd\u0131n Erkabalc\u0131, 66 y\u0131ld\u0131r 3 metrekarelik d\u00fckkan\u0131nda tenekecilik mesle\u011fini icra ediyor. Her sabah namazdan sonra gelip i\u015f yerini a\u00e7an usta Erbalc\u0131, mesle\u011fini [&hellip;]","og_url":"https:\/\/memurunsesi.net\/index.php\/2025\/04\/13\/gaziantepin-86-yasindaki-teneke-ustasi-66-yildir-meslegini-icra-ediyor\/","og_site_name":"Memurun Sesi","article_publisher":"https:\/\/www.facebook.com\/unipersen\/?locale=tr_TR","article_published_time":"2025-04-13T06:25:50+00:00","author":"Memurun Sesi Haber Merkezi","twitter_card":"summary_large_image","twitter_creator":"@unipersen","twitter_site":"@unipersen","twitter_misc":{"Yazan:":"Memurun Sesi Haber Merkezi","Tahmini okuma s\u00fcresi":"1 dakika"},"schema":{"@context":"https:\/\/schema.org","@graph":[{"@type":"Article","@id":"https:\/\/memurunsesi.net\/index.php\/2025\/04\/13\/gaziantepin-86-yasindaki-teneke-ustasi-66-yildir-meslegini-icra-ediyor\/#article","isPartOf":{"@id":"https:\/\/memurunsesi.net\/index.php\/2025\/04\/13\/gaziantepin-86-yasindaki-teneke-ustasi-66-yildir-meslegini-icra-ediyor\/"},"author":{"name":"Memurun Sesi Haber Merkezi","@id":"https:\/\/memurunsesi.net\/#\/schema\/person\/f21c2d73b89f6ee1d80b0a1803e38587"},"headline":"Gaziantep&#8217;in 86 ya\u015f\u0131ndaki teneke ustas\u0131, 66 y\u0131ld\u0131r mesle\u011fini icra ediyor","datePublished":"2025-04-13T06:25:50+00:00","mainEntityOfPage":{"@id":"https:\/\/memurunsesi.net\/index.php\/2025\/04\/13\/gaziantepin-86-yasindaki-teneke-ustasi-66-yildir-meslegini-icra-ediyor\/"},"wordCount":259,"commentCount":0,"publisher":{"@id":"https:\/\/memurunsesi.net\/#organization"},"articleSection":["T\u00fcm Haberler"],"inLanguage":"tr","potentialAction":[{"@type":"CommentAction","name":"Comment","target":["https:\/\/memurunsesi.net\/index.php\/2025\/04\/13\/gaziantepin-86-yasindaki-teneke-ustasi-66-yildir-meslegini-icra-ediyor\/#respond"]}]},{"@type":"WebPage","@id":"https:\/\/memurunsesi.net\/index.php\/2025\/04\/13\/gaziantepin-86-yasindaki-teneke-ustasi-66-yildir-meslegini-icra-ediyor\/","url":"https:\/\/memurunsesi.net\/index.php\/2025\/04\/13\/gaziantepin-86-yasindaki-teneke-ustasi-66-yildir-meslegini-icra-ediyor\/","name":"Gaziantep'in 86 ya\u015f\u0131ndaki teneke ustas\u0131, 66 y\u0131ld\u0131r mesle\u011fini icra ediyor - Memurun Sesi","isPartOf":{"@id":"https:\/\/memurunsesi.net\/#website"},"datePublished":"2025-04-13T06:25:50+00:00","breadcrumb":{"@id":"https:\/\/memurunsesi.net\/index.php\/2025\/04\/13\/gaziantepin-86-yasindaki-teneke-ustasi-66-yildir-meslegini-icra-ediyor\/#breadcrumb"},"inLanguage":"tr","potentialAction":[{"@type":"ReadAction","target":["https:\/\/memurunsesi.net\/index.php\/2025\/04\/13\/gaziantepin-86-yasindaki-teneke-ustasi-66-yildir-meslegini-icra-ediyor\/"]}]},{"@type":"BreadcrumbList","@id":"https:\/\/memurunsesi.net\/index.php\/2025\/04\/13\/gaziantepin-86-yasindaki-teneke-ustasi-66-yildir-meslegini-icra-ediyor\/#breadcrumb","itemListElement":[{"@type":"ListItem","position":1,"name":"Anasayfa","item":"https:\/\/memurunsesi.net\/"},{"@type":"ListItem","position":2,"name":"Gaziantep&#8217;in 86 ya\u015f\u0131ndaki teneke ustas\u0131, 66 y\u0131ld\u0131r mesle\u011fini icra ediyor"}]},{"@type":"WebSite","@id":"https:\/\/memurunsesi.net\/#website","url":"https:\/\/memurunsesi.net\/","name":"Memurun Sesi","description":"G\u00fcncel ve Do\u011fru Haber","publisher":{"@id":"https:\/\/memurunsesi.net\/#organization"},"potentialAction":[{"@type":"SearchAction","target":{"@type":"EntryPoint","urlTemplate":"https:\/\/memurunsesi.net\/?s={search_term_string}"},"query-input":{"@type":"PropertyValueSpecification","valueRequired":true,"valueName":"search_term_string"}}],"inLanguage":"tr"},{"@type":"Organization","@id":"https:\/\/memurunsesi.net\/#organization","name":"Memurun Sesi","url":"https:\/\/memurunsesi.net\/","logo":{"@type":"ImageObject","inLanguage":"tr","@id":"https:\/\/memurunsesi.net\/#\/schema\/logo\/image\/","url":"https:\/\/memurunsesi.net\/wp-content\/uploads\/2025\/11\/cropped-MEMURUN-SESI.png","contentUrl":"https:\/\/memurunsesi.net\/wp-content\/uploads\/2025\/11\/cropped-MEMURUN-SESI.png","width":238,"height":57,"caption":"Memurun Sesi"},"image":{"@id":"https:\/\/memurunsesi.net\/#\/schema\/logo\/image\/"},"sameAs":["https:\/\/www.facebook.com\/unipersen\/?locale=tr_TR","https:\/\/x.com\/unipersen"]},{"@type":"Person","@id":"https:\/\/memurunsesi.net\/#\/schema\/person\/f21c2d73b89f6ee1d80b0a1803e38587","name":"Memurun Sesi Haber Merkezi","image":{"@type":"ImageObject","inLanguage":"tr","@id":"https:\/\/secure.gravatar.com\/avatar\/6cf0505f452ee753f485014986fab09a434671d2b919ee76fc541025c5876a70?s=96&d=mm&r=g","url":"https:\/\/secure.gravatar.com\/avatar\/6cf0505f452ee753f485014986fab09a434671d2b919ee76fc541025c5876a70?s=96&d=mm&r=g","contentUrl":"https:\/\/secure.gravatar.com\/avatar\/6cf0505f452ee753f485014986fab09a434671d2b919ee76fc541025c5876a70?s=96&d=mm&r=g","caption":"Memurun Sesi Haber Merkezi"},"sameAs":["https:\/\/memurunsesi.net"],"url":"https:\/\/memurunsesi.net\/index.php\/author\/uniper\/"}]}},"_links":{"self":[{"href":"https:\/\/memurunsesi.net\/index.php\/wp-json\/wp\/v2\/posts\/5252","targetHints":{"allow":["GET"]}}],"collection":[{"href":"https:\/\/memurunsesi.net\/index.php\/wp-json\/wp\/v2\/posts"}],"about":[{"href":"https:\/\/memurunsesi.net\/index.php\/wp-json\/wp\/v2\/types\/post"}],"author":[{"embeddable":true,"href":"https:\/\/memurunsesi.net\/index.php\/wp-json\/wp\/v2\/users\/1"}],"replies":[{"embeddable":true,"href":"https:\/\/memurunsesi.net\/index.php\/wp-json\/wp\/v2\/comments?post=5252"}],"version-history":[{"count":1,"href":"https:\/\/memurunsesi.net\/index.php\/wp-json\/wp\/v2\/posts\/5252\/revisions"}],"predecessor-version":[{"id":5254,"href":"https:\/\/memurunsesi.net\/index.php\/wp-json\/wp\/v2\/posts\/5252\/revisions\/5254"}],"wp:attachment":[{"href":"https:\/\/memurunsesi.net\/index.php\/wp-json\/wp\/v2\/media?parent=5252"}],"wp:term":[{"taxonomy":"category","embeddable":true,"href":"https:\/\/memurunsesi.net\/index.php\/wp-json\/wp\/v2\/categories?post=5252"},{"taxonomy":"post_tag","embeddable":true,"href":"https:\/\/memurunsesi.net\/index.php\/wp-json\/wp\/v2\/tags?post=5252"}],"curies":[{"name":"wp","href":"https:\/\/api.w.org\/{rel}","templated":true}]}}