{"id":5259,"date":"2025-04-13T09:33:19","date_gmt":"2025-04-13T06:33:19","guid":{"rendered":"https:\/\/memurunsesi.net\/?p=5259"},"modified":"2025-04-13T09:33:19","modified_gmt":"2025-04-13T06:33:19","slug":"kaymakam-dalak-don-zarari-goren-baglarda-incelemelerde-bulundu","status":"publish","type":"post","link":"https:\/\/memurunsesi.net\/index.php\/2025\/04\/13\/kaymakam-dalak-don-zarari-goren-baglarda-incelemelerde-bulundu\/","title":{"rendered":"Kaymakam Dalak don zarar\u0131 g\u00f6ren ba\u011flarda incelemelerde bulundu"},"content":{"rendered":"<p>Sar\u0131g\u00f6l Kaymakam\u0131 Halil Dalak ve Sar\u0131g\u00f6l \u0130l\u00e7e Tar\u0131m ve Orman M\u00fcd\u00fcr\u00fc Ahmet Akar ile birlikte don olay\u0131ndan zarar g\u00f6ren ba\u011flarda incelemelerde bulunarak \u00fcreticilere ge\u00e7mi\u015f olsun dileklerini iletti.<br \/>\nSar\u0131g\u00f6l Kaymakam\u0131 Halil Dalak, il\u00e7eye ba\u011fl\u0131 Af\u015far ve Bereketli mahallelerinde zirai don afetinden zarar g\u00f6ren \u00fcz\u00fcm ba\u011flar\u0131nda incelemelerde bulundu. Dondan zarar g\u00f6ren \u00e7ift\u00e7ilere ge\u00e7mi\u015f olsun dileklerinde bulunan Sar\u0131g\u00f6l Kaymakam\u0131 Halil Dalak, \u0130l\u00e7e Tar\u0131m ve Orman M\u00fcd\u00fcr\u00fc Ahmet Akar\u2019dan bilgiler ald\u0131. \u00dcz\u00fcm \u00fcreticilerinin sorunlar\u0131n\u0131 dinleyen Kaymakam Dalak, &#8220;T\u00fcm \u00e7ift\u00e7ilerimize ge\u00e7mi\u015f olsun.&#8221; dedi.<\/p>\n<p>13.04.2025<\/p>\n","protected":false},"excerpt":{"rendered":"<p>Sar\u0131g\u00f6l Kaymakam\u0131 Halil Dalak ve Sar\u0131g\u00f6l \u0130l\u00e7e Tar\u0131m ve Orman M\u00fcd\u00fcr\u00fc Ahmet Akar ile birlikte don olay\u0131ndan zarar g\u00f6ren ba\u011flarda incelemelerde bulunarak \u00fcreticilere ge\u00e7mi\u015f olsun dileklerini iletti. Sar\u0131g\u00f6l Kaymakam\u0131 Halil Dalak, il\u00e7eye ba\u011fl\u0131 Af\u015far ve Bereketli mahallelerinde zirai don afetinden zarar g\u00f6ren \u00fcz\u00fcm ba\u011flar\u0131nda incelemelerde bulundu. Dondan zarar g\u00f6ren \u00e7ift\u00e7ilere ge\u00e7mi\u015f olsun dileklerinde bulunan Sar\u0131g\u00f6l [&hellip;]<\/p>\n","protected":false},"author":1,"featured_media":5260,"comment_status":"open","ping_status":"open","sticky":false,"template":"","format":"standard","meta":{"footnotes":""},"categories":[45],"tags":[],"class_list":["post-5259","post","type-post","status-publish","format-standard","has-post-thumbnail","hentry","category-gundem"],"yoast_head":"<!-- This site is optimized with the Yoast SEO plugin v27.4 - https:\/\/yoast.com\/product\/yoast-seo-wordpress\/ -->\n<title>Kaymakam Dalak don zarar\u0131 g\u00f6ren ba\u011flarda incelemelerde bulundu - Memurun Sesi<\/title>\n<meta name=\"robots\" content=\"index, follow, max-snippet:-1, max-image-preview:large, max-video-preview:-1\" \/>\n<link rel=\"canonical\" href=\"https:\/\/memurunsesi.net\/index.php\/2025\/04\/13\/kaymakam-dalak-don-zarari-goren-baglarda-incelemelerde-bulundu\/\" \/>\n<meta property=\"og:locale\" content=\"tr_TR\" \/>\n<meta property=\"og:type\" content=\"article\" \/>\n<meta property=\"og:title\" content=\"Kaymakam Dalak don zarar\u0131 g\u00f6ren ba\u011flarda incelemelerde bulundu - Memurun Sesi\" \/>\n<meta property=\"og:description\" content=\"Sar\u0131g\u00f6l Kaymakam\u0131 Halil Dalak ve Sar\u0131g\u00f6l \u0130l\u00e7e Tar\u0131m ve Orman M\u00fcd\u00fcr\u00fc Ahmet Akar ile birlikte don olay\u0131ndan zarar g\u00f6ren ba\u011flarda incelemelerde bulunarak \u00fcreticilere ge\u00e7mi\u015f olsun dileklerini iletti. Sar\u0131g\u00f6l Kaymakam\u0131 Halil Dalak, il\u00e7eye ba\u011fl\u0131 Af\u015far ve Bereketli mahallelerinde zirai don afetinden zarar g\u00f6ren \u00fcz\u00fcm ba\u011flar\u0131nda incelemelerde bulundu. Dondan zarar g\u00f6ren \u00e7ift\u00e7ilere ge\u00e7mi\u015f olsun dileklerinde bulunan Sar\u0131g\u00f6l [&hellip;]\" \/>\n<meta property=\"og:url\" content=\"https:\/\/memurunsesi.net\/index.php\/2025\/04\/13\/kaymakam-dalak-don-zarari-goren-baglarda-incelemelerde-bulundu\/\" \/>\n<meta property=\"og:site_name\" content=\"Memurun Sesi\" \/>\n<meta property=\"article:publisher\" content=\"https:\/\/www.facebook.com\/unipersen\/?locale=tr_TR\" \/>\n<meta property=\"article:published_time\" content=\"2025-04-13T06:33:19+00:00\" \/>\n<meta property=\"og:image\" content=\"https:\/\/memurunsesi.net\/wp-content\/uploads\/2025\/04\/AW431516_01-1.jpg\" \/>\n\t<meta property=\"og:image:width\" content=\"1600\" \/>\n\t<meta property=\"og:image:height\" content=\"1200\" \/>\n\t<meta property=\"og:image:type\" content=\"image\/jpeg\" \/>\n<meta name=\"author\" content=\"Memurun Sesi Haber Merkezi\" \/>\n<meta name=\"twitter:card\" content=\"summary_large_image\" \/>\n<meta name=\"twitter:creator\" content=\"@unipersen\" \/>\n<meta name=\"twitter:site\" content=\"@unipersen\" \/>\n<meta name=\"twitter:label1\" content=\"Yazan:\" \/>\n\t<meta name=\"twitter:data1\" content=\"Memurun Sesi Haber Merkezi\" \/>\n\t<meta name=\"twitter:label2\" content=\"Tahmini okuma s\u00fcresi\" \/>\n\t<meta name=\"twitter:data2\" content=\"1 dakika\" \/>\n<script type=\"application\/ld+json\" class=\"yoast-schema-graph\">{\"@context\":\"https:\\\/\\\/schema.org\",\"@graph\":[{\"@type\":\"Article\",\"@id\":\"https:\\\/\\\/memurunsesi.net\\\/index.php\\\/2025\\\/04\\\/13\\\/kaymakam-dalak-don-zarari-goren-baglarda-incelemelerde-bulundu\\\/#article\",\"isPartOf\":{\"@id\":\"https:\\\/\\\/memurunsesi.net\\\/index.php\\\/2025\\\/04\\\/13\\\/kaymakam-dalak-don-zarari-goren-baglarda-incelemelerde-bulundu\\\/\"},\"author\":{\"name\":\"Memurun Sesi Haber Merkezi\",\"@id\":\"https:\\\/\\\/memurunsesi.net\\\/#\\\/schema\\\/person\\\/f21c2d73b89f6ee1d80b0a1803e38587\"},\"headline\":\"Kaymakam Dalak don zarar\u0131 g\u00f6ren ba\u011flarda incelemelerde bulundu\",\"datePublished\":\"2025-04-13T06:33:19+00:00\",\"mainEntityOfPage\":{\"@id\":\"https:\\\/\\\/memurunsesi.net\\\/index.php\\\/2025\\\/04\\\/13\\\/kaymakam-dalak-don-zarari-goren-baglarda-incelemelerde-bulundu\\\/\"},\"wordCount\":124,\"commentCount\":0,\"publisher\":{\"@id\":\"https:\\\/\\\/memurunsesi.net\\\/#organization\"},\"image\":{\"@id\":\"https:\\\/\\\/memurunsesi.net\\\/index.php\\\/2025\\\/04\\\/13\\\/kaymakam-dalak-don-zarari-goren-baglarda-incelemelerde-bulundu\\\/#primaryimage\"},\"thumbnailUrl\":\"https:\\\/\\\/memurunsesi.net\\\/wp-content\\\/uploads\\\/2025\\\/04\\\/AW431516_01-1.jpg\",\"articleSection\":[\"G\u00fcndem\"],\"inLanguage\":\"tr\",\"potentialAction\":[{\"@type\":\"CommentAction\",\"name\":\"Comment\",\"target\":[\"https:\\\/\\\/memurunsesi.net\\\/index.php\\\/2025\\\/04\\\/13\\\/kaymakam-dalak-don-zarari-goren-baglarda-incelemelerde-bulundu\\\/#respond\"]}]},{\"@type\":\"WebPage\",\"@id\":\"https:\\\/\\\/memurunsesi.net\\\/index.php\\\/2025\\\/04\\\/13\\\/kaymakam-dalak-don-zarari-goren-baglarda-incelemelerde-bulundu\\\/\",\"url\":\"https:\\\/\\\/memurunsesi.net\\\/index.php\\\/2025\\\/04\\\/13\\\/kaymakam-dalak-don-zarari-goren-baglarda-incelemelerde-bulundu\\\/\",\"name\":\"Kaymakam Dalak don zarar\u0131 g\u00f6ren ba\u011flarda incelemelerde bulundu - Memurun Sesi\",\"isPartOf\":{\"@id\":\"https:\\\/\\\/memurunsesi.net\\\/#website\"},\"primaryImageOfPage\":{\"@id\":\"https:\\\/\\\/memurunsesi.net\\\/index.php\\\/2025\\\/04\\\/13\\\/kaymakam-dalak-don-zarari-goren-baglarda-incelemelerde-bulundu\\\/#primaryimage\"},\"image\":{\"@id\":\"https:\\\/\\\/memurunsesi.net\\\/index.php\\\/2025\\\/04\\\/13\\\/kaymakam-dalak-don-zarari-goren-baglarda-incelemelerde-bulundu\\\/#primaryimage\"},\"thumbnailUrl\":\"https:\\\/\\\/memurunsesi.net\\\/wp-content\\\/uploads\\\/2025\\\/04\\\/AW431516_01-1.jpg\",\"datePublished\":\"2025-04-13T06:33:19+00:00\",\"breadcrumb\":{\"@id\":\"https:\\\/\\\/memurunsesi.net\\\/index.php\\\/2025\\\/04\\\/13\\\/kaymakam-dalak-don-zarari-goren-baglarda-incelemelerde-bulundu\\\/#breadcrumb\"},\"inLanguage\":\"tr\",\"potentialAction\":[{\"@type\":\"ReadAction\",\"target\":[\"https:\\\/\\\/memurunsesi.net\\\/index.php\\\/2025\\\/04\\\/13\\\/kaymakam-dalak-don-zarari-goren-baglarda-incelemelerde-bulundu\\\/\"]}]},{\"@type\":\"ImageObject\",\"inLanguage\":\"tr\",\"@id\":\"https:\\\/\\\/memurunsesi.net\\\/index.php\\\/2025\\\/04\\\/13\\\/kaymakam-dalak-don-zarari-goren-baglarda-incelemelerde-bulundu\\\/#primaryimage\",\"url\":\"https:\\\/\\\/memurunsesi.net\\\/wp-content\\\/uploads\\\/2025\\\/04\\\/AW431516_01-1.jpg\",\"contentUrl\":\"https:\\\/\\\/memurunsesi.net\\\/wp-content\\\/uploads\\\/2025\\\/04\\\/AW431516_01-1.jpg\",\"width\":1600,\"height\":1200,\"caption\":\"SARIG\u00d6L KAYMAKAMI HAL\u0130L DALAK VE SARIG\u00d6L \u0130L\u00c7E TARIM VE ORMAN M\u00dcD\u00dcR\u00dc AHMET AKAR \u0130LE B\u0130RL\u0130KTE DON OLAYINDAN ZARAR G\u00d6REN BA\u011eLARDA \u0130NCELEMELERDE BULUNARAK \u00dcRET\u0130C\u0130LERE GE\u00c7M\u0130\u015e OLSUN D\u0130LEKLER\u0130N\u0130 \u0130LETT\u0130. (H\u0130MMET VEHB\u0130 SARIHAN\\\/MAN\u0130SA-\u0130HA) Sar\u0131g\u00f6l Kaymakam\u0131 Halil Dalak ve Sar\u0131g\u00f6l \u0130l\u00e7e Tar\u0131m ve Orman M\u00fcd\u00fcr\u00fc Ahmet Akar ile birlikte don olay\u0131ndan zarar g\u00f6ren ba\u011flarda incelemelerde bulunarak \u00fcreticilere ge\u00e7mi\u015f olsun dileklerini iletti.\"},{\"@type\":\"BreadcrumbList\",\"@id\":\"https:\\\/\\\/memurunsesi.net\\\/index.php\\\/2025\\\/04\\\/13\\\/kaymakam-dalak-don-zarari-goren-baglarda-incelemelerde-bulundu\\\/#breadcrumb\",\"itemListElement\":[{\"@type\":\"ListItem\",\"position\":1,\"name\":\"Anasayfa\",\"item\":\"https:\\\/\\\/memurunsesi.net\\\/\"},{\"@type\":\"ListItem\",\"position\":2,\"name\":\"Kaymakam Dalak don zarar\u0131 g\u00f6ren ba\u011flarda incelemelerde bulundu\"}]},{\"@type\":\"WebSite\",\"@id\":\"https:\\\/\\\/memurunsesi.net\\\/#website\",\"url\":\"https:\\\/\\\/memurunsesi.net\\\/\",\"name\":\"Memurun Sesi\",\"description\":\"G\u00fcncel ve Do\u011fru Haber\",\"publisher\":{\"@id\":\"https:\\\/\\\/memurunsesi.net\\\/#organization\"},\"potentialAction\":[{\"@type\":\"SearchAction\",\"target\":{\"@type\":\"EntryPoint\",\"urlTemplate\":\"https:\\\/\\\/memurunsesi.net\\\/?s={search_term_string}\"},\"query-input\":{\"@type\":\"PropertyValueSpecification\",\"valueRequired\":true,\"valueName\":\"search_term_string\"}}],\"inLanguage\":\"tr\"},{\"@type\":\"Organization\",\"@id\":\"https:\\\/\\\/memurunsesi.net\\\/#organization\",\"name\":\"Memurun Sesi\",\"url\":\"https:\\\/\\\/memurunsesi.net\\\/\",\"logo\":{\"@type\":\"ImageObject\",\"inLanguage\":\"tr\",\"@id\":\"https:\\\/\\\/memurunsesi.net\\\/#\\\/schema\\\/logo\\\/image\\\/\",\"url\":\"https:\\\/\\\/memurunsesi.net\\\/wp-content\\\/uploads\\\/2025\\\/11\\\/cropped-MEMURUN-SESI.png\",\"contentUrl\":\"https:\\\/\\\/memurunsesi.net\\\/wp-content\\\/uploads\\\/2025\\\/11\\\/cropped-MEMURUN-SESI.png\",\"width\":238,\"height\":57,\"caption\":\"Memurun Sesi\"},\"image\":{\"@id\":\"https:\\\/\\\/memurunsesi.net\\\/#\\\/schema\\\/logo\\\/image\\\/\"},\"sameAs\":[\"https:\\\/\\\/www.facebook.com\\\/unipersen\\\/?locale=tr_TR\",\"https:\\\/\\\/x.com\\\/unipersen\"]},{\"@type\":\"Person\",\"@id\":\"https:\\\/\\\/memurunsesi.net\\\/#\\\/schema\\\/person\\\/f21c2d73b89f6ee1d80b0a1803e38587\",\"name\":\"Memurun Sesi Haber Merkezi\",\"image\":{\"@type\":\"ImageObject\",\"inLanguage\":\"tr\",\"@id\":\"https:\\\/\\\/secure.gravatar.com\\\/avatar\\\/6cf0505f452ee753f485014986fab09a434671d2b919ee76fc541025c5876a70?s=96&d=mm&r=g\",\"url\":\"https:\\\/\\\/secure.gravatar.com\\\/avatar\\\/6cf0505f452ee753f485014986fab09a434671d2b919ee76fc541025c5876a70?s=96&d=mm&r=g\",\"contentUrl\":\"https:\\\/\\\/secure.gravatar.com\\\/avatar\\\/6cf0505f452ee753f485014986fab09a434671d2b919ee76fc541025c5876a70?s=96&d=mm&r=g\",\"caption\":\"Memurun Sesi Haber Merkezi\"},\"sameAs\":[\"https:\\\/\\\/memurunsesi.net\"],\"url\":\"https:\\\/\\\/memurunsesi.net\\\/index.php\\\/author\\\/uniper\\\/\"}]}<\/script>\n<!-- \/ Yoast SEO plugin. -->","yoast_head_json":{"title":"Kaymakam Dalak don zarar\u0131 g\u00f6ren ba\u011flarda incelemelerde bulundu - Memurun Sesi","robots":{"index":"index","follow":"follow","max-snippet":"max-snippet:-1","max-image-preview":"max-image-preview:large","max-video-preview":"max-video-preview:-1"},"canonical":"https:\/\/memurunsesi.net\/index.php\/2025\/04\/13\/kaymakam-dalak-don-zarari-goren-baglarda-incelemelerde-bulundu\/","og_locale":"tr_TR","og_type":"article","og_title":"Kaymakam Dalak don zarar\u0131 g\u00f6ren ba\u011flarda incelemelerde bulundu - Memurun Sesi","og_description":"Sar\u0131g\u00f6l Kaymakam\u0131 Halil Dalak ve Sar\u0131g\u00f6l \u0130l\u00e7e Tar\u0131m ve Orman M\u00fcd\u00fcr\u00fc Ahmet Akar ile birlikte don olay\u0131ndan zarar g\u00f6ren ba\u011flarda incelemelerde bulunarak \u00fcreticilere ge\u00e7mi\u015f olsun dileklerini iletti. Sar\u0131g\u00f6l Kaymakam\u0131 Halil Dalak, il\u00e7eye ba\u011fl\u0131 Af\u015far ve Bereketli mahallelerinde zirai don afetinden zarar g\u00f6ren \u00fcz\u00fcm ba\u011flar\u0131nda incelemelerde bulundu. Dondan zarar g\u00f6ren \u00e7ift\u00e7ilere ge\u00e7mi\u015f olsun dileklerinde bulunan Sar\u0131g\u00f6l [&hellip;]","og_url":"https:\/\/memurunsesi.net\/index.php\/2025\/04\/13\/kaymakam-dalak-don-zarari-goren-baglarda-incelemelerde-bulundu\/","og_site_name":"Memurun Sesi","article_publisher":"https:\/\/www.facebook.com\/unipersen\/?locale=tr_TR","article_published_time":"2025-04-13T06:33:19+00:00","og_image":[{"width":1600,"height":1200,"url":"https:\/\/memurunsesi.net\/wp-content\/uploads\/2025\/04\/AW431516_01-1.jpg","type":"image\/jpeg"}],"author":"Memurun Sesi Haber Merkezi","twitter_card":"summary_large_image","twitter_creator":"@unipersen","twitter_site":"@unipersen","twitter_misc":{"Yazan:":"Memurun Sesi Haber Merkezi","Tahmini okuma s\u00fcresi":"1 dakika"},"schema":{"@context":"https:\/\/schema.org","@graph":[{"@type":"Article","@id":"https:\/\/memurunsesi.net\/index.php\/2025\/04\/13\/kaymakam-dalak-don-zarari-goren-baglarda-incelemelerde-bulundu\/#article","isPartOf":{"@id":"https:\/\/memurunsesi.net\/index.php\/2025\/04\/13\/kaymakam-dalak-don-zarari-goren-baglarda-incelemelerde-bulundu\/"},"author":{"name":"Memurun Sesi Haber Merkezi","@id":"https:\/\/memurunsesi.net\/#\/schema\/person\/f21c2d73b89f6ee1d80b0a1803e38587"},"headline":"Kaymakam Dalak don zarar\u0131 g\u00f6ren ba\u011flarda incelemelerde bulundu","datePublished":"2025-04-13T06:33:19+00:00","mainEntityOfPage":{"@id":"https:\/\/memurunsesi.net\/index.php\/2025\/04\/13\/kaymakam-dalak-don-zarari-goren-baglarda-incelemelerde-bulundu\/"},"wordCount":124,"commentCount":0,"publisher":{"@id":"https:\/\/memurunsesi.net\/#organization"},"image":{"@id":"https:\/\/memurunsesi.net\/index.php\/2025\/04\/13\/kaymakam-dalak-don-zarari-goren-baglarda-incelemelerde-bulundu\/#primaryimage"},"thumbnailUrl":"https:\/\/memurunsesi.net\/wp-content\/uploads\/2025\/04\/AW431516_01-1.jpg","articleSection":["G\u00fcndem"],"inLanguage":"tr","potentialAction":[{"@type":"CommentAction","name":"Comment","target":["https:\/\/memurunsesi.net\/index.php\/2025\/04\/13\/kaymakam-dalak-don-zarari-goren-baglarda-incelemelerde-bulundu\/#respond"]}]},{"@type":"WebPage","@id":"https:\/\/memurunsesi.net\/index.php\/2025\/04\/13\/kaymakam-dalak-don-zarari-goren-baglarda-incelemelerde-bulundu\/","url":"https:\/\/memurunsesi.net\/index.php\/2025\/04\/13\/kaymakam-dalak-don-zarari-goren-baglarda-incelemelerde-bulundu\/","name":"Kaymakam Dalak don zarar\u0131 g\u00f6ren ba\u011flarda incelemelerde bulundu - Memurun Sesi","isPartOf":{"@id":"https:\/\/memurunsesi.net\/#website"},"primaryImageOfPage":{"@id":"https:\/\/memurunsesi.net\/index.php\/2025\/04\/13\/kaymakam-dalak-don-zarari-goren-baglarda-incelemelerde-bulundu\/#primaryimage"},"image":{"@id":"https:\/\/memurunsesi.net\/index.php\/2025\/04\/13\/kaymakam-dalak-don-zarari-goren-baglarda-incelemelerde-bulundu\/#primaryimage"},"thumbnailUrl":"https:\/\/memurunsesi.net\/wp-content\/uploads\/2025\/04\/AW431516_01-1.jpg","datePublished":"2025-04-13T06:33:19+00:00","breadcrumb":{"@id":"https:\/\/memurunsesi.net\/index.php\/2025\/04\/13\/kaymakam-dalak-don-zarari-goren-baglarda-incelemelerde-bulundu\/#breadcrumb"},"inLanguage":"tr","potentialAction":[{"@type":"ReadAction","target":["https:\/\/memurunsesi.net\/index.php\/2025\/04\/13\/kaymakam-dalak-don-zarari-goren-baglarda-incelemelerde-bulundu\/"]}]},{"@type":"ImageObject","inLanguage":"tr","@id":"https:\/\/memurunsesi.net\/index.php\/2025\/04\/13\/kaymakam-dalak-don-zarari-goren-baglarda-incelemelerde-bulundu\/#primaryimage","url":"https:\/\/memurunsesi.net\/wp-content\/uploads\/2025\/04\/AW431516_01-1.jpg","contentUrl":"https:\/\/memurunsesi.net\/wp-content\/uploads\/2025\/04\/AW431516_01-1.jpg","width":1600,"height":1200,"caption":"SARIG\u00d6L KAYMAKAMI HAL\u0130L DALAK VE SARIG\u00d6L \u0130L\u00c7E TARIM VE ORMAN M\u00dcD\u00dcR\u00dc AHMET AKAR \u0130LE B\u0130RL\u0130KTE DON OLAYINDAN ZARAR G\u00d6REN BA\u011eLARDA \u0130NCELEMELERDE BULUNARAK \u00dcRET\u0130C\u0130LERE GE\u00c7M\u0130\u015e OLSUN D\u0130LEKLER\u0130N\u0130 \u0130LETT\u0130. (H\u0130MMET VEHB\u0130 SARIHAN\/MAN\u0130SA-\u0130HA) Sar\u0131g\u00f6l Kaymakam\u0131 Halil Dalak ve Sar\u0131g\u00f6l \u0130l\u00e7e Tar\u0131m ve Orman M\u00fcd\u00fcr\u00fc Ahmet Akar ile birlikte don olay\u0131ndan zarar g\u00f6ren ba\u011flarda incelemelerde bulunarak \u00fcreticilere ge\u00e7mi\u015f olsun dileklerini iletti."},{"@type":"BreadcrumbList","@id":"https:\/\/memurunsesi.net\/index.php\/2025\/04\/13\/kaymakam-dalak-don-zarari-goren-baglarda-incelemelerde-bulundu\/#breadcrumb","itemListElement":[{"@type":"ListItem","position":1,"name":"Anasayfa","item":"https:\/\/memurunsesi.net\/"},{"@type":"ListItem","position":2,"name":"Kaymakam Dalak don zarar\u0131 g\u00f6ren ba\u011flarda incelemelerde bulundu"}]},{"@type":"WebSite","@id":"https:\/\/memurunsesi.net\/#website","url":"https:\/\/memurunsesi.net\/","name":"Memurun Sesi","description":"G\u00fcncel ve Do\u011fru Haber","publisher":{"@id":"https:\/\/memurunsesi.net\/#organization"},"potentialAction":[{"@type":"SearchAction","target":{"@type":"EntryPoint","urlTemplate":"https:\/\/memurunsesi.net\/?s={search_term_string}"},"query-input":{"@type":"PropertyValueSpecification","valueRequired":true,"valueName":"search_term_string"}}],"inLanguage":"tr"},{"@type":"Organization","@id":"https:\/\/memurunsesi.net\/#organization","name":"Memurun Sesi","url":"https:\/\/memurunsesi.net\/","logo":{"@type":"ImageObject","inLanguage":"tr","@id":"https:\/\/memurunsesi.net\/#\/schema\/logo\/image\/","url":"https:\/\/memurunsesi.net\/wp-content\/uploads\/2025\/11\/cropped-MEMURUN-SESI.png","contentUrl":"https:\/\/memurunsesi.net\/wp-content\/uploads\/2025\/11\/cropped-MEMURUN-SESI.png","width":238,"height":57,"caption":"Memurun Sesi"},"image":{"@id":"https:\/\/memurunsesi.net\/#\/schema\/logo\/image\/"},"sameAs":["https:\/\/www.facebook.com\/unipersen\/?locale=tr_TR","https:\/\/x.com\/unipersen"]},{"@type":"Person","@id":"https:\/\/memurunsesi.net\/#\/schema\/person\/f21c2d73b89f6ee1d80b0a1803e38587","name":"Memurun Sesi Haber Merkezi","image":{"@type":"ImageObject","inLanguage":"tr","@id":"https:\/\/secure.gravatar.com\/avatar\/6cf0505f452ee753f485014986fab09a434671d2b919ee76fc541025c5876a70?s=96&d=mm&r=g","url":"https:\/\/secure.gravatar.com\/avatar\/6cf0505f452ee753f485014986fab09a434671d2b919ee76fc541025c5876a70?s=96&d=mm&r=g","contentUrl":"https:\/\/secure.gravatar.com\/avatar\/6cf0505f452ee753f485014986fab09a434671d2b919ee76fc541025c5876a70?s=96&d=mm&r=g","caption":"Memurun Sesi Haber Merkezi"},"sameAs":["https:\/\/memurunsesi.net"],"url":"https:\/\/memurunsesi.net\/index.php\/author\/uniper\/"}]}},"_links":{"self":[{"href":"https:\/\/memurunsesi.net\/index.php\/wp-json\/wp\/v2\/posts\/5259","targetHints":{"allow":["GET"]}}],"collection":[{"href":"https:\/\/memurunsesi.net\/index.php\/wp-json\/wp\/v2\/posts"}],"about":[{"href":"https:\/\/memurunsesi.net\/index.php\/wp-json\/wp\/v2\/types\/post"}],"author":[{"embeddable":true,"href":"https:\/\/memurunsesi.net\/index.php\/wp-json\/wp\/v2\/users\/1"}],"replies":[{"embeddable":true,"href":"https:\/\/memurunsesi.net\/index.php\/wp-json\/wp\/v2\/comments?post=5259"}],"version-history":[{"count":1,"href":"https:\/\/memurunsesi.net\/index.php\/wp-json\/wp\/v2\/posts\/5259\/revisions"}],"predecessor-version":[{"id":5261,"href":"https:\/\/memurunsesi.net\/index.php\/wp-json\/wp\/v2\/posts\/5259\/revisions\/5261"}],"wp:featuredmedia":[{"embeddable":true,"href":"https:\/\/memurunsesi.net\/index.php\/wp-json\/wp\/v2\/media\/5260"}],"wp:attachment":[{"href":"https:\/\/memurunsesi.net\/index.php\/wp-json\/wp\/v2\/media?parent=5259"}],"wp:term":[{"taxonomy":"category","embeddable":true,"href":"https:\/\/memurunsesi.net\/index.php\/wp-json\/wp\/v2\/categories?post=5259"},{"taxonomy":"post_tag","embeddable":true,"href":"https:\/\/memurunsesi.net\/index.php\/wp-json\/wp\/v2\/tags?post=5259"}],"curies":[{"name":"wp","href":"https:\/\/api.w.org\/{rel}","templated":true}]}}