{"id":5262,"date":"2025-04-13T09:35:05","date_gmt":"2025-04-13T06:35:05","guid":{"rendered":"https:\/\/memurunsesi.net\/?p=5262"},"modified":"2025-04-13T09:35:05","modified_gmt":"2025-04-13T06:35:05","slug":"karsta-kazalar-kuluckaya-yatti-yilin-ilk-yavrulari-cikti","status":"publish","type":"post","link":"https:\/\/memurunsesi.net\/index.php\/2025\/04\/13\/karsta-kazalar-kuluckaya-yatti-yilin-ilk-yavrulari-cikti\/","title":{"rendered":"Kars\u2019ta kazalar kulu\u00e7kaya yatt\u0131, y\u0131l\u0131n ilk yavrular\u0131 \u00e7\u0131kt\u0131"},"content":{"rendered":"<p>Kars\u2019ta kazlar kulu\u00e7kaya yatt\u0131. Akyaka\u2019da ise y\u0131l\u0131n ilk kaz yavrular\u0131 \u00e7\u0131kt\u0131. Kentte ilkbahar\u0131n gelmesiyle birlikte kazlar\u0131n kulu\u00e7ka d\u00f6nemi ba\u015flad\u0131 ve sezonun ilk &#8220;bilik&#8221; ad\u0131 verilen kaz yavrular\u0131 baharla birlikte d\u00fcnyaya g\u00f6zlerini a\u00e7t\u0131.<br \/>\nK\u0131\u015f aylar\u0131nda sofralar\u0131n vazge\u00e7ilmezi olan ve b\u00f6lge ekonomisine \u00f6nemli katk\u0131 sa\u011flayan Kars kazlar\u0131n\u0131n &#8220;bilik&#8221; olarak adland\u0131r\u0131lan yavrular\u0131, besiciler taraf\u0131ndan \u00f6zenle yeti\u015ftiriliyor. Yavru kazlar, yakla\u015f\u0131k 28-31 g\u00fcnl\u00fck kulu\u00e7ka s\u00fcresinin ard\u0131ndan d\u00fcnyaya geliyor ve ilk etapta evlerde bak\u0131ld\u0131ktan sonra meralara sal\u0131n\u0131yor.<br \/>\nKars\u2019\u0131n Akyaka il\u00e7esine ba\u011fl\u0131 \u015eahnalar k\u00f6y\u00fcnde kazlar\u0131n\u0131 kulu\u00e7kaya yat\u0131ran Yener \u00d6zdemir, &#8220;Bizim y\u00f6rede kazlar yumurtlad\u0131\u011f\u0131 zaman al\u0131r\u0131z, bir y\u00fcn\u00fcn i\u00e7erisine, s\u0131cak bir b\u00f6lgeye yumurtay\u0131 dikine de\u011fil, yatay bir \u015fekilde yumurtalar\u0131 toplar\u0131z. Yumurtalar\u0131 kazlar kulu\u00e7kaya yatt\u0131\u011f\u0131 zaman alt\u0131na koyar\u0131z. Ortalama yavrular 1 ay i\u00e7erisinde \u00e7\u0131k\u0131yor&#8221; dedi.<br \/>\nKazlar\u0131n yumurtalar\u0131n\u0131 titizlikle kontrol ettiklerini ifade eden Yener \u00d6zdemir, &#8220;Kazlar kulu\u00e7kaya yatt\u0131\u011f\u0131 zaman ilk 10 g\u00fcn i\u00e7erisinde yumurtay\u0131 g\u00fcne\u015f ve lamba \u0131\u015f\u0131\u011f\u0131na kar\u015f\u0131 tutarlar, i\u00e7eride damarlar veya g\u00f6zler olu\u015fur. Bunlar olu\u015ftu\u011funda i\u00e7erisinde civciv oldu\u011fu anla\u015f\u0131l\u0131yor. O damarc\u0131klar olmazsa o yumurta bo\u015f, onlar\u0131 kaz\u0131n alt\u0131ndan almak laz\u0131m di\u011fer yumurtalar\u0131 rahat bir \u015fekilde \u00e7evirsin&#8221; diye konu\u015ftu.<br \/>\nAkyaka\u2019da kazlar kulu\u00e7kaya yatarken, sezonun ilk bilikleri hayata merhaba dedi. \u0130lk kaz biliklerine vatanda\u015flar g\u00f6z\u00fc gibi bakmaya ba\u015flad\u0131. \u0130lk g\u00fcnlerinde annelerin yan\u0131n\u0131n evlerde bak\u0131lan bilikler biraz b\u00fcy\u00fcd\u00fckten sonra anneleriyle birlikte d\u0131\u015far\u0131 \u00e7\u0131kar\u0131l\u0131yor. Yavrular sa\u011fl\u0131kl\u0131 b\u00fcy\u00fcmeleri i\u00e7in ana\u00e7 kazlarla birlikte meralarda otlat\u0131yor. Bu y\u00f6ntem kazlar\u0131n do\u011fal ortamlar\u0131nda geli\u015fmesini sa\u011fl\u0131yor.<br \/>\nKars\u2019ta \u00f6nemli bir yere sahip kazlar, \u00e7ok say\u0131da k\u00f6yde vatanda\u015flar taraf\u0131ndan besleniyor. Kazlar Kas\u0131m ve Aral\u0131k aylar\u0131ndan kar yedikten sonra kesiliyor.<\/p>\n<p>13.04.2025<\/p>\n","protected":false},"excerpt":{"rendered":"<p>Kars\u2019ta kazlar kulu\u00e7kaya yatt\u0131. Akyaka\u2019da ise y\u0131l\u0131n ilk kaz yavrular\u0131 \u00e7\u0131kt\u0131. Kentte ilkbahar\u0131n gelmesiyle birlikte kazlar\u0131n kulu\u00e7ka d\u00f6nemi ba\u015flad\u0131 ve sezonun ilk &#8220;bilik&#8221; ad\u0131 verilen kaz yavrular\u0131 baharla birlikte d\u00fcnyaya g\u00f6zlerini a\u00e7t\u0131. K\u0131\u015f aylar\u0131nda sofralar\u0131n vazge\u00e7ilmezi olan ve b\u00f6lge ekonomisine \u00f6nemli katk\u0131 sa\u011flayan Kars kazlar\u0131n\u0131n &#8220;bilik&#8221; olarak adland\u0131r\u0131lan yavrular\u0131, besiciler taraf\u0131ndan \u00f6zenle yeti\u015ftiriliyor. Yavru kazlar, [&hellip;]<\/p>\n","protected":false},"author":1,"featured_media":5263,"comment_status":"open","ping_status":"open","sticky":false,"template":"","format":"standard","meta":{"footnotes":""},"categories":[50],"tags":[],"class_list":["post-5262","post","type-post","status-publish","format-standard","has-post-thumbnail","hentry","category-tum-haberler"],"yoast_head":"<!-- This site is optimized with the Yoast SEO plugin v27.4 - https:\/\/yoast.com\/product\/yoast-seo-wordpress\/ -->\n<title>Kars\u2019ta kazalar kulu\u00e7kaya yatt\u0131, y\u0131l\u0131n ilk yavrular\u0131 \u00e7\u0131kt\u0131 - Memurun Sesi<\/title>\n<meta name=\"robots\" content=\"index, follow, max-snippet:-1, max-image-preview:large, max-video-preview:-1\" \/>\n<link rel=\"canonical\" href=\"https:\/\/memurunsesi.net\/index.php\/2025\/04\/13\/karsta-kazalar-kuluckaya-yatti-yilin-ilk-yavrulari-cikti\/\" \/>\n<meta property=\"og:locale\" content=\"tr_TR\" \/>\n<meta property=\"og:type\" content=\"article\" \/>\n<meta property=\"og:title\" content=\"Kars\u2019ta kazalar kulu\u00e7kaya yatt\u0131, y\u0131l\u0131n ilk yavrular\u0131 \u00e7\u0131kt\u0131 - Memurun Sesi\" \/>\n<meta property=\"og:description\" content=\"Kars\u2019ta kazlar kulu\u00e7kaya yatt\u0131. Akyaka\u2019da ise y\u0131l\u0131n ilk kaz yavrular\u0131 \u00e7\u0131kt\u0131. Kentte ilkbahar\u0131n gelmesiyle birlikte kazlar\u0131n kulu\u00e7ka d\u00f6nemi ba\u015flad\u0131 ve sezonun ilk &#8220;bilik&#8221; ad\u0131 verilen kaz yavrular\u0131 baharla birlikte d\u00fcnyaya g\u00f6zlerini a\u00e7t\u0131. K\u0131\u015f aylar\u0131nda sofralar\u0131n vazge\u00e7ilmezi olan ve b\u00f6lge ekonomisine \u00f6nemli katk\u0131 sa\u011flayan Kars kazlar\u0131n\u0131n &#8220;bilik&#8221; olarak adland\u0131r\u0131lan yavrular\u0131, besiciler taraf\u0131ndan \u00f6zenle yeti\u015ftiriliyor. Yavru kazlar, [&hellip;]\" \/>\n<meta property=\"og:url\" content=\"https:\/\/memurunsesi.net\/index.php\/2025\/04\/13\/karsta-kazalar-kuluckaya-yatti-yilin-ilk-yavrulari-cikti\/\" \/>\n<meta property=\"og:site_name\" content=\"Memurun Sesi\" \/>\n<meta property=\"article:publisher\" content=\"https:\/\/www.facebook.com\/unipersen\/?locale=tr_TR\" \/>\n<meta property=\"article:published_time\" content=\"2025-04-13T06:35:05+00:00\" \/>\n<meta property=\"og:image\" content=\"https:\/\/memurunsesi.net\/wp-content\/uploads\/2025\/04\/AW431524_01-scaled.jpg\" \/>\n\t<meta property=\"og:image:width\" content=\"2560\" \/>\n\t<meta property=\"og:image:height\" content=\"1920\" \/>\n\t<meta property=\"og:image:type\" content=\"image\/jpeg\" \/>\n<meta name=\"author\" content=\"Memurun Sesi Haber Merkezi\" \/>\n<meta name=\"twitter:card\" content=\"summary_large_image\" \/>\n<meta name=\"twitter:creator\" content=\"@unipersen\" \/>\n<meta name=\"twitter:site\" content=\"@unipersen\" \/>\n<meta name=\"twitter:label1\" content=\"Yazan:\" \/>\n\t<meta name=\"twitter:data1\" content=\"Memurun Sesi Haber Merkezi\" \/>\n\t<meta name=\"twitter:label2\" content=\"Tahmini okuma s\u00fcresi\" \/>\n\t<meta name=\"twitter:data2\" content=\"2 dakika\" \/>\n<script type=\"application\/ld+json\" class=\"yoast-schema-graph\">{\"@context\":\"https:\\\/\\\/schema.org\",\"@graph\":[{\"@type\":\"Article\",\"@id\":\"https:\\\/\\\/memurunsesi.net\\\/index.php\\\/2025\\\/04\\\/13\\\/karsta-kazalar-kuluckaya-yatti-yilin-ilk-yavrulari-cikti\\\/#article\",\"isPartOf\":{\"@id\":\"https:\\\/\\\/memurunsesi.net\\\/index.php\\\/2025\\\/04\\\/13\\\/karsta-kazalar-kuluckaya-yatti-yilin-ilk-yavrulari-cikti\\\/\"},\"author\":{\"name\":\"Memurun Sesi Haber Merkezi\",\"@id\":\"https:\\\/\\\/memurunsesi.net\\\/#\\\/schema\\\/person\\\/f21c2d73b89f6ee1d80b0a1803e38587\"},\"headline\":\"Kars\u2019ta kazalar kulu\u00e7kaya yatt\u0131, y\u0131l\u0131n ilk yavrular\u0131 \u00e7\u0131kt\u0131\",\"datePublished\":\"2025-04-13T06:35:05+00:00\",\"mainEntityOfPage\":{\"@id\":\"https:\\\/\\\/memurunsesi.net\\\/index.php\\\/2025\\\/04\\\/13\\\/karsta-kazalar-kuluckaya-yatti-yilin-ilk-yavrulari-cikti\\\/\"},\"wordCount\":364,\"commentCount\":0,\"publisher\":{\"@id\":\"https:\\\/\\\/memurunsesi.net\\\/#organization\"},\"image\":{\"@id\":\"https:\\\/\\\/memurunsesi.net\\\/index.php\\\/2025\\\/04\\\/13\\\/karsta-kazalar-kuluckaya-yatti-yilin-ilk-yavrulari-cikti\\\/#primaryimage\"},\"thumbnailUrl\":\"https:\\\/\\\/memurunsesi.net\\\/wp-content\\\/uploads\\\/2025\\\/04\\\/AW431524_01-scaled.jpg\",\"articleSection\":[\"T\u00fcm Haberler\"],\"inLanguage\":\"tr\",\"potentialAction\":[{\"@type\":\"CommentAction\",\"name\":\"Comment\",\"target\":[\"https:\\\/\\\/memurunsesi.net\\\/index.php\\\/2025\\\/04\\\/13\\\/karsta-kazalar-kuluckaya-yatti-yilin-ilk-yavrulari-cikti\\\/#respond\"]}]},{\"@type\":\"WebPage\",\"@id\":\"https:\\\/\\\/memurunsesi.net\\\/index.php\\\/2025\\\/04\\\/13\\\/karsta-kazalar-kuluckaya-yatti-yilin-ilk-yavrulari-cikti\\\/\",\"url\":\"https:\\\/\\\/memurunsesi.net\\\/index.php\\\/2025\\\/04\\\/13\\\/karsta-kazalar-kuluckaya-yatti-yilin-ilk-yavrulari-cikti\\\/\",\"name\":\"Kars\u2019ta kazalar kulu\u00e7kaya yatt\u0131, y\u0131l\u0131n ilk yavrular\u0131 \u00e7\u0131kt\u0131 - Memurun Sesi\",\"isPartOf\":{\"@id\":\"https:\\\/\\\/memurunsesi.net\\\/#website\"},\"primaryImageOfPage\":{\"@id\":\"https:\\\/\\\/memurunsesi.net\\\/index.php\\\/2025\\\/04\\\/13\\\/karsta-kazalar-kuluckaya-yatti-yilin-ilk-yavrulari-cikti\\\/#primaryimage\"},\"image\":{\"@id\":\"https:\\\/\\\/memurunsesi.net\\\/index.php\\\/2025\\\/04\\\/13\\\/karsta-kazalar-kuluckaya-yatti-yilin-ilk-yavrulari-cikti\\\/#primaryimage\"},\"thumbnailUrl\":\"https:\\\/\\\/memurunsesi.net\\\/wp-content\\\/uploads\\\/2025\\\/04\\\/AW431524_01-scaled.jpg\",\"datePublished\":\"2025-04-13T06:35:05+00:00\",\"breadcrumb\":{\"@id\":\"https:\\\/\\\/memurunsesi.net\\\/index.php\\\/2025\\\/04\\\/13\\\/karsta-kazalar-kuluckaya-yatti-yilin-ilk-yavrulari-cikti\\\/#breadcrumb\"},\"inLanguage\":\"tr\",\"potentialAction\":[{\"@type\":\"ReadAction\",\"target\":[\"https:\\\/\\\/memurunsesi.net\\\/index.php\\\/2025\\\/04\\\/13\\\/karsta-kazalar-kuluckaya-yatti-yilin-ilk-yavrulari-cikti\\\/\"]}]},{\"@type\":\"ImageObject\",\"inLanguage\":\"tr\",\"@id\":\"https:\\\/\\\/memurunsesi.net\\\/index.php\\\/2025\\\/04\\\/13\\\/karsta-kazalar-kuluckaya-yatti-yilin-ilk-yavrulari-cikti\\\/#primaryimage\",\"url\":\"https:\\\/\\\/memurunsesi.net\\\/wp-content\\\/uploads\\\/2025\\\/04\\\/AW431524_01-scaled.jpg\",\"contentUrl\":\"https:\\\/\\\/memurunsesi.net\\\/wp-content\\\/uploads\\\/2025\\\/04\\\/AW431524_01-scaled.jpg\",\"width\":2560,\"height\":1920,\"caption\":\"KARS'TA KAZLAR KULU\u00c7KAYA YATTI, YILIN \u0130LK YAVRULARI \u00c7IKTI (\\\/KARS-\u0130HA) Kars'ta kazlar kulu\u00e7kaya yatt\u0131. Akyaka'da ise y\u0131l\u0131n ilk kaz yavrular\u0131 \u00e7\u0131kt\u0131. Kentte ilkbahar\u0131n gelmesiyle birlikte kazlar\u0131n kulu\u00e7ka d\u00f6nemi ba\u015flad\u0131 ve sezonun ilk \\\"bilik\\\" ad\u0131 verilen kaz yavrular\u0131 baharla birlikte d\u00fcnyaya g\u00f6zlerini a\u00e7t\u0131.\"},{\"@type\":\"BreadcrumbList\",\"@id\":\"https:\\\/\\\/memurunsesi.net\\\/index.php\\\/2025\\\/04\\\/13\\\/karsta-kazalar-kuluckaya-yatti-yilin-ilk-yavrulari-cikti\\\/#breadcrumb\",\"itemListElement\":[{\"@type\":\"ListItem\",\"position\":1,\"name\":\"Anasayfa\",\"item\":\"https:\\\/\\\/memurunsesi.net\\\/\"},{\"@type\":\"ListItem\",\"position\":2,\"name\":\"Kars\u2019ta kazalar kulu\u00e7kaya yatt\u0131, y\u0131l\u0131n ilk yavrular\u0131 \u00e7\u0131kt\u0131\"}]},{\"@type\":\"WebSite\",\"@id\":\"https:\\\/\\\/memurunsesi.net\\\/#website\",\"url\":\"https:\\\/\\\/memurunsesi.net\\\/\",\"name\":\"Memurun Sesi\",\"description\":\"G\u00fcncel ve Do\u011fru Haber\",\"publisher\":{\"@id\":\"https:\\\/\\\/memurunsesi.net\\\/#organization\"},\"potentialAction\":[{\"@type\":\"SearchAction\",\"target\":{\"@type\":\"EntryPoint\",\"urlTemplate\":\"https:\\\/\\\/memurunsesi.net\\\/?s={search_term_string}\"},\"query-input\":{\"@type\":\"PropertyValueSpecification\",\"valueRequired\":true,\"valueName\":\"search_term_string\"}}],\"inLanguage\":\"tr\"},{\"@type\":\"Organization\",\"@id\":\"https:\\\/\\\/memurunsesi.net\\\/#organization\",\"name\":\"Memurun Sesi\",\"url\":\"https:\\\/\\\/memurunsesi.net\\\/\",\"logo\":{\"@type\":\"ImageObject\",\"inLanguage\":\"tr\",\"@id\":\"https:\\\/\\\/memurunsesi.net\\\/#\\\/schema\\\/logo\\\/image\\\/\",\"url\":\"https:\\\/\\\/memurunsesi.net\\\/wp-content\\\/uploads\\\/2025\\\/11\\\/cropped-MEMURUN-SESI.png\",\"contentUrl\":\"https:\\\/\\\/memurunsesi.net\\\/wp-content\\\/uploads\\\/2025\\\/11\\\/cropped-MEMURUN-SESI.png\",\"width\":238,\"height\":57,\"caption\":\"Memurun Sesi\"},\"image\":{\"@id\":\"https:\\\/\\\/memurunsesi.net\\\/#\\\/schema\\\/logo\\\/image\\\/\"},\"sameAs\":[\"https:\\\/\\\/www.facebook.com\\\/unipersen\\\/?locale=tr_TR\",\"https:\\\/\\\/x.com\\\/unipersen\"]},{\"@type\":\"Person\",\"@id\":\"https:\\\/\\\/memurunsesi.net\\\/#\\\/schema\\\/person\\\/f21c2d73b89f6ee1d80b0a1803e38587\",\"name\":\"Memurun Sesi Haber Merkezi\",\"image\":{\"@type\":\"ImageObject\",\"inLanguage\":\"tr\",\"@id\":\"https:\\\/\\\/secure.gravatar.com\\\/avatar\\\/6cf0505f452ee753f485014986fab09a434671d2b919ee76fc541025c5876a70?s=96&d=mm&r=g\",\"url\":\"https:\\\/\\\/secure.gravatar.com\\\/avatar\\\/6cf0505f452ee753f485014986fab09a434671d2b919ee76fc541025c5876a70?s=96&d=mm&r=g\",\"contentUrl\":\"https:\\\/\\\/secure.gravatar.com\\\/avatar\\\/6cf0505f452ee753f485014986fab09a434671d2b919ee76fc541025c5876a70?s=96&d=mm&r=g\",\"caption\":\"Memurun Sesi Haber Merkezi\"},\"sameAs\":[\"https:\\\/\\\/memurunsesi.net\"],\"url\":\"https:\\\/\\\/memurunsesi.net\\\/index.php\\\/author\\\/uniper\\\/\"}]}<\/script>\n<!-- \/ Yoast SEO plugin. -->","yoast_head_json":{"title":"Kars\u2019ta kazalar kulu\u00e7kaya yatt\u0131, y\u0131l\u0131n ilk yavrular\u0131 \u00e7\u0131kt\u0131 - Memurun Sesi","robots":{"index":"index","follow":"follow","max-snippet":"max-snippet:-1","max-image-preview":"max-image-preview:large","max-video-preview":"max-video-preview:-1"},"canonical":"https:\/\/memurunsesi.net\/index.php\/2025\/04\/13\/karsta-kazalar-kuluckaya-yatti-yilin-ilk-yavrulari-cikti\/","og_locale":"tr_TR","og_type":"article","og_title":"Kars\u2019ta kazalar kulu\u00e7kaya yatt\u0131, y\u0131l\u0131n ilk yavrular\u0131 \u00e7\u0131kt\u0131 - Memurun Sesi","og_description":"Kars\u2019ta kazlar kulu\u00e7kaya yatt\u0131. Akyaka\u2019da ise y\u0131l\u0131n ilk kaz yavrular\u0131 \u00e7\u0131kt\u0131. Kentte ilkbahar\u0131n gelmesiyle birlikte kazlar\u0131n kulu\u00e7ka d\u00f6nemi ba\u015flad\u0131 ve sezonun ilk &#8220;bilik&#8221; ad\u0131 verilen kaz yavrular\u0131 baharla birlikte d\u00fcnyaya g\u00f6zlerini a\u00e7t\u0131. K\u0131\u015f aylar\u0131nda sofralar\u0131n vazge\u00e7ilmezi olan ve b\u00f6lge ekonomisine \u00f6nemli katk\u0131 sa\u011flayan Kars kazlar\u0131n\u0131n &#8220;bilik&#8221; olarak adland\u0131r\u0131lan yavrular\u0131, besiciler taraf\u0131ndan \u00f6zenle yeti\u015ftiriliyor. Yavru kazlar, [&hellip;]","og_url":"https:\/\/memurunsesi.net\/index.php\/2025\/04\/13\/karsta-kazalar-kuluckaya-yatti-yilin-ilk-yavrulari-cikti\/","og_site_name":"Memurun Sesi","article_publisher":"https:\/\/www.facebook.com\/unipersen\/?locale=tr_TR","article_published_time":"2025-04-13T06:35:05+00:00","og_image":[{"width":2560,"height":1920,"url":"https:\/\/memurunsesi.net\/wp-content\/uploads\/2025\/04\/AW431524_01-scaled.jpg","type":"image\/jpeg"}],"author":"Memurun Sesi Haber Merkezi","twitter_card":"summary_large_image","twitter_creator":"@unipersen","twitter_site":"@unipersen","twitter_misc":{"Yazan:":"Memurun Sesi Haber Merkezi","Tahmini okuma s\u00fcresi":"2 dakika"},"schema":{"@context":"https:\/\/schema.org","@graph":[{"@type":"Article","@id":"https:\/\/memurunsesi.net\/index.php\/2025\/04\/13\/karsta-kazalar-kuluckaya-yatti-yilin-ilk-yavrulari-cikti\/#article","isPartOf":{"@id":"https:\/\/memurunsesi.net\/index.php\/2025\/04\/13\/karsta-kazalar-kuluckaya-yatti-yilin-ilk-yavrulari-cikti\/"},"author":{"name":"Memurun Sesi Haber Merkezi","@id":"https:\/\/memurunsesi.net\/#\/schema\/person\/f21c2d73b89f6ee1d80b0a1803e38587"},"headline":"Kars\u2019ta kazalar kulu\u00e7kaya yatt\u0131, y\u0131l\u0131n ilk yavrular\u0131 \u00e7\u0131kt\u0131","datePublished":"2025-04-13T06:35:05+00:00","mainEntityOfPage":{"@id":"https:\/\/memurunsesi.net\/index.php\/2025\/04\/13\/karsta-kazalar-kuluckaya-yatti-yilin-ilk-yavrulari-cikti\/"},"wordCount":364,"commentCount":0,"publisher":{"@id":"https:\/\/memurunsesi.net\/#organization"},"image":{"@id":"https:\/\/memurunsesi.net\/index.php\/2025\/04\/13\/karsta-kazalar-kuluckaya-yatti-yilin-ilk-yavrulari-cikti\/#primaryimage"},"thumbnailUrl":"https:\/\/memurunsesi.net\/wp-content\/uploads\/2025\/04\/AW431524_01-scaled.jpg","articleSection":["T\u00fcm Haberler"],"inLanguage":"tr","potentialAction":[{"@type":"CommentAction","name":"Comment","target":["https:\/\/memurunsesi.net\/index.php\/2025\/04\/13\/karsta-kazalar-kuluckaya-yatti-yilin-ilk-yavrulari-cikti\/#respond"]}]},{"@type":"WebPage","@id":"https:\/\/memurunsesi.net\/index.php\/2025\/04\/13\/karsta-kazalar-kuluckaya-yatti-yilin-ilk-yavrulari-cikti\/","url":"https:\/\/memurunsesi.net\/index.php\/2025\/04\/13\/karsta-kazalar-kuluckaya-yatti-yilin-ilk-yavrulari-cikti\/","name":"Kars\u2019ta kazalar kulu\u00e7kaya yatt\u0131, y\u0131l\u0131n ilk yavrular\u0131 \u00e7\u0131kt\u0131 - Memurun Sesi","isPartOf":{"@id":"https:\/\/memurunsesi.net\/#website"},"primaryImageOfPage":{"@id":"https:\/\/memurunsesi.net\/index.php\/2025\/04\/13\/karsta-kazalar-kuluckaya-yatti-yilin-ilk-yavrulari-cikti\/#primaryimage"},"image":{"@id":"https:\/\/memurunsesi.net\/index.php\/2025\/04\/13\/karsta-kazalar-kuluckaya-yatti-yilin-ilk-yavrulari-cikti\/#primaryimage"},"thumbnailUrl":"https:\/\/memurunsesi.net\/wp-content\/uploads\/2025\/04\/AW431524_01-scaled.jpg","datePublished":"2025-04-13T06:35:05+00:00","breadcrumb":{"@id":"https:\/\/memurunsesi.net\/index.php\/2025\/04\/13\/karsta-kazalar-kuluckaya-yatti-yilin-ilk-yavrulari-cikti\/#breadcrumb"},"inLanguage":"tr","potentialAction":[{"@type":"ReadAction","target":["https:\/\/memurunsesi.net\/index.php\/2025\/04\/13\/karsta-kazalar-kuluckaya-yatti-yilin-ilk-yavrulari-cikti\/"]}]},{"@type":"ImageObject","inLanguage":"tr","@id":"https:\/\/memurunsesi.net\/index.php\/2025\/04\/13\/karsta-kazalar-kuluckaya-yatti-yilin-ilk-yavrulari-cikti\/#primaryimage","url":"https:\/\/memurunsesi.net\/wp-content\/uploads\/2025\/04\/AW431524_01-scaled.jpg","contentUrl":"https:\/\/memurunsesi.net\/wp-content\/uploads\/2025\/04\/AW431524_01-scaled.jpg","width":2560,"height":1920,"caption":"KARS'TA KAZLAR KULU\u00c7KAYA YATTI, YILIN \u0130LK YAVRULARI \u00c7IKTI (\/KARS-\u0130HA) Kars'ta kazlar kulu\u00e7kaya yatt\u0131. Akyaka'da ise y\u0131l\u0131n ilk kaz yavrular\u0131 \u00e7\u0131kt\u0131. Kentte ilkbahar\u0131n gelmesiyle birlikte kazlar\u0131n kulu\u00e7ka d\u00f6nemi ba\u015flad\u0131 ve sezonun ilk \"bilik\" ad\u0131 verilen kaz yavrular\u0131 baharla birlikte d\u00fcnyaya g\u00f6zlerini a\u00e7t\u0131."},{"@type":"BreadcrumbList","@id":"https:\/\/memurunsesi.net\/index.php\/2025\/04\/13\/karsta-kazalar-kuluckaya-yatti-yilin-ilk-yavrulari-cikti\/#breadcrumb","itemListElement":[{"@type":"ListItem","position":1,"name":"Anasayfa","item":"https:\/\/memurunsesi.net\/"},{"@type":"ListItem","position":2,"name":"Kars\u2019ta kazalar kulu\u00e7kaya yatt\u0131, y\u0131l\u0131n ilk yavrular\u0131 \u00e7\u0131kt\u0131"}]},{"@type":"WebSite","@id":"https:\/\/memurunsesi.net\/#website","url":"https:\/\/memurunsesi.net\/","name":"Memurun Sesi","description":"G\u00fcncel ve Do\u011fru Haber","publisher":{"@id":"https:\/\/memurunsesi.net\/#organization"},"potentialAction":[{"@type":"SearchAction","target":{"@type":"EntryPoint","urlTemplate":"https:\/\/memurunsesi.net\/?s={search_term_string}"},"query-input":{"@type":"PropertyValueSpecification","valueRequired":true,"valueName":"search_term_string"}}],"inLanguage":"tr"},{"@type":"Organization","@id":"https:\/\/memurunsesi.net\/#organization","name":"Memurun Sesi","url":"https:\/\/memurunsesi.net\/","logo":{"@type":"ImageObject","inLanguage":"tr","@id":"https:\/\/memurunsesi.net\/#\/schema\/logo\/image\/","url":"https:\/\/memurunsesi.net\/wp-content\/uploads\/2025\/11\/cropped-MEMURUN-SESI.png","contentUrl":"https:\/\/memurunsesi.net\/wp-content\/uploads\/2025\/11\/cropped-MEMURUN-SESI.png","width":238,"height":57,"caption":"Memurun Sesi"},"image":{"@id":"https:\/\/memurunsesi.net\/#\/schema\/logo\/image\/"},"sameAs":["https:\/\/www.facebook.com\/unipersen\/?locale=tr_TR","https:\/\/x.com\/unipersen"]},{"@type":"Person","@id":"https:\/\/memurunsesi.net\/#\/schema\/person\/f21c2d73b89f6ee1d80b0a1803e38587","name":"Memurun Sesi Haber Merkezi","image":{"@type":"ImageObject","inLanguage":"tr","@id":"https:\/\/secure.gravatar.com\/avatar\/6cf0505f452ee753f485014986fab09a434671d2b919ee76fc541025c5876a70?s=96&d=mm&r=g","url":"https:\/\/secure.gravatar.com\/avatar\/6cf0505f452ee753f485014986fab09a434671d2b919ee76fc541025c5876a70?s=96&d=mm&r=g","contentUrl":"https:\/\/secure.gravatar.com\/avatar\/6cf0505f452ee753f485014986fab09a434671d2b919ee76fc541025c5876a70?s=96&d=mm&r=g","caption":"Memurun Sesi Haber Merkezi"},"sameAs":["https:\/\/memurunsesi.net"],"url":"https:\/\/memurunsesi.net\/index.php\/author\/uniper\/"}]}},"_links":{"self":[{"href":"https:\/\/memurunsesi.net\/index.php\/wp-json\/wp\/v2\/posts\/5262","targetHints":{"allow":["GET"]}}],"collection":[{"href":"https:\/\/memurunsesi.net\/index.php\/wp-json\/wp\/v2\/posts"}],"about":[{"href":"https:\/\/memurunsesi.net\/index.php\/wp-json\/wp\/v2\/types\/post"}],"author":[{"embeddable":true,"href":"https:\/\/memurunsesi.net\/index.php\/wp-json\/wp\/v2\/users\/1"}],"replies":[{"embeddable":true,"href":"https:\/\/memurunsesi.net\/index.php\/wp-json\/wp\/v2\/comments?post=5262"}],"version-history":[{"count":1,"href":"https:\/\/memurunsesi.net\/index.php\/wp-json\/wp\/v2\/posts\/5262\/revisions"}],"predecessor-version":[{"id":5264,"href":"https:\/\/memurunsesi.net\/index.php\/wp-json\/wp\/v2\/posts\/5262\/revisions\/5264"}],"wp:featuredmedia":[{"embeddable":true,"href":"https:\/\/memurunsesi.net\/index.php\/wp-json\/wp\/v2\/media\/5263"}],"wp:attachment":[{"href":"https:\/\/memurunsesi.net\/index.php\/wp-json\/wp\/v2\/media?parent=5262"}],"wp:term":[{"taxonomy":"category","embeddable":true,"href":"https:\/\/memurunsesi.net\/index.php\/wp-json\/wp\/v2\/categories?post=5262"},{"taxonomy":"post_tag","embeddable":true,"href":"https:\/\/memurunsesi.net\/index.php\/wp-json\/wp\/v2\/tags?post=5262"}],"curies":[{"name":"wp","href":"https:\/\/api.w.org\/{rel}","templated":true}]}}