{"id":5266,"date":"2025-04-13T09:36:37","date_gmt":"2025-04-13T06:36:37","guid":{"rendered":"https:\/\/memurunsesi.net\/?p=5266"},"modified":"2025-04-13T09:36:37","modified_gmt":"2025-04-13T06:36:37","slug":"ataturk-universitesinde-adep-projeleri-bilimsel-ciktilar-isiginda-ele-alindi","status":"publish","type":"post","link":"https:\/\/memurunsesi.net\/index.php\/2025\/04\/13\/ataturk-universitesinde-adep-projeleri-bilimsel-ciktilar-isiginda-ele-alindi\/","title":{"rendered":"Atat\u00fcrk \u00dcniversitesinde ADEP projeleri bilimsel \u00e7\u0131kt\u0131lar \u0131\u015f\u0131\u011f\u0131nda ele al\u0131nd\u0131"},"content":{"rendered":"<p>Atat\u00fcrk \u00dcniversitesi, ara\u015ft\u0131rma kapasitesini art\u0131rmak ve bilimsel \u00e7\u0131kt\u0131lar\u0131 daha g\u00f6r\u00fcn\u00fcr k\u0131lmak amac\u0131yla Ara\u015ft\u0131rma \u00dcniversiteleri Destek Program\u0131 (ADEP) kapsam\u0131nda y\u00fcr\u00fct\u00fclen projelerin y\u0131ll\u0131k de\u011ferlendirme toplant\u0131s\u0131n\u0131 ger\u00e7ekle\u015ftirdi.<br \/>\nProf. Dr. Kemal B\u0131y\u0131kl\u0131o\u011flu Salonunda d\u00fczenlenen toplant\u0131, Rekt\u00f6r Prof. Dr. Ahmet Hac\u0131m\u00fcft\u00fco\u011flu&#8217;nun a\u00e7\u0131l\u0131\u015f konu\u015fmas\u0131yla ba\u015flad\u0131.<br \/>\nADEP kapsam\u0131nda \u00fcniversiteye sa\u011flanan desteklerin, bilimsel \u00fcretkenlik ve kurumsal geli\u015fim a\u00e7\u0131s\u0131ndan \u00f6nemli f\u0131rsatlar sundu\u011funu vurgulayan Rekt\u00f6r Hac\u0131m\u00fcft\u00fco\u011flu, bu s\u00fcrecin Atat\u00fcrk \u00dcniversitesinin ara\u015ft\u0131rma \u00fcniversitesi kimli\u011fini daha da peki\u015ftirdi\u011fini ifade etti. Konu\u015fmas\u0131nda, Y\u00fcksek\u00f6\u011fretim Kurulu (Y\u00d6K) ve Cumhurba\u015fkanl\u0131\u011f\u0131 Strateji ve B\u00fct\u00e7e Ba\u015fkanl\u0131\u011f\u0131na katk\u0131lar\u0131ndan dolay\u0131 te\u015fekk\u00fcr eden Hac\u0131m\u00fcft\u00fco\u011flu, 2025 y\u0131l\u0131 i\u00e7in desteklenmeye uygun bulunan 54 yeni ADEP projesinin y\u00fcr\u00fct\u00fcc\u00fclerini de kamuoyuna duyurdu.<br \/>\nToplant\u0131ya; daha \u00f6nce ba\u015flat\u0131lan ve baz\u0131lar\u0131 tamamlanan 41 projenin y\u00fcr\u00fct\u00fcc\u00fcleriyle birlikte, yeni destek almaya hak kazanan 54 projenin y\u00fcr\u00fct\u00fcc\u00fcleri, odak alan ve sekt\u00f6r koordinat\u00f6rleri, rekt\u00f6r yard\u0131mc\u0131lar\u0131, BAP Koordinat\u00f6r\u00fc ile Ara\u015ft\u0131rma \u00dcniversitesi \u0130zleme ve De\u011ferlendirme Ofisi Koordinat\u00f6r\u00fc kat\u0131l\u0131m sa\u011flad\u0131.<br \/>\nToplant\u0131n\u0131n ikinci b\u00f6l\u00fcm\u00fcnde Rekt\u00f6r Prof. Dr. Ahmet Hac\u0131m\u00fcft\u00fco\u011flu&#8217;nun ba\u015fkanl\u0131\u011f\u0131nda d\u00fczenlenen panelde, proje y\u00fcr\u00fct\u00fcc\u00fcleri projelerinin mevcut durumu, ilerleme s\u00fcre\u00e7leri ve elde ettikleri bilimsel \u00e7\u0131kt\u0131lar hakk\u0131nda k\u0131sa sunumlar yapt\u0131. Bu sunumlar, projelerin sadece idari a\u015famalar\u0131n\u0131 de\u011fil; disiplinler aras\u0131 etkile\u015fim ve akademik katk\u0131 boyutlar\u0131n\u0131 da g\u00f6zler \u00f6n\u00fcne serdi.<br \/>\nToplant\u0131, \u00dcniversitenin Ara\u015ft\u0131rma K\u00fclt\u00fcr\u00fcn\u00fc Derinle\u015ftirdi ve Akademik Vizyonunu Peki\u015ftirdi<br \/>\nEtkinlik kapsam\u0131nda ayr\u0131ca Ara\u015ft\u0131rma \u00dcniversitesi \u0130zleme ve De\u011ferlendirme Ofisi Koordinat\u00f6rl\u00fc\u011f\u00fc taraf\u0131ndan geli\u015ftirilen &#8220;ADEP Projeleri \u00c7\u0131kt\u0131 Formu&#8221; tan\u0131t\u0131ld\u0131. Form sayesinde projelerin bilimsel \u00e7\u0131kt\u0131lar\u0131n\u0131n sistemli bi\u00e7imde raporlanmas\u0131, kurumsal haf\u0131zaya kaydedilmesi ve s\u00fcre\u00e7lerin \u015feffaf \u015fekilde y\u00f6netilmesi hedefleniyor.<br \/>\nKapan\u0131\u015f oturumunda, bilimsel veriler \u0131\u015f\u0131\u011f\u0131nda yap\u0131lan de\u011ferlendirmelerin \u00fcniversitenin stratejik karar alma s\u00fcre\u00e7lerine nas\u0131l y\u00f6n verebilece\u011fi tart\u0131\u015f\u0131ld\u0131. Kat\u0131l\u0131mc\u0131lar, bu t\u00fcr toplant\u0131lar\u0131n yaln\u0131zca bir de\u011ferlendirme platformu de\u011fil, ayn\u0131 zamanda s\u00fcrekli iyile\u015fme k\u00fclt\u00fcr\u00fcn\u00fcn geli\u015fmesine katk\u0131 sa\u011flayan \u00f6nemli bir ara\u00e7 oldu\u011funa dikkat \u00e7ekti.<br \/>\nToplant\u0131 sonunda yap\u0131lan genel de\u011ferlendirmede, Atat\u00fcrk \u00dcniversitesinin bilimsel \u00fcretkenli\u011fi stratejik, s\u00fcrd\u00fcr\u00fclebilir ve \u015feffaf bir yap\u0131yla y\u00f6netti\u011fi bir kez daha vurguland\u0131. ADEP Y\u0131ll\u0131k De\u011ferlendirme Toplant\u0131s\u0131n\u0131n, \u00fcniversitenin ara\u015ft\u0131rma k\u00fclt\u00fcr\u00fcn\u00fc derinle\u015ftiren ve akademik vizyonunu peki\u015ftiren \u00f6nemli bir ad\u0131m oldu\u011fu ifade edildi.<\/p>\n<p>13.04.2025<\/p>\n","protected":false},"excerpt":{"rendered":"<p>Atat\u00fcrk \u00dcniversitesi, ara\u015ft\u0131rma kapasitesini art\u0131rmak ve bilimsel \u00e7\u0131kt\u0131lar\u0131 daha g\u00f6r\u00fcn\u00fcr k\u0131lmak amac\u0131yla Ara\u015ft\u0131rma \u00dcniversiteleri Destek Program\u0131 (ADEP) kapsam\u0131nda y\u00fcr\u00fct\u00fclen projelerin y\u0131ll\u0131k de\u011ferlendirme toplant\u0131s\u0131n\u0131 ger\u00e7ekle\u015ftirdi. Prof. Dr. Kemal B\u0131y\u0131kl\u0131o\u011flu Salonunda d\u00fczenlenen toplant\u0131, Rekt\u00f6r Prof. Dr. Ahmet Hac\u0131m\u00fcft\u00fco\u011flu&#8217;nun a\u00e7\u0131l\u0131\u015f konu\u015fmas\u0131yla ba\u015flad\u0131. ADEP kapsam\u0131nda \u00fcniversiteye sa\u011flanan desteklerin, bilimsel \u00fcretkenlik ve kurumsal geli\u015fim a\u00e7\u0131s\u0131ndan \u00f6nemli f\u0131rsatlar sundu\u011funu vurgulayan Rekt\u00f6r [&hellip;]<\/p>\n","protected":false},"author":1,"featured_media":5267,"comment_status":"open","ping_status":"open","sticky":false,"template":"","format":"standard","meta":{"footnotes":""},"categories":[47],"tags":[],"class_list":["post-5266","post","type-post","status-publish","format-standard","has-post-thumbnail","hentry","category-universiteden-haberler"],"yoast_head":"<!-- This site is optimized with the Yoast SEO plugin v27.4 - https:\/\/yoast.com\/product\/yoast-seo-wordpress\/ -->\n<title>Atat\u00fcrk \u00dcniversitesinde ADEP projeleri bilimsel \u00e7\u0131kt\u0131lar \u0131\u015f\u0131\u011f\u0131nda ele al\u0131nd\u0131 - Memurun Sesi<\/title>\n<meta name=\"robots\" content=\"index, follow, max-snippet:-1, max-image-preview:large, max-video-preview:-1\" \/>\n<link rel=\"canonical\" href=\"https:\/\/memurunsesi.net\/index.php\/2025\/04\/13\/ataturk-universitesinde-adep-projeleri-bilimsel-ciktilar-isiginda-ele-alindi\/\" \/>\n<meta property=\"og:locale\" content=\"tr_TR\" \/>\n<meta property=\"og:type\" content=\"article\" \/>\n<meta property=\"og:title\" content=\"Atat\u00fcrk \u00dcniversitesinde ADEP projeleri bilimsel \u00e7\u0131kt\u0131lar \u0131\u015f\u0131\u011f\u0131nda ele al\u0131nd\u0131 - Memurun Sesi\" \/>\n<meta property=\"og:description\" content=\"Atat\u00fcrk \u00dcniversitesi, ara\u015ft\u0131rma kapasitesini art\u0131rmak ve bilimsel \u00e7\u0131kt\u0131lar\u0131 daha g\u00f6r\u00fcn\u00fcr k\u0131lmak amac\u0131yla Ara\u015ft\u0131rma \u00dcniversiteleri Destek Program\u0131 (ADEP) kapsam\u0131nda y\u00fcr\u00fct\u00fclen projelerin y\u0131ll\u0131k de\u011ferlendirme toplant\u0131s\u0131n\u0131 ger\u00e7ekle\u015ftirdi. Prof. Dr. Kemal B\u0131y\u0131kl\u0131o\u011flu Salonunda d\u00fczenlenen toplant\u0131, Rekt\u00f6r Prof. Dr. Ahmet Hac\u0131m\u00fcft\u00fco\u011flu&#8217;nun a\u00e7\u0131l\u0131\u015f konu\u015fmas\u0131yla ba\u015flad\u0131. ADEP kapsam\u0131nda \u00fcniversiteye sa\u011flanan desteklerin, bilimsel \u00fcretkenlik ve kurumsal geli\u015fim a\u00e7\u0131s\u0131ndan \u00f6nemli f\u0131rsatlar sundu\u011funu vurgulayan Rekt\u00f6r [&hellip;]\" \/>\n<meta property=\"og:url\" content=\"https:\/\/memurunsesi.net\/index.php\/2025\/04\/13\/ataturk-universitesinde-adep-projeleri-bilimsel-ciktilar-isiginda-ele-alindi\/\" \/>\n<meta property=\"og:site_name\" content=\"Memurun Sesi\" \/>\n<meta property=\"article:publisher\" content=\"https:\/\/www.facebook.com\/unipersen\/?locale=tr_TR\" \/>\n<meta property=\"article:published_time\" content=\"2025-04-13T06:36:37+00:00\" \/>\n<meta property=\"og:image\" content=\"https:\/\/memurunsesi.net\/wp-content\/uploads\/2025\/04\/AW431535_02-scaled.jpg\" \/>\n\t<meta property=\"og:image:width\" content=\"2560\" \/>\n\t<meta property=\"og:image:height\" content=\"1731\" \/>\n\t<meta property=\"og:image:type\" content=\"image\/jpeg\" \/>\n<meta name=\"author\" content=\"Memurun Sesi Haber Merkezi\" \/>\n<meta name=\"twitter:card\" content=\"summary_large_image\" \/>\n<meta name=\"twitter:creator\" content=\"@unipersen\" \/>\n<meta name=\"twitter:site\" content=\"@unipersen\" \/>\n<meta name=\"twitter:label1\" content=\"Yazan:\" \/>\n\t<meta name=\"twitter:data1\" content=\"Memurun Sesi Haber Merkezi\" \/>\n\t<meta name=\"twitter:label2\" content=\"Tahmini okuma s\u00fcresi\" \/>\n\t<meta name=\"twitter:data2\" content=\"3 dakika\" \/>\n<script type=\"application\/ld+json\" class=\"yoast-schema-graph\">{\"@context\":\"https:\\\/\\\/schema.org\",\"@graph\":[{\"@type\":\"Article\",\"@id\":\"https:\\\/\\\/memurunsesi.net\\\/index.php\\\/2025\\\/04\\\/13\\\/ataturk-universitesinde-adep-projeleri-bilimsel-ciktilar-isiginda-ele-alindi\\\/#article\",\"isPartOf\":{\"@id\":\"https:\\\/\\\/memurunsesi.net\\\/index.php\\\/2025\\\/04\\\/13\\\/ataturk-universitesinde-adep-projeleri-bilimsel-ciktilar-isiginda-ele-alindi\\\/\"},\"author\":{\"name\":\"Memurun Sesi Haber Merkezi\",\"@id\":\"https:\\\/\\\/memurunsesi.net\\\/#\\\/schema\\\/person\\\/f21c2d73b89f6ee1d80b0a1803e38587\"},\"headline\":\"Atat\u00fcrk \u00dcniversitesinde ADEP projeleri bilimsel \u00e7\u0131kt\u0131lar \u0131\u015f\u0131\u011f\u0131nda ele al\u0131nd\u0131\",\"datePublished\":\"2025-04-13T06:36:37+00:00\",\"mainEntityOfPage\":{\"@id\":\"https:\\\/\\\/memurunsesi.net\\\/index.php\\\/2025\\\/04\\\/13\\\/ataturk-universitesinde-adep-projeleri-bilimsel-ciktilar-isiginda-ele-alindi\\\/\"},\"wordCount\":520,\"commentCount\":0,\"publisher\":{\"@id\":\"https:\\\/\\\/memurunsesi.net\\\/#organization\"},\"image\":{\"@id\":\"https:\\\/\\\/memurunsesi.net\\\/index.php\\\/2025\\\/04\\\/13\\\/ataturk-universitesinde-adep-projeleri-bilimsel-ciktilar-isiginda-ele-alindi\\\/#primaryimage\"},\"thumbnailUrl\":\"https:\\\/\\\/memurunsesi.net\\\/wp-content\\\/uploads\\\/2025\\\/04\\\/AW431535_02-scaled.jpg\",\"articleSection\":[\"\u00dcniversiteden Haberler\"],\"inLanguage\":\"tr\",\"potentialAction\":[{\"@type\":\"CommentAction\",\"name\":\"Comment\",\"target\":[\"https:\\\/\\\/memurunsesi.net\\\/index.php\\\/2025\\\/04\\\/13\\\/ataturk-universitesinde-adep-projeleri-bilimsel-ciktilar-isiginda-ele-alindi\\\/#respond\"]}]},{\"@type\":\"WebPage\",\"@id\":\"https:\\\/\\\/memurunsesi.net\\\/index.php\\\/2025\\\/04\\\/13\\\/ataturk-universitesinde-adep-projeleri-bilimsel-ciktilar-isiginda-ele-alindi\\\/\",\"url\":\"https:\\\/\\\/memurunsesi.net\\\/index.php\\\/2025\\\/04\\\/13\\\/ataturk-universitesinde-adep-projeleri-bilimsel-ciktilar-isiginda-ele-alindi\\\/\",\"name\":\"Atat\u00fcrk \u00dcniversitesinde ADEP projeleri bilimsel \u00e7\u0131kt\u0131lar \u0131\u015f\u0131\u011f\u0131nda ele al\u0131nd\u0131 - Memurun Sesi\",\"isPartOf\":{\"@id\":\"https:\\\/\\\/memurunsesi.net\\\/#website\"},\"primaryImageOfPage\":{\"@id\":\"https:\\\/\\\/memurunsesi.net\\\/index.php\\\/2025\\\/04\\\/13\\\/ataturk-universitesinde-adep-projeleri-bilimsel-ciktilar-isiginda-ele-alindi\\\/#primaryimage\"},\"image\":{\"@id\":\"https:\\\/\\\/memurunsesi.net\\\/index.php\\\/2025\\\/04\\\/13\\\/ataturk-universitesinde-adep-projeleri-bilimsel-ciktilar-isiginda-ele-alindi\\\/#primaryimage\"},\"thumbnailUrl\":\"https:\\\/\\\/memurunsesi.net\\\/wp-content\\\/uploads\\\/2025\\\/04\\\/AW431535_02-scaled.jpg\",\"datePublished\":\"2025-04-13T06:36:37+00:00\",\"breadcrumb\":{\"@id\":\"https:\\\/\\\/memurunsesi.net\\\/index.php\\\/2025\\\/04\\\/13\\\/ataturk-universitesinde-adep-projeleri-bilimsel-ciktilar-isiginda-ele-alindi\\\/#breadcrumb\"},\"inLanguage\":\"tr\",\"potentialAction\":[{\"@type\":\"ReadAction\",\"target\":[\"https:\\\/\\\/memurunsesi.net\\\/index.php\\\/2025\\\/04\\\/13\\\/ataturk-universitesinde-adep-projeleri-bilimsel-ciktilar-isiginda-ele-alindi\\\/\"]}]},{\"@type\":\"ImageObject\",\"inLanguage\":\"tr\",\"@id\":\"https:\\\/\\\/memurunsesi.net\\\/index.php\\\/2025\\\/04\\\/13\\\/ataturk-universitesinde-adep-projeleri-bilimsel-ciktilar-isiginda-ele-alindi\\\/#primaryimage\",\"url\":\"https:\\\/\\\/memurunsesi.net\\\/wp-content\\\/uploads\\\/2025\\\/04\\\/AW431535_02-scaled.jpg\",\"contentUrl\":\"https:\\\/\\\/memurunsesi.net\\\/wp-content\\\/uploads\\\/2025\\\/04\\\/AW431535_02-scaled.jpg\",\"width\":2560,\"height\":1731,\"caption\":\"ATAT\u00dcRK \u00dcN\u0130VERS\u0130TES\u0130, ARA\u015eTIRMA KAPAS\u0130TES\u0130N\u0130 ARTIRMAK VE B\u0130L\u0130MSEL \u00c7IKTILARI DAHA G\u00d6R\u00dcN\u00dcR KILMAK AMACIYLA ARA\u015eTIRMA \u00dcN\u0130VERS\u0130TELER\u0130 DESTEK PROGRAMI (ADEP) KAPSAMINDA Y\u00dcR\u00dcT\u00dcLEN PROJELER\u0130N YILLIK DE\u011eERLEND\u0130RME TOPLANTISINI GER\u00c7EKLE\u015eT\u0130RD\u0130. (MEHMET EM\u0130N KIZILCA\\\/ERZURUM-\u0130HA) Atat\u00fcrk \u00dcniversitesi, ara\u015ft\u0131rma kapasitesini art\u0131rmak ve bilimsel \u00e7\u0131kt\u0131lar\u0131 daha g\u00f6r\u00fcn\u00fcr k\u0131lmak amac\u0131yla Ara\u015ft\u0131rma \u00dcniversiteleri Destek Program\u0131 (ADEP) kapsam\u0131nda y\u00fcr\u00fct\u00fclen projelerin y\u0131ll\u0131k de\u011ferlendirme toplant\u0131s\u0131n\u0131 ger\u00e7ekle\u015ftirdi.\"},{\"@type\":\"BreadcrumbList\",\"@id\":\"https:\\\/\\\/memurunsesi.net\\\/index.php\\\/2025\\\/04\\\/13\\\/ataturk-universitesinde-adep-projeleri-bilimsel-ciktilar-isiginda-ele-alindi\\\/#breadcrumb\",\"itemListElement\":[{\"@type\":\"ListItem\",\"position\":1,\"name\":\"Anasayfa\",\"item\":\"https:\\\/\\\/memurunsesi.net\\\/\"},{\"@type\":\"ListItem\",\"position\":2,\"name\":\"Atat\u00fcrk \u00dcniversitesinde ADEP projeleri bilimsel \u00e7\u0131kt\u0131lar \u0131\u015f\u0131\u011f\u0131nda ele al\u0131nd\u0131\"}]},{\"@type\":\"WebSite\",\"@id\":\"https:\\\/\\\/memurunsesi.net\\\/#website\",\"url\":\"https:\\\/\\\/memurunsesi.net\\\/\",\"name\":\"Memurun Sesi\",\"description\":\"G\u00fcncel ve Do\u011fru Haber\",\"publisher\":{\"@id\":\"https:\\\/\\\/memurunsesi.net\\\/#organization\"},\"potentialAction\":[{\"@type\":\"SearchAction\",\"target\":{\"@type\":\"EntryPoint\",\"urlTemplate\":\"https:\\\/\\\/memurunsesi.net\\\/?s={search_term_string}\"},\"query-input\":{\"@type\":\"PropertyValueSpecification\",\"valueRequired\":true,\"valueName\":\"search_term_string\"}}],\"inLanguage\":\"tr\"},{\"@type\":\"Organization\",\"@id\":\"https:\\\/\\\/memurunsesi.net\\\/#organization\",\"name\":\"Memurun Sesi\",\"url\":\"https:\\\/\\\/memurunsesi.net\\\/\",\"logo\":{\"@type\":\"ImageObject\",\"inLanguage\":\"tr\",\"@id\":\"https:\\\/\\\/memurunsesi.net\\\/#\\\/schema\\\/logo\\\/image\\\/\",\"url\":\"https:\\\/\\\/memurunsesi.net\\\/wp-content\\\/uploads\\\/2025\\\/11\\\/cropped-MEMURUN-SESI.png\",\"contentUrl\":\"https:\\\/\\\/memurunsesi.net\\\/wp-content\\\/uploads\\\/2025\\\/11\\\/cropped-MEMURUN-SESI.png\",\"width\":238,\"height\":57,\"caption\":\"Memurun Sesi\"},\"image\":{\"@id\":\"https:\\\/\\\/memurunsesi.net\\\/#\\\/schema\\\/logo\\\/image\\\/\"},\"sameAs\":[\"https:\\\/\\\/www.facebook.com\\\/unipersen\\\/?locale=tr_TR\",\"https:\\\/\\\/x.com\\\/unipersen\"]},{\"@type\":\"Person\",\"@id\":\"https:\\\/\\\/memurunsesi.net\\\/#\\\/schema\\\/person\\\/f21c2d73b89f6ee1d80b0a1803e38587\",\"name\":\"Memurun Sesi Haber Merkezi\",\"image\":{\"@type\":\"ImageObject\",\"inLanguage\":\"tr\",\"@id\":\"https:\\\/\\\/secure.gravatar.com\\\/avatar\\\/6cf0505f452ee753f485014986fab09a434671d2b919ee76fc541025c5876a70?s=96&d=mm&r=g\",\"url\":\"https:\\\/\\\/secure.gravatar.com\\\/avatar\\\/6cf0505f452ee753f485014986fab09a434671d2b919ee76fc541025c5876a70?s=96&d=mm&r=g\",\"contentUrl\":\"https:\\\/\\\/secure.gravatar.com\\\/avatar\\\/6cf0505f452ee753f485014986fab09a434671d2b919ee76fc541025c5876a70?s=96&d=mm&r=g\",\"caption\":\"Memurun Sesi Haber Merkezi\"},\"sameAs\":[\"https:\\\/\\\/memurunsesi.net\"],\"url\":\"https:\\\/\\\/memurunsesi.net\\\/index.php\\\/author\\\/uniper\\\/\"}]}<\/script>\n<!-- \/ Yoast SEO plugin. -->","yoast_head_json":{"title":"Atat\u00fcrk \u00dcniversitesinde ADEP projeleri bilimsel \u00e7\u0131kt\u0131lar \u0131\u015f\u0131\u011f\u0131nda ele al\u0131nd\u0131 - Memurun Sesi","robots":{"index":"index","follow":"follow","max-snippet":"max-snippet:-1","max-image-preview":"max-image-preview:large","max-video-preview":"max-video-preview:-1"},"canonical":"https:\/\/memurunsesi.net\/index.php\/2025\/04\/13\/ataturk-universitesinde-adep-projeleri-bilimsel-ciktilar-isiginda-ele-alindi\/","og_locale":"tr_TR","og_type":"article","og_title":"Atat\u00fcrk \u00dcniversitesinde ADEP projeleri bilimsel \u00e7\u0131kt\u0131lar \u0131\u015f\u0131\u011f\u0131nda ele al\u0131nd\u0131 - Memurun Sesi","og_description":"Atat\u00fcrk \u00dcniversitesi, ara\u015ft\u0131rma kapasitesini art\u0131rmak ve bilimsel \u00e7\u0131kt\u0131lar\u0131 daha g\u00f6r\u00fcn\u00fcr k\u0131lmak amac\u0131yla Ara\u015ft\u0131rma \u00dcniversiteleri Destek Program\u0131 (ADEP) kapsam\u0131nda y\u00fcr\u00fct\u00fclen projelerin y\u0131ll\u0131k de\u011ferlendirme toplant\u0131s\u0131n\u0131 ger\u00e7ekle\u015ftirdi. Prof. Dr. Kemal B\u0131y\u0131kl\u0131o\u011flu Salonunda d\u00fczenlenen toplant\u0131, Rekt\u00f6r Prof. Dr. Ahmet Hac\u0131m\u00fcft\u00fco\u011flu&#8217;nun a\u00e7\u0131l\u0131\u015f konu\u015fmas\u0131yla ba\u015flad\u0131. ADEP kapsam\u0131nda \u00fcniversiteye sa\u011flanan desteklerin, bilimsel \u00fcretkenlik ve kurumsal geli\u015fim a\u00e7\u0131s\u0131ndan \u00f6nemli f\u0131rsatlar sundu\u011funu vurgulayan Rekt\u00f6r [&hellip;]","og_url":"https:\/\/memurunsesi.net\/index.php\/2025\/04\/13\/ataturk-universitesinde-adep-projeleri-bilimsel-ciktilar-isiginda-ele-alindi\/","og_site_name":"Memurun Sesi","article_publisher":"https:\/\/www.facebook.com\/unipersen\/?locale=tr_TR","article_published_time":"2025-04-13T06:36:37+00:00","og_image":[{"width":2560,"height":1731,"url":"https:\/\/memurunsesi.net\/wp-content\/uploads\/2025\/04\/AW431535_02-scaled.jpg","type":"image\/jpeg"}],"author":"Memurun Sesi Haber Merkezi","twitter_card":"summary_large_image","twitter_creator":"@unipersen","twitter_site":"@unipersen","twitter_misc":{"Yazan:":"Memurun Sesi Haber Merkezi","Tahmini okuma s\u00fcresi":"3 dakika"},"schema":{"@context":"https:\/\/schema.org","@graph":[{"@type":"Article","@id":"https:\/\/memurunsesi.net\/index.php\/2025\/04\/13\/ataturk-universitesinde-adep-projeleri-bilimsel-ciktilar-isiginda-ele-alindi\/#article","isPartOf":{"@id":"https:\/\/memurunsesi.net\/index.php\/2025\/04\/13\/ataturk-universitesinde-adep-projeleri-bilimsel-ciktilar-isiginda-ele-alindi\/"},"author":{"name":"Memurun Sesi Haber Merkezi","@id":"https:\/\/memurunsesi.net\/#\/schema\/person\/f21c2d73b89f6ee1d80b0a1803e38587"},"headline":"Atat\u00fcrk \u00dcniversitesinde ADEP projeleri bilimsel \u00e7\u0131kt\u0131lar \u0131\u015f\u0131\u011f\u0131nda ele al\u0131nd\u0131","datePublished":"2025-04-13T06:36:37+00:00","mainEntityOfPage":{"@id":"https:\/\/memurunsesi.net\/index.php\/2025\/04\/13\/ataturk-universitesinde-adep-projeleri-bilimsel-ciktilar-isiginda-ele-alindi\/"},"wordCount":520,"commentCount":0,"publisher":{"@id":"https:\/\/memurunsesi.net\/#organization"},"image":{"@id":"https:\/\/memurunsesi.net\/index.php\/2025\/04\/13\/ataturk-universitesinde-adep-projeleri-bilimsel-ciktilar-isiginda-ele-alindi\/#primaryimage"},"thumbnailUrl":"https:\/\/memurunsesi.net\/wp-content\/uploads\/2025\/04\/AW431535_02-scaled.jpg","articleSection":["\u00dcniversiteden Haberler"],"inLanguage":"tr","potentialAction":[{"@type":"CommentAction","name":"Comment","target":["https:\/\/memurunsesi.net\/index.php\/2025\/04\/13\/ataturk-universitesinde-adep-projeleri-bilimsel-ciktilar-isiginda-ele-alindi\/#respond"]}]},{"@type":"WebPage","@id":"https:\/\/memurunsesi.net\/index.php\/2025\/04\/13\/ataturk-universitesinde-adep-projeleri-bilimsel-ciktilar-isiginda-ele-alindi\/","url":"https:\/\/memurunsesi.net\/index.php\/2025\/04\/13\/ataturk-universitesinde-adep-projeleri-bilimsel-ciktilar-isiginda-ele-alindi\/","name":"Atat\u00fcrk \u00dcniversitesinde ADEP projeleri bilimsel \u00e7\u0131kt\u0131lar \u0131\u015f\u0131\u011f\u0131nda ele al\u0131nd\u0131 - Memurun Sesi","isPartOf":{"@id":"https:\/\/memurunsesi.net\/#website"},"primaryImageOfPage":{"@id":"https:\/\/memurunsesi.net\/index.php\/2025\/04\/13\/ataturk-universitesinde-adep-projeleri-bilimsel-ciktilar-isiginda-ele-alindi\/#primaryimage"},"image":{"@id":"https:\/\/memurunsesi.net\/index.php\/2025\/04\/13\/ataturk-universitesinde-adep-projeleri-bilimsel-ciktilar-isiginda-ele-alindi\/#primaryimage"},"thumbnailUrl":"https:\/\/memurunsesi.net\/wp-content\/uploads\/2025\/04\/AW431535_02-scaled.jpg","datePublished":"2025-04-13T06:36:37+00:00","breadcrumb":{"@id":"https:\/\/memurunsesi.net\/index.php\/2025\/04\/13\/ataturk-universitesinde-adep-projeleri-bilimsel-ciktilar-isiginda-ele-alindi\/#breadcrumb"},"inLanguage":"tr","potentialAction":[{"@type":"ReadAction","target":["https:\/\/memurunsesi.net\/index.php\/2025\/04\/13\/ataturk-universitesinde-adep-projeleri-bilimsel-ciktilar-isiginda-ele-alindi\/"]}]},{"@type":"ImageObject","inLanguage":"tr","@id":"https:\/\/memurunsesi.net\/index.php\/2025\/04\/13\/ataturk-universitesinde-adep-projeleri-bilimsel-ciktilar-isiginda-ele-alindi\/#primaryimage","url":"https:\/\/memurunsesi.net\/wp-content\/uploads\/2025\/04\/AW431535_02-scaled.jpg","contentUrl":"https:\/\/memurunsesi.net\/wp-content\/uploads\/2025\/04\/AW431535_02-scaled.jpg","width":2560,"height":1731,"caption":"ATAT\u00dcRK \u00dcN\u0130VERS\u0130TES\u0130, ARA\u015eTIRMA KAPAS\u0130TES\u0130N\u0130 ARTIRMAK VE B\u0130L\u0130MSEL \u00c7IKTILARI DAHA G\u00d6R\u00dcN\u00dcR KILMAK AMACIYLA ARA\u015eTIRMA \u00dcN\u0130VERS\u0130TELER\u0130 DESTEK PROGRAMI (ADEP) KAPSAMINDA Y\u00dcR\u00dcT\u00dcLEN PROJELER\u0130N YILLIK DE\u011eERLEND\u0130RME TOPLANTISINI GER\u00c7EKLE\u015eT\u0130RD\u0130. (MEHMET EM\u0130N KIZILCA\/ERZURUM-\u0130HA) Atat\u00fcrk \u00dcniversitesi, ara\u015ft\u0131rma kapasitesini art\u0131rmak ve bilimsel \u00e7\u0131kt\u0131lar\u0131 daha g\u00f6r\u00fcn\u00fcr k\u0131lmak amac\u0131yla Ara\u015ft\u0131rma \u00dcniversiteleri Destek Program\u0131 (ADEP) kapsam\u0131nda y\u00fcr\u00fct\u00fclen projelerin y\u0131ll\u0131k de\u011ferlendirme toplant\u0131s\u0131n\u0131 ger\u00e7ekle\u015ftirdi."},{"@type":"BreadcrumbList","@id":"https:\/\/memurunsesi.net\/index.php\/2025\/04\/13\/ataturk-universitesinde-adep-projeleri-bilimsel-ciktilar-isiginda-ele-alindi\/#breadcrumb","itemListElement":[{"@type":"ListItem","position":1,"name":"Anasayfa","item":"https:\/\/memurunsesi.net\/"},{"@type":"ListItem","position":2,"name":"Atat\u00fcrk \u00dcniversitesinde ADEP projeleri bilimsel \u00e7\u0131kt\u0131lar \u0131\u015f\u0131\u011f\u0131nda ele al\u0131nd\u0131"}]},{"@type":"WebSite","@id":"https:\/\/memurunsesi.net\/#website","url":"https:\/\/memurunsesi.net\/","name":"Memurun Sesi","description":"G\u00fcncel ve Do\u011fru Haber","publisher":{"@id":"https:\/\/memurunsesi.net\/#organization"},"potentialAction":[{"@type":"SearchAction","target":{"@type":"EntryPoint","urlTemplate":"https:\/\/memurunsesi.net\/?s={search_term_string}"},"query-input":{"@type":"PropertyValueSpecification","valueRequired":true,"valueName":"search_term_string"}}],"inLanguage":"tr"},{"@type":"Organization","@id":"https:\/\/memurunsesi.net\/#organization","name":"Memurun Sesi","url":"https:\/\/memurunsesi.net\/","logo":{"@type":"ImageObject","inLanguage":"tr","@id":"https:\/\/memurunsesi.net\/#\/schema\/logo\/image\/","url":"https:\/\/memurunsesi.net\/wp-content\/uploads\/2025\/11\/cropped-MEMURUN-SESI.png","contentUrl":"https:\/\/memurunsesi.net\/wp-content\/uploads\/2025\/11\/cropped-MEMURUN-SESI.png","width":238,"height":57,"caption":"Memurun Sesi"},"image":{"@id":"https:\/\/memurunsesi.net\/#\/schema\/logo\/image\/"},"sameAs":["https:\/\/www.facebook.com\/unipersen\/?locale=tr_TR","https:\/\/x.com\/unipersen"]},{"@type":"Person","@id":"https:\/\/memurunsesi.net\/#\/schema\/person\/f21c2d73b89f6ee1d80b0a1803e38587","name":"Memurun Sesi Haber Merkezi","image":{"@type":"ImageObject","inLanguage":"tr","@id":"https:\/\/secure.gravatar.com\/avatar\/6cf0505f452ee753f485014986fab09a434671d2b919ee76fc541025c5876a70?s=96&d=mm&r=g","url":"https:\/\/secure.gravatar.com\/avatar\/6cf0505f452ee753f485014986fab09a434671d2b919ee76fc541025c5876a70?s=96&d=mm&r=g","contentUrl":"https:\/\/secure.gravatar.com\/avatar\/6cf0505f452ee753f485014986fab09a434671d2b919ee76fc541025c5876a70?s=96&d=mm&r=g","caption":"Memurun Sesi Haber Merkezi"},"sameAs":["https:\/\/memurunsesi.net"],"url":"https:\/\/memurunsesi.net\/index.php\/author\/uniper\/"}]}},"_links":{"self":[{"href":"https:\/\/memurunsesi.net\/index.php\/wp-json\/wp\/v2\/posts\/5266","targetHints":{"allow":["GET"]}}],"collection":[{"href":"https:\/\/memurunsesi.net\/index.php\/wp-json\/wp\/v2\/posts"}],"about":[{"href":"https:\/\/memurunsesi.net\/index.php\/wp-json\/wp\/v2\/types\/post"}],"author":[{"embeddable":true,"href":"https:\/\/memurunsesi.net\/index.php\/wp-json\/wp\/v2\/users\/1"}],"replies":[{"embeddable":true,"href":"https:\/\/memurunsesi.net\/index.php\/wp-json\/wp\/v2\/comments?post=5266"}],"version-history":[{"count":1,"href":"https:\/\/memurunsesi.net\/index.php\/wp-json\/wp\/v2\/posts\/5266\/revisions"}],"predecessor-version":[{"id":5268,"href":"https:\/\/memurunsesi.net\/index.php\/wp-json\/wp\/v2\/posts\/5266\/revisions\/5268"}],"wp:featuredmedia":[{"embeddable":true,"href":"https:\/\/memurunsesi.net\/index.php\/wp-json\/wp\/v2\/media\/5267"}],"wp:attachment":[{"href":"https:\/\/memurunsesi.net\/index.php\/wp-json\/wp\/v2\/media?parent=5266"}],"wp:term":[{"taxonomy":"category","embeddable":true,"href":"https:\/\/memurunsesi.net\/index.php\/wp-json\/wp\/v2\/categories?post=5266"},{"taxonomy":"post_tag","embeddable":true,"href":"https:\/\/memurunsesi.net\/index.php\/wp-json\/wp\/v2\/tags?post=5266"}],"curies":[{"name":"wp","href":"https:\/\/api.w.org\/{rel}","templated":true}]}}