{"id":5275,"date":"2025-04-13T09:41:00","date_gmt":"2025-04-13T06:41:00","guid":{"rendered":"https:\/\/memurunsesi.net\/?p=5275"},"modified":"2025-04-13T09:41:00","modified_gmt":"2025-04-13T06:41:00","slug":"samsunda-8-karadeniz-meme-kongresi-duzenlendi","status":"publish","type":"post","link":"https:\/\/memurunsesi.net\/index.php\/2025\/04\/13\/samsunda-8-karadeniz-meme-kongresi-duzenlendi\/","title":{"rendered":"Samsun&#8217;da &#8220;8. Karadeniz Meme Kongresi&#8221; d\u00fczenlendi"},"content":{"rendered":"<p>Kad\u0131nlarda en s\u0131k \u00f6l\u00fcme neden olan kanser t\u00fcr\u00fc meme kanseri<br \/>\nSamsun&#8217;da d\u00fczenlenen &#8220;8. Karadeniz Meme Kongresi&#8221;nde hekimler, kad\u0131nlarda en s\u0131k g\u00f6r\u00fclen kanser t\u00fcr\u00fc olan meme kanseriyle ilgili son geli\u015fmeleri de\u011ferlendirdi. Uzmanlar, erken te\u015fhis ve multidisipliner yakla\u015f\u0131m\u0131n tedavideki ba\u015far\u0131y\u0131 \u00f6nemli \u00f6l\u00e7\u00fcde art\u0131rd\u0131\u011f\u0131n\u0131 vurgulad\u0131.<br \/>\nSamsun Meme Derne\u011fi taraf\u0131ndan &#8220;8. Karadeniz Meme Kongresi&#8221; d\u00fczenlendi. Bir otelde yap\u0131lan kongrede 90 konu\u015fmac\u0131 ve 200 kat\u0131l\u0131mc\u0131 meme kanserinde son geli\u015fmeleri masaya yat\u0131rd\u0131. Kongrede \u0130hlas Haber Ajans\u0131\u2019na (\u0130HA) a\u00e7\u0131klamalarda bulunan hekimler, meme kanserinin \u00f6nemine dikkat \u00e7ekti.<\/p>\n<p>&#8220;Her 8 kad\u0131ndan biri meme kanserine yakalan\u0131yor&#8221;<br \/>\nMedicana International Samsun Hastanesi T\u0131bbi Onkoloji Uzman\u0131 Prof. Dr. \u0130dris Y\u00fccel, meme kanserinin tek tip de\u011fil, \u00e7ok de\u011fi\u015fkenli bir hastal\u0131k oldu\u011funa dikkat \u00e7ekerek, &#8220;Meme kanseri tek bir hastal\u0131k olarak ele al\u0131nmamal\u0131. \u00c7ok de\u011fi\u015fkenli bir hastal\u0131k. 2 ayr\u0131 kad\u0131nda 2 ayr\u0131 \u015fekilde kendini g\u00f6sterebiliyor. Her 8 kad\u0131ndan biri hayat\u0131 boyunca meme kanserine yakalanma riski ta\u015f\u0131yor. Meme kanseri \u00e7ok ciddi bir sa\u011fl\u0131k sorunu. Erken te\u015fhis, tedavide ba\u015far\u0131 oran\u0131n\u0131 \u00e7ok ciddi \u015fekilde art\u0131r\u0131yor&#8221; dedi.<\/p>\n<p>&#8220;Kad\u0131nlarda en s\u0131k g\u00f6r\u00fclen kanser t\u00fcr\u00fc&#8221;<br \/>\nMedical Park Samsun Hastanesi Genel Cerrahi Uzman\u0131 Prof. Dr. Necati \u00d6zen, meme kanserinin kad\u0131nlarda en s\u0131k g\u00f6r\u00fclen kanser t\u00fcr\u00fc oldu\u011funu belirterek, &#8220;Kanser nedeniyle hayat\u0131n\u0131 kaybeden kad\u0131nlar aras\u0131nda meme kanseri ilk s\u0131rada yer al\u0131yor. Ancak korkulacak bir hastal\u0131k de\u011fil. Erken tan\u0131 kondu\u011funda tedavi ba\u015far\u0131 oran\u0131 olduk\u00e7a y\u00fcksek&#8221; \u015feklinde konu\u015ftu.<\/p>\n<p>&#8220;Her 8 kad\u0131ndan 1\u2019ini etkiliyor&#8221;<br \/>\nMeme Derne\u011fi Ba\u015fkan\u0131 ve VM Medical Park Samsun Hastanesi Medikal Onkoloji Uzman\u0131 Prof. Dr. Yasemin Kemal, kongre kapsam\u0131nda 2 g\u00fcn boyunca bilgi ve tecr\u00fcbe payla\u015f\u0131m\u0131 yap\u0131ld\u0131\u011f\u0131n\u0131 belirterek, &#8220;Meme kanseri hem d\u00fcnyada hem de \u00fclkemizde en s\u0131k g\u00f6r\u00fclen kanser t\u00fcr\u00fcd\u00fcr. Her 8 kad\u0131ndan 1\u2019ini etkiliyor. Meme kanseri art\u0131k sadece ileri ya\u015flarda de\u011fil, gen\u00e7 ya\u015flarda da kar\u015f\u0131m\u0131za \u00e7\u0131k\u0131yor. Kad\u0131n olmak en b\u00fcy\u00fck risk fakt\u00f6rlerinden biri. Bu hastal\u0131kla m\u00fccadelede genel cerrahlar, onkologlar, radyologlar, patologlar hep birlikte bir ekip olarak \u00e7al\u0131\u015f\u0131yoruz. Ger\u00e7ekten kahramanl\u0131k hikayeleri yazabiliyoruz. 2 g\u00fcnd\u00fcr Samsun\u2019da 8. Meme Kongresi\u2019nde bir araya geldik. G\u00fcncel bilgiler \u0131\u015f\u0131\u011f\u0131nda tecr\u00fcbe payla\u015f\u0131m\u0131 yap\u0131yoruz. 90\u2019n\u0131n \u00fczerinde konu\u015fmac\u0131 ve 200\u2019\u00fcn \u00fczerinde kat\u0131l\u0131mc\u0131 kat\u0131ld\u0131&#8221; \u015feklinde konu\u015ftu.<\/p>\n<p>&#8220;Kendi kendine muayene hayati \u00f6nemde&#8221;<br \/>\nMedicana International Samsun Hastanesi Genel Cerrahi Uzman\u0131 Opr. Dr. \u00d6zlem Karaca Ocak ise kad\u0131nlar\u0131n kendi kendine yapaca\u011f\u0131 d\u00fczenli meme muayenesinin erken te\u015fhis i\u00e7in b\u00fcy\u00fck \u00f6nem ta\u015f\u0131d\u0131\u011f\u0131n\u0131 s\u00f6yledi. Ocak, &#8220;Kad\u0131nlarda en s\u0131k g\u00f6r\u00fclen kanser t\u00fcr\u00fc meme kanseridir. Bu nedenle meme kanseri konusunda her g\u00fcn bilim alan\u0131nda geli\u015fmeler mevcuttur. Meme kanserinde erken te\u015fhis ve tedavi \u00e7ok de\u011ferli. Her ay d\u00fczenli yap\u0131lan kendi kendine muayene sayesinde memedeki de\u011fi\u015fiklikler erken fark edilebilir. Bu da hem ya\u015fam\u0131 hem memeyi kurtarabilir&#8221; ifadelerini kulland\u0131.<\/p>\n<p>13.04.2025<\/p>\n","protected":false},"excerpt":{"rendered":"<p>Kad\u0131nlarda en s\u0131k \u00f6l\u00fcme neden olan kanser t\u00fcr\u00fc meme kanseri Samsun&#8217;da d\u00fczenlenen &#8220;8. Karadeniz Meme Kongresi&#8221;nde hekimler, kad\u0131nlarda en s\u0131k g\u00f6r\u00fclen kanser t\u00fcr\u00fc olan meme kanseriyle ilgili son geli\u015fmeleri de\u011ferlendirdi. Uzmanlar, erken te\u015fhis ve multidisipliner yakla\u015f\u0131m\u0131n tedavideki ba\u015far\u0131y\u0131 \u00f6nemli \u00f6l\u00e7\u00fcde art\u0131rd\u0131\u011f\u0131n\u0131 vurgulad\u0131. Samsun Meme Derne\u011fi taraf\u0131ndan &#8220;8. Karadeniz Meme Kongresi&#8221; d\u00fczenlendi. Bir otelde yap\u0131lan kongrede [&hellip;]<\/p>\n","protected":false},"author":1,"featured_media":5276,"comment_status":"open","ping_status":"open","sticky":false,"template":"","format":"standard","meta":{"footnotes":""},"categories":[1],"tags":[],"class_list":["post-5275","post","type-post","status-publish","format-standard","has-post-thumbnail","hentry","category-genel"],"yoast_head":"<!-- This site is optimized with the Yoast SEO plugin v27.4 - https:\/\/yoast.com\/product\/yoast-seo-wordpress\/ -->\n<title>Samsun&#039;da &quot;8. Karadeniz Meme Kongresi&quot; d\u00fczenlendi - Memurun Sesi<\/title>\n<meta name=\"robots\" content=\"index, follow, max-snippet:-1, max-image-preview:large, max-video-preview:-1\" \/>\n<link rel=\"canonical\" href=\"https:\/\/memurunsesi.net\/index.php\/2025\/04\/13\/samsunda-8-karadeniz-meme-kongresi-duzenlendi\/\" \/>\n<meta property=\"og:locale\" content=\"tr_TR\" \/>\n<meta property=\"og:type\" content=\"article\" \/>\n<meta property=\"og:title\" content=\"Samsun&#039;da &quot;8. Karadeniz Meme Kongresi&quot; d\u00fczenlendi - Memurun Sesi\" \/>\n<meta property=\"og:description\" content=\"Kad\u0131nlarda en s\u0131k \u00f6l\u00fcme neden olan kanser t\u00fcr\u00fc meme kanseri Samsun&#8217;da d\u00fczenlenen &#8220;8. Karadeniz Meme Kongresi&#8221;nde hekimler, kad\u0131nlarda en s\u0131k g\u00f6r\u00fclen kanser t\u00fcr\u00fc olan meme kanseriyle ilgili son geli\u015fmeleri de\u011ferlendirdi. Uzmanlar, erken te\u015fhis ve multidisipliner yakla\u015f\u0131m\u0131n tedavideki ba\u015far\u0131y\u0131 \u00f6nemli \u00f6l\u00e7\u00fcde art\u0131rd\u0131\u011f\u0131n\u0131 vurgulad\u0131. Samsun Meme Derne\u011fi taraf\u0131ndan &#8220;8. Karadeniz Meme Kongresi&#8221; d\u00fczenlendi. Bir otelde yap\u0131lan kongrede [&hellip;]\" \/>\n<meta property=\"og:url\" content=\"https:\/\/memurunsesi.net\/index.php\/2025\/04\/13\/samsunda-8-karadeniz-meme-kongresi-duzenlendi\/\" \/>\n<meta property=\"og:site_name\" content=\"Memurun Sesi\" \/>\n<meta property=\"article:publisher\" content=\"https:\/\/www.facebook.com\/unipersen\/?locale=tr_TR\" \/>\n<meta property=\"article:published_time\" content=\"2025-04-13T06:41:00+00:00\" \/>\n<meta property=\"og:image\" content=\"https:\/\/memurunsesi.net\/wp-content\/uploads\/2025\/04\/AW431353_01-scaled.jpg\" \/>\n\t<meta property=\"og:image:width\" content=\"2560\" \/>\n\t<meta property=\"og:image:height\" content=\"1707\" \/>\n\t<meta property=\"og:image:type\" content=\"image\/jpeg\" \/>\n<meta name=\"author\" content=\"Memurun Sesi Haber Merkezi\" \/>\n<meta name=\"twitter:card\" content=\"summary_large_image\" \/>\n<meta name=\"twitter:creator\" content=\"@unipersen\" \/>\n<meta name=\"twitter:site\" content=\"@unipersen\" \/>\n<meta name=\"twitter:label1\" content=\"Yazan:\" \/>\n\t<meta name=\"twitter:data1\" content=\"Memurun Sesi Haber Merkezi\" \/>\n\t<meta name=\"twitter:label2\" content=\"Tahmini okuma s\u00fcresi\" \/>\n\t<meta name=\"twitter:data2\" content=\"3 dakika\" \/>\n<script type=\"application\/ld+json\" class=\"yoast-schema-graph\">{\"@context\":\"https:\\\/\\\/schema.org\",\"@graph\":[{\"@type\":\"Article\",\"@id\":\"https:\\\/\\\/memurunsesi.net\\\/index.php\\\/2025\\\/04\\\/13\\\/samsunda-8-karadeniz-meme-kongresi-duzenlendi\\\/#article\",\"isPartOf\":{\"@id\":\"https:\\\/\\\/memurunsesi.net\\\/index.php\\\/2025\\\/04\\\/13\\\/samsunda-8-karadeniz-meme-kongresi-duzenlendi\\\/\"},\"author\":{\"name\":\"Memurun Sesi Haber Merkezi\",\"@id\":\"https:\\\/\\\/memurunsesi.net\\\/#\\\/schema\\\/person\\\/f21c2d73b89f6ee1d80b0a1803e38587\"},\"headline\":\"Samsun&#8217;da &#8220;8. Karadeniz Meme Kongresi&#8221; d\u00fczenlendi\",\"datePublished\":\"2025-04-13T06:41:00+00:00\",\"mainEntityOfPage\":{\"@id\":\"https:\\\/\\\/memurunsesi.net\\\/index.php\\\/2025\\\/04\\\/13\\\/samsunda-8-karadeniz-meme-kongresi-duzenlendi\\\/\"},\"wordCount\":551,\"commentCount\":0,\"publisher\":{\"@id\":\"https:\\\/\\\/memurunsesi.net\\\/#organization\"},\"image\":{\"@id\":\"https:\\\/\\\/memurunsesi.net\\\/index.php\\\/2025\\\/04\\\/13\\\/samsunda-8-karadeniz-meme-kongresi-duzenlendi\\\/#primaryimage\"},\"thumbnailUrl\":\"https:\\\/\\\/memurunsesi.net\\\/wp-content\\\/uploads\\\/2025\\\/04\\\/AW431353_01-scaled.jpg\",\"inLanguage\":\"tr\",\"potentialAction\":[{\"@type\":\"CommentAction\",\"name\":\"Comment\",\"target\":[\"https:\\\/\\\/memurunsesi.net\\\/index.php\\\/2025\\\/04\\\/13\\\/samsunda-8-karadeniz-meme-kongresi-duzenlendi\\\/#respond\"]}]},{\"@type\":\"WebPage\",\"@id\":\"https:\\\/\\\/memurunsesi.net\\\/index.php\\\/2025\\\/04\\\/13\\\/samsunda-8-karadeniz-meme-kongresi-duzenlendi\\\/\",\"url\":\"https:\\\/\\\/memurunsesi.net\\\/index.php\\\/2025\\\/04\\\/13\\\/samsunda-8-karadeniz-meme-kongresi-duzenlendi\\\/\",\"name\":\"Samsun'da \\\"8. Karadeniz Meme Kongresi\\\" d\u00fczenlendi - Memurun Sesi\",\"isPartOf\":{\"@id\":\"https:\\\/\\\/memurunsesi.net\\\/#website\"},\"primaryImageOfPage\":{\"@id\":\"https:\\\/\\\/memurunsesi.net\\\/index.php\\\/2025\\\/04\\\/13\\\/samsunda-8-karadeniz-meme-kongresi-duzenlendi\\\/#primaryimage\"},\"image\":{\"@id\":\"https:\\\/\\\/memurunsesi.net\\\/index.php\\\/2025\\\/04\\\/13\\\/samsunda-8-karadeniz-meme-kongresi-duzenlendi\\\/#primaryimage\"},\"thumbnailUrl\":\"https:\\\/\\\/memurunsesi.net\\\/wp-content\\\/uploads\\\/2025\\\/04\\\/AW431353_01-scaled.jpg\",\"datePublished\":\"2025-04-13T06:41:00+00:00\",\"breadcrumb\":{\"@id\":\"https:\\\/\\\/memurunsesi.net\\\/index.php\\\/2025\\\/04\\\/13\\\/samsunda-8-karadeniz-meme-kongresi-duzenlendi\\\/#breadcrumb\"},\"inLanguage\":\"tr\",\"potentialAction\":[{\"@type\":\"ReadAction\",\"target\":[\"https:\\\/\\\/memurunsesi.net\\\/index.php\\\/2025\\\/04\\\/13\\\/samsunda-8-karadeniz-meme-kongresi-duzenlendi\\\/\"]}]},{\"@type\":\"ImageObject\",\"inLanguage\":\"tr\",\"@id\":\"https:\\\/\\\/memurunsesi.net\\\/index.php\\\/2025\\\/04\\\/13\\\/samsunda-8-karadeniz-meme-kongresi-duzenlendi\\\/#primaryimage\",\"url\":\"https:\\\/\\\/memurunsesi.net\\\/wp-content\\\/uploads\\\/2025\\\/04\\\/AW431353_01-scaled.jpg\",\"contentUrl\":\"https:\\\/\\\/memurunsesi.net\\\/wp-content\\\/uploads\\\/2025\\\/04\\\/AW431353_01-scaled.jpg\",\"width\":2560,\"height\":1707,\"caption\":\"SOL BA\u015eTAN \u0130S\u0130MLER: MED\u0130CANA INTERNAT\u0130ONAL SAMSUN HASTANES\u0130 GENEL CERRAH\u0130 UZM. OPR. DR. \u00d6ZLEM KARACA OCAK, MED\u0130CAL PARK SAMSUN HASTANES\u0130 GENEL CERRAH\u0130 UZMANI PROF. DR. NECAT\u0130 \u00d6ZEN,VM MED\u0130CAL PARK SAMSUN HASTANES\u0130 MED\u0130KAL ONKOLOJ\u0130 UZMANI AYNI ZAMANDA MEME DERNE\u011e\u0130 BA\u015eKANI PROF. DR. YASEM\u0130N KEMAL ,SOLDAK\u0130 MED\u0130CANA INTERNAT\u0130ONAL SAMSUN HASTANES\u0130 TIBB\u0130 ONKOLOJ\u0130 UZMANI PROF. DR. \u0130DR\u0130S Y\u00dcCEL (FURKAN ABREK \u00dcNAL\\\/SAMSUN-\u0130HA) Samsun'da d\u00fczenlenen \\\"8. Karadeniz Meme Kongresi\\\"nde hekimler, kad\u0131nlarda en s\u0131k g\u00f6r\u00fclen kanser t\u00fcr\u00fc olan meme kanseriyle ilgili son geli\u015fmeleri de\u011ferlendirdi. Uzmanlar, erken te\u015fhis ve multidisipliner yakla\u015f\u0131m\u0131n tedavideki ba\u015far\u0131y\u0131 \u00f6nemli \u00f6l\u00e7\u00fcde art\u0131rd\u0131\u011f\u0131n\u0131 vurgulad\u0131.\"},{\"@type\":\"BreadcrumbList\",\"@id\":\"https:\\\/\\\/memurunsesi.net\\\/index.php\\\/2025\\\/04\\\/13\\\/samsunda-8-karadeniz-meme-kongresi-duzenlendi\\\/#breadcrumb\",\"itemListElement\":[{\"@type\":\"ListItem\",\"position\":1,\"name\":\"Anasayfa\",\"item\":\"https:\\\/\\\/memurunsesi.net\\\/\"},{\"@type\":\"ListItem\",\"position\":2,\"name\":\"Samsun&#8217;da &#8220;8. Karadeniz Meme Kongresi&#8221; d\u00fczenlendi\"}]},{\"@type\":\"WebSite\",\"@id\":\"https:\\\/\\\/memurunsesi.net\\\/#website\",\"url\":\"https:\\\/\\\/memurunsesi.net\\\/\",\"name\":\"Memurun Sesi\",\"description\":\"G\u00fcncel ve Do\u011fru Haber\",\"publisher\":{\"@id\":\"https:\\\/\\\/memurunsesi.net\\\/#organization\"},\"potentialAction\":[{\"@type\":\"SearchAction\",\"target\":{\"@type\":\"EntryPoint\",\"urlTemplate\":\"https:\\\/\\\/memurunsesi.net\\\/?s={search_term_string}\"},\"query-input\":{\"@type\":\"PropertyValueSpecification\",\"valueRequired\":true,\"valueName\":\"search_term_string\"}}],\"inLanguage\":\"tr\"},{\"@type\":\"Organization\",\"@id\":\"https:\\\/\\\/memurunsesi.net\\\/#organization\",\"name\":\"Memurun Sesi\",\"url\":\"https:\\\/\\\/memurunsesi.net\\\/\",\"logo\":{\"@type\":\"ImageObject\",\"inLanguage\":\"tr\",\"@id\":\"https:\\\/\\\/memurunsesi.net\\\/#\\\/schema\\\/logo\\\/image\\\/\",\"url\":\"https:\\\/\\\/memurunsesi.net\\\/wp-content\\\/uploads\\\/2025\\\/11\\\/cropped-MEMURUN-SESI.png\",\"contentUrl\":\"https:\\\/\\\/memurunsesi.net\\\/wp-content\\\/uploads\\\/2025\\\/11\\\/cropped-MEMURUN-SESI.png\",\"width\":238,\"height\":57,\"caption\":\"Memurun Sesi\"},\"image\":{\"@id\":\"https:\\\/\\\/memurunsesi.net\\\/#\\\/schema\\\/logo\\\/image\\\/\"},\"sameAs\":[\"https:\\\/\\\/www.facebook.com\\\/unipersen\\\/?locale=tr_TR\",\"https:\\\/\\\/x.com\\\/unipersen\"]},{\"@type\":\"Person\",\"@id\":\"https:\\\/\\\/memurunsesi.net\\\/#\\\/schema\\\/person\\\/f21c2d73b89f6ee1d80b0a1803e38587\",\"name\":\"Memurun Sesi Haber Merkezi\",\"image\":{\"@type\":\"ImageObject\",\"inLanguage\":\"tr\",\"@id\":\"https:\\\/\\\/secure.gravatar.com\\\/avatar\\\/6cf0505f452ee753f485014986fab09a434671d2b919ee76fc541025c5876a70?s=96&d=mm&r=g\",\"url\":\"https:\\\/\\\/secure.gravatar.com\\\/avatar\\\/6cf0505f452ee753f485014986fab09a434671d2b919ee76fc541025c5876a70?s=96&d=mm&r=g\",\"contentUrl\":\"https:\\\/\\\/secure.gravatar.com\\\/avatar\\\/6cf0505f452ee753f485014986fab09a434671d2b919ee76fc541025c5876a70?s=96&d=mm&r=g\",\"caption\":\"Memurun Sesi Haber Merkezi\"},\"sameAs\":[\"https:\\\/\\\/memurunsesi.net\"],\"url\":\"https:\\\/\\\/memurunsesi.net\\\/index.php\\\/author\\\/uniper\\\/\"}]}<\/script>\n<!-- \/ Yoast SEO plugin. -->","yoast_head_json":{"title":"Samsun'da \"8. Karadeniz Meme Kongresi\" d\u00fczenlendi - Memurun Sesi","robots":{"index":"index","follow":"follow","max-snippet":"max-snippet:-1","max-image-preview":"max-image-preview:large","max-video-preview":"max-video-preview:-1"},"canonical":"https:\/\/memurunsesi.net\/index.php\/2025\/04\/13\/samsunda-8-karadeniz-meme-kongresi-duzenlendi\/","og_locale":"tr_TR","og_type":"article","og_title":"Samsun'da \"8. Karadeniz Meme Kongresi\" d\u00fczenlendi - Memurun Sesi","og_description":"Kad\u0131nlarda en s\u0131k \u00f6l\u00fcme neden olan kanser t\u00fcr\u00fc meme kanseri Samsun&#8217;da d\u00fczenlenen &#8220;8. Karadeniz Meme Kongresi&#8221;nde hekimler, kad\u0131nlarda en s\u0131k g\u00f6r\u00fclen kanser t\u00fcr\u00fc olan meme kanseriyle ilgili son geli\u015fmeleri de\u011ferlendirdi. Uzmanlar, erken te\u015fhis ve multidisipliner yakla\u015f\u0131m\u0131n tedavideki ba\u015far\u0131y\u0131 \u00f6nemli \u00f6l\u00e7\u00fcde art\u0131rd\u0131\u011f\u0131n\u0131 vurgulad\u0131. Samsun Meme Derne\u011fi taraf\u0131ndan &#8220;8. Karadeniz Meme Kongresi&#8221; d\u00fczenlendi. Bir otelde yap\u0131lan kongrede [&hellip;]","og_url":"https:\/\/memurunsesi.net\/index.php\/2025\/04\/13\/samsunda-8-karadeniz-meme-kongresi-duzenlendi\/","og_site_name":"Memurun Sesi","article_publisher":"https:\/\/www.facebook.com\/unipersen\/?locale=tr_TR","article_published_time":"2025-04-13T06:41:00+00:00","og_image":[{"width":2560,"height":1707,"url":"https:\/\/memurunsesi.net\/wp-content\/uploads\/2025\/04\/AW431353_01-scaled.jpg","type":"image\/jpeg"}],"author":"Memurun Sesi Haber Merkezi","twitter_card":"summary_large_image","twitter_creator":"@unipersen","twitter_site":"@unipersen","twitter_misc":{"Yazan:":"Memurun Sesi Haber Merkezi","Tahmini okuma s\u00fcresi":"3 dakika"},"schema":{"@context":"https:\/\/schema.org","@graph":[{"@type":"Article","@id":"https:\/\/memurunsesi.net\/index.php\/2025\/04\/13\/samsunda-8-karadeniz-meme-kongresi-duzenlendi\/#article","isPartOf":{"@id":"https:\/\/memurunsesi.net\/index.php\/2025\/04\/13\/samsunda-8-karadeniz-meme-kongresi-duzenlendi\/"},"author":{"name":"Memurun Sesi Haber Merkezi","@id":"https:\/\/memurunsesi.net\/#\/schema\/person\/f21c2d73b89f6ee1d80b0a1803e38587"},"headline":"Samsun&#8217;da &#8220;8. Karadeniz Meme Kongresi&#8221; d\u00fczenlendi","datePublished":"2025-04-13T06:41:00+00:00","mainEntityOfPage":{"@id":"https:\/\/memurunsesi.net\/index.php\/2025\/04\/13\/samsunda-8-karadeniz-meme-kongresi-duzenlendi\/"},"wordCount":551,"commentCount":0,"publisher":{"@id":"https:\/\/memurunsesi.net\/#organization"},"image":{"@id":"https:\/\/memurunsesi.net\/index.php\/2025\/04\/13\/samsunda-8-karadeniz-meme-kongresi-duzenlendi\/#primaryimage"},"thumbnailUrl":"https:\/\/memurunsesi.net\/wp-content\/uploads\/2025\/04\/AW431353_01-scaled.jpg","inLanguage":"tr","potentialAction":[{"@type":"CommentAction","name":"Comment","target":["https:\/\/memurunsesi.net\/index.php\/2025\/04\/13\/samsunda-8-karadeniz-meme-kongresi-duzenlendi\/#respond"]}]},{"@type":"WebPage","@id":"https:\/\/memurunsesi.net\/index.php\/2025\/04\/13\/samsunda-8-karadeniz-meme-kongresi-duzenlendi\/","url":"https:\/\/memurunsesi.net\/index.php\/2025\/04\/13\/samsunda-8-karadeniz-meme-kongresi-duzenlendi\/","name":"Samsun'da \"8. Karadeniz Meme Kongresi\" d\u00fczenlendi - Memurun Sesi","isPartOf":{"@id":"https:\/\/memurunsesi.net\/#website"},"primaryImageOfPage":{"@id":"https:\/\/memurunsesi.net\/index.php\/2025\/04\/13\/samsunda-8-karadeniz-meme-kongresi-duzenlendi\/#primaryimage"},"image":{"@id":"https:\/\/memurunsesi.net\/index.php\/2025\/04\/13\/samsunda-8-karadeniz-meme-kongresi-duzenlendi\/#primaryimage"},"thumbnailUrl":"https:\/\/memurunsesi.net\/wp-content\/uploads\/2025\/04\/AW431353_01-scaled.jpg","datePublished":"2025-04-13T06:41:00+00:00","breadcrumb":{"@id":"https:\/\/memurunsesi.net\/index.php\/2025\/04\/13\/samsunda-8-karadeniz-meme-kongresi-duzenlendi\/#breadcrumb"},"inLanguage":"tr","potentialAction":[{"@type":"ReadAction","target":["https:\/\/memurunsesi.net\/index.php\/2025\/04\/13\/samsunda-8-karadeniz-meme-kongresi-duzenlendi\/"]}]},{"@type":"ImageObject","inLanguage":"tr","@id":"https:\/\/memurunsesi.net\/index.php\/2025\/04\/13\/samsunda-8-karadeniz-meme-kongresi-duzenlendi\/#primaryimage","url":"https:\/\/memurunsesi.net\/wp-content\/uploads\/2025\/04\/AW431353_01-scaled.jpg","contentUrl":"https:\/\/memurunsesi.net\/wp-content\/uploads\/2025\/04\/AW431353_01-scaled.jpg","width":2560,"height":1707,"caption":"SOL BA\u015eTAN \u0130S\u0130MLER: MED\u0130CANA INTERNAT\u0130ONAL SAMSUN HASTANES\u0130 GENEL CERRAH\u0130 UZM. OPR. DR. \u00d6ZLEM KARACA OCAK, MED\u0130CAL PARK SAMSUN HASTANES\u0130 GENEL CERRAH\u0130 UZMANI PROF. DR. NECAT\u0130 \u00d6ZEN,VM MED\u0130CAL PARK SAMSUN HASTANES\u0130 MED\u0130KAL ONKOLOJ\u0130 UZMANI AYNI ZAMANDA MEME DERNE\u011e\u0130 BA\u015eKANI PROF. DR. YASEM\u0130N KEMAL ,SOLDAK\u0130 MED\u0130CANA INTERNAT\u0130ONAL SAMSUN HASTANES\u0130 TIBB\u0130 ONKOLOJ\u0130 UZMANI PROF. DR. \u0130DR\u0130S Y\u00dcCEL (FURKAN ABREK \u00dcNAL\/SAMSUN-\u0130HA) Samsun'da d\u00fczenlenen \"8. Karadeniz Meme Kongresi\"nde hekimler, kad\u0131nlarda en s\u0131k g\u00f6r\u00fclen kanser t\u00fcr\u00fc olan meme kanseriyle ilgili son geli\u015fmeleri de\u011ferlendirdi. Uzmanlar, erken te\u015fhis ve multidisipliner yakla\u015f\u0131m\u0131n tedavideki ba\u015far\u0131y\u0131 \u00f6nemli \u00f6l\u00e7\u00fcde art\u0131rd\u0131\u011f\u0131n\u0131 vurgulad\u0131."},{"@type":"BreadcrumbList","@id":"https:\/\/memurunsesi.net\/index.php\/2025\/04\/13\/samsunda-8-karadeniz-meme-kongresi-duzenlendi\/#breadcrumb","itemListElement":[{"@type":"ListItem","position":1,"name":"Anasayfa","item":"https:\/\/memurunsesi.net\/"},{"@type":"ListItem","position":2,"name":"Samsun&#8217;da &#8220;8. Karadeniz Meme Kongresi&#8221; d\u00fczenlendi"}]},{"@type":"WebSite","@id":"https:\/\/memurunsesi.net\/#website","url":"https:\/\/memurunsesi.net\/","name":"Memurun Sesi","description":"G\u00fcncel ve Do\u011fru Haber","publisher":{"@id":"https:\/\/memurunsesi.net\/#organization"},"potentialAction":[{"@type":"SearchAction","target":{"@type":"EntryPoint","urlTemplate":"https:\/\/memurunsesi.net\/?s={search_term_string}"},"query-input":{"@type":"PropertyValueSpecification","valueRequired":true,"valueName":"search_term_string"}}],"inLanguage":"tr"},{"@type":"Organization","@id":"https:\/\/memurunsesi.net\/#organization","name":"Memurun Sesi","url":"https:\/\/memurunsesi.net\/","logo":{"@type":"ImageObject","inLanguage":"tr","@id":"https:\/\/memurunsesi.net\/#\/schema\/logo\/image\/","url":"https:\/\/memurunsesi.net\/wp-content\/uploads\/2025\/11\/cropped-MEMURUN-SESI.png","contentUrl":"https:\/\/memurunsesi.net\/wp-content\/uploads\/2025\/11\/cropped-MEMURUN-SESI.png","width":238,"height":57,"caption":"Memurun Sesi"},"image":{"@id":"https:\/\/memurunsesi.net\/#\/schema\/logo\/image\/"},"sameAs":["https:\/\/www.facebook.com\/unipersen\/?locale=tr_TR","https:\/\/x.com\/unipersen"]},{"@type":"Person","@id":"https:\/\/memurunsesi.net\/#\/schema\/person\/f21c2d73b89f6ee1d80b0a1803e38587","name":"Memurun Sesi Haber Merkezi","image":{"@type":"ImageObject","inLanguage":"tr","@id":"https:\/\/secure.gravatar.com\/avatar\/6cf0505f452ee753f485014986fab09a434671d2b919ee76fc541025c5876a70?s=96&d=mm&r=g","url":"https:\/\/secure.gravatar.com\/avatar\/6cf0505f452ee753f485014986fab09a434671d2b919ee76fc541025c5876a70?s=96&d=mm&r=g","contentUrl":"https:\/\/secure.gravatar.com\/avatar\/6cf0505f452ee753f485014986fab09a434671d2b919ee76fc541025c5876a70?s=96&d=mm&r=g","caption":"Memurun Sesi Haber Merkezi"},"sameAs":["https:\/\/memurunsesi.net"],"url":"https:\/\/memurunsesi.net\/index.php\/author\/uniper\/"}]}},"_links":{"self":[{"href":"https:\/\/memurunsesi.net\/index.php\/wp-json\/wp\/v2\/posts\/5275","targetHints":{"allow":["GET"]}}],"collection":[{"href":"https:\/\/memurunsesi.net\/index.php\/wp-json\/wp\/v2\/posts"}],"about":[{"href":"https:\/\/memurunsesi.net\/index.php\/wp-json\/wp\/v2\/types\/post"}],"author":[{"embeddable":true,"href":"https:\/\/memurunsesi.net\/index.php\/wp-json\/wp\/v2\/users\/1"}],"replies":[{"embeddable":true,"href":"https:\/\/memurunsesi.net\/index.php\/wp-json\/wp\/v2\/comments?post=5275"}],"version-history":[{"count":1,"href":"https:\/\/memurunsesi.net\/index.php\/wp-json\/wp\/v2\/posts\/5275\/revisions"}],"predecessor-version":[{"id":5277,"href":"https:\/\/memurunsesi.net\/index.php\/wp-json\/wp\/v2\/posts\/5275\/revisions\/5277"}],"wp:featuredmedia":[{"embeddable":true,"href":"https:\/\/memurunsesi.net\/index.php\/wp-json\/wp\/v2\/media\/5276"}],"wp:attachment":[{"href":"https:\/\/memurunsesi.net\/index.php\/wp-json\/wp\/v2\/media?parent=5275"}],"wp:term":[{"taxonomy":"category","embeddable":true,"href":"https:\/\/memurunsesi.net\/index.php\/wp-json\/wp\/v2\/categories?post=5275"},{"taxonomy":"post_tag","embeddable":true,"href":"https:\/\/memurunsesi.net\/index.php\/wp-json\/wp\/v2\/tags?post=5275"}],"curies":[{"name":"wp","href":"https:\/\/api.w.org\/{rel}","templated":true}]}}