{"id":5278,"date":"2025-04-13T11:57:22","date_gmt":"2025-04-13T08:57:22","guid":{"rendered":"https:\/\/memurunsesi.net\/?p=5278"},"modified":"2025-04-13T11:57:22","modified_gmt":"2025-04-13T08:57:22","slug":"altinordu-3-mactir-kaybediyor","status":"publish","type":"post","link":"https:\/\/memurunsesi.net\/index.php\/2025\/04\/13\/altinordu-3-mactir-kaybediyor\/","title":{"rendered":"Alt\u0131nordu, 3 ma\u00e7t\u0131r kaybediyor"},"content":{"rendered":"<p>Alt\u0131nordu, TFF 2. Lig Beyaz Grup\u2019ta arka arkaya oynad\u0131\u011f\u0131 3 ma\u00e7\u0131 da kaybederek galibiyete hasret kald\u0131.<br \/>\nTFF 2. Lig Beyaz Grup ekiplerinden Alt\u0131nordu\u2019da d\u00fc\u015f\u00fc\u015f devam ediyor. \u0130zmir ekibi, 31. hafta m\u00fccadelesinde Adana 01 FK ile kar\u015f\u0131 kar\u015f\u0131ya geldi. K\u0131rm\u0131z\u0131-lacivertliler, konuk etti\u011fi ve play-off hatt\u0131nda birebir rakibi olan Adana temsilcisine 2-0\u2019l\u0131k skorla ma\u011flup oldu. Bu sonu\u00e7la birlikte 55 puanla haftay\u0131 5. s\u0131rada noktalayan Alt\u0131nordu, \u00fcst \u00fcste 3. ma\u011flubiyetini ald\u0131.<\/p>\n<p>Gol hasreti devam ediyor<br \/>\nAlt\u0131nordu\u2019da d\u00fc\u015f\u00fc\u015f devam ederken bir yandan da k\u0131rm\u0131z\u0131-lacivertli ekip gole hasret kald\u0131. Ligde oynad\u0131\u011f\u0131 son 3 ma\u00e7\u0131n\u0131 kaybeden \u0130zmir ekibi, bu s\u00fcre\u00e7te rakip fileleri havaland\u0131rmay\u0131 ba\u015faramad\u0131. Kastamonuspor ve Adana 01 FK\u2019ya 2-0\u2019l\u0131k skorlarla kaybeden Ersan Parlatan&#8217;\u0131n \u00f6\u011frencileri, 1461 Trabzon FK\u2019ya da 1-0 kaybetti. B\u00f6ylece Alt\u0131nordu, bu 3 ma\u00e7ta da gol \u00fcretmeyi ba\u015faramad\u0131.<\/p>\n<p>13.04.2025<\/p>\n","protected":false},"excerpt":{"rendered":"<p>Alt\u0131nordu, TFF 2. Lig Beyaz Grup\u2019ta arka arkaya oynad\u0131\u011f\u0131 3 ma\u00e7\u0131 da kaybederek galibiyete hasret kald\u0131. TFF 2. Lig Beyaz Grup ekiplerinden Alt\u0131nordu\u2019da d\u00fc\u015f\u00fc\u015f devam ediyor. \u0130zmir ekibi, 31. hafta m\u00fccadelesinde Adana 01 FK ile kar\u015f\u0131 kar\u015f\u0131ya geldi. K\u0131rm\u0131z\u0131-lacivertliler, konuk etti\u011fi ve play-off hatt\u0131nda birebir rakibi olan Adana temsilcisine 2-0\u2019l\u0131k skorla ma\u011flup oldu. Bu sonu\u00e7la [&hellip;]<\/p>\n","protected":false},"author":1,"featured_media":5279,"comment_status":"open","ping_status":"open","sticky":false,"template":"","format":"standard","meta":{"footnotes":""},"categories":[57],"tags":[],"class_list":["post-5278","post","type-post","status-publish","format-standard","has-post-thumbnail","hentry","category-spor"],"yoast_head":"<!-- This site is optimized with the Yoast SEO plugin v27.4 - https:\/\/yoast.com\/product\/yoast-seo-wordpress\/ -->\n<title>Alt\u0131nordu, 3 ma\u00e7t\u0131r kaybediyor - Memurun Sesi<\/title>\n<meta name=\"robots\" content=\"index, follow, max-snippet:-1, max-image-preview:large, max-video-preview:-1\" \/>\n<link rel=\"canonical\" href=\"https:\/\/memurunsesi.net\/index.php\/2025\/04\/13\/altinordu-3-mactir-kaybediyor\/\" \/>\n<meta property=\"og:locale\" content=\"tr_TR\" \/>\n<meta property=\"og:type\" content=\"article\" \/>\n<meta property=\"og:title\" content=\"Alt\u0131nordu, 3 ma\u00e7t\u0131r kaybediyor - Memurun Sesi\" \/>\n<meta property=\"og:description\" content=\"Alt\u0131nordu, TFF 2. Lig Beyaz Grup\u2019ta arka arkaya oynad\u0131\u011f\u0131 3 ma\u00e7\u0131 da kaybederek galibiyete hasret kald\u0131. TFF 2. Lig Beyaz Grup ekiplerinden Alt\u0131nordu\u2019da d\u00fc\u015f\u00fc\u015f devam ediyor. \u0130zmir ekibi, 31. hafta m\u00fccadelesinde Adana 01 FK ile kar\u015f\u0131 kar\u015f\u0131ya geldi. K\u0131rm\u0131z\u0131-lacivertliler, konuk etti\u011fi ve play-off hatt\u0131nda birebir rakibi olan Adana temsilcisine 2-0\u2019l\u0131k skorla ma\u011flup oldu. Bu sonu\u00e7la [&hellip;]\" \/>\n<meta property=\"og:url\" content=\"https:\/\/memurunsesi.net\/index.php\/2025\/04\/13\/altinordu-3-mactir-kaybediyor\/\" \/>\n<meta property=\"og:site_name\" content=\"Memurun Sesi\" \/>\n<meta property=\"article:publisher\" content=\"https:\/\/www.facebook.com\/unipersen\/?locale=tr_TR\" \/>\n<meta property=\"article:published_time\" content=\"2025-04-13T08:57:22+00:00\" \/>\n<meta property=\"og:image\" content=\"https:\/\/memurunsesi.net\/wp-content\/uploads\/2025\/04\/AW431637_01.jpg\" \/>\n\t<meta property=\"og:image:width\" content=\"1200\" \/>\n\t<meta property=\"og:image:height\" content=\"800\" \/>\n\t<meta property=\"og:image:type\" content=\"image\/jpeg\" \/>\n<meta name=\"author\" content=\"Memurun Sesi Haber Merkezi\" \/>\n<meta name=\"twitter:card\" content=\"summary_large_image\" \/>\n<meta name=\"twitter:creator\" content=\"@unipersen\" \/>\n<meta name=\"twitter:site\" content=\"@unipersen\" \/>\n<meta name=\"twitter:label1\" content=\"Yazan:\" \/>\n\t<meta name=\"twitter:data1\" content=\"Memurun Sesi Haber Merkezi\" \/>\n\t<meta name=\"twitter:label2\" content=\"Tahmini okuma s\u00fcresi\" \/>\n\t<meta name=\"twitter:data2\" content=\"1 dakika\" \/>\n<script type=\"application\/ld+json\" class=\"yoast-schema-graph\">{\"@context\":\"https:\\\/\\\/schema.org\",\"@graph\":[{\"@type\":\"Article\",\"@id\":\"https:\\\/\\\/memurunsesi.net\\\/index.php\\\/2025\\\/04\\\/13\\\/altinordu-3-mactir-kaybediyor\\\/#article\",\"isPartOf\":{\"@id\":\"https:\\\/\\\/memurunsesi.net\\\/index.php\\\/2025\\\/04\\\/13\\\/altinordu-3-mactir-kaybediyor\\\/\"},\"author\":{\"name\":\"Memurun Sesi Haber Merkezi\",\"@id\":\"https:\\\/\\\/memurunsesi.net\\\/#\\\/schema\\\/person\\\/f21c2d73b89f6ee1d80b0a1803e38587\"},\"headline\":\"Alt\u0131nordu, 3 ma\u00e7t\u0131r kaybediyor\",\"datePublished\":\"2025-04-13T08:57:22+00:00\",\"mainEntityOfPage\":{\"@id\":\"https:\\\/\\\/memurunsesi.net\\\/index.php\\\/2025\\\/04\\\/13\\\/altinordu-3-mactir-kaybediyor\\\/\"},\"wordCount\":155,\"commentCount\":0,\"publisher\":{\"@id\":\"https:\\\/\\\/memurunsesi.net\\\/#organization\"},\"image\":{\"@id\":\"https:\\\/\\\/memurunsesi.net\\\/index.php\\\/2025\\\/04\\\/13\\\/altinordu-3-mactir-kaybediyor\\\/#primaryimage\"},\"thumbnailUrl\":\"https:\\\/\\\/memurunsesi.net\\\/wp-content\\\/uploads\\\/2025\\\/04\\\/AW431637_01.jpg\",\"articleSection\":[\"Spor\"],\"inLanguage\":\"tr\",\"potentialAction\":[{\"@type\":\"CommentAction\",\"name\":\"Comment\",\"target\":[\"https:\\\/\\\/memurunsesi.net\\\/index.php\\\/2025\\\/04\\\/13\\\/altinordu-3-mactir-kaybediyor\\\/#respond\"]}]},{\"@type\":\"WebPage\",\"@id\":\"https:\\\/\\\/memurunsesi.net\\\/index.php\\\/2025\\\/04\\\/13\\\/altinordu-3-mactir-kaybediyor\\\/\",\"url\":\"https:\\\/\\\/memurunsesi.net\\\/index.php\\\/2025\\\/04\\\/13\\\/altinordu-3-mactir-kaybediyor\\\/\",\"name\":\"Alt\u0131nordu, 3 ma\u00e7t\u0131r kaybediyor - Memurun Sesi\",\"isPartOf\":{\"@id\":\"https:\\\/\\\/memurunsesi.net\\\/#website\"},\"primaryImageOfPage\":{\"@id\":\"https:\\\/\\\/memurunsesi.net\\\/index.php\\\/2025\\\/04\\\/13\\\/altinordu-3-mactir-kaybediyor\\\/#primaryimage\"},\"image\":{\"@id\":\"https:\\\/\\\/memurunsesi.net\\\/index.php\\\/2025\\\/04\\\/13\\\/altinordu-3-mactir-kaybediyor\\\/#primaryimage\"},\"thumbnailUrl\":\"https:\\\/\\\/memurunsesi.net\\\/wp-content\\\/uploads\\\/2025\\\/04\\\/AW431637_01.jpg\",\"datePublished\":\"2025-04-13T08:57:22+00:00\",\"breadcrumb\":{\"@id\":\"https:\\\/\\\/memurunsesi.net\\\/index.php\\\/2025\\\/04\\\/13\\\/altinordu-3-mactir-kaybediyor\\\/#breadcrumb\"},\"inLanguage\":\"tr\",\"potentialAction\":[{\"@type\":\"ReadAction\",\"target\":[\"https:\\\/\\\/memurunsesi.net\\\/index.php\\\/2025\\\/04\\\/13\\\/altinordu-3-mactir-kaybediyor\\\/\"]}]},{\"@type\":\"ImageObject\",\"inLanguage\":\"tr\",\"@id\":\"https:\\\/\\\/memurunsesi.net\\\/index.php\\\/2025\\\/04\\\/13\\\/altinordu-3-mactir-kaybediyor\\\/#primaryimage\",\"url\":\"https:\\\/\\\/memurunsesi.net\\\/wp-content\\\/uploads\\\/2025\\\/04\\\/AW431637_01.jpg\",\"contentUrl\":\"https:\\\/\\\/memurunsesi.net\\\/wp-content\\\/uploads\\\/2025\\\/04\\\/AW431637_01.jpg\",\"width\":1200,\"height\":800,\"caption\":\"ALTINORDU, TFF 2. L\u0130G BEYAZ GRUP'TA ARKA ARKAYA OYNADI\u011eI 3 MA\u00c7I DA KAYBEDEREK GAL\u0130B\u0130YETE HASRET KALDI. (\\\/\u0130ZM\u0130R-\u0130HA) Alt\u0131nordu, TFF 2. Lig Beyaz Grup'ta arka arkaya oynad\u0131\u011f\u0131 3 ma\u00e7\u0131 da kaybederek galibiyete hasret kald\u0131.\"},{\"@type\":\"BreadcrumbList\",\"@id\":\"https:\\\/\\\/memurunsesi.net\\\/index.php\\\/2025\\\/04\\\/13\\\/altinordu-3-mactir-kaybediyor\\\/#breadcrumb\",\"itemListElement\":[{\"@type\":\"ListItem\",\"position\":1,\"name\":\"Anasayfa\",\"item\":\"https:\\\/\\\/memurunsesi.net\\\/\"},{\"@type\":\"ListItem\",\"position\":2,\"name\":\"Alt\u0131nordu, 3 ma\u00e7t\u0131r kaybediyor\"}]},{\"@type\":\"WebSite\",\"@id\":\"https:\\\/\\\/memurunsesi.net\\\/#website\",\"url\":\"https:\\\/\\\/memurunsesi.net\\\/\",\"name\":\"Memurun Sesi\",\"description\":\"G\u00fcncel ve Do\u011fru Haber\",\"publisher\":{\"@id\":\"https:\\\/\\\/memurunsesi.net\\\/#organization\"},\"potentialAction\":[{\"@type\":\"SearchAction\",\"target\":{\"@type\":\"EntryPoint\",\"urlTemplate\":\"https:\\\/\\\/memurunsesi.net\\\/?s={search_term_string}\"},\"query-input\":{\"@type\":\"PropertyValueSpecification\",\"valueRequired\":true,\"valueName\":\"search_term_string\"}}],\"inLanguage\":\"tr\"},{\"@type\":\"Organization\",\"@id\":\"https:\\\/\\\/memurunsesi.net\\\/#organization\",\"name\":\"Memurun Sesi\",\"url\":\"https:\\\/\\\/memurunsesi.net\\\/\",\"logo\":{\"@type\":\"ImageObject\",\"inLanguage\":\"tr\",\"@id\":\"https:\\\/\\\/memurunsesi.net\\\/#\\\/schema\\\/logo\\\/image\\\/\",\"url\":\"https:\\\/\\\/memurunsesi.net\\\/wp-content\\\/uploads\\\/2025\\\/11\\\/cropped-MEMURUN-SESI.png\",\"contentUrl\":\"https:\\\/\\\/memurunsesi.net\\\/wp-content\\\/uploads\\\/2025\\\/11\\\/cropped-MEMURUN-SESI.png\",\"width\":238,\"height\":57,\"caption\":\"Memurun Sesi\"},\"image\":{\"@id\":\"https:\\\/\\\/memurunsesi.net\\\/#\\\/schema\\\/logo\\\/image\\\/\"},\"sameAs\":[\"https:\\\/\\\/www.facebook.com\\\/unipersen\\\/?locale=tr_TR\",\"https:\\\/\\\/x.com\\\/unipersen\"]},{\"@type\":\"Person\",\"@id\":\"https:\\\/\\\/memurunsesi.net\\\/#\\\/schema\\\/person\\\/f21c2d73b89f6ee1d80b0a1803e38587\",\"name\":\"Memurun Sesi Haber Merkezi\",\"image\":{\"@type\":\"ImageObject\",\"inLanguage\":\"tr\",\"@id\":\"https:\\\/\\\/secure.gravatar.com\\\/avatar\\\/6cf0505f452ee753f485014986fab09a434671d2b919ee76fc541025c5876a70?s=96&d=mm&r=g\",\"url\":\"https:\\\/\\\/secure.gravatar.com\\\/avatar\\\/6cf0505f452ee753f485014986fab09a434671d2b919ee76fc541025c5876a70?s=96&d=mm&r=g\",\"contentUrl\":\"https:\\\/\\\/secure.gravatar.com\\\/avatar\\\/6cf0505f452ee753f485014986fab09a434671d2b919ee76fc541025c5876a70?s=96&d=mm&r=g\",\"caption\":\"Memurun Sesi Haber Merkezi\"},\"sameAs\":[\"https:\\\/\\\/memurunsesi.net\"],\"url\":\"https:\\\/\\\/memurunsesi.net\\\/index.php\\\/author\\\/uniper\\\/\"}]}<\/script>\n<!-- \/ Yoast SEO plugin. -->","yoast_head_json":{"title":"Alt\u0131nordu, 3 ma\u00e7t\u0131r kaybediyor - Memurun Sesi","robots":{"index":"index","follow":"follow","max-snippet":"max-snippet:-1","max-image-preview":"max-image-preview:large","max-video-preview":"max-video-preview:-1"},"canonical":"https:\/\/memurunsesi.net\/index.php\/2025\/04\/13\/altinordu-3-mactir-kaybediyor\/","og_locale":"tr_TR","og_type":"article","og_title":"Alt\u0131nordu, 3 ma\u00e7t\u0131r kaybediyor - Memurun Sesi","og_description":"Alt\u0131nordu, TFF 2. Lig Beyaz Grup\u2019ta arka arkaya oynad\u0131\u011f\u0131 3 ma\u00e7\u0131 da kaybederek galibiyete hasret kald\u0131. TFF 2. Lig Beyaz Grup ekiplerinden Alt\u0131nordu\u2019da d\u00fc\u015f\u00fc\u015f devam ediyor. \u0130zmir ekibi, 31. hafta m\u00fccadelesinde Adana 01 FK ile kar\u015f\u0131 kar\u015f\u0131ya geldi. K\u0131rm\u0131z\u0131-lacivertliler, konuk etti\u011fi ve play-off hatt\u0131nda birebir rakibi olan Adana temsilcisine 2-0\u2019l\u0131k skorla ma\u011flup oldu. Bu sonu\u00e7la [&hellip;]","og_url":"https:\/\/memurunsesi.net\/index.php\/2025\/04\/13\/altinordu-3-mactir-kaybediyor\/","og_site_name":"Memurun Sesi","article_publisher":"https:\/\/www.facebook.com\/unipersen\/?locale=tr_TR","article_published_time":"2025-04-13T08:57:22+00:00","og_image":[{"width":1200,"height":800,"url":"https:\/\/memurunsesi.net\/wp-content\/uploads\/2025\/04\/AW431637_01.jpg","type":"image\/jpeg"}],"author":"Memurun Sesi Haber Merkezi","twitter_card":"summary_large_image","twitter_creator":"@unipersen","twitter_site":"@unipersen","twitter_misc":{"Yazan:":"Memurun Sesi Haber Merkezi","Tahmini okuma s\u00fcresi":"1 dakika"},"schema":{"@context":"https:\/\/schema.org","@graph":[{"@type":"Article","@id":"https:\/\/memurunsesi.net\/index.php\/2025\/04\/13\/altinordu-3-mactir-kaybediyor\/#article","isPartOf":{"@id":"https:\/\/memurunsesi.net\/index.php\/2025\/04\/13\/altinordu-3-mactir-kaybediyor\/"},"author":{"name":"Memurun Sesi Haber Merkezi","@id":"https:\/\/memurunsesi.net\/#\/schema\/person\/f21c2d73b89f6ee1d80b0a1803e38587"},"headline":"Alt\u0131nordu, 3 ma\u00e7t\u0131r kaybediyor","datePublished":"2025-04-13T08:57:22+00:00","mainEntityOfPage":{"@id":"https:\/\/memurunsesi.net\/index.php\/2025\/04\/13\/altinordu-3-mactir-kaybediyor\/"},"wordCount":155,"commentCount":0,"publisher":{"@id":"https:\/\/memurunsesi.net\/#organization"},"image":{"@id":"https:\/\/memurunsesi.net\/index.php\/2025\/04\/13\/altinordu-3-mactir-kaybediyor\/#primaryimage"},"thumbnailUrl":"https:\/\/memurunsesi.net\/wp-content\/uploads\/2025\/04\/AW431637_01.jpg","articleSection":["Spor"],"inLanguage":"tr","potentialAction":[{"@type":"CommentAction","name":"Comment","target":["https:\/\/memurunsesi.net\/index.php\/2025\/04\/13\/altinordu-3-mactir-kaybediyor\/#respond"]}]},{"@type":"WebPage","@id":"https:\/\/memurunsesi.net\/index.php\/2025\/04\/13\/altinordu-3-mactir-kaybediyor\/","url":"https:\/\/memurunsesi.net\/index.php\/2025\/04\/13\/altinordu-3-mactir-kaybediyor\/","name":"Alt\u0131nordu, 3 ma\u00e7t\u0131r kaybediyor - Memurun Sesi","isPartOf":{"@id":"https:\/\/memurunsesi.net\/#website"},"primaryImageOfPage":{"@id":"https:\/\/memurunsesi.net\/index.php\/2025\/04\/13\/altinordu-3-mactir-kaybediyor\/#primaryimage"},"image":{"@id":"https:\/\/memurunsesi.net\/index.php\/2025\/04\/13\/altinordu-3-mactir-kaybediyor\/#primaryimage"},"thumbnailUrl":"https:\/\/memurunsesi.net\/wp-content\/uploads\/2025\/04\/AW431637_01.jpg","datePublished":"2025-04-13T08:57:22+00:00","breadcrumb":{"@id":"https:\/\/memurunsesi.net\/index.php\/2025\/04\/13\/altinordu-3-mactir-kaybediyor\/#breadcrumb"},"inLanguage":"tr","potentialAction":[{"@type":"ReadAction","target":["https:\/\/memurunsesi.net\/index.php\/2025\/04\/13\/altinordu-3-mactir-kaybediyor\/"]}]},{"@type":"ImageObject","inLanguage":"tr","@id":"https:\/\/memurunsesi.net\/index.php\/2025\/04\/13\/altinordu-3-mactir-kaybediyor\/#primaryimage","url":"https:\/\/memurunsesi.net\/wp-content\/uploads\/2025\/04\/AW431637_01.jpg","contentUrl":"https:\/\/memurunsesi.net\/wp-content\/uploads\/2025\/04\/AW431637_01.jpg","width":1200,"height":800,"caption":"ALTINORDU, TFF 2. L\u0130G BEYAZ GRUP'TA ARKA ARKAYA OYNADI\u011eI 3 MA\u00c7I DA KAYBEDEREK GAL\u0130B\u0130YETE HASRET KALDI. (\/\u0130ZM\u0130R-\u0130HA) Alt\u0131nordu, TFF 2. Lig Beyaz Grup'ta arka arkaya oynad\u0131\u011f\u0131 3 ma\u00e7\u0131 da kaybederek galibiyete hasret kald\u0131."},{"@type":"BreadcrumbList","@id":"https:\/\/memurunsesi.net\/index.php\/2025\/04\/13\/altinordu-3-mactir-kaybediyor\/#breadcrumb","itemListElement":[{"@type":"ListItem","position":1,"name":"Anasayfa","item":"https:\/\/memurunsesi.net\/"},{"@type":"ListItem","position":2,"name":"Alt\u0131nordu, 3 ma\u00e7t\u0131r kaybediyor"}]},{"@type":"WebSite","@id":"https:\/\/memurunsesi.net\/#website","url":"https:\/\/memurunsesi.net\/","name":"Memurun Sesi","description":"G\u00fcncel ve Do\u011fru Haber","publisher":{"@id":"https:\/\/memurunsesi.net\/#organization"},"potentialAction":[{"@type":"SearchAction","target":{"@type":"EntryPoint","urlTemplate":"https:\/\/memurunsesi.net\/?s={search_term_string}"},"query-input":{"@type":"PropertyValueSpecification","valueRequired":true,"valueName":"search_term_string"}}],"inLanguage":"tr"},{"@type":"Organization","@id":"https:\/\/memurunsesi.net\/#organization","name":"Memurun Sesi","url":"https:\/\/memurunsesi.net\/","logo":{"@type":"ImageObject","inLanguage":"tr","@id":"https:\/\/memurunsesi.net\/#\/schema\/logo\/image\/","url":"https:\/\/memurunsesi.net\/wp-content\/uploads\/2025\/11\/cropped-MEMURUN-SESI.png","contentUrl":"https:\/\/memurunsesi.net\/wp-content\/uploads\/2025\/11\/cropped-MEMURUN-SESI.png","width":238,"height":57,"caption":"Memurun Sesi"},"image":{"@id":"https:\/\/memurunsesi.net\/#\/schema\/logo\/image\/"},"sameAs":["https:\/\/www.facebook.com\/unipersen\/?locale=tr_TR","https:\/\/x.com\/unipersen"]},{"@type":"Person","@id":"https:\/\/memurunsesi.net\/#\/schema\/person\/f21c2d73b89f6ee1d80b0a1803e38587","name":"Memurun Sesi Haber Merkezi","image":{"@type":"ImageObject","inLanguage":"tr","@id":"https:\/\/secure.gravatar.com\/avatar\/6cf0505f452ee753f485014986fab09a434671d2b919ee76fc541025c5876a70?s=96&d=mm&r=g","url":"https:\/\/secure.gravatar.com\/avatar\/6cf0505f452ee753f485014986fab09a434671d2b919ee76fc541025c5876a70?s=96&d=mm&r=g","contentUrl":"https:\/\/secure.gravatar.com\/avatar\/6cf0505f452ee753f485014986fab09a434671d2b919ee76fc541025c5876a70?s=96&d=mm&r=g","caption":"Memurun Sesi Haber Merkezi"},"sameAs":["https:\/\/memurunsesi.net"],"url":"https:\/\/memurunsesi.net\/index.php\/author\/uniper\/"}]}},"_links":{"self":[{"href":"https:\/\/memurunsesi.net\/index.php\/wp-json\/wp\/v2\/posts\/5278","targetHints":{"allow":["GET"]}}],"collection":[{"href":"https:\/\/memurunsesi.net\/index.php\/wp-json\/wp\/v2\/posts"}],"about":[{"href":"https:\/\/memurunsesi.net\/index.php\/wp-json\/wp\/v2\/types\/post"}],"author":[{"embeddable":true,"href":"https:\/\/memurunsesi.net\/index.php\/wp-json\/wp\/v2\/users\/1"}],"replies":[{"embeddable":true,"href":"https:\/\/memurunsesi.net\/index.php\/wp-json\/wp\/v2\/comments?post=5278"}],"version-history":[{"count":1,"href":"https:\/\/memurunsesi.net\/index.php\/wp-json\/wp\/v2\/posts\/5278\/revisions"}],"predecessor-version":[{"id":5280,"href":"https:\/\/memurunsesi.net\/index.php\/wp-json\/wp\/v2\/posts\/5278\/revisions\/5280"}],"wp:featuredmedia":[{"embeddable":true,"href":"https:\/\/memurunsesi.net\/index.php\/wp-json\/wp\/v2\/media\/5279"}],"wp:attachment":[{"href":"https:\/\/memurunsesi.net\/index.php\/wp-json\/wp\/v2\/media?parent=5278"}],"wp:term":[{"taxonomy":"category","embeddable":true,"href":"https:\/\/memurunsesi.net\/index.php\/wp-json\/wp\/v2\/categories?post=5278"},{"taxonomy":"post_tag","embeddable":true,"href":"https:\/\/memurunsesi.net\/index.php\/wp-json\/wp\/v2\/tags?post=5278"}],"curies":[{"name":"wp","href":"https:\/\/api.w.org\/{rel}","templated":true}]}}