{"id":5305,"date":"2025-04-13T21:14:52","date_gmt":"2025-04-13T18:14:52","guid":{"rendered":"https:\/\/memurunsesi.net\/?p=5305"},"modified":"2025-04-13T21:14:52","modified_gmt":"2025-04-13T18:14:52","slug":"karabuk-bartin-karayolu-ulasima-acildi","status":"publish","type":"post","link":"https:\/\/memurunsesi.net\/index.php\/2025\/04\/13\/karabuk-bartin-karayolu-ulasima-acildi\/","title":{"rendered":"Karab\u00fck-Bart\u0131n karayolu ula\u015f\u0131ma a\u00e7\u0131ld\u0131"},"content":{"rendered":"<p>Karab\u00fck&#8217;te kar ya\u011f\u0131\u015f\u0131 nedeniyle ula\u015f\u0131ma kapat\u0131lan Karab\u00fck-Bart\u0131n karayolu a\u00e7\u0131ld\u0131.<br \/>\nKarab\u00fck&#8217;te ak\u015fam saatlerinde etkisini art\u0131ran kar ya\u011f\u0131\u015f\u0131 nedeniyle 1030 rak\u0131ml\u0131 Ahmet usta Ge\u00e7idi ve Karab\u00fck-Bart\u0131n karayolu karla kapland\u0131. Trafik ekipleri ara\u00e7lar\u0131n ge\u00e7i\u015fini durdururken, Karayollar\u0131 ekipleri taraf\u0131ndan yap\u0131lan kar k\u00fcreme ve tuzlama \u00e7al\u0131\u015fmas\u0131 sonras\u0131nda yol yeniden ula\u015f\u0131ma a\u00e7\u0131ld\u0131. Kar ya\u011f\u0131\u015f\u0131n\u0131n durdu\u011fu b\u00f6lgede t\u00fcm ara\u00e7lar\u0131n ge\u00e7i\u015fine izin veriliyor. <\/p>\n<p>13.04.2025                               <\/p>\n","protected":false},"excerpt":{"rendered":"<p>Karab\u00fck&#8217;te kar ya\u011f\u0131\u015f\u0131 nedeniyle ula\u015f\u0131ma kapat\u0131lan Karab\u00fck-Bart\u0131n karayolu a\u00e7\u0131ld\u0131. Karab\u00fck&#8217;te ak\u015fam saatlerinde etkisini art\u0131ran kar ya\u011f\u0131\u015f\u0131 nedeniyle 1030 rak\u0131ml\u0131 Ahmet usta Ge\u00e7idi ve Karab\u00fck-Bart\u0131n karayolu karla kapland\u0131. Trafik ekipleri ara\u00e7lar\u0131n ge\u00e7i\u015fini durdururken, Karayollar\u0131 ekipleri taraf\u0131ndan yap\u0131lan kar k\u00fcreme ve tuzlama \u00e7al\u0131\u015fmas\u0131 sonras\u0131nda yol yeniden ula\u015f\u0131ma a\u00e7\u0131ld\u0131. Kar ya\u011f\u0131\u015f\u0131n\u0131n durdu\u011fu b\u00f6lgede t\u00fcm ara\u00e7lar\u0131n ge\u00e7i\u015fine izin veriliyor. [&hellip;]<\/p>\n","protected":false},"author":1,"featured_media":5306,"comment_status":"open","ping_status":"open","sticky":false,"template":"","format":"standard","meta":{"footnotes":""},"categories":[45],"tags":[],"class_list":["post-5305","post","type-post","status-publish","format-standard","has-post-thumbnail","hentry","category-gundem"],"yoast_head":"<!-- This site is optimized with the Yoast SEO plugin v27.4 - https:\/\/yoast.com\/product\/yoast-seo-wordpress\/ -->\n<title>Karab\u00fck-Bart\u0131n karayolu ula\u015f\u0131ma a\u00e7\u0131ld\u0131 - Memurun Sesi<\/title>\n<meta name=\"robots\" content=\"index, follow, max-snippet:-1, max-image-preview:large, max-video-preview:-1\" \/>\n<link rel=\"canonical\" href=\"https:\/\/memurunsesi.net\/index.php\/2025\/04\/13\/karabuk-bartin-karayolu-ulasima-acildi\/\" \/>\n<meta property=\"og:locale\" content=\"tr_TR\" \/>\n<meta property=\"og:type\" content=\"article\" \/>\n<meta property=\"og:title\" content=\"Karab\u00fck-Bart\u0131n karayolu ula\u015f\u0131ma a\u00e7\u0131ld\u0131 - Memurun Sesi\" \/>\n<meta property=\"og:description\" content=\"Karab\u00fck&#8217;te kar ya\u011f\u0131\u015f\u0131 nedeniyle ula\u015f\u0131ma kapat\u0131lan Karab\u00fck-Bart\u0131n karayolu a\u00e7\u0131ld\u0131. Karab\u00fck&#8217;te ak\u015fam saatlerinde etkisini art\u0131ran kar ya\u011f\u0131\u015f\u0131 nedeniyle 1030 rak\u0131ml\u0131 Ahmet usta Ge\u00e7idi ve Karab\u00fck-Bart\u0131n karayolu karla kapland\u0131. Trafik ekipleri ara\u00e7lar\u0131n ge\u00e7i\u015fini durdururken, Karayollar\u0131 ekipleri taraf\u0131ndan yap\u0131lan kar k\u00fcreme ve tuzlama \u00e7al\u0131\u015fmas\u0131 sonras\u0131nda yol yeniden ula\u015f\u0131ma a\u00e7\u0131ld\u0131. Kar ya\u011f\u0131\u015f\u0131n\u0131n durdu\u011fu b\u00f6lgede t\u00fcm ara\u00e7lar\u0131n ge\u00e7i\u015fine izin veriliyor. [&hellip;]\" \/>\n<meta property=\"og:url\" content=\"https:\/\/memurunsesi.net\/index.php\/2025\/04\/13\/karabuk-bartin-karayolu-ulasima-acildi\/\" \/>\n<meta property=\"og:site_name\" content=\"Memurun Sesi\" \/>\n<meta property=\"article:publisher\" content=\"https:\/\/www.facebook.com\/unipersen\/?locale=tr_TR\" \/>\n<meta property=\"article:published_time\" content=\"2025-04-13T18:14:52+00:00\" \/>\n<meta property=\"og:image\" content=\"https:\/\/memurunsesi.net\/wp-content\/uploads\/2025\/04\/AW431981_02-scaled.jpg\" \/>\n\t<meta property=\"og:image:width\" content=\"2560\" \/>\n\t<meta property=\"og:image:height\" content=\"1441\" \/>\n\t<meta property=\"og:image:type\" content=\"image\/jpeg\" \/>\n<meta name=\"author\" content=\"Memurun Sesi Haber Merkezi\" \/>\n<meta name=\"twitter:card\" content=\"summary_large_image\" \/>\n<meta name=\"twitter:creator\" content=\"@unipersen\" \/>\n<meta name=\"twitter:site\" content=\"@unipersen\" \/>\n<meta name=\"twitter:label1\" content=\"Yazan:\" \/>\n\t<meta name=\"twitter:data1\" content=\"Memurun Sesi Haber Merkezi\" \/>\n\t<meta name=\"twitter:label2\" content=\"Tahmini okuma s\u00fcresi\" \/>\n\t<meta name=\"twitter:data2\" content=\"1 dakika\" \/>\n<script type=\"application\/ld+json\" class=\"yoast-schema-graph\">{\"@context\":\"https:\\\/\\\/schema.org\",\"@graph\":[{\"@type\":\"Article\",\"@id\":\"https:\\\/\\\/memurunsesi.net\\\/index.php\\\/2025\\\/04\\\/13\\\/karabuk-bartin-karayolu-ulasima-acildi\\\/#article\",\"isPartOf\":{\"@id\":\"https:\\\/\\\/memurunsesi.net\\\/index.php\\\/2025\\\/04\\\/13\\\/karabuk-bartin-karayolu-ulasima-acildi\\\/\"},\"author\":{\"name\":\"Memurun Sesi Haber Merkezi\",\"@id\":\"https:\\\/\\\/memurunsesi.net\\\/#\\\/schema\\\/person\\\/f21c2d73b89f6ee1d80b0a1803e38587\"},\"headline\":\"Karab\u00fck-Bart\u0131n karayolu ula\u015f\u0131ma a\u00e7\u0131ld\u0131\",\"datePublished\":\"2025-04-13T18:14:52+00:00\",\"mainEntityOfPage\":{\"@id\":\"https:\\\/\\\/memurunsesi.net\\\/index.php\\\/2025\\\/04\\\/13\\\/karabuk-bartin-karayolu-ulasima-acildi\\\/\"},\"wordCount\":97,\"commentCount\":0,\"publisher\":{\"@id\":\"https:\\\/\\\/memurunsesi.net\\\/#organization\"},\"image\":{\"@id\":\"https:\\\/\\\/memurunsesi.net\\\/index.php\\\/2025\\\/04\\\/13\\\/karabuk-bartin-karayolu-ulasima-acildi\\\/#primaryimage\"},\"thumbnailUrl\":\"https:\\\/\\\/memurunsesi.net\\\/wp-content\\\/uploads\\\/2025\\\/04\\\/AW431981_02-scaled.jpg\",\"articleSection\":[\"G\u00fcndem\"],\"inLanguage\":\"tr\",\"potentialAction\":[{\"@type\":\"CommentAction\",\"name\":\"Comment\",\"target\":[\"https:\\\/\\\/memurunsesi.net\\\/index.php\\\/2025\\\/04\\\/13\\\/karabuk-bartin-karayolu-ulasima-acildi\\\/#respond\"]}]},{\"@type\":\"WebPage\",\"@id\":\"https:\\\/\\\/memurunsesi.net\\\/index.php\\\/2025\\\/04\\\/13\\\/karabuk-bartin-karayolu-ulasima-acildi\\\/\",\"url\":\"https:\\\/\\\/memurunsesi.net\\\/index.php\\\/2025\\\/04\\\/13\\\/karabuk-bartin-karayolu-ulasima-acildi\\\/\",\"name\":\"Karab\u00fck-Bart\u0131n karayolu ula\u015f\u0131ma a\u00e7\u0131ld\u0131 - Memurun Sesi\",\"isPartOf\":{\"@id\":\"https:\\\/\\\/memurunsesi.net\\\/#website\"},\"primaryImageOfPage\":{\"@id\":\"https:\\\/\\\/memurunsesi.net\\\/index.php\\\/2025\\\/04\\\/13\\\/karabuk-bartin-karayolu-ulasima-acildi\\\/#primaryimage\"},\"image\":{\"@id\":\"https:\\\/\\\/memurunsesi.net\\\/index.php\\\/2025\\\/04\\\/13\\\/karabuk-bartin-karayolu-ulasima-acildi\\\/#primaryimage\"},\"thumbnailUrl\":\"https:\\\/\\\/memurunsesi.net\\\/wp-content\\\/uploads\\\/2025\\\/04\\\/AW431981_02-scaled.jpg\",\"datePublished\":\"2025-04-13T18:14:52+00:00\",\"breadcrumb\":{\"@id\":\"https:\\\/\\\/memurunsesi.net\\\/index.php\\\/2025\\\/04\\\/13\\\/karabuk-bartin-karayolu-ulasima-acildi\\\/#breadcrumb\"},\"inLanguage\":\"tr\",\"potentialAction\":[{\"@type\":\"ReadAction\",\"target\":[\"https:\\\/\\\/memurunsesi.net\\\/index.php\\\/2025\\\/04\\\/13\\\/karabuk-bartin-karayolu-ulasima-acildi\\\/\"]}]},{\"@type\":\"ImageObject\",\"inLanguage\":\"tr\",\"@id\":\"https:\\\/\\\/memurunsesi.net\\\/index.php\\\/2025\\\/04\\\/13\\\/karabuk-bartin-karayolu-ulasima-acildi\\\/#primaryimage\",\"url\":\"https:\\\/\\\/memurunsesi.net\\\/wp-content\\\/uploads\\\/2025\\\/04\\\/AW431981_02-scaled.jpg\",\"contentUrl\":\"https:\\\/\\\/memurunsesi.net\\\/wp-content\\\/uploads\\\/2025\\\/04\\\/AW431981_02-scaled.jpg\",\"width\":2560,\"height\":1441,\"caption\":\"KARAB\u00dcK'TE ETK\u0130L\u0130 OLAN KAR YA\u011eI\u015eI SONRASI ULA\u015eIMA KAPATILAN KARAB\u00dcK-BARTIN KARA YOLU ULA\u015eIMA TEKRAR A\u00c7ILDI. (ERS\u0130N TURAN - YAS\u0130N ERDEM\\\/KARAB\u00dcK-\u0130HA) Karab\u00fck'te kar ya\u011f\u0131\u015f\u0131 nedeniyle ula\u015f\u0131ma kapat\u0131lan Karab\u00fck-Bart\u0131n karayolu a\u00e7\u0131ld\u0131.\"},{\"@type\":\"BreadcrumbList\",\"@id\":\"https:\\\/\\\/memurunsesi.net\\\/index.php\\\/2025\\\/04\\\/13\\\/karabuk-bartin-karayolu-ulasima-acildi\\\/#breadcrumb\",\"itemListElement\":[{\"@type\":\"ListItem\",\"position\":1,\"name\":\"Anasayfa\",\"item\":\"https:\\\/\\\/memurunsesi.net\\\/\"},{\"@type\":\"ListItem\",\"position\":2,\"name\":\"Karab\u00fck-Bart\u0131n karayolu ula\u015f\u0131ma a\u00e7\u0131ld\u0131\"}]},{\"@type\":\"WebSite\",\"@id\":\"https:\\\/\\\/memurunsesi.net\\\/#website\",\"url\":\"https:\\\/\\\/memurunsesi.net\\\/\",\"name\":\"Memurun Sesi\",\"description\":\"G\u00fcncel ve Do\u011fru Haber\",\"publisher\":{\"@id\":\"https:\\\/\\\/memurunsesi.net\\\/#organization\"},\"potentialAction\":[{\"@type\":\"SearchAction\",\"target\":{\"@type\":\"EntryPoint\",\"urlTemplate\":\"https:\\\/\\\/memurunsesi.net\\\/?s={search_term_string}\"},\"query-input\":{\"@type\":\"PropertyValueSpecification\",\"valueRequired\":true,\"valueName\":\"search_term_string\"}}],\"inLanguage\":\"tr\"},{\"@type\":\"Organization\",\"@id\":\"https:\\\/\\\/memurunsesi.net\\\/#organization\",\"name\":\"Memurun Sesi\",\"url\":\"https:\\\/\\\/memurunsesi.net\\\/\",\"logo\":{\"@type\":\"ImageObject\",\"inLanguage\":\"tr\",\"@id\":\"https:\\\/\\\/memurunsesi.net\\\/#\\\/schema\\\/logo\\\/image\\\/\",\"url\":\"https:\\\/\\\/memurunsesi.net\\\/wp-content\\\/uploads\\\/2025\\\/11\\\/cropped-MEMURUN-SESI.png\",\"contentUrl\":\"https:\\\/\\\/memurunsesi.net\\\/wp-content\\\/uploads\\\/2025\\\/11\\\/cropped-MEMURUN-SESI.png\",\"width\":238,\"height\":57,\"caption\":\"Memurun Sesi\"},\"image\":{\"@id\":\"https:\\\/\\\/memurunsesi.net\\\/#\\\/schema\\\/logo\\\/image\\\/\"},\"sameAs\":[\"https:\\\/\\\/www.facebook.com\\\/unipersen\\\/?locale=tr_TR\",\"https:\\\/\\\/x.com\\\/unipersen\"]},{\"@type\":\"Person\",\"@id\":\"https:\\\/\\\/memurunsesi.net\\\/#\\\/schema\\\/person\\\/f21c2d73b89f6ee1d80b0a1803e38587\",\"name\":\"Memurun Sesi Haber Merkezi\",\"image\":{\"@type\":\"ImageObject\",\"inLanguage\":\"tr\",\"@id\":\"https:\\\/\\\/secure.gravatar.com\\\/avatar\\\/6cf0505f452ee753f485014986fab09a434671d2b919ee76fc541025c5876a70?s=96&d=mm&r=g\",\"url\":\"https:\\\/\\\/secure.gravatar.com\\\/avatar\\\/6cf0505f452ee753f485014986fab09a434671d2b919ee76fc541025c5876a70?s=96&d=mm&r=g\",\"contentUrl\":\"https:\\\/\\\/secure.gravatar.com\\\/avatar\\\/6cf0505f452ee753f485014986fab09a434671d2b919ee76fc541025c5876a70?s=96&d=mm&r=g\",\"caption\":\"Memurun Sesi Haber Merkezi\"},\"sameAs\":[\"https:\\\/\\\/memurunsesi.net\"],\"url\":\"https:\\\/\\\/memurunsesi.net\\\/index.php\\\/author\\\/uniper\\\/\"}]}<\/script>\n<!-- \/ Yoast SEO plugin. -->","yoast_head_json":{"title":"Karab\u00fck-Bart\u0131n karayolu ula\u015f\u0131ma a\u00e7\u0131ld\u0131 - Memurun Sesi","robots":{"index":"index","follow":"follow","max-snippet":"max-snippet:-1","max-image-preview":"max-image-preview:large","max-video-preview":"max-video-preview:-1"},"canonical":"https:\/\/memurunsesi.net\/index.php\/2025\/04\/13\/karabuk-bartin-karayolu-ulasima-acildi\/","og_locale":"tr_TR","og_type":"article","og_title":"Karab\u00fck-Bart\u0131n karayolu ula\u015f\u0131ma a\u00e7\u0131ld\u0131 - Memurun Sesi","og_description":"Karab\u00fck&#8217;te kar ya\u011f\u0131\u015f\u0131 nedeniyle ula\u015f\u0131ma kapat\u0131lan Karab\u00fck-Bart\u0131n karayolu a\u00e7\u0131ld\u0131. Karab\u00fck&#8217;te ak\u015fam saatlerinde etkisini art\u0131ran kar ya\u011f\u0131\u015f\u0131 nedeniyle 1030 rak\u0131ml\u0131 Ahmet usta Ge\u00e7idi ve Karab\u00fck-Bart\u0131n karayolu karla kapland\u0131. Trafik ekipleri ara\u00e7lar\u0131n ge\u00e7i\u015fini durdururken, Karayollar\u0131 ekipleri taraf\u0131ndan yap\u0131lan kar k\u00fcreme ve tuzlama \u00e7al\u0131\u015fmas\u0131 sonras\u0131nda yol yeniden ula\u015f\u0131ma a\u00e7\u0131ld\u0131. Kar ya\u011f\u0131\u015f\u0131n\u0131n durdu\u011fu b\u00f6lgede t\u00fcm ara\u00e7lar\u0131n ge\u00e7i\u015fine izin veriliyor. [&hellip;]","og_url":"https:\/\/memurunsesi.net\/index.php\/2025\/04\/13\/karabuk-bartin-karayolu-ulasima-acildi\/","og_site_name":"Memurun Sesi","article_publisher":"https:\/\/www.facebook.com\/unipersen\/?locale=tr_TR","article_published_time":"2025-04-13T18:14:52+00:00","og_image":[{"width":2560,"height":1441,"url":"https:\/\/memurunsesi.net\/wp-content\/uploads\/2025\/04\/AW431981_02-scaled.jpg","type":"image\/jpeg"}],"author":"Memurun Sesi Haber Merkezi","twitter_card":"summary_large_image","twitter_creator":"@unipersen","twitter_site":"@unipersen","twitter_misc":{"Yazan:":"Memurun Sesi Haber Merkezi","Tahmini okuma s\u00fcresi":"1 dakika"},"schema":{"@context":"https:\/\/schema.org","@graph":[{"@type":"Article","@id":"https:\/\/memurunsesi.net\/index.php\/2025\/04\/13\/karabuk-bartin-karayolu-ulasima-acildi\/#article","isPartOf":{"@id":"https:\/\/memurunsesi.net\/index.php\/2025\/04\/13\/karabuk-bartin-karayolu-ulasima-acildi\/"},"author":{"name":"Memurun Sesi Haber Merkezi","@id":"https:\/\/memurunsesi.net\/#\/schema\/person\/f21c2d73b89f6ee1d80b0a1803e38587"},"headline":"Karab\u00fck-Bart\u0131n karayolu ula\u015f\u0131ma a\u00e7\u0131ld\u0131","datePublished":"2025-04-13T18:14:52+00:00","mainEntityOfPage":{"@id":"https:\/\/memurunsesi.net\/index.php\/2025\/04\/13\/karabuk-bartin-karayolu-ulasima-acildi\/"},"wordCount":97,"commentCount":0,"publisher":{"@id":"https:\/\/memurunsesi.net\/#organization"},"image":{"@id":"https:\/\/memurunsesi.net\/index.php\/2025\/04\/13\/karabuk-bartin-karayolu-ulasima-acildi\/#primaryimage"},"thumbnailUrl":"https:\/\/memurunsesi.net\/wp-content\/uploads\/2025\/04\/AW431981_02-scaled.jpg","articleSection":["G\u00fcndem"],"inLanguage":"tr","potentialAction":[{"@type":"CommentAction","name":"Comment","target":["https:\/\/memurunsesi.net\/index.php\/2025\/04\/13\/karabuk-bartin-karayolu-ulasima-acildi\/#respond"]}]},{"@type":"WebPage","@id":"https:\/\/memurunsesi.net\/index.php\/2025\/04\/13\/karabuk-bartin-karayolu-ulasima-acildi\/","url":"https:\/\/memurunsesi.net\/index.php\/2025\/04\/13\/karabuk-bartin-karayolu-ulasima-acildi\/","name":"Karab\u00fck-Bart\u0131n karayolu ula\u015f\u0131ma a\u00e7\u0131ld\u0131 - Memurun Sesi","isPartOf":{"@id":"https:\/\/memurunsesi.net\/#website"},"primaryImageOfPage":{"@id":"https:\/\/memurunsesi.net\/index.php\/2025\/04\/13\/karabuk-bartin-karayolu-ulasima-acildi\/#primaryimage"},"image":{"@id":"https:\/\/memurunsesi.net\/index.php\/2025\/04\/13\/karabuk-bartin-karayolu-ulasima-acildi\/#primaryimage"},"thumbnailUrl":"https:\/\/memurunsesi.net\/wp-content\/uploads\/2025\/04\/AW431981_02-scaled.jpg","datePublished":"2025-04-13T18:14:52+00:00","breadcrumb":{"@id":"https:\/\/memurunsesi.net\/index.php\/2025\/04\/13\/karabuk-bartin-karayolu-ulasima-acildi\/#breadcrumb"},"inLanguage":"tr","potentialAction":[{"@type":"ReadAction","target":["https:\/\/memurunsesi.net\/index.php\/2025\/04\/13\/karabuk-bartin-karayolu-ulasima-acildi\/"]}]},{"@type":"ImageObject","inLanguage":"tr","@id":"https:\/\/memurunsesi.net\/index.php\/2025\/04\/13\/karabuk-bartin-karayolu-ulasima-acildi\/#primaryimage","url":"https:\/\/memurunsesi.net\/wp-content\/uploads\/2025\/04\/AW431981_02-scaled.jpg","contentUrl":"https:\/\/memurunsesi.net\/wp-content\/uploads\/2025\/04\/AW431981_02-scaled.jpg","width":2560,"height":1441,"caption":"KARAB\u00dcK'TE ETK\u0130L\u0130 OLAN KAR YA\u011eI\u015eI SONRASI ULA\u015eIMA KAPATILAN KARAB\u00dcK-BARTIN KARA YOLU ULA\u015eIMA TEKRAR A\u00c7ILDI. (ERS\u0130N TURAN - YAS\u0130N ERDEM\/KARAB\u00dcK-\u0130HA) Karab\u00fck'te kar ya\u011f\u0131\u015f\u0131 nedeniyle ula\u015f\u0131ma kapat\u0131lan Karab\u00fck-Bart\u0131n karayolu a\u00e7\u0131ld\u0131."},{"@type":"BreadcrumbList","@id":"https:\/\/memurunsesi.net\/index.php\/2025\/04\/13\/karabuk-bartin-karayolu-ulasima-acildi\/#breadcrumb","itemListElement":[{"@type":"ListItem","position":1,"name":"Anasayfa","item":"https:\/\/memurunsesi.net\/"},{"@type":"ListItem","position":2,"name":"Karab\u00fck-Bart\u0131n karayolu ula\u015f\u0131ma a\u00e7\u0131ld\u0131"}]},{"@type":"WebSite","@id":"https:\/\/memurunsesi.net\/#website","url":"https:\/\/memurunsesi.net\/","name":"Memurun Sesi","description":"G\u00fcncel ve Do\u011fru Haber","publisher":{"@id":"https:\/\/memurunsesi.net\/#organization"},"potentialAction":[{"@type":"SearchAction","target":{"@type":"EntryPoint","urlTemplate":"https:\/\/memurunsesi.net\/?s={search_term_string}"},"query-input":{"@type":"PropertyValueSpecification","valueRequired":true,"valueName":"search_term_string"}}],"inLanguage":"tr"},{"@type":"Organization","@id":"https:\/\/memurunsesi.net\/#organization","name":"Memurun Sesi","url":"https:\/\/memurunsesi.net\/","logo":{"@type":"ImageObject","inLanguage":"tr","@id":"https:\/\/memurunsesi.net\/#\/schema\/logo\/image\/","url":"https:\/\/memurunsesi.net\/wp-content\/uploads\/2025\/11\/cropped-MEMURUN-SESI.png","contentUrl":"https:\/\/memurunsesi.net\/wp-content\/uploads\/2025\/11\/cropped-MEMURUN-SESI.png","width":238,"height":57,"caption":"Memurun Sesi"},"image":{"@id":"https:\/\/memurunsesi.net\/#\/schema\/logo\/image\/"},"sameAs":["https:\/\/www.facebook.com\/unipersen\/?locale=tr_TR","https:\/\/x.com\/unipersen"]},{"@type":"Person","@id":"https:\/\/memurunsesi.net\/#\/schema\/person\/f21c2d73b89f6ee1d80b0a1803e38587","name":"Memurun Sesi Haber Merkezi","image":{"@type":"ImageObject","inLanguage":"tr","@id":"https:\/\/secure.gravatar.com\/avatar\/6cf0505f452ee753f485014986fab09a434671d2b919ee76fc541025c5876a70?s=96&d=mm&r=g","url":"https:\/\/secure.gravatar.com\/avatar\/6cf0505f452ee753f485014986fab09a434671d2b919ee76fc541025c5876a70?s=96&d=mm&r=g","contentUrl":"https:\/\/secure.gravatar.com\/avatar\/6cf0505f452ee753f485014986fab09a434671d2b919ee76fc541025c5876a70?s=96&d=mm&r=g","caption":"Memurun Sesi Haber Merkezi"},"sameAs":["https:\/\/memurunsesi.net"],"url":"https:\/\/memurunsesi.net\/index.php\/author\/uniper\/"}]}},"_links":{"self":[{"href":"https:\/\/memurunsesi.net\/index.php\/wp-json\/wp\/v2\/posts\/5305","targetHints":{"allow":["GET"]}}],"collection":[{"href":"https:\/\/memurunsesi.net\/index.php\/wp-json\/wp\/v2\/posts"}],"about":[{"href":"https:\/\/memurunsesi.net\/index.php\/wp-json\/wp\/v2\/types\/post"}],"author":[{"embeddable":true,"href":"https:\/\/memurunsesi.net\/index.php\/wp-json\/wp\/v2\/users\/1"}],"replies":[{"embeddable":true,"href":"https:\/\/memurunsesi.net\/index.php\/wp-json\/wp\/v2\/comments?post=5305"}],"version-history":[{"count":1,"href":"https:\/\/memurunsesi.net\/index.php\/wp-json\/wp\/v2\/posts\/5305\/revisions"}],"predecessor-version":[{"id":5307,"href":"https:\/\/memurunsesi.net\/index.php\/wp-json\/wp\/v2\/posts\/5305\/revisions\/5307"}],"wp:featuredmedia":[{"embeddable":true,"href":"https:\/\/memurunsesi.net\/index.php\/wp-json\/wp\/v2\/media\/5306"}],"wp:attachment":[{"href":"https:\/\/memurunsesi.net\/index.php\/wp-json\/wp\/v2\/media?parent=5305"}],"wp:term":[{"taxonomy":"category","embeddable":true,"href":"https:\/\/memurunsesi.net\/index.php\/wp-json\/wp\/v2\/categories?post=5305"},{"taxonomy":"post_tag","embeddable":true,"href":"https:\/\/memurunsesi.net\/index.php\/wp-json\/wp\/v2\/tags?post=5305"}],"curies":[{"name":"wp","href":"https:\/\/api.w.org\/{rel}","templated":true}]}}