{"id":5320,"date":"2025-04-14T19:01:54","date_gmt":"2025-04-14T16:01:54","guid":{"rendered":"https:\/\/memurunsesi.net\/?p=5320"},"modified":"2025-04-14T19:01:54","modified_gmt":"2025-04-14T16:01:54","slug":"volkan-konakin-ismi-antalyada-karavan-parkta-yasatilacak","status":"publish","type":"post","link":"https:\/\/memurunsesi.net\/index.php\/2025\/04\/14\/volkan-konakin-ismi-antalyada-karavan-parkta-yasatilacak\/","title":{"rendered":"Volkan Konak\u2019\u0131n ismi Antalya\u2019da karavan parkta ya\u015fat\u0131lacak"},"content":{"rendered":"<p>6 y\u0131l \u00f6nce Antalya konserinde karavan park yap\u0131lmas\u0131n\u0131 isteyen Volkan Konak\u2019\u0131n ad\u0131 yak\u0131n zamanda a\u00e7\u0131lacak karavan parka verilecek<br \/>\nRamazan Bayram\u0131\u2019nda hayat\u0131n\u0131 kaybeden Karadeniz m\u00fczi\u011finin ve T\u00fcrk Halk M\u00fczi\u011fi\u2019nin unutulmaz sesi Volkan Konak\u2019\u0131n ismi, Antalya\u2019da a\u00e7\u0131lacak karavan parkta ya\u015fat\u0131lacak. Antalya B\u00fcy\u00fck\u015fehir Belediye Ba\u015fkan\u0131 Muhittin B\u00f6cek, 2019 y\u0131l\u0131nda Antalya\u2019da d\u00fczenlenen Cumhuriyet Bayram\u0131 konserinde kendisinden Antalya\u2019ya karavan park yap\u0131lmas\u0131n\u0131 isteyen Volkan Konak\u2019\u0131n ismini yak\u0131n zamanda a\u00e7\u0131lacak Lara Karavan Park\u2019ta ya\u015fatacaklar\u0131n\u0131 s\u00f6yledi.<br \/>\n  Karadeniz m\u00fczi\u011finin ve T\u00fcrk Halk M\u00fczi\u011fi\u2019nin g\u00fc\u00e7l\u00fc sesi Volkan Konak, Ramazan Bayram\u0131\u2019nda K\u0131br\u0131s\u2019ta verdi\u011fi konser s\u0131ras\u0131nda kalp krizi ge\u00e7irerek hayat\u0131n\u0131 kaybetmi\u015fti. Antalya B\u00fcy\u00fck\u015fehir Belediye Ba\u015fkan\u0131 Muhittin B\u00f6cek, 29 Ekim 2019 y\u0131l\u0131nda Cumhuriyet Bayram\u0131\u2019nda verdi\u011fi konser s\u0131ras\u0131nda kendisinden karavan park yap\u0131lmas\u0131n\u0131 isteyen \u00fcnl\u00fc sanat\u00e7\u0131 hat\u0131ras\u0131na a\u00e7\u0131lacak karavan parka ad\u0131n\u0131n verilece\u011fini s\u00f6yledi. T\u00fcrk turizmin ba\u015fkenti Antalya\u2019ya \u00e7ok kapsaml\u0131 bir karavan park kazand\u0131ran B\u00f6cek, ikinci karavan parkta \u00fcnl\u00fc sanat\u00e7\u0131 Volkan Konak\u2019\u0131n ismini ya\u015fatma karar\u0131 ald\u0131. Antalya B\u00fcy\u00fck\u015fehir Belediye Meclisi, yak\u0131n zamanda Antalya Lara\u2019da a\u00e7\u0131lacak \u2018Lara Karavan Parka\u2019 Volkan Konak isminin verilmesini oy birli\u011fi ile kabul etti.  <\/p>\n<p>  Antalya\u2019da konserde karavan park istemi\u015fti<br \/>\n  Antalya B\u00fcy\u00fck\u015fehir Belediye Ba\u015fkan\u0131 Muhittin B\u00f6cek, kuzeyin o\u011flu Volkan Konak\u2019\u0131n \u00e7ok \u00f6nemli bir de\u011fer oldu\u011funu belirterek, &#8220;Antalya\u2019da Konyaalt\u0131 Belediye Ba\u015fkanl\u0131\u011f\u0131m d\u00f6nemi dahil olmak \u00fczere 7 defa konserimize gelmi\u015fti. 2019 y\u0131l\u0131nda geldi\u011fi bir konserde Antalya\u2019ya bir karavan park yap\u0131lmas\u0131n\u0131 istemi\u015fti. Biz de gerekli \u00e7al\u0131\u015fmalar\u0131 yaparak bir de\u011fil ikinci karavan park\u0131m\u0131z\u0131 yak\u0131n zamanda a\u00e7aca\u011f\u0131z. Rahmetli Volkan Konak\u2019\u0131n \u00e7ok sevdi\u011fi karavan park\u0131 ad\u0131na yak\u0131\u015f\u0131r bir \u015fekilde yapaca\u011f\u0131z. \u00c7ok b\u00fcy\u00fck bir sanat\u00e7\u0131yd\u0131, kalbimizde ya\u015fayacak. Bir kez deha sevenlerine ve Konak ailesine sab\u0131rlar diliyorum&#8221; dedi.<br \/>\n  Volkan Konak, 2019 y\u0131l\u0131nda Cumhuriyet Bayram\u0131\u2019nda verdi\u011fi konser s\u0131ras\u0131nda bir iste\u011fi oldu\u011funu aktararak, &#8220;Geceyi karavanda ge\u00e7irdim. Antalya\u2019da profesyonel olarak bir karavan park rica ediyorum. Muhittin Ba\u015fkan\u0131m d\u00fcnya \u015fehriyiz. Karavanc\u0131l\u0131k turizmi d\u00fcnyada \u00e7ok yayg\u0131n. Bize b\u00f6yle k\u00f6\u015fede bir yerde, profesyonel anlamda bir karavan park. Ben ak\u015fam dola\u015ft\u0131m, Kemer\u2019e gittim, almad\u0131lar bizi i\u00e7eriye kapal\u0131 dediler. Antalya\u2019da karavan park\u0131 olmal\u0131, en ba\u015f m\u00fc\u015fterisi benim. Ak\u015fam ormanda yatt\u0131m, yemin ediyorum a\u00e7\u0131l\u0131\u015f\u0131na gelece\u011fim, hi\u00e7bir kar\u015f\u0131l\u0131k beklemeden a\u00e7\u0131l\u0131\u015f\u0131n\u0131 ben yapaca\u011f\u0131m. Karavan park\u0131 ihtiya\u00e7. Ben karavanda ya\u015f\u0131yorum, seviyorum. Karavan park muhte\u015fem bir turizmdir&#8221; demi\u015fti.   <\/p>\n<p>14.04.2025                        <\/p>\n","protected":false},"excerpt":{"rendered":"<p>6 y\u0131l \u00f6nce Antalya konserinde karavan park yap\u0131lmas\u0131n\u0131 isteyen Volkan Konak\u2019\u0131n ad\u0131 yak\u0131n zamanda a\u00e7\u0131lacak karavan parka verilecek Ramazan Bayram\u0131\u2019nda hayat\u0131n\u0131 kaybeden Karadeniz m\u00fczi\u011finin ve T\u00fcrk Halk M\u00fczi\u011fi\u2019nin unutulmaz sesi Volkan Konak\u2019\u0131n ismi, Antalya\u2019da a\u00e7\u0131lacak karavan parkta ya\u015fat\u0131lacak. Antalya B\u00fcy\u00fck\u015fehir Belediye Ba\u015fkan\u0131 Muhittin B\u00f6cek, 2019 y\u0131l\u0131nda Antalya\u2019da d\u00fczenlenen Cumhuriyet Bayram\u0131 konserinde kendisinden Antalya\u2019ya karavan park [&hellip;]<\/p>\n","protected":false},"author":1,"featured_media":0,"comment_status":"open","ping_status":"open","sticky":false,"template":"","format":"standard","meta":{"footnotes":""},"categories":[45],"tags":[],"class_list":["post-5320","post","type-post","status-publish","format-standard","hentry","category-gundem"],"yoast_head":"<!-- This site is optimized with the Yoast SEO plugin v27.4 - https:\/\/yoast.com\/product\/yoast-seo-wordpress\/ -->\n<title>Volkan Konak\u2019\u0131n ismi Antalya\u2019da karavan parkta ya\u015fat\u0131lacak - Memurun Sesi<\/title>\n<meta name=\"robots\" content=\"index, follow, max-snippet:-1, max-image-preview:large, max-video-preview:-1\" \/>\n<link rel=\"canonical\" href=\"https:\/\/memurunsesi.net\/index.php\/2025\/04\/14\/volkan-konakin-ismi-antalyada-karavan-parkta-yasatilacak\/\" \/>\n<meta property=\"og:locale\" content=\"tr_TR\" \/>\n<meta property=\"og:type\" content=\"article\" \/>\n<meta property=\"og:title\" content=\"Volkan Konak\u2019\u0131n ismi Antalya\u2019da karavan parkta ya\u015fat\u0131lacak - Memurun Sesi\" \/>\n<meta property=\"og:description\" content=\"6 y\u0131l \u00f6nce Antalya konserinde karavan park yap\u0131lmas\u0131n\u0131 isteyen Volkan Konak\u2019\u0131n ad\u0131 yak\u0131n zamanda a\u00e7\u0131lacak karavan parka verilecek Ramazan Bayram\u0131\u2019nda hayat\u0131n\u0131 kaybeden Karadeniz m\u00fczi\u011finin ve T\u00fcrk Halk M\u00fczi\u011fi\u2019nin unutulmaz sesi Volkan Konak\u2019\u0131n ismi, Antalya\u2019da a\u00e7\u0131lacak karavan parkta ya\u015fat\u0131lacak. Antalya B\u00fcy\u00fck\u015fehir Belediye Ba\u015fkan\u0131 Muhittin B\u00f6cek, 2019 y\u0131l\u0131nda Antalya\u2019da d\u00fczenlenen Cumhuriyet Bayram\u0131 konserinde kendisinden Antalya\u2019ya karavan park [&hellip;]\" \/>\n<meta property=\"og:url\" content=\"https:\/\/memurunsesi.net\/index.php\/2025\/04\/14\/volkan-konakin-ismi-antalyada-karavan-parkta-yasatilacak\/\" \/>\n<meta property=\"og:site_name\" content=\"Memurun Sesi\" \/>\n<meta property=\"article:publisher\" content=\"https:\/\/www.facebook.com\/unipersen\/?locale=tr_TR\" \/>\n<meta property=\"article:published_time\" content=\"2025-04-14T16:01:54+00:00\" \/>\n<meta name=\"author\" content=\"Memurun Sesi Haber Merkezi\" \/>\n<meta name=\"twitter:card\" content=\"summary_large_image\" \/>\n<meta name=\"twitter:creator\" content=\"@unipersen\" \/>\n<meta name=\"twitter:site\" content=\"@unipersen\" \/>\n<meta name=\"twitter:label1\" content=\"Yazan:\" \/>\n\t<meta name=\"twitter:data1\" content=\"Memurun Sesi Haber Merkezi\" \/>\n<script type=\"application\/ld+json\" class=\"yoast-schema-graph\">{\"@context\":\"https:\\\/\\\/schema.org\",\"@graph\":[{\"@type\":\"Article\",\"@id\":\"https:\\\/\\\/memurunsesi.net\\\/index.php\\\/2025\\\/04\\\/14\\\/volkan-konakin-ismi-antalyada-karavan-parkta-yasatilacak\\\/#article\",\"isPartOf\":{\"@id\":\"https:\\\/\\\/memurunsesi.net\\\/index.php\\\/2025\\\/04\\\/14\\\/volkan-konakin-ismi-antalyada-karavan-parkta-yasatilacak\\\/\"},\"author\":{\"name\":\"Memurun Sesi Haber Merkezi\",\"@id\":\"https:\\\/\\\/memurunsesi.net\\\/#\\\/schema\\\/person\\\/f21c2d73b89f6ee1d80b0a1803e38587\"},\"headline\":\"Volkan Konak\u2019\u0131n ismi Antalya\u2019da karavan parkta ya\u015fat\u0131lacak\",\"datePublished\":\"2025-04-14T16:01:54+00:00\",\"mainEntityOfPage\":{\"@id\":\"https:\\\/\\\/memurunsesi.net\\\/index.php\\\/2025\\\/04\\\/14\\\/volkan-konakin-ismi-antalyada-karavan-parkta-yasatilacak\\\/\"},\"wordCount\":507,\"commentCount\":0,\"publisher\":{\"@id\":\"https:\\\/\\\/memurunsesi.net\\\/#organization\"},\"articleSection\":[\"G\u00fcndem\"],\"inLanguage\":\"tr\",\"potentialAction\":[{\"@type\":\"CommentAction\",\"name\":\"Comment\",\"target\":[\"https:\\\/\\\/memurunsesi.net\\\/index.php\\\/2025\\\/04\\\/14\\\/volkan-konakin-ismi-antalyada-karavan-parkta-yasatilacak\\\/#respond\"]}]},{\"@type\":\"WebPage\",\"@id\":\"https:\\\/\\\/memurunsesi.net\\\/index.php\\\/2025\\\/04\\\/14\\\/volkan-konakin-ismi-antalyada-karavan-parkta-yasatilacak\\\/\",\"url\":\"https:\\\/\\\/memurunsesi.net\\\/index.php\\\/2025\\\/04\\\/14\\\/volkan-konakin-ismi-antalyada-karavan-parkta-yasatilacak\\\/\",\"name\":\"Volkan Konak\u2019\u0131n ismi Antalya\u2019da karavan parkta ya\u015fat\u0131lacak - Memurun Sesi\",\"isPartOf\":{\"@id\":\"https:\\\/\\\/memurunsesi.net\\\/#website\"},\"datePublished\":\"2025-04-14T16:01:54+00:00\",\"breadcrumb\":{\"@id\":\"https:\\\/\\\/memurunsesi.net\\\/index.php\\\/2025\\\/04\\\/14\\\/volkan-konakin-ismi-antalyada-karavan-parkta-yasatilacak\\\/#breadcrumb\"},\"inLanguage\":\"tr\",\"potentialAction\":[{\"@type\":\"ReadAction\",\"target\":[\"https:\\\/\\\/memurunsesi.net\\\/index.php\\\/2025\\\/04\\\/14\\\/volkan-konakin-ismi-antalyada-karavan-parkta-yasatilacak\\\/\"]}]},{\"@type\":\"BreadcrumbList\",\"@id\":\"https:\\\/\\\/memurunsesi.net\\\/index.php\\\/2025\\\/04\\\/14\\\/volkan-konakin-ismi-antalyada-karavan-parkta-yasatilacak\\\/#breadcrumb\",\"itemListElement\":[{\"@type\":\"ListItem\",\"position\":1,\"name\":\"Anasayfa\",\"item\":\"https:\\\/\\\/memurunsesi.net\\\/\"},{\"@type\":\"ListItem\",\"position\":2,\"name\":\"Volkan Konak\u2019\u0131n ismi Antalya\u2019da karavan parkta ya\u015fat\u0131lacak\"}]},{\"@type\":\"WebSite\",\"@id\":\"https:\\\/\\\/memurunsesi.net\\\/#website\",\"url\":\"https:\\\/\\\/memurunsesi.net\\\/\",\"name\":\"Memurun Sesi\",\"description\":\"G\u00fcncel ve Do\u011fru Haber\",\"publisher\":{\"@id\":\"https:\\\/\\\/memurunsesi.net\\\/#organization\"},\"potentialAction\":[{\"@type\":\"SearchAction\",\"target\":{\"@type\":\"EntryPoint\",\"urlTemplate\":\"https:\\\/\\\/memurunsesi.net\\\/?s={search_term_string}\"},\"query-input\":{\"@type\":\"PropertyValueSpecification\",\"valueRequired\":true,\"valueName\":\"search_term_string\"}}],\"inLanguage\":\"tr\"},{\"@type\":\"Organization\",\"@id\":\"https:\\\/\\\/memurunsesi.net\\\/#organization\",\"name\":\"Memurun Sesi\",\"url\":\"https:\\\/\\\/memurunsesi.net\\\/\",\"logo\":{\"@type\":\"ImageObject\",\"inLanguage\":\"tr\",\"@id\":\"https:\\\/\\\/memurunsesi.net\\\/#\\\/schema\\\/logo\\\/image\\\/\",\"url\":\"https:\\\/\\\/memurunsesi.net\\\/wp-content\\\/uploads\\\/2025\\\/11\\\/cropped-MEMURUN-SESI.png\",\"contentUrl\":\"https:\\\/\\\/memurunsesi.net\\\/wp-content\\\/uploads\\\/2025\\\/11\\\/cropped-MEMURUN-SESI.png\",\"width\":238,\"height\":57,\"caption\":\"Memurun Sesi\"},\"image\":{\"@id\":\"https:\\\/\\\/memurunsesi.net\\\/#\\\/schema\\\/logo\\\/image\\\/\"},\"sameAs\":[\"https:\\\/\\\/www.facebook.com\\\/unipersen\\\/?locale=tr_TR\",\"https:\\\/\\\/x.com\\\/unipersen\"]},{\"@type\":\"Person\",\"@id\":\"https:\\\/\\\/memurunsesi.net\\\/#\\\/schema\\\/person\\\/f21c2d73b89f6ee1d80b0a1803e38587\",\"name\":\"Memurun Sesi Haber Merkezi\",\"image\":{\"@type\":\"ImageObject\",\"inLanguage\":\"tr\",\"@id\":\"https:\\\/\\\/secure.gravatar.com\\\/avatar\\\/6cf0505f452ee753f485014986fab09a434671d2b919ee76fc541025c5876a70?s=96&d=mm&r=g\",\"url\":\"https:\\\/\\\/secure.gravatar.com\\\/avatar\\\/6cf0505f452ee753f485014986fab09a434671d2b919ee76fc541025c5876a70?s=96&d=mm&r=g\",\"contentUrl\":\"https:\\\/\\\/secure.gravatar.com\\\/avatar\\\/6cf0505f452ee753f485014986fab09a434671d2b919ee76fc541025c5876a70?s=96&d=mm&r=g\",\"caption\":\"Memurun Sesi Haber Merkezi\"},\"sameAs\":[\"https:\\\/\\\/memurunsesi.net\"],\"url\":\"https:\\\/\\\/memurunsesi.net\\\/index.php\\\/author\\\/uniper\\\/\"}]}<\/script>\n<!-- \/ Yoast SEO plugin. -->","yoast_head_json":{"title":"Volkan Konak\u2019\u0131n ismi Antalya\u2019da karavan parkta ya\u015fat\u0131lacak - Memurun Sesi","robots":{"index":"index","follow":"follow","max-snippet":"max-snippet:-1","max-image-preview":"max-image-preview:large","max-video-preview":"max-video-preview:-1"},"canonical":"https:\/\/memurunsesi.net\/index.php\/2025\/04\/14\/volkan-konakin-ismi-antalyada-karavan-parkta-yasatilacak\/","og_locale":"tr_TR","og_type":"article","og_title":"Volkan Konak\u2019\u0131n ismi Antalya\u2019da karavan parkta ya\u015fat\u0131lacak - Memurun Sesi","og_description":"6 y\u0131l \u00f6nce Antalya konserinde karavan park yap\u0131lmas\u0131n\u0131 isteyen Volkan Konak\u2019\u0131n ad\u0131 yak\u0131n zamanda a\u00e7\u0131lacak karavan parka verilecek Ramazan Bayram\u0131\u2019nda hayat\u0131n\u0131 kaybeden Karadeniz m\u00fczi\u011finin ve T\u00fcrk Halk M\u00fczi\u011fi\u2019nin unutulmaz sesi Volkan Konak\u2019\u0131n ismi, Antalya\u2019da a\u00e7\u0131lacak karavan parkta ya\u015fat\u0131lacak. Antalya B\u00fcy\u00fck\u015fehir Belediye Ba\u015fkan\u0131 Muhittin B\u00f6cek, 2019 y\u0131l\u0131nda Antalya\u2019da d\u00fczenlenen Cumhuriyet Bayram\u0131 konserinde kendisinden Antalya\u2019ya karavan park [&hellip;]","og_url":"https:\/\/memurunsesi.net\/index.php\/2025\/04\/14\/volkan-konakin-ismi-antalyada-karavan-parkta-yasatilacak\/","og_site_name":"Memurun Sesi","article_publisher":"https:\/\/www.facebook.com\/unipersen\/?locale=tr_TR","article_published_time":"2025-04-14T16:01:54+00:00","author":"Memurun Sesi Haber Merkezi","twitter_card":"summary_large_image","twitter_creator":"@unipersen","twitter_site":"@unipersen","twitter_misc":{"Yazan:":"Memurun Sesi Haber Merkezi"},"schema":{"@context":"https:\/\/schema.org","@graph":[{"@type":"Article","@id":"https:\/\/memurunsesi.net\/index.php\/2025\/04\/14\/volkan-konakin-ismi-antalyada-karavan-parkta-yasatilacak\/#article","isPartOf":{"@id":"https:\/\/memurunsesi.net\/index.php\/2025\/04\/14\/volkan-konakin-ismi-antalyada-karavan-parkta-yasatilacak\/"},"author":{"name":"Memurun Sesi Haber Merkezi","@id":"https:\/\/memurunsesi.net\/#\/schema\/person\/f21c2d73b89f6ee1d80b0a1803e38587"},"headline":"Volkan Konak\u2019\u0131n ismi Antalya\u2019da karavan parkta ya\u015fat\u0131lacak","datePublished":"2025-04-14T16:01:54+00:00","mainEntityOfPage":{"@id":"https:\/\/memurunsesi.net\/index.php\/2025\/04\/14\/volkan-konakin-ismi-antalyada-karavan-parkta-yasatilacak\/"},"wordCount":507,"commentCount":0,"publisher":{"@id":"https:\/\/memurunsesi.net\/#organization"},"articleSection":["G\u00fcndem"],"inLanguage":"tr","potentialAction":[{"@type":"CommentAction","name":"Comment","target":["https:\/\/memurunsesi.net\/index.php\/2025\/04\/14\/volkan-konakin-ismi-antalyada-karavan-parkta-yasatilacak\/#respond"]}]},{"@type":"WebPage","@id":"https:\/\/memurunsesi.net\/index.php\/2025\/04\/14\/volkan-konakin-ismi-antalyada-karavan-parkta-yasatilacak\/","url":"https:\/\/memurunsesi.net\/index.php\/2025\/04\/14\/volkan-konakin-ismi-antalyada-karavan-parkta-yasatilacak\/","name":"Volkan Konak\u2019\u0131n ismi Antalya\u2019da karavan parkta ya\u015fat\u0131lacak - Memurun Sesi","isPartOf":{"@id":"https:\/\/memurunsesi.net\/#website"},"datePublished":"2025-04-14T16:01:54+00:00","breadcrumb":{"@id":"https:\/\/memurunsesi.net\/index.php\/2025\/04\/14\/volkan-konakin-ismi-antalyada-karavan-parkta-yasatilacak\/#breadcrumb"},"inLanguage":"tr","potentialAction":[{"@type":"ReadAction","target":["https:\/\/memurunsesi.net\/index.php\/2025\/04\/14\/volkan-konakin-ismi-antalyada-karavan-parkta-yasatilacak\/"]}]},{"@type":"BreadcrumbList","@id":"https:\/\/memurunsesi.net\/index.php\/2025\/04\/14\/volkan-konakin-ismi-antalyada-karavan-parkta-yasatilacak\/#breadcrumb","itemListElement":[{"@type":"ListItem","position":1,"name":"Anasayfa","item":"https:\/\/memurunsesi.net\/"},{"@type":"ListItem","position":2,"name":"Volkan Konak\u2019\u0131n ismi Antalya\u2019da karavan parkta ya\u015fat\u0131lacak"}]},{"@type":"WebSite","@id":"https:\/\/memurunsesi.net\/#website","url":"https:\/\/memurunsesi.net\/","name":"Memurun Sesi","description":"G\u00fcncel ve Do\u011fru Haber","publisher":{"@id":"https:\/\/memurunsesi.net\/#organization"},"potentialAction":[{"@type":"SearchAction","target":{"@type":"EntryPoint","urlTemplate":"https:\/\/memurunsesi.net\/?s={search_term_string}"},"query-input":{"@type":"PropertyValueSpecification","valueRequired":true,"valueName":"search_term_string"}}],"inLanguage":"tr"},{"@type":"Organization","@id":"https:\/\/memurunsesi.net\/#organization","name":"Memurun Sesi","url":"https:\/\/memurunsesi.net\/","logo":{"@type":"ImageObject","inLanguage":"tr","@id":"https:\/\/memurunsesi.net\/#\/schema\/logo\/image\/","url":"https:\/\/memurunsesi.net\/wp-content\/uploads\/2025\/11\/cropped-MEMURUN-SESI.png","contentUrl":"https:\/\/memurunsesi.net\/wp-content\/uploads\/2025\/11\/cropped-MEMURUN-SESI.png","width":238,"height":57,"caption":"Memurun Sesi"},"image":{"@id":"https:\/\/memurunsesi.net\/#\/schema\/logo\/image\/"},"sameAs":["https:\/\/www.facebook.com\/unipersen\/?locale=tr_TR","https:\/\/x.com\/unipersen"]},{"@type":"Person","@id":"https:\/\/memurunsesi.net\/#\/schema\/person\/f21c2d73b89f6ee1d80b0a1803e38587","name":"Memurun Sesi Haber Merkezi","image":{"@type":"ImageObject","inLanguage":"tr","@id":"https:\/\/secure.gravatar.com\/avatar\/6cf0505f452ee753f485014986fab09a434671d2b919ee76fc541025c5876a70?s=96&d=mm&r=g","url":"https:\/\/secure.gravatar.com\/avatar\/6cf0505f452ee753f485014986fab09a434671d2b919ee76fc541025c5876a70?s=96&d=mm&r=g","contentUrl":"https:\/\/secure.gravatar.com\/avatar\/6cf0505f452ee753f485014986fab09a434671d2b919ee76fc541025c5876a70?s=96&d=mm&r=g","caption":"Memurun Sesi Haber Merkezi"},"sameAs":["https:\/\/memurunsesi.net"],"url":"https:\/\/memurunsesi.net\/index.php\/author\/uniper\/"}]}},"_links":{"self":[{"href":"https:\/\/memurunsesi.net\/index.php\/wp-json\/wp\/v2\/posts\/5320","targetHints":{"allow":["GET"]}}],"collection":[{"href":"https:\/\/memurunsesi.net\/index.php\/wp-json\/wp\/v2\/posts"}],"about":[{"href":"https:\/\/memurunsesi.net\/index.php\/wp-json\/wp\/v2\/types\/post"}],"author":[{"embeddable":true,"href":"https:\/\/memurunsesi.net\/index.php\/wp-json\/wp\/v2\/users\/1"}],"replies":[{"embeddable":true,"href":"https:\/\/memurunsesi.net\/index.php\/wp-json\/wp\/v2\/comments?post=5320"}],"version-history":[{"count":1,"href":"https:\/\/memurunsesi.net\/index.php\/wp-json\/wp\/v2\/posts\/5320\/revisions"}],"predecessor-version":[{"id":5321,"href":"https:\/\/memurunsesi.net\/index.php\/wp-json\/wp\/v2\/posts\/5320\/revisions\/5321"}],"wp:attachment":[{"href":"https:\/\/memurunsesi.net\/index.php\/wp-json\/wp\/v2\/media?parent=5320"}],"wp:term":[{"taxonomy":"category","embeddable":true,"href":"https:\/\/memurunsesi.net\/index.php\/wp-json\/wp\/v2\/categories?post=5320"},{"taxonomy":"post_tag","embeddable":true,"href":"https:\/\/memurunsesi.net\/index.php\/wp-json\/wp\/v2\/tags?post=5320"}],"curies":[{"name":"wp","href":"https:\/\/api.w.org\/{rel}","templated":true}]}}