{"id":5322,"date":"2025-04-14T19:03:52","date_gmt":"2025-04-14T16:03:52","guid":{"rendered":"https:\/\/memurunsesi.net\/?p=5322"},"modified":"2025-04-14T19:03:52","modified_gmt":"2025-04-14T16:03:52","slug":"hasan-cavusoglu-kumede-kalabilecegimiz-seviyeye-kendimiz-gelmeliyiz-baskasinin-ne-yaptigi-onemli-degil","status":"publish","type":"post","link":"https:\/\/memurunsesi.net\/index.php\/2025\/04\/14\/hasan-cavusoglu-kumede-kalabilecegimiz-seviyeye-kendimiz-gelmeliyiz-baskasinin-ne-yaptigi-onemli-degil\/","title":{"rendered":"Hasan \u00c7avu\u015fo\u011flu: &#8220;K\u00fcmede kalabilece\u011fimiz seviyeye kendimiz gelmeliyiz, ba\u015fkas\u0131n\u0131n ne yapt\u0131\u011f\u0131 \u00f6nemli de\u011fil"},"content":{"rendered":"<p>Alanyaspor Ba\u015fkan\u0131 Hasan \u00c7avu\u015fo\u011flu:<br \/>\n&#8211; &#8220;Zor g\u00fcnlerinde de b\u0131rak\u0131p giden bir y\u00f6netim de\u011filiz&#8221;<br \/>\n&#8211; &#8220;14 y\u0131ld\u0131r icraat yapt\u0131k. Bu kul\u00fcb\u00fc nereden nereye getirdik&#8221; <\/p>\n<p> Corendon Alanyaspor Ba\u015fkan\u0131 Hasan \u00c7avu\u015fo\u011flu, t\u00fcm kul\u00fcp \u00e7al\u0131\u015fanlar\u0131 ile birlik, beraberlik i\u00e7erisinde olduklar\u0131n\u0131 belirterek, &#8220;Biz ka\u00e7an bir y\u00f6netim de\u011filiz. Nas\u0131l zor zamanda geldiysek zor zamanlarda da bu kul\u00fcb\u00fcn y\u00f6netiminde biz bu kul\u00fcb\u00fcn i\u00e7erisindeyiz. \u00d6n\u00fcm\u00fczdeki ma\u00e7lar\u0131m\u0131z\u0131 almak zorunday\u0131z.7 ma\u00e7 var. K\u00fcmede kalabilece\u011fimiz seviyeye kendimiz gelmeliyiz, ba\u015fkas\u0131n\u0131 ne yapt\u0131\u011f\u0131 \u00f6nemli de\u011fil, bizim kazanmam\u0131z gerekiyor&#8221; dedi.<br \/>\n  Corendon Alanyaspor, Trendyol S\u00fcper Lig&#8217;in bitimine 7 hafta kala k\u00fcme d\u00fc\u015fmeme m\u00fccadelesi veriyor. Bodrum FK ma\u011flubiyetinin ard\u0131ndan k\u0131rm\u0131z\u0131 b\u00f6lgede yer alan Alanyaspor&#8217;da b\u00fct\u00fcn \u015fehir tek y\u00fcrek ile tak\u0131ma destek veriyor. Samsunspor ma\u00e7\u0131 \u00f6ncesi a\u00e7\u0131klamalarda bulunan Alanyaspor Ba\u015fkan\u0131 Hasan \u00c7avu\u015fo\u011flu, &#8221;\u00d6ncelikle taraftar\u0131m\u0131z\u0131n b\u00fcy\u00fck derbiler hari\u00e7 ilk defa bir Anadolu tak\u0131m\u0131yla m\u00fcsabakada stad\u0131 doldurdu\u011fundan dolay\u0131 te\u015fekk\u00fcr ediyoruz.  Futbolda her \u015fey var ama bizim i\u00e7in Bodrum ma\u00e7\u0131 \u00e7ok \u00f6nemli bir ma\u00e7t\u0131. \u015eehir olarak, y\u00f6netim olarak futbolcular kenetlendik. Bundan dolay\u0131 \u00e7ok \u00fczg\u00fcn\u00fcz. Alanyaspor&#8217;u ger\u00e7ek sevenler i\u00e7in de bizim kadar \u00fcz\u00fclm\u00fc\u015ft\u00fcr. Ama \u00f6n\u00fcm\u00fczdeki s\u00fcre\u00e7 tabii \u00e7ok farkl\u0131. Bug\u00fcn burada \u00f6zellikle vurgulamak istedi\u011fim konu, iki y\u0131l \u00f6nceki, yani b\u0131rakabilirim diye yapm\u0131\u015f oldu\u011fum bir r\u00f6portaj\u0131. Gerek yerel, gerek ulusal bas\u0131nda d\u00f6nd\u00fcr\u00fcp d\u00f6nd\u00fcr\u00fcp bunu yay\u0131nlamalar\u0131. Bir kere bunlar Alanyaspor&#8217;u i\u015fte b\u00f6yle g\u00fcnde Alanyaspor&#8217;u sevenleri, sevmeyenleri net bir \u015fekilde \u015fekilde g\u00f6rebiliyoruz. Bizim bunlara her zaman verilecek cevab\u0131m\u0131z vard\u0131r. Gerekti\u011fi zaman gerekli \u00fcslupta cevap verebiliriz. Ama g\u00fcn o g\u00fcn de\u011fil. G\u00fcn kalan yedi ma\u00e7\u0131m\u0131z\u0131 Alanya sporumuzun nas\u0131l de\u011ferlendirilmesi ve bu ligde kalmas\u0131 ile alakal\u0131 \u00e7al\u0131\u015fmalar\u0131m\u0131z var. Biz Alanyaspor&#8217;u nas\u0131l. Ben ve y\u00f6netim kurulu arkada\u015flar\u0131m can\u0131 g\u00f6n\u00fclden 14 y\u0131ld\u0131r benim yan\u0131mda olan arkada\u015flar\u0131m Alanyaspor&#8217;u nas\u0131l \u00e7ok zor d\u00f6nemde ald\u0131ysak, zor g\u00fcnlerinde de b\u0131rak\u0131p giden bir y\u00f6netim de\u011filiz&#8221; dedi. <\/p>\n<p>  &#8220;Alanyaspor y\u00f6netim kurulu bug\u00fcne kadar hep zorluklar\u0131 a\u015ft\u0131k&#8221;<br \/>\n  Alanyaspor olarak zorluklar\u0131n \u00fcstesinden geldiklerini 7 ma\u00e7ta puanlar alarak ligde kalmak istediklerini ifade eden Ba\u015fkan \u00c7avu\u015fo\u011flu, &#8220;Bug\u00fcn g\u00f6revimizin ba\u015f\u0131nday\u0131z. Sezon sonuna kadarda g\u00f6revimizi en iyi \u015fekilde y\u00f6netim kurulu arkada\u015flar\u0131m\u0131zla yapaca\u011f\u0131z. Biz \u015fu anda \u015fehir kenetlendi, taraftar\u0131m\u0131z kenetlendi. Ge\u00e7en Bodrumspor ma\u00e7\u0131yla beraber ba\u015fta \u015fehrimizi y\u00f6neten belediye ba\u015fkan\u0131m\u0131z, kaymakam\u0131m\u0131z ve di\u011fer kurumlardaki m\u00fcd\u00fcrlerimiz, amirlerimiz hepsi taraftar olarak birlik beraberlik sa\u011flad\u0131k ve kalan 7 ma\u00e7\u0131m\u0131z\u0131 en iyi \u015fekilde y\u00f6netim kurulumuz, teknik heyet ve b\u00fct\u00fcn futbolcular\u0131m\u0131za kul\u00fcp \u00e7al\u0131\u015fanlar\u0131m\u0131z dahil olmak \u00fczere hep kenetlendik ve in\u015fallah 7 ma\u00e7\u0131m\u0131z\u0131 nas\u0131l de\u011ferlendirece\u011fiz ona bakaca\u011f\u0131z. \u00c7\u00fcnk\u00fc burada dedikodu zaman\u0131 de\u011fil. \u015eimdi bakt\u0131\u011f\u0131m\u0131z zaman Alanyaspor&#8217;u sevmeyenler Alanyasporun d\u00fc\u015fmesini isteyenler daha fazla onlar konu\u015fuyorlar zaten. Hi\u00e7bir ma\u00e7ta g\u00f6rmedim ben bir k\u0131sm\u0131n\u0131. Ma\u00e7a gelmiyorsunuz. \u015eimdi iki y\u0131l \u00f6nceki bir r\u00f6portaja bak\u0131yorum. Son g\u00fcnlerde onu konu\u015fuyorlar. Sebep ne onu da anlam\u0131yorum. Yani bilerek mi yap\u0131yorlar, bilmeyerek mi yap\u0131yorlar onu da bilmiyorum. Ama arkada\u015flar burada dedi\u011fim gibi biz Alanyaspor y\u00f6netim kurulu bug\u00fcne kadar hep zorluklar\u0131 a\u015ft\u0131k, hep zorluklar\u0131n \u00fcstesinden geldik. \u0130n\u015fallah hep beraber bunun da \u00fcstesinden gelece\u011fiz. Hi\u00e7bir \u015fey d\u00fcnyan\u0131n sonu de\u011fildir. Burada her \u015fey motivasyon zaman\u0131d\u0131r. Bizim kimseye bo\u015f laf edecek ne de harcayacak zaman\u0131m\u0131z da yok. Ama herkesin konu\u015fmas\u0131n\u0131 ve ne s\u00f6yledi\u011fini bilmesini isteriz. Yani hadlerini a\u015fmaya gerek yok. \u00c7\u00fcnk\u00fc biz de konu\u015facak \u00e7ok \u015fey var. \u00c7\u00fcnk\u00fc biz bu \u015fehirde bu g\u00f6reve geldi\u011fimiz zaman bu tak\u0131m\u0131 S\u00fcper Lig s\u00f6z\u00fc de vermedik. Hi\u00e7bir s\u00f6z\u00fc vermedik. Hi\u00e7bir s\u00f6z vermeden her \u015feyi yapt\u0131k, her fedakarl\u0131\u011f\u0131 yapt\u0131k y\u00f6netim kurulu arkada\u015flar\u0131m\u0131zla. Biz sadece birilerine hesap vermek zorunda da de\u011filiz&#8221; ifadelerini kulland\u0131. <\/p>\n<p>  &#8220;14 y\u0131ld\u0131r icraat yapt\u0131k. Bu kul\u00fcb\u00fc nereden nereye getirdik&#8221;<br \/>\n  Y\u00f6netim kurulu arkada\u015flar\u0131 ile ve \u015fehir olarak Alanyaspor m\u00fccadele etti\u011finin alt\u0131n\u0131 \u00e7izen \u00c7avu\u015fo\u011flu, &#8221;14 y\u0131ld\u0131r icraat yapt\u0131k. Bu kul\u00fcb\u00fc nereden nereye getirdik. Bu kul\u00fcb\u00fc d\u00fcnya markas\u0131 haline getirdik. D\u00fcnyada konu\u015fulan bir Alanyaspor haline getirdik. Bunlar kolay olmuyor arkada\u015flar. Bunlar \u00e7al\u0131\u015fmayla oluyor. Yani i\u015fte uzun zamand\u0131r i\u00e7imizde olanlar. Vars\u0131n\u0131z siz en iyi bilenlerden. Ondan dolay\u0131 son zamanlardaki bu payla\u015f\u0131mlar do\u011fru de\u011fildir. Benim iki y\u0131l \u00f6nceki yapt\u0131\u011f\u0131m bir r\u00f6portaj\u0131 bug\u00fcn b\u0131rak\u0131yor diye dola\u015ft\u0131rman\u0131n bir manas\u0131 yok. Ben ve benim gibi cefakar, benimle beraber elini ta\u015f\u0131n alt\u0131na koyan y\u00f6netim kurulu arkada\u015flar\u0131m\u0131zla buraday\u0131z ve Alanyaspor i\u00e7in m\u00fccadele etmeye devam edece\u011fiz in\u015fallah. Biz Alanyaspor&#8217;u k\u00f6t\u00fc zamanda b\u0131rakmay\u0131z. B\u0131rak\u0131rsak zaman\u0131nda s\u00f6yledim zaten. Bir g\u00fcn b\u0131rakmay\u0131 d\u00fc\u015f\u00fcn\u00fcyorum. Alanyaspor&#8217;un en iyi zamanlar\u0131ndayd\u0131. Genel kurullarda sezon bittikten sonra yapt\u0131k. O zamanda sezon bittikten sonra \u00e7a\u011fr\u0131lar yapt\u0131k. Buyurun sokakta konu\u015fmay\u0131n. E\u011fer hakikaten yapabilecek iseniz, y\u00fcre\u011finiz yetiyorsa buna cesaretiniz varsa buyurun yap\u0131n. Biz de size destek veririz. Ama kimse \u00e7\u0131kmad\u0131 biliyorsunuz. Ama biz ka\u00e7an bir y\u00f6netim de\u011filiz&#8221; dedi. <\/p>\n<p>  &#8220;As\u0131l kul\u00fcb\u00fcn sahipleri taraftarlar\u0131m\u0131zla birlik beraberlik i\u00e7erisindeyiz&#8221;<br \/>\n  Alanyaspor taraftarlar\u0131 ile birlik ve ve beraberlik i\u00e7erinde tak\u0131ma destek verdiklerini s\u00f6yleyen \u00c7avu\u015fo\u011flu, &#8221;Nas\u0131l zor zaman\u0131nda geldiysek zor zamanlarda da bu kul\u00fcb\u00fcn y\u00f6netiminde biz bu kul\u00fcb\u00fcn i\u00e7erisindeyiz. En ba\u015fta kul\u00fcp ba\u015fkan\u0131 benim ve b\u00fct\u00fcn y\u00f6netimin, teknik heyetin, futbolcular\u0131n ve b\u00fct\u00fcn kul\u00fcp \u00e7al\u0131\u015fanlar\u0131yla beraber hepimiz birlik beraberlik i\u00e7erisindeyiz. Ayn\u0131 \u015fekilde Alanyaspor&#8217;a can\u0131 g\u00f6n\u00fclden bizim zaman\u0131m\u0131zda da k\u00f6t\u00fc zaman\u0131m\u0131zda da destek veren as\u0131l kul\u00fcb\u00fcn sahipleri taraftarlar\u0131m\u0131zla birlik beraberlik i\u00e7erisindeyiz&#8221; \u015feklinde konu\u015ftu. <\/p>\n<p>  &#8220;Bir tane Alanyaspor var&#8221;<br \/>\n  Taraftarlar\u0131n ge\u00e7en haftaki ma\u00e7ta g\u00f6sterdi\u011fi ilgiden dolay\u0131 memnun kald\u0131klar\u0131n\u0131n alt\u0131n\u0131 \u00e7izen \u00c7avu\u015fo\u011flu, &#8220;\u00d6ncelikle Bodrumspor ma\u00e7\u0131nda \u00e7a\u011fr\u0131m\u0131za kulak verip stada gelip destek veren herkese  te\u015fekk\u00fcr ediyorum. Bodrumspor ma\u00e7\u0131nda ki gibi taraftar\u0131m\u0131z\u0131, \u015fehrimizi, hi\u00e7 ma\u00e7a gelmeyenleri bile passolig \u00e7\u0131kart\u0131p ma\u00e7a gelmelerini \u00f6nemle istirham ediyorum. Bir tane Alanya var bir tane de Alanyaspor var, S\u00fcper Lig&#8217;de m\u00fccadele eden. Buna hepimizin herkesin sahip \u00e7\u0131kmas\u0131 gerekir, zaten en ba\u015fta bizim boynumuzun borcu. Di\u011fer taraftan rakiplerimizin ne yapt\u0131\u011f\u0131 bizi ilgilendirmiyor. Bizim kendi g\u00f6be\u011fimizi kendimizin kesmesi, ma\u00e7lar\u0131 kazanmam\u0131z laz\u0131m. O i\u015f orada bitiyor. \u00d6n\u00fcm\u00fczdeki ma\u00e7lar\u0131m\u0131z\u0131 almak zorunday\u0131z. 7 ma\u00e7 var. K\u00fcmede kalabilece\u011fimiz seviyeye kendimiz gelmeliyiz, ba\u015fkas\u0131n\u0131 ne yapt\u0131\u011f\u0131 \u00f6nemli de\u011fil, bizim kazanmam\u0131z gerekiyor, her \u015feyden evvel&#8221; dedi. <\/p>\n<p>14.04.2025                            <\/p>\n","protected":false},"excerpt":{"rendered":"<p>Alanyaspor Ba\u015fkan\u0131 Hasan \u00c7avu\u015fo\u011flu: &#8211; &#8220;Zor g\u00fcnlerinde de b\u0131rak\u0131p giden bir y\u00f6netim de\u011filiz&#8221; &#8211; &#8220;14 y\u0131ld\u0131r icraat yapt\u0131k. Bu kul\u00fcb\u00fc nereden nereye getirdik&#8221; Corendon Alanyaspor Ba\u015fkan\u0131 Hasan \u00c7avu\u015fo\u011flu, t\u00fcm kul\u00fcp \u00e7al\u0131\u015fanlar\u0131 ile birlik, beraberlik i\u00e7erisinde olduklar\u0131n\u0131 belirterek, &#8220;Biz ka\u00e7an bir y\u00f6netim de\u011filiz. Nas\u0131l zor zamanda geldiysek zor zamanlarda da bu kul\u00fcb\u00fcn y\u00f6netiminde biz bu kul\u00fcb\u00fcn [&hellip;]<\/p>\n","protected":false},"author":1,"featured_media":5323,"comment_status":"open","ping_status":"open","sticky":false,"template":"","format":"standard","meta":{"footnotes":""},"categories":[57],"tags":[],"class_list":["post-5322","post","type-post","status-publish","format-standard","has-post-thumbnail","hentry","category-spor"],"yoast_head":"<!-- This site is optimized with the Yoast SEO plugin v27.4 - https:\/\/yoast.com\/product\/yoast-seo-wordpress\/ -->\n<title>Hasan \u00c7avu\u015fo\u011flu: &quot;K\u00fcmede kalabilece\u011fimiz seviyeye kendimiz gelmeliyiz, ba\u015fkas\u0131n\u0131n ne yapt\u0131\u011f\u0131 \u00f6nemli de\u011fil - Memurun Sesi<\/title>\n<meta name=\"robots\" content=\"index, follow, max-snippet:-1, max-image-preview:large, max-video-preview:-1\" \/>\n<link rel=\"canonical\" href=\"https:\/\/memurunsesi.net\/index.php\/2025\/04\/14\/hasan-cavusoglu-kumede-kalabilecegimiz-seviyeye-kendimiz-gelmeliyiz-baskasinin-ne-yaptigi-onemli-degil\/\" \/>\n<meta property=\"og:locale\" content=\"tr_TR\" \/>\n<meta property=\"og:type\" content=\"article\" \/>\n<meta property=\"og:title\" content=\"Hasan \u00c7avu\u015fo\u011flu: &quot;K\u00fcmede kalabilece\u011fimiz seviyeye kendimiz gelmeliyiz, ba\u015fkas\u0131n\u0131n ne yapt\u0131\u011f\u0131 \u00f6nemli de\u011fil - Memurun Sesi\" \/>\n<meta property=\"og:description\" content=\"Alanyaspor Ba\u015fkan\u0131 Hasan \u00c7avu\u015fo\u011flu: &#8211; &#8220;Zor g\u00fcnlerinde de b\u0131rak\u0131p giden bir y\u00f6netim de\u011filiz&#8221; &#8211; &#8220;14 y\u0131ld\u0131r icraat yapt\u0131k. Bu kul\u00fcb\u00fc nereden nereye getirdik&#8221; Corendon Alanyaspor Ba\u015fkan\u0131 Hasan \u00c7avu\u015fo\u011flu, t\u00fcm kul\u00fcp \u00e7al\u0131\u015fanlar\u0131 ile birlik, beraberlik i\u00e7erisinde olduklar\u0131n\u0131 belirterek, &#8220;Biz ka\u00e7an bir y\u00f6netim de\u011filiz. Nas\u0131l zor zamanda geldiysek zor zamanlarda da bu kul\u00fcb\u00fcn y\u00f6netiminde biz bu kul\u00fcb\u00fcn [&hellip;]\" \/>\n<meta property=\"og:url\" content=\"https:\/\/memurunsesi.net\/index.php\/2025\/04\/14\/hasan-cavusoglu-kumede-kalabilecegimiz-seviyeye-kendimiz-gelmeliyiz-baskasinin-ne-yaptigi-onemli-degil\/\" \/>\n<meta property=\"og:site_name\" content=\"Memurun Sesi\" \/>\n<meta property=\"article:publisher\" content=\"https:\/\/www.facebook.com\/unipersen\/?locale=tr_TR\" \/>\n<meta property=\"article:published_time\" content=\"2025-04-14T16:03:52+00:00\" \/>\n<meta property=\"og:image\" content=\"https:\/\/memurunsesi.net\/wp-content\/uploads\/2025\/04\/AW432725_01.jpg\" \/>\n\t<meta property=\"og:image:width\" content=\"1274\" \/>\n\t<meta property=\"og:image:height\" content=\"672\" \/>\n\t<meta property=\"og:image:type\" content=\"image\/jpeg\" \/>\n<meta name=\"author\" content=\"Memurun Sesi Haber Merkezi\" \/>\n<meta name=\"twitter:card\" content=\"summary_large_image\" \/>\n<meta name=\"twitter:creator\" content=\"@unipersen\" \/>\n<meta name=\"twitter:site\" content=\"@unipersen\" \/>\n<meta name=\"twitter:label1\" content=\"Yazan:\" \/>\n\t<meta name=\"twitter:data1\" content=\"Memurun Sesi Haber Merkezi\" \/>\n\t<meta name=\"twitter:label2\" content=\"Tahmini okuma s\u00fcresi\" \/>\n\t<meta name=\"twitter:data2\" content=\"1 dakika\" \/>\n<script type=\"application\/ld+json\" class=\"yoast-schema-graph\">{\"@context\":\"https:\\\/\\\/schema.org\",\"@graph\":[{\"@type\":\"Article\",\"@id\":\"https:\\\/\\\/memurunsesi.net\\\/index.php\\\/2025\\\/04\\\/14\\\/hasan-cavusoglu-kumede-kalabilecegimiz-seviyeye-kendimiz-gelmeliyiz-baskasinin-ne-yaptigi-onemli-degil\\\/#article\",\"isPartOf\":{\"@id\":\"https:\\\/\\\/memurunsesi.net\\\/index.php\\\/2025\\\/04\\\/14\\\/hasan-cavusoglu-kumede-kalabilecegimiz-seviyeye-kendimiz-gelmeliyiz-baskasinin-ne-yaptigi-onemli-degil\\\/\"},\"author\":{\"name\":\"Memurun Sesi Haber Merkezi\",\"@id\":\"https:\\\/\\\/memurunsesi.net\\\/#\\\/schema\\\/person\\\/f21c2d73b89f6ee1d80b0a1803e38587\"},\"headline\":\"Hasan \u00c7avu\u015fo\u011flu: &#8220;K\u00fcmede kalabilece\u011fimiz seviyeye kendimiz gelmeliyiz, ba\u015fkas\u0131n\u0131n ne yapt\u0131\u011f\u0131 \u00f6nemli de\u011fil\",\"datePublished\":\"2025-04-14T16:03:52+00:00\",\"mainEntityOfPage\":{\"@id\":\"https:\\\/\\\/memurunsesi.net\\\/index.php\\\/2025\\\/04\\\/14\\\/hasan-cavusoglu-kumede-kalabilecegimiz-seviyeye-kendimiz-gelmeliyiz-baskasinin-ne-yaptigi-onemli-degil\\\/\"},\"wordCount\":1315,\"commentCount\":0,\"publisher\":{\"@id\":\"https:\\\/\\\/memurunsesi.net\\\/#organization\"},\"image\":{\"@id\":\"https:\\\/\\\/memurunsesi.net\\\/index.php\\\/2025\\\/04\\\/14\\\/hasan-cavusoglu-kumede-kalabilecegimiz-seviyeye-kendimiz-gelmeliyiz-baskasinin-ne-yaptigi-onemli-degil\\\/#primaryimage\"},\"thumbnailUrl\":\"https:\\\/\\\/memurunsesi.net\\\/wp-content\\\/uploads\\\/2025\\\/04\\\/AW432725_01.jpg\",\"articleSection\":[\"Spor\"],\"inLanguage\":\"tr\",\"potentialAction\":[{\"@type\":\"CommentAction\",\"name\":\"Comment\",\"target\":[\"https:\\\/\\\/memurunsesi.net\\\/index.php\\\/2025\\\/04\\\/14\\\/hasan-cavusoglu-kumede-kalabilecegimiz-seviyeye-kendimiz-gelmeliyiz-baskasinin-ne-yaptigi-onemli-degil\\\/#respond\"]}]},{\"@type\":\"WebPage\",\"@id\":\"https:\\\/\\\/memurunsesi.net\\\/index.php\\\/2025\\\/04\\\/14\\\/hasan-cavusoglu-kumede-kalabilecegimiz-seviyeye-kendimiz-gelmeliyiz-baskasinin-ne-yaptigi-onemli-degil\\\/\",\"url\":\"https:\\\/\\\/memurunsesi.net\\\/index.php\\\/2025\\\/04\\\/14\\\/hasan-cavusoglu-kumede-kalabilecegimiz-seviyeye-kendimiz-gelmeliyiz-baskasinin-ne-yaptigi-onemli-degil\\\/\",\"name\":\"Hasan \u00c7avu\u015fo\u011flu: \\\"K\u00fcmede kalabilece\u011fimiz seviyeye kendimiz gelmeliyiz, ba\u015fkas\u0131n\u0131n ne yapt\u0131\u011f\u0131 \u00f6nemli de\u011fil - Memurun Sesi\",\"isPartOf\":{\"@id\":\"https:\\\/\\\/memurunsesi.net\\\/#website\"},\"primaryImageOfPage\":{\"@id\":\"https:\\\/\\\/memurunsesi.net\\\/index.php\\\/2025\\\/04\\\/14\\\/hasan-cavusoglu-kumede-kalabilecegimiz-seviyeye-kendimiz-gelmeliyiz-baskasinin-ne-yaptigi-onemli-degil\\\/#primaryimage\"},\"image\":{\"@id\":\"https:\\\/\\\/memurunsesi.net\\\/index.php\\\/2025\\\/04\\\/14\\\/hasan-cavusoglu-kumede-kalabilecegimiz-seviyeye-kendimiz-gelmeliyiz-baskasinin-ne-yaptigi-onemli-degil\\\/#primaryimage\"},\"thumbnailUrl\":\"https:\\\/\\\/memurunsesi.net\\\/wp-content\\\/uploads\\\/2025\\\/04\\\/AW432725_01.jpg\",\"datePublished\":\"2025-04-14T16:03:52+00:00\",\"breadcrumb\":{\"@id\":\"https:\\\/\\\/memurunsesi.net\\\/index.php\\\/2025\\\/04\\\/14\\\/hasan-cavusoglu-kumede-kalabilecegimiz-seviyeye-kendimiz-gelmeliyiz-baskasinin-ne-yaptigi-onemli-degil\\\/#breadcrumb\"},\"inLanguage\":\"tr\",\"potentialAction\":[{\"@type\":\"ReadAction\",\"target\":[\"https:\\\/\\\/memurunsesi.net\\\/index.php\\\/2025\\\/04\\\/14\\\/hasan-cavusoglu-kumede-kalabilecegimiz-seviyeye-kendimiz-gelmeliyiz-baskasinin-ne-yaptigi-onemli-degil\\\/\"]}]},{\"@type\":\"ImageObject\",\"inLanguage\":\"tr\",\"@id\":\"https:\\\/\\\/memurunsesi.net\\\/index.php\\\/2025\\\/04\\\/14\\\/hasan-cavusoglu-kumede-kalabilecegimiz-seviyeye-kendimiz-gelmeliyiz-baskasinin-ne-yaptigi-onemli-degil\\\/#primaryimage\",\"url\":\"https:\\\/\\\/memurunsesi.net\\\/wp-content\\\/uploads\\\/2025\\\/04\\\/AW432725_01.jpg\",\"contentUrl\":\"https:\\\/\\\/memurunsesi.net\\\/wp-content\\\/uploads\\\/2025\\\/04\\\/AW432725_01.jpg\",\"width\":1274,\"height\":672,\"caption\":\"CORENDON ALANYASPOR BA\u015eKANI HASAN \u00c7AVU\u015eO\u011eLU (\u0130HA\\\/ANTALYA-\u0130HA) Corendon Alanyaspor Ba\u015fkan\u0131 Hasan \u00c7avu\u015fo\u011flu, t\u00fcm kul\u00fcp \u00e7al\u0131\u015fanlar\u0131 ile birlik, beraberlik i\u00e7erisinde olduklar\u0131n\u0131 belirterek, \\\"Biz ka\u00e7an bir y\u00f6netim de\u011filiz. Nas\u0131l zor zamanda geldiysek zor zamanlarda da bu kul\u00fcb\u00fcn y\u00f6netiminde biz bu kul\u00fcb\u00fcn i\u00e7erisindeyiz. \u00d6n\u00fcm\u00fczdeki ma\u00e7lar\u0131m\u0131z\u0131 almak zorunday\u0131z.7 ma\u00e7 var. K\u00fcmede kalabilece\u011fimiz seviyeye kendimiz gelmeliyiz, ba\u015fkas\u0131n\u0131 ne yapt\u0131\u011f\u0131 \u00f6nemli de\u011fil, bizim kazanmam\u0131z gerekiyor\\\" dedi.\"},{\"@type\":\"BreadcrumbList\",\"@id\":\"https:\\\/\\\/memurunsesi.net\\\/index.php\\\/2025\\\/04\\\/14\\\/hasan-cavusoglu-kumede-kalabilecegimiz-seviyeye-kendimiz-gelmeliyiz-baskasinin-ne-yaptigi-onemli-degil\\\/#breadcrumb\",\"itemListElement\":[{\"@type\":\"ListItem\",\"position\":1,\"name\":\"Anasayfa\",\"item\":\"https:\\\/\\\/memurunsesi.net\\\/\"},{\"@type\":\"ListItem\",\"position\":2,\"name\":\"Hasan \u00c7avu\u015fo\u011flu: &#8220;K\u00fcmede kalabilece\u011fimiz seviyeye kendimiz gelmeliyiz, ba\u015fkas\u0131n\u0131n ne yapt\u0131\u011f\u0131 \u00f6nemli de\u011fil\"}]},{\"@type\":\"WebSite\",\"@id\":\"https:\\\/\\\/memurunsesi.net\\\/#website\",\"url\":\"https:\\\/\\\/memurunsesi.net\\\/\",\"name\":\"Memurun Sesi\",\"description\":\"G\u00fcncel ve Do\u011fru Haber\",\"publisher\":{\"@id\":\"https:\\\/\\\/memurunsesi.net\\\/#organization\"},\"potentialAction\":[{\"@type\":\"SearchAction\",\"target\":{\"@type\":\"EntryPoint\",\"urlTemplate\":\"https:\\\/\\\/memurunsesi.net\\\/?s={search_term_string}\"},\"query-input\":{\"@type\":\"PropertyValueSpecification\",\"valueRequired\":true,\"valueName\":\"search_term_string\"}}],\"inLanguage\":\"tr\"},{\"@type\":\"Organization\",\"@id\":\"https:\\\/\\\/memurunsesi.net\\\/#organization\",\"name\":\"Memurun Sesi\",\"url\":\"https:\\\/\\\/memurunsesi.net\\\/\",\"logo\":{\"@type\":\"ImageObject\",\"inLanguage\":\"tr\",\"@id\":\"https:\\\/\\\/memurunsesi.net\\\/#\\\/schema\\\/logo\\\/image\\\/\",\"url\":\"https:\\\/\\\/memurunsesi.net\\\/wp-content\\\/uploads\\\/2025\\\/11\\\/cropped-MEMURUN-SESI.png\",\"contentUrl\":\"https:\\\/\\\/memurunsesi.net\\\/wp-content\\\/uploads\\\/2025\\\/11\\\/cropped-MEMURUN-SESI.png\",\"width\":238,\"height\":57,\"caption\":\"Memurun Sesi\"},\"image\":{\"@id\":\"https:\\\/\\\/memurunsesi.net\\\/#\\\/schema\\\/logo\\\/image\\\/\"},\"sameAs\":[\"https:\\\/\\\/www.facebook.com\\\/unipersen\\\/?locale=tr_TR\",\"https:\\\/\\\/x.com\\\/unipersen\"]},{\"@type\":\"Person\",\"@id\":\"https:\\\/\\\/memurunsesi.net\\\/#\\\/schema\\\/person\\\/f21c2d73b89f6ee1d80b0a1803e38587\",\"name\":\"Memurun Sesi Haber Merkezi\",\"image\":{\"@type\":\"ImageObject\",\"inLanguage\":\"tr\",\"@id\":\"https:\\\/\\\/secure.gravatar.com\\\/avatar\\\/6cf0505f452ee753f485014986fab09a434671d2b919ee76fc541025c5876a70?s=96&d=mm&r=g\",\"url\":\"https:\\\/\\\/secure.gravatar.com\\\/avatar\\\/6cf0505f452ee753f485014986fab09a434671d2b919ee76fc541025c5876a70?s=96&d=mm&r=g\",\"contentUrl\":\"https:\\\/\\\/secure.gravatar.com\\\/avatar\\\/6cf0505f452ee753f485014986fab09a434671d2b919ee76fc541025c5876a70?s=96&d=mm&r=g\",\"caption\":\"Memurun Sesi Haber Merkezi\"},\"sameAs\":[\"https:\\\/\\\/memurunsesi.net\"],\"url\":\"https:\\\/\\\/memurunsesi.net\\\/index.php\\\/author\\\/uniper\\\/\"}]}<\/script>\n<!-- \/ Yoast SEO plugin. -->","yoast_head_json":{"title":"Hasan \u00c7avu\u015fo\u011flu: \"K\u00fcmede kalabilece\u011fimiz seviyeye kendimiz gelmeliyiz, ba\u015fkas\u0131n\u0131n ne yapt\u0131\u011f\u0131 \u00f6nemli de\u011fil - Memurun Sesi","robots":{"index":"index","follow":"follow","max-snippet":"max-snippet:-1","max-image-preview":"max-image-preview:large","max-video-preview":"max-video-preview:-1"},"canonical":"https:\/\/memurunsesi.net\/index.php\/2025\/04\/14\/hasan-cavusoglu-kumede-kalabilecegimiz-seviyeye-kendimiz-gelmeliyiz-baskasinin-ne-yaptigi-onemli-degil\/","og_locale":"tr_TR","og_type":"article","og_title":"Hasan \u00c7avu\u015fo\u011flu: \"K\u00fcmede kalabilece\u011fimiz seviyeye kendimiz gelmeliyiz, ba\u015fkas\u0131n\u0131n ne yapt\u0131\u011f\u0131 \u00f6nemli de\u011fil - Memurun Sesi","og_description":"Alanyaspor Ba\u015fkan\u0131 Hasan \u00c7avu\u015fo\u011flu: &#8211; &#8220;Zor g\u00fcnlerinde de b\u0131rak\u0131p giden bir y\u00f6netim de\u011filiz&#8221; &#8211; &#8220;14 y\u0131ld\u0131r icraat yapt\u0131k. Bu kul\u00fcb\u00fc nereden nereye getirdik&#8221; Corendon Alanyaspor Ba\u015fkan\u0131 Hasan \u00c7avu\u015fo\u011flu, t\u00fcm kul\u00fcp \u00e7al\u0131\u015fanlar\u0131 ile birlik, beraberlik i\u00e7erisinde olduklar\u0131n\u0131 belirterek, &#8220;Biz ka\u00e7an bir y\u00f6netim de\u011filiz. Nas\u0131l zor zamanda geldiysek zor zamanlarda da bu kul\u00fcb\u00fcn y\u00f6netiminde biz bu kul\u00fcb\u00fcn [&hellip;]","og_url":"https:\/\/memurunsesi.net\/index.php\/2025\/04\/14\/hasan-cavusoglu-kumede-kalabilecegimiz-seviyeye-kendimiz-gelmeliyiz-baskasinin-ne-yaptigi-onemli-degil\/","og_site_name":"Memurun Sesi","article_publisher":"https:\/\/www.facebook.com\/unipersen\/?locale=tr_TR","article_published_time":"2025-04-14T16:03:52+00:00","og_image":[{"width":1274,"height":672,"url":"https:\/\/memurunsesi.net\/wp-content\/uploads\/2025\/04\/AW432725_01.jpg","type":"image\/jpeg"}],"author":"Memurun Sesi Haber Merkezi","twitter_card":"summary_large_image","twitter_creator":"@unipersen","twitter_site":"@unipersen","twitter_misc":{"Yazan:":"Memurun Sesi Haber Merkezi","Tahmini okuma s\u00fcresi":"1 dakika"},"schema":{"@context":"https:\/\/schema.org","@graph":[{"@type":"Article","@id":"https:\/\/memurunsesi.net\/index.php\/2025\/04\/14\/hasan-cavusoglu-kumede-kalabilecegimiz-seviyeye-kendimiz-gelmeliyiz-baskasinin-ne-yaptigi-onemli-degil\/#article","isPartOf":{"@id":"https:\/\/memurunsesi.net\/index.php\/2025\/04\/14\/hasan-cavusoglu-kumede-kalabilecegimiz-seviyeye-kendimiz-gelmeliyiz-baskasinin-ne-yaptigi-onemli-degil\/"},"author":{"name":"Memurun Sesi Haber Merkezi","@id":"https:\/\/memurunsesi.net\/#\/schema\/person\/f21c2d73b89f6ee1d80b0a1803e38587"},"headline":"Hasan \u00c7avu\u015fo\u011flu: &#8220;K\u00fcmede kalabilece\u011fimiz seviyeye kendimiz gelmeliyiz, ba\u015fkas\u0131n\u0131n ne yapt\u0131\u011f\u0131 \u00f6nemli de\u011fil","datePublished":"2025-04-14T16:03:52+00:00","mainEntityOfPage":{"@id":"https:\/\/memurunsesi.net\/index.php\/2025\/04\/14\/hasan-cavusoglu-kumede-kalabilecegimiz-seviyeye-kendimiz-gelmeliyiz-baskasinin-ne-yaptigi-onemli-degil\/"},"wordCount":1315,"commentCount":0,"publisher":{"@id":"https:\/\/memurunsesi.net\/#organization"},"image":{"@id":"https:\/\/memurunsesi.net\/index.php\/2025\/04\/14\/hasan-cavusoglu-kumede-kalabilecegimiz-seviyeye-kendimiz-gelmeliyiz-baskasinin-ne-yaptigi-onemli-degil\/#primaryimage"},"thumbnailUrl":"https:\/\/memurunsesi.net\/wp-content\/uploads\/2025\/04\/AW432725_01.jpg","articleSection":["Spor"],"inLanguage":"tr","potentialAction":[{"@type":"CommentAction","name":"Comment","target":["https:\/\/memurunsesi.net\/index.php\/2025\/04\/14\/hasan-cavusoglu-kumede-kalabilecegimiz-seviyeye-kendimiz-gelmeliyiz-baskasinin-ne-yaptigi-onemli-degil\/#respond"]}]},{"@type":"WebPage","@id":"https:\/\/memurunsesi.net\/index.php\/2025\/04\/14\/hasan-cavusoglu-kumede-kalabilecegimiz-seviyeye-kendimiz-gelmeliyiz-baskasinin-ne-yaptigi-onemli-degil\/","url":"https:\/\/memurunsesi.net\/index.php\/2025\/04\/14\/hasan-cavusoglu-kumede-kalabilecegimiz-seviyeye-kendimiz-gelmeliyiz-baskasinin-ne-yaptigi-onemli-degil\/","name":"Hasan \u00c7avu\u015fo\u011flu: \"K\u00fcmede kalabilece\u011fimiz seviyeye kendimiz gelmeliyiz, ba\u015fkas\u0131n\u0131n ne yapt\u0131\u011f\u0131 \u00f6nemli de\u011fil - Memurun Sesi","isPartOf":{"@id":"https:\/\/memurunsesi.net\/#website"},"primaryImageOfPage":{"@id":"https:\/\/memurunsesi.net\/index.php\/2025\/04\/14\/hasan-cavusoglu-kumede-kalabilecegimiz-seviyeye-kendimiz-gelmeliyiz-baskasinin-ne-yaptigi-onemli-degil\/#primaryimage"},"image":{"@id":"https:\/\/memurunsesi.net\/index.php\/2025\/04\/14\/hasan-cavusoglu-kumede-kalabilecegimiz-seviyeye-kendimiz-gelmeliyiz-baskasinin-ne-yaptigi-onemli-degil\/#primaryimage"},"thumbnailUrl":"https:\/\/memurunsesi.net\/wp-content\/uploads\/2025\/04\/AW432725_01.jpg","datePublished":"2025-04-14T16:03:52+00:00","breadcrumb":{"@id":"https:\/\/memurunsesi.net\/index.php\/2025\/04\/14\/hasan-cavusoglu-kumede-kalabilecegimiz-seviyeye-kendimiz-gelmeliyiz-baskasinin-ne-yaptigi-onemli-degil\/#breadcrumb"},"inLanguage":"tr","potentialAction":[{"@type":"ReadAction","target":["https:\/\/memurunsesi.net\/index.php\/2025\/04\/14\/hasan-cavusoglu-kumede-kalabilecegimiz-seviyeye-kendimiz-gelmeliyiz-baskasinin-ne-yaptigi-onemli-degil\/"]}]},{"@type":"ImageObject","inLanguage":"tr","@id":"https:\/\/memurunsesi.net\/index.php\/2025\/04\/14\/hasan-cavusoglu-kumede-kalabilecegimiz-seviyeye-kendimiz-gelmeliyiz-baskasinin-ne-yaptigi-onemli-degil\/#primaryimage","url":"https:\/\/memurunsesi.net\/wp-content\/uploads\/2025\/04\/AW432725_01.jpg","contentUrl":"https:\/\/memurunsesi.net\/wp-content\/uploads\/2025\/04\/AW432725_01.jpg","width":1274,"height":672,"caption":"CORENDON ALANYASPOR BA\u015eKANI HASAN \u00c7AVU\u015eO\u011eLU (\u0130HA\/ANTALYA-\u0130HA) Corendon Alanyaspor Ba\u015fkan\u0131 Hasan \u00c7avu\u015fo\u011flu, t\u00fcm kul\u00fcp \u00e7al\u0131\u015fanlar\u0131 ile birlik, beraberlik i\u00e7erisinde olduklar\u0131n\u0131 belirterek, \"Biz ka\u00e7an bir y\u00f6netim de\u011filiz. Nas\u0131l zor zamanda geldiysek zor zamanlarda da bu kul\u00fcb\u00fcn y\u00f6netiminde biz bu kul\u00fcb\u00fcn i\u00e7erisindeyiz. \u00d6n\u00fcm\u00fczdeki ma\u00e7lar\u0131m\u0131z\u0131 almak zorunday\u0131z.7 ma\u00e7 var. K\u00fcmede kalabilece\u011fimiz seviyeye kendimiz gelmeliyiz, ba\u015fkas\u0131n\u0131 ne yapt\u0131\u011f\u0131 \u00f6nemli de\u011fil, bizim kazanmam\u0131z gerekiyor\" dedi."},{"@type":"BreadcrumbList","@id":"https:\/\/memurunsesi.net\/index.php\/2025\/04\/14\/hasan-cavusoglu-kumede-kalabilecegimiz-seviyeye-kendimiz-gelmeliyiz-baskasinin-ne-yaptigi-onemli-degil\/#breadcrumb","itemListElement":[{"@type":"ListItem","position":1,"name":"Anasayfa","item":"https:\/\/memurunsesi.net\/"},{"@type":"ListItem","position":2,"name":"Hasan \u00c7avu\u015fo\u011flu: &#8220;K\u00fcmede kalabilece\u011fimiz seviyeye kendimiz gelmeliyiz, ba\u015fkas\u0131n\u0131n ne yapt\u0131\u011f\u0131 \u00f6nemli de\u011fil"}]},{"@type":"WebSite","@id":"https:\/\/memurunsesi.net\/#website","url":"https:\/\/memurunsesi.net\/","name":"Memurun Sesi","description":"G\u00fcncel ve Do\u011fru Haber","publisher":{"@id":"https:\/\/memurunsesi.net\/#organization"},"potentialAction":[{"@type":"SearchAction","target":{"@type":"EntryPoint","urlTemplate":"https:\/\/memurunsesi.net\/?s={search_term_string}"},"query-input":{"@type":"PropertyValueSpecification","valueRequired":true,"valueName":"search_term_string"}}],"inLanguage":"tr"},{"@type":"Organization","@id":"https:\/\/memurunsesi.net\/#organization","name":"Memurun Sesi","url":"https:\/\/memurunsesi.net\/","logo":{"@type":"ImageObject","inLanguage":"tr","@id":"https:\/\/memurunsesi.net\/#\/schema\/logo\/image\/","url":"https:\/\/memurunsesi.net\/wp-content\/uploads\/2025\/11\/cropped-MEMURUN-SESI.png","contentUrl":"https:\/\/memurunsesi.net\/wp-content\/uploads\/2025\/11\/cropped-MEMURUN-SESI.png","width":238,"height":57,"caption":"Memurun Sesi"},"image":{"@id":"https:\/\/memurunsesi.net\/#\/schema\/logo\/image\/"},"sameAs":["https:\/\/www.facebook.com\/unipersen\/?locale=tr_TR","https:\/\/x.com\/unipersen"]},{"@type":"Person","@id":"https:\/\/memurunsesi.net\/#\/schema\/person\/f21c2d73b89f6ee1d80b0a1803e38587","name":"Memurun Sesi Haber Merkezi","image":{"@type":"ImageObject","inLanguage":"tr","@id":"https:\/\/secure.gravatar.com\/avatar\/6cf0505f452ee753f485014986fab09a434671d2b919ee76fc541025c5876a70?s=96&d=mm&r=g","url":"https:\/\/secure.gravatar.com\/avatar\/6cf0505f452ee753f485014986fab09a434671d2b919ee76fc541025c5876a70?s=96&d=mm&r=g","contentUrl":"https:\/\/secure.gravatar.com\/avatar\/6cf0505f452ee753f485014986fab09a434671d2b919ee76fc541025c5876a70?s=96&d=mm&r=g","caption":"Memurun Sesi Haber Merkezi"},"sameAs":["https:\/\/memurunsesi.net"],"url":"https:\/\/memurunsesi.net\/index.php\/author\/uniper\/"}]}},"_links":{"self":[{"href":"https:\/\/memurunsesi.net\/index.php\/wp-json\/wp\/v2\/posts\/5322","targetHints":{"allow":["GET"]}}],"collection":[{"href":"https:\/\/memurunsesi.net\/index.php\/wp-json\/wp\/v2\/posts"}],"about":[{"href":"https:\/\/memurunsesi.net\/index.php\/wp-json\/wp\/v2\/types\/post"}],"author":[{"embeddable":true,"href":"https:\/\/memurunsesi.net\/index.php\/wp-json\/wp\/v2\/users\/1"}],"replies":[{"embeddable":true,"href":"https:\/\/memurunsesi.net\/index.php\/wp-json\/wp\/v2\/comments?post=5322"}],"version-history":[{"count":1,"href":"https:\/\/memurunsesi.net\/index.php\/wp-json\/wp\/v2\/posts\/5322\/revisions"}],"predecessor-version":[{"id":5324,"href":"https:\/\/memurunsesi.net\/index.php\/wp-json\/wp\/v2\/posts\/5322\/revisions\/5324"}],"wp:featuredmedia":[{"embeddable":true,"href":"https:\/\/memurunsesi.net\/index.php\/wp-json\/wp\/v2\/media\/5323"}],"wp:attachment":[{"href":"https:\/\/memurunsesi.net\/index.php\/wp-json\/wp\/v2\/media?parent=5322"}],"wp:term":[{"taxonomy":"category","embeddable":true,"href":"https:\/\/memurunsesi.net\/index.php\/wp-json\/wp\/v2\/categories?post=5322"},{"taxonomy":"post_tag","embeddable":true,"href":"https:\/\/memurunsesi.net\/index.php\/wp-json\/wp\/v2\/tags?post=5322"}],"curies":[{"name":"wp","href":"https:\/\/api.w.org\/{rel}","templated":true}]}}