{"id":5325,"date":"2025-04-14T19:05:51","date_gmt":"2025-04-14T16:05:51","guid":{"rendered":"https:\/\/memurunsesi.net\/?p=5325"},"modified":"2025-04-14T19:05:51","modified_gmt":"2025-04-14T16:05:51","slug":"ogrencilere-saglikli-beslenme-egitimi-verildi","status":"publish","type":"post","link":"https:\/\/memurunsesi.net\/index.php\/2025\/04\/14\/ogrencilere-saglikli-beslenme-egitimi-verildi\/","title":{"rendered":"\u00d6\u011frencilere sa\u011fl\u0131kl\u0131 beslenme e\u011fitimi verildi"},"content":{"rendered":"<p>Okulumda Sa\u011fl\u0131kl\u0131 Besleniyorum program\u0131 kapsam\u0131nda Demirkent TOK\u0130 \u0130lkokulu \u00f6\u011frencilerine sa\u011fl\u0131kl\u0131 beslenme e\u011fitimleri verildi.<br \/>\nDiyetisyen \u00dczeyir Tu\u011fberk Kozan taraf\u0131ndan verilen e\u011fitimlerle \u00f6\u011frencilere sa\u011fl\u0131kl\u0131 beslenmenin \u00f6nemi anlat\u0131ld\u0131. Okulumda Sa\u011fl\u0131kl\u0131 Besleniyorum program\u0131 hakk\u0131nda bilgi veren Diyetisyen \u00dczeyir Tu\u011fberk Kozan \u015funlar\u0131 s\u00f6yledi:<br \/>\n&#8220;Bu program ile \u00f6\u011frenci, \u00f6\u011fretmen, veli ve di\u011fer payda\u015flar\u0131n kat\u0131l\u0131m\u0131 ile program\u0131n etkinli\u011finin art\u0131r\u0131lmas\u0131 ama\u00e7lanmaktad\u0131r. Ayr\u0131ca, \u00f6\u011frencilerimizi fiziksel aktivite yapmaya te\u015fvik etmek, okullarda \u00f6\u011frencilerimizi geleneksel tatlarla bulu\u015fturmak ve g\u0131da israf\u0131na y\u00f6nelik \u00f6\u011frencileri bilin\u00e7lendirmek ama\u00e7lar\u0131m\u0131z aras\u0131ndad\u0131r.&#8221;<br \/>\nDemirkent TOK\u0130 \u0130lkokulu M\u00fcd\u00fcr\u00fc Ahmet Sa\u011fs\u00f6z ise Okulumda Sa\u011fl\u0131kl\u0131 Besleniyorum program\u0131 kapsam\u0131nda yap\u0131lan \u00e7al\u0131\u015fmalar hakk\u0131nda \u015fu bilgileri verdi:<br \/>\n&#8220;Okulumda Sa\u011fl\u0131kl\u0131 Besleniyorum program\u0131, Milli E\u011fitim Bakanl\u0131\u011f\u0131 taraf\u0131ndan okul \u00f6ncesinden orta\u00f6\u011fretime kadar \u00e7ocuklar\u0131m\u0131z\u0131n gelece\u011fe g\u00fcvenle ad\u0131m atmalar\u0131, fiziksel, bilmekle ve sosyal y\u00f6nden geli\u015fimlerinin en iyi \u015fekilde sa\u011flanmas\u0131 i\u00e7in Emine Erdo\u011fan himayelerinde ba\u015flat\u0131lm\u0131\u015ft\u0131r. Pilot okul olarak se\u00e7ilen okulumuzda da \u00f6\u011frencilerimize, sa\u011fl\u0131kl\u0131 beslenmeye y\u00f6nelik e\u011fitimler verilmektedir. Bununla birlikte \u00f6\u011frencilerimizin boy ve kilo \u00f6l\u00e7\u00fcmleri yap\u0131larak, riskli durumda olan \u00f6\u011frencilerimizi velilerimiz arac\u0131l\u0131\u011f\u0131 ile sa\u011fl\u0131k kurulu\u015flar\u0131na y\u00f6nlendirmekteyiz.&#8221; <\/p>\n<p> 14.04.2025                          <\/p>\n","protected":false},"excerpt":{"rendered":"<p>Okulumda Sa\u011fl\u0131kl\u0131 Besleniyorum program\u0131 kapsam\u0131nda Demirkent TOK\u0130 \u0130lkokulu \u00f6\u011frencilerine sa\u011fl\u0131kl\u0131 beslenme e\u011fitimleri verildi. Diyetisyen \u00dczeyir Tu\u011fberk Kozan taraf\u0131ndan verilen e\u011fitimlerle \u00f6\u011frencilere sa\u011fl\u0131kl\u0131 beslenmenin \u00f6nemi anlat\u0131ld\u0131. Okulumda Sa\u011fl\u0131kl\u0131 Besleniyorum program\u0131 hakk\u0131nda bilgi veren Diyetisyen \u00dczeyir Tu\u011fberk Kozan \u015funlar\u0131 s\u00f6yledi: &#8220;Bu program ile \u00f6\u011frenci, \u00f6\u011fretmen, veli ve di\u011fer payda\u015flar\u0131n kat\u0131l\u0131m\u0131 ile program\u0131n etkinli\u011finin art\u0131r\u0131lmas\u0131 ama\u00e7lanmaktad\u0131r. Ayr\u0131ca, \u00f6\u011frencilerimizi [&hellip;]<\/p>\n","protected":false},"author":1,"featured_media":5326,"comment_status":"open","ping_status":"open","sticky":false,"template":"","format":"standard","meta":{"footnotes":""},"categories":[1],"tags":[],"class_list":["post-5325","post","type-post","status-publish","format-standard","has-post-thumbnail","hentry","category-genel"],"yoast_head":"<!-- This site is optimized with the Yoast SEO plugin v27.4 - https:\/\/yoast.com\/product\/yoast-seo-wordpress\/ -->\n<title>\u00d6\u011frencilere sa\u011fl\u0131kl\u0131 beslenme e\u011fitimi verildi - Memurun Sesi<\/title>\n<meta name=\"robots\" content=\"index, follow, max-snippet:-1, max-image-preview:large, max-video-preview:-1\" \/>\n<link rel=\"canonical\" href=\"https:\/\/memurunsesi.net\/index.php\/2025\/04\/14\/ogrencilere-saglikli-beslenme-egitimi-verildi\/\" \/>\n<meta property=\"og:locale\" content=\"tr_TR\" \/>\n<meta property=\"og:type\" content=\"article\" \/>\n<meta property=\"og:title\" content=\"\u00d6\u011frencilere sa\u011fl\u0131kl\u0131 beslenme e\u011fitimi verildi - Memurun Sesi\" \/>\n<meta property=\"og:description\" content=\"Okulumda Sa\u011fl\u0131kl\u0131 Besleniyorum program\u0131 kapsam\u0131nda Demirkent TOK\u0130 \u0130lkokulu \u00f6\u011frencilerine sa\u011fl\u0131kl\u0131 beslenme e\u011fitimleri verildi. Diyetisyen \u00dczeyir Tu\u011fberk Kozan taraf\u0131ndan verilen e\u011fitimlerle \u00f6\u011frencilere sa\u011fl\u0131kl\u0131 beslenmenin \u00f6nemi anlat\u0131ld\u0131. Okulumda Sa\u011fl\u0131kl\u0131 Besleniyorum program\u0131 hakk\u0131nda bilgi veren Diyetisyen \u00dczeyir Tu\u011fberk Kozan \u015funlar\u0131 s\u00f6yledi: &#8220;Bu program ile \u00f6\u011frenci, \u00f6\u011fretmen, veli ve di\u011fer payda\u015flar\u0131n kat\u0131l\u0131m\u0131 ile program\u0131n etkinli\u011finin art\u0131r\u0131lmas\u0131 ama\u00e7lanmaktad\u0131r. Ayr\u0131ca, \u00f6\u011frencilerimizi [&hellip;]\" \/>\n<meta property=\"og:url\" content=\"https:\/\/memurunsesi.net\/index.php\/2025\/04\/14\/ogrencilere-saglikli-beslenme-egitimi-verildi\/\" \/>\n<meta property=\"og:site_name\" content=\"Memurun Sesi\" \/>\n<meta property=\"article:publisher\" content=\"https:\/\/www.facebook.com\/unipersen\/?locale=tr_TR\" \/>\n<meta property=\"article:published_time\" content=\"2025-04-14T16:05:51+00:00\" \/>\n<meta property=\"og:image\" content=\"https:\/\/memurunsesi.net\/wp-content\/uploads\/2025\/04\/AW432745_01.jpg\" \/>\n\t<meta property=\"og:image:width\" content=\"1197\" \/>\n\t<meta property=\"og:image:height\" content=\"951\" \/>\n\t<meta property=\"og:image:type\" content=\"image\/jpeg\" \/>\n<meta name=\"author\" content=\"Memurun Sesi Haber Merkezi\" \/>\n<meta name=\"twitter:card\" content=\"summary_large_image\" \/>\n<meta name=\"twitter:creator\" content=\"@unipersen\" \/>\n<meta name=\"twitter:site\" content=\"@unipersen\" \/>\n<meta name=\"twitter:label1\" content=\"Yazan:\" \/>\n\t<meta name=\"twitter:data1\" content=\"Memurun Sesi Haber Merkezi\" \/>\n\t<meta name=\"twitter:label2\" content=\"Tahmini okuma s\u00fcresi\" \/>\n\t<meta name=\"twitter:data2\" content=\"1 dakika\" \/>\n<script type=\"application\/ld+json\" class=\"yoast-schema-graph\">{\"@context\":\"https:\\\/\\\/schema.org\",\"@graph\":[{\"@type\":\"Article\",\"@id\":\"https:\\\/\\\/memurunsesi.net\\\/index.php\\\/2025\\\/04\\\/14\\\/ogrencilere-saglikli-beslenme-egitimi-verildi\\\/#article\",\"isPartOf\":{\"@id\":\"https:\\\/\\\/memurunsesi.net\\\/index.php\\\/2025\\\/04\\\/14\\\/ogrencilere-saglikli-beslenme-egitimi-verildi\\\/\"},\"author\":{\"name\":\"Memurun Sesi Haber Merkezi\",\"@id\":\"https:\\\/\\\/memurunsesi.net\\\/#\\\/schema\\\/person\\\/f21c2d73b89f6ee1d80b0a1803e38587\"},\"headline\":\"\u00d6\u011frencilere sa\u011fl\u0131kl\u0131 beslenme e\u011fitimi verildi\",\"datePublished\":\"2025-04-14T16:05:51+00:00\",\"mainEntityOfPage\":{\"@id\":\"https:\\\/\\\/memurunsesi.net\\\/index.php\\\/2025\\\/04\\\/14\\\/ogrencilere-saglikli-beslenme-egitimi-verildi\\\/\"},\"wordCount\":244,\"commentCount\":0,\"publisher\":{\"@id\":\"https:\\\/\\\/memurunsesi.net\\\/#organization\"},\"image\":{\"@id\":\"https:\\\/\\\/memurunsesi.net\\\/index.php\\\/2025\\\/04\\\/14\\\/ogrencilere-saglikli-beslenme-egitimi-verildi\\\/#primaryimage\"},\"thumbnailUrl\":\"https:\\\/\\\/memurunsesi.net\\\/wp-content\\\/uploads\\\/2025\\\/04\\\/AW432745_01.jpg\",\"inLanguage\":\"tr\",\"potentialAction\":[{\"@type\":\"CommentAction\",\"name\":\"Comment\",\"target\":[\"https:\\\/\\\/memurunsesi.net\\\/index.php\\\/2025\\\/04\\\/14\\\/ogrencilere-saglikli-beslenme-egitimi-verildi\\\/#respond\"]}]},{\"@type\":\"WebPage\",\"@id\":\"https:\\\/\\\/memurunsesi.net\\\/index.php\\\/2025\\\/04\\\/14\\\/ogrencilere-saglikli-beslenme-egitimi-verildi\\\/\",\"url\":\"https:\\\/\\\/memurunsesi.net\\\/index.php\\\/2025\\\/04\\\/14\\\/ogrencilere-saglikli-beslenme-egitimi-verildi\\\/\",\"name\":\"\u00d6\u011frencilere sa\u011fl\u0131kl\u0131 beslenme e\u011fitimi verildi - Memurun Sesi\",\"isPartOf\":{\"@id\":\"https:\\\/\\\/memurunsesi.net\\\/#website\"},\"primaryImageOfPage\":{\"@id\":\"https:\\\/\\\/memurunsesi.net\\\/index.php\\\/2025\\\/04\\\/14\\\/ogrencilere-saglikli-beslenme-egitimi-verildi\\\/#primaryimage\"},\"image\":{\"@id\":\"https:\\\/\\\/memurunsesi.net\\\/index.php\\\/2025\\\/04\\\/14\\\/ogrencilere-saglikli-beslenme-egitimi-verildi\\\/#primaryimage\"},\"thumbnailUrl\":\"https:\\\/\\\/memurunsesi.net\\\/wp-content\\\/uploads\\\/2025\\\/04\\\/AW432745_01.jpg\",\"datePublished\":\"2025-04-14T16:05:51+00:00\",\"breadcrumb\":{\"@id\":\"https:\\\/\\\/memurunsesi.net\\\/index.php\\\/2025\\\/04\\\/14\\\/ogrencilere-saglikli-beslenme-egitimi-verildi\\\/#breadcrumb\"},\"inLanguage\":\"tr\",\"potentialAction\":[{\"@type\":\"ReadAction\",\"target\":[\"https:\\\/\\\/memurunsesi.net\\\/index.php\\\/2025\\\/04\\\/14\\\/ogrencilere-saglikli-beslenme-egitimi-verildi\\\/\"]}]},{\"@type\":\"ImageObject\",\"inLanguage\":\"tr\",\"@id\":\"https:\\\/\\\/memurunsesi.net\\\/index.php\\\/2025\\\/04\\\/14\\\/ogrencilere-saglikli-beslenme-egitimi-verildi\\\/#primaryimage\",\"url\":\"https:\\\/\\\/memurunsesi.net\\\/wp-content\\\/uploads\\\/2025\\\/04\\\/AW432745_01.jpg\",\"contentUrl\":\"https:\\\/\\\/memurunsesi.net\\\/wp-content\\\/uploads\\\/2025\\\/04\\\/AW432745_01.jpg\",\"width\":1197,\"height\":951,\"caption\":\"\u00d6\u011eRENC\u0130LERE SA\u011eLIKLI BESLENME E\u011e\u0130T\u0130M\u0130 VER\u0130LD\u0130 (RECEP ONUR \u00c7ET\u0130N\\\/ERZ\u0130NCAN-\u0130HA) Okulumda Sa\u011fl\u0131kl\u0131 Besleniyorum program\u0131 kapsam\u0131nda Demirkent TOK\u0130 \u0130lkokulu \u00f6\u011frencilerine sa\u011fl\u0131kl\u0131 beslenme e\u011fitimleri verildi.\"},{\"@type\":\"BreadcrumbList\",\"@id\":\"https:\\\/\\\/memurunsesi.net\\\/index.php\\\/2025\\\/04\\\/14\\\/ogrencilere-saglikli-beslenme-egitimi-verildi\\\/#breadcrumb\",\"itemListElement\":[{\"@type\":\"ListItem\",\"position\":1,\"name\":\"Anasayfa\",\"item\":\"https:\\\/\\\/memurunsesi.net\\\/\"},{\"@type\":\"ListItem\",\"position\":2,\"name\":\"\u00d6\u011frencilere sa\u011fl\u0131kl\u0131 beslenme e\u011fitimi verildi\"}]},{\"@type\":\"WebSite\",\"@id\":\"https:\\\/\\\/memurunsesi.net\\\/#website\",\"url\":\"https:\\\/\\\/memurunsesi.net\\\/\",\"name\":\"Memurun Sesi\",\"description\":\"G\u00fcncel ve Do\u011fru Haber\",\"publisher\":{\"@id\":\"https:\\\/\\\/memurunsesi.net\\\/#organization\"},\"potentialAction\":[{\"@type\":\"SearchAction\",\"target\":{\"@type\":\"EntryPoint\",\"urlTemplate\":\"https:\\\/\\\/memurunsesi.net\\\/?s={search_term_string}\"},\"query-input\":{\"@type\":\"PropertyValueSpecification\",\"valueRequired\":true,\"valueName\":\"search_term_string\"}}],\"inLanguage\":\"tr\"},{\"@type\":\"Organization\",\"@id\":\"https:\\\/\\\/memurunsesi.net\\\/#organization\",\"name\":\"Memurun Sesi\",\"url\":\"https:\\\/\\\/memurunsesi.net\\\/\",\"logo\":{\"@type\":\"ImageObject\",\"inLanguage\":\"tr\",\"@id\":\"https:\\\/\\\/memurunsesi.net\\\/#\\\/schema\\\/logo\\\/image\\\/\",\"url\":\"https:\\\/\\\/memurunsesi.net\\\/wp-content\\\/uploads\\\/2025\\\/11\\\/cropped-MEMURUN-SESI.png\",\"contentUrl\":\"https:\\\/\\\/memurunsesi.net\\\/wp-content\\\/uploads\\\/2025\\\/11\\\/cropped-MEMURUN-SESI.png\",\"width\":238,\"height\":57,\"caption\":\"Memurun Sesi\"},\"image\":{\"@id\":\"https:\\\/\\\/memurunsesi.net\\\/#\\\/schema\\\/logo\\\/image\\\/\"},\"sameAs\":[\"https:\\\/\\\/www.facebook.com\\\/unipersen\\\/?locale=tr_TR\",\"https:\\\/\\\/x.com\\\/unipersen\"]},{\"@type\":\"Person\",\"@id\":\"https:\\\/\\\/memurunsesi.net\\\/#\\\/schema\\\/person\\\/f21c2d73b89f6ee1d80b0a1803e38587\",\"name\":\"Memurun Sesi Haber Merkezi\",\"image\":{\"@type\":\"ImageObject\",\"inLanguage\":\"tr\",\"@id\":\"https:\\\/\\\/secure.gravatar.com\\\/avatar\\\/6cf0505f452ee753f485014986fab09a434671d2b919ee76fc541025c5876a70?s=96&d=mm&r=g\",\"url\":\"https:\\\/\\\/secure.gravatar.com\\\/avatar\\\/6cf0505f452ee753f485014986fab09a434671d2b919ee76fc541025c5876a70?s=96&d=mm&r=g\",\"contentUrl\":\"https:\\\/\\\/secure.gravatar.com\\\/avatar\\\/6cf0505f452ee753f485014986fab09a434671d2b919ee76fc541025c5876a70?s=96&d=mm&r=g\",\"caption\":\"Memurun Sesi Haber Merkezi\"},\"sameAs\":[\"https:\\\/\\\/memurunsesi.net\"],\"url\":\"https:\\\/\\\/memurunsesi.net\\\/index.php\\\/author\\\/uniper\\\/\"}]}<\/script>\n<!-- \/ Yoast SEO plugin. -->","yoast_head_json":{"title":"\u00d6\u011frencilere sa\u011fl\u0131kl\u0131 beslenme e\u011fitimi verildi - Memurun Sesi","robots":{"index":"index","follow":"follow","max-snippet":"max-snippet:-1","max-image-preview":"max-image-preview:large","max-video-preview":"max-video-preview:-1"},"canonical":"https:\/\/memurunsesi.net\/index.php\/2025\/04\/14\/ogrencilere-saglikli-beslenme-egitimi-verildi\/","og_locale":"tr_TR","og_type":"article","og_title":"\u00d6\u011frencilere sa\u011fl\u0131kl\u0131 beslenme e\u011fitimi verildi - Memurun Sesi","og_description":"Okulumda Sa\u011fl\u0131kl\u0131 Besleniyorum program\u0131 kapsam\u0131nda Demirkent TOK\u0130 \u0130lkokulu \u00f6\u011frencilerine sa\u011fl\u0131kl\u0131 beslenme e\u011fitimleri verildi. Diyetisyen \u00dczeyir Tu\u011fberk Kozan taraf\u0131ndan verilen e\u011fitimlerle \u00f6\u011frencilere sa\u011fl\u0131kl\u0131 beslenmenin \u00f6nemi anlat\u0131ld\u0131. Okulumda Sa\u011fl\u0131kl\u0131 Besleniyorum program\u0131 hakk\u0131nda bilgi veren Diyetisyen \u00dczeyir Tu\u011fberk Kozan \u015funlar\u0131 s\u00f6yledi: &#8220;Bu program ile \u00f6\u011frenci, \u00f6\u011fretmen, veli ve di\u011fer payda\u015flar\u0131n kat\u0131l\u0131m\u0131 ile program\u0131n etkinli\u011finin art\u0131r\u0131lmas\u0131 ama\u00e7lanmaktad\u0131r. Ayr\u0131ca, \u00f6\u011frencilerimizi [&hellip;]","og_url":"https:\/\/memurunsesi.net\/index.php\/2025\/04\/14\/ogrencilere-saglikli-beslenme-egitimi-verildi\/","og_site_name":"Memurun Sesi","article_publisher":"https:\/\/www.facebook.com\/unipersen\/?locale=tr_TR","article_published_time":"2025-04-14T16:05:51+00:00","og_image":[{"width":1197,"height":951,"url":"https:\/\/memurunsesi.net\/wp-content\/uploads\/2025\/04\/AW432745_01.jpg","type":"image\/jpeg"}],"author":"Memurun Sesi Haber Merkezi","twitter_card":"summary_large_image","twitter_creator":"@unipersen","twitter_site":"@unipersen","twitter_misc":{"Yazan:":"Memurun Sesi Haber Merkezi","Tahmini okuma s\u00fcresi":"1 dakika"},"schema":{"@context":"https:\/\/schema.org","@graph":[{"@type":"Article","@id":"https:\/\/memurunsesi.net\/index.php\/2025\/04\/14\/ogrencilere-saglikli-beslenme-egitimi-verildi\/#article","isPartOf":{"@id":"https:\/\/memurunsesi.net\/index.php\/2025\/04\/14\/ogrencilere-saglikli-beslenme-egitimi-verildi\/"},"author":{"name":"Memurun Sesi Haber Merkezi","@id":"https:\/\/memurunsesi.net\/#\/schema\/person\/f21c2d73b89f6ee1d80b0a1803e38587"},"headline":"\u00d6\u011frencilere sa\u011fl\u0131kl\u0131 beslenme e\u011fitimi verildi","datePublished":"2025-04-14T16:05:51+00:00","mainEntityOfPage":{"@id":"https:\/\/memurunsesi.net\/index.php\/2025\/04\/14\/ogrencilere-saglikli-beslenme-egitimi-verildi\/"},"wordCount":244,"commentCount":0,"publisher":{"@id":"https:\/\/memurunsesi.net\/#organization"},"image":{"@id":"https:\/\/memurunsesi.net\/index.php\/2025\/04\/14\/ogrencilere-saglikli-beslenme-egitimi-verildi\/#primaryimage"},"thumbnailUrl":"https:\/\/memurunsesi.net\/wp-content\/uploads\/2025\/04\/AW432745_01.jpg","inLanguage":"tr","potentialAction":[{"@type":"CommentAction","name":"Comment","target":["https:\/\/memurunsesi.net\/index.php\/2025\/04\/14\/ogrencilere-saglikli-beslenme-egitimi-verildi\/#respond"]}]},{"@type":"WebPage","@id":"https:\/\/memurunsesi.net\/index.php\/2025\/04\/14\/ogrencilere-saglikli-beslenme-egitimi-verildi\/","url":"https:\/\/memurunsesi.net\/index.php\/2025\/04\/14\/ogrencilere-saglikli-beslenme-egitimi-verildi\/","name":"\u00d6\u011frencilere sa\u011fl\u0131kl\u0131 beslenme e\u011fitimi verildi - Memurun Sesi","isPartOf":{"@id":"https:\/\/memurunsesi.net\/#website"},"primaryImageOfPage":{"@id":"https:\/\/memurunsesi.net\/index.php\/2025\/04\/14\/ogrencilere-saglikli-beslenme-egitimi-verildi\/#primaryimage"},"image":{"@id":"https:\/\/memurunsesi.net\/index.php\/2025\/04\/14\/ogrencilere-saglikli-beslenme-egitimi-verildi\/#primaryimage"},"thumbnailUrl":"https:\/\/memurunsesi.net\/wp-content\/uploads\/2025\/04\/AW432745_01.jpg","datePublished":"2025-04-14T16:05:51+00:00","breadcrumb":{"@id":"https:\/\/memurunsesi.net\/index.php\/2025\/04\/14\/ogrencilere-saglikli-beslenme-egitimi-verildi\/#breadcrumb"},"inLanguage":"tr","potentialAction":[{"@type":"ReadAction","target":["https:\/\/memurunsesi.net\/index.php\/2025\/04\/14\/ogrencilere-saglikli-beslenme-egitimi-verildi\/"]}]},{"@type":"ImageObject","inLanguage":"tr","@id":"https:\/\/memurunsesi.net\/index.php\/2025\/04\/14\/ogrencilere-saglikli-beslenme-egitimi-verildi\/#primaryimage","url":"https:\/\/memurunsesi.net\/wp-content\/uploads\/2025\/04\/AW432745_01.jpg","contentUrl":"https:\/\/memurunsesi.net\/wp-content\/uploads\/2025\/04\/AW432745_01.jpg","width":1197,"height":951,"caption":"\u00d6\u011eRENC\u0130LERE SA\u011eLIKLI BESLENME E\u011e\u0130T\u0130M\u0130 VER\u0130LD\u0130 (RECEP ONUR \u00c7ET\u0130N\/ERZ\u0130NCAN-\u0130HA) Okulumda Sa\u011fl\u0131kl\u0131 Besleniyorum program\u0131 kapsam\u0131nda Demirkent TOK\u0130 \u0130lkokulu \u00f6\u011frencilerine sa\u011fl\u0131kl\u0131 beslenme e\u011fitimleri verildi."},{"@type":"BreadcrumbList","@id":"https:\/\/memurunsesi.net\/index.php\/2025\/04\/14\/ogrencilere-saglikli-beslenme-egitimi-verildi\/#breadcrumb","itemListElement":[{"@type":"ListItem","position":1,"name":"Anasayfa","item":"https:\/\/memurunsesi.net\/"},{"@type":"ListItem","position":2,"name":"\u00d6\u011frencilere sa\u011fl\u0131kl\u0131 beslenme e\u011fitimi verildi"}]},{"@type":"WebSite","@id":"https:\/\/memurunsesi.net\/#website","url":"https:\/\/memurunsesi.net\/","name":"Memurun Sesi","description":"G\u00fcncel ve Do\u011fru Haber","publisher":{"@id":"https:\/\/memurunsesi.net\/#organization"},"potentialAction":[{"@type":"SearchAction","target":{"@type":"EntryPoint","urlTemplate":"https:\/\/memurunsesi.net\/?s={search_term_string}"},"query-input":{"@type":"PropertyValueSpecification","valueRequired":true,"valueName":"search_term_string"}}],"inLanguage":"tr"},{"@type":"Organization","@id":"https:\/\/memurunsesi.net\/#organization","name":"Memurun Sesi","url":"https:\/\/memurunsesi.net\/","logo":{"@type":"ImageObject","inLanguage":"tr","@id":"https:\/\/memurunsesi.net\/#\/schema\/logo\/image\/","url":"https:\/\/memurunsesi.net\/wp-content\/uploads\/2025\/11\/cropped-MEMURUN-SESI.png","contentUrl":"https:\/\/memurunsesi.net\/wp-content\/uploads\/2025\/11\/cropped-MEMURUN-SESI.png","width":238,"height":57,"caption":"Memurun Sesi"},"image":{"@id":"https:\/\/memurunsesi.net\/#\/schema\/logo\/image\/"},"sameAs":["https:\/\/www.facebook.com\/unipersen\/?locale=tr_TR","https:\/\/x.com\/unipersen"]},{"@type":"Person","@id":"https:\/\/memurunsesi.net\/#\/schema\/person\/f21c2d73b89f6ee1d80b0a1803e38587","name":"Memurun Sesi Haber Merkezi","image":{"@type":"ImageObject","inLanguage":"tr","@id":"https:\/\/secure.gravatar.com\/avatar\/6cf0505f452ee753f485014986fab09a434671d2b919ee76fc541025c5876a70?s=96&d=mm&r=g","url":"https:\/\/secure.gravatar.com\/avatar\/6cf0505f452ee753f485014986fab09a434671d2b919ee76fc541025c5876a70?s=96&d=mm&r=g","contentUrl":"https:\/\/secure.gravatar.com\/avatar\/6cf0505f452ee753f485014986fab09a434671d2b919ee76fc541025c5876a70?s=96&d=mm&r=g","caption":"Memurun Sesi Haber Merkezi"},"sameAs":["https:\/\/memurunsesi.net"],"url":"https:\/\/memurunsesi.net\/index.php\/author\/uniper\/"}]}},"_links":{"self":[{"href":"https:\/\/memurunsesi.net\/index.php\/wp-json\/wp\/v2\/posts\/5325","targetHints":{"allow":["GET"]}}],"collection":[{"href":"https:\/\/memurunsesi.net\/index.php\/wp-json\/wp\/v2\/posts"}],"about":[{"href":"https:\/\/memurunsesi.net\/index.php\/wp-json\/wp\/v2\/types\/post"}],"author":[{"embeddable":true,"href":"https:\/\/memurunsesi.net\/index.php\/wp-json\/wp\/v2\/users\/1"}],"replies":[{"embeddable":true,"href":"https:\/\/memurunsesi.net\/index.php\/wp-json\/wp\/v2\/comments?post=5325"}],"version-history":[{"count":1,"href":"https:\/\/memurunsesi.net\/index.php\/wp-json\/wp\/v2\/posts\/5325\/revisions"}],"predecessor-version":[{"id":5327,"href":"https:\/\/memurunsesi.net\/index.php\/wp-json\/wp\/v2\/posts\/5325\/revisions\/5327"}],"wp:featuredmedia":[{"embeddable":true,"href":"https:\/\/memurunsesi.net\/index.php\/wp-json\/wp\/v2\/media\/5326"}],"wp:attachment":[{"href":"https:\/\/memurunsesi.net\/index.php\/wp-json\/wp\/v2\/media?parent=5325"}],"wp:term":[{"taxonomy":"category","embeddable":true,"href":"https:\/\/memurunsesi.net\/index.php\/wp-json\/wp\/v2\/categories?post=5325"},{"taxonomy":"post_tag","embeddable":true,"href":"https:\/\/memurunsesi.net\/index.php\/wp-json\/wp\/v2\/tags?post=5325"}],"curies":[{"name":"wp","href":"https:\/\/api.w.org\/{rel}","templated":true}]}}