{"id":5346,"date":"2025-04-14T19:19:47","date_gmt":"2025-04-14T16:19:47","guid":{"rendered":"https:\/\/memurunsesi.net\/?p=5346"},"modified":"2025-04-14T19:19:47","modified_gmt":"2025-04-14T16:19:47","slug":"otomobil-kagit-gibi-ezildi-3-olu-3-yarali","status":"publish","type":"post","link":"https:\/\/memurunsesi.net\/index.php\/2025\/04\/14\/otomobil-kagit-gibi-ezildi-3-olu-3-yarali\/","title":{"rendered":"Otomobil ka\u011f\u0131t gibi ezildi: 3 \u00f6l\u00fc, 3 yaral\u0131"},"content":{"rendered":"<p>  Kahramanmara\u015f\u2019\u0131n Af\u015fin il\u00e7esinde iki otomobilin \u00e7arp\u0131\u015fmas\u0131 sonucu meydana gelen kazada baba ile o\u011flunun da aralar\u0131nda bulundu\u011fu 3 ki\u015fi ya\u015fam\u0131n\u0131 yitirdi, 3 ki\u015fi de yaraland\u0131. Otomobilin ise adeta ka\u011f\u0131t gibi ezildi\u011fi g\u00f6r\u00fcld\u00fc.<br \/>\n  Kaza, Af\u015fin il\u00e7esi Alparslan Mahallesi Mehmet Akif Caddesi \u00fczerinde meydana geldi. Al\u0131nan bilgiye g\u00f6re, 46 AKD 883 plakal\u0131 otomobil ile hen\u00fcz plakas\u0131 belirlenemeyen bir ara\u00e7 kafa kafaya \u00e7arp\u0131\u015ft\u0131. Kazada plakas\u0131 belirlenemeyen otomobilde bulunan baba Durdu G\u00fcven olay yerinde, o\u011flu Mehmet ile ye\u011feni Bulut Candemir ise kald\u0131r\u0131ld\u0131klar\u0131 Af\u015fin Devlet Hastanesinde hayat\u0131n\u0131 kaybetti. Ka\u011f\u0131t gibi ezilen ara\u00e7tan \u00e7\u0131kart\u0131lan anne Senem ile di\u011fer ara\u00e7ta bulunan 2 ki\u015fi de yaral\u0131 olarak ambulanslarla hastanelere kald\u0131r\u0131ld\u0131. Kaza yerinde polis ekipleri inceleme yapt\u0131. <\/p>\n<p>14.04.2025                                <\/p>\n","protected":false},"excerpt":{"rendered":"<p>Kahramanmara\u015f\u2019\u0131n Af\u015fin il\u00e7esinde iki otomobilin \u00e7arp\u0131\u015fmas\u0131 sonucu meydana gelen kazada baba ile o\u011flunun da aralar\u0131nda bulundu\u011fu 3 ki\u015fi ya\u015fam\u0131n\u0131 yitirdi, 3 ki\u015fi de yaraland\u0131. Otomobilin ise adeta ka\u011f\u0131t gibi ezildi\u011fi g\u00f6r\u00fcld\u00fc. Kaza, Af\u015fin il\u00e7esi Alparslan Mahallesi Mehmet Akif Caddesi \u00fczerinde meydana geldi. Al\u0131nan bilgiye g\u00f6re, 46 AKD 883 plakal\u0131 otomobil ile hen\u00fcz plakas\u0131 belirlenemeyen bir [&hellip;]<\/p>\n","protected":false},"author":1,"featured_media":5347,"comment_status":"open","ping_status":"open","sticky":false,"template":"","format":"standard","meta":{"footnotes":""},"categories":[1],"tags":[],"class_list":["post-5346","post","type-post","status-publish","format-standard","has-post-thumbnail","hentry","category-genel"],"yoast_head":"<!-- This site is optimized with the Yoast SEO plugin v27.4 - https:\/\/yoast.com\/product\/yoast-seo-wordpress\/ -->\n<title>Otomobil ka\u011f\u0131t gibi ezildi: 3 \u00f6l\u00fc, 3 yaral\u0131 - Memurun Sesi<\/title>\n<meta name=\"robots\" content=\"index, follow, max-snippet:-1, max-image-preview:large, max-video-preview:-1\" \/>\n<link rel=\"canonical\" href=\"https:\/\/memurunsesi.net\/index.php\/2025\/04\/14\/otomobil-kagit-gibi-ezildi-3-olu-3-yarali\/\" \/>\n<meta property=\"og:locale\" content=\"tr_TR\" \/>\n<meta property=\"og:type\" content=\"article\" \/>\n<meta property=\"og:title\" content=\"Otomobil ka\u011f\u0131t gibi ezildi: 3 \u00f6l\u00fc, 3 yaral\u0131 - Memurun Sesi\" \/>\n<meta property=\"og:description\" content=\"Kahramanmara\u015f\u2019\u0131n Af\u015fin il\u00e7esinde iki otomobilin \u00e7arp\u0131\u015fmas\u0131 sonucu meydana gelen kazada baba ile o\u011flunun da aralar\u0131nda bulundu\u011fu 3 ki\u015fi ya\u015fam\u0131n\u0131 yitirdi, 3 ki\u015fi de yaraland\u0131. Otomobilin ise adeta ka\u011f\u0131t gibi ezildi\u011fi g\u00f6r\u00fcld\u00fc. Kaza, Af\u015fin il\u00e7esi Alparslan Mahallesi Mehmet Akif Caddesi \u00fczerinde meydana geldi. Al\u0131nan bilgiye g\u00f6re, 46 AKD 883 plakal\u0131 otomobil ile hen\u00fcz plakas\u0131 belirlenemeyen bir [&hellip;]\" \/>\n<meta property=\"og:url\" content=\"https:\/\/memurunsesi.net\/index.php\/2025\/04\/14\/otomobil-kagit-gibi-ezildi-3-olu-3-yarali\/\" \/>\n<meta property=\"og:site_name\" content=\"Memurun Sesi\" \/>\n<meta property=\"article:publisher\" content=\"https:\/\/www.facebook.com\/unipersen\/?locale=tr_TR\" \/>\n<meta property=\"article:published_time\" content=\"2025-04-14T16:19:47+00:00\" \/>\n<meta property=\"og:image\" content=\"https:\/\/memurunsesi.net\/wp-content\/uploads\/2025\/04\/AW432730_01.jpg\" \/>\n\t<meta property=\"og:image:width\" content=\"1600\" \/>\n\t<meta property=\"og:image:height\" content=\"1062\" \/>\n\t<meta property=\"og:image:type\" content=\"image\/jpeg\" \/>\n<meta name=\"author\" content=\"Memurun Sesi Haber Merkezi\" \/>\n<meta name=\"twitter:card\" content=\"summary_large_image\" \/>\n<meta name=\"twitter:creator\" content=\"@unipersen\" \/>\n<meta name=\"twitter:site\" content=\"@unipersen\" \/>\n<meta name=\"twitter:label1\" content=\"Yazan:\" \/>\n\t<meta name=\"twitter:data1\" content=\"Memurun Sesi Haber Merkezi\" \/>\n\t<meta name=\"twitter:label2\" content=\"Tahmini okuma s\u00fcresi\" \/>\n\t<meta name=\"twitter:data2\" content=\"1 dakika\" \/>\n<script type=\"application\/ld+json\" class=\"yoast-schema-graph\">{\"@context\":\"https:\\\/\\\/schema.org\",\"@graph\":[{\"@type\":\"Article\",\"@id\":\"https:\\\/\\\/memurunsesi.net\\\/index.php\\\/2025\\\/04\\\/14\\\/otomobil-kagit-gibi-ezildi-3-olu-3-yarali\\\/#article\",\"isPartOf\":{\"@id\":\"https:\\\/\\\/memurunsesi.net\\\/index.php\\\/2025\\\/04\\\/14\\\/otomobil-kagit-gibi-ezildi-3-olu-3-yarali\\\/\"},\"author\":{\"name\":\"Memurun Sesi Haber Merkezi\",\"@id\":\"https:\\\/\\\/memurunsesi.net\\\/#\\\/schema\\\/person\\\/f21c2d73b89f6ee1d80b0a1803e38587\"},\"headline\":\"Otomobil ka\u011f\u0131t gibi ezildi: 3 \u00f6l\u00fc, 3 yaral\u0131\",\"datePublished\":\"2025-04-14T16:19:47+00:00\",\"mainEntityOfPage\":{\"@id\":\"https:\\\/\\\/memurunsesi.net\\\/index.php\\\/2025\\\/04\\\/14\\\/otomobil-kagit-gibi-ezildi-3-olu-3-yarali\\\/\"},\"wordCount\":146,\"commentCount\":0,\"publisher\":{\"@id\":\"https:\\\/\\\/memurunsesi.net\\\/#organization\"},\"image\":{\"@id\":\"https:\\\/\\\/memurunsesi.net\\\/index.php\\\/2025\\\/04\\\/14\\\/otomobil-kagit-gibi-ezildi-3-olu-3-yarali\\\/#primaryimage\"},\"thumbnailUrl\":\"https:\\\/\\\/memurunsesi.net\\\/wp-content\\\/uploads\\\/2025\\\/04\\\/AW432730_01.jpg\",\"inLanguage\":\"tr\",\"potentialAction\":[{\"@type\":\"CommentAction\",\"name\":\"Comment\",\"target\":[\"https:\\\/\\\/memurunsesi.net\\\/index.php\\\/2025\\\/04\\\/14\\\/otomobil-kagit-gibi-ezildi-3-olu-3-yarali\\\/#respond\"]}]},{\"@type\":\"WebPage\",\"@id\":\"https:\\\/\\\/memurunsesi.net\\\/index.php\\\/2025\\\/04\\\/14\\\/otomobil-kagit-gibi-ezildi-3-olu-3-yarali\\\/\",\"url\":\"https:\\\/\\\/memurunsesi.net\\\/index.php\\\/2025\\\/04\\\/14\\\/otomobil-kagit-gibi-ezildi-3-olu-3-yarali\\\/\",\"name\":\"Otomobil ka\u011f\u0131t gibi ezildi: 3 \u00f6l\u00fc, 3 yaral\u0131 - Memurun Sesi\",\"isPartOf\":{\"@id\":\"https:\\\/\\\/memurunsesi.net\\\/#website\"},\"primaryImageOfPage\":{\"@id\":\"https:\\\/\\\/memurunsesi.net\\\/index.php\\\/2025\\\/04\\\/14\\\/otomobil-kagit-gibi-ezildi-3-olu-3-yarali\\\/#primaryimage\"},\"image\":{\"@id\":\"https:\\\/\\\/memurunsesi.net\\\/index.php\\\/2025\\\/04\\\/14\\\/otomobil-kagit-gibi-ezildi-3-olu-3-yarali\\\/#primaryimage\"},\"thumbnailUrl\":\"https:\\\/\\\/memurunsesi.net\\\/wp-content\\\/uploads\\\/2025\\\/04\\\/AW432730_01.jpg\",\"datePublished\":\"2025-04-14T16:19:47+00:00\",\"breadcrumb\":{\"@id\":\"https:\\\/\\\/memurunsesi.net\\\/index.php\\\/2025\\\/04\\\/14\\\/otomobil-kagit-gibi-ezildi-3-olu-3-yarali\\\/#breadcrumb\"},\"inLanguage\":\"tr\",\"potentialAction\":[{\"@type\":\"ReadAction\",\"target\":[\"https:\\\/\\\/memurunsesi.net\\\/index.php\\\/2025\\\/04\\\/14\\\/otomobil-kagit-gibi-ezildi-3-olu-3-yarali\\\/\"]}]},{\"@type\":\"ImageObject\",\"inLanguage\":\"tr\",\"@id\":\"https:\\\/\\\/memurunsesi.net\\\/index.php\\\/2025\\\/04\\\/14\\\/otomobil-kagit-gibi-ezildi-3-olu-3-yarali\\\/#primaryimage\",\"url\":\"https:\\\/\\\/memurunsesi.net\\\/wp-content\\\/uploads\\\/2025\\\/04\\\/AW432730_01.jpg\",\"contentUrl\":\"https:\\\/\\\/memurunsesi.net\\\/wp-content\\\/uploads\\\/2025\\\/04\\\/AW432730_01.jpg\",\"width\":1600,\"height\":1062,\"caption\":\"KAHRAMANMARA\u015e'IN AF\u015e\u0130N \u0130L\u00c7ES\u0130NDE \u0130K\u0130 OTOMOB\u0130L\u0130N \u00c7ARPI\u015eMASI SONUCU MEYDANA GELEN KAZADA, BABA \u0130LE O\u011eLUNUN DA ARALARINDA BULUNDU\u011eU 3 K\u0130\u015e\u0130 YA\u015eAMINI Y\u0130T\u0130RD\u0130 (FETHULLAH ARSLANTA\u015e\\\/KAHRAMANMARA\u015e-\u0130HA) Kahramanmara\u015f'\u0131n Af\u015fin il\u00e7esinde iki otomobilin \u00e7arp\u0131\u015fmas\u0131 sonucu meydana gelen kazada baba ile o\u011flunun da aralar\u0131nda bulundu\u011fu 3 ki\u015fi ya\u015fam\u0131n\u0131 yitirdi, 3 ki\u015fi de yaraland\u0131. Otomobilin ise adeta ka\u011f\u0131t gibi ezildi\u011fi g\u00f6r\u00fcld\u00fc.\"},{\"@type\":\"BreadcrumbList\",\"@id\":\"https:\\\/\\\/memurunsesi.net\\\/index.php\\\/2025\\\/04\\\/14\\\/otomobil-kagit-gibi-ezildi-3-olu-3-yarali\\\/#breadcrumb\",\"itemListElement\":[{\"@type\":\"ListItem\",\"position\":1,\"name\":\"Anasayfa\",\"item\":\"https:\\\/\\\/memurunsesi.net\\\/\"},{\"@type\":\"ListItem\",\"position\":2,\"name\":\"Otomobil ka\u011f\u0131t gibi ezildi: 3 \u00f6l\u00fc, 3 yaral\u0131\"}]},{\"@type\":\"WebSite\",\"@id\":\"https:\\\/\\\/memurunsesi.net\\\/#website\",\"url\":\"https:\\\/\\\/memurunsesi.net\\\/\",\"name\":\"Memurun Sesi\",\"description\":\"G\u00fcncel ve Do\u011fru Haber\",\"publisher\":{\"@id\":\"https:\\\/\\\/memurunsesi.net\\\/#organization\"},\"potentialAction\":[{\"@type\":\"SearchAction\",\"target\":{\"@type\":\"EntryPoint\",\"urlTemplate\":\"https:\\\/\\\/memurunsesi.net\\\/?s={search_term_string}\"},\"query-input\":{\"@type\":\"PropertyValueSpecification\",\"valueRequired\":true,\"valueName\":\"search_term_string\"}}],\"inLanguage\":\"tr\"},{\"@type\":\"Organization\",\"@id\":\"https:\\\/\\\/memurunsesi.net\\\/#organization\",\"name\":\"Memurun Sesi\",\"url\":\"https:\\\/\\\/memurunsesi.net\\\/\",\"logo\":{\"@type\":\"ImageObject\",\"inLanguage\":\"tr\",\"@id\":\"https:\\\/\\\/memurunsesi.net\\\/#\\\/schema\\\/logo\\\/image\\\/\",\"url\":\"https:\\\/\\\/memurunsesi.net\\\/wp-content\\\/uploads\\\/2025\\\/11\\\/cropped-MEMURUN-SESI.png\",\"contentUrl\":\"https:\\\/\\\/memurunsesi.net\\\/wp-content\\\/uploads\\\/2025\\\/11\\\/cropped-MEMURUN-SESI.png\",\"width\":238,\"height\":57,\"caption\":\"Memurun Sesi\"},\"image\":{\"@id\":\"https:\\\/\\\/memurunsesi.net\\\/#\\\/schema\\\/logo\\\/image\\\/\"},\"sameAs\":[\"https:\\\/\\\/www.facebook.com\\\/unipersen\\\/?locale=tr_TR\",\"https:\\\/\\\/x.com\\\/unipersen\"]},{\"@type\":\"Person\",\"@id\":\"https:\\\/\\\/memurunsesi.net\\\/#\\\/schema\\\/person\\\/f21c2d73b89f6ee1d80b0a1803e38587\",\"name\":\"Memurun Sesi Haber Merkezi\",\"image\":{\"@type\":\"ImageObject\",\"inLanguage\":\"tr\",\"@id\":\"https:\\\/\\\/secure.gravatar.com\\\/avatar\\\/6cf0505f452ee753f485014986fab09a434671d2b919ee76fc541025c5876a70?s=96&d=mm&r=g\",\"url\":\"https:\\\/\\\/secure.gravatar.com\\\/avatar\\\/6cf0505f452ee753f485014986fab09a434671d2b919ee76fc541025c5876a70?s=96&d=mm&r=g\",\"contentUrl\":\"https:\\\/\\\/secure.gravatar.com\\\/avatar\\\/6cf0505f452ee753f485014986fab09a434671d2b919ee76fc541025c5876a70?s=96&d=mm&r=g\",\"caption\":\"Memurun Sesi Haber Merkezi\"},\"sameAs\":[\"https:\\\/\\\/memurunsesi.net\"],\"url\":\"https:\\\/\\\/memurunsesi.net\\\/index.php\\\/author\\\/uniper\\\/\"}]}<\/script>\n<!-- \/ Yoast SEO plugin. -->","yoast_head_json":{"title":"Otomobil ka\u011f\u0131t gibi ezildi: 3 \u00f6l\u00fc, 3 yaral\u0131 - Memurun Sesi","robots":{"index":"index","follow":"follow","max-snippet":"max-snippet:-1","max-image-preview":"max-image-preview:large","max-video-preview":"max-video-preview:-1"},"canonical":"https:\/\/memurunsesi.net\/index.php\/2025\/04\/14\/otomobil-kagit-gibi-ezildi-3-olu-3-yarali\/","og_locale":"tr_TR","og_type":"article","og_title":"Otomobil ka\u011f\u0131t gibi ezildi: 3 \u00f6l\u00fc, 3 yaral\u0131 - Memurun Sesi","og_description":"Kahramanmara\u015f\u2019\u0131n Af\u015fin il\u00e7esinde iki otomobilin \u00e7arp\u0131\u015fmas\u0131 sonucu meydana gelen kazada baba ile o\u011flunun da aralar\u0131nda bulundu\u011fu 3 ki\u015fi ya\u015fam\u0131n\u0131 yitirdi, 3 ki\u015fi de yaraland\u0131. Otomobilin ise adeta ka\u011f\u0131t gibi ezildi\u011fi g\u00f6r\u00fcld\u00fc. Kaza, Af\u015fin il\u00e7esi Alparslan Mahallesi Mehmet Akif Caddesi \u00fczerinde meydana geldi. Al\u0131nan bilgiye g\u00f6re, 46 AKD 883 plakal\u0131 otomobil ile hen\u00fcz plakas\u0131 belirlenemeyen bir [&hellip;]","og_url":"https:\/\/memurunsesi.net\/index.php\/2025\/04\/14\/otomobil-kagit-gibi-ezildi-3-olu-3-yarali\/","og_site_name":"Memurun Sesi","article_publisher":"https:\/\/www.facebook.com\/unipersen\/?locale=tr_TR","article_published_time":"2025-04-14T16:19:47+00:00","og_image":[{"width":1600,"height":1062,"url":"https:\/\/memurunsesi.net\/wp-content\/uploads\/2025\/04\/AW432730_01.jpg","type":"image\/jpeg"}],"author":"Memurun Sesi Haber Merkezi","twitter_card":"summary_large_image","twitter_creator":"@unipersen","twitter_site":"@unipersen","twitter_misc":{"Yazan:":"Memurun Sesi Haber Merkezi","Tahmini okuma s\u00fcresi":"1 dakika"},"schema":{"@context":"https:\/\/schema.org","@graph":[{"@type":"Article","@id":"https:\/\/memurunsesi.net\/index.php\/2025\/04\/14\/otomobil-kagit-gibi-ezildi-3-olu-3-yarali\/#article","isPartOf":{"@id":"https:\/\/memurunsesi.net\/index.php\/2025\/04\/14\/otomobil-kagit-gibi-ezildi-3-olu-3-yarali\/"},"author":{"name":"Memurun Sesi Haber Merkezi","@id":"https:\/\/memurunsesi.net\/#\/schema\/person\/f21c2d73b89f6ee1d80b0a1803e38587"},"headline":"Otomobil ka\u011f\u0131t gibi ezildi: 3 \u00f6l\u00fc, 3 yaral\u0131","datePublished":"2025-04-14T16:19:47+00:00","mainEntityOfPage":{"@id":"https:\/\/memurunsesi.net\/index.php\/2025\/04\/14\/otomobil-kagit-gibi-ezildi-3-olu-3-yarali\/"},"wordCount":146,"commentCount":0,"publisher":{"@id":"https:\/\/memurunsesi.net\/#organization"},"image":{"@id":"https:\/\/memurunsesi.net\/index.php\/2025\/04\/14\/otomobil-kagit-gibi-ezildi-3-olu-3-yarali\/#primaryimage"},"thumbnailUrl":"https:\/\/memurunsesi.net\/wp-content\/uploads\/2025\/04\/AW432730_01.jpg","inLanguage":"tr","potentialAction":[{"@type":"CommentAction","name":"Comment","target":["https:\/\/memurunsesi.net\/index.php\/2025\/04\/14\/otomobil-kagit-gibi-ezildi-3-olu-3-yarali\/#respond"]}]},{"@type":"WebPage","@id":"https:\/\/memurunsesi.net\/index.php\/2025\/04\/14\/otomobil-kagit-gibi-ezildi-3-olu-3-yarali\/","url":"https:\/\/memurunsesi.net\/index.php\/2025\/04\/14\/otomobil-kagit-gibi-ezildi-3-olu-3-yarali\/","name":"Otomobil ka\u011f\u0131t gibi ezildi: 3 \u00f6l\u00fc, 3 yaral\u0131 - Memurun Sesi","isPartOf":{"@id":"https:\/\/memurunsesi.net\/#website"},"primaryImageOfPage":{"@id":"https:\/\/memurunsesi.net\/index.php\/2025\/04\/14\/otomobil-kagit-gibi-ezildi-3-olu-3-yarali\/#primaryimage"},"image":{"@id":"https:\/\/memurunsesi.net\/index.php\/2025\/04\/14\/otomobil-kagit-gibi-ezildi-3-olu-3-yarali\/#primaryimage"},"thumbnailUrl":"https:\/\/memurunsesi.net\/wp-content\/uploads\/2025\/04\/AW432730_01.jpg","datePublished":"2025-04-14T16:19:47+00:00","breadcrumb":{"@id":"https:\/\/memurunsesi.net\/index.php\/2025\/04\/14\/otomobil-kagit-gibi-ezildi-3-olu-3-yarali\/#breadcrumb"},"inLanguage":"tr","potentialAction":[{"@type":"ReadAction","target":["https:\/\/memurunsesi.net\/index.php\/2025\/04\/14\/otomobil-kagit-gibi-ezildi-3-olu-3-yarali\/"]}]},{"@type":"ImageObject","inLanguage":"tr","@id":"https:\/\/memurunsesi.net\/index.php\/2025\/04\/14\/otomobil-kagit-gibi-ezildi-3-olu-3-yarali\/#primaryimage","url":"https:\/\/memurunsesi.net\/wp-content\/uploads\/2025\/04\/AW432730_01.jpg","contentUrl":"https:\/\/memurunsesi.net\/wp-content\/uploads\/2025\/04\/AW432730_01.jpg","width":1600,"height":1062,"caption":"KAHRAMANMARA\u015e'IN AF\u015e\u0130N \u0130L\u00c7ES\u0130NDE \u0130K\u0130 OTOMOB\u0130L\u0130N \u00c7ARPI\u015eMASI SONUCU MEYDANA GELEN KAZADA, BABA \u0130LE O\u011eLUNUN DA ARALARINDA BULUNDU\u011eU 3 K\u0130\u015e\u0130 YA\u015eAMINI Y\u0130T\u0130RD\u0130 (FETHULLAH ARSLANTA\u015e\/KAHRAMANMARA\u015e-\u0130HA) Kahramanmara\u015f'\u0131n Af\u015fin il\u00e7esinde iki otomobilin \u00e7arp\u0131\u015fmas\u0131 sonucu meydana gelen kazada baba ile o\u011flunun da aralar\u0131nda bulundu\u011fu 3 ki\u015fi ya\u015fam\u0131n\u0131 yitirdi, 3 ki\u015fi de yaraland\u0131. Otomobilin ise adeta ka\u011f\u0131t gibi ezildi\u011fi g\u00f6r\u00fcld\u00fc."},{"@type":"BreadcrumbList","@id":"https:\/\/memurunsesi.net\/index.php\/2025\/04\/14\/otomobil-kagit-gibi-ezildi-3-olu-3-yarali\/#breadcrumb","itemListElement":[{"@type":"ListItem","position":1,"name":"Anasayfa","item":"https:\/\/memurunsesi.net\/"},{"@type":"ListItem","position":2,"name":"Otomobil ka\u011f\u0131t gibi ezildi: 3 \u00f6l\u00fc, 3 yaral\u0131"}]},{"@type":"WebSite","@id":"https:\/\/memurunsesi.net\/#website","url":"https:\/\/memurunsesi.net\/","name":"Memurun Sesi","description":"G\u00fcncel ve Do\u011fru Haber","publisher":{"@id":"https:\/\/memurunsesi.net\/#organization"},"potentialAction":[{"@type":"SearchAction","target":{"@type":"EntryPoint","urlTemplate":"https:\/\/memurunsesi.net\/?s={search_term_string}"},"query-input":{"@type":"PropertyValueSpecification","valueRequired":true,"valueName":"search_term_string"}}],"inLanguage":"tr"},{"@type":"Organization","@id":"https:\/\/memurunsesi.net\/#organization","name":"Memurun Sesi","url":"https:\/\/memurunsesi.net\/","logo":{"@type":"ImageObject","inLanguage":"tr","@id":"https:\/\/memurunsesi.net\/#\/schema\/logo\/image\/","url":"https:\/\/memurunsesi.net\/wp-content\/uploads\/2025\/11\/cropped-MEMURUN-SESI.png","contentUrl":"https:\/\/memurunsesi.net\/wp-content\/uploads\/2025\/11\/cropped-MEMURUN-SESI.png","width":238,"height":57,"caption":"Memurun Sesi"},"image":{"@id":"https:\/\/memurunsesi.net\/#\/schema\/logo\/image\/"},"sameAs":["https:\/\/www.facebook.com\/unipersen\/?locale=tr_TR","https:\/\/x.com\/unipersen"]},{"@type":"Person","@id":"https:\/\/memurunsesi.net\/#\/schema\/person\/f21c2d73b89f6ee1d80b0a1803e38587","name":"Memurun Sesi Haber Merkezi","image":{"@type":"ImageObject","inLanguage":"tr","@id":"https:\/\/secure.gravatar.com\/avatar\/6cf0505f452ee753f485014986fab09a434671d2b919ee76fc541025c5876a70?s=96&d=mm&r=g","url":"https:\/\/secure.gravatar.com\/avatar\/6cf0505f452ee753f485014986fab09a434671d2b919ee76fc541025c5876a70?s=96&d=mm&r=g","contentUrl":"https:\/\/secure.gravatar.com\/avatar\/6cf0505f452ee753f485014986fab09a434671d2b919ee76fc541025c5876a70?s=96&d=mm&r=g","caption":"Memurun Sesi Haber Merkezi"},"sameAs":["https:\/\/memurunsesi.net"],"url":"https:\/\/memurunsesi.net\/index.php\/author\/uniper\/"}]}},"_links":{"self":[{"href":"https:\/\/memurunsesi.net\/index.php\/wp-json\/wp\/v2\/posts\/5346","targetHints":{"allow":["GET"]}}],"collection":[{"href":"https:\/\/memurunsesi.net\/index.php\/wp-json\/wp\/v2\/posts"}],"about":[{"href":"https:\/\/memurunsesi.net\/index.php\/wp-json\/wp\/v2\/types\/post"}],"author":[{"embeddable":true,"href":"https:\/\/memurunsesi.net\/index.php\/wp-json\/wp\/v2\/users\/1"}],"replies":[{"embeddable":true,"href":"https:\/\/memurunsesi.net\/index.php\/wp-json\/wp\/v2\/comments?post=5346"}],"version-history":[{"count":1,"href":"https:\/\/memurunsesi.net\/index.php\/wp-json\/wp\/v2\/posts\/5346\/revisions"}],"predecessor-version":[{"id":5348,"href":"https:\/\/memurunsesi.net\/index.php\/wp-json\/wp\/v2\/posts\/5346\/revisions\/5348"}],"wp:featuredmedia":[{"embeddable":true,"href":"https:\/\/memurunsesi.net\/index.php\/wp-json\/wp\/v2\/media\/5347"}],"wp:attachment":[{"href":"https:\/\/memurunsesi.net\/index.php\/wp-json\/wp\/v2\/media?parent=5346"}],"wp:term":[{"taxonomy":"category","embeddable":true,"href":"https:\/\/memurunsesi.net\/index.php\/wp-json\/wp\/v2\/categories?post=5346"},{"taxonomy":"post_tag","embeddable":true,"href":"https:\/\/memurunsesi.net\/index.php\/wp-json\/wp\/v2\/tags?post=5346"}],"curies":[{"name":"wp","href":"https:\/\/api.w.org\/{rel}","templated":true}]}}