{"id":5349,"date":"2025-04-14T19:21:06","date_gmt":"2025-04-14T16:21:06","guid":{"rendered":"https:\/\/memurunsesi.net\/?p=5349"},"modified":"2025-04-14T19:21:06","modified_gmt":"2025-04-14T16:21:06","slug":"jandarma-ekipleri-son-bir-ayda-101-suphelinin-tutuklanmasini-sagladi","status":"publish","type":"post","link":"https:\/\/memurunsesi.net\/index.php\/2025\/04\/14\/jandarma-ekipleri-son-bir-ayda-101-suphelinin-tutuklanmasini-sagladi\/","title":{"rendered":"Jandarma ekipleri son bir ayda 101 \u015f\u00fcphelinin tutuklanmas\u0131n\u0131 sa\u011flad\u0131"},"content":{"rendered":"<p> Kahramanmara\u015f&#8217;ta jandarma ekipleri son bir ayda uyu\u015fturucu tacirlerinden, organize su\u00e7 \u00f6rg\u00fctlerine ter\u00f6rden \u00e7e\u015fitli su\u00e7lara kadar bir\u00e7ok operasyon yapt\u0131, yakalanan 101 \u015f\u00fcpheli tutukland\u0131.<br \/>\n  Al\u0131nan bilgiye g\u00f6re, \u0130l Jandarma Komutanl\u0131\u011f\u0131 ekipleri, kent genelinde ter\u00f6rden asayi\u015fe, organize su\u00e7lardan uyu\u015fturucuya kadar bir\u00e7ok alanda \u00e7al\u0131\u015fma yapt\u0131. Ter\u00f6r \u00f6rg\u00fctlerine y\u00f6nelik ger\u00e7ekle\u015ftirilen 14 ayr\u0131 operasyonda 7 \u015f\u00fcpheli yakaland\u0131. Ki\u015filere kar\u015f\u0131 i\u015flenen 145 su\u00e7un tamam\u0131 ayd\u0131nlat\u0131lan ekipler, ruhsats\u0131z silah ve ka\u00e7ak\u00e7\u0131l\u0131kla m\u00fccadele kapsam\u0131nda y\u00fcr\u00fct\u00fclen \u00e7al\u0131\u015fmalarda 9 tabanca ve 13 av t\u00fcfe\u011fi ele ge\u00e7irdi. Bu \u00e7al\u0131\u015fmalarda yakalanan 206 ki\u015fiden 66&#8217;s\u0131 tutukland\u0131. Jandarma ekiplerinin \u00e7al\u0131\u015fmas\u0131yla bir de organize su\u00e7 \u00e7etesi \u00e7\u00f6kertildi. \u00c7etenin 16 \u00fcyesi tutukland\u0131.<br \/>\n  Uyu\u015fturucu ticareti ve kullan\u0131m\u0131na y\u00f6nelik operasyonlarda ise 313 \u015f\u00fcpheli hakk\u0131nda yasal i\u015flem yap\u0131l\u0131rken, 19 \u015f\u00fcpheli tutukland\u0131, 12 ki\u015fi ise adli kontrol tedbiriyle serbest b\u0131rak\u0131ld\u0131. Operasyonlarda 60 gram Skunk, 110 gram esrar, 256 gram metamfetamin, 14 gram bonzai, 4 k\u00f6k kenevir bitkisi, 62 adet Captagon ve 250 adet Ecstasy hap ele ge\u00e7irildi. Siber su\u00e7larla m\u00fccadele kapsam\u0131nda 41 sosyal medya hesab\u0131 hakk\u0131nda da i\u015flem yap\u0131ld\u0131\u011f\u0131 \u00f6\u011frenildi.<br \/>\n  Ekiplerin yapt\u0131\u011f\u0131 ba\u015far\u0131l\u0131 operasyonlarla toplam 101 \u015f\u00fcphelinin tutukland\u0131\u011f\u0131 bildirildi. <\/p>\n<p>14.04.2025                           <\/p>\n","protected":false},"excerpt":{"rendered":"<p>Kahramanmara\u015f&#8217;ta jandarma ekipleri son bir ayda uyu\u015fturucu tacirlerinden, organize su\u00e7 \u00f6rg\u00fctlerine ter\u00f6rden \u00e7e\u015fitli su\u00e7lara kadar bir\u00e7ok operasyon yapt\u0131, yakalanan 101 \u015f\u00fcpheli tutukland\u0131. Al\u0131nan bilgiye g\u00f6re, \u0130l Jandarma Komutanl\u0131\u011f\u0131 ekipleri, kent genelinde ter\u00f6rden asayi\u015fe, organize su\u00e7lardan uyu\u015fturucuya kadar bir\u00e7ok alanda \u00e7al\u0131\u015fma yapt\u0131. Ter\u00f6r \u00f6rg\u00fctlerine y\u00f6nelik ger\u00e7ekle\u015ftirilen 14 ayr\u0131 operasyonda 7 \u015f\u00fcpheli yakaland\u0131. Ki\u015filere kar\u015f\u0131 i\u015flenen 145 [&hellip;]<\/p>\n","protected":false},"author":1,"featured_media":5350,"comment_status":"open","ping_status":"open","sticky":false,"template":"","format":"standard","meta":{"footnotes":""},"categories":[45],"tags":[],"class_list":["post-5349","post","type-post","status-publish","format-standard","has-post-thumbnail","hentry","category-gundem"],"yoast_head":"<!-- This site is optimized with the Yoast SEO plugin v27.4 - https:\/\/yoast.com\/product\/yoast-seo-wordpress\/ -->\n<title>Jandarma ekipleri son bir ayda 101 \u015f\u00fcphelinin tutuklanmas\u0131n\u0131 sa\u011flad\u0131 - Memurun Sesi<\/title>\n<meta name=\"robots\" content=\"index, follow, max-snippet:-1, max-image-preview:large, max-video-preview:-1\" \/>\n<link rel=\"canonical\" href=\"https:\/\/memurunsesi.net\/index.php\/2025\/04\/14\/jandarma-ekipleri-son-bir-ayda-101-suphelinin-tutuklanmasini-sagladi\/\" \/>\n<meta property=\"og:locale\" content=\"tr_TR\" \/>\n<meta property=\"og:type\" content=\"article\" \/>\n<meta property=\"og:title\" content=\"Jandarma ekipleri son bir ayda 101 \u015f\u00fcphelinin tutuklanmas\u0131n\u0131 sa\u011flad\u0131 - Memurun Sesi\" \/>\n<meta property=\"og:description\" content=\"Kahramanmara\u015f&#8217;ta jandarma ekipleri son bir ayda uyu\u015fturucu tacirlerinden, organize su\u00e7 \u00f6rg\u00fctlerine ter\u00f6rden \u00e7e\u015fitli su\u00e7lara kadar bir\u00e7ok operasyon yapt\u0131, yakalanan 101 \u015f\u00fcpheli tutukland\u0131. Al\u0131nan bilgiye g\u00f6re, \u0130l Jandarma Komutanl\u0131\u011f\u0131 ekipleri, kent genelinde ter\u00f6rden asayi\u015fe, organize su\u00e7lardan uyu\u015fturucuya kadar bir\u00e7ok alanda \u00e7al\u0131\u015fma yapt\u0131. Ter\u00f6r \u00f6rg\u00fctlerine y\u00f6nelik ger\u00e7ekle\u015ftirilen 14 ayr\u0131 operasyonda 7 \u015f\u00fcpheli yakaland\u0131. Ki\u015filere kar\u015f\u0131 i\u015flenen 145 [&hellip;]\" \/>\n<meta property=\"og:url\" content=\"https:\/\/memurunsesi.net\/index.php\/2025\/04\/14\/jandarma-ekipleri-son-bir-ayda-101-suphelinin-tutuklanmasini-sagladi\/\" \/>\n<meta property=\"og:site_name\" content=\"Memurun Sesi\" \/>\n<meta property=\"article:publisher\" content=\"https:\/\/www.facebook.com\/unipersen\/?locale=tr_TR\" \/>\n<meta property=\"article:published_time\" content=\"2025-04-14T16:21:06+00:00\" \/>\n<meta property=\"og:image\" content=\"https:\/\/memurunsesi.net\/wp-content\/uploads\/2025\/04\/AW432548_01.jpg\" \/>\n\t<meta property=\"og:image:width\" content=\"1600\" \/>\n\t<meta property=\"og:image:height\" content=\"1200\" \/>\n\t<meta property=\"og:image:type\" content=\"image\/jpeg\" \/>\n<meta name=\"author\" content=\"Memurun Sesi Haber Merkezi\" \/>\n<meta name=\"twitter:card\" content=\"summary_large_image\" \/>\n<meta name=\"twitter:creator\" content=\"@unipersen\" \/>\n<meta name=\"twitter:site\" content=\"@unipersen\" \/>\n<meta name=\"twitter:label1\" content=\"Yazan:\" \/>\n\t<meta name=\"twitter:data1\" content=\"Memurun Sesi Haber Merkezi\" \/>\n\t<meta name=\"twitter:label2\" content=\"Tahmini okuma s\u00fcresi\" \/>\n\t<meta name=\"twitter:data2\" content=\"1 dakika\" \/>\n<script type=\"application\/ld+json\" class=\"yoast-schema-graph\">{\"@context\":\"https:\\\/\\\/schema.org\",\"@graph\":[{\"@type\":\"Article\",\"@id\":\"https:\\\/\\\/memurunsesi.net\\\/index.php\\\/2025\\\/04\\\/14\\\/jandarma-ekipleri-son-bir-ayda-101-suphelinin-tutuklanmasini-sagladi\\\/#article\",\"isPartOf\":{\"@id\":\"https:\\\/\\\/memurunsesi.net\\\/index.php\\\/2025\\\/04\\\/14\\\/jandarma-ekipleri-son-bir-ayda-101-suphelinin-tutuklanmasini-sagladi\\\/\"},\"author\":{\"name\":\"Memurun Sesi Haber Merkezi\",\"@id\":\"https:\\\/\\\/memurunsesi.net\\\/#\\\/schema\\\/person\\\/f21c2d73b89f6ee1d80b0a1803e38587\"},\"headline\":\"Jandarma ekipleri son bir ayda 101 \u015f\u00fcphelinin tutuklanmas\u0131n\u0131 sa\u011flad\u0131\",\"datePublished\":\"2025-04-14T16:21:06+00:00\",\"mainEntityOfPage\":{\"@id\":\"https:\\\/\\\/memurunsesi.net\\\/index.php\\\/2025\\\/04\\\/14\\\/jandarma-ekipleri-son-bir-ayda-101-suphelinin-tutuklanmasini-sagladi\\\/\"},\"wordCount\":221,\"commentCount\":0,\"publisher\":{\"@id\":\"https:\\\/\\\/memurunsesi.net\\\/#organization\"},\"image\":{\"@id\":\"https:\\\/\\\/memurunsesi.net\\\/index.php\\\/2025\\\/04\\\/14\\\/jandarma-ekipleri-son-bir-ayda-101-suphelinin-tutuklanmasini-sagladi\\\/#primaryimage\"},\"thumbnailUrl\":\"https:\\\/\\\/memurunsesi.net\\\/wp-content\\\/uploads\\\/2025\\\/04\\\/AW432548_01.jpg\",\"articleSection\":[\"G\u00fcndem\"],\"inLanguage\":\"tr\",\"potentialAction\":[{\"@type\":\"CommentAction\",\"name\":\"Comment\",\"target\":[\"https:\\\/\\\/memurunsesi.net\\\/index.php\\\/2025\\\/04\\\/14\\\/jandarma-ekipleri-son-bir-ayda-101-suphelinin-tutuklanmasini-sagladi\\\/#respond\"]}]},{\"@type\":\"WebPage\",\"@id\":\"https:\\\/\\\/memurunsesi.net\\\/index.php\\\/2025\\\/04\\\/14\\\/jandarma-ekipleri-son-bir-ayda-101-suphelinin-tutuklanmasini-sagladi\\\/\",\"url\":\"https:\\\/\\\/memurunsesi.net\\\/index.php\\\/2025\\\/04\\\/14\\\/jandarma-ekipleri-son-bir-ayda-101-suphelinin-tutuklanmasini-sagladi\\\/\",\"name\":\"Jandarma ekipleri son bir ayda 101 \u015f\u00fcphelinin tutuklanmas\u0131n\u0131 sa\u011flad\u0131 - Memurun Sesi\",\"isPartOf\":{\"@id\":\"https:\\\/\\\/memurunsesi.net\\\/#website\"},\"primaryImageOfPage\":{\"@id\":\"https:\\\/\\\/memurunsesi.net\\\/index.php\\\/2025\\\/04\\\/14\\\/jandarma-ekipleri-son-bir-ayda-101-suphelinin-tutuklanmasini-sagladi\\\/#primaryimage\"},\"image\":{\"@id\":\"https:\\\/\\\/memurunsesi.net\\\/index.php\\\/2025\\\/04\\\/14\\\/jandarma-ekipleri-son-bir-ayda-101-suphelinin-tutuklanmasini-sagladi\\\/#primaryimage\"},\"thumbnailUrl\":\"https:\\\/\\\/memurunsesi.net\\\/wp-content\\\/uploads\\\/2025\\\/04\\\/AW432548_01.jpg\",\"datePublished\":\"2025-04-14T16:21:06+00:00\",\"breadcrumb\":{\"@id\":\"https:\\\/\\\/memurunsesi.net\\\/index.php\\\/2025\\\/04\\\/14\\\/jandarma-ekipleri-son-bir-ayda-101-suphelinin-tutuklanmasini-sagladi\\\/#breadcrumb\"},\"inLanguage\":\"tr\",\"potentialAction\":[{\"@type\":\"ReadAction\",\"target\":[\"https:\\\/\\\/memurunsesi.net\\\/index.php\\\/2025\\\/04\\\/14\\\/jandarma-ekipleri-son-bir-ayda-101-suphelinin-tutuklanmasini-sagladi\\\/\"]}]},{\"@type\":\"ImageObject\",\"inLanguage\":\"tr\",\"@id\":\"https:\\\/\\\/memurunsesi.net\\\/index.php\\\/2025\\\/04\\\/14\\\/jandarma-ekipleri-son-bir-ayda-101-suphelinin-tutuklanmasini-sagladi\\\/#primaryimage\",\"url\":\"https:\\\/\\\/memurunsesi.net\\\/wp-content\\\/uploads\\\/2025\\\/04\\\/AW432548_01.jpg\",\"contentUrl\":\"https:\\\/\\\/memurunsesi.net\\\/wp-content\\\/uploads\\\/2025\\\/04\\\/AW432548_01.jpg\",\"width\":1600,\"height\":1200,\"caption\":\"KAHRAMANMARA\u015e'TA JANDARMA EK\u0130PLER\u0130 SON B\u0130R AYDA UYU\u015eTURUCU TAC\u0130RLER\u0130NDEN, ORGAN\u0130ZE SU\u00c7 \u00d6RG\u00dcTLER\u0130NE TER\u00d6RDEN \u00c7E\u015e\u0130TL\u0130 SU\u00c7LARA KADAR B\u0130R\u00c7OK OPERASYON YAPTI, YAKALANAN 101 \u015e\u00dcPHEL\u0130 TUTUKLANDI. (HAL\u0130L ULUBEY\\\/KAHRAMANMARA\u015e-\u0130HA) Kahramanmara\u015f'ta jandarma ekipleri son bir ayda uyu\u015fturucu tacirlerinden, organize su\u00e7 \u00f6rg\u00fctlerine ter\u00f6rden \u00e7e\u015fitli su\u00e7lara kadar bir\u00e7ok operasyon yapt\u0131, yakalanan 101 \u015f\u00fcpheli tutukland\u0131.\"},{\"@type\":\"BreadcrumbList\",\"@id\":\"https:\\\/\\\/memurunsesi.net\\\/index.php\\\/2025\\\/04\\\/14\\\/jandarma-ekipleri-son-bir-ayda-101-suphelinin-tutuklanmasini-sagladi\\\/#breadcrumb\",\"itemListElement\":[{\"@type\":\"ListItem\",\"position\":1,\"name\":\"Anasayfa\",\"item\":\"https:\\\/\\\/memurunsesi.net\\\/\"},{\"@type\":\"ListItem\",\"position\":2,\"name\":\"Jandarma ekipleri son bir ayda 101 \u015f\u00fcphelinin tutuklanmas\u0131n\u0131 sa\u011flad\u0131\"}]},{\"@type\":\"WebSite\",\"@id\":\"https:\\\/\\\/memurunsesi.net\\\/#website\",\"url\":\"https:\\\/\\\/memurunsesi.net\\\/\",\"name\":\"Memurun Sesi\",\"description\":\"G\u00fcncel ve Do\u011fru Haber\",\"publisher\":{\"@id\":\"https:\\\/\\\/memurunsesi.net\\\/#organization\"},\"potentialAction\":[{\"@type\":\"SearchAction\",\"target\":{\"@type\":\"EntryPoint\",\"urlTemplate\":\"https:\\\/\\\/memurunsesi.net\\\/?s={search_term_string}\"},\"query-input\":{\"@type\":\"PropertyValueSpecification\",\"valueRequired\":true,\"valueName\":\"search_term_string\"}}],\"inLanguage\":\"tr\"},{\"@type\":\"Organization\",\"@id\":\"https:\\\/\\\/memurunsesi.net\\\/#organization\",\"name\":\"Memurun Sesi\",\"url\":\"https:\\\/\\\/memurunsesi.net\\\/\",\"logo\":{\"@type\":\"ImageObject\",\"inLanguage\":\"tr\",\"@id\":\"https:\\\/\\\/memurunsesi.net\\\/#\\\/schema\\\/logo\\\/image\\\/\",\"url\":\"https:\\\/\\\/memurunsesi.net\\\/wp-content\\\/uploads\\\/2025\\\/11\\\/cropped-MEMURUN-SESI.png\",\"contentUrl\":\"https:\\\/\\\/memurunsesi.net\\\/wp-content\\\/uploads\\\/2025\\\/11\\\/cropped-MEMURUN-SESI.png\",\"width\":238,\"height\":57,\"caption\":\"Memurun Sesi\"},\"image\":{\"@id\":\"https:\\\/\\\/memurunsesi.net\\\/#\\\/schema\\\/logo\\\/image\\\/\"},\"sameAs\":[\"https:\\\/\\\/www.facebook.com\\\/unipersen\\\/?locale=tr_TR\",\"https:\\\/\\\/x.com\\\/unipersen\"]},{\"@type\":\"Person\",\"@id\":\"https:\\\/\\\/memurunsesi.net\\\/#\\\/schema\\\/person\\\/f21c2d73b89f6ee1d80b0a1803e38587\",\"name\":\"Memurun Sesi Haber Merkezi\",\"image\":{\"@type\":\"ImageObject\",\"inLanguage\":\"tr\",\"@id\":\"https:\\\/\\\/secure.gravatar.com\\\/avatar\\\/6cf0505f452ee753f485014986fab09a434671d2b919ee76fc541025c5876a70?s=96&d=mm&r=g\",\"url\":\"https:\\\/\\\/secure.gravatar.com\\\/avatar\\\/6cf0505f452ee753f485014986fab09a434671d2b919ee76fc541025c5876a70?s=96&d=mm&r=g\",\"contentUrl\":\"https:\\\/\\\/secure.gravatar.com\\\/avatar\\\/6cf0505f452ee753f485014986fab09a434671d2b919ee76fc541025c5876a70?s=96&d=mm&r=g\",\"caption\":\"Memurun Sesi Haber Merkezi\"},\"sameAs\":[\"https:\\\/\\\/memurunsesi.net\"],\"url\":\"https:\\\/\\\/memurunsesi.net\\\/index.php\\\/author\\\/uniper\\\/\"}]}<\/script>\n<!-- \/ Yoast SEO plugin. -->","yoast_head_json":{"title":"Jandarma ekipleri son bir ayda 101 \u015f\u00fcphelinin tutuklanmas\u0131n\u0131 sa\u011flad\u0131 - Memurun Sesi","robots":{"index":"index","follow":"follow","max-snippet":"max-snippet:-1","max-image-preview":"max-image-preview:large","max-video-preview":"max-video-preview:-1"},"canonical":"https:\/\/memurunsesi.net\/index.php\/2025\/04\/14\/jandarma-ekipleri-son-bir-ayda-101-suphelinin-tutuklanmasini-sagladi\/","og_locale":"tr_TR","og_type":"article","og_title":"Jandarma ekipleri son bir ayda 101 \u015f\u00fcphelinin tutuklanmas\u0131n\u0131 sa\u011flad\u0131 - Memurun Sesi","og_description":"Kahramanmara\u015f&#8217;ta jandarma ekipleri son bir ayda uyu\u015fturucu tacirlerinden, organize su\u00e7 \u00f6rg\u00fctlerine ter\u00f6rden \u00e7e\u015fitli su\u00e7lara kadar bir\u00e7ok operasyon yapt\u0131, yakalanan 101 \u015f\u00fcpheli tutukland\u0131. Al\u0131nan bilgiye g\u00f6re, \u0130l Jandarma Komutanl\u0131\u011f\u0131 ekipleri, kent genelinde ter\u00f6rden asayi\u015fe, organize su\u00e7lardan uyu\u015fturucuya kadar bir\u00e7ok alanda \u00e7al\u0131\u015fma yapt\u0131. Ter\u00f6r \u00f6rg\u00fctlerine y\u00f6nelik ger\u00e7ekle\u015ftirilen 14 ayr\u0131 operasyonda 7 \u015f\u00fcpheli yakaland\u0131. Ki\u015filere kar\u015f\u0131 i\u015flenen 145 [&hellip;]","og_url":"https:\/\/memurunsesi.net\/index.php\/2025\/04\/14\/jandarma-ekipleri-son-bir-ayda-101-suphelinin-tutuklanmasini-sagladi\/","og_site_name":"Memurun Sesi","article_publisher":"https:\/\/www.facebook.com\/unipersen\/?locale=tr_TR","article_published_time":"2025-04-14T16:21:06+00:00","og_image":[{"width":1600,"height":1200,"url":"https:\/\/memurunsesi.net\/wp-content\/uploads\/2025\/04\/AW432548_01.jpg","type":"image\/jpeg"}],"author":"Memurun Sesi Haber Merkezi","twitter_card":"summary_large_image","twitter_creator":"@unipersen","twitter_site":"@unipersen","twitter_misc":{"Yazan:":"Memurun Sesi Haber Merkezi","Tahmini okuma s\u00fcresi":"1 dakika"},"schema":{"@context":"https:\/\/schema.org","@graph":[{"@type":"Article","@id":"https:\/\/memurunsesi.net\/index.php\/2025\/04\/14\/jandarma-ekipleri-son-bir-ayda-101-suphelinin-tutuklanmasini-sagladi\/#article","isPartOf":{"@id":"https:\/\/memurunsesi.net\/index.php\/2025\/04\/14\/jandarma-ekipleri-son-bir-ayda-101-suphelinin-tutuklanmasini-sagladi\/"},"author":{"name":"Memurun Sesi Haber Merkezi","@id":"https:\/\/memurunsesi.net\/#\/schema\/person\/f21c2d73b89f6ee1d80b0a1803e38587"},"headline":"Jandarma ekipleri son bir ayda 101 \u015f\u00fcphelinin tutuklanmas\u0131n\u0131 sa\u011flad\u0131","datePublished":"2025-04-14T16:21:06+00:00","mainEntityOfPage":{"@id":"https:\/\/memurunsesi.net\/index.php\/2025\/04\/14\/jandarma-ekipleri-son-bir-ayda-101-suphelinin-tutuklanmasini-sagladi\/"},"wordCount":221,"commentCount":0,"publisher":{"@id":"https:\/\/memurunsesi.net\/#organization"},"image":{"@id":"https:\/\/memurunsesi.net\/index.php\/2025\/04\/14\/jandarma-ekipleri-son-bir-ayda-101-suphelinin-tutuklanmasini-sagladi\/#primaryimage"},"thumbnailUrl":"https:\/\/memurunsesi.net\/wp-content\/uploads\/2025\/04\/AW432548_01.jpg","articleSection":["G\u00fcndem"],"inLanguage":"tr","potentialAction":[{"@type":"CommentAction","name":"Comment","target":["https:\/\/memurunsesi.net\/index.php\/2025\/04\/14\/jandarma-ekipleri-son-bir-ayda-101-suphelinin-tutuklanmasini-sagladi\/#respond"]}]},{"@type":"WebPage","@id":"https:\/\/memurunsesi.net\/index.php\/2025\/04\/14\/jandarma-ekipleri-son-bir-ayda-101-suphelinin-tutuklanmasini-sagladi\/","url":"https:\/\/memurunsesi.net\/index.php\/2025\/04\/14\/jandarma-ekipleri-son-bir-ayda-101-suphelinin-tutuklanmasini-sagladi\/","name":"Jandarma ekipleri son bir ayda 101 \u015f\u00fcphelinin tutuklanmas\u0131n\u0131 sa\u011flad\u0131 - Memurun Sesi","isPartOf":{"@id":"https:\/\/memurunsesi.net\/#website"},"primaryImageOfPage":{"@id":"https:\/\/memurunsesi.net\/index.php\/2025\/04\/14\/jandarma-ekipleri-son-bir-ayda-101-suphelinin-tutuklanmasini-sagladi\/#primaryimage"},"image":{"@id":"https:\/\/memurunsesi.net\/index.php\/2025\/04\/14\/jandarma-ekipleri-son-bir-ayda-101-suphelinin-tutuklanmasini-sagladi\/#primaryimage"},"thumbnailUrl":"https:\/\/memurunsesi.net\/wp-content\/uploads\/2025\/04\/AW432548_01.jpg","datePublished":"2025-04-14T16:21:06+00:00","breadcrumb":{"@id":"https:\/\/memurunsesi.net\/index.php\/2025\/04\/14\/jandarma-ekipleri-son-bir-ayda-101-suphelinin-tutuklanmasini-sagladi\/#breadcrumb"},"inLanguage":"tr","potentialAction":[{"@type":"ReadAction","target":["https:\/\/memurunsesi.net\/index.php\/2025\/04\/14\/jandarma-ekipleri-son-bir-ayda-101-suphelinin-tutuklanmasini-sagladi\/"]}]},{"@type":"ImageObject","inLanguage":"tr","@id":"https:\/\/memurunsesi.net\/index.php\/2025\/04\/14\/jandarma-ekipleri-son-bir-ayda-101-suphelinin-tutuklanmasini-sagladi\/#primaryimage","url":"https:\/\/memurunsesi.net\/wp-content\/uploads\/2025\/04\/AW432548_01.jpg","contentUrl":"https:\/\/memurunsesi.net\/wp-content\/uploads\/2025\/04\/AW432548_01.jpg","width":1600,"height":1200,"caption":"KAHRAMANMARA\u015e'TA JANDARMA EK\u0130PLER\u0130 SON B\u0130R AYDA UYU\u015eTURUCU TAC\u0130RLER\u0130NDEN, ORGAN\u0130ZE SU\u00c7 \u00d6RG\u00dcTLER\u0130NE TER\u00d6RDEN \u00c7E\u015e\u0130TL\u0130 SU\u00c7LARA KADAR B\u0130R\u00c7OK OPERASYON YAPTI, YAKALANAN 101 \u015e\u00dcPHEL\u0130 TUTUKLANDI. (HAL\u0130L ULUBEY\/KAHRAMANMARA\u015e-\u0130HA) Kahramanmara\u015f'ta jandarma ekipleri son bir ayda uyu\u015fturucu tacirlerinden, organize su\u00e7 \u00f6rg\u00fctlerine ter\u00f6rden \u00e7e\u015fitli su\u00e7lara kadar bir\u00e7ok operasyon yapt\u0131, yakalanan 101 \u015f\u00fcpheli tutukland\u0131."},{"@type":"BreadcrumbList","@id":"https:\/\/memurunsesi.net\/index.php\/2025\/04\/14\/jandarma-ekipleri-son-bir-ayda-101-suphelinin-tutuklanmasini-sagladi\/#breadcrumb","itemListElement":[{"@type":"ListItem","position":1,"name":"Anasayfa","item":"https:\/\/memurunsesi.net\/"},{"@type":"ListItem","position":2,"name":"Jandarma ekipleri son bir ayda 101 \u015f\u00fcphelinin tutuklanmas\u0131n\u0131 sa\u011flad\u0131"}]},{"@type":"WebSite","@id":"https:\/\/memurunsesi.net\/#website","url":"https:\/\/memurunsesi.net\/","name":"Memurun Sesi","description":"G\u00fcncel ve Do\u011fru Haber","publisher":{"@id":"https:\/\/memurunsesi.net\/#organization"},"potentialAction":[{"@type":"SearchAction","target":{"@type":"EntryPoint","urlTemplate":"https:\/\/memurunsesi.net\/?s={search_term_string}"},"query-input":{"@type":"PropertyValueSpecification","valueRequired":true,"valueName":"search_term_string"}}],"inLanguage":"tr"},{"@type":"Organization","@id":"https:\/\/memurunsesi.net\/#organization","name":"Memurun Sesi","url":"https:\/\/memurunsesi.net\/","logo":{"@type":"ImageObject","inLanguage":"tr","@id":"https:\/\/memurunsesi.net\/#\/schema\/logo\/image\/","url":"https:\/\/memurunsesi.net\/wp-content\/uploads\/2025\/11\/cropped-MEMURUN-SESI.png","contentUrl":"https:\/\/memurunsesi.net\/wp-content\/uploads\/2025\/11\/cropped-MEMURUN-SESI.png","width":238,"height":57,"caption":"Memurun Sesi"},"image":{"@id":"https:\/\/memurunsesi.net\/#\/schema\/logo\/image\/"},"sameAs":["https:\/\/www.facebook.com\/unipersen\/?locale=tr_TR","https:\/\/x.com\/unipersen"]},{"@type":"Person","@id":"https:\/\/memurunsesi.net\/#\/schema\/person\/f21c2d73b89f6ee1d80b0a1803e38587","name":"Memurun Sesi Haber Merkezi","image":{"@type":"ImageObject","inLanguage":"tr","@id":"https:\/\/secure.gravatar.com\/avatar\/6cf0505f452ee753f485014986fab09a434671d2b919ee76fc541025c5876a70?s=96&d=mm&r=g","url":"https:\/\/secure.gravatar.com\/avatar\/6cf0505f452ee753f485014986fab09a434671d2b919ee76fc541025c5876a70?s=96&d=mm&r=g","contentUrl":"https:\/\/secure.gravatar.com\/avatar\/6cf0505f452ee753f485014986fab09a434671d2b919ee76fc541025c5876a70?s=96&d=mm&r=g","caption":"Memurun Sesi Haber Merkezi"},"sameAs":["https:\/\/memurunsesi.net"],"url":"https:\/\/memurunsesi.net\/index.php\/author\/uniper\/"}]}},"_links":{"self":[{"href":"https:\/\/memurunsesi.net\/index.php\/wp-json\/wp\/v2\/posts\/5349","targetHints":{"allow":["GET"]}}],"collection":[{"href":"https:\/\/memurunsesi.net\/index.php\/wp-json\/wp\/v2\/posts"}],"about":[{"href":"https:\/\/memurunsesi.net\/index.php\/wp-json\/wp\/v2\/types\/post"}],"author":[{"embeddable":true,"href":"https:\/\/memurunsesi.net\/index.php\/wp-json\/wp\/v2\/users\/1"}],"replies":[{"embeddable":true,"href":"https:\/\/memurunsesi.net\/index.php\/wp-json\/wp\/v2\/comments?post=5349"}],"version-history":[{"count":1,"href":"https:\/\/memurunsesi.net\/index.php\/wp-json\/wp\/v2\/posts\/5349\/revisions"}],"predecessor-version":[{"id":5351,"href":"https:\/\/memurunsesi.net\/index.php\/wp-json\/wp\/v2\/posts\/5349\/revisions\/5351"}],"wp:featuredmedia":[{"embeddable":true,"href":"https:\/\/memurunsesi.net\/index.php\/wp-json\/wp\/v2\/media\/5350"}],"wp:attachment":[{"href":"https:\/\/memurunsesi.net\/index.php\/wp-json\/wp\/v2\/media?parent=5349"}],"wp:term":[{"taxonomy":"category","embeddable":true,"href":"https:\/\/memurunsesi.net\/index.php\/wp-json\/wp\/v2\/categories?post=5349"},{"taxonomy":"post_tag","embeddable":true,"href":"https:\/\/memurunsesi.net\/index.php\/wp-json\/wp\/v2\/tags?post=5349"}],"curies":[{"name":"wp","href":"https:\/\/api.w.org\/{rel}","templated":true}]}}