{"id":5367,"date":"2025-04-14T19:47:26","date_gmt":"2025-04-14T16:47:26","guid":{"rendered":"https:\/\/memurunsesi.net\/?p=5367"},"modified":"2025-04-14T19:47:26","modified_gmt":"2025-04-14T16:47:26","slug":"ataturkun-silvana-gelisine-ozel-resim-sergi-acildi","status":"publish","type":"post","link":"https:\/\/memurunsesi.net\/index.php\/2025\/04\/14\/ataturkun-silvana-gelisine-ozel-resim-sergi-acildi\/","title":{"rendered":"Atat\u00fcrk\u2019\u00fcn Silvan\u2019a geli\u015fine \u00f6zel resim sergi a\u00e7\u0131ld\u0131"},"content":{"rendered":"<p>   Gazi Mustafa Kemal Atat\u00fcrk\u2019\u00fcn Diyarbak\u0131r&#8217;\u0131n Silvan il\u00e7esine geli\u015finin y\u0131l d\u00f6n\u00fcm\u00fcnde Gen\u00e7lik Merkezi kursiyerleri ve \u00f6\u011fretmenleri taraf\u0131ndan resim sergisi a\u00e7\u0131ld\u0131.<br \/>\n  Gazi Mustafa Kemal Atat\u00fcrk&#8217;\u00fcn 27 \u015eubat 1916 tarihinde Edirne&#8217;den ayr\u0131larak, 14 Nisan 1916&#8217;da Silvan&#8217;a geli\u015finin 109. y\u0131l d\u00f6n\u00fcm\u00fc dolay\u0131s\u0131yla Atat\u00fcrk\u2019\u00fcn alt\u0131 ay boyunca ikamet etti\u011fi konakta Silvan Gen\u00e7lik Merkezi \u00f6\u011fretmenleri ve \u00f6\u011frencilerince haz\u0131rlanan resim sergisi a\u00e7\u0131ld\u0131. Serginin a\u00e7\u0131l\u0131\u015f\u0131nda konu\u015fan resim e\u011fitmeni Bilge Katar, &#8221;Bug\u00fcn 14 Nisan Atat\u00fcrk\u2019\u00fcn Silvan\u2019a geli\u015finin y\u0131l d\u00f6n\u00fcm\u00fc. Bu m\u00fcnasebetle Atat\u00fcrk Evi&#8217;nde bir sergi d\u00fczenledik. \u00d6\u011frencilerimizle birlikte ya\u011fl\u0131 boya, kara kalem ve sulu boya \u00e7al\u0131\u015fmalar d\u00fczenledik. Bu sergiyi Atat\u00fcrk Evi&#8217;nde d\u00fczenledi\u011fimiz i\u00e7in \u00f6\u011frencilerimizle birlikte \u00e7ok mutluyuz&#8221; dedi.<br \/>\n  Resim kursu \u00f6\u011frencisi Mine Orta\u00e7 ise, &#8221;Atat\u00fcrk\u2019\u00fcn evinde ben, hocam\u0131z ve arkada\u015flar\u0131m\u0131z ya\u011fl\u0131 boya olsun, kara kalem olsun, Ata&#8217;m\u0131z\u0131 g\u00fczel bir \u015fekilde \u00e7izdi\u011fimiz i\u00e7in kendimi gayet mutlu, huzurlu ve gurur verici hissediyorum&#8221; diye konu\u015ftu.<br \/>\n  Resim kursu \u00f6\u011frencisi Edanur Hayret de, &#8221;Bug\u00fcn 14 Nisan, Diyarbak\u0131r&#8217;\u0131n Silvan il\u00e7esine Ata&#8217;m\u0131z\u0131n geli\u015finin 109\u2019uncu y\u0131l d\u00f6n\u00fcm\u00fc. Burada tablolar yapt\u0131k. Hocalar\u0131m\u0131z e\u015fli\u011finde kara kalem, ya\u011fl\u0131 boya resimler yapt\u0131k. Ata&#8217;m\u0131z\u0131n geli\u015finin 109\u2019cu y\u0131l d\u00f6n\u00fcm\u00fcn\u00fc kutlamak istedik. \u00c7ok mutluyuz, \u00e7ok gururluyuz&#8221; \u015feklinde konu\u015ftu.<br \/>\n  Resim kursu \u00f6\u011frencisi Firdevs Ba\u015far, &#8221;Burada yapm\u0131\u015f oldu\u011fumuz ya\u011fl\u0131 boya, kara kalem, sulu boya \u00e7al\u0131\u015fmalar\u0131 sergilemek istedik. Gelen ziyaret\u00e7ilerin daha iyi g\u00f6rebilmesi ve Atat\u00fcrk\u2019\u00fcn alt\u0131 ay boyunca kalm\u0131\u015f oldu\u011fu bu evde ge\u00e7mi\u015f an\u0131lar\u0131n canlanmas\u0131 i\u00e7in bu sergileri buraya b\u0131rakt\u0131k. Eme\u011fi ge\u00e7en b\u00fct\u00fcn hocalar\u0131m\u0131za ve arkada\u015flar\u0131m\u0131za \u00e7ok te\u015fekk\u00fcr ederim. Burada yapm\u0131\u015f oldu\u011fum \u00e7al\u0131\u015fmadan \u00e7ok mutluyum, \u00e7ok gururluyum. Bu evde bu tablolar\u0131 sergilemek \u00e7ok heyecan verici bir his. Eme\u011fi ge\u00e7en arkada\u015flar\u0131ma ve hocalar\u0131ma te\u015fekk\u00fcr ederim&#8221; dedi.<br \/>\n  14 Nisan Atat\u00fcrk\u2019\u00fcn Silvan&#8217;a geli\u015fi dolay\u0131s\u0131yla Atat\u00fcrk&#8217;\u00fcn kalm\u0131\u015f oldu\u011fu ev ziyaret\u00e7i ak\u0131n\u0131na u\u011frad\u0131. <\/p>\n<p>14.04.2025                               <\/p>\n","protected":false},"excerpt":{"rendered":"<p>Gazi Mustafa Kemal Atat\u00fcrk\u2019\u00fcn Diyarbak\u0131r&#8217;\u0131n Silvan il\u00e7esine geli\u015finin y\u0131l d\u00f6n\u00fcm\u00fcnde Gen\u00e7lik Merkezi kursiyerleri ve \u00f6\u011fretmenleri taraf\u0131ndan resim sergisi a\u00e7\u0131ld\u0131. Gazi Mustafa Kemal Atat\u00fcrk&#8217;\u00fcn 27 \u015eubat 1916 tarihinde Edirne&#8217;den ayr\u0131larak, 14 Nisan 1916&#8217;da Silvan&#8217;a geli\u015finin 109. y\u0131l d\u00f6n\u00fcm\u00fc dolay\u0131s\u0131yla Atat\u00fcrk\u2019\u00fcn alt\u0131 ay boyunca ikamet etti\u011fi konakta Silvan Gen\u00e7lik Merkezi \u00f6\u011fretmenleri ve \u00f6\u011frencilerince haz\u0131rlanan resim sergisi a\u00e7\u0131ld\u0131. [&hellip;]<\/p>\n","protected":false},"author":1,"featured_media":5368,"comment_status":"open","ping_status":"open","sticky":false,"template":"","format":"standard","meta":{"footnotes":""},"categories":[1],"tags":[],"class_list":["post-5367","post","type-post","status-publish","format-standard","has-post-thumbnail","hentry","category-genel"],"yoast_head":"<!-- This site is optimized with the Yoast SEO plugin v27.4 - https:\/\/yoast.com\/product\/yoast-seo-wordpress\/ -->\n<title>Atat\u00fcrk\u2019\u00fcn Silvan\u2019a geli\u015fine \u00f6zel resim sergi a\u00e7\u0131ld\u0131 - Memurun Sesi<\/title>\n<meta name=\"robots\" content=\"index, follow, max-snippet:-1, max-image-preview:large, max-video-preview:-1\" \/>\n<link rel=\"canonical\" href=\"https:\/\/memurunsesi.net\/index.php\/2025\/04\/14\/ataturkun-silvana-gelisine-ozel-resim-sergi-acildi\/\" \/>\n<meta property=\"og:locale\" content=\"tr_TR\" \/>\n<meta property=\"og:type\" content=\"article\" \/>\n<meta property=\"og:title\" content=\"Atat\u00fcrk\u2019\u00fcn Silvan\u2019a geli\u015fine \u00f6zel resim sergi a\u00e7\u0131ld\u0131 - Memurun Sesi\" \/>\n<meta property=\"og:description\" content=\"Gazi Mustafa Kemal Atat\u00fcrk\u2019\u00fcn Diyarbak\u0131r&#8217;\u0131n Silvan il\u00e7esine geli\u015finin y\u0131l d\u00f6n\u00fcm\u00fcnde Gen\u00e7lik Merkezi kursiyerleri ve \u00f6\u011fretmenleri taraf\u0131ndan resim sergisi a\u00e7\u0131ld\u0131. Gazi Mustafa Kemal Atat\u00fcrk&#8217;\u00fcn 27 \u015eubat 1916 tarihinde Edirne&#8217;den ayr\u0131larak, 14 Nisan 1916&#8217;da Silvan&#8217;a geli\u015finin 109. y\u0131l d\u00f6n\u00fcm\u00fc dolay\u0131s\u0131yla Atat\u00fcrk\u2019\u00fcn alt\u0131 ay boyunca ikamet etti\u011fi konakta Silvan Gen\u00e7lik Merkezi \u00f6\u011fretmenleri ve \u00f6\u011frencilerince haz\u0131rlanan resim sergisi a\u00e7\u0131ld\u0131. [&hellip;]\" \/>\n<meta property=\"og:url\" content=\"https:\/\/memurunsesi.net\/index.php\/2025\/04\/14\/ataturkun-silvana-gelisine-ozel-resim-sergi-acildi\/\" \/>\n<meta property=\"og:site_name\" content=\"Memurun Sesi\" \/>\n<meta property=\"article:publisher\" content=\"https:\/\/www.facebook.com\/unipersen\/?locale=tr_TR\" \/>\n<meta property=\"article:published_time\" content=\"2025-04-14T16:47:26+00:00\" \/>\n<meta property=\"og:image\" content=\"https:\/\/memurunsesi.net\/wp-content\/uploads\/2025\/04\/AW432748_06-scaled.jpg\" \/>\n\t<meta property=\"og:image:width\" content=\"2560\" \/>\n\t<meta property=\"og:image:height\" content=\"1707\" \/>\n\t<meta property=\"og:image:type\" content=\"image\/jpeg\" \/>\n<meta name=\"author\" content=\"Memurun Sesi Haber Merkezi\" \/>\n<meta name=\"twitter:card\" content=\"summary_large_image\" \/>\n<meta name=\"twitter:creator\" content=\"@unipersen\" \/>\n<meta name=\"twitter:site\" content=\"@unipersen\" \/>\n<meta name=\"twitter:label1\" content=\"Yazan:\" \/>\n\t<meta name=\"twitter:data1\" content=\"Memurun Sesi Haber Merkezi\" \/>\n\t<meta name=\"twitter:label2\" content=\"Tahmini okuma s\u00fcresi\" \/>\n\t<meta name=\"twitter:data2\" content=\"1 dakika\" \/>\n<script type=\"application\/ld+json\" class=\"yoast-schema-graph\">{\"@context\":\"https:\\\/\\\/schema.org\",\"@graph\":[{\"@type\":\"Article\",\"@id\":\"https:\\\/\\\/memurunsesi.net\\\/index.php\\\/2025\\\/04\\\/14\\\/ataturkun-silvana-gelisine-ozel-resim-sergi-acildi\\\/#article\",\"isPartOf\":{\"@id\":\"https:\\\/\\\/memurunsesi.net\\\/index.php\\\/2025\\\/04\\\/14\\\/ataturkun-silvana-gelisine-ozel-resim-sergi-acildi\\\/\"},\"author\":{\"name\":\"Memurun Sesi Haber Merkezi\",\"@id\":\"https:\\\/\\\/memurunsesi.net\\\/#\\\/schema\\\/person\\\/f21c2d73b89f6ee1d80b0a1803e38587\"},\"headline\":\"Atat\u00fcrk\u2019\u00fcn Silvan\u2019a geli\u015fine \u00f6zel resim sergi a\u00e7\u0131ld\u0131\",\"datePublished\":\"2025-04-14T16:47:26+00:00\",\"mainEntityOfPage\":{\"@id\":\"https:\\\/\\\/memurunsesi.net\\\/index.php\\\/2025\\\/04\\\/14\\\/ataturkun-silvana-gelisine-ozel-resim-sergi-acildi\\\/\"},\"wordCount\":408,\"commentCount\":0,\"publisher\":{\"@id\":\"https:\\\/\\\/memurunsesi.net\\\/#organization\"},\"image\":{\"@id\":\"https:\\\/\\\/memurunsesi.net\\\/index.php\\\/2025\\\/04\\\/14\\\/ataturkun-silvana-gelisine-ozel-resim-sergi-acildi\\\/#primaryimage\"},\"thumbnailUrl\":\"https:\\\/\\\/memurunsesi.net\\\/wp-content\\\/uploads\\\/2025\\\/04\\\/AW432748_06-scaled.jpg\",\"inLanguage\":\"tr\",\"potentialAction\":[{\"@type\":\"CommentAction\",\"name\":\"Comment\",\"target\":[\"https:\\\/\\\/memurunsesi.net\\\/index.php\\\/2025\\\/04\\\/14\\\/ataturkun-silvana-gelisine-ozel-resim-sergi-acildi\\\/#respond\"]}]},{\"@type\":\"WebPage\",\"@id\":\"https:\\\/\\\/memurunsesi.net\\\/index.php\\\/2025\\\/04\\\/14\\\/ataturkun-silvana-gelisine-ozel-resim-sergi-acildi\\\/\",\"url\":\"https:\\\/\\\/memurunsesi.net\\\/index.php\\\/2025\\\/04\\\/14\\\/ataturkun-silvana-gelisine-ozel-resim-sergi-acildi\\\/\",\"name\":\"Atat\u00fcrk\u2019\u00fcn Silvan\u2019a geli\u015fine \u00f6zel resim sergi a\u00e7\u0131ld\u0131 - Memurun Sesi\",\"isPartOf\":{\"@id\":\"https:\\\/\\\/memurunsesi.net\\\/#website\"},\"primaryImageOfPage\":{\"@id\":\"https:\\\/\\\/memurunsesi.net\\\/index.php\\\/2025\\\/04\\\/14\\\/ataturkun-silvana-gelisine-ozel-resim-sergi-acildi\\\/#primaryimage\"},\"image\":{\"@id\":\"https:\\\/\\\/memurunsesi.net\\\/index.php\\\/2025\\\/04\\\/14\\\/ataturkun-silvana-gelisine-ozel-resim-sergi-acildi\\\/#primaryimage\"},\"thumbnailUrl\":\"https:\\\/\\\/memurunsesi.net\\\/wp-content\\\/uploads\\\/2025\\\/04\\\/AW432748_06-scaled.jpg\",\"datePublished\":\"2025-04-14T16:47:26+00:00\",\"breadcrumb\":{\"@id\":\"https:\\\/\\\/memurunsesi.net\\\/index.php\\\/2025\\\/04\\\/14\\\/ataturkun-silvana-gelisine-ozel-resim-sergi-acildi\\\/#breadcrumb\"},\"inLanguage\":\"tr\",\"potentialAction\":[{\"@type\":\"ReadAction\",\"target\":[\"https:\\\/\\\/memurunsesi.net\\\/index.php\\\/2025\\\/04\\\/14\\\/ataturkun-silvana-gelisine-ozel-resim-sergi-acildi\\\/\"]}]},{\"@type\":\"ImageObject\",\"inLanguage\":\"tr\",\"@id\":\"https:\\\/\\\/memurunsesi.net\\\/index.php\\\/2025\\\/04\\\/14\\\/ataturkun-silvana-gelisine-ozel-resim-sergi-acildi\\\/#primaryimage\",\"url\":\"https:\\\/\\\/memurunsesi.net\\\/wp-content\\\/uploads\\\/2025\\\/04\\\/AW432748_06-scaled.jpg\",\"contentUrl\":\"https:\\\/\\\/memurunsesi.net\\\/wp-content\\\/uploads\\\/2025\\\/04\\\/AW432748_06-scaled.jpg\",\"width\":2560,\"height\":1707,\"caption\":\"GAZ\u0130 MUSTAFA KEMAL ATAT\u00dcRK'\u00dcN S\u0130LVAN'A GEL\u0130\u015e\u0130N\u0130N YIL D\u00d6N\u00dcM\u00dcNDE GEN\u00c7L\u0130K MERKEZ\u0130 KURS\u0130YERLER\u0130 VE \u00d6\u011eRETMENLER\u0130 TARAFINDAN RES\u0130M SERG\u0130S\u0130 A\u00c7ILDI. (MEHMET TURGUT TAYUZAK\\\/D\u0130YARBAKIR-\u0130HA) Gazi Mustafa Kemal Atat\u00fcrk'\u00fcn Diyarbak\u0131r'\u0131n Silvan il\u00e7esine geli\u015finin y\u0131l d\u00f6n\u00fcm\u00fcnde Gen\u00e7lik Merkezi kursiyerleri ve \u00f6\u011fretmenleri taraf\u0131ndan resim sergisi a\u00e7\u0131ld\u0131.\"},{\"@type\":\"BreadcrumbList\",\"@id\":\"https:\\\/\\\/memurunsesi.net\\\/index.php\\\/2025\\\/04\\\/14\\\/ataturkun-silvana-gelisine-ozel-resim-sergi-acildi\\\/#breadcrumb\",\"itemListElement\":[{\"@type\":\"ListItem\",\"position\":1,\"name\":\"Anasayfa\",\"item\":\"https:\\\/\\\/memurunsesi.net\\\/\"},{\"@type\":\"ListItem\",\"position\":2,\"name\":\"Atat\u00fcrk\u2019\u00fcn Silvan\u2019a geli\u015fine \u00f6zel resim sergi a\u00e7\u0131ld\u0131\"}]},{\"@type\":\"WebSite\",\"@id\":\"https:\\\/\\\/memurunsesi.net\\\/#website\",\"url\":\"https:\\\/\\\/memurunsesi.net\\\/\",\"name\":\"Memurun Sesi\",\"description\":\"G\u00fcncel ve Do\u011fru Haber\",\"publisher\":{\"@id\":\"https:\\\/\\\/memurunsesi.net\\\/#organization\"},\"potentialAction\":[{\"@type\":\"SearchAction\",\"target\":{\"@type\":\"EntryPoint\",\"urlTemplate\":\"https:\\\/\\\/memurunsesi.net\\\/?s={search_term_string}\"},\"query-input\":{\"@type\":\"PropertyValueSpecification\",\"valueRequired\":true,\"valueName\":\"search_term_string\"}}],\"inLanguage\":\"tr\"},{\"@type\":\"Organization\",\"@id\":\"https:\\\/\\\/memurunsesi.net\\\/#organization\",\"name\":\"Memurun Sesi\",\"url\":\"https:\\\/\\\/memurunsesi.net\\\/\",\"logo\":{\"@type\":\"ImageObject\",\"inLanguage\":\"tr\",\"@id\":\"https:\\\/\\\/memurunsesi.net\\\/#\\\/schema\\\/logo\\\/image\\\/\",\"url\":\"https:\\\/\\\/memurunsesi.net\\\/wp-content\\\/uploads\\\/2025\\\/11\\\/cropped-MEMURUN-SESI.png\",\"contentUrl\":\"https:\\\/\\\/memurunsesi.net\\\/wp-content\\\/uploads\\\/2025\\\/11\\\/cropped-MEMURUN-SESI.png\",\"width\":238,\"height\":57,\"caption\":\"Memurun Sesi\"},\"image\":{\"@id\":\"https:\\\/\\\/memurunsesi.net\\\/#\\\/schema\\\/logo\\\/image\\\/\"},\"sameAs\":[\"https:\\\/\\\/www.facebook.com\\\/unipersen\\\/?locale=tr_TR\",\"https:\\\/\\\/x.com\\\/unipersen\"]},{\"@type\":\"Person\",\"@id\":\"https:\\\/\\\/memurunsesi.net\\\/#\\\/schema\\\/person\\\/f21c2d73b89f6ee1d80b0a1803e38587\",\"name\":\"Memurun Sesi Haber Merkezi\",\"image\":{\"@type\":\"ImageObject\",\"inLanguage\":\"tr\",\"@id\":\"https:\\\/\\\/secure.gravatar.com\\\/avatar\\\/6cf0505f452ee753f485014986fab09a434671d2b919ee76fc541025c5876a70?s=96&d=mm&r=g\",\"url\":\"https:\\\/\\\/secure.gravatar.com\\\/avatar\\\/6cf0505f452ee753f485014986fab09a434671d2b919ee76fc541025c5876a70?s=96&d=mm&r=g\",\"contentUrl\":\"https:\\\/\\\/secure.gravatar.com\\\/avatar\\\/6cf0505f452ee753f485014986fab09a434671d2b919ee76fc541025c5876a70?s=96&d=mm&r=g\",\"caption\":\"Memurun Sesi Haber Merkezi\"},\"sameAs\":[\"https:\\\/\\\/memurunsesi.net\"],\"url\":\"https:\\\/\\\/memurunsesi.net\\\/index.php\\\/author\\\/uniper\\\/\"}]}<\/script>\n<!-- \/ Yoast SEO plugin. -->","yoast_head_json":{"title":"Atat\u00fcrk\u2019\u00fcn Silvan\u2019a geli\u015fine \u00f6zel resim sergi a\u00e7\u0131ld\u0131 - Memurun Sesi","robots":{"index":"index","follow":"follow","max-snippet":"max-snippet:-1","max-image-preview":"max-image-preview:large","max-video-preview":"max-video-preview:-1"},"canonical":"https:\/\/memurunsesi.net\/index.php\/2025\/04\/14\/ataturkun-silvana-gelisine-ozel-resim-sergi-acildi\/","og_locale":"tr_TR","og_type":"article","og_title":"Atat\u00fcrk\u2019\u00fcn Silvan\u2019a geli\u015fine \u00f6zel resim sergi a\u00e7\u0131ld\u0131 - Memurun Sesi","og_description":"Gazi Mustafa Kemal Atat\u00fcrk\u2019\u00fcn Diyarbak\u0131r&#8217;\u0131n Silvan il\u00e7esine geli\u015finin y\u0131l d\u00f6n\u00fcm\u00fcnde Gen\u00e7lik Merkezi kursiyerleri ve \u00f6\u011fretmenleri taraf\u0131ndan resim sergisi a\u00e7\u0131ld\u0131. Gazi Mustafa Kemal Atat\u00fcrk&#8217;\u00fcn 27 \u015eubat 1916 tarihinde Edirne&#8217;den ayr\u0131larak, 14 Nisan 1916&#8217;da Silvan&#8217;a geli\u015finin 109. y\u0131l d\u00f6n\u00fcm\u00fc dolay\u0131s\u0131yla Atat\u00fcrk\u2019\u00fcn alt\u0131 ay boyunca ikamet etti\u011fi konakta Silvan Gen\u00e7lik Merkezi \u00f6\u011fretmenleri ve \u00f6\u011frencilerince haz\u0131rlanan resim sergisi a\u00e7\u0131ld\u0131. [&hellip;]","og_url":"https:\/\/memurunsesi.net\/index.php\/2025\/04\/14\/ataturkun-silvana-gelisine-ozel-resim-sergi-acildi\/","og_site_name":"Memurun Sesi","article_publisher":"https:\/\/www.facebook.com\/unipersen\/?locale=tr_TR","article_published_time":"2025-04-14T16:47:26+00:00","og_image":[{"width":2560,"height":1707,"url":"https:\/\/memurunsesi.net\/wp-content\/uploads\/2025\/04\/AW432748_06-scaled.jpg","type":"image\/jpeg"}],"author":"Memurun Sesi Haber Merkezi","twitter_card":"summary_large_image","twitter_creator":"@unipersen","twitter_site":"@unipersen","twitter_misc":{"Yazan:":"Memurun Sesi Haber Merkezi","Tahmini okuma s\u00fcresi":"1 dakika"},"schema":{"@context":"https:\/\/schema.org","@graph":[{"@type":"Article","@id":"https:\/\/memurunsesi.net\/index.php\/2025\/04\/14\/ataturkun-silvana-gelisine-ozel-resim-sergi-acildi\/#article","isPartOf":{"@id":"https:\/\/memurunsesi.net\/index.php\/2025\/04\/14\/ataturkun-silvana-gelisine-ozel-resim-sergi-acildi\/"},"author":{"name":"Memurun Sesi Haber Merkezi","@id":"https:\/\/memurunsesi.net\/#\/schema\/person\/f21c2d73b89f6ee1d80b0a1803e38587"},"headline":"Atat\u00fcrk\u2019\u00fcn Silvan\u2019a geli\u015fine \u00f6zel resim sergi a\u00e7\u0131ld\u0131","datePublished":"2025-04-14T16:47:26+00:00","mainEntityOfPage":{"@id":"https:\/\/memurunsesi.net\/index.php\/2025\/04\/14\/ataturkun-silvana-gelisine-ozel-resim-sergi-acildi\/"},"wordCount":408,"commentCount":0,"publisher":{"@id":"https:\/\/memurunsesi.net\/#organization"},"image":{"@id":"https:\/\/memurunsesi.net\/index.php\/2025\/04\/14\/ataturkun-silvana-gelisine-ozel-resim-sergi-acildi\/#primaryimage"},"thumbnailUrl":"https:\/\/memurunsesi.net\/wp-content\/uploads\/2025\/04\/AW432748_06-scaled.jpg","inLanguage":"tr","potentialAction":[{"@type":"CommentAction","name":"Comment","target":["https:\/\/memurunsesi.net\/index.php\/2025\/04\/14\/ataturkun-silvana-gelisine-ozel-resim-sergi-acildi\/#respond"]}]},{"@type":"WebPage","@id":"https:\/\/memurunsesi.net\/index.php\/2025\/04\/14\/ataturkun-silvana-gelisine-ozel-resim-sergi-acildi\/","url":"https:\/\/memurunsesi.net\/index.php\/2025\/04\/14\/ataturkun-silvana-gelisine-ozel-resim-sergi-acildi\/","name":"Atat\u00fcrk\u2019\u00fcn Silvan\u2019a geli\u015fine \u00f6zel resim sergi a\u00e7\u0131ld\u0131 - Memurun Sesi","isPartOf":{"@id":"https:\/\/memurunsesi.net\/#website"},"primaryImageOfPage":{"@id":"https:\/\/memurunsesi.net\/index.php\/2025\/04\/14\/ataturkun-silvana-gelisine-ozel-resim-sergi-acildi\/#primaryimage"},"image":{"@id":"https:\/\/memurunsesi.net\/index.php\/2025\/04\/14\/ataturkun-silvana-gelisine-ozel-resim-sergi-acildi\/#primaryimage"},"thumbnailUrl":"https:\/\/memurunsesi.net\/wp-content\/uploads\/2025\/04\/AW432748_06-scaled.jpg","datePublished":"2025-04-14T16:47:26+00:00","breadcrumb":{"@id":"https:\/\/memurunsesi.net\/index.php\/2025\/04\/14\/ataturkun-silvana-gelisine-ozel-resim-sergi-acildi\/#breadcrumb"},"inLanguage":"tr","potentialAction":[{"@type":"ReadAction","target":["https:\/\/memurunsesi.net\/index.php\/2025\/04\/14\/ataturkun-silvana-gelisine-ozel-resim-sergi-acildi\/"]}]},{"@type":"ImageObject","inLanguage":"tr","@id":"https:\/\/memurunsesi.net\/index.php\/2025\/04\/14\/ataturkun-silvana-gelisine-ozel-resim-sergi-acildi\/#primaryimage","url":"https:\/\/memurunsesi.net\/wp-content\/uploads\/2025\/04\/AW432748_06-scaled.jpg","contentUrl":"https:\/\/memurunsesi.net\/wp-content\/uploads\/2025\/04\/AW432748_06-scaled.jpg","width":2560,"height":1707,"caption":"GAZ\u0130 MUSTAFA KEMAL ATAT\u00dcRK'\u00dcN S\u0130LVAN'A GEL\u0130\u015e\u0130N\u0130N YIL D\u00d6N\u00dcM\u00dcNDE GEN\u00c7L\u0130K MERKEZ\u0130 KURS\u0130YERLER\u0130 VE \u00d6\u011eRETMENLER\u0130 TARAFINDAN RES\u0130M SERG\u0130S\u0130 A\u00c7ILDI. (MEHMET TURGUT TAYUZAK\/D\u0130YARBAKIR-\u0130HA) Gazi Mustafa Kemal Atat\u00fcrk'\u00fcn Diyarbak\u0131r'\u0131n Silvan il\u00e7esine geli\u015finin y\u0131l d\u00f6n\u00fcm\u00fcnde Gen\u00e7lik Merkezi kursiyerleri ve \u00f6\u011fretmenleri taraf\u0131ndan resim sergisi a\u00e7\u0131ld\u0131."},{"@type":"BreadcrumbList","@id":"https:\/\/memurunsesi.net\/index.php\/2025\/04\/14\/ataturkun-silvana-gelisine-ozel-resim-sergi-acildi\/#breadcrumb","itemListElement":[{"@type":"ListItem","position":1,"name":"Anasayfa","item":"https:\/\/memurunsesi.net\/"},{"@type":"ListItem","position":2,"name":"Atat\u00fcrk\u2019\u00fcn Silvan\u2019a geli\u015fine \u00f6zel resim sergi a\u00e7\u0131ld\u0131"}]},{"@type":"WebSite","@id":"https:\/\/memurunsesi.net\/#website","url":"https:\/\/memurunsesi.net\/","name":"Memurun Sesi","description":"G\u00fcncel ve Do\u011fru Haber","publisher":{"@id":"https:\/\/memurunsesi.net\/#organization"},"potentialAction":[{"@type":"SearchAction","target":{"@type":"EntryPoint","urlTemplate":"https:\/\/memurunsesi.net\/?s={search_term_string}"},"query-input":{"@type":"PropertyValueSpecification","valueRequired":true,"valueName":"search_term_string"}}],"inLanguage":"tr"},{"@type":"Organization","@id":"https:\/\/memurunsesi.net\/#organization","name":"Memurun Sesi","url":"https:\/\/memurunsesi.net\/","logo":{"@type":"ImageObject","inLanguage":"tr","@id":"https:\/\/memurunsesi.net\/#\/schema\/logo\/image\/","url":"https:\/\/memurunsesi.net\/wp-content\/uploads\/2025\/11\/cropped-MEMURUN-SESI.png","contentUrl":"https:\/\/memurunsesi.net\/wp-content\/uploads\/2025\/11\/cropped-MEMURUN-SESI.png","width":238,"height":57,"caption":"Memurun Sesi"},"image":{"@id":"https:\/\/memurunsesi.net\/#\/schema\/logo\/image\/"},"sameAs":["https:\/\/www.facebook.com\/unipersen\/?locale=tr_TR","https:\/\/x.com\/unipersen"]},{"@type":"Person","@id":"https:\/\/memurunsesi.net\/#\/schema\/person\/f21c2d73b89f6ee1d80b0a1803e38587","name":"Memurun Sesi Haber Merkezi","image":{"@type":"ImageObject","inLanguage":"tr","@id":"https:\/\/secure.gravatar.com\/avatar\/6cf0505f452ee753f485014986fab09a434671d2b919ee76fc541025c5876a70?s=96&d=mm&r=g","url":"https:\/\/secure.gravatar.com\/avatar\/6cf0505f452ee753f485014986fab09a434671d2b919ee76fc541025c5876a70?s=96&d=mm&r=g","contentUrl":"https:\/\/secure.gravatar.com\/avatar\/6cf0505f452ee753f485014986fab09a434671d2b919ee76fc541025c5876a70?s=96&d=mm&r=g","caption":"Memurun Sesi Haber Merkezi"},"sameAs":["https:\/\/memurunsesi.net"],"url":"https:\/\/memurunsesi.net\/index.php\/author\/uniper\/"}]}},"_links":{"self":[{"href":"https:\/\/memurunsesi.net\/index.php\/wp-json\/wp\/v2\/posts\/5367","targetHints":{"allow":["GET"]}}],"collection":[{"href":"https:\/\/memurunsesi.net\/index.php\/wp-json\/wp\/v2\/posts"}],"about":[{"href":"https:\/\/memurunsesi.net\/index.php\/wp-json\/wp\/v2\/types\/post"}],"author":[{"embeddable":true,"href":"https:\/\/memurunsesi.net\/index.php\/wp-json\/wp\/v2\/users\/1"}],"replies":[{"embeddable":true,"href":"https:\/\/memurunsesi.net\/index.php\/wp-json\/wp\/v2\/comments?post=5367"}],"version-history":[{"count":1,"href":"https:\/\/memurunsesi.net\/index.php\/wp-json\/wp\/v2\/posts\/5367\/revisions"}],"predecessor-version":[{"id":5369,"href":"https:\/\/memurunsesi.net\/index.php\/wp-json\/wp\/v2\/posts\/5367\/revisions\/5369"}],"wp:featuredmedia":[{"embeddable":true,"href":"https:\/\/memurunsesi.net\/index.php\/wp-json\/wp\/v2\/media\/5368"}],"wp:attachment":[{"href":"https:\/\/memurunsesi.net\/index.php\/wp-json\/wp\/v2\/media?parent=5367"}],"wp:term":[{"taxonomy":"category","embeddable":true,"href":"https:\/\/memurunsesi.net\/index.php\/wp-json\/wp\/v2\/categories?post=5367"},{"taxonomy":"post_tag","embeddable":true,"href":"https:\/\/memurunsesi.net\/index.php\/wp-json\/wp\/v2\/tags?post=5367"}],"curies":[{"name":"wp","href":"https:\/\/api.w.org\/{rel}","templated":true}]}}