{"id":5379,"date":"2025-04-15T07:33:52","date_gmt":"2025-04-15T04:33:52","guid":{"rendered":"https:\/\/memurunsesi.net\/?p=5379"},"modified":"2025-04-15T07:33:52","modified_gmt":"2025-04-15T04:33:52","slug":"baskan-kahveci-ortak-degerler-etrafinda-is-birliklerine-acigiz","status":"publish","type":"post","link":"https:\/\/memurunsesi.net\/index.php\/2025\/04\/15\/baskan-kahveci-ortak-degerler-etrafinda-is-birliklerine-acigiz\/","title":{"rendered":"Ba\u015fkan Kahveci: &#8220;Ortak de\u011ferler etraf\u0131nda i\u015f birliklerine a\u00e7\u0131\u011f\u0131z&#8221;"},"content":{"rendered":"<p>K\u00fctahya Belediye Ba\u015fkan\u0131 Ey\u00fcp Kahveci, Beylerbeyi Tarih Ara\u015ft\u0131rmalar\u0131 \u00c7evre ve E\u011fitim Derne\u011fi Ba\u015fkan\u0131 Hasan Fehmi Kinay ve Y\u00f6netim Kurulu \u00dcyesi \u0130lyas G\u00fcra\u011fa\u00e7\u2019\u0131 makam\u0131nda a\u011f\u0131rlad\u0131.<br \/>\n  Ziyaret kapsam\u0131nda ger\u00e7ekle\u015fen g\u00f6r\u00fc\u015fmede, derne\u011fin faaliyetleri ve projeleri hakk\u0131nda bilgi al\u0131nd\u0131. Ba\u015fkan Kahveci, K\u00fctahya\u2019n\u0131n tarihi, k\u00fclt\u00fcrel ve \u00e7evresel miras\u0131n\u0131 ya\u015fatmaya y\u00f6nelik her t\u00fcrl\u00fc i\u015f birli\u011fine a\u00e7\u0131k olduklar\u0131n\u0131 belirtti. Ziyaretten duydu\u011fu memnuniyeti dile getiren Ba\u015fkan Kahveci, &#8220;Nazik ziyaretleri ve de\u011ferli payla\u015f\u0131mlar\u0131 i\u00e7in Hasan Fehmi Kinay ve \u0130lyas G\u00fcra\u011fa\u00e7\u2019a te\u015fekk\u00fcr ediyorum&#8221; dedi. <\/p>\n<p>14.04.2025                              <\/p>\n","protected":false},"excerpt":{"rendered":"<p>K\u00fctahya Belediye Ba\u015fkan\u0131 Ey\u00fcp Kahveci, Beylerbeyi Tarih Ara\u015ft\u0131rmalar\u0131 \u00c7evre ve E\u011fitim Derne\u011fi Ba\u015fkan\u0131 Hasan Fehmi Kinay ve Y\u00f6netim Kurulu \u00dcyesi \u0130lyas G\u00fcra\u011fa\u00e7\u2019\u0131 makam\u0131nda a\u011f\u0131rlad\u0131. Ziyaret kapsam\u0131nda ger\u00e7ekle\u015fen g\u00f6r\u00fc\u015fmede, derne\u011fin faaliyetleri ve projeleri hakk\u0131nda bilgi al\u0131nd\u0131. Ba\u015fkan Kahveci, K\u00fctahya\u2019n\u0131n tarihi, k\u00fclt\u00fcrel ve \u00e7evresel miras\u0131n\u0131 ya\u015fatmaya y\u00f6nelik her t\u00fcrl\u00fc i\u015f birli\u011fine a\u00e7\u0131k olduklar\u0131n\u0131 belirtti. Ziyaretten duydu\u011fu memnuniyeti [&hellip;]<\/p>\n","protected":false},"author":1,"featured_media":5380,"comment_status":"open","ping_status":"open","sticky":false,"template":"","format":"standard","meta":{"footnotes":""},"categories":[45],"tags":[],"class_list":["post-5379","post","type-post","status-publish","format-standard","has-post-thumbnail","hentry","category-gundem"],"yoast_head":"<!-- This site is optimized with the Yoast SEO plugin v27.4 - https:\/\/yoast.com\/product\/yoast-seo-wordpress\/ -->\n<title>Ba\u015fkan Kahveci: &quot;Ortak de\u011ferler etraf\u0131nda i\u015f birliklerine a\u00e7\u0131\u011f\u0131z&quot; - Memurun Sesi<\/title>\n<meta name=\"robots\" content=\"index, follow, max-snippet:-1, max-image-preview:large, max-video-preview:-1\" \/>\n<link rel=\"canonical\" href=\"https:\/\/memurunsesi.net\/index.php\/2025\/04\/15\/baskan-kahveci-ortak-degerler-etrafinda-is-birliklerine-acigiz\/\" \/>\n<meta property=\"og:locale\" content=\"tr_TR\" \/>\n<meta property=\"og:type\" content=\"article\" \/>\n<meta property=\"og:title\" content=\"Ba\u015fkan Kahveci: &quot;Ortak de\u011ferler etraf\u0131nda i\u015f birliklerine a\u00e7\u0131\u011f\u0131z&quot; - Memurun Sesi\" \/>\n<meta property=\"og:description\" content=\"K\u00fctahya Belediye Ba\u015fkan\u0131 Ey\u00fcp Kahveci, Beylerbeyi Tarih Ara\u015ft\u0131rmalar\u0131 \u00c7evre ve E\u011fitim Derne\u011fi Ba\u015fkan\u0131 Hasan Fehmi Kinay ve Y\u00f6netim Kurulu \u00dcyesi \u0130lyas G\u00fcra\u011fa\u00e7\u2019\u0131 makam\u0131nda a\u011f\u0131rlad\u0131. Ziyaret kapsam\u0131nda ger\u00e7ekle\u015fen g\u00f6r\u00fc\u015fmede, derne\u011fin faaliyetleri ve projeleri hakk\u0131nda bilgi al\u0131nd\u0131. Ba\u015fkan Kahveci, K\u00fctahya\u2019n\u0131n tarihi, k\u00fclt\u00fcrel ve \u00e7evresel miras\u0131n\u0131 ya\u015fatmaya y\u00f6nelik her t\u00fcrl\u00fc i\u015f birli\u011fine a\u00e7\u0131k olduklar\u0131n\u0131 belirtti. Ziyaretten duydu\u011fu memnuniyeti [&hellip;]\" \/>\n<meta property=\"og:url\" content=\"https:\/\/memurunsesi.net\/index.php\/2025\/04\/15\/baskan-kahveci-ortak-degerler-etrafinda-is-birliklerine-acigiz\/\" \/>\n<meta property=\"og:site_name\" content=\"Memurun Sesi\" \/>\n<meta property=\"article:publisher\" content=\"https:\/\/www.facebook.com\/unipersen\/?locale=tr_TR\" \/>\n<meta property=\"article:published_time\" content=\"2025-04-15T04:33:52+00:00\" \/>\n<meta property=\"og:image\" content=\"https:\/\/memurunsesi.net\/wp-content\/uploads\/2025\/04\/AW432827_01.jpg\" \/>\n\t<meta property=\"og:image:width\" content=\"1158\" \/>\n\t<meta property=\"og:image:height\" content=\"617\" \/>\n\t<meta property=\"og:image:type\" content=\"image\/jpeg\" \/>\n<meta name=\"author\" content=\"Memurun Sesi Haber Merkezi\" \/>\n<meta name=\"twitter:card\" content=\"summary_large_image\" \/>\n<meta name=\"twitter:creator\" content=\"@unipersen\" \/>\n<meta name=\"twitter:site\" content=\"@unipersen\" \/>\n<meta name=\"twitter:label1\" content=\"Yazan:\" \/>\n\t<meta name=\"twitter:data1\" content=\"Memurun Sesi Haber Merkezi\" \/>\n\t<meta name=\"twitter:label2\" content=\"Tahmini okuma s\u00fcresi\" \/>\n\t<meta name=\"twitter:data2\" content=\"1 dakika\" \/>\n<script type=\"application\/ld+json\" class=\"yoast-schema-graph\">{\"@context\":\"https:\\\/\\\/schema.org\",\"@graph\":[{\"@type\":\"Article\",\"@id\":\"https:\\\/\\\/memurunsesi.net\\\/index.php\\\/2025\\\/04\\\/15\\\/baskan-kahveci-ortak-degerler-etrafinda-is-birliklerine-acigiz\\\/#article\",\"isPartOf\":{\"@id\":\"https:\\\/\\\/memurunsesi.net\\\/index.php\\\/2025\\\/04\\\/15\\\/baskan-kahveci-ortak-degerler-etrafinda-is-birliklerine-acigiz\\\/\"},\"author\":{\"name\":\"Memurun Sesi Haber Merkezi\",\"@id\":\"https:\\\/\\\/memurunsesi.net\\\/#\\\/schema\\\/person\\\/f21c2d73b89f6ee1d80b0a1803e38587\"},\"headline\":\"Ba\u015fkan Kahveci: &#8220;Ortak de\u011ferler etraf\u0131nda i\u015f birliklerine a\u00e7\u0131\u011f\u0131z&#8221;\",\"datePublished\":\"2025-04-15T04:33:52+00:00\",\"mainEntityOfPage\":{\"@id\":\"https:\\\/\\\/memurunsesi.net\\\/index.php\\\/2025\\\/04\\\/15\\\/baskan-kahveci-ortak-degerler-etrafinda-is-birliklerine-acigiz\\\/\"},\"wordCount\":130,\"commentCount\":0,\"publisher\":{\"@id\":\"https:\\\/\\\/memurunsesi.net\\\/#organization\"},\"image\":{\"@id\":\"https:\\\/\\\/memurunsesi.net\\\/index.php\\\/2025\\\/04\\\/15\\\/baskan-kahveci-ortak-degerler-etrafinda-is-birliklerine-acigiz\\\/#primaryimage\"},\"thumbnailUrl\":\"https:\\\/\\\/memurunsesi.net\\\/wp-content\\\/uploads\\\/2025\\\/04\\\/AW432827_01.jpg\",\"articleSection\":[\"G\u00fcndem\"],\"inLanguage\":\"tr\",\"potentialAction\":[{\"@type\":\"CommentAction\",\"name\":\"Comment\",\"target\":[\"https:\\\/\\\/memurunsesi.net\\\/index.php\\\/2025\\\/04\\\/15\\\/baskan-kahveci-ortak-degerler-etrafinda-is-birliklerine-acigiz\\\/#respond\"]}]},{\"@type\":\"WebPage\",\"@id\":\"https:\\\/\\\/memurunsesi.net\\\/index.php\\\/2025\\\/04\\\/15\\\/baskan-kahveci-ortak-degerler-etrafinda-is-birliklerine-acigiz\\\/\",\"url\":\"https:\\\/\\\/memurunsesi.net\\\/index.php\\\/2025\\\/04\\\/15\\\/baskan-kahveci-ortak-degerler-etrafinda-is-birliklerine-acigiz\\\/\",\"name\":\"Ba\u015fkan Kahveci: \\\"Ortak de\u011ferler etraf\u0131nda i\u015f birliklerine a\u00e7\u0131\u011f\u0131z\\\" - Memurun Sesi\",\"isPartOf\":{\"@id\":\"https:\\\/\\\/memurunsesi.net\\\/#website\"},\"primaryImageOfPage\":{\"@id\":\"https:\\\/\\\/memurunsesi.net\\\/index.php\\\/2025\\\/04\\\/15\\\/baskan-kahveci-ortak-degerler-etrafinda-is-birliklerine-acigiz\\\/#primaryimage\"},\"image\":{\"@id\":\"https:\\\/\\\/memurunsesi.net\\\/index.php\\\/2025\\\/04\\\/15\\\/baskan-kahveci-ortak-degerler-etrafinda-is-birliklerine-acigiz\\\/#primaryimage\"},\"thumbnailUrl\":\"https:\\\/\\\/memurunsesi.net\\\/wp-content\\\/uploads\\\/2025\\\/04\\\/AW432827_01.jpg\",\"datePublished\":\"2025-04-15T04:33:52+00:00\",\"breadcrumb\":{\"@id\":\"https:\\\/\\\/memurunsesi.net\\\/index.php\\\/2025\\\/04\\\/15\\\/baskan-kahveci-ortak-degerler-etrafinda-is-birliklerine-acigiz\\\/#breadcrumb\"},\"inLanguage\":\"tr\",\"potentialAction\":[{\"@type\":\"ReadAction\",\"target\":[\"https:\\\/\\\/memurunsesi.net\\\/index.php\\\/2025\\\/04\\\/15\\\/baskan-kahveci-ortak-degerler-etrafinda-is-birliklerine-acigiz\\\/\"]}]},{\"@type\":\"ImageObject\",\"inLanguage\":\"tr\",\"@id\":\"https:\\\/\\\/memurunsesi.net\\\/index.php\\\/2025\\\/04\\\/15\\\/baskan-kahveci-ortak-degerler-etrafinda-is-birliklerine-acigiz\\\/#primaryimage\",\"url\":\"https:\\\/\\\/memurunsesi.net\\\/wp-content\\\/uploads\\\/2025\\\/04\\\/AW432827_01.jpg\",\"contentUrl\":\"https:\\\/\\\/memurunsesi.net\\\/wp-content\\\/uploads\\\/2025\\\/04\\\/AW432827_01.jpg\",\"width\":1158,\"height\":617,\"caption\":\"K\u00dcTAHYA BELED\u0130YE BA\u015eKANI EY\u00dcP KAHVEC\u0130, BEYLERBEY\u0130 TAR\u0130H ARA\u015eTIRMALARI \u00c7EVRE VE E\u011e\u0130T\u0130M DERNE\u011e\u0130 BA\u015eKANI HASAN FEHM\u0130 K\u0130NAY VE Y\u00d6NET\u0130M KURULU \u00dcYES\u0130 \u0130LYAS G\u00dcRA\u011eA\u00c7'I MAKAMINDA A\u011eIRLADI. (H\u00dcSEY\u0130N EFE\\\/K\u00dcTAHYA-\u0130HA) K\u00fctahya Belediye Ba\u015fkan\u0131 Ey\u00fcp Kahveci, Beylerbeyi Tarih Ara\u015ft\u0131rmalar\u0131 \u00c7evre ve E\u011fitim Derne\u011fi Ba\u015fkan\u0131 Hasan Fehmi Kinay ve Y\u00f6netim Kurulu \u00dcyesi \u0130lyas G\u00fcra\u011fa\u00e7'\u0131 makam\u0131nda a\u011f\u0131rlad\u0131.\"},{\"@type\":\"BreadcrumbList\",\"@id\":\"https:\\\/\\\/memurunsesi.net\\\/index.php\\\/2025\\\/04\\\/15\\\/baskan-kahveci-ortak-degerler-etrafinda-is-birliklerine-acigiz\\\/#breadcrumb\",\"itemListElement\":[{\"@type\":\"ListItem\",\"position\":1,\"name\":\"Anasayfa\",\"item\":\"https:\\\/\\\/memurunsesi.net\\\/\"},{\"@type\":\"ListItem\",\"position\":2,\"name\":\"Ba\u015fkan Kahveci: &#8220;Ortak de\u011ferler etraf\u0131nda i\u015f birliklerine a\u00e7\u0131\u011f\u0131z&#8221;\"}]},{\"@type\":\"WebSite\",\"@id\":\"https:\\\/\\\/memurunsesi.net\\\/#website\",\"url\":\"https:\\\/\\\/memurunsesi.net\\\/\",\"name\":\"Memurun Sesi\",\"description\":\"G\u00fcncel ve Do\u011fru Haber\",\"publisher\":{\"@id\":\"https:\\\/\\\/memurunsesi.net\\\/#organization\"},\"potentialAction\":[{\"@type\":\"SearchAction\",\"target\":{\"@type\":\"EntryPoint\",\"urlTemplate\":\"https:\\\/\\\/memurunsesi.net\\\/?s={search_term_string}\"},\"query-input\":{\"@type\":\"PropertyValueSpecification\",\"valueRequired\":true,\"valueName\":\"search_term_string\"}}],\"inLanguage\":\"tr\"},{\"@type\":\"Organization\",\"@id\":\"https:\\\/\\\/memurunsesi.net\\\/#organization\",\"name\":\"Memurun Sesi\",\"url\":\"https:\\\/\\\/memurunsesi.net\\\/\",\"logo\":{\"@type\":\"ImageObject\",\"inLanguage\":\"tr\",\"@id\":\"https:\\\/\\\/memurunsesi.net\\\/#\\\/schema\\\/logo\\\/image\\\/\",\"url\":\"https:\\\/\\\/memurunsesi.net\\\/wp-content\\\/uploads\\\/2025\\\/11\\\/cropped-MEMURUN-SESI.png\",\"contentUrl\":\"https:\\\/\\\/memurunsesi.net\\\/wp-content\\\/uploads\\\/2025\\\/11\\\/cropped-MEMURUN-SESI.png\",\"width\":238,\"height\":57,\"caption\":\"Memurun Sesi\"},\"image\":{\"@id\":\"https:\\\/\\\/memurunsesi.net\\\/#\\\/schema\\\/logo\\\/image\\\/\"},\"sameAs\":[\"https:\\\/\\\/www.facebook.com\\\/unipersen\\\/?locale=tr_TR\",\"https:\\\/\\\/x.com\\\/unipersen\"]},{\"@type\":\"Person\",\"@id\":\"https:\\\/\\\/memurunsesi.net\\\/#\\\/schema\\\/person\\\/f21c2d73b89f6ee1d80b0a1803e38587\",\"name\":\"Memurun Sesi Haber Merkezi\",\"image\":{\"@type\":\"ImageObject\",\"inLanguage\":\"tr\",\"@id\":\"https:\\\/\\\/secure.gravatar.com\\\/avatar\\\/6cf0505f452ee753f485014986fab09a434671d2b919ee76fc541025c5876a70?s=96&d=mm&r=g\",\"url\":\"https:\\\/\\\/secure.gravatar.com\\\/avatar\\\/6cf0505f452ee753f485014986fab09a434671d2b919ee76fc541025c5876a70?s=96&d=mm&r=g\",\"contentUrl\":\"https:\\\/\\\/secure.gravatar.com\\\/avatar\\\/6cf0505f452ee753f485014986fab09a434671d2b919ee76fc541025c5876a70?s=96&d=mm&r=g\",\"caption\":\"Memurun Sesi Haber Merkezi\"},\"sameAs\":[\"https:\\\/\\\/memurunsesi.net\"],\"url\":\"https:\\\/\\\/memurunsesi.net\\\/index.php\\\/author\\\/uniper\\\/\"}]}<\/script>\n<!-- \/ Yoast SEO plugin. -->","yoast_head_json":{"title":"Ba\u015fkan Kahveci: \"Ortak de\u011ferler etraf\u0131nda i\u015f birliklerine a\u00e7\u0131\u011f\u0131z\" - Memurun Sesi","robots":{"index":"index","follow":"follow","max-snippet":"max-snippet:-1","max-image-preview":"max-image-preview:large","max-video-preview":"max-video-preview:-1"},"canonical":"https:\/\/memurunsesi.net\/index.php\/2025\/04\/15\/baskan-kahveci-ortak-degerler-etrafinda-is-birliklerine-acigiz\/","og_locale":"tr_TR","og_type":"article","og_title":"Ba\u015fkan Kahveci: \"Ortak de\u011ferler etraf\u0131nda i\u015f birliklerine a\u00e7\u0131\u011f\u0131z\" - Memurun Sesi","og_description":"K\u00fctahya Belediye Ba\u015fkan\u0131 Ey\u00fcp Kahveci, Beylerbeyi Tarih Ara\u015ft\u0131rmalar\u0131 \u00c7evre ve E\u011fitim Derne\u011fi Ba\u015fkan\u0131 Hasan Fehmi Kinay ve Y\u00f6netim Kurulu \u00dcyesi \u0130lyas G\u00fcra\u011fa\u00e7\u2019\u0131 makam\u0131nda a\u011f\u0131rlad\u0131. Ziyaret kapsam\u0131nda ger\u00e7ekle\u015fen g\u00f6r\u00fc\u015fmede, derne\u011fin faaliyetleri ve projeleri hakk\u0131nda bilgi al\u0131nd\u0131. Ba\u015fkan Kahveci, K\u00fctahya\u2019n\u0131n tarihi, k\u00fclt\u00fcrel ve \u00e7evresel miras\u0131n\u0131 ya\u015fatmaya y\u00f6nelik her t\u00fcrl\u00fc i\u015f birli\u011fine a\u00e7\u0131k olduklar\u0131n\u0131 belirtti. Ziyaretten duydu\u011fu memnuniyeti [&hellip;]","og_url":"https:\/\/memurunsesi.net\/index.php\/2025\/04\/15\/baskan-kahveci-ortak-degerler-etrafinda-is-birliklerine-acigiz\/","og_site_name":"Memurun Sesi","article_publisher":"https:\/\/www.facebook.com\/unipersen\/?locale=tr_TR","article_published_time":"2025-04-15T04:33:52+00:00","og_image":[{"width":1158,"height":617,"url":"https:\/\/memurunsesi.net\/wp-content\/uploads\/2025\/04\/AW432827_01.jpg","type":"image\/jpeg"}],"author":"Memurun Sesi Haber Merkezi","twitter_card":"summary_large_image","twitter_creator":"@unipersen","twitter_site":"@unipersen","twitter_misc":{"Yazan:":"Memurun Sesi Haber Merkezi","Tahmini okuma s\u00fcresi":"1 dakika"},"schema":{"@context":"https:\/\/schema.org","@graph":[{"@type":"Article","@id":"https:\/\/memurunsesi.net\/index.php\/2025\/04\/15\/baskan-kahveci-ortak-degerler-etrafinda-is-birliklerine-acigiz\/#article","isPartOf":{"@id":"https:\/\/memurunsesi.net\/index.php\/2025\/04\/15\/baskan-kahveci-ortak-degerler-etrafinda-is-birliklerine-acigiz\/"},"author":{"name":"Memurun Sesi Haber Merkezi","@id":"https:\/\/memurunsesi.net\/#\/schema\/person\/f21c2d73b89f6ee1d80b0a1803e38587"},"headline":"Ba\u015fkan Kahveci: &#8220;Ortak de\u011ferler etraf\u0131nda i\u015f birliklerine a\u00e7\u0131\u011f\u0131z&#8221;","datePublished":"2025-04-15T04:33:52+00:00","mainEntityOfPage":{"@id":"https:\/\/memurunsesi.net\/index.php\/2025\/04\/15\/baskan-kahveci-ortak-degerler-etrafinda-is-birliklerine-acigiz\/"},"wordCount":130,"commentCount":0,"publisher":{"@id":"https:\/\/memurunsesi.net\/#organization"},"image":{"@id":"https:\/\/memurunsesi.net\/index.php\/2025\/04\/15\/baskan-kahveci-ortak-degerler-etrafinda-is-birliklerine-acigiz\/#primaryimage"},"thumbnailUrl":"https:\/\/memurunsesi.net\/wp-content\/uploads\/2025\/04\/AW432827_01.jpg","articleSection":["G\u00fcndem"],"inLanguage":"tr","potentialAction":[{"@type":"CommentAction","name":"Comment","target":["https:\/\/memurunsesi.net\/index.php\/2025\/04\/15\/baskan-kahveci-ortak-degerler-etrafinda-is-birliklerine-acigiz\/#respond"]}]},{"@type":"WebPage","@id":"https:\/\/memurunsesi.net\/index.php\/2025\/04\/15\/baskan-kahveci-ortak-degerler-etrafinda-is-birliklerine-acigiz\/","url":"https:\/\/memurunsesi.net\/index.php\/2025\/04\/15\/baskan-kahveci-ortak-degerler-etrafinda-is-birliklerine-acigiz\/","name":"Ba\u015fkan Kahveci: \"Ortak de\u011ferler etraf\u0131nda i\u015f birliklerine a\u00e7\u0131\u011f\u0131z\" - Memurun Sesi","isPartOf":{"@id":"https:\/\/memurunsesi.net\/#website"},"primaryImageOfPage":{"@id":"https:\/\/memurunsesi.net\/index.php\/2025\/04\/15\/baskan-kahveci-ortak-degerler-etrafinda-is-birliklerine-acigiz\/#primaryimage"},"image":{"@id":"https:\/\/memurunsesi.net\/index.php\/2025\/04\/15\/baskan-kahveci-ortak-degerler-etrafinda-is-birliklerine-acigiz\/#primaryimage"},"thumbnailUrl":"https:\/\/memurunsesi.net\/wp-content\/uploads\/2025\/04\/AW432827_01.jpg","datePublished":"2025-04-15T04:33:52+00:00","breadcrumb":{"@id":"https:\/\/memurunsesi.net\/index.php\/2025\/04\/15\/baskan-kahveci-ortak-degerler-etrafinda-is-birliklerine-acigiz\/#breadcrumb"},"inLanguage":"tr","potentialAction":[{"@type":"ReadAction","target":["https:\/\/memurunsesi.net\/index.php\/2025\/04\/15\/baskan-kahveci-ortak-degerler-etrafinda-is-birliklerine-acigiz\/"]}]},{"@type":"ImageObject","inLanguage":"tr","@id":"https:\/\/memurunsesi.net\/index.php\/2025\/04\/15\/baskan-kahveci-ortak-degerler-etrafinda-is-birliklerine-acigiz\/#primaryimage","url":"https:\/\/memurunsesi.net\/wp-content\/uploads\/2025\/04\/AW432827_01.jpg","contentUrl":"https:\/\/memurunsesi.net\/wp-content\/uploads\/2025\/04\/AW432827_01.jpg","width":1158,"height":617,"caption":"K\u00dcTAHYA BELED\u0130YE BA\u015eKANI EY\u00dcP KAHVEC\u0130, BEYLERBEY\u0130 TAR\u0130H ARA\u015eTIRMALARI \u00c7EVRE VE E\u011e\u0130T\u0130M DERNE\u011e\u0130 BA\u015eKANI HASAN FEHM\u0130 K\u0130NAY VE Y\u00d6NET\u0130M KURULU \u00dcYES\u0130 \u0130LYAS G\u00dcRA\u011eA\u00c7'I MAKAMINDA A\u011eIRLADI. (H\u00dcSEY\u0130N EFE\/K\u00dcTAHYA-\u0130HA) K\u00fctahya Belediye Ba\u015fkan\u0131 Ey\u00fcp Kahveci, Beylerbeyi Tarih Ara\u015ft\u0131rmalar\u0131 \u00c7evre ve E\u011fitim Derne\u011fi Ba\u015fkan\u0131 Hasan Fehmi Kinay ve Y\u00f6netim Kurulu \u00dcyesi \u0130lyas G\u00fcra\u011fa\u00e7'\u0131 makam\u0131nda a\u011f\u0131rlad\u0131."},{"@type":"BreadcrumbList","@id":"https:\/\/memurunsesi.net\/index.php\/2025\/04\/15\/baskan-kahveci-ortak-degerler-etrafinda-is-birliklerine-acigiz\/#breadcrumb","itemListElement":[{"@type":"ListItem","position":1,"name":"Anasayfa","item":"https:\/\/memurunsesi.net\/"},{"@type":"ListItem","position":2,"name":"Ba\u015fkan Kahveci: &#8220;Ortak de\u011ferler etraf\u0131nda i\u015f birliklerine a\u00e7\u0131\u011f\u0131z&#8221;"}]},{"@type":"WebSite","@id":"https:\/\/memurunsesi.net\/#website","url":"https:\/\/memurunsesi.net\/","name":"Memurun Sesi","description":"G\u00fcncel ve Do\u011fru Haber","publisher":{"@id":"https:\/\/memurunsesi.net\/#organization"},"potentialAction":[{"@type":"SearchAction","target":{"@type":"EntryPoint","urlTemplate":"https:\/\/memurunsesi.net\/?s={search_term_string}"},"query-input":{"@type":"PropertyValueSpecification","valueRequired":true,"valueName":"search_term_string"}}],"inLanguage":"tr"},{"@type":"Organization","@id":"https:\/\/memurunsesi.net\/#organization","name":"Memurun Sesi","url":"https:\/\/memurunsesi.net\/","logo":{"@type":"ImageObject","inLanguage":"tr","@id":"https:\/\/memurunsesi.net\/#\/schema\/logo\/image\/","url":"https:\/\/memurunsesi.net\/wp-content\/uploads\/2025\/11\/cropped-MEMURUN-SESI.png","contentUrl":"https:\/\/memurunsesi.net\/wp-content\/uploads\/2025\/11\/cropped-MEMURUN-SESI.png","width":238,"height":57,"caption":"Memurun Sesi"},"image":{"@id":"https:\/\/memurunsesi.net\/#\/schema\/logo\/image\/"},"sameAs":["https:\/\/www.facebook.com\/unipersen\/?locale=tr_TR","https:\/\/x.com\/unipersen"]},{"@type":"Person","@id":"https:\/\/memurunsesi.net\/#\/schema\/person\/f21c2d73b89f6ee1d80b0a1803e38587","name":"Memurun Sesi Haber Merkezi","image":{"@type":"ImageObject","inLanguage":"tr","@id":"https:\/\/secure.gravatar.com\/avatar\/6cf0505f452ee753f485014986fab09a434671d2b919ee76fc541025c5876a70?s=96&d=mm&r=g","url":"https:\/\/secure.gravatar.com\/avatar\/6cf0505f452ee753f485014986fab09a434671d2b919ee76fc541025c5876a70?s=96&d=mm&r=g","contentUrl":"https:\/\/secure.gravatar.com\/avatar\/6cf0505f452ee753f485014986fab09a434671d2b919ee76fc541025c5876a70?s=96&d=mm&r=g","caption":"Memurun Sesi Haber Merkezi"},"sameAs":["https:\/\/memurunsesi.net"],"url":"https:\/\/memurunsesi.net\/index.php\/author\/uniper\/"}]}},"_links":{"self":[{"href":"https:\/\/memurunsesi.net\/index.php\/wp-json\/wp\/v2\/posts\/5379","targetHints":{"allow":["GET"]}}],"collection":[{"href":"https:\/\/memurunsesi.net\/index.php\/wp-json\/wp\/v2\/posts"}],"about":[{"href":"https:\/\/memurunsesi.net\/index.php\/wp-json\/wp\/v2\/types\/post"}],"author":[{"embeddable":true,"href":"https:\/\/memurunsesi.net\/index.php\/wp-json\/wp\/v2\/users\/1"}],"replies":[{"embeddable":true,"href":"https:\/\/memurunsesi.net\/index.php\/wp-json\/wp\/v2\/comments?post=5379"}],"version-history":[{"count":1,"href":"https:\/\/memurunsesi.net\/index.php\/wp-json\/wp\/v2\/posts\/5379\/revisions"}],"predecessor-version":[{"id":5381,"href":"https:\/\/memurunsesi.net\/index.php\/wp-json\/wp\/v2\/posts\/5379\/revisions\/5381"}],"wp:featuredmedia":[{"embeddable":true,"href":"https:\/\/memurunsesi.net\/index.php\/wp-json\/wp\/v2\/media\/5380"}],"wp:attachment":[{"href":"https:\/\/memurunsesi.net\/index.php\/wp-json\/wp\/v2\/media?parent=5379"}],"wp:term":[{"taxonomy":"category","embeddable":true,"href":"https:\/\/memurunsesi.net\/index.php\/wp-json\/wp\/v2\/categories?post=5379"},{"taxonomy":"post_tag","embeddable":true,"href":"https:\/\/memurunsesi.net\/index.php\/wp-json\/wp\/v2\/tags?post=5379"}],"curies":[{"name":"wp","href":"https:\/\/api.w.org\/{rel}","templated":true}]}}