{"id":5390,"date":"2025-04-16T08:29:47","date_gmt":"2025-04-16T05:29:47","guid":{"rendered":"https:\/\/memurunsesi.net\/?p=5390"},"modified":"2025-04-16T08:29:47","modified_gmt":"2025-04-16T05:29:47","slug":"erzincanda-iki-kizil-geyik-havadan-goruntulendi","status":"publish","type":"post","link":"https:\/\/memurunsesi.net\/index.php\/2025\/04\/16\/erzincanda-iki-kizil-geyik-havadan-goruntulendi\/","title":{"rendered":"Erzincan\u2019da iki k\u0131z\u0131l geyik havadan g\u00f6r\u00fcnt\u00fclendi"},"content":{"rendered":"<p>  Erzincan\u2019\u0131n Refahiye il\u00e7esinde do\u011fada beslenen iki k\u0131z\u0131l geyik havadan g\u00f6r\u00fcnt\u00fclendi.<br \/>\nErzincan\u2019da Munzur Da\u011flar\u0131nda pop\u00fclasyonu artan da\u011f ke\u00e7isi ve \u00e7engel boynuzlu (\u015famua) ke\u00e7iye s\u0131k\u00e7a rastlan\u0131rken \u00e7ok nadir g\u00f6r\u00fclen k\u0131z\u0131l geyikler Refahiye\u2019de do\u011fa foto\u011fraf\u00e7\u0131s\u0131 Baki Kaya taraf\u0131ndan drone ile g\u00f6r\u00fcnt\u00fclendi.<br \/>\n  Giresun taraf\u0131ndan geldikleri tahmin edilen iki k\u0131z\u0131l geyi\u011fin, Refahiye k\u0131rsal\u0131nda ilk kez g\u00f6r\u00fcnt\u00fclendikleri belirtildi.<br \/>\n  Do\u011fada beslenen k\u0131z\u0131l geyikler bir s\u00fcre sonra g\u00f6zden kayboldular. <\/p>\n<p>16.04.2025                              <\/p>\n","protected":false},"excerpt":{"rendered":"<p>Erzincan\u2019\u0131n Refahiye il\u00e7esinde do\u011fada beslenen iki k\u0131z\u0131l geyik havadan g\u00f6r\u00fcnt\u00fclendi. Erzincan\u2019da Munzur Da\u011flar\u0131nda pop\u00fclasyonu artan da\u011f ke\u00e7isi ve \u00e7engel boynuzlu (\u015famua) ke\u00e7iye s\u0131k\u00e7a rastlan\u0131rken \u00e7ok nadir g\u00f6r\u00fclen k\u0131z\u0131l geyikler Refahiye\u2019de do\u011fa foto\u011fraf\u00e7\u0131s\u0131 Baki Kaya taraf\u0131ndan drone ile g\u00f6r\u00fcnt\u00fclendi. Giresun taraf\u0131ndan geldikleri tahmin edilen iki k\u0131z\u0131l geyi\u011fin, Refahiye k\u0131rsal\u0131nda ilk kez g\u00f6r\u00fcnt\u00fclendikleri belirtildi. Do\u011fada beslenen k\u0131z\u0131l [&hellip;]<\/p>\n","protected":false},"author":1,"featured_media":5391,"comment_status":"open","ping_status":"open","sticky":false,"template":"","format":"standard","meta":{"footnotes":""},"categories":[50],"tags":[],"class_list":["post-5390","post","type-post","status-publish","format-standard","has-post-thumbnail","hentry","category-tum-haberler"],"yoast_head":"<!-- This site is optimized with the Yoast SEO plugin v27.4 - https:\/\/yoast.com\/product\/yoast-seo-wordpress\/ -->\n<title>Erzincan\u2019da iki k\u0131z\u0131l geyik havadan g\u00f6r\u00fcnt\u00fclendi - Memurun Sesi<\/title>\n<meta name=\"robots\" content=\"index, follow, max-snippet:-1, max-image-preview:large, max-video-preview:-1\" \/>\n<link rel=\"canonical\" href=\"https:\/\/memurunsesi.net\/index.php\/2025\/04\/16\/erzincanda-iki-kizil-geyik-havadan-goruntulendi\/\" \/>\n<meta property=\"og:locale\" content=\"tr_TR\" \/>\n<meta property=\"og:type\" content=\"article\" \/>\n<meta property=\"og:title\" content=\"Erzincan\u2019da iki k\u0131z\u0131l geyik havadan g\u00f6r\u00fcnt\u00fclendi - Memurun Sesi\" \/>\n<meta property=\"og:description\" content=\"Erzincan\u2019\u0131n Refahiye il\u00e7esinde do\u011fada beslenen iki k\u0131z\u0131l geyik havadan g\u00f6r\u00fcnt\u00fclendi. Erzincan\u2019da Munzur Da\u011flar\u0131nda pop\u00fclasyonu artan da\u011f ke\u00e7isi ve \u00e7engel boynuzlu (\u015famua) ke\u00e7iye s\u0131k\u00e7a rastlan\u0131rken \u00e7ok nadir g\u00f6r\u00fclen k\u0131z\u0131l geyikler Refahiye\u2019de do\u011fa foto\u011fraf\u00e7\u0131s\u0131 Baki Kaya taraf\u0131ndan drone ile g\u00f6r\u00fcnt\u00fclendi. Giresun taraf\u0131ndan geldikleri tahmin edilen iki k\u0131z\u0131l geyi\u011fin, Refahiye k\u0131rsal\u0131nda ilk kez g\u00f6r\u00fcnt\u00fclendikleri belirtildi. Do\u011fada beslenen k\u0131z\u0131l [&hellip;]\" \/>\n<meta property=\"og:url\" content=\"https:\/\/memurunsesi.net\/index.php\/2025\/04\/16\/erzincanda-iki-kizil-geyik-havadan-goruntulendi\/\" \/>\n<meta property=\"og:site_name\" content=\"Memurun Sesi\" \/>\n<meta property=\"article:publisher\" content=\"https:\/\/www.facebook.com\/unipersen\/?locale=tr_TR\" \/>\n<meta property=\"article:published_time\" content=\"2025-04-16T05:29:47+00:00\" \/>\n<meta property=\"og:image\" content=\"https:\/\/memurunsesi.net\/wp-content\/uploads\/2025\/04\/AW433660_01.jpg\" \/>\n\t<meta property=\"og:image:width\" content=\"851\" \/>\n\t<meta property=\"og:image:height\" content=\"566\" \/>\n\t<meta property=\"og:image:type\" content=\"image\/jpeg\" \/>\n<meta name=\"author\" content=\"Memurun Sesi Haber Merkezi\" \/>\n<meta name=\"twitter:card\" content=\"summary_large_image\" \/>\n<meta name=\"twitter:creator\" content=\"@unipersen\" \/>\n<meta name=\"twitter:site\" content=\"@unipersen\" \/>\n<meta name=\"twitter:label1\" content=\"Yazan:\" \/>\n\t<meta name=\"twitter:data1\" content=\"Memurun Sesi Haber Merkezi\" \/>\n\t<meta name=\"twitter:label2\" content=\"Tahmini okuma s\u00fcresi\" \/>\n\t<meta name=\"twitter:data2\" content=\"1 dakika\" \/>\n<script type=\"application\/ld+json\" class=\"yoast-schema-graph\">{\"@context\":\"https:\\\/\\\/schema.org\",\"@graph\":[{\"@type\":\"Article\",\"@id\":\"https:\\\/\\\/memurunsesi.net\\\/index.php\\\/2025\\\/04\\\/16\\\/erzincanda-iki-kizil-geyik-havadan-goruntulendi\\\/#article\",\"isPartOf\":{\"@id\":\"https:\\\/\\\/memurunsesi.net\\\/index.php\\\/2025\\\/04\\\/16\\\/erzincanda-iki-kizil-geyik-havadan-goruntulendi\\\/\"},\"author\":{\"name\":\"Memurun Sesi Haber Merkezi\",\"@id\":\"https:\\\/\\\/memurunsesi.net\\\/#\\\/schema\\\/person\\\/f21c2d73b89f6ee1d80b0a1803e38587\"},\"headline\":\"Erzincan\u2019da iki k\u0131z\u0131l geyik havadan g\u00f6r\u00fcnt\u00fclendi\",\"datePublished\":\"2025-04-16T05:29:47+00:00\",\"mainEntityOfPage\":{\"@id\":\"https:\\\/\\\/memurunsesi.net\\\/index.php\\\/2025\\\/04\\\/16\\\/erzincanda-iki-kizil-geyik-havadan-goruntulendi\\\/\"},\"wordCount\":116,\"commentCount\":0,\"publisher\":{\"@id\":\"https:\\\/\\\/memurunsesi.net\\\/#organization\"},\"image\":{\"@id\":\"https:\\\/\\\/memurunsesi.net\\\/index.php\\\/2025\\\/04\\\/16\\\/erzincanda-iki-kizil-geyik-havadan-goruntulendi\\\/#primaryimage\"},\"thumbnailUrl\":\"https:\\\/\\\/memurunsesi.net\\\/wp-content\\\/uploads\\\/2025\\\/04\\\/AW433660_01.jpg\",\"articleSection\":[\"T\u00fcm Haberler\"],\"inLanguage\":\"tr\",\"potentialAction\":[{\"@type\":\"CommentAction\",\"name\":\"Comment\",\"target\":[\"https:\\\/\\\/memurunsesi.net\\\/index.php\\\/2025\\\/04\\\/16\\\/erzincanda-iki-kizil-geyik-havadan-goruntulendi\\\/#respond\"]}]},{\"@type\":\"WebPage\",\"@id\":\"https:\\\/\\\/memurunsesi.net\\\/index.php\\\/2025\\\/04\\\/16\\\/erzincanda-iki-kizil-geyik-havadan-goruntulendi\\\/\",\"url\":\"https:\\\/\\\/memurunsesi.net\\\/index.php\\\/2025\\\/04\\\/16\\\/erzincanda-iki-kizil-geyik-havadan-goruntulendi\\\/\",\"name\":\"Erzincan\u2019da iki k\u0131z\u0131l geyik havadan g\u00f6r\u00fcnt\u00fclendi - Memurun Sesi\",\"isPartOf\":{\"@id\":\"https:\\\/\\\/memurunsesi.net\\\/#website\"},\"primaryImageOfPage\":{\"@id\":\"https:\\\/\\\/memurunsesi.net\\\/index.php\\\/2025\\\/04\\\/16\\\/erzincanda-iki-kizil-geyik-havadan-goruntulendi\\\/#primaryimage\"},\"image\":{\"@id\":\"https:\\\/\\\/memurunsesi.net\\\/index.php\\\/2025\\\/04\\\/16\\\/erzincanda-iki-kizil-geyik-havadan-goruntulendi\\\/#primaryimage\"},\"thumbnailUrl\":\"https:\\\/\\\/memurunsesi.net\\\/wp-content\\\/uploads\\\/2025\\\/04\\\/AW433660_01.jpg\",\"datePublished\":\"2025-04-16T05:29:47+00:00\",\"breadcrumb\":{\"@id\":\"https:\\\/\\\/memurunsesi.net\\\/index.php\\\/2025\\\/04\\\/16\\\/erzincanda-iki-kizil-geyik-havadan-goruntulendi\\\/#breadcrumb\"},\"inLanguage\":\"tr\",\"potentialAction\":[{\"@type\":\"ReadAction\",\"target\":[\"https:\\\/\\\/memurunsesi.net\\\/index.php\\\/2025\\\/04\\\/16\\\/erzincanda-iki-kizil-geyik-havadan-goruntulendi\\\/\"]}]},{\"@type\":\"ImageObject\",\"inLanguage\":\"tr\",\"@id\":\"https:\\\/\\\/memurunsesi.net\\\/index.php\\\/2025\\\/04\\\/16\\\/erzincanda-iki-kizil-geyik-havadan-goruntulendi\\\/#primaryimage\",\"url\":\"https:\\\/\\\/memurunsesi.net\\\/wp-content\\\/uploads\\\/2025\\\/04\\\/AW433660_01.jpg\",\"contentUrl\":\"https:\\\/\\\/memurunsesi.net\\\/wp-content\\\/uploads\\\/2025\\\/04\\\/AW433660_01.jpg\",\"width\":851,\"height\":566,\"caption\":\"ERZ\u0130NCAN'DA \u0130K\u0130 KIZIL GEY\u0130K HAVADAN G\u00d6R\u00dcNT\u00dcLEND\u0130 (AHMET AKBU\u011eA\\\/ERZ\u0130NCAN-\u0130HA) Erzincan'\u0131n Refahiye il\u00e7esinde do\u011fada beslenen iki k\u0131z\u0131l geyik havadan g\u00f6r\u00fcnt\u00fclendi.\"},{\"@type\":\"BreadcrumbList\",\"@id\":\"https:\\\/\\\/memurunsesi.net\\\/index.php\\\/2025\\\/04\\\/16\\\/erzincanda-iki-kizil-geyik-havadan-goruntulendi\\\/#breadcrumb\",\"itemListElement\":[{\"@type\":\"ListItem\",\"position\":1,\"name\":\"Anasayfa\",\"item\":\"https:\\\/\\\/memurunsesi.net\\\/\"},{\"@type\":\"ListItem\",\"position\":2,\"name\":\"Erzincan\u2019da iki k\u0131z\u0131l geyik havadan g\u00f6r\u00fcnt\u00fclendi\"}]},{\"@type\":\"WebSite\",\"@id\":\"https:\\\/\\\/memurunsesi.net\\\/#website\",\"url\":\"https:\\\/\\\/memurunsesi.net\\\/\",\"name\":\"Memurun Sesi\",\"description\":\"G\u00fcncel ve Do\u011fru Haber\",\"publisher\":{\"@id\":\"https:\\\/\\\/memurunsesi.net\\\/#organization\"},\"potentialAction\":[{\"@type\":\"SearchAction\",\"target\":{\"@type\":\"EntryPoint\",\"urlTemplate\":\"https:\\\/\\\/memurunsesi.net\\\/?s={search_term_string}\"},\"query-input\":{\"@type\":\"PropertyValueSpecification\",\"valueRequired\":true,\"valueName\":\"search_term_string\"}}],\"inLanguage\":\"tr\"},{\"@type\":\"Organization\",\"@id\":\"https:\\\/\\\/memurunsesi.net\\\/#organization\",\"name\":\"Memurun Sesi\",\"url\":\"https:\\\/\\\/memurunsesi.net\\\/\",\"logo\":{\"@type\":\"ImageObject\",\"inLanguage\":\"tr\",\"@id\":\"https:\\\/\\\/memurunsesi.net\\\/#\\\/schema\\\/logo\\\/image\\\/\",\"url\":\"https:\\\/\\\/memurunsesi.net\\\/wp-content\\\/uploads\\\/2025\\\/11\\\/cropped-MEMURUN-SESI.png\",\"contentUrl\":\"https:\\\/\\\/memurunsesi.net\\\/wp-content\\\/uploads\\\/2025\\\/11\\\/cropped-MEMURUN-SESI.png\",\"width\":238,\"height\":57,\"caption\":\"Memurun Sesi\"},\"image\":{\"@id\":\"https:\\\/\\\/memurunsesi.net\\\/#\\\/schema\\\/logo\\\/image\\\/\"},\"sameAs\":[\"https:\\\/\\\/www.facebook.com\\\/unipersen\\\/?locale=tr_TR\",\"https:\\\/\\\/x.com\\\/unipersen\"]},{\"@type\":\"Person\",\"@id\":\"https:\\\/\\\/memurunsesi.net\\\/#\\\/schema\\\/person\\\/f21c2d73b89f6ee1d80b0a1803e38587\",\"name\":\"Memurun Sesi Haber Merkezi\",\"image\":{\"@type\":\"ImageObject\",\"inLanguage\":\"tr\",\"@id\":\"https:\\\/\\\/secure.gravatar.com\\\/avatar\\\/6cf0505f452ee753f485014986fab09a434671d2b919ee76fc541025c5876a70?s=96&d=mm&r=g\",\"url\":\"https:\\\/\\\/secure.gravatar.com\\\/avatar\\\/6cf0505f452ee753f485014986fab09a434671d2b919ee76fc541025c5876a70?s=96&d=mm&r=g\",\"contentUrl\":\"https:\\\/\\\/secure.gravatar.com\\\/avatar\\\/6cf0505f452ee753f485014986fab09a434671d2b919ee76fc541025c5876a70?s=96&d=mm&r=g\",\"caption\":\"Memurun Sesi Haber Merkezi\"},\"sameAs\":[\"https:\\\/\\\/memurunsesi.net\"],\"url\":\"https:\\\/\\\/memurunsesi.net\\\/index.php\\\/author\\\/uniper\\\/\"}]}<\/script>\n<!-- \/ Yoast SEO plugin. -->","yoast_head_json":{"title":"Erzincan\u2019da iki k\u0131z\u0131l geyik havadan g\u00f6r\u00fcnt\u00fclendi - Memurun Sesi","robots":{"index":"index","follow":"follow","max-snippet":"max-snippet:-1","max-image-preview":"max-image-preview:large","max-video-preview":"max-video-preview:-1"},"canonical":"https:\/\/memurunsesi.net\/index.php\/2025\/04\/16\/erzincanda-iki-kizil-geyik-havadan-goruntulendi\/","og_locale":"tr_TR","og_type":"article","og_title":"Erzincan\u2019da iki k\u0131z\u0131l geyik havadan g\u00f6r\u00fcnt\u00fclendi - Memurun Sesi","og_description":"Erzincan\u2019\u0131n Refahiye il\u00e7esinde do\u011fada beslenen iki k\u0131z\u0131l geyik havadan g\u00f6r\u00fcnt\u00fclendi. Erzincan\u2019da Munzur Da\u011flar\u0131nda pop\u00fclasyonu artan da\u011f ke\u00e7isi ve \u00e7engel boynuzlu (\u015famua) ke\u00e7iye s\u0131k\u00e7a rastlan\u0131rken \u00e7ok nadir g\u00f6r\u00fclen k\u0131z\u0131l geyikler Refahiye\u2019de do\u011fa foto\u011fraf\u00e7\u0131s\u0131 Baki Kaya taraf\u0131ndan drone ile g\u00f6r\u00fcnt\u00fclendi. Giresun taraf\u0131ndan geldikleri tahmin edilen iki k\u0131z\u0131l geyi\u011fin, Refahiye k\u0131rsal\u0131nda ilk kez g\u00f6r\u00fcnt\u00fclendikleri belirtildi. Do\u011fada beslenen k\u0131z\u0131l [&hellip;]","og_url":"https:\/\/memurunsesi.net\/index.php\/2025\/04\/16\/erzincanda-iki-kizil-geyik-havadan-goruntulendi\/","og_site_name":"Memurun Sesi","article_publisher":"https:\/\/www.facebook.com\/unipersen\/?locale=tr_TR","article_published_time":"2025-04-16T05:29:47+00:00","og_image":[{"width":851,"height":566,"url":"https:\/\/memurunsesi.net\/wp-content\/uploads\/2025\/04\/AW433660_01.jpg","type":"image\/jpeg"}],"author":"Memurun Sesi Haber Merkezi","twitter_card":"summary_large_image","twitter_creator":"@unipersen","twitter_site":"@unipersen","twitter_misc":{"Yazan:":"Memurun Sesi Haber Merkezi","Tahmini okuma s\u00fcresi":"1 dakika"},"schema":{"@context":"https:\/\/schema.org","@graph":[{"@type":"Article","@id":"https:\/\/memurunsesi.net\/index.php\/2025\/04\/16\/erzincanda-iki-kizil-geyik-havadan-goruntulendi\/#article","isPartOf":{"@id":"https:\/\/memurunsesi.net\/index.php\/2025\/04\/16\/erzincanda-iki-kizil-geyik-havadan-goruntulendi\/"},"author":{"name":"Memurun Sesi Haber Merkezi","@id":"https:\/\/memurunsesi.net\/#\/schema\/person\/f21c2d73b89f6ee1d80b0a1803e38587"},"headline":"Erzincan\u2019da iki k\u0131z\u0131l geyik havadan g\u00f6r\u00fcnt\u00fclendi","datePublished":"2025-04-16T05:29:47+00:00","mainEntityOfPage":{"@id":"https:\/\/memurunsesi.net\/index.php\/2025\/04\/16\/erzincanda-iki-kizil-geyik-havadan-goruntulendi\/"},"wordCount":116,"commentCount":0,"publisher":{"@id":"https:\/\/memurunsesi.net\/#organization"},"image":{"@id":"https:\/\/memurunsesi.net\/index.php\/2025\/04\/16\/erzincanda-iki-kizil-geyik-havadan-goruntulendi\/#primaryimage"},"thumbnailUrl":"https:\/\/memurunsesi.net\/wp-content\/uploads\/2025\/04\/AW433660_01.jpg","articleSection":["T\u00fcm Haberler"],"inLanguage":"tr","potentialAction":[{"@type":"CommentAction","name":"Comment","target":["https:\/\/memurunsesi.net\/index.php\/2025\/04\/16\/erzincanda-iki-kizil-geyik-havadan-goruntulendi\/#respond"]}]},{"@type":"WebPage","@id":"https:\/\/memurunsesi.net\/index.php\/2025\/04\/16\/erzincanda-iki-kizil-geyik-havadan-goruntulendi\/","url":"https:\/\/memurunsesi.net\/index.php\/2025\/04\/16\/erzincanda-iki-kizil-geyik-havadan-goruntulendi\/","name":"Erzincan\u2019da iki k\u0131z\u0131l geyik havadan g\u00f6r\u00fcnt\u00fclendi - Memurun Sesi","isPartOf":{"@id":"https:\/\/memurunsesi.net\/#website"},"primaryImageOfPage":{"@id":"https:\/\/memurunsesi.net\/index.php\/2025\/04\/16\/erzincanda-iki-kizil-geyik-havadan-goruntulendi\/#primaryimage"},"image":{"@id":"https:\/\/memurunsesi.net\/index.php\/2025\/04\/16\/erzincanda-iki-kizil-geyik-havadan-goruntulendi\/#primaryimage"},"thumbnailUrl":"https:\/\/memurunsesi.net\/wp-content\/uploads\/2025\/04\/AW433660_01.jpg","datePublished":"2025-04-16T05:29:47+00:00","breadcrumb":{"@id":"https:\/\/memurunsesi.net\/index.php\/2025\/04\/16\/erzincanda-iki-kizil-geyik-havadan-goruntulendi\/#breadcrumb"},"inLanguage":"tr","potentialAction":[{"@type":"ReadAction","target":["https:\/\/memurunsesi.net\/index.php\/2025\/04\/16\/erzincanda-iki-kizil-geyik-havadan-goruntulendi\/"]}]},{"@type":"ImageObject","inLanguage":"tr","@id":"https:\/\/memurunsesi.net\/index.php\/2025\/04\/16\/erzincanda-iki-kizil-geyik-havadan-goruntulendi\/#primaryimage","url":"https:\/\/memurunsesi.net\/wp-content\/uploads\/2025\/04\/AW433660_01.jpg","contentUrl":"https:\/\/memurunsesi.net\/wp-content\/uploads\/2025\/04\/AW433660_01.jpg","width":851,"height":566,"caption":"ERZ\u0130NCAN'DA \u0130K\u0130 KIZIL GEY\u0130K HAVADAN G\u00d6R\u00dcNT\u00dcLEND\u0130 (AHMET AKBU\u011eA\/ERZ\u0130NCAN-\u0130HA) Erzincan'\u0131n Refahiye il\u00e7esinde do\u011fada beslenen iki k\u0131z\u0131l geyik havadan g\u00f6r\u00fcnt\u00fclendi."},{"@type":"BreadcrumbList","@id":"https:\/\/memurunsesi.net\/index.php\/2025\/04\/16\/erzincanda-iki-kizil-geyik-havadan-goruntulendi\/#breadcrumb","itemListElement":[{"@type":"ListItem","position":1,"name":"Anasayfa","item":"https:\/\/memurunsesi.net\/"},{"@type":"ListItem","position":2,"name":"Erzincan\u2019da iki k\u0131z\u0131l geyik havadan g\u00f6r\u00fcnt\u00fclendi"}]},{"@type":"WebSite","@id":"https:\/\/memurunsesi.net\/#website","url":"https:\/\/memurunsesi.net\/","name":"Memurun Sesi","description":"G\u00fcncel ve Do\u011fru Haber","publisher":{"@id":"https:\/\/memurunsesi.net\/#organization"},"potentialAction":[{"@type":"SearchAction","target":{"@type":"EntryPoint","urlTemplate":"https:\/\/memurunsesi.net\/?s={search_term_string}"},"query-input":{"@type":"PropertyValueSpecification","valueRequired":true,"valueName":"search_term_string"}}],"inLanguage":"tr"},{"@type":"Organization","@id":"https:\/\/memurunsesi.net\/#organization","name":"Memurun Sesi","url":"https:\/\/memurunsesi.net\/","logo":{"@type":"ImageObject","inLanguage":"tr","@id":"https:\/\/memurunsesi.net\/#\/schema\/logo\/image\/","url":"https:\/\/memurunsesi.net\/wp-content\/uploads\/2025\/11\/cropped-MEMURUN-SESI.png","contentUrl":"https:\/\/memurunsesi.net\/wp-content\/uploads\/2025\/11\/cropped-MEMURUN-SESI.png","width":238,"height":57,"caption":"Memurun Sesi"},"image":{"@id":"https:\/\/memurunsesi.net\/#\/schema\/logo\/image\/"},"sameAs":["https:\/\/www.facebook.com\/unipersen\/?locale=tr_TR","https:\/\/x.com\/unipersen"]},{"@type":"Person","@id":"https:\/\/memurunsesi.net\/#\/schema\/person\/f21c2d73b89f6ee1d80b0a1803e38587","name":"Memurun Sesi Haber Merkezi","image":{"@type":"ImageObject","inLanguage":"tr","@id":"https:\/\/secure.gravatar.com\/avatar\/6cf0505f452ee753f485014986fab09a434671d2b919ee76fc541025c5876a70?s=96&d=mm&r=g","url":"https:\/\/secure.gravatar.com\/avatar\/6cf0505f452ee753f485014986fab09a434671d2b919ee76fc541025c5876a70?s=96&d=mm&r=g","contentUrl":"https:\/\/secure.gravatar.com\/avatar\/6cf0505f452ee753f485014986fab09a434671d2b919ee76fc541025c5876a70?s=96&d=mm&r=g","caption":"Memurun Sesi Haber Merkezi"},"sameAs":["https:\/\/memurunsesi.net"],"url":"https:\/\/memurunsesi.net\/index.php\/author\/uniper\/"}]}},"_links":{"self":[{"href":"https:\/\/memurunsesi.net\/index.php\/wp-json\/wp\/v2\/posts\/5390","targetHints":{"allow":["GET"]}}],"collection":[{"href":"https:\/\/memurunsesi.net\/index.php\/wp-json\/wp\/v2\/posts"}],"about":[{"href":"https:\/\/memurunsesi.net\/index.php\/wp-json\/wp\/v2\/types\/post"}],"author":[{"embeddable":true,"href":"https:\/\/memurunsesi.net\/index.php\/wp-json\/wp\/v2\/users\/1"}],"replies":[{"embeddable":true,"href":"https:\/\/memurunsesi.net\/index.php\/wp-json\/wp\/v2\/comments?post=5390"}],"version-history":[{"count":1,"href":"https:\/\/memurunsesi.net\/index.php\/wp-json\/wp\/v2\/posts\/5390\/revisions"}],"predecessor-version":[{"id":5392,"href":"https:\/\/memurunsesi.net\/index.php\/wp-json\/wp\/v2\/posts\/5390\/revisions\/5392"}],"wp:featuredmedia":[{"embeddable":true,"href":"https:\/\/memurunsesi.net\/index.php\/wp-json\/wp\/v2\/media\/5391"}],"wp:attachment":[{"href":"https:\/\/memurunsesi.net\/index.php\/wp-json\/wp\/v2\/media?parent=5390"}],"wp:term":[{"taxonomy":"category","embeddable":true,"href":"https:\/\/memurunsesi.net\/index.php\/wp-json\/wp\/v2\/categories?post=5390"},{"taxonomy":"post_tag","embeddable":true,"href":"https:\/\/memurunsesi.net\/index.php\/wp-json\/wp\/v2\/tags?post=5390"}],"curies":[{"name":"wp","href":"https:\/\/api.w.org\/{rel}","templated":true}]}}