{"id":5457,"date":"2025-04-17T08:26:25","date_gmt":"2025-04-17T05:26:25","guid":{"rendered":"https:\/\/memurunsesi.net\/?p=5457"},"modified":"2025-04-17T08:26:25","modified_gmt":"2025-04-17T05:26:25","slug":"vicdansizligin-boylesi-yeni-dogmus-bebek-poset-icerisinde-cop-konteynerine-atilmis-halde-bulundu","status":"publish","type":"post","link":"https:\/\/memurunsesi.net\/index.php\/2025\/04\/17\/vicdansizligin-boylesi-yeni-dogmus-bebek-poset-icerisinde-cop-konteynerine-atilmis-halde-bulundu\/","title":{"rendered":"Vicdans\u0131zl\u0131\u011f\u0131n b\u00f6ylesi: Yeni do\u011fmu\u015f bebek, po\u015fet i\u00e7erisinde \u00e7\u00f6p konteynerine at\u0131lm\u0131\u015f halde bulundu"},"content":{"rendered":"<p>  &#8211; \u00c7\u00f6p toplay\u0131c\u0131s\u0131, \u00e7\u00f6p konteynerinde yeni do\u011fmu\u015f erkek bebek cesedi buldu<br \/>\nDenizli&#8217;de \u00e7\u00f6pten geri d\u00f6n\u00fc\u015f\u00fcm malzemesi toplayan \u015fah\u0131s, po\u015fet i\u00e7erisinde yeni do\u011fmu\u015f bir erkek bebek cesedi buldu. \u0130hbar \u00fczerine b\u00f6lgeye \u00e7ok say\u0131da ekip sevk edilirken, bebe\u011fin cesedini \u00e7\u00f6pe atan ki\u015fi ve ki\u015filerin bulunmas\u0131 i\u00e7in \u00e7al\u0131\u015fma ba\u015flat\u0131ld\u0131.<br \/>\n  Olay, Merkezefendi il\u00e7esi S\u00fcmer Mahallesi&#8217;nde meydana geldi. Edinilen bilgilere g\u00f6re \u00e7\u00f6pten geri d\u00f6n\u00fc\u015f\u00fcm malzemesi toplayan bir \u015fah\u0131s, \u00e7\u00f6p kutusunu kar\u0131\u015ft\u0131rd\u0131\u011f\u0131 s\u0131rada po\u015fet i\u00e7erisinde bebek cesedi buldu. Bebek cesedini g\u00f6ren adam, 112 Acil \u00c7a\u011fr\u0131 Merkezini arayarak ihbarda bulundu. \u0130hbar \u00fczerine b\u00f6lgeye polis ve sa\u011fl\u0131k ekipleri sevk edildi. B\u00f6lgeye sevk edilen sa\u011fl\u0131k ekipleri yapt\u0131klar\u0131 kontroller s\u0131ras\u0131nda bebe\u011fin cinsiyetinin erkek oldu\u011funu ve ya\u015fam\u0131n\u0131 yitirdi\u011fini belirledi. Olay yerinde cumhuriyet savc\u0131s\u0131 ve olay yeri inceleme ekipleri taraf\u0131ndan \u00e7\u00f6pte ve bebe\u011fin bulundu\u011fu po\u015fet \u00fczerinde incelemeler yap\u0131ld\u0131. Yap\u0131lan incelemelerin ard\u0131ndan \u00e7\u00f6pte bulunan erkek bebe\u011fin cesedi otopsi yap\u0131lmak \u00fczere Adli T\u0131p Kurumu morguna kald\u0131r\u0131ld\u0131.<br \/>\n  Bebe\u011fi \u00e7\u00f6pe atan ki\u015fi veya ki\u015filerin bulunmas\u0131 i\u00e7in ise polis ekipleri \u00e7al\u0131\u015fma ba\u015flatt\u0131. \u00c7\u00f6p konteynerinin bulundu\u011fu b\u00f6lgeyi g\u00f6r\u00fcnt\u00fcleyen \u00e7evredeki g\u00fcvenlik kameralar\u0131nda da inceleme ba\u015flat\u0131ld\u0131. \u00c7\u00f6pten cesedi bulan adam ise ifadesi al\u0131nmak \u00fczere polis merkezine g\u00f6t\u00fcr\u00fcld\u00fc.<br \/>\n  Olayla ilgili soru\u015fturma ba\u015flat\u0131ld\u0131. <\/p>\n<p> 17.04.2025                                <\/p>\n","protected":false},"excerpt":{"rendered":"<p>&#8211; \u00c7\u00f6p toplay\u0131c\u0131s\u0131, \u00e7\u00f6p konteynerinde yeni do\u011fmu\u015f erkek bebek cesedi buldu Denizli&#8217;de \u00e7\u00f6pten geri d\u00f6n\u00fc\u015f\u00fcm malzemesi toplayan \u015fah\u0131s, po\u015fet i\u00e7erisinde yeni do\u011fmu\u015f bir erkek bebek cesedi buldu. \u0130hbar \u00fczerine b\u00f6lgeye \u00e7ok say\u0131da ekip sevk edilirken, bebe\u011fin cesedini \u00e7\u00f6pe atan ki\u015fi ve ki\u015filerin bulunmas\u0131 i\u00e7in \u00e7al\u0131\u015fma ba\u015flat\u0131ld\u0131. Olay, Merkezefendi il\u00e7esi S\u00fcmer Mahallesi&#8217;nde meydana geldi. Edinilen bilgilere [&hellip;]<\/p>\n","protected":false},"author":1,"featured_media":5458,"comment_status":"open","ping_status":"open","sticky":false,"template":"","format":"standard","meta":{"footnotes":""},"categories":[50],"tags":[],"class_list":["post-5457","post","type-post","status-publish","format-standard","has-post-thumbnail","hentry","category-tum-haberler"],"yoast_head":"<!-- This site is optimized with the Yoast SEO plugin v27.4 - https:\/\/yoast.com\/product\/yoast-seo-wordpress\/ -->\n<title>Vicdans\u0131zl\u0131\u011f\u0131n b\u00f6ylesi: Yeni do\u011fmu\u015f bebek, po\u015fet i\u00e7erisinde \u00e7\u00f6p konteynerine at\u0131lm\u0131\u015f halde bulundu - Memurun Sesi<\/title>\n<meta name=\"robots\" content=\"index, follow, max-snippet:-1, max-image-preview:large, max-video-preview:-1\" \/>\n<link rel=\"canonical\" href=\"https:\/\/memurunsesi.net\/index.php\/2025\/04\/17\/vicdansizligin-boylesi-yeni-dogmus-bebek-poset-icerisinde-cop-konteynerine-atilmis-halde-bulundu\/\" \/>\n<meta property=\"og:locale\" content=\"tr_TR\" \/>\n<meta property=\"og:type\" content=\"article\" \/>\n<meta property=\"og:title\" content=\"Vicdans\u0131zl\u0131\u011f\u0131n b\u00f6ylesi: Yeni do\u011fmu\u015f bebek, po\u015fet i\u00e7erisinde \u00e7\u00f6p konteynerine at\u0131lm\u0131\u015f halde bulundu - Memurun Sesi\" \/>\n<meta property=\"og:description\" content=\"&#8211; \u00c7\u00f6p toplay\u0131c\u0131s\u0131, \u00e7\u00f6p konteynerinde yeni do\u011fmu\u015f erkek bebek cesedi buldu Denizli&#8217;de \u00e7\u00f6pten geri d\u00f6n\u00fc\u015f\u00fcm malzemesi toplayan \u015fah\u0131s, po\u015fet i\u00e7erisinde yeni do\u011fmu\u015f bir erkek bebek cesedi buldu. \u0130hbar \u00fczerine b\u00f6lgeye \u00e7ok say\u0131da ekip sevk edilirken, bebe\u011fin cesedini \u00e7\u00f6pe atan ki\u015fi ve ki\u015filerin bulunmas\u0131 i\u00e7in \u00e7al\u0131\u015fma ba\u015flat\u0131ld\u0131. Olay, Merkezefendi il\u00e7esi S\u00fcmer Mahallesi&#8217;nde meydana geldi. Edinilen bilgilere [&hellip;]\" \/>\n<meta property=\"og:url\" content=\"https:\/\/memurunsesi.net\/index.php\/2025\/04\/17\/vicdansizligin-boylesi-yeni-dogmus-bebek-poset-icerisinde-cop-konteynerine-atilmis-halde-bulundu\/\" \/>\n<meta property=\"og:site_name\" content=\"Memurun Sesi\" \/>\n<meta property=\"article:publisher\" content=\"https:\/\/www.facebook.com\/unipersen\/?locale=tr_TR\" \/>\n<meta property=\"article:published_time\" content=\"2025-04-17T05:26:25+00:00\" \/>\n<meta property=\"og:image\" content=\"https:\/\/memurunsesi.net\/wp-content\/uploads\/2025\/04\/AW434434_01-scaled.jpg\" \/>\n\t<meta property=\"og:image:width\" content=\"2560\" \/>\n\t<meta property=\"og:image:height\" content=\"1707\" \/>\n\t<meta property=\"og:image:type\" content=\"image\/jpeg\" \/>\n<meta name=\"author\" content=\"Memurun Sesi Haber Merkezi\" \/>\n<meta name=\"twitter:card\" content=\"summary_large_image\" \/>\n<meta name=\"twitter:creator\" content=\"@unipersen\" \/>\n<meta name=\"twitter:site\" content=\"@unipersen\" \/>\n<meta name=\"twitter:label1\" content=\"Yazan:\" \/>\n\t<meta name=\"twitter:data1\" content=\"Memurun Sesi Haber Merkezi\" \/>\n\t<meta name=\"twitter:label2\" content=\"Tahmini okuma s\u00fcresi\" \/>\n\t<meta name=\"twitter:data2\" content=\"1 dakika\" \/>\n<script type=\"application\/ld+json\" class=\"yoast-schema-graph\">{\"@context\":\"https:\\\/\\\/schema.org\",\"@graph\":[{\"@type\":\"Article\",\"@id\":\"https:\\\/\\\/memurunsesi.net\\\/index.php\\\/2025\\\/04\\\/17\\\/vicdansizligin-boylesi-yeni-dogmus-bebek-poset-icerisinde-cop-konteynerine-atilmis-halde-bulundu\\\/#article\",\"isPartOf\":{\"@id\":\"https:\\\/\\\/memurunsesi.net\\\/index.php\\\/2025\\\/04\\\/17\\\/vicdansizligin-boylesi-yeni-dogmus-bebek-poset-icerisinde-cop-konteynerine-atilmis-halde-bulundu\\\/\"},\"author\":{\"name\":\"Memurun Sesi Haber Merkezi\",\"@id\":\"https:\\\/\\\/memurunsesi.net\\\/#\\\/schema\\\/person\\\/f21c2d73b89f6ee1d80b0a1803e38587\"},\"headline\":\"Vicdans\u0131zl\u0131\u011f\u0131n b\u00f6ylesi: Yeni do\u011fmu\u015f bebek, po\u015fet i\u00e7erisinde \u00e7\u00f6p konteynerine at\u0131lm\u0131\u015f halde bulundu\",\"datePublished\":\"2025-04-17T05:26:25+00:00\",\"mainEntityOfPage\":{\"@id\":\"https:\\\/\\\/memurunsesi.net\\\/index.php\\\/2025\\\/04\\\/17\\\/vicdansizligin-boylesi-yeni-dogmus-bebek-poset-icerisinde-cop-konteynerine-atilmis-halde-bulundu\\\/\"},\"wordCount\":281,\"commentCount\":0,\"publisher\":{\"@id\":\"https:\\\/\\\/memurunsesi.net\\\/#organization\"},\"image\":{\"@id\":\"https:\\\/\\\/memurunsesi.net\\\/index.php\\\/2025\\\/04\\\/17\\\/vicdansizligin-boylesi-yeni-dogmus-bebek-poset-icerisinde-cop-konteynerine-atilmis-halde-bulundu\\\/#primaryimage\"},\"thumbnailUrl\":\"https:\\\/\\\/memurunsesi.net\\\/wp-content\\\/uploads\\\/2025\\\/04\\\/AW434434_01-scaled.jpg\",\"articleSection\":[\"T\u00fcm Haberler\"],\"inLanguage\":\"tr\",\"potentialAction\":[{\"@type\":\"CommentAction\",\"name\":\"Comment\",\"target\":[\"https:\\\/\\\/memurunsesi.net\\\/index.php\\\/2025\\\/04\\\/17\\\/vicdansizligin-boylesi-yeni-dogmus-bebek-poset-icerisinde-cop-konteynerine-atilmis-halde-bulundu\\\/#respond\"]}]},{\"@type\":\"WebPage\",\"@id\":\"https:\\\/\\\/memurunsesi.net\\\/index.php\\\/2025\\\/04\\\/17\\\/vicdansizligin-boylesi-yeni-dogmus-bebek-poset-icerisinde-cop-konteynerine-atilmis-halde-bulundu\\\/\",\"url\":\"https:\\\/\\\/memurunsesi.net\\\/index.php\\\/2025\\\/04\\\/17\\\/vicdansizligin-boylesi-yeni-dogmus-bebek-poset-icerisinde-cop-konteynerine-atilmis-halde-bulundu\\\/\",\"name\":\"Vicdans\u0131zl\u0131\u011f\u0131n b\u00f6ylesi: Yeni do\u011fmu\u015f bebek, po\u015fet i\u00e7erisinde \u00e7\u00f6p konteynerine at\u0131lm\u0131\u015f halde bulundu - Memurun Sesi\",\"isPartOf\":{\"@id\":\"https:\\\/\\\/memurunsesi.net\\\/#website\"},\"primaryImageOfPage\":{\"@id\":\"https:\\\/\\\/memurunsesi.net\\\/index.php\\\/2025\\\/04\\\/17\\\/vicdansizligin-boylesi-yeni-dogmus-bebek-poset-icerisinde-cop-konteynerine-atilmis-halde-bulundu\\\/#primaryimage\"},\"image\":{\"@id\":\"https:\\\/\\\/memurunsesi.net\\\/index.php\\\/2025\\\/04\\\/17\\\/vicdansizligin-boylesi-yeni-dogmus-bebek-poset-icerisinde-cop-konteynerine-atilmis-halde-bulundu\\\/#primaryimage\"},\"thumbnailUrl\":\"https:\\\/\\\/memurunsesi.net\\\/wp-content\\\/uploads\\\/2025\\\/04\\\/AW434434_01-scaled.jpg\",\"datePublished\":\"2025-04-17T05:26:25+00:00\",\"breadcrumb\":{\"@id\":\"https:\\\/\\\/memurunsesi.net\\\/index.php\\\/2025\\\/04\\\/17\\\/vicdansizligin-boylesi-yeni-dogmus-bebek-poset-icerisinde-cop-konteynerine-atilmis-halde-bulundu\\\/#breadcrumb\"},\"inLanguage\":\"tr\",\"potentialAction\":[{\"@type\":\"ReadAction\",\"target\":[\"https:\\\/\\\/memurunsesi.net\\\/index.php\\\/2025\\\/04\\\/17\\\/vicdansizligin-boylesi-yeni-dogmus-bebek-poset-icerisinde-cop-konteynerine-atilmis-halde-bulundu\\\/\"]}]},{\"@type\":\"ImageObject\",\"inLanguage\":\"tr\",\"@id\":\"https:\\\/\\\/memurunsesi.net\\\/index.php\\\/2025\\\/04\\\/17\\\/vicdansizligin-boylesi-yeni-dogmus-bebek-poset-icerisinde-cop-konteynerine-atilmis-halde-bulundu\\\/#primaryimage\",\"url\":\"https:\\\/\\\/memurunsesi.net\\\/wp-content\\\/uploads\\\/2025\\\/04\\\/AW434434_01-scaled.jpg\",\"contentUrl\":\"https:\\\/\\\/memurunsesi.net\\\/wp-content\\\/uploads\\\/2025\\\/04\\\/AW434434_01-scaled.jpg\",\"width\":2560,\"height\":1707,\"caption\":\"DEN\u0130ZL\u0130'DE \u00c7\u00d6PTEN GER\u0130 D\u00d6N\u00dc\u015e\u00dcM MALZEMES\u0130 ARAYAN ADAM, PO\u015eET \u0130\u00c7ER\u0130S\u0130NDE YEN\u0130 DO\u011eMU\u015e B\u0130R ERKEK BEBEK CESED\u0130 BULDU. \u0130HBAR \u00dcZER\u0130NE B\u00d6LGEYE \u00c7OK SAYIDA EK\u0130P SEVK ED\u0130L\u0130RKEN, BEBE\u011e\u0130N CESED\u0130N\u0130 \u00c7\u00d6PE ATAN K\u0130\u015e\u0130 VE K\u0130\u015e\u0130LER\u0130N BULUNMASI \u0130\u00c7\u0130N \u00c7ALI\u015eMA BA\u015eLATILDI. (FADIL K\u00d6SEDA\u011e\\\/DEN\u0130ZL\u0130-\u0130HA) Denizli'de \u00e7\u00f6pten geri d\u00f6n\u00fc\u015f\u00fcm malzemesi toplayan \u015fah\u0131s, po\u015fet i\u00e7erisinde yeni do\u011fmu\u015f bir erkek bebek cesedi buldu. \u0130hbar \u00fczerine b\u00f6lgeye \u00e7ok say\u0131da ekip sevk edilirken, bebe\u011fin cesedini \u00e7\u00f6pe atan ki\u015fi ve ki\u015filerin bulunmas\u0131 i\u00e7in \u00e7al\u0131\u015fma ba\u015flat\u0131ld\u0131.\"},{\"@type\":\"BreadcrumbList\",\"@id\":\"https:\\\/\\\/memurunsesi.net\\\/index.php\\\/2025\\\/04\\\/17\\\/vicdansizligin-boylesi-yeni-dogmus-bebek-poset-icerisinde-cop-konteynerine-atilmis-halde-bulundu\\\/#breadcrumb\",\"itemListElement\":[{\"@type\":\"ListItem\",\"position\":1,\"name\":\"Anasayfa\",\"item\":\"https:\\\/\\\/memurunsesi.net\\\/\"},{\"@type\":\"ListItem\",\"position\":2,\"name\":\"Vicdans\u0131zl\u0131\u011f\u0131n b\u00f6ylesi: Yeni do\u011fmu\u015f bebek, po\u015fet i\u00e7erisinde \u00e7\u00f6p konteynerine at\u0131lm\u0131\u015f halde bulundu\"}]},{\"@type\":\"WebSite\",\"@id\":\"https:\\\/\\\/memurunsesi.net\\\/#website\",\"url\":\"https:\\\/\\\/memurunsesi.net\\\/\",\"name\":\"Memurun Sesi\",\"description\":\"G\u00fcncel ve Do\u011fru Haber\",\"publisher\":{\"@id\":\"https:\\\/\\\/memurunsesi.net\\\/#organization\"},\"potentialAction\":[{\"@type\":\"SearchAction\",\"target\":{\"@type\":\"EntryPoint\",\"urlTemplate\":\"https:\\\/\\\/memurunsesi.net\\\/?s={search_term_string}\"},\"query-input\":{\"@type\":\"PropertyValueSpecification\",\"valueRequired\":true,\"valueName\":\"search_term_string\"}}],\"inLanguage\":\"tr\"},{\"@type\":\"Organization\",\"@id\":\"https:\\\/\\\/memurunsesi.net\\\/#organization\",\"name\":\"Memurun Sesi\",\"url\":\"https:\\\/\\\/memurunsesi.net\\\/\",\"logo\":{\"@type\":\"ImageObject\",\"inLanguage\":\"tr\",\"@id\":\"https:\\\/\\\/memurunsesi.net\\\/#\\\/schema\\\/logo\\\/image\\\/\",\"url\":\"https:\\\/\\\/memurunsesi.net\\\/wp-content\\\/uploads\\\/2025\\\/11\\\/cropped-MEMURUN-SESI.png\",\"contentUrl\":\"https:\\\/\\\/memurunsesi.net\\\/wp-content\\\/uploads\\\/2025\\\/11\\\/cropped-MEMURUN-SESI.png\",\"width\":238,\"height\":57,\"caption\":\"Memurun Sesi\"},\"image\":{\"@id\":\"https:\\\/\\\/memurunsesi.net\\\/#\\\/schema\\\/logo\\\/image\\\/\"},\"sameAs\":[\"https:\\\/\\\/www.facebook.com\\\/unipersen\\\/?locale=tr_TR\",\"https:\\\/\\\/x.com\\\/unipersen\"]},{\"@type\":\"Person\",\"@id\":\"https:\\\/\\\/memurunsesi.net\\\/#\\\/schema\\\/person\\\/f21c2d73b89f6ee1d80b0a1803e38587\",\"name\":\"Memurun Sesi Haber Merkezi\",\"image\":{\"@type\":\"ImageObject\",\"inLanguage\":\"tr\",\"@id\":\"https:\\\/\\\/secure.gravatar.com\\\/avatar\\\/6cf0505f452ee753f485014986fab09a434671d2b919ee76fc541025c5876a70?s=96&d=mm&r=g\",\"url\":\"https:\\\/\\\/secure.gravatar.com\\\/avatar\\\/6cf0505f452ee753f485014986fab09a434671d2b919ee76fc541025c5876a70?s=96&d=mm&r=g\",\"contentUrl\":\"https:\\\/\\\/secure.gravatar.com\\\/avatar\\\/6cf0505f452ee753f485014986fab09a434671d2b919ee76fc541025c5876a70?s=96&d=mm&r=g\",\"caption\":\"Memurun Sesi Haber Merkezi\"},\"sameAs\":[\"https:\\\/\\\/memurunsesi.net\"],\"url\":\"https:\\\/\\\/memurunsesi.net\\\/index.php\\\/author\\\/uniper\\\/\"}]}<\/script>\n<!-- \/ Yoast SEO plugin. -->","yoast_head_json":{"title":"Vicdans\u0131zl\u0131\u011f\u0131n b\u00f6ylesi: Yeni do\u011fmu\u015f bebek, po\u015fet i\u00e7erisinde \u00e7\u00f6p konteynerine at\u0131lm\u0131\u015f halde bulundu - Memurun Sesi","robots":{"index":"index","follow":"follow","max-snippet":"max-snippet:-1","max-image-preview":"max-image-preview:large","max-video-preview":"max-video-preview:-1"},"canonical":"https:\/\/memurunsesi.net\/index.php\/2025\/04\/17\/vicdansizligin-boylesi-yeni-dogmus-bebek-poset-icerisinde-cop-konteynerine-atilmis-halde-bulundu\/","og_locale":"tr_TR","og_type":"article","og_title":"Vicdans\u0131zl\u0131\u011f\u0131n b\u00f6ylesi: Yeni do\u011fmu\u015f bebek, po\u015fet i\u00e7erisinde \u00e7\u00f6p konteynerine at\u0131lm\u0131\u015f halde bulundu - Memurun Sesi","og_description":"&#8211; \u00c7\u00f6p toplay\u0131c\u0131s\u0131, \u00e7\u00f6p konteynerinde yeni do\u011fmu\u015f erkek bebek cesedi buldu Denizli&#8217;de \u00e7\u00f6pten geri d\u00f6n\u00fc\u015f\u00fcm malzemesi toplayan \u015fah\u0131s, po\u015fet i\u00e7erisinde yeni do\u011fmu\u015f bir erkek bebek cesedi buldu. \u0130hbar \u00fczerine b\u00f6lgeye \u00e7ok say\u0131da ekip sevk edilirken, bebe\u011fin cesedini \u00e7\u00f6pe atan ki\u015fi ve ki\u015filerin bulunmas\u0131 i\u00e7in \u00e7al\u0131\u015fma ba\u015flat\u0131ld\u0131. Olay, Merkezefendi il\u00e7esi S\u00fcmer Mahallesi&#8217;nde meydana geldi. Edinilen bilgilere [&hellip;]","og_url":"https:\/\/memurunsesi.net\/index.php\/2025\/04\/17\/vicdansizligin-boylesi-yeni-dogmus-bebek-poset-icerisinde-cop-konteynerine-atilmis-halde-bulundu\/","og_site_name":"Memurun Sesi","article_publisher":"https:\/\/www.facebook.com\/unipersen\/?locale=tr_TR","article_published_time":"2025-04-17T05:26:25+00:00","og_image":[{"width":2560,"height":1707,"url":"https:\/\/memurunsesi.net\/wp-content\/uploads\/2025\/04\/AW434434_01-scaled.jpg","type":"image\/jpeg"}],"author":"Memurun Sesi Haber Merkezi","twitter_card":"summary_large_image","twitter_creator":"@unipersen","twitter_site":"@unipersen","twitter_misc":{"Yazan:":"Memurun Sesi Haber Merkezi","Tahmini okuma s\u00fcresi":"1 dakika"},"schema":{"@context":"https:\/\/schema.org","@graph":[{"@type":"Article","@id":"https:\/\/memurunsesi.net\/index.php\/2025\/04\/17\/vicdansizligin-boylesi-yeni-dogmus-bebek-poset-icerisinde-cop-konteynerine-atilmis-halde-bulundu\/#article","isPartOf":{"@id":"https:\/\/memurunsesi.net\/index.php\/2025\/04\/17\/vicdansizligin-boylesi-yeni-dogmus-bebek-poset-icerisinde-cop-konteynerine-atilmis-halde-bulundu\/"},"author":{"name":"Memurun Sesi Haber Merkezi","@id":"https:\/\/memurunsesi.net\/#\/schema\/person\/f21c2d73b89f6ee1d80b0a1803e38587"},"headline":"Vicdans\u0131zl\u0131\u011f\u0131n b\u00f6ylesi: Yeni do\u011fmu\u015f bebek, po\u015fet i\u00e7erisinde \u00e7\u00f6p konteynerine at\u0131lm\u0131\u015f halde bulundu","datePublished":"2025-04-17T05:26:25+00:00","mainEntityOfPage":{"@id":"https:\/\/memurunsesi.net\/index.php\/2025\/04\/17\/vicdansizligin-boylesi-yeni-dogmus-bebek-poset-icerisinde-cop-konteynerine-atilmis-halde-bulundu\/"},"wordCount":281,"commentCount":0,"publisher":{"@id":"https:\/\/memurunsesi.net\/#organization"},"image":{"@id":"https:\/\/memurunsesi.net\/index.php\/2025\/04\/17\/vicdansizligin-boylesi-yeni-dogmus-bebek-poset-icerisinde-cop-konteynerine-atilmis-halde-bulundu\/#primaryimage"},"thumbnailUrl":"https:\/\/memurunsesi.net\/wp-content\/uploads\/2025\/04\/AW434434_01-scaled.jpg","articleSection":["T\u00fcm Haberler"],"inLanguage":"tr","potentialAction":[{"@type":"CommentAction","name":"Comment","target":["https:\/\/memurunsesi.net\/index.php\/2025\/04\/17\/vicdansizligin-boylesi-yeni-dogmus-bebek-poset-icerisinde-cop-konteynerine-atilmis-halde-bulundu\/#respond"]}]},{"@type":"WebPage","@id":"https:\/\/memurunsesi.net\/index.php\/2025\/04\/17\/vicdansizligin-boylesi-yeni-dogmus-bebek-poset-icerisinde-cop-konteynerine-atilmis-halde-bulundu\/","url":"https:\/\/memurunsesi.net\/index.php\/2025\/04\/17\/vicdansizligin-boylesi-yeni-dogmus-bebek-poset-icerisinde-cop-konteynerine-atilmis-halde-bulundu\/","name":"Vicdans\u0131zl\u0131\u011f\u0131n b\u00f6ylesi: Yeni do\u011fmu\u015f bebek, po\u015fet i\u00e7erisinde \u00e7\u00f6p konteynerine at\u0131lm\u0131\u015f halde bulundu - Memurun Sesi","isPartOf":{"@id":"https:\/\/memurunsesi.net\/#website"},"primaryImageOfPage":{"@id":"https:\/\/memurunsesi.net\/index.php\/2025\/04\/17\/vicdansizligin-boylesi-yeni-dogmus-bebek-poset-icerisinde-cop-konteynerine-atilmis-halde-bulundu\/#primaryimage"},"image":{"@id":"https:\/\/memurunsesi.net\/index.php\/2025\/04\/17\/vicdansizligin-boylesi-yeni-dogmus-bebek-poset-icerisinde-cop-konteynerine-atilmis-halde-bulundu\/#primaryimage"},"thumbnailUrl":"https:\/\/memurunsesi.net\/wp-content\/uploads\/2025\/04\/AW434434_01-scaled.jpg","datePublished":"2025-04-17T05:26:25+00:00","breadcrumb":{"@id":"https:\/\/memurunsesi.net\/index.php\/2025\/04\/17\/vicdansizligin-boylesi-yeni-dogmus-bebek-poset-icerisinde-cop-konteynerine-atilmis-halde-bulundu\/#breadcrumb"},"inLanguage":"tr","potentialAction":[{"@type":"ReadAction","target":["https:\/\/memurunsesi.net\/index.php\/2025\/04\/17\/vicdansizligin-boylesi-yeni-dogmus-bebek-poset-icerisinde-cop-konteynerine-atilmis-halde-bulundu\/"]}]},{"@type":"ImageObject","inLanguage":"tr","@id":"https:\/\/memurunsesi.net\/index.php\/2025\/04\/17\/vicdansizligin-boylesi-yeni-dogmus-bebek-poset-icerisinde-cop-konteynerine-atilmis-halde-bulundu\/#primaryimage","url":"https:\/\/memurunsesi.net\/wp-content\/uploads\/2025\/04\/AW434434_01-scaled.jpg","contentUrl":"https:\/\/memurunsesi.net\/wp-content\/uploads\/2025\/04\/AW434434_01-scaled.jpg","width":2560,"height":1707,"caption":"DEN\u0130ZL\u0130'DE \u00c7\u00d6PTEN GER\u0130 D\u00d6N\u00dc\u015e\u00dcM MALZEMES\u0130 ARAYAN ADAM, PO\u015eET \u0130\u00c7ER\u0130S\u0130NDE YEN\u0130 DO\u011eMU\u015e B\u0130R ERKEK BEBEK CESED\u0130 BULDU. \u0130HBAR \u00dcZER\u0130NE B\u00d6LGEYE \u00c7OK SAYIDA EK\u0130P SEVK ED\u0130L\u0130RKEN, BEBE\u011e\u0130N CESED\u0130N\u0130 \u00c7\u00d6PE ATAN K\u0130\u015e\u0130 VE K\u0130\u015e\u0130LER\u0130N BULUNMASI \u0130\u00c7\u0130N \u00c7ALI\u015eMA BA\u015eLATILDI. (FADIL K\u00d6SEDA\u011e\/DEN\u0130ZL\u0130-\u0130HA) Denizli'de \u00e7\u00f6pten geri d\u00f6n\u00fc\u015f\u00fcm malzemesi toplayan \u015fah\u0131s, po\u015fet i\u00e7erisinde yeni do\u011fmu\u015f bir erkek bebek cesedi buldu. \u0130hbar \u00fczerine b\u00f6lgeye \u00e7ok say\u0131da ekip sevk edilirken, bebe\u011fin cesedini \u00e7\u00f6pe atan ki\u015fi ve ki\u015filerin bulunmas\u0131 i\u00e7in \u00e7al\u0131\u015fma ba\u015flat\u0131ld\u0131."},{"@type":"BreadcrumbList","@id":"https:\/\/memurunsesi.net\/index.php\/2025\/04\/17\/vicdansizligin-boylesi-yeni-dogmus-bebek-poset-icerisinde-cop-konteynerine-atilmis-halde-bulundu\/#breadcrumb","itemListElement":[{"@type":"ListItem","position":1,"name":"Anasayfa","item":"https:\/\/memurunsesi.net\/"},{"@type":"ListItem","position":2,"name":"Vicdans\u0131zl\u0131\u011f\u0131n b\u00f6ylesi: Yeni do\u011fmu\u015f bebek, po\u015fet i\u00e7erisinde \u00e7\u00f6p konteynerine at\u0131lm\u0131\u015f halde bulundu"}]},{"@type":"WebSite","@id":"https:\/\/memurunsesi.net\/#website","url":"https:\/\/memurunsesi.net\/","name":"Memurun Sesi","description":"G\u00fcncel ve Do\u011fru Haber","publisher":{"@id":"https:\/\/memurunsesi.net\/#organization"},"potentialAction":[{"@type":"SearchAction","target":{"@type":"EntryPoint","urlTemplate":"https:\/\/memurunsesi.net\/?s={search_term_string}"},"query-input":{"@type":"PropertyValueSpecification","valueRequired":true,"valueName":"search_term_string"}}],"inLanguage":"tr"},{"@type":"Organization","@id":"https:\/\/memurunsesi.net\/#organization","name":"Memurun Sesi","url":"https:\/\/memurunsesi.net\/","logo":{"@type":"ImageObject","inLanguage":"tr","@id":"https:\/\/memurunsesi.net\/#\/schema\/logo\/image\/","url":"https:\/\/memurunsesi.net\/wp-content\/uploads\/2025\/11\/cropped-MEMURUN-SESI.png","contentUrl":"https:\/\/memurunsesi.net\/wp-content\/uploads\/2025\/11\/cropped-MEMURUN-SESI.png","width":238,"height":57,"caption":"Memurun Sesi"},"image":{"@id":"https:\/\/memurunsesi.net\/#\/schema\/logo\/image\/"},"sameAs":["https:\/\/www.facebook.com\/unipersen\/?locale=tr_TR","https:\/\/x.com\/unipersen"]},{"@type":"Person","@id":"https:\/\/memurunsesi.net\/#\/schema\/person\/f21c2d73b89f6ee1d80b0a1803e38587","name":"Memurun Sesi Haber Merkezi","image":{"@type":"ImageObject","inLanguage":"tr","@id":"https:\/\/secure.gravatar.com\/avatar\/6cf0505f452ee753f485014986fab09a434671d2b919ee76fc541025c5876a70?s=96&d=mm&r=g","url":"https:\/\/secure.gravatar.com\/avatar\/6cf0505f452ee753f485014986fab09a434671d2b919ee76fc541025c5876a70?s=96&d=mm&r=g","contentUrl":"https:\/\/secure.gravatar.com\/avatar\/6cf0505f452ee753f485014986fab09a434671d2b919ee76fc541025c5876a70?s=96&d=mm&r=g","caption":"Memurun Sesi Haber Merkezi"},"sameAs":["https:\/\/memurunsesi.net"],"url":"https:\/\/memurunsesi.net\/index.php\/author\/uniper\/"}]}},"_links":{"self":[{"href":"https:\/\/memurunsesi.net\/index.php\/wp-json\/wp\/v2\/posts\/5457","targetHints":{"allow":["GET"]}}],"collection":[{"href":"https:\/\/memurunsesi.net\/index.php\/wp-json\/wp\/v2\/posts"}],"about":[{"href":"https:\/\/memurunsesi.net\/index.php\/wp-json\/wp\/v2\/types\/post"}],"author":[{"embeddable":true,"href":"https:\/\/memurunsesi.net\/index.php\/wp-json\/wp\/v2\/users\/1"}],"replies":[{"embeddable":true,"href":"https:\/\/memurunsesi.net\/index.php\/wp-json\/wp\/v2\/comments?post=5457"}],"version-history":[{"count":1,"href":"https:\/\/memurunsesi.net\/index.php\/wp-json\/wp\/v2\/posts\/5457\/revisions"}],"predecessor-version":[{"id":5459,"href":"https:\/\/memurunsesi.net\/index.php\/wp-json\/wp\/v2\/posts\/5457\/revisions\/5459"}],"wp:featuredmedia":[{"embeddable":true,"href":"https:\/\/memurunsesi.net\/index.php\/wp-json\/wp\/v2\/media\/5458"}],"wp:attachment":[{"href":"https:\/\/memurunsesi.net\/index.php\/wp-json\/wp\/v2\/media?parent=5457"}],"wp:term":[{"taxonomy":"category","embeddable":true,"href":"https:\/\/memurunsesi.net\/index.php\/wp-json\/wp\/v2\/categories?post=5457"},{"taxonomy":"post_tag","embeddable":true,"href":"https:\/\/memurunsesi.net\/index.php\/wp-json\/wp\/v2\/tags?post=5457"}],"curies":[{"name":"wp","href":"https:\/\/api.w.org\/{rel}","templated":true}]}}