{"id":5463,"date":"2025-04-17T08:30:15","date_gmt":"2025-04-17T05:30:15","guid":{"rendered":"https:\/\/memurunsesi.net\/?p=5463"},"modified":"2025-04-17T08:30:15","modified_gmt":"2025-04-17T05:30:15","slug":"universite-ogrencilerine-saglikli-yasam-semineri","status":"publish","type":"post","link":"https:\/\/memurunsesi.net\/index.php\/2025\/04\/17\/universite-ogrencilerine-saglikli-yasam-semineri\/","title":{"rendered":"\u00dcniversite \u00f6\u011frencilerine &#8216;sa\u011fl\u0131kl\u0131 ya\u015fam&#8217; semineri"},"content":{"rendered":"<p>    Mu\u011fla\u2019n\u0131n K\u00f6yce\u011fiz il\u00e7esinde \u00fcniversite \u00f6\u011frencilerine y\u00f6nelik d\u00fczenlenecek seminerde fiziksel aktivitelerin sa\u011fl\u0131kl\u0131 ya\u015fama katk\u0131s\u0131 anlat\u0131lacak. <\/p>\n<p>K\u00f6yce\u011fiz Sa\u011fl\u0131k Hizmetleri Meslek Y\u00fcksek Okulu\u2019nda \u00f6\u011frencilerin geli\u015fimine katk\u0131 sa\u011flamak amac\u0131yla d\u00fczenlenen seminerler aral\u0131ks\u0131z s\u00fcr\u00fcyor. Bu kapsamda 17 Nisan 2025 g\u00fcn\u00fc saat 11.00\u2019da K\u00f6yce\u011fiz Sa\u011fl\u0131k Hizmetleri Meslek Y\u00fcksek Okulu\u2019nda &#8220;Fiziksel Aktivite ve Sa\u011fl\u0131kl\u0131 Ya\u015fam\u2019\u2019 konulu seminer d\u00fczenlenecek. Seminer, K\u00f6yce\u011fiz Sa\u011fl\u0131k Hizmetleri Meslek Y\u00fcksek Okulu Konferans Salonu\u2019nda ger\u00e7ekle\u015ftirilecek. Beden E\u011fitimi \u00d6\u011fretmeni P\u0131nar S\u00f6nmez taraf\u0131ndan ger\u00e7ekle\u015ftirilecek seminerde fiziksel aktivitelerin sa\u011fl\u0131kl\u0131 ya\u015fama katk\u0131lar\u0131 anlat\u0131lacak. Hareketsiz ya\u015fam\u0131n getirece\u011fi sa\u011fl\u0131k sorunlar\u0131 \u00fczerinde durulacak.  <\/p>\n<p>16.04.2025                             <\/p>\n","protected":false},"excerpt":{"rendered":"<p>Mu\u011fla\u2019n\u0131n K\u00f6yce\u011fiz il\u00e7esinde \u00fcniversite \u00f6\u011frencilerine y\u00f6nelik d\u00fczenlenecek seminerde fiziksel aktivitelerin sa\u011fl\u0131kl\u0131 ya\u015fama katk\u0131s\u0131 anlat\u0131lacak. K\u00f6yce\u011fiz Sa\u011fl\u0131k Hizmetleri Meslek Y\u00fcksek Okulu\u2019nda \u00f6\u011frencilerin geli\u015fimine katk\u0131 sa\u011flamak amac\u0131yla d\u00fczenlenen seminerler aral\u0131ks\u0131z s\u00fcr\u00fcyor. Bu kapsamda 17 Nisan 2025 g\u00fcn\u00fc saat 11.00\u2019da K\u00f6yce\u011fiz Sa\u011fl\u0131k Hizmetleri Meslek Y\u00fcksek Okulu\u2019nda &#8220;Fiziksel Aktivite ve Sa\u011fl\u0131kl\u0131 Ya\u015fam\u2019\u2019 konulu seminer d\u00fczenlenecek. Seminer, K\u00f6yce\u011fiz Sa\u011fl\u0131k Hizmetleri [&hellip;]<\/p>\n","protected":false},"author":1,"featured_media":5464,"comment_status":"open","ping_status":"open","sticky":false,"template":"","format":"standard","meta":{"footnotes":""},"categories":[45],"tags":[],"class_list":["post-5463","post","type-post","status-publish","format-standard","has-post-thumbnail","hentry","category-gundem"],"yoast_head":"<!-- This site is optimized with the Yoast SEO plugin v27.4 - https:\/\/yoast.com\/product\/yoast-seo-wordpress\/ -->\n<title>\u00dcniversite \u00f6\u011frencilerine &#039;sa\u011fl\u0131kl\u0131 ya\u015fam&#039; semineri - Memurun Sesi<\/title>\n<meta name=\"robots\" content=\"index, follow, max-snippet:-1, max-image-preview:large, max-video-preview:-1\" \/>\n<link rel=\"canonical\" href=\"https:\/\/memurunsesi.net\/index.php\/2025\/04\/17\/universite-ogrencilerine-saglikli-yasam-semineri\/\" \/>\n<meta property=\"og:locale\" content=\"tr_TR\" \/>\n<meta property=\"og:type\" content=\"article\" \/>\n<meta property=\"og:title\" content=\"\u00dcniversite \u00f6\u011frencilerine &#039;sa\u011fl\u0131kl\u0131 ya\u015fam&#039; semineri - Memurun Sesi\" \/>\n<meta property=\"og:description\" content=\"Mu\u011fla\u2019n\u0131n K\u00f6yce\u011fiz il\u00e7esinde \u00fcniversite \u00f6\u011frencilerine y\u00f6nelik d\u00fczenlenecek seminerde fiziksel aktivitelerin sa\u011fl\u0131kl\u0131 ya\u015fama katk\u0131s\u0131 anlat\u0131lacak. K\u00f6yce\u011fiz Sa\u011fl\u0131k Hizmetleri Meslek Y\u00fcksek Okulu\u2019nda \u00f6\u011frencilerin geli\u015fimine katk\u0131 sa\u011flamak amac\u0131yla d\u00fczenlenen seminerler aral\u0131ks\u0131z s\u00fcr\u00fcyor. Bu kapsamda 17 Nisan 2025 g\u00fcn\u00fc saat 11.00\u2019da K\u00f6yce\u011fiz Sa\u011fl\u0131k Hizmetleri Meslek Y\u00fcksek Okulu\u2019nda &#8220;Fiziksel Aktivite ve Sa\u011fl\u0131kl\u0131 Ya\u015fam\u2019\u2019 konulu seminer d\u00fczenlenecek. Seminer, K\u00f6yce\u011fiz Sa\u011fl\u0131k Hizmetleri [&hellip;]\" \/>\n<meta property=\"og:url\" content=\"https:\/\/memurunsesi.net\/index.php\/2025\/04\/17\/universite-ogrencilerine-saglikli-yasam-semineri\/\" \/>\n<meta property=\"og:site_name\" content=\"Memurun Sesi\" \/>\n<meta property=\"article:publisher\" content=\"https:\/\/www.facebook.com\/unipersen\/?locale=tr_TR\" \/>\n<meta property=\"article:published_time\" content=\"2025-04-17T05:30:15+00:00\" \/>\n<meta property=\"og:image\" content=\"https:\/\/memurunsesi.net\/wp-content\/uploads\/2025\/04\/AW434420_01.jpg\" \/>\n\t<meta property=\"og:image:width\" content=\"1440\" \/>\n\t<meta property=\"og:image:height\" content=\"1800\" \/>\n\t<meta property=\"og:image:type\" content=\"image\/jpeg\" \/>\n<meta name=\"author\" content=\"Memurun Sesi Haber Merkezi\" \/>\n<meta name=\"twitter:card\" content=\"summary_large_image\" \/>\n<meta name=\"twitter:creator\" content=\"@unipersen\" \/>\n<meta name=\"twitter:site\" content=\"@unipersen\" \/>\n<meta name=\"twitter:label1\" content=\"Yazan:\" \/>\n\t<meta name=\"twitter:data1\" content=\"Memurun Sesi Haber Merkezi\" \/>\n\t<meta name=\"twitter:label2\" content=\"Tahmini okuma s\u00fcresi\" \/>\n\t<meta name=\"twitter:data2\" content=\"1 dakika\" \/>\n<script type=\"application\/ld+json\" class=\"yoast-schema-graph\">{\"@context\":\"https:\\\/\\\/schema.org\",\"@graph\":[{\"@type\":\"Article\",\"@id\":\"https:\\\/\\\/memurunsesi.net\\\/index.php\\\/2025\\\/04\\\/17\\\/universite-ogrencilerine-saglikli-yasam-semineri\\\/#article\",\"isPartOf\":{\"@id\":\"https:\\\/\\\/memurunsesi.net\\\/index.php\\\/2025\\\/04\\\/17\\\/universite-ogrencilerine-saglikli-yasam-semineri\\\/\"},\"author\":{\"name\":\"Memurun Sesi Haber Merkezi\",\"@id\":\"https:\\\/\\\/memurunsesi.net\\\/#\\\/schema\\\/person\\\/f21c2d73b89f6ee1d80b0a1803e38587\"},\"headline\":\"\u00dcniversite \u00f6\u011frencilerine &#8216;sa\u011fl\u0131kl\u0131 ya\u015fam&#8217; semineri\",\"datePublished\":\"2025-04-17T05:30:15+00:00\",\"mainEntityOfPage\":{\"@id\":\"https:\\\/\\\/memurunsesi.net\\\/index.php\\\/2025\\\/04\\\/17\\\/universite-ogrencilerine-saglikli-yasam-semineri\\\/\"},\"wordCount\":150,\"commentCount\":0,\"publisher\":{\"@id\":\"https:\\\/\\\/memurunsesi.net\\\/#organization\"},\"image\":{\"@id\":\"https:\\\/\\\/memurunsesi.net\\\/index.php\\\/2025\\\/04\\\/17\\\/universite-ogrencilerine-saglikli-yasam-semineri\\\/#primaryimage\"},\"thumbnailUrl\":\"https:\\\/\\\/memurunsesi.net\\\/wp-content\\\/uploads\\\/2025\\\/04\\\/AW434420_01.jpg\",\"articleSection\":[\"G\u00fcndem\"],\"inLanguage\":\"tr\",\"potentialAction\":[{\"@type\":\"CommentAction\",\"name\":\"Comment\",\"target\":[\"https:\\\/\\\/memurunsesi.net\\\/index.php\\\/2025\\\/04\\\/17\\\/universite-ogrencilerine-saglikli-yasam-semineri\\\/#respond\"]}]},{\"@type\":\"WebPage\",\"@id\":\"https:\\\/\\\/memurunsesi.net\\\/index.php\\\/2025\\\/04\\\/17\\\/universite-ogrencilerine-saglikli-yasam-semineri\\\/\",\"url\":\"https:\\\/\\\/memurunsesi.net\\\/index.php\\\/2025\\\/04\\\/17\\\/universite-ogrencilerine-saglikli-yasam-semineri\\\/\",\"name\":\"\u00dcniversite \u00f6\u011frencilerine 'sa\u011fl\u0131kl\u0131 ya\u015fam' semineri - Memurun Sesi\",\"isPartOf\":{\"@id\":\"https:\\\/\\\/memurunsesi.net\\\/#website\"},\"primaryImageOfPage\":{\"@id\":\"https:\\\/\\\/memurunsesi.net\\\/index.php\\\/2025\\\/04\\\/17\\\/universite-ogrencilerine-saglikli-yasam-semineri\\\/#primaryimage\"},\"image\":{\"@id\":\"https:\\\/\\\/memurunsesi.net\\\/index.php\\\/2025\\\/04\\\/17\\\/universite-ogrencilerine-saglikli-yasam-semineri\\\/#primaryimage\"},\"thumbnailUrl\":\"https:\\\/\\\/memurunsesi.net\\\/wp-content\\\/uploads\\\/2025\\\/04\\\/AW434420_01.jpg\",\"datePublished\":\"2025-04-17T05:30:15+00:00\",\"breadcrumb\":{\"@id\":\"https:\\\/\\\/memurunsesi.net\\\/index.php\\\/2025\\\/04\\\/17\\\/universite-ogrencilerine-saglikli-yasam-semineri\\\/#breadcrumb\"},\"inLanguage\":\"tr\",\"potentialAction\":[{\"@type\":\"ReadAction\",\"target\":[\"https:\\\/\\\/memurunsesi.net\\\/index.php\\\/2025\\\/04\\\/17\\\/universite-ogrencilerine-saglikli-yasam-semineri\\\/\"]}]},{\"@type\":\"ImageObject\",\"inLanguage\":\"tr\",\"@id\":\"https:\\\/\\\/memurunsesi.net\\\/index.php\\\/2025\\\/04\\\/17\\\/universite-ogrencilerine-saglikli-yasam-semineri\\\/#primaryimage\",\"url\":\"https:\\\/\\\/memurunsesi.net\\\/wp-content\\\/uploads\\\/2025\\\/04\\\/AW434420_01.jpg\",\"contentUrl\":\"https:\\\/\\\/memurunsesi.net\\\/wp-content\\\/uploads\\\/2025\\\/04\\\/AW434420_01.jpg\",\"width\":1440,\"height\":1800,\"caption\":\"K\u00d6YCE\u011e\u0130Z SA\u011eLIK H\u0130ZMETLER\u0130 MESLEK Y\u00dcKSEK OKULU'NDA SEM\u0130NER (OSMAN ACAR\\\/MU\u011eLA-\u0130HA) Mu\u011fla'n\u0131n K\u00f6yce\u011fiz il\u00e7esinde \u00fcniversite \u00f6\u011frencilerine y\u00f6nelik d\u00fczenlenecek seminerde fiziksel aktivitelerin sa\u011fl\u0131kl\u0131 ya\u015fama katk\u0131s\u0131 anlat\u0131lacak.\"},{\"@type\":\"BreadcrumbList\",\"@id\":\"https:\\\/\\\/memurunsesi.net\\\/index.php\\\/2025\\\/04\\\/17\\\/universite-ogrencilerine-saglikli-yasam-semineri\\\/#breadcrumb\",\"itemListElement\":[{\"@type\":\"ListItem\",\"position\":1,\"name\":\"Anasayfa\",\"item\":\"https:\\\/\\\/memurunsesi.net\\\/\"},{\"@type\":\"ListItem\",\"position\":2,\"name\":\"\u00dcniversite \u00f6\u011frencilerine &#8216;sa\u011fl\u0131kl\u0131 ya\u015fam&#8217; semineri\"}]},{\"@type\":\"WebSite\",\"@id\":\"https:\\\/\\\/memurunsesi.net\\\/#website\",\"url\":\"https:\\\/\\\/memurunsesi.net\\\/\",\"name\":\"Memurun Sesi\",\"description\":\"G\u00fcncel ve Do\u011fru Haber\",\"publisher\":{\"@id\":\"https:\\\/\\\/memurunsesi.net\\\/#organization\"},\"potentialAction\":[{\"@type\":\"SearchAction\",\"target\":{\"@type\":\"EntryPoint\",\"urlTemplate\":\"https:\\\/\\\/memurunsesi.net\\\/?s={search_term_string}\"},\"query-input\":{\"@type\":\"PropertyValueSpecification\",\"valueRequired\":true,\"valueName\":\"search_term_string\"}}],\"inLanguage\":\"tr\"},{\"@type\":\"Organization\",\"@id\":\"https:\\\/\\\/memurunsesi.net\\\/#organization\",\"name\":\"Memurun Sesi\",\"url\":\"https:\\\/\\\/memurunsesi.net\\\/\",\"logo\":{\"@type\":\"ImageObject\",\"inLanguage\":\"tr\",\"@id\":\"https:\\\/\\\/memurunsesi.net\\\/#\\\/schema\\\/logo\\\/image\\\/\",\"url\":\"https:\\\/\\\/memurunsesi.net\\\/wp-content\\\/uploads\\\/2025\\\/11\\\/cropped-MEMURUN-SESI.png\",\"contentUrl\":\"https:\\\/\\\/memurunsesi.net\\\/wp-content\\\/uploads\\\/2025\\\/11\\\/cropped-MEMURUN-SESI.png\",\"width\":238,\"height\":57,\"caption\":\"Memurun Sesi\"},\"image\":{\"@id\":\"https:\\\/\\\/memurunsesi.net\\\/#\\\/schema\\\/logo\\\/image\\\/\"},\"sameAs\":[\"https:\\\/\\\/www.facebook.com\\\/unipersen\\\/?locale=tr_TR\",\"https:\\\/\\\/x.com\\\/unipersen\"]},{\"@type\":\"Person\",\"@id\":\"https:\\\/\\\/memurunsesi.net\\\/#\\\/schema\\\/person\\\/f21c2d73b89f6ee1d80b0a1803e38587\",\"name\":\"Memurun Sesi Haber Merkezi\",\"image\":{\"@type\":\"ImageObject\",\"inLanguage\":\"tr\",\"@id\":\"https:\\\/\\\/secure.gravatar.com\\\/avatar\\\/6cf0505f452ee753f485014986fab09a434671d2b919ee76fc541025c5876a70?s=96&d=mm&r=g\",\"url\":\"https:\\\/\\\/secure.gravatar.com\\\/avatar\\\/6cf0505f452ee753f485014986fab09a434671d2b919ee76fc541025c5876a70?s=96&d=mm&r=g\",\"contentUrl\":\"https:\\\/\\\/secure.gravatar.com\\\/avatar\\\/6cf0505f452ee753f485014986fab09a434671d2b919ee76fc541025c5876a70?s=96&d=mm&r=g\",\"caption\":\"Memurun Sesi Haber Merkezi\"},\"sameAs\":[\"https:\\\/\\\/memurunsesi.net\"],\"url\":\"https:\\\/\\\/memurunsesi.net\\\/index.php\\\/author\\\/uniper\\\/\"}]}<\/script>\n<!-- \/ Yoast SEO plugin. -->","yoast_head_json":{"title":"\u00dcniversite \u00f6\u011frencilerine 'sa\u011fl\u0131kl\u0131 ya\u015fam' semineri - Memurun Sesi","robots":{"index":"index","follow":"follow","max-snippet":"max-snippet:-1","max-image-preview":"max-image-preview:large","max-video-preview":"max-video-preview:-1"},"canonical":"https:\/\/memurunsesi.net\/index.php\/2025\/04\/17\/universite-ogrencilerine-saglikli-yasam-semineri\/","og_locale":"tr_TR","og_type":"article","og_title":"\u00dcniversite \u00f6\u011frencilerine 'sa\u011fl\u0131kl\u0131 ya\u015fam' semineri - Memurun Sesi","og_description":"Mu\u011fla\u2019n\u0131n K\u00f6yce\u011fiz il\u00e7esinde \u00fcniversite \u00f6\u011frencilerine y\u00f6nelik d\u00fczenlenecek seminerde fiziksel aktivitelerin sa\u011fl\u0131kl\u0131 ya\u015fama katk\u0131s\u0131 anlat\u0131lacak. K\u00f6yce\u011fiz Sa\u011fl\u0131k Hizmetleri Meslek Y\u00fcksek Okulu\u2019nda \u00f6\u011frencilerin geli\u015fimine katk\u0131 sa\u011flamak amac\u0131yla d\u00fczenlenen seminerler aral\u0131ks\u0131z s\u00fcr\u00fcyor. Bu kapsamda 17 Nisan 2025 g\u00fcn\u00fc saat 11.00\u2019da K\u00f6yce\u011fiz Sa\u011fl\u0131k Hizmetleri Meslek Y\u00fcksek Okulu\u2019nda &#8220;Fiziksel Aktivite ve Sa\u011fl\u0131kl\u0131 Ya\u015fam\u2019\u2019 konulu seminer d\u00fczenlenecek. Seminer, K\u00f6yce\u011fiz Sa\u011fl\u0131k Hizmetleri [&hellip;]","og_url":"https:\/\/memurunsesi.net\/index.php\/2025\/04\/17\/universite-ogrencilerine-saglikli-yasam-semineri\/","og_site_name":"Memurun Sesi","article_publisher":"https:\/\/www.facebook.com\/unipersen\/?locale=tr_TR","article_published_time":"2025-04-17T05:30:15+00:00","og_image":[{"width":1440,"height":1800,"url":"https:\/\/memurunsesi.net\/wp-content\/uploads\/2025\/04\/AW434420_01.jpg","type":"image\/jpeg"}],"author":"Memurun Sesi Haber Merkezi","twitter_card":"summary_large_image","twitter_creator":"@unipersen","twitter_site":"@unipersen","twitter_misc":{"Yazan:":"Memurun Sesi Haber Merkezi","Tahmini okuma s\u00fcresi":"1 dakika"},"schema":{"@context":"https:\/\/schema.org","@graph":[{"@type":"Article","@id":"https:\/\/memurunsesi.net\/index.php\/2025\/04\/17\/universite-ogrencilerine-saglikli-yasam-semineri\/#article","isPartOf":{"@id":"https:\/\/memurunsesi.net\/index.php\/2025\/04\/17\/universite-ogrencilerine-saglikli-yasam-semineri\/"},"author":{"name":"Memurun Sesi Haber Merkezi","@id":"https:\/\/memurunsesi.net\/#\/schema\/person\/f21c2d73b89f6ee1d80b0a1803e38587"},"headline":"\u00dcniversite \u00f6\u011frencilerine &#8216;sa\u011fl\u0131kl\u0131 ya\u015fam&#8217; semineri","datePublished":"2025-04-17T05:30:15+00:00","mainEntityOfPage":{"@id":"https:\/\/memurunsesi.net\/index.php\/2025\/04\/17\/universite-ogrencilerine-saglikli-yasam-semineri\/"},"wordCount":150,"commentCount":0,"publisher":{"@id":"https:\/\/memurunsesi.net\/#organization"},"image":{"@id":"https:\/\/memurunsesi.net\/index.php\/2025\/04\/17\/universite-ogrencilerine-saglikli-yasam-semineri\/#primaryimage"},"thumbnailUrl":"https:\/\/memurunsesi.net\/wp-content\/uploads\/2025\/04\/AW434420_01.jpg","articleSection":["G\u00fcndem"],"inLanguage":"tr","potentialAction":[{"@type":"CommentAction","name":"Comment","target":["https:\/\/memurunsesi.net\/index.php\/2025\/04\/17\/universite-ogrencilerine-saglikli-yasam-semineri\/#respond"]}]},{"@type":"WebPage","@id":"https:\/\/memurunsesi.net\/index.php\/2025\/04\/17\/universite-ogrencilerine-saglikli-yasam-semineri\/","url":"https:\/\/memurunsesi.net\/index.php\/2025\/04\/17\/universite-ogrencilerine-saglikli-yasam-semineri\/","name":"\u00dcniversite \u00f6\u011frencilerine 'sa\u011fl\u0131kl\u0131 ya\u015fam' semineri - Memurun Sesi","isPartOf":{"@id":"https:\/\/memurunsesi.net\/#website"},"primaryImageOfPage":{"@id":"https:\/\/memurunsesi.net\/index.php\/2025\/04\/17\/universite-ogrencilerine-saglikli-yasam-semineri\/#primaryimage"},"image":{"@id":"https:\/\/memurunsesi.net\/index.php\/2025\/04\/17\/universite-ogrencilerine-saglikli-yasam-semineri\/#primaryimage"},"thumbnailUrl":"https:\/\/memurunsesi.net\/wp-content\/uploads\/2025\/04\/AW434420_01.jpg","datePublished":"2025-04-17T05:30:15+00:00","breadcrumb":{"@id":"https:\/\/memurunsesi.net\/index.php\/2025\/04\/17\/universite-ogrencilerine-saglikli-yasam-semineri\/#breadcrumb"},"inLanguage":"tr","potentialAction":[{"@type":"ReadAction","target":["https:\/\/memurunsesi.net\/index.php\/2025\/04\/17\/universite-ogrencilerine-saglikli-yasam-semineri\/"]}]},{"@type":"ImageObject","inLanguage":"tr","@id":"https:\/\/memurunsesi.net\/index.php\/2025\/04\/17\/universite-ogrencilerine-saglikli-yasam-semineri\/#primaryimage","url":"https:\/\/memurunsesi.net\/wp-content\/uploads\/2025\/04\/AW434420_01.jpg","contentUrl":"https:\/\/memurunsesi.net\/wp-content\/uploads\/2025\/04\/AW434420_01.jpg","width":1440,"height":1800,"caption":"K\u00d6YCE\u011e\u0130Z SA\u011eLIK H\u0130ZMETLER\u0130 MESLEK Y\u00dcKSEK OKULU'NDA SEM\u0130NER (OSMAN ACAR\/MU\u011eLA-\u0130HA) Mu\u011fla'n\u0131n K\u00f6yce\u011fiz il\u00e7esinde \u00fcniversite \u00f6\u011frencilerine y\u00f6nelik d\u00fczenlenecek seminerde fiziksel aktivitelerin sa\u011fl\u0131kl\u0131 ya\u015fama katk\u0131s\u0131 anlat\u0131lacak."},{"@type":"BreadcrumbList","@id":"https:\/\/memurunsesi.net\/index.php\/2025\/04\/17\/universite-ogrencilerine-saglikli-yasam-semineri\/#breadcrumb","itemListElement":[{"@type":"ListItem","position":1,"name":"Anasayfa","item":"https:\/\/memurunsesi.net\/"},{"@type":"ListItem","position":2,"name":"\u00dcniversite \u00f6\u011frencilerine &#8216;sa\u011fl\u0131kl\u0131 ya\u015fam&#8217; semineri"}]},{"@type":"WebSite","@id":"https:\/\/memurunsesi.net\/#website","url":"https:\/\/memurunsesi.net\/","name":"Memurun Sesi","description":"G\u00fcncel ve Do\u011fru Haber","publisher":{"@id":"https:\/\/memurunsesi.net\/#organization"},"potentialAction":[{"@type":"SearchAction","target":{"@type":"EntryPoint","urlTemplate":"https:\/\/memurunsesi.net\/?s={search_term_string}"},"query-input":{"@type":"PropertyValueSpecification","valueRequired":true,"valueName":"search_term_string"}}],"inLanguage":"tr"},{"@type":"Organization","@id":"https:\/\/memurunsesi.net\/#organization","name":"Memurun Sesi","url":"https:\/\/memurunsesi.net\/","logo":{"@type":"ImageObject","inLanguage":"tr","@id":"https:\/\/memurunsesi.net\/#\/schema\/logo\/image\/","url":"https:\/\/memurunsesi.net\/wp-content\/uploads\/2025\/11\/cropped-MEMURUN-SESI.png","contentUrl":"https:\/\/memurunsesi.net\/wp-content\/uploads\/2025\/11\/cropped-MEMURUN-SESI.png","width":238,"height":57,"caption":"Memurun Sesi"},"image":{"@id":"https:\/\/memurunsesi.net\/#\/schema\/logo\/image\/"},"sameAs":["https:\/\/www.facebook.com\/unipersen\/?locale=tr_TR","https:\/\/x.com\/unipersen"]},{"@type":"Person","@id":"https:\/\/memurunsesi.net\/#\/schema\/person\/f21c2d73b89f6ee1d80b0a1803e38587","name":"Memurun Sesi Haber Merkezi","image":{"@type":"ImageObject","inLanguage":"tr","@id":"https:\/\/secure.gravatar.com\/avatar\/6cf0505f452ee753f485014986fab09a434671d2b919ee76fc541025c5876a70?s=96&d=mm&r=g","url":"https:\/\/secure.gravatar.com\/avatar\/6cf0505f452ee753f485014986fab09a434671d2b919ee76fc541025c5876a70?s=96&d=mm&r=g","contentUrl":"https:\/\/secure.gravatar.com\/avatar\/6cf0505f452ee753f485014986fab09a434671d2b919ee76fc541025c5876a70?s=96&d=mm&r=g","caption":"Memurun Sesi Haber Merkezi"},"sameAs":["https:\/\/memurunsesi.net"],"url":"https:\/\/memurunsesi.net\/index.php\/author\/uniper\/"}]}},"_links":{"self":[{"href":"https:\/\/memurunsesi.net\/index.php\/wp-json\/wp\/v2\/posts\/5463","targetHints":{"allow":["GET"]}}],"collection":[{"href":"https:\/\/memurunsesi.net\/index.php\/wp-json\/wp\/v2\/posts"}],"about":[{"href":"https:\/\/memurunsesi.net\/index.php\/wp-json\/wp\/v2\/types\/post"}],"author":[{"embeddable":true,"href":"https:\/\/memurunsesi.net\/index.php\/wp-json\/wp\/v2\/users\/1"}],"replies":[{"embeddable":true,"href":"https:\/\/memurunsesi.net\/index.php\/wp-json\/wp\/v2\/comments?post=5463"}],"version-history":[{"count":1,"href":"https:\/\/memurunsesi.net\/index.php\/wp-json\/wp\/v2\/posts\/5463\/revisions"}],"predecessor-version":[{"id":5465,"href":"https:\/\/memurunsesi.net\/index.php\/wp-json\/wp\/v2\/posts\/5463\/revisions\/5465"}],"wp:featuredmedia":[{"embeddable":true,"href":"https:\/\/memurunsesi.net\/index.php\/wp-json\/wp\/v2\/media\/5464"}],"wp:attachment":[{"href":"https:\/\/memurunsesi.net\/index.php\/wp-json\/wp\/v2\/media?parent=5463"}],"wp:term":[{"taxonomy":"category","embeddable":true,"href":"https:\/\/memurunsesi.net\/index.php\/wp-json\/wp\/v2\/categories?post=5463"},{"taxonomy":"post_tag","embeddable":true,"href":"https:\/\/memurunsesi.net\/index.php\/wp-json\/wp\/v2\/tags?post=5463"}],"curies":[{"name":"wp","href":"https:\/\/api.w.org\/{rel}","templated":true}]}}