{"id":5469,"date":"2025-04-17T08:33:15","date_gmt":"2025-04-17T05:33:15","guid":{"rendered":"https:\/\/memurunsesi.net\/?p=5469"},"modified":"2025-04-17T08:33:15","modified_gmt":"2025-04-17T05:33:15","slug":"kirsehir-egitim-arastirma-hastanesinde-2-haftada-31-bin-kisi-tedavi-edildi","status":"publish","type":"post","link":"https:\/\/memurunsesi.net\/index.php\/2025\/04\/17\/kirsehir-egitim-arastirma-hastanesinde-2-haftada-31-bin-kisi-tedavi-edildi\/","title":{"rendered":"K\u0131r\u015fehir E\u011fitim Ara\u015ft\u0131rma Hastanesi&#8217;nde 2 haftada 31 bin ki\u015fi tedavi edildi"},"content":{"rendered":"<p> K\u0131r\u015fehir E\u011fitim Ara\u015ft\u0131rma Hastanesi&#8217;nde ge\u00e7ti\u011fimiz 2 hafta i\u00e7erisinde 31 bin ki\u015fi tedavi edildi.  Ramazan Bayram\u0131 sonras\u0131nda da yo\u011fun hasta talebinin oldu\u011fu hastanede baz\u0131 poliklinik ve acil servislerde fazla mesai yap\u0131ld\u0131. K\u0131r\u015fehir&#8217;in yan\u0131 s\u0131ra \u00e7evre il\u00e7e ve illerden de hasta giri\u015fi alan hastaneye Ortak\u00f6y, Sar\u0131yah\u015fi, Evren, Hac\u0131bekta\u015f, Yerk\u00f6y&#8217;den de \u00f6zellikle acil servis ve polikliniklerde yo\u011fun giri\u015fler kaydedildi.<br \/>\n  Yap\u0131lan a\u00e7\u0131klamada, tedavi s\u00fcre\u00e7lerinin aksamad\u0131\u011f\u0131n\u0131 aktard\u0131.  <\/p>\n<p>16.04.2025                               <\/p>\n","protected":false},"excerpt":{"rendered":"<p>K\u0131r\u015fehir E\u011fitim Ara\u015ft\u0131rma Hastanesi&#8217;nde ge\u00e7ti\u011fimiz 2 hafta i\u00e7erisinde 31 bin ki\u015fi tedavi edildi. Ramazan Bayram\u0131 sonras\u0131nda da yo\u011fun hasta talebinin oldu\u011fu hastanede baz\u0131 poliklinik ve acil servislerde fazla mesai yap\u0131ld\u0131. K\u0131r\u015fehir&#8217;in yan\u0131 s\u0131ra \u00e7evre il\u00e7e ve illerden de hasta giri\u015fi alan hastaneye Ortak\u00f6y, Sar\u0131yah\u015fi, Evren, Hac\u0131bekta\u015f, Yerk\u00f6y&#8217;den de \u00f6zellikle acil servis ve polikliniklerde yo\u011fun giri\u015fler [&hellip;]<\/p>\n","protected":false},"author":1,"featured_media":5470,"comment_status":"open","ping_status":"open","sticky":false,"template":"","format":"standard","meta":{"footnotes":""},"categories":[45],"tags":[],"class_list":["post-5469","post","type-post","status-publish","format-standard","has-post-thumbnail","hentry","category-gundem"],"yoast_head":"<!-- This site is optimized with the Yoast SEO plugin v27.4 - https:\/\/yoast.com\/product\/yoast-seo-wordpress\/ -->\n<title>K\u0131r\u015fehir E\u011fitim Ara\u015ft\u0131rma Hastanesi&#039;nde 2 haftada 31 bin ki\u015fi tedavi edildi - Memurun Sesi<\/title>\n<meta name=\"robots\" content=\"index, follow, max-snippet:-1, max-image-preview:large, max-video-preview:-1\" \/>\n<link rel=\"canonical\" href=\"https:\/\/memurunsesi.net\/index.php\/2025\/04\/17\/kirsehir-egitim-arastirma-hastanesinde-2-haftada-31-bin-kisi-tedavi-edildi\/\" \/>\n<meta property=\"og:locale\" content=\"tr_TR\" \/>\n<meta property=\"og:type\" content=\"article\" \/>\n<meta property=\"og:title\" content=\"K\u0131r\u015fehir E\u011fitim Ara\u015ft\u0131rma Hastanesi&#039;nde 2 haftada 31 bin ki\u015fi tedavi edildi - Memurun Sesi\" \/>\n<meta property=\"og:description\" content=\"K\u0131r\u015fehir E\u011fitim Ara\u015ft\u0131rma Hastanesi&#8217;nde ge\u00e7ti\u011fimiz 2 hafta i\u00e7erisinde 31 bin ki\u015fi tedavi edildi. Ramazan Bayram\u0131 sonras\u0131nda da yo\u011fun hasta talebinin oldu\u011fu hastanede baz\u0131 poliklinik ve acil servislerde fazla mesai yap\u0131ld\u0131. K\u0131r\u015fehir&#8217;in yan\u0131 s\u0131ra \u00e7evre il\u00e7e ve illerden de hasta giri\u015fi alan hastaneye Ortak\u00f6y, Sar\u0131yah\u015fi, Evren, Hac\u0131bekta\u015f, Yerk\u00f6y&#8217;den de \u00f6zellikle acil servis ve polikliniklerde yo\u011fun giri\u015fler [&hellip;]\" \/>\n<meta property=\"og:url\" content=\"https:\/\/memurunsesi.net\/index.php\/2025\/04\/17\/kirsehir-egitim-arastirma-hastanesinde-2-haftada-31-bin-kisi-tedavi-edildi\/\" \/>\n<meta property=\"og:site_name\" content=\"Memurun Sesi\" \/>\n<meta property=\"article:publisher\" content=\"https:\/\/www.facebook.com\/unipersen\/?locale=tr_TR\" \/>\n<meta property=\"article:published_time\" content=\"2025-04-17T05:33:15+00:00\" \/>\n<meta property=\"og:image\" content=\"https:\/\/memurunsesi.net\/wp-content\/uploads\/2025\/04\/AW434330_01.jpg\" \/>\n\t<meta property=\"og:image:width\" content=\"1280\" \/>\n\t<meta property=\"og:image:height\" content=\"720\" \/>\n\t<meta property=\"og:image:type\" content=\"image\/jpeg\" \/>\n<meta name=\"author\" content=\"Memurun Sesi Haber Merkezi\" \/>\n<meta name=\"twitter:card\" content=\"summary_large_image\" \/>\n<meta name=\"twitter:creator\" content=\"@unipersen\" \/>\n<meta name=\"twitter:site\" content=\"@unipersen\" \/>\n<meta name=\"twitter:label1\" content=\"Yazan:\" \/>\n\t<meta name=\"twitter:data1\" content=\"Memurun Sesi Haber Merkezi\" \/>\n\t<meta name=\"twitter:label2\" content=\"Tahmini okuma s\u00fcresi\" \/>\n\t<meta name=\"twitter:data2\" content=\"1 dakika\" \/>\n<script type=\"application\/ld+json\" class=\"yoast-schema-graph\">{\"@context\":\"https:\\\/\\\/schema.org\",\"@graph\":[{\"@type\":\"Article\",\"@id\":\"https:\\\/\\\/memurunsesi.net\\\/index.php\\\/2025\\\/04\\\/17\\\/kirsehir-egitim-arastirma-hastanesinde-2-haftada-31-bin-kisi-tedavi-edildi\\\/#article\",\"isPartOf\":{\"@id\":\"https:\\\/\\\/memurunsesi.net\\\/index.php\\\/2025\\\/04\\\/17\\\/kirsehir-egitim-arastirma-hastanesinde-2-haftada-31-bin-kisi-tedavi-edildi\\\/\"},\"author\":{\"name\":\"Memurun Sesi Haber Merkezi\",\"@id\":\"https:\\\/\\\/memurunsesi.net\\\/#\\\/schema\\\/person\\\/f21c2d73b89f6ee1d80b0a1803e38587\"},\"headline\":\"K\u0131r\u015fehir E\u011fitim Ara\u015ft\u0131rma Hastanesi&#8217;nde 2 haftada 31 bin ki\u015fi tedavi edildi\",\"datePublished\":\"2025-04-17T05:33:15+00:00\",\"mainEntityOfPage\":{\"@id\":\"https:\\\/\\\/memurunsesi.net\\\/index.php\\\/2025\\\/04\\\/17\\\/kirsehir-egitim-arastirma-hastanesinde-2-haftada-31-bin-kisi-tedavi-edildi\\\/\"},\"wordCount\":109,\"commentCount\":0,\"publisher\":{\"@id\":\"https:\\\/\\\/memurunsesi.net\\\/#organization\"},\"image\":{\"@id\":\"https:\\\/\\\/memurunsesi.net\\\/index.php\\\/2025\\\/04\\\/17\\\/kirsehir-egitim-arastirma-hastanesinde-2-haftada-31-bin-kisi-tedavi-edildi\\\/#primaryimage\"},\"thumbnailUrl\":\"https:\\\/\\\/memurunsesi.net\\\/wp-content\\\/uploads\\\/2025\\\/04\\\/AW434330_01.jpg\",\"articleSection\":[\"G\u00fcndem\"],\"inLanguage\":\"tr\",\"potentialAction\":[{\"@type\":\"CommentAction\",\"name\":\"Comment\",\"target\":[\"https:\\\/\\\/memurunsesi.net\\\/index.php\\\/2025\\\/04\\\/17\\\/kirsehir-egitim-arastirma-hastanesinde-2-haftada-31-bin-kisi-tedavi-edildi\\\/#respond\"]}]},{\"@type\":\"WebPage\",\"@id\":\"https:\\\/\\\/memurunsesi.net\\\/index.php\\\/2025\\\/04\\\/17\\\/kirsehir-egitim-arastirma-hastanesinde-2-haftada-31-bin-kisi-tedavi-edildi\\\/\",\"url\":\"https:\\\/\\\/memurunsesi.net\\\/index.php\\\/2025\\\/04\\\/17\\\/kirsehir-egitim-arastirma-hastanesinde-2-haftada-31-bin-kisi-tedavi-edildi\\\/\",\"name\":\"K\u0131r\u015fehir E\u011fitim Ara\u015ft\u0131rma Hastanesi'nde 2 haftada 31 bin ki\u015fi tedavi edildi - Memurun Sesi\",\"isPartOf\":{\"@id\":\"https:\\\/\\\/memurunsesi.net\\\/#website\"},\"primaryImageOfPage\":{\"@id\":\"https:\\\/\\\/memurunsesi.net\\\/index.php\\\/2025\\\/04\\\/17\\\/kirsehir-egitim-arastirma-hastanesinde-2-haftada-31-bin-kisi-tedavi-edildi\\\/#primaryimage\"},\"image\":{\"@id\":\"https:\\\/\\\/memurunsesi.net\\\/index.php\\\/2025\\\/04\\\/17\\\/kirsehir-egitim-arastirma-hastanesinde-2-haftada-31-bin-kisi-tedavi-edildi\\\/#primaryimage\"},\"thumbnailUrl\":\"https:\\\/\\\/memurunsesi.net\\\/wp-content\\\/uploads\\\/2025\\\/04\\\/AW434330_01.jpg\",\"datePublished\":\"2025-04-17T05:33:15+00:00\",\"breadcrumb\":{\"@id\":\"https:\\\/\\\/memurunsesi.net\\\/index.php\\\/2025\\\/04\\\/17\\\/kirsehir-egitim-arastirma-hastanesinde-2-haftada-31-bin-kisi-tedavi-edildi\\\/#breadcrumb\"},\"inLanguage\":\"tr\",\"potentialAction\":[{\"@type\":\"ReadAction\",\"target\":[\"https:\\\/\\\/memurunsesi.net\\\/index.php\\\/2025\\\/04\\\/17\\\/kirsehir-egitim-arastirma-hastanesinde-2-haftada-31-bin-kisi-tedavi-edildi\\\/\"]}]},{\"@type\":\"ImageObject\",\"inLanguage\":\"tr\",\"@id\":\"https:\\\/\\\/memurunsesi.net\\\/index.php\\\/2025\\\/04\\\/17\\\/kirsehir-egitim-arastirma-hastanesinde-2-haftada-31-bin-kisi-tedavi-edildi\\\/#primaryimage\",\"url\":\"https:\\\/\\\/memurunsesi.net\\\/wp-content\\\/uploads\\\/2025\\\/04\\\/AW434330_01.jpg\",\"contentUrl\":\"https:\\\/\\\/memurunsesi.net\\\/wp-content\\\/uploads\\\/2025\\\/04\\\/AW434330_01.jpg\",\"width\":1280,\"height\":720,\"caption\":\"KIR\u015eEH\u0130R E\u011e\u0130T\u0130M ARA\u015eTIRMA HASTANES\u0130NDE RAMAZAN BAYRAMI SONRASINDA 31 B\u0130N K\u0130\u015e\u0130 TEDAV\u0130 ED\u0130LD\u0130. (\u0130HA\\\/KIR\u015eEH\u0130R-\u0130HA) K\u0131r\u015fehir E\u011fitim Ara\u015ft\u0131rma Hastanesi'nde ge\u00e7ti\u011fimiz 2 hafta i\u00e7erisinde 31 bin ki\u015fi tedavi edildi.\"},{\"@type\":\"BreadcrumbList\",\"@id\":\"https:\\\/\\\/memurunsesi.net\\\/index.php\\\/2025\\\/04\\\/17\\\/kirsehir-egitim-arastirma-hastanesinde-2-haftada-31-bin-kisi-tedavi-edildi\\\/#breadcrumb\",\"itemListElement\":[{\"@type\":\"ListItem\",\"position\":1,\"name\":\"Anasayfa\",\"item\":\"https:\\\/\\\/memurunsesi.net\\\/\"},{\"@type\":\"ListItem\",\"position\":2,\"name\":\"K\u0131r\u015fehir E\u011fitim Ara\u015ft\u0131rma Hastanesi&#8217;nde 2 haftada 31 bin ki\u015fi tedavi edildi\"}]},{\"@type\":\"WebSite\",\"@id\":\"https:\\\/\\\/memurunsesi.net\\\/#website\",\"url\":\"https:\\\/\\\/memurunsesi.net\\\/\",\"name\":\"Memurun Sesi\",\"description\":\"G\u00fcncel ve Do\u011fru Haber\",\"publisher\":{\"@id\":\"https:\\\/\\\/memurunsesi.net\\\/#organization\"},\"potentialAction\":[{\"@type\":\"SearchAction\",\"target\":{\"@type\":\"EntryPoint\",\"urlTemplate\":\"https:\\\/\\\/memurunsesi.net\\\/?s={search_term_string}\"},\"query-input\":{\"@type\":\"PropertyValueSpecification\",\"valueRequired\":true,\"valueName\":\"search_term_string\"}}],\"inLanguage\":\"tr\"},{\"@type\":\"Organization\",\"@id\":\"https:\\\/\\\/memurunsesi.net\\\/#organization\",\"name\":\"Memurun Sesi\",\"url\":\"https:\\\/\\\/memurunsesi.net\\\/\",\"logo\":{\"@type\":\"ImageObject\",\"inLanguage\":\"tr\",\"@id\":\"https:\\\/\\\/memurunsesi.net\\\/#\\\/schema\\\/logo\\\/image\\\/\",\"url\":\"https:\\\/\\\/memurunsesi.net\\\/wp-content\\\/uploads\\\/2025\\\/11\\\/cropped-MEMURUN-SESI.png\",\"contentUrl\":\"https:\\\/\\\/memurunsesi.net\\\/wp-content\\\/uploads\\\/2025\\\/11\\\/cropped-MEMURUN-SESI.png\",\"width\":238,\"height\":57,\"caption\":\"Memurun Sesi\"},\"image\":{\"@id\":\"https:\\\/\\\/memurunsesi.net\\\/#\\\/schema\\\/logo\\\/image\\\/\"},\"sameAs\":[\"https:\\\/\\\/www.facebook.com\\\/unipersen\\\/?locale=tr_TR\",\"https:\\\/\\\/x.com\\\/unipersen\"]},{\"@type\":\"Person\",\"@id\":\"https:\\\/\\\/memurunsesi.net\\\/#\\\/schema\\\/person\\\/f21c2d73b89f6ee1d80b0a1803e38587\",\"name\":\"Memurun Sesi Haber Merkezi\",\"image\":{\"@type\":\"ImageObject\",\"inLanguage\":\"tr\",\"@id\":\"https:\\\/\\\/secure.gravatar.com\\\/avatar\\\/6cf0505f452ee753f485014986fab09a434671d2b919ee76fc541025c5876a70?s=96&d=mm&r=g\",\"url\":\"https:\\\/\\\/secure.gravatar.com\\\/avatar\\\/6cf0505f452ee753f485014986fab09a434671d2b919ee76fc541025c5876a70?s=96&d=mm&r=g\",\"contentUrl\":\"https:\\\/\\\/secure.gravatar.com\\\/avatar\\\/6cf0505f452ee753f485014986fab09a434671d2b919ee76fc541025c5876a70?s=96&d=mm&r=g\",\"caption\":\"Memurun Sesi Haber Merkezi\"},\"sameAs\":[\"https:\\\/\\\/memurunsesi.net\"],\"url\":\"https:\\\/\\\/memurunsesi.net\\\/index.php\\\/author\\\/uniper\\\/\"}]}<\/script>\n<!-- \/ Yoast SEO plugin. -->","yoast_head_json":{"title":"K\u0131r\u015fehir E\u011fitim Ara\u015ft\u0131rma Hastanesi'nde 2 haftada 31 bin ki\u015fi tedavi edildi - Memurun Sesi","robots":{"index":"index","follow":"follow","max-snippet":"max-snippet:-1","max-image-preview":"max-image-preview:large","max-video-preview":"max-video-preview:-1"},"canonical":"https:\/\/memurunsesi.net\/index.php\/2025\/04\/17\/kirsehir-egitim-arastirma-hastanesinde-2-haftada-31-bin-kisi-tedavi-edildi\/","og_locale":"tr_TR","og_type":"article","og_title":"K\u0131r\u015fehir E\u011fitim Ara\u015ft\u0131rma Hastanesi'nde 2 haftada 31 bin ki\u015fi tedavi edildi - Memurun Sesi","og_description":"K\u0131r\u015fehir E\u011fitim Ara\u015ft\u0131rma Hastanesi&#8217;nde ge\u00e7ti\u011fimiz 2 hafta i\u00e7erisinde 31 bin ki\u015fi tedavi edildi. Ramazan Bayram\u0131 sonras\u0131nda da yo\u011fun hasta talebinin oldu\u011fu hastanede baz\u0131 poliklinik ve acil servislerde fazla mesai yap\u0131ld\u0131. K\u0131r\u015fehir&#8217;in yan\u0131 s\u0131ra \u00e7evre il\u00e7e ve illerden de hasta giri\u015fi alan hastaneye Ortak\u00f6y, Sar\u0131yah\u015fi, Evren, Hac\u0131bekta\u015f, Yerk\u00f6y&#8217;den de \u00f6zellikle acil servis ve polikliniklerde yo\u011fun giri\u015fler [&hellip;]","og_url":"https:\/\/memurunsesi.net\/index.php\/2025\/04\/17\/kirsehir-egitim-arastirma-hastanesinde-2-haftada-31-bin-kisi-tedavi-edildi\/","og_site_name":"Memurun Sesi","article_publisher":"https:\/\/www.facebook.com\/unipersen\/?locale=tr_TR","article_published_time":"2025-04-17T05:33:15+00:00","og_image":[{"width":1280,"height":720,"url":"https:\/\/memurunsesi.net\/wp-content\/uploads\/2025\/04\/AW434330_01.jpg","type":"image\/jpeg"}],"author":"Memurun Sesi Haber Merkezi","twitter_card":"summary_large_image","twitter_creator":"@unipersen","twitter_site":"@unipersen","twitter_misc":{"Yazan:":"Memurun Sesi Haber Merkezi","Tahmini okuma s\u00fcresi":"1 dakika"},"schema":{"@context":"https:\/\/schema.org","@graph":[{"@type":"Article","@id":"https:\/\/memurunsesi.net\/index.php\/2025\/04\/17\/kirsehir-egitim-arastirma-hastanesinde-2-haftada-31-bin-kisi-tedavi-edildi\/#article","isPartOf":{"@id":"https:\/\/memurunsesi.net\/index.php\/2025\/04\/17\/kirsehir-egitim-arastirma-hastanesinde-2-haftada-31-bin-kisi-tedavi-edildi\/"},"author":{"name":"Memurun Sesi Haber Merkezi","@id":"https:\/\/memurunsesi.net\/#\/schema\/person\/f21c2d73b89f6ee1d80b0a1803e38587"},"headline":"K\u0131r\u015fehir E\u011fitim Ara\u015ft\u0131rma Hastanesi&#8217;nde 2 haftada 31 bin ki\u015fi tedavi edildi","datePublished":"2025-04-17T05:33:15+00:00","mainEntityOfPage":{"@id":"https:\/\/memurunsesi.net\/index.php\/2025\/04\/17\/kirsehir-egitim-arastirma-hastanesinde-2-haftada-31-bin-kisi-tedavi-edildi\/"},"wordCount":109,"commentCount":0,"publisher":{"@id":"https:\/\/memurunsesi.net\/#organization"},"image":{"@id":"https:\/\/memurunsesi.net\/index.php\/2025\/04\/17\/kirsehir-egitim-arastirma-hastanesinde-2-haftada-31-bin-kisi-tedavi-edildi\/#primaryimage"},"thumbnailUrl":"https:\/\/memurunsesi.net\/wp-content\/uploads\/2025\/04\/AW434330_01.jpg","articleSection":["G\u00fcndem"],"inLanguage":"tr","potentialAction":[{"@type":"CommentAction","name":"Comment","target":["https:\/\/memurunsesi.net\/index.php\/2025\/04\/17\/kirsehir-egitim-arastirma-hastanesinde-2-haftada-31-bin-kisi-tedavi-edildi\/#respond"]}]},{"@type":"WebPage","@id":"https:\/\/memurunsesi.net\/index.php\/2025\/04\/17\/kirsehir-egitim-arastirma-hastanesinde-2-haftada-31-bin-kisi-tedavi-edildi\/","url":"https:\/\/memurunsesi.net\/index.php\/2025\/04\/17\/kirsehir-egitim-arastirma-hastanesinde-2-haftada-31-bin-kisi-tedavi-edildi\/","name":"K\u0131r\u015fehir E\u011fitim Ara\u015ft\u0131rma Hastanesi'nde 2 haftada 31 bin ki\u015fi tedavi edildi - Memurun Sesi","isPartOf":{"@id":"https:\/\/memurunsesi.net\/#website"},"primaryImageOfPage":{"@id":"https:\/\/memurunsesi.net\/index.php\/2025\/04\/17\/kirsehir-egitim-arastirma-hastanesinde-2-haftada-31-bin-kisi-tedavi-edildi\/#primaryimage"},"image":{"@id":"https:\/\/memurunsesi.net\/index.php\/2025\/04\/17\/kirsehir-egitim-arastirma-hastanesinde-2-haftada-31-bin-kisi-tedavi-edildi\/#primaryimage"},"thumbnailUrl":"https:\/\/memurunsesi.net\/wp-content\/uploads\/2025\/04\/AW434330_01.jpg","datePublished":"2025-04-17T05:33:15+00:00","breadcrumb":{"@id":"https:\/\/memurunsesi.net\/index.php\/2025\/04\/17\/kirsehir-egitim-arastirma-hastanesinde-2-haftada-31-bin-kisi-tedavi-edildi\/#breadcrumb"},"inLanguage":"tr","potentialAction":[{"@type":"ReadAction","target":["https:\/\/memurunsesi.net\/index.php\/2025\/04\/17\/kirsehir-egitim-arastirma-hastanesinde-2-haftada-31-bin-kisi-tedavi-edildi\/"]}]},{"@type":"ImageObject","inLanguage":"tr","@id":"https:\/\/memurunsesi.net\/index.php\/2025\/04\/17\/kirsehir-egitim-arastirma-hastanesinde-2-haftada-31-bin-kisi-tedavi-edildi\/#primaryimage","url":"https:\/\/memurunsesi.net\/wp-content\/uploads\/2025\/04\/AW434330_01.jpg","contentUrl":"https:\/\/memurunsesi.net\/wp-content\/uploads\/2025\/04\/AW434330_01.jpg","width":1280,"height":720,"caption":"KIR\u015eEH\u0130R E\u011e\u0130T\u0130M ARA\u015eTIRMA HASTANES\u0130NDE RAMAZAN BAYRAMI SONRASINDA 31 B\u0130N K\u0130\u015e\u0130 TEDAV\u0130 ED\u0130LD\u0130. (\u0130HA\/KIR\u015eEH\u0130R-\u0130HA) K\u0131r\u015fehir E\u011fitim Ara\u015ft\u0131rma Hastanesi'nde ge\u00e7ti\u011fimiz 2 hafta i\u00e7erisinde 31 bin ki\u015fi tedavi edildi."},{"@type":"BreadcrumbList","@id":"https:\/\/memurunsesi.net\/index.php\/2025\/04\/17\/kirsehir-egitim-arastirma-hastanesinde-2-haftada-31-bin-kisi-tedavi-edildi\/#breadcrumb","itemListElement":[{"@type":"ListItem","position":1,"name":"Anasayfa","item":"https:\/\/memurunsesi.net\/"},{"@type":"ListItem","position":2,"name":"K\u0131r\u015fehir E\u011fitim Ara\u015ft\u0131rma Hastanesi&#8217;nde 2 haftada 31 bin ki\u015fi tedavi edildi"}]},{"@type":"WebSite","@id":"https:\/\/memurunsesi.net\/#website","url":"https:\/\/memurunsesi.net\/","name":"Memurun Sesi","description":"G\u00fcncel ve Do\u011fru Haber","publisher":{"@id":"https:\/\/memurunsesi.net\/#organization"},"potentialAction":[{"@type":"SearchAction","target":{"@type":"EntryPoint","urlTemplate":"https:\/\/memurunsesi.net\/?s={search_term_string}"},"query-input":{"@type":"PropertyValueSpecification","valueRequired":true,"valueName":"search_term_string"}}],"inLanguage":"tr"},{"@type":"Organization","@id":"https:\/\/memurunsesi.net\/#organization","name":"Memurun Sesi","url":"https:\/\/memurunsesi.net\/","logo":{"@type":"ImageObject","inLanguage":"tr","@id":"https:\/\/memurunsesi.net\/#\/schema\/logo\/image\/","url":"https:\/\/memurunsesi.net\/wp-content\/uploads\/2025\/11\/cropped-MEMURUN-SESI.png","contentUrl":"https:\/\/memurunsesi.net\/wp-content\/uploads\/2025\/11\/cropped-MEMURUN-SESI.png","width":238,"height":57,"caption":"Memurun Sesi"},"image":{"@id":"https:\/\/memurunsesi.net\/#\/schema\/logo\/image\/"},"sameAs":["https:\/\/www.facebook.com\/unipersen\/?locale=tr_TR","https:\/\/x.com\/unipersen"]},{"@type":"Person","@id":"https:\/\/memurunsesi.net\/#\/schema\/person\/f21c2d73b89f6ee1d80b0a1803e38587","name":"Memurun Sesi Haber Merkezi","image":{"@type":"ImageObject","inLanguage":"tr","@id":"https:\/\/secure.gravatar.com\/avatar\/6cf0505f452ee753f485014986fab09a434671d2b919ee76fc541025c5876a70?s=96&d=mm&r=g","url":"https:\/\/secure.gravatar.com\/avatar\/6cf0505f452ee753f485014986fab09a434671d2b919ee76fc541025c5876a70?s=96&d=mm&r=g","contentUrl":"https:\/\/secure.gravatar.com\/avatar\/6cf0505f452ee753f485014986fab09a434671d2b919ee76fc541025c5876a70?s=96&d=mm&r=g","caption":"Memurun Sesi Haber Merkezi"},"sameAs":["https:\/\/memurunsesi.net"],"url":"https:\/\/memurunsesi.net\/index.php\/author\/uniper\/"}]}},"_links":{"self":[{"href":"https:\/\/memurunsesi.net\/index.php\/wp-json\/wp\/v2\/posts\/5469","targetHints":{"allow":["GET"]}}],"collection":[{"href":"https:\/\/memurunsesi.net\/index.php\/wp-json\/wp\/v2\/posts"}],"about":[{"href":"https:\/\/memurunsesi.net\/index.php\/wp-json\/wp\/v2\/types\/post"}],"author":[{"embeddable":true,"href":"https:\/\/memurunsesi.net\/index.php\/wp-json\/wp\/v2\/users\/1"}],"replies":[{"embeddable":true,"href":"https:\/\/memurunsesi.net\/index.php\/wp-json\/wp\/v2\/comments?post=5469"}],"version-history":[{"count":1,"href":"https:\/\/memurunsesi.net\/index.php\/wp-json\/wp\/v2\/posts\/5469\/revisions"}],"predecessor-version":[{"id":5471,"href":"https:\/\/memurunsesi.net\/index.php\/wp-json\/wp\/v2\/posts\/5469\/revisions\/5471"}],"wp:featuredmedia":[{"embeddable":true,"href":"https:\/\/memurunsesi.net\/index.php\/wp-json\/wp\/v2\/media\/5470"}],"wp:attachment":[{"href":"https:\/\/memurunsesi.net\/index.php\/wp-json\/wp\/v2\/media?parent=5469"}],"wp:term":[{"taxonomy":"category","embeddable":true,"href":"https:\/\/memurunsesi.net\/index.php\/wp-json\/wp\/v2\/categories?post=5469"},{"taxonomy":"post_tag","embeddable":true,"href":"https:\/\/memurunsesi.net\/index.php\/wp-json\/wp\/v2\/tags?post=5469"}],"curies":[{"name":"wp","href":"https:\/\/api.w.org\/{rel}","templated":true}]}}