{"id":5472,"date":"2025-04-17T08:34:35","date_gmt":"2025-04-17T05:34:35","guid":{"rendered":"https:\/\/memurunsesi.net\/?p=5472"},"modified":"2025-04-17T08:34:35","modified_gmt":"2025-04-17T05:34:35","slug":"bayern-munih-ve-arsenal-yari-finalde","status":"publish","type":"post","link":"https:\/\/memurunsesi.net\/index.php\/2025\/04\/17\/bayern-munih-ve-arsenal-yari-finalde\/","title":{"rendered":"Bayern M\u00fcnih ve Arsenal yar\u0131 finalde"},"content":{"rendered":"<p>  &#8211; UEFA \u015eampiyonlar Ligi: Real Madrid: 1 &#8211; Arsenal: 2<br \/>\n  &#8211; UEFA \u015eampiyonlar Ligi: Inter: 2 &#8211; Bayern M\u00fcnih: 2   <\/p>\n<p> UEFA \u015eampiyonlar Ligi&#8217;nde son yar\u0131 finalistler de belli oldu. Rakiplerini eleyen Inter ve Arsenal yar\u0131 finale isimlerini yazd\u0131rd\u0131.<br \/>\nAvrupa futbolunun kul\u00fcp d\u00fczeyindeki bir numaral\u0131 organizasyonunda \u00e7eyrek final ikinci kar\u015f\u0131la\u015fmalar\u0131 heyecan\u0131 bu ak\u015fam oynanan ma\u00e7larla sona erdi. Ge\u00e7ti\u011fimiz hafta sahas\u0131nda \u0130spanyol devi Real Madrid&#8217;i 3-0 ma\u011flup eden \u0130ngiliz ekibi Arsenal, deplasmanda rakibini 2-1 yenerek yar\u0131 final biletini ald\u0131. Arsenal 13. dakikada Bukayo Saka ile bir penalt\u0131 at\u0131\u015f\u0131ndan yararlanamazken, ilk yar\u0131 gols\u00fcz sona erdi. 65. dakikada Saka&#8217;n\u0131n gol\u00fcyle Arsenal 1-0 \u00f6ne ge\u00e7erken, Real Madrid 67. dakikada Junior Vinicius&#8217;un fileleri havaland\u0131rmas\u0131yla skoru 1-1&#8217;e getirdi. 90+4. dakikada Gabriel Martinelli&#8217;nin gol\u00fcyle Arsenal, sahadan 2-1 galip ayr\u0131larak tur atlad\u0131. <\/p>\n<p>  Inter, Bayern M\u00fcnih&#8217;i eledi<br \/>\n  Gecenin di\u011fer ma\u00e7\u0131nda Inter, deplasmanda 2-1 ma\u011flup etti\u011fi Bayern M\u00fcnih ile sahas\u0131nda 2-2 berabere kald\u0131 ve yar\u0131 finale y\u00fckselen bir di\u011fer tak\u0131m oldu. \u0130lk yar\u0131da gol sesi \u00e7\u0131kmad\u0131. 52. dakikada Bayern M\u00fcnih, Harry Kane ile 1-0 \u00f6ne ge\u00e7erken, 58. dakikada Lautaro Martinez ile 61. dakikada Hakan \u00c7alhano\u011flu&#8217;nun asistinde Benjamin Pavard&#8217;\u0131n golleriyle \u0130talyan ekibi 1-0 geriden skoru 2-1&#8217;e getirdi. 76. dakikada Alman ekibi Eric Dier&#8217;in gol\u00fcyle umutlansa da 90 dakika 2-2 sona erdi ve Inter yar\u0131 finale y\u00fckseldi. <\/p>\n<p>17.04.2025                                <\/p>\n","protected":false},"excerpt":{"rendered":"<p>&#8211; UEFA \u015eampiyonlar Ligi: Real Madrid: 1 &#8211; Arsenal: 2 &#8211; UEFA \u015eampiyonlar Ligi: Inter: 2 &#8211; Bayern M\u00fcnih: 2 UEFA \u015eampiyonlar Ligi&#8217;nde son yar\u0131 finalistler de belli oldu. Rakiplerini eleyen Inter ve Arsenal yar\u0131 finale isimlerini yazd\u0131rd\u0131. Avrupa futbolunun kul\u00fcp d\u00fczeyindeki bir numaral\u0131 organizasyonunda \u00e7eyrek final ikinci kar\u015f\u0131la\u015fmalar\u0131 heyecan\u0131 bu ak\u015fam oynanan ma\u00e7larla sona [&hellip;]<\/p>\n","protected":false},"author":1,"featured_media":5473,"comment_status":"open","ping_status":"open","sticky":false,"template":"","format":"standard","meta":{"footnotes":""},"categories":[57],"tags":[],"class_list":["post-5472","post","type-post","status-publish","format-standard","has-post-thumbnail","hentry","category-spor"],"yoast_head":"<!-- This site is optimized with the Yoast SEO plugin v27.4 - https:\/\/yoast.com\/product\/yoast-seo-wordpress\/ -->\n<title>Bayern M\u00fcnih ve Arsenal yar\u0131 finalde - Memurun Sesi<\/title>\n<meta name=\"robots\" content=\"index, follow, max-snippet:-1, max-image-preview:large, max-video-preview:-1\" \/>\n<link rel=\"canonical\" href=\"https:\/\/memurunsesi.net\/index.php\/2025\/04\/17\/bayern-munih-ve-arsenal-yari-finalde\/\" \/>\n<meta property=\"og:locale\" content=\"tr_TR\" \/>\n<meta property=\"og:type\" content=\"article\" \/>\n<meta property=\"og:title\" content=\"Bayern M\u00fcnih ve Arsenal yar\u0131 finalde - Memurun Sesi\" \/>\n<meta property=\"og:description\" content=\"&#8211; UEFA \u015eampiyonlar Ligi: Real Madrid: 1 &#8211; Arsenal: 2 &#8211; UEFA \u015eampiyonlar Ligi: Inter: 2 &#8211; Bayern M\u00fcnih: 2 UEFA \u015eampiyonlar Ligi&#8217;nde son yar\u0131 finalistler de belli oldu. Rakiplerini eleyen Inter ve Arsenal yar\u0131 finale isimlerini yazd\u0131rd\u0131. Avrupa futbolunun kul\u00fcp d\u00fczeyindeki bir numaral\u0131 organizasyonunda \u00e7eyrek final ikinci kar\u015f\u0131la\u015fmalar\u0131 heyecan\u0131 bu ak\u015fam oynanan ma\u00e7larla sona [&hellip;]\" \/>\n<meta property=\"og:url\" content=\"https:\/\/memurunsesi.net\/index.php\/2025\/04\/17\/bayern-munih-ve-arsenal-yari-finalde\/\" \/>\n<meta property=\"og:site_name\" content=\"Memurun Sesi\" \/>\n<meta property=\"article:publisher\" content=\"https:\/\/www.facebook.com\/unipersen\/?locale=tr_TR\" \/>\n<meta property=\"article:published_time\" content=\"2025-04-17T05:34:35+00:00\" \/>\n<meta property=\"og:image\" content=\"https:\/\/memurunsesi.net\/wp-content\/uploads\/2025\/04\/AW434428_01-scaled.jpg\" \/>\n\t<meta property=\"og:image:width\" content=\"2560\" \/>\n\t<meta property=\"og:image:height\" content=\"1709\" \/>\n\t<meta property=\"og:image:type\" content=\"image\/jpeg\" \/>\n<meta name=\"author\" content=\"Memurun Sesi Haber Merkezi\" \/>\n<meta name=\"twitter:card\" content=\"summary_large_image\" \/>\n<meta name=\"twitter:creator\" content=\"@unipersen\" \/>\n<meta name=\"twitter:site\" content=\"@unipersen\" \/>\n<meta name=\"twitter:label1\" content=\"Yazan:\" \/>\n\t<meta name=\"twitter:data1\" content=\"Memurun Sesi Haber Merkezi\" \/>\n<script type=\"application\/ld+json\" class=\"yoast-schema-graph\">{\"@context\":\"https:\\\/\\\/schema.org\",\"@graph\":[{\"@type\":\"Article\",\"@id\":\"https:\\\/\\\/memurunsesi.net\\\/index.php\\\/2025\\\/04\\\/17\\\/bayern-munih-ve-arsenal-yari-finalde\\\/#article\",\"isPartOf\":{\"@id\":\"https:\\\/\\\/memurunsesi.net\\\/index.php\\\/2025\\\/04\\\/17\\\/bayern-munih-ve-arsenal-yari-finalde\\\/\"},\"author\":{\"name\":\"Memurun Sesi Haber Merkezi\",\"@id\":\"https:\\\/\\\/memurunsesi.net\\\/#\\\/schema\\\/person\\\/f21c2d73b89f6ee1d80b0a1803e38587\"},\"headline\":\"Bayern M\u00fcnih ve Arsenal yar\u0131 finalde\",\"datePublished\":\"2025-04-17T05:34:35+00:00\",\"mainEntityOfPage\":{\"@id\":\"https:\\\/\\\/memurunsesi.net\\\/index.php\\\/2025\\\/04\\\/17\\\/bayern-munih-ve-arsenal-yari-finalde\\\/\"},\"wordCount\":246,\"commentCount\":0,\"publisher\":{\"@id\":\"https:\\\/\\\/memurunsesi.net\\\/#organization\"},\"image\":{\"@id\":\"https:\\\/\\\/memurunsesi.net\\\/index.php\\\/2025\\\/04\\\/17\\\/bayern-munih-ve-arsenal-yari-finalde\\\/#primaryimage\"},\"thumbnailUrl\":\"https:\\\/\\\/memurunsesi.net\\\/wp-content\\\/uploads\\\/2025\\\/04\\\/AW434428_01-scaled.jpg\",\"articleSection\":[\"Spor\"],\"inLanguage\":\"tr\",\"potentialAction\":[{\"@type\":\"CommentAction\",\"name\":\"Comment\",\"target\":[\"https:\\\/\\\/memurunsesi.net\\\/index.php\\\/2025\\\/04\\\/17\\\/bayern-munih-ve-arsenal-yari-finalde\\\/#respond\"]}]},{\"@type\":\"WebPage\",\"@id\":\"https:\\\/\\\/memurunsesi.net\\\/index.php\\\/2025\\\/04\\\/17\\\/bayern-munih-ve-arsenal-yari-finalde\\\/\",\"url\":\"https:\\\/\\\/memurunsesi.net\\\/index.php\\\/2025\\\/04\\\/17\\\/bayern-munih-ve-arsenal-yari-finalde\\\/\",\"name\":\"Bayern M\u00fcnih ve Arsenal yar\u0131 finalde - Memurun Sesi\",\"isPartOf\":{\"@id\":\"https:\\\/\\\/memurunsesi.net\\\/#website\"},\"primaryImageOfPage\":{\"@id\":\"https:\\\/\\\/memurunsesi.net\\\/index.php\\\/2025\\\/04\\\/17\\\/bayern-munih-ve-arsenal-yari-finalde\\\/#primaryimage\"},\"image\":{\"@id\":\"https:\\\/\\\/memurunsesi.net\\\/index.php\\\/2025\\\/04\\\/17\\\/bayern-munih-ve-arsenal-yari-finalde\\\/#primaryimage\"},\"thumbnailUrl\":\"https:\\\/\\\/memurunsesi.net\\\/wp-content\\\/uploads\\\/2025\\\/04\\\/AW434428_01-scaled.jpg\",\"datePublished\":\"2025-04-17T05:34:35+00:00\",\"breadcrumb\":{\"@id\":\"https:\\\/\\\/memurunsesi.net\\\/index.php\\\/2025\\\/04\\\/17\\\/bayern-munih-ve-arsenal-yari-finalde\\\/#breadcrumb\"},\"inLanguage\":\"tr\",\"potentialAction\":[{\"@type\":\"ReadAction\",\"target\":[\"https:\\\/\\\/memurunsesi.net\\\/index.php\\\/2025\\\/04\\\/17\\\/bayern-munih-ve-arsenal-yari-finalde\\\/\"]}]},{\"@type\":\"ImageObject\",\"inLanguage\":\"tr\",\"@id\":\"https:\\\/\\\/memurunsesi.net\\\/index.php\\\/2025\\\/04\\\/17\\\/bayern-munih-ve-arsenal-yari-finalde\\\/#primaryimage\",\"url\":\"https:\\\/\\\/memurunsesi.net\\\/wp-content\\\/uploads\\\/2025\\\/04\\\/AW434428_01-scaled.jpg\",\"contentUrl\":\"https:\\\/\\\/memurunsesi.net\\\/wp-content\\\/uploads\\\/2025\\\/04\\\/AW434428_01-scaled.jpg\",\"width\":2560,\"height\":1709,\"caption\":\"epa12035775 Real Madrid's Vinicius Jr (R) in action against Arsenal's Bukayo Saka (L) during the UEFA Champions League quarter final 2nd leg soccer match between Real Madrid and Arsenal FC, in Madrid, Spain, 16 April 2025. EPA-EFE\\\/Chema Moya\"},{\"@type\":\"BreadcrumbList\",\"@id\":\"https:\\\/\\\/memurunsesi.net\\\/index.php\\\/2025\\\/04\\\/17\\\/bayern-munih-ve-arsenal-yari-finalde\\\/#breadcrumb\",\"itemListElement\":[{\"@type\":\"ListItem\",\"position\":1,\"name\":\"Anasayfa\",\"item\":\"https:\\\/\\\/memurunsesi.net\\\/\"},{\"@type\":\"ListItem\",\"position\":2,\"name\":\"Bayern M\u00fcnih ve Arsenal yar\u0131 finalde\"}]},{\"@type\":\"WebSite\",\"@id\":\"https:\\\/\\\/memurunsesi.net\\\/#website\",\"url\":\"https:\\\/\\\/memurunsesi.net\\\/\",\"name\":\"Memurun Sesi\",\"description\":\"G\u00fcncel ve Do\u011fru Haber\",\"publisher\":{\"@id\":\"https:\\\/\\\/memurunsesi.net\\\/#organization\"},\"potentialAction\":[{\"@type\":\"SearchAction\",\"target\":{\"@type\":\"EntryPoint\",\"urlTemplate\":\"https:\\\/\\\/memurunsesi.net\\\/?s={search_term_string}\"},\"query-input\":{\"@type\":\"PropertyValueSpecification\",\"valueRequired\":true,\"valueName\":\"search_term_string\"}}],\"inLanguage\":\"tr\"},{\"@type\":\"Organization\",\"@id\":\"https:\\\/\\\/memurunsesi.net\\\/#organization\",\"name\":\"Memurun Sesi\",\"url\":\"https:\\\/\\\/memurunsesi.net\\\/\",\"logo\":{\"@type\":\"ImageObject\",\"inLanguage\":\"tr\",\"@id\":\"https:\\\/\\\/memurunsesi.net\\\/#\\\/schema\\\/logo\\\/image\\\/\",\"url\":\"https:\\\/\\\/memurunsesi.net\\\/wp-content\\\/uploads\\\/2025\\\/11\\\/cropped-MEMURUN-SESI.png\",\"contentUrl\":\"https:\\\/\\\/memurunsesi.net\\\/wp-content\\\/uploads\\\/2025\\\/11\\\/cropped-MEMURUN-SESI.png\",\"width\":238,\"height\":57,\"caption\":\"Memurun Sesi\"},\"image\":{\"@id\":\"https:\\\/\\\/memurunsesi.net\\\/#\\\/schema\\\/logo\\\/image\\\/\"},\"sameAs\":[\"https:\\\/\\\/www.facebook.com\\\/unipersen\\\/?locale=tr_TR\",\"https:\\\/\\\/x.com\\\/unipersen\"]},{\"@type\":\"Person\",\"@id\":\"https:\\\/\\\/memurunsesi.net\\\/#\\\/schema\\\/person\\\/f21c2d73b89f6ee1d80b0a1803e38587\",\"name\":\"Memurun Sesi Haber Merkezi\",\"image\":{\"@type\":\"ImageObject\",\"inLanguage\":\"tr\",\"@id\":\"https:\\\/\\\/secure.gravatar.com\\\/avatar\\\/6cf0505f452ee753f485014986fab09a434671d2b919ee76fc541025c5876a70?s=96&d=mm&r=g\",\"url\":\"https:\\\/\\\/secure.gravatar.com\\\/avatar\\\/6cf0505f452ee753f485014986fab09a434671d2b919ee76fc541025c5876a70?s=96&d=mm&r=g\",\"contentUrl\":\"https:\\\/\\\/secure.gravatar.com\\\/avatar\\\/6cf0505f452ee753f485014986fab09a434671d2b919ee76fc541025c5876a70?s=96&d=mm&r=g\",\"caption\":\"Memurun Sesi Haber Merkezi\"},\"sameAs\":[\"https:\\\/\\\/memurunsesi.net\"],\"url\":\"https:\\\/\\\/memurunsesi.net\\\/index.php\\\/author\\\/uniper\\\/\"}]}<\/script>\n<!-- \/ Yoast SEO plugin. -->","yoast_head_json":{"title":"Bayern M\u00fcnih ve Arsenal yar\u0131 finalde - Memurun Sesi","robots":{"index":"index","follow":"follow","max-snippet":"max-snippet:-1","max-image-preview":"max-image-preview:large","max-video-preview":"max-video-preview:-1"},"canonical":"https:\/\/memurunsesi.net\/index.php\/2025\/04\/17\/bayern-munih-ve-arsenal-yari-finalde\/","og_locale":"tr_TR","og_type":"article","og_title":"Bayern M\u00fcnih ve Arsenal yar\u0131 finalde - Memurun Sesi","og_description":"&#8211; UEFA \u015eampiyonlar Ligi: Real Madrid: 1 &#8211; Arsenal: 2 &#8211; UEFA \u015eampiyonlar Ligi: Inter: 2 &#8211; Bayern M\u00fcnih: 2 UEFA \u015eampiyonlar Ligi&#8217;nde son yar\u0131 finalistler de belli oldu. Rakiplerini eleyen Inter ve Arsenal yar\u0131 finale isimlerini yazd\u0131rd\u0131. Avrupa futbolunun kul\u00fcp d\u00fczeyindeki bir numaral\u0131 organizasyonunda \u00e7eyrek final ikinci kar\u015f\u0131la\u015fmalar\u0131 heyecan\u0131 bu ak\u015fam oynanan ma\u00e7larla sona [&hellip;]","og_url":"https:\/\/memurunsesi.net\/index.php\/2025\/04\/17\/bayern-munih-ve-arsenal-yari-finalde\/","og_site_name":"Memurun Sesi","article_publisher":"https:\/\/www.facebook.com\/unipersen\/?locale=tr_TR","article_published_time":"2025-04-17T05:34:35+00:00","og_image":[{"width":2560,"height":1709,"url":"https:\/\/memurunsesi.net\/wp-content\/uploads\/2025\/04\/AW434428_01-scaled.jpg","type":"image\/jpeg"}],"author":"Memurun Sesi Haber Merkezi","twitter_card":"summary_large_image","twitter_creator":"@unipersen","twitter_site":"@unipersen","twitter_misc":{"Yazan:":"Memurun Sesi Haber Merkezi"},"schema":{"@context":"https:\/\/schema.org","@graph":[{"@type":"Article","@id":"https:\/\/memurunsesi.net\/index.php\/2025\/04\/17\/bayern-munih-ve-arsenal-yari-finalde\/#article","isPartOf":{"@id":"https:\/\/memurunsesi.net\/index.php\/2025\/04\/17\/bayern-munih-ve-arsenal-yari-finalde\/"},"author":{"name":"Memurun Sesi Haber Merkezi","@id":"https:\/\/memurunsesi.net\/#\/schema\/person\/f21c2d73b89f6ee1d80b0a1803e38587"},"headline":"Bayern M\u00fcnih ve Arsenal yar\u0131 finalde","datePublished":"2025-04-17T05:34:35+00:00","mainEntityOfPage":{"@id":"https:\/\/memurunsesi.net\/index.php\/2025\/04\/17\/bayern-munih-ve-arsenal-yari-finalde\/"},"wordCount":246,"commentCount":0,"publisher":{"@id":"https:\/\/memurunsesi.net\/#organization"},"image":{"@id":"https:\/\/memurunsesi.net\/index.php\/2025\/04\/17\/bayern-munih-ve-arsenal-yari-finalde\/#primaryimage"},"thumbnailUrl":"https:\/\/memurunsesi.net\/wp-content\/uploads\/2025\/04\/AW434428_01-scaled.jpg","articleSection":["Spor"],"inLanguage":"tr","potentialAction":[{"@type":"CommentAction","name":"Comment","target":["https:\/\/memurunsesi.net\/index.php\/2025\/04\/17\/bayern-munih-ve-arsenal-yari-finalde\/#respond"]}]},{"@type":"WebPage","@id":"https:\/\/memurunsesi.net\/index.php\/2025\/04\/17\/bayern-munih-ve-arsenal-yari-finalde\/","url":"https:\/\/memurunsesi.net\/index.php\/2025\/04\/17\/bayern-munih-ve-arsenal-yari-finalde\/","name":"Bayern M\u00fcnih ve Arsenal yar\u0131 finalde - Memurun Sesi","isPartOf":{"@id":"https:\/\/memurunsesi.net\/#website"},"primaryImageOfPage":{"@id":"https:\/\/memurunsesi.net\/index.php\/2025\/04\/17\/bayern-munih-ve-arsenal-yari-finalde\/#primaryimage"},"image":{"@id":"https:\/\/memurunsesi.net\/index.php\/2025\/04\/17\/bayern-munih-ve-arsenal-yari-finalde\/#primaryimage"},"thumbnailUrl":"https:\/\/memurunsesi.net\/wp-content\/uploads\/2025\/04\/AW434428_01-scaled.jpg","datePublished":"2025-04-17T05:34:35+00:00","breadcrumb":{"@id":"https:\/\/memurunsesi.net\/index.php\/2025\/04\/17\/bayern-munih-ve-arsenal-yari-finalde\/#breadcrumb"},"inLanguage":"tr","potentialAction":[{"@type":"ReadAction","target":["https:\/\/memurunsesi.net\/index.php\/2025\/04\/17\/bayern-munih-ve-arsenal-yari-finalde\/"]}]},{"@type":"ImageObject","inLanguage":"tr","@id":"https:\/\/memurunsesi.net\/index.php\/2025\/04\/17\/bayern-munih-ve-arsenal-yari-finalde\/#primaryimage","url":"https:\/\/memurunsesi.net\/wp-content\/uploads\/2025\/04\/AW434428_01-scaled.jpg","contentUrl":"https:\/\/memurunsesi.net\/wp-content\/uploads\/2025\/04\/AW434428_01-scaled.jpg","width":2560,"height":1709,"caption":"epa12035775 Real Madrid's Vinicius Jr (R) in action against Arsenal's Bukayo Saka (L) during the UEFA Champions League quarter final 2nd leg soccer match between Real Madrid and Arsenal FC, in Madrid, Spain, 16 April 2025. EPA-EFE\/Chema Moya"},{"@type":"BreadcrumbList","@id":"https:\/\/memurunsesi.net\/index.php\/2025\/04\/17\/bayern-munih-ve-arsenal-yari-finalde\/#breadcrumb","itemListElement":[{"@type":"ListItem","position":1,"name":"Anasayfa","item":"https:\/\/memurunsesi.net\/"},{"@type":"ListItem","position":2,"name":"Bayern M\u00fcnih ve Arsenal yar\u0131 finalde"}]},{"@type":"WebSite","@id":"https:\/\/memurunsesi.net\/#website","url":"https:\/\/memurunsesi.net\/","name":"Memurun Sesi","description":"G\u00fcncel ve Do\u011fru Haber","publisher":{"@id":"https:\/\/memurunsesi.net\/#organization"},"potentialAction":[{"@type":"SearchAction","target":{"@type":"EntryPoint","urlTemplate":"https:\/\/memurunsesi.net\/?s={search_term_string}"},"query-input":{"@type":"PropertyValueSpecification","valueRequired":true,"valueName":"search_term_string"}}],"inLanguage":"tr"},{"@type":"Organization","@id":"https:\/\/memurunsesi.net\/#organization","name":"Memurun Sesi","url":"https:\/\/memurunsesi.net\/","logo":{"@type":"ImageObject","inLanguage":"tr","@id":"https:\/\/memurunsesi.net\/#\/schema\/logo\/image\/","url":"https:\/\/memurunsesi.net\/wp-content\/uploads\/2025\/11\/cropped-MEMURUN-SESI.png","contentUrl":"https:\/\/memurunsesi.net\/wp-content\/uploads\/2025\/11\/cropped-MEMURUN-SESI.png","width":238,"height":57,"caption":"Memurun Sesi"},"image":{"@id":"https:\/\/memurunsesi.net\/#\/schema\/logo\/image\/"},"sameAs":["https:\/\/www.facebook.com\/unipersen\/?locale=tr_TR","https:\/\/x.com\/unipersen"]},{"@type":"Person","@id":"https:\/\/memurunsesi.net\/#\/schema\/person\/f21c2d73b89f6ee1d80b0a1803e38587","name":"Memurun Sesi Haber Merkezi","image":{"@type":"ImageObject","inLanguage":"tr","@id":"https:\/\/secure.gravatar.com\/avatar\/6cf0505f452ee753f485014986fab09a434671d2b919ee76fc541025c5876a70?s=96&d=mm&r=g","url":"https:\/\/secure.gravatar.com\/avatar\/6cf0505f452ee753f485014986fab09a434671d2b919ee76fc541025c5876a70?s=96&d=mm&r=g","contentUrl":"https:\/\/secure.gravatar.com\/avatar\/6cf0505f452ee753f485014986fab09a434671d2b919ee76fc541025c5876a70?s=96&d=mm&r=g","caption":"Memurun Sesi Haber Merkezi"},"sameAs":["https:\/\/memurunsesi.net"],"url":"https:\/\/memurunsesi.net\/index.php\/author\/uniper\/"}]}},"_links":{"self":[{"href":"https:\/\/memurunsesi.net\/index.php\/wp-json\/wp\/v2\/posts\/5472","targetHints":{"allow":["GET"]}}],"collection":[{"href":"https:\/\/memurunsesi.net\/index.php\/wp-json\/wp\/v2\/posts"}],"about":[{"href":"https:\/\/memurunsesi.net\/index.php\/wp-json\/wp\/v2\/types\/post"}],"author":[{"embeddable":true,"href":"https:\/\/memurunsesi.net\/index.php\/wp-json\/wp\/v2\/users\/1"}],"replies":[{"embeddable":true,"href":"https:\/\/memurunsesi.net\/index.php\/wp-json\/wp\/v2\/comments?post=5472"}],"version-history":[{"count":1,"href":"https:\/\/memurunsesi.net\/index.php\/wp-json\/wp\/v2\/posts\/5472\/revisions"}],"predecessor-version":[{"id":5474,"href":"https:\/\/memurunsesi.net\/index.php\/wp-json\/wp\/v2\/posts\/5472\/revisions\/5474"}],"wp:featuredmedia":[{"embeddable":true,"href":"https:\/\/memurunsesi.net\/index.php\/wp-json\/wp\/v2\/media\/5473"}],"wp:attachment":[{"href":"https:\/\/memurunsesi.net\/index.php\/wp-json\/wp\/v2\/media?parent=5472"}],"wp:term":[{"taxonomy":"category","embeddable":true,"href":"https:\/\/memurunsesi.net\/index.php\/wp-json\/wp\/v2\/categories?post=5472"},{"taxonomy":"post_tag","embeddable":true,"href":"https:\/\/memurunsesi.net\/index.php\/wp-json\/wp\/v2\/tags?post=5472"}],"curies":[{"name":"wp","href":"https:\/\/api.w.org\/{rel}","templated":true}]}}