{"id":5492,"date":"2025-04-18T09:24:45","date_gmt":"2025-04-18T06:24:45","guid":{"rendered":"https:\/\/memurunsesi.net\/?p=5492"},"modified":"2025-04-18T09:24:45","modified_gmt":"2025-04-18T06:24:45","slug":"agrida-90lar-ruzgari-esti","status":"publish","type":"post","link":"https:\/\/memurunsesi.net\/index.php\/2025\/04\/18\/agrida-90lar-ruzgari-esti\/","title":{"rendered":"A\u011fr\u0131&#8217;da 90&#8217;lar r\u00fczg\u00e2r\u0131 esti"},"content":{"rendered":"<p>  A\u011fr\u0131&#8217;da 90&#8217;lar r\u00fczgar\u0131 esti, vatanda\u015flar nostalji ve m\u00fczik dolu bir gece ya\u015fad\u0131.<br \/>\nA\u011fr\u0131 Valili\u011fi himayelerinde, Halk E\u011fitim Merkezi Halk M\u00fczi\u011fi Toplulu\u011fu taraf\u0131ndan seslendirilen &#8220;90&#8217;lar T\u00fcrk\u00fc Gecesi&#8221; vatanda\u015flardan yo\u011fun ilgi g\u00f6rd\u00fc. A\u011fr\u0131 K\u00fclt\u00fcr ve Kongre Merkezi&#8217;nde ger\u00e7ekle\u015ftirilen etkinlikte, 1990&#8217;l\u0131 y\u0131llar\u0131n haf\u0131zalara kaz\u0131nan \u015fark\u0131lar\u0131 seslendirildi.<br \/>\n  Nostalji dolu gecede sahne alan topluluk, ge\u00e7mi\u015fin en sevilen ezgilerini dinleyicilerle bulu\u015fturdu. Hem\u015fehrilerin b\u00fcy\u00fck ilgi g\u00f6sterdi\u011fi etkinlikte m\u00fczikseverler, keyifli anlar ya\u015farken ayn\u0131 zamanda dostluk ve payla\u015fman\u0131n da g\u00fczelli\u011fini bir kez daha hissetti.<br \/>\n  Kat\u0131l\u0131mc\u0131lar\u0131n zaman zaman \u015fark\u0131lara e\u015flik etti\u011fi konser, duygusal ve ne\u015feli anlar\u0131n i\u00e7 i\u00e7e ge\u00e7ti\u011fi co\u015fkulu bir atmosferde ge\u00e7ti. Yetkililer, k\u00fclt\u00fcr ve sanat faaliyetlerinin h\u0131z kesmeden devam edece\u011fini belirterek, vatanda\u015flar\u0131 yeni etkinliklerde bir araya gelmeye davet etti. <\/p>\n<p>18.04.2025                           <\/p>\n","protected":false},"excerpt":{"rendered":"<p>A\u011fr\u0131&#8217;da 90&#8217;lar r\u00fczgar\u0131 esti, vatanda\u015flar nostalji ve m\u00fczik dolu bir gece ya\u015fad\u0131. A\u011fr\u0131 Valili\u011fi himayelerinde, Halk E\u011fitim Merkezi Halk M\u00fczi\u011fi Toplulu\u011fu taraf\u0131ndan seslendirilen &#8220;90&#8217;lar T\u00fcrk\u00fc Gecesi&#8221; vatanda\u015flardan yo\u011fun ilgi g\u00f6rd\u00fc. A\u011fr\u0131 K\u00fclt\u00fcr ve Kongre Merkezi&#8217;nde ger\u00e7ekle\u015ftirilen etkinlikte, 1990&#8217;l\u0131 y\u0131llar\u0131n haf\u0131zalara kaz\u0131nan \u015fark\u0131lar\u0131 seslendirildi. Nostalji dolu gecede sahne alan topluluk, ge\u00e7mi\u015fin en sevilen ezgilerini dinleyicilerle bulu\u015fturdu. [&hellip;]<\/p>\n","protected":false},"author":1,"featured_media":5493,"comment_status":"open","ping_status":"open","sticky":false,"template":"","format":"standard","meta":{"footnotes":""},"categories":[50],"tags":[],"class_list":["post-5492","post","type-post","status-publish","format-standard","has-post-thumbnail","hentry","category-tum-haberler"],"yoast_head":"<!-- This site is optimized with the Yoast SEO plugin v27.4 - https:\/\/yoast.com\/product\/yoast-seo-wordpress\/ -->\n<title>A\u011fr\u0131&#039;da 90&#039;lar r\u00fczg\u00e2r\u0131 esti - Memurun Sesi<\/title>\n<meta name=\"robots\" content=\"index, follow, max-snippet:-1, max-image-preview:large, max-video-preview:-1\" \/>\n<link rel=\"canonical\" href=\"https:\/\/memurunsesi.net\/index.php\/2025\/04\/18\/agrida-90lar-ruzgari-esti\/\" \/>\n<meta property=\"og:locale\" content=\"tr_TR\" \/>\n<meta property=\"og:type\" content=\"article\" \/>\n<meta property=\"og:title\" content=\"A\u011fr\u0131&#039;da 90&#039;lar r\u00fczg\u00e2r\u0131 esti - Memurun Sesi\" \/>\n<meta property=\"og:description\" content=\"A\u011fr\u0131&#8217;da 90&#8217;lar r\u00fczgar\u0131 esti, vatanda\u015flar nostalji ve m\u00fczik dolu bir gece ya\u015fad\u0131. A\u011fr\u0131 Valili\u011fi himayelerinde, Halk E\u011fitim Merkezi Halk M\u00fczi\u011fi Toplulu\u011fu taraf\u0131ndan seslendirilen &#8220;90&#8217;lar T\u00fcrk\u00fc Gecesi&#8221; vatanda\u015flardan yo\u011fun ilgi g\u00f6rd\u00fc. A\u011fr\u0131 K\u00fclt\u00fcr ve Kongre Merkezi&#8217;nde ger\u00e7ekle\u015ftirilen etkinlikte, 1990&#8217;l\u0131 y\u0131llar\u0131n haf\u0131zalara kaz\u0131nan \u015fark\u0131lar\u0131 seslendirildi. Nostalji dolu gecede sahne alan topluluk, ge\u00e7mi\u015fin en sevilen ezgilerini dinleyicilerle bulu\u015fturdu. [&hellip;]\" \/>\n<meta property=\"og:url\" content=\"https:\/\/memurunsesi.net\/index.php\/2025\/04\/18\/agrida-90lar-ruzgari-esti\/\" \/>\n<meta property=\"og:site_name\" content=\"Memurun Sesi\" \/>\n<meta property=\"article:publisher\" content=\"https:\/\/www.facebook.com\/unipersen\/?locale=tr_TR\" \/>\n<meta property=\"article:published_time\" content=\"2025-04-18T06:24:45+00:00\" \/>\n<meta property=\"og:image\" content=\"https:\/\/memurunsesi.net\/wp-content\/uploads\/2025\/04\/AW435214_01.jpg\" \/>\n\t<meta property=\"og:image:width\" content=\"2048\" \/>\n\t<meta property=\"og:image:height\" content=\"1536\" \/>\n\t<meta property=\"og:image:type\" content=\"image\/jpeg\" \/>\n<meta name=\"author\" content=\"Memurun Sesi Haber Merkezi\" \/>\n<meta name=\"twitter:card\" content=\"summary_large_image\" \/>\n<meta name=\"twitter:creator\" content=\"@unipersen\" \/>\n<meta name=\"twitter:site\" content=\"@unipersen\" \/>\n<meta name=\"twitter:label1\" content=\"Yazan:\" \/>\n\t<meta name=\"twitter:data1\" content=\"Memurun Sesi Haber Merkezi\" \/>\n\t<meta name=\"twitter:label2\" content=\"Tahmini okuma s\u00fcresi\" \/>\n\t<meta name=\"twitter:data2\" content=\"1 dakika\" \/>\n<script type=\"application\/ld+json\" class=\"yoast-schema-graph\">{\"@context\":\"https:\\\/\\\/schema.org\",\"@graph\":[{\"@type\":\"Article\",\"@id\":\"https:\\\/\\\/memurunsesi.net\\\/index.php\\\/2025\\\/04\\\/18\\\/agrida-90lar-ruzgari-esti\\\/#article\",\"isPartOf\":{\"@id\":\"https:\\\/\\\/memurunsesi.net\\\/index.php\\\/2025\\\/04\\\/18\\\/agrida-90lar-ruzgari-esti\\\/\"},\"author\":{\"name\":\"Memurun Sesi Haber Merkezi\",\"@id\":\"https:\\\/\\\/memurunsesi.net\\\/#\\\/schema\\\/person\\\/f21c2d73b89f6ee1d80b0a1803e38587\"},\"headline\":\"A\u011fr\u0131&#8217;da 90&#8217;lar r\u00fczg\u00e2r\u0131 esti\",\"datePublished\":\"2025-04-18T06:24:45+00:00\",\"mainEntityOfPage\":{\"@id\":\"https:\\\/\\\/memurunsesi.net\\\/index.php\\\/2025\\\/04\\\/18\\\/agrida-90lar-ruzgari-esti\\\/\"},\"wordCount\":180,\"commentCount\":0,\"publisher\":{\"@id\":\"https:\\\/\\\/memurunsesi.net\\\/#organization\"},\"image\":{\"@id\":\"https:\\\/\\\/memurunsesi.net\\\/index.php\\\/2025\\\/04\\\/18\\\/agrida-90lar-ruzgari-esti\\\/#primaryimage\"},\"thumbnailUrl\":\"https:\\\/\\\/memurunsesi.net\\\/wp-content\\\/uploads\\\/2025\\\/04\\\/AW435214_01.jpg\",\"articleSection\":[\"T\u00fcm Haberler\"],\"inLanguage\":\"tr\",\"potentialAction\":[{\"@type\":\"CommentAction\",\"name\":\"Comment\",\"target\":[\"https:\\\/\\\/memurunsesi.net\\\/index.php\\\/2025\\\/04\\\/18\\\/agrida-90lar-ruzgari-esti\\\/#respond\"]}]},{\"@type\":\"WebPage\",\"@id\":\"https:\\\/\\\/memurunsesi.net\\\/index.php\\\/2025\\\/04\\\/18\\\/agrida-90lar-ruzgari-esti\\\/\",\"url\":\"https:\\\/\\\/memurunsesi.net\\\/index.php\\\/2025\\\/04\\\/18\\\/agrida-90lar-ruzgari-esti\\\/\",\"name\":\"A\u011fr\u0131'da 90'lar r\u00fczg\u00e2r\u0131 esti - Memurun Sesi\",\"isPartOf\":{\"@id\":\"https:\\\/\\\/memurunsesi.net\\\/#website\"},\"primaryImageOfPage\":{\"@id\":\"https:\\\/\\\/memurunsesi.net\\\/index.php\\\/2025\\\/04\\\/18\\\/agrida-90lar-ruzgari-esti\\\/#primaryimage\"},\"image\":{\"@id\":\"https:\\\/\\\/memurunsesi.net\\\/index.php\\\/2025\\\/04\\\/18\\\/agrida-90lar-ruzgari-esti\\\/#primaryimage\"},\"thumbnailUrl\":\"https:\\\/\\\/memurunsesi.net\\\/wp-content\\\/uploads\\\/2025\\\/04\\\/AW435214_01.jpg\",\"datePublished\":\"2025-04-18T06:24:45+00:00\",\"breadcrumb\":{\"@id\":\"https:\\\/\\\/memurunsesi.net\\\/index.php\\\/2025\\\/04\\\/18\\\/agrida-90lar-ruzgari-esti\\\/#breadcrumb\"},\"inLanguage\":\"tr\",\"potentialAction\":[{\"@type\":\"ReadAction\",\"target\":[\"https:\\\/\\\/memurunsesi.net\\\/index.php\\\/2025\\\/04\\\/18\\\/agrida-90lar-ruzgari-esti\\\/\"]}]},{\"@type\":\"ImageObject\",\"inLanguage\":\"tr\",\"@id\":\"https:\\\/\\\/memurunsesi.net\\\/index.php\\\/2025\\\/04\\\/18\\\/agrida-90lar-ruzgari-esti\\\/#primaryimage\",\"url\":\"https:\\\/\\\/memurunsesi.net\\\/wp-content\\\/uploads\\\/2025\\\/04\\\/AW435214_01.jpg\",\"contentUrl\":\"https:\\\/\\\/memurunsesi.net\\\/wp-content\\\/uploads\\\/2025\\\/04\\\/AW435214_01.jpg\",\"width\":2048,\"height\":1536,\"caption\":\"A\u011eRI'DA 90'LAR R\u00dcZG\u00c2RI EST\u0130 (\u0130HA\\\/A\u011eRI-\u0130HA) A\u011fr\u0131'da 90'lar r\u00fczgar\u0131 esti, vatanda\u015flar nostalji ve m\u00fczik dolu bir gece ya\u015fad\u0131.\"},{\"@type\":\"BreadcrumbList\",\"@id\":\"https:\\\/\\\/memurunsesi.net\\\/index.php\\\/2025\\\/04\\\/18\\\/agrida-90lar-ruzgari-esti\\\/#breadcrumb\",\"itemListElement\":[{\"@type\":\"ListItem\",\"position\":1,\"name\":\"Anasayfa\",\"item\":\"https:\\\/\\\/memurunsesi.net\\\/\"},{\"@type\":\"ListItem\",\"position\":2,\"name\":\"A\u011fr\u0131&#8217;da 90&#8217;lar r\u00fczg\u00e2r\u0131 esti\"}]},{\"@type\":\"WebSite\",\"@id\":\"https:\\\/\\\/memurunsesi.net\\\/#website\",\"url\":\"https:\\\/\\\/memurunsesi.net\\\/\",\"name\":\"Memurun Sesi\",\"description\":\"G\u00fcncel ve Do\u011fru Haber\",\"publisher\":{\"@id\":\"https:\\\/\\\/memurunsesi.net\\\/#organization\"},\"potentialAction\":[{\"@type\":\"SearchAction\",\"target\":{\"@type\":\"EntryPoint\",\"urlTemplate\":\"https:\\\/\\\/memurunsesi.net\\\/?s={search_term_string}\"},\"query-input\":{\"@type\":\"PropertyValueSpecification\",\"valueRequired\":true,\"valueName\":\"search_term_string\"}}],\"inLanguage\":\"tr\"},{\"@type\":\"Organization\",\"@id\":\"https:\\\/\\\/memurunsesi.net\\\/#organization\",\"name\":\"Memurun Sesi\",\"url\":\"https:\\\/\\\/memurunsesi.net\\\/\",\"logo\":{\"@type\":\"ImageObject\",\"inLanguage\":\"tr\",\"@id\":\"https:\\\/\\\/memurunsesi.net\\\/#\\\/schema\\\/logo\\\/image\\\/\",\"url\":\"https:\\\/\\\/memurunsesi.net\\\/wp-content\\\/uploads\\\/2025\\\/11\\\/cropped-MEMURUN-SESI.png\",\"contentUrl\":\"https:\\\/\\\/memurunsesi.net\\\/wp-content\\\/uploads\\\/2025\\\/11\\\/cropped-MEMURUN-SESI.png\",\"width\":238,\"height\":57,\"caption\":\"Memurun Sesi\"},\"image\":{\"@id\":\"https:\\\/\\\/memurunsesi.net\\\/#\\\/schema\\\/logo\\\/image\\\/\"},\"sameAs\":[\"https:\\\/\\\/www.facebook.com\\\/unipersen\\\/?locale=tr_TR\",\"https:\\\/\\\/x.com\\\/unipersen\"]},{\"@type\":\"Person\",\"@id\":\"https:\\\/\\\/memurunsesi.net\\\/#\\\/schema\\\/person\\\/f21c2d73b89f6ee1d80b0a1803e38587\",\"name\":\"Memurun Sesi Haber Merkezi\",\"image\":{\"@type\":\"ImageObject\",\"inLanguage\":\"tr\",\"@id\":\"https:\\\/\\\/secure.gravatar.com\\\/avatar\\\/6cf0505f452ee753f485014986fab09a434671d2b919ee76fc541025c5876a70?s=96&d=mm&r=g\",\"url\":\"https:\\\/\\\/secure.gravatar.com\\\/avatar\\\/6cf0505f452ee753f485014986fab09a434671d2b919ee76fc541025c5876a70?s=96&d=mm&r=g\",\"contentUrl\":\"https:\\\/\\\/secure.gravatar.com\\\/avatar\\\/6cf0505f452ee753f485014986fab09a434671d2b919ee76fc541025c5876a70?s=96&d=mm&r=g\",\"caption\":\"Memurun Sesi Haber Merkezi\"},\"sameAs\":[\"https:\\\/\\\/memurunsesi.net\"],\"url\":\"https:\\\/\\\/memurunsesi.net\\\/index.php\\\/author\\\/uniper\\\/\"}]}<\/script>\n<!-- \/ Yoast SEO plugin. -->","yoast_head_json":{"title":"A\u011fr\u0131'da 90'lar r\u00fczg\u00e2r\u0131 esti - Memurun Sesi","robots":{"index":"index","follow":"follow","max-snippet":"max-snippet:-1","max-image-preview":"max-image-preview:large","max-video-preview":"max-video-preview:-1"},"canonical":"https:\/\/memurunsesi.net\/index.php\/2025\/04\/18\/agrida-90lar-ruzgari-esti\/","og_locale":"tr_TR","og_type":"article","og_title":"A\u011fr\u0131'da 90'lar r\u00fczg\u00e2r\u0131 esti - Memurun Sesi","og_description":"A\u011fr\u0131&#8217;da 90&#8217;lar r\u00fczgar\u0131 esti, vatanda\u015flar nostalji ve m\u00fczik dolu bir gece ya\u015fad\u0131. A\u011fr\u0131 Valili\u011fi himayelerinde, Halk E\u011fitim Merkezi Halk M\u00fczi\u011fi Toplulu\u011fu taraf\u0131ndan seslendirilen &#8220;90&#8217;lar T\u00fcrk\u00fc Gecesi&#8221; vatanda\u015flardan yo\u011fun ilgi g\u00f6rd\u00fc. A\u011fr\u0131 K\u00fclt\u00fcr ve Kongre Merkezi&#8217;nde ger\u00e7ekle\u015ftirilen etkinlikte, 1990&#8217;l\u0131 y\u0131llar\u0131n haf\u0131zalara kaz\u0131nan \u015fark\u0131lar\u0131 seslendirildi. Nostalji dolu gecede sahne alan topluluk, ge\u00e7mi\u015fin en sevilen ezgilerini dinleyicilerle bulu\u015fturdu. [&hellip;]","og_url":"https:\/\/memurunsesi.net\/index.php\/2025\/04\/18\/agrida-90lar-ruzgari-esti\/","og_site_name":"Memurun Sesi","article_publisher":"https:\/\/www.facebook.com\/unipersen\/?locale=tr_TR","article_published_time":"2025-04-18T06:24:45+00:00","og_image":[{"width":2048,"height":1536,"url":"https:\/\/memurunsesi.net\/wp-content\/uploads\/2025\/04\/AW435214_01.jpg","type":"image\/jpeg"}],"author":"Memurun Sesi Haber Merkezi","twitter_card":"summary_large_image","twitter_creator":"@unipersen","twitter_site":"@unipersen","twitter_misc":{"Yazan:":"Memurun Sesi Haber Merkezi","Tahmini okuma s\u00fcresi":"1 dakika"},"schema":{"@context":"https:\/\/schema.org","@graph":[{"@type":"Article","@id":"https:\/\/memurunsesi.net\/index.php\/2025\/04\/18\/agrida-90lar-ruzgari-esti\/#article","isPartOf":{"@id":"https:\/\/memurunsesi.net\/index.php\/2025\/04\/18\/agrida-90lar-ruzgari-esti\/"},"author":{"name":"Memurun Sesi Haber Merkezi","@id":"https:\/\/memurunsesi.net\/#\/schema\/person\/f21c2d73b89f6ee1d80b0a1803e38587"},"headline":"A\u011fr\u0131&#8217;da 90&#8217;lar r\u00fczg\u00e2r\u0131 esti","datePublished":"2025-04-18T06:24:45+00:00","mainEntityOfPage":{"@id":"https:\/\/memurunsesi.net\/index.php\/2025\/04\/18\/agrida-90lar-ruzgari-esti\/"},"wordCount":180,"commentCount":0,"publisher":{"@id":"https:\/\/memurunsesi.net\/#organization"},"image":{"@id":"https:\/\/memurunsesi.net\/index.php\/2025\/04\/18\/agrida-90lar-ruzgari-esti\/#primaryimage"},"thumbnailUrl":"https:\/\/memurunsesi.net\/wp-content\/uploads\/2025\/04\/AW435214_01.jpg","articleSection":["T\u00fcm Haberler"],"inLanguage":"tr","potentialAction":[{"@type":"CommentAction","name":"Comment","target":["https:\/\/memurunsesi.net\/index.php\/2025\/04\/18\/agrida-90lar-ruzgari-esti\/#respond"]}]},{"@type":"WebPage","@id":"https:\/\/memurunsesi.net\/index.php\/2025\/04\/18\/agrida-90lar-ruzgari-esti\/","url":"https:\/\/memurunsesi.net\/index.php\/2025\/04\/18\/agrida-90lar-ruzgari-esti\/","name":"A\u011fr\u0131'da 90'lar r\u00fczg\u00e2r\u0131 esti - Memurun Sesi","isPartOf":{"@id":"https:\/\/memurunsesi.net\/#website"},"primaryImageOfPage":{"@id":"https:\/\/memurunsesi.net\/index.php\/2025\/04\/18\/agrida-90lar-ruzgari-esti\/#primaryimage"},"image":{"@id":"https:\/\/memurunsesi.net\/index.php\/2025\/04\/18\/agrida-90lar-ruzgari-esti\/#primaryimage"},"thumbnailUrl":"https:\/\/memurunsesi.net\/wp-content\/uploads\/2025\/04\/AW435214_01.jpg","datePublished":"2025-04-18T06:24:45+00:00","breadcrumb":{"@id":"https:\/\/memurunsesi.net\/index.php\/2025\/04\/18\/agrida-90lar-ruzgari-esti\/#breadcrumb"},"inLanguage":"tr","potentialAction":[{"@type":"ReadAction","target":["https:\/\/memurunsesi.net\/index.php\/2025\/04\/18\/agrida-90lar-ruzgari-esti\/"]}]},{"@type":"ImageObject","inLanguage":"tr","@id":"https:\/\/memurunsesi.net\/index.php\/2025\/04\/18\/agrida-90lar-ruzgari-esti\/#primaryimage","url":"https:\/\/memurunsesi.net\/wp-content\/uploads\/2025\/04\/AW435214_01.jpg","contentUrl":"https:\/\/memurunsesi.net\/wp-content\/uploads\/2025\/04\/AW435214_01.jpg","width":2048,"height":1536,"caption":"A\u011eRI'DA 90'LAR R\u00dcZG\u00c2RI EST\u0130 (\u0130HA\/A\u011eRI-\u0130HA) A\u011fr\u0131'da 90'lar r\u00fczgar\u0131 esti, vatanda\u015flar nostalji ve m\u00fczik dolu bir gece ya\u015fad\u0131."},{"@type":"BreadcrumbList","@id":"https:\/\/memurunsesi.net\/index.php\/2025\/04\/18\/agrida-90lar-ruzgari-esti\/#breadcrumb","itemListElement":[{"@type":"ListItem","position":1,"name":"Anasayfa","item":"https:\/\/memurunsesi.net\/"},{"@type":"ListItem","position":2,"name":"A\u011fr\u0131&#8217;da 90&#8217;lar r\u00fczg\u00e2r\u0131 esti"}]},{"@type":"WebSite","@id":"https:\/\/memurunsesi.net\/#website","url":"https:\/\/memurunsesi.net\/","name":"Memurun Sesi","description":"G\u00fcncel ve Do\u011fru Haber","publisher":{"@id":"https:\/\/memurunsesi.net\/#organization"},"potentialAction":[{"@type":"SearchAction","target":{"@type":"EntryPoint","urlTemplate":"https:\/\/memurunsesi.net\/?s={search_term_string}"},"query-input":{"@type":"PropertyValueSpecification","valueRequired":true,"valueName":"search_term_string"}}],"inLanguage":"tr"},{"@type":"Organization","@id":"https:\/\/memurunsesi.net\/#organization","name":"Memurun Sesi","url":"https:\/\/memurunsesi.net\/","logo":{"@type":"ImageObject","inLanguage":"tr","@id":"https:\/\/memurunsesi.net\/#\/schema\/logo\/image\/","url":"https:\/\/memurunsesi.net\/wp-content\/uploads\/2025\/11\/cropped-MEMURUN-SESI.png","contentUrl":"https:\/\/memurunsesi.net\/wp-content\/uploads\/2025\/11\/cropped-MEMURUN-SESI.png","width":238,"height":57,"caption":"Memurun Sesi"},"image":{"@id":"https:\/\/memurunsesi.net\/#\/schema\/logo\/image\/"},"sameAs":["https:\/\/www.facebook.com\/unipersen\/?locale=tr_TR","https:\/\/x.com\/unipersen"]},{"@type":"Person","@id":"https:\/\/memurunsesi.net\/#\/schema\/person\/f21c2d73b89f6ee1d80b0a1803e38587","name":"Memurun Sesi Haber Merkezi","image":{"@type":"ImageObject","inLanguage":"tr","@id":"https:\/\/secure.gravatar.com\/avatar\/6cf0505f452ee753f485014986fab09a434671d2b919ee76fc541025c5876a70?s=96&d=mm&r=g","url":"https:\/\/secure.gravatar.com\/avatar\/6cf0505f452ee753f485014986fab09a434671d2b919ee76fc541025c5876a70?s=96&d=mm&r=g","contentUrl":"https:\/\/secure.gravatar.com\/avatar\/6cf0505f452ee753f485014986fab09a434671d2b919ee76fc541025c5876a70?s=96&d=mm&r=g","caption":"Memurun Sesi Haber Merkezi"},"sameAs":["https:\/\/memurunsesi.net"],"url":"https:\/\/memurunsesi.net\/index.php\/author\/uniper\/"}]}},"_links":{"self":[{"href":"https:\/\/memurunsesi.net\/index.php\/wp-json\/wp\/v2\/posts\/5492","targetHints":{"allow":["GET"]}}],"collection":[{"href":"https:\/\/memurunsesi.net\/index.php\/wp-json\/wp\/v2\/posts"}],"about":[{"href":"https:\/\/memurunsesi.net\/index.php\/wp-json\/wp\/v2\/types\/post"}],"author":[{"embeddable":true,"href":"https:\/\/memurunsesi.net\/index.php\/wp-json\/wp\/v2\/users\/1"}],"replies":[{"embeddable":true,"href":"https:\/\/memurunsesi.net\/index.php\/wp-json\/wp\/v2\/comments?post=5492"}],"version-history":[{"count":1,"href":"https:\/\/memurunsesi.net\/index.php\/wp-json\/wp\/v2\/posts\/5492\/revisions"}],"predecessor-version":[{"id":5494,"href":"https:\/\/memurunsesi.net\/index.php\/wp-json\/wp\/v2\/posts\/5492\/revisions\/5494"}],"wp:featuredmedia":[{"embeddable":true,"href":"https:\/\/memurunsesi.net\/index.php\/wp-json\/wp\/v2\/media\/5493"}],"wp:attachment":[{"href":"https:\/\/memurunsesi.net\/index.php\/wp-json\/wp\/v2\/media?parent=5492"}],"wp:term":[{"taxonomy":"category","embeddable":true,"href":"https:\/\/memurunsesi.net\/index.php\/wp-json\/wp\/v2\/categories?post=5492"},{"taxonomy":"post_tag","embeddable":true,"href":"https:\/\/memurunsesi.net\/index.php\/wp-json\/wp\/v2\/tags?post=5492"}],"curies":[{"name":"wp","href":"https:\/\/api.w.org\/{rel}","templated":true}]}}