{"id":5504,"date":"2025-04-18T09:49:15","date_gmt":"2025-04-18T06:49:15","guid":{"rendered":"https:\/\/memurunsesi.net\/?p=5504"},"modified":"2025-04-18T09:49:15","modified_gmt":"2025-04-18T06:49:15","slug":"ogr-gor-karakayanin-projesine-tubitaktan-destek","status":"publish","type":"post","link":"https:\/\/memurunsesi.net\/index.php\/2025\/04\/18\/ogr-gor-karakayanin-projesine-tubitaktan-destek\/","title":{"rendered":"\u00d6\u011fr. G\u00f6r. Karakaya\u2019n\u0131n Projesine T\u00dcB\u0130TAK\u2019tan Destek"},"content":{"rendered":"<p>   Zonguldak B\u00fclent Ecevit \u00dcniversitesi (BEUN) Ahmet Erdo\u011fan Sa\u011fl\u0131k Hizmetleri Meslek Y\u00fcksekokulu akademisyenlerinden \u00d6\u011fr. G\u00f6r. Dr. Cihangir Karakaya\u2019n\u0131n ara\u015ft\u0131rmac\u0131 olarak yer ald\u0131\u011f\u0131 &#8220;Sosyal ve Ekonomik Destek (SED) Hizmetinin Etkinli\u011finin \u00c7ocuk, Aile ve Meslek Eleman\u0131 Ba\u011flam\u0131nda G\u00fc\u00e7lendirilmesi&#8221; ba\u015fl\u0131kl\u0131 proje, T\u00dcB\u0130TAK 1007 kapsam\u0131nda desteklenmeye lay\u0131k g\u00f6r\u00fcld\u00fc.<br \/>\n  Projenin y\u00fcr\u00fct\u00fcc\u00fcl\u00fc\u011f\u00fcn\u00fc F\u0131rat \u00dcniversitesi \u0130ktisadi ve \u0130dari Bilimler Fak\u00fcltesi Sosyal Hizmet B\u00f6l\u00fcm\u00fcnden Dr. \u00d6\u011fr. \u00dcyesi \u00dcmran Cihan D\u00fcndar\u2019\u0131n yapt\u0131\u011f\u0131 ve Zonguldak B\u00fclent Ecevit \u00dcniversitesi Ahmet Erdo\u011fan Sa\u011fl\u0131k Hizmetleri Meslek Y\u00fcksekokulu Sa\u011fl\u0131k Bak\u0131m Hizmetleri B\u00f6l\u00fcm\u00fcnden \u00d6\u011fr. G\u00f6r. Dr. Cihangir Karakaya\u2019n\u0131n ara\u015ft\u0131rmac\u0131 olarak yer ald\u0131\u011f\u0131 &#8220;Sosyal ve Ekonomik Destek (SED) Hizmetinin Etkinli\u011finin \u00c7ocuk, Aile ve Meslek Eleman\u0131 Ba\u011flam\u0131nda G\u00fc\u00e7lendirilmesi&#8221; ba\u015fl\u0131kl\u0131 proje, T\u00dcB\u0130TAK 1007 Kamu Kurumlar\u0131 Ara\u015ft\u0131rma ve Geli\u015ftirme Projelerini Destekleme Program\u0131 kapsam\u0131nda destek almaya hak kazand\u0131.<br \/>\n  T\u00dcB\u0130TAK 1007 kapsam\u0131nda desteklenmeye lay\u0131k g\u00f6r\u00fclen proje ile Sosyal ve Ekonomik Destek (SED) hizmetinden yararlanan \u00e7ocuklar\u0131n her t\u00fcrl\u00fc riskten korunarak aile ortam\u0131nda yeti\u015ftirilmelerini sa\u011flamak ve aile odakl\u0131 bak\u0131m hizmetlerini yayg\u0131nla\u015ft\u0131rmak hedefleri do\u011frultusunda SED hizmetinin \u00e7ocuklara ve ailelere y\u00f6nelik etkilili\u011finin art\u0131r\u0131lmas\u0131 ve hizmet kalitesinin geli\u015ftirilmesi ama\u00e7lan\u0131yor. Ayn\u0131 zamanda proje kapsam\u0131nda y\u00fcr\u00fct\u00fclen Sosyal ve Ekonomik Destek hizmetlerine ili\u015fkin mevzuat de\u011fi\u015fikli\u011fi ve politika geli\u015ftirme s\u00fcre\u00e7lerinde de\u011ferlendirilmek \u00fczere mevcut durum tespiti, risk ile ihtiya\u00e7 analizinin ele al\u0131nmas\u0131 ama\u00e7lan\u0131yor.<br \/>\n  \u00d6\u011fr. G\u00f6r. Cihangir Karakaya\u2019n\u0131n ara\u015ft\u0131rmac\u0131 oldu\u011fu projenin T\u00dcB\u0130TAK 1007 kapsam\u0131nda desteklenmesinden gurur ve mutluluk duydu\u011funu ifade eden BEUN Rekt\u00f6r\u00fc Prof. Dr. \u0130smail Hakk\u0131 \u00d6z\u00f6l\u00e7er, &#8220;\u00dcniversitemizin akademik birikimini ve topluma hizmet anlay\u0131\u015f\u0131n\u0131 bir araya getiren bu t\u00fcr projeler, bizler i\u00e7in sadece bilimsel ba\u015far\u0131 de\u011fil, ayn\u0131 zamanda toplumsal bir sorumlulu\u011fun da ifadesidir. \u00d6\u011fr. G\u00f6r. Dr. Cihangir Karakaya\u2019n\u0131n ara\u015ft\u0131rmac\u0131 olarak yer ald\u0131\u011f\u0131 bu proje, \u00e7ocuklar\u0131n ve ailelerinin ya\u015famlar\u0131n\u0131 do\u011frudan etkileyen sosyal destek hizmetlerinin daha etkin ve s\u00fcrd\u00fcr\u00fclebilir hale getirilmesi a\u00e7\u0131s\u0131ndan \u00f6nem arz etmektedir. \u00d6zellikle dezavantajl\u0131 gruplar\u0131n korunmas\u0131, g\u00fc\u00e7lendirilmesi ve toplumla b\u00fct\u00fcnle\u015fmesi s\u00fcrecinde bilimsel verilere dayal\u0131 politikalar\u0131n geli\u015ftirilmesi olduk\u00e7a \u00f6nemlidir. Projenin T\u00dcB\u0130TAK taraf\u0131ndan desteklenmesi hem \u00dcniversitemizin ara\u015ft\u0131rma ve \u00fcretme vizyonun bir g\u00f6stergesi hem de topluma dokunan bilimsel \u00e7al\u0131\u015fmalar\u0131n olduk\u00e7a k\u0131ymetli oldu\u011funun bir g\u00f6stergesidir. Zonguldak B\u00fclent Ecevit \u00dcniversitesi olarak bizler her zaman bilimsel \u00fcretimin ve toplumsal katk\u0131 sa\u011flaman\u0131n bilincinde olarak b\u00f6ylesine anlaml\u0131 projelerin ortaya \u00e7\u0131kmas\u0131 i\u00e7in \u00e7al\u0131\u015fmalara devam edece\u011fiz. Bu duygu ve d\u00fc\u015f\u00fcncelerle T\u00dcB\u0130TAK 1007 kapsam\u0131nda desteklenmeye hak kazanan projede ara\u015ft\u0131rmac\u0131 olarak yer alan \u00d6\u011fr. G\u00f6r. Dr. Cihangir Karakaya hocam\u0131z ile proje ekibini tebrik ediyor, \u00e7al\u0131\u015fmalar\u0131nda ba\u015far\u0131lar diliyorum&#8221; dedi. <\/p>\n<p>17.04.2025                            <\/p>\n","protected":false},"excerpt":{"rendered":"<p>Zonguldak B\u00fclent Ecevit \u00dcniversitesi (BEUN) Ahmet Erdo\u011fan Sa\u011fl\u0131k Hizmetleri Meslek Y\u00fcksekokulu akademisyenlerinden \u00d6\u011fr. G\u00f6r. Dr. Cihangir Karakaya\u2019n\u0131n ara\u015ft\u0131rmac\u0131 olarak yer ald\u0131\u011f\u0131 &#8220;Sosyal ve Ekonomik Destek (SED) Hizmetinin Etkinli\u011finin \u00c7ocuk, Aile ve Meslek Eleman\u0131 Ba\u011flam\u0131nda G\u00fc\u00e7lendirilmesi&#8221; ba\u015fl\u0131kl\u0131 proje, T\u00dcB\u0130TAK 1007 kapsam\u0131nda desteklenmeye lay\u0131k g\u00f6r\u00fcld\u00fc. Projenin y\u00fcr\u00fct\u00fcc\u00fcl\u00fc\u011f\u00fcn\u00fc F\u0131rat \u00dcniversitesi \u0130ktisadi ve \u0130dari Bilimler Fak\u00fcltesi Sosyal Hizmet B\u00f6l\u00fcm\u00fcnden [&hellip;]<\/p>\n","protected":false},"author":1,"featured_media":5505,"comment_status":"open","ping_status":"open","sticky":false,"template":"","format":"standard","meta":{"footnotes":""},"categories":[47],"tags":[],"class_list":["post-5504","post","type-post","status-publish","format-standard","has-post-thumbnail","hentry","category-universiteden-haberler"],"yoast_head":"<!-- This site is optimized with the Yoast SEO plugin v27.4 - https:\/\/yoast.com\/product\/yoast-seo-wordpress\/ -->\n<title>\u00d6\u011fr. G\u00f6r. Karakaya\u2019n\u0131n Projesine T\u00dcB\u0130TAK\u2019tan Destek - Memurun Sesi<\/title>\n<meta name=\"robots\" content=\"index, follow, max-snippet:-1, max-image-preview:large, max-video-preview:-1\" \/>\n<link rel=\"canonical\" href=\"https:\/\/memurunsesi.net\/index.php\/2025\/04\/18\/ogr-gor-karakayanin-projesine-tubitaktan-destek\/\" \/>\n<meta property=\"og:locale\" content=\"tr_TR\" \/>\n<meta property=\"og:type\" content=\"article\" \/>\n<meta property=\"og:title\" content=\"\u00d6\u011fr. G\u00f6r. Karakaya\u2019n\u0131n Projesine T\u00dcB\u0130TAK\u2019tan Destek - Memurun Sesi\" \/>\n<meta property=\"og:description\" content=\"Zonguldak B\u00fclent Ecevit \u00dcniversitesi (BEUN) Ahmet Erdo\u011fan Sa\u011fl\u0131k Hizmetleri Meslek Y\u00fcksekokulu akademisyenlerinden \u00d6\u011fr. G\u00f6r. Dr. Cihangir Karakaya\u2019n\u0131n ara\u015ft\u0131rmac\u0131 olarak yer ald\u0131\u011f\u0131 &#8220;Sosyal ve Ekonomik Destek (SED) Hizmetinin Etkinli\u011finin \u00c7ocuk, Aile ve Meslek Eleman\u0131 Ba\u011flam\u0131nda G\u00fc\u00e7lendirilmesi&#8221; ba\u015fl\u0131kl\u0131 proje, T\u00dcB\u0130TAK 1007 kapsam\u0131nda desteklenmeye lay\u0131k g\u00f6r\u00fcld\u00fc. Projenin y\u00fcr\u00fct\u00fcc\u00fcl\u00fc\u011f\u00fcn\u00fc F\u0131rat \u00dcniversitesi \u0130ktisadi ve \u0130dari Bilimler Fak\u00fcltesi Sosyal Hizmet B\u00f6l\u00fcm\u00fcnden [&hellip;]\" \/>\n<meta property=\"og:url\" content=\"https:\/\/memurunsesi.net\/index.php\/2025\/04\/18\/ogr-gor-karakayanin-projesine-tubitaktan-destek\/\" \/>\n<meta property=\"og:site_name\" content=\"Memurun Sesi\" \/>\n<meta property=\"article:publisher\" content=\"https:\/\/www.facebook.com\/unipersen\/?locale=tr_TR\" \/>\n<meta property=\"article:published_time\" content=\"2025-04-18T06:49:15+00:00\" \/>\n<meta property=\"og:image\" content=\"https:\/\/memurunsesi.net\/wp-content\/uploads\/2025\/04\/AW434591_01-scaled.jpg\" \/>\n\t<meta property=\"og:image:width\" content=\"2560\" \/>\n\t<meta property=\"og:image:height\" content=\"2560\" \/>\n\t<meta property=\"og:image:type\" content=\"image\/jpeg\" \/>\n<meta name=\"author\" content=\"Memurun Sesi Haber Merkezi\" \/>\n<meta name=\"twitter:card\" content=\"summary_large_image\" \/>\n<meta name=\"twitter:creator\" content=\"@unipersen\" \/>\n<meta name=\"twitter:site\" content=\"@unipersen\" \/>\n<meta name=\"twitter:label1\" content=\"Yazan:\" \/>\n\t<meta name=\"twitter:data1\" content=\"Memurun Sesi Haber Merkezi\" \/>\n\t<meta name=\"twitter:label2\" content=\"Tahmini okuma s\u00fcresi\" \/>\n\t<meta name=\"twitter:data2\" content=\"1 dakika\" \/>\n<script type=\"application\/ld+json\" class=\"yoast-schema-graph\">{\"@context\":\"https:\\\/\\\/schema.org\",\"@graph\":[{\"@type\":\"Article\",\"@id\":\"https:\\\/\\\/memurunsesi.net\\\/index.php\\\/2025\\\/04\\\/18\\\/ogr-gor-karakayanin-projesine-tubitaktan-destek\\\/#article\",\"isPartOf\":{\"@id\":\"https:\\\/\\\/memurunsesi.net\\\/index.php\\\/2025\\\/04\\\/18\\\/ogr-gor-karakayanin-projesine-tubitaktan-destek\\\/\"},\"author\":{\"name\":\"Memurun Sesi Haber Merkezi\",\"@id\":\"https:\\\/\\\/memurunsesi.net\\\/#\\\/schema\\\/person\\\/f21c2d73b89f6ee1d80b0a1803e38587\"},\"headline\":\"\u00d6\u011fr. G\u00f6r. Karakaya\u2019n\u0131n Projesine T\u00dcB\u0130TAK\u2019tan Destek\",\"datePublished\":\"2025-04-18T06:49:15+00:00\",\"mainEntityOfPage\":{\"@id\":\"https:\\\/\\\/memurunsesi.net\\\/index.php\\\/2025\\\/04\\\/18\\\/ogr-gor-karakayanin-projesine-tubitaktan-destek\\\/\"},\"wordCount\":545,\"commentCount\":0,\"publisher\":{\"@id\":\"https:\\\/\\\/memurunsesi.net\\\/#organization\"},\"image\":{\"@id\":\"https:\\\/\\\/memurunsesi.net\\\/index.php\\\/2025\\\/04\\\/18\\\/ogr-gor-karakayanin-projesine-tubitaktan-destek\\\/#primaryimage\"},\"thumbnailUrl\":\"https:\\\/\\\/memurunsesi.net\\\/wp-content\\\/uploads\\\/2025\\\/04\\\/AW434591_01-scaled.jpg\",\"articleSection\":[\"\u00dcniversiteden Haberler\"],\"inLanguage\":\"tr\",\"potentialAction\":[{\"@type\":\"CommentAction\",\"name\":\"Comment\",\"target\":[\"https:\\\/\\\/memurunsesi.net\\\/index.php\\\/2025\\\/04\\\/18\\\/ogr-gor-karakayanin-projesine-tubitaktan-destek\\\/#respond\"]}]},{\"@type\":\"WebPage\",\"@id\":\"https:\\\/\\\/memurunsesi.net\\\/index.php\\\/2025\\\/04\\\/18\\\/ogr-gor-karakayanin-projesine-tubitaktan-destek\\\/\",\"url\":\"https:\\\/\\\/memurunsesi.net\\\/index.php\\\/2025\\\/04\\\/18\\\/ogr-gor-karakayanin-projesine-tubitaktan-destek\\\/\",\"name\":\"\u00d6\u011fr. G\u00f6r. Karakaya\u2019n\u0131n Projesine T\u00dcB\u0130TAK\u2019tan Destek - Memurun Sesi\",\"isPartOf\":{\"@id\":\"https:\\\/\\\/memurunsesi.net\\\/#website\"},\"primaryImageOfPage\":{\"@id\":\"https:\\\/\\\/memurunsesi.net\\\/index.php\\\/2025\\\/04\\\/18\\\/ogr-gor-karakayanin-projesine-tubitaktan-destek\\\/#primaryimage\"},\"image\":{\"@id\":\"https:\\\/\\\/memurunsesi.net\\\/index.php\\\/2025\\\/04\\\/18\\\/ogr-gor-karakayanin-projesine-tubitaktan-destek\\\/#primaryimage\"},\"thumbnailUrl\":\"https:\\\/\\\/memurunsesi.net\\\/wp-content\\\/uploads\\\/2025\\\/04\\\/AW434591_01-scaled.jpg\",\"datePublished\":\"2025-04-18T06:49:15+00:00\",\"breadcrumb\":{\"@id\":\"https:\\\/\\\/memurunsesi.net\\\/index.php\\\/2025\\\/04\\\/18\\\/ogr-gor-karakayanin-projesine-tubitaktan-destek\\\/#breadcrumb\"},\"inLanguage\":\"tr\",\"potentialAction\":[{\"@type\":\"ReadAction\",\"target\":[\"https:\\\/\\\/memurunsesi.net\\\/index.php\\\/2025\\\/04\\\/18\\\/ogr-gor-karakayanin-projesine-tubitaktan-destek\\\/\"]}]},{\"@type\":\"ImageObject\",\"inLanguage\":\"tr\",\"@id\":\"https:\\\/\\\/memurunsesi.net\\\/index.php\\\/2025\\\/04\\\/18\\\/ogr-gor-karakayanin-projesine-tubitaktan-destek\\\/#primaryimage\",\"url\":\"https:\\\/\\\/memurunsesi.net\\\/wp-content\\\/uploads\\\/2025\\\/04\\\/AW434591_01-scaled.jpg\",\"contentUrl\":\"https:\\\/\\\/memurunsesi.net\\\/wp-content\\\/uploads\\\/2025\\\/04\\\/AW434591_01-scaled.jpg\",\"width\":2560,\"height\":2560,\"caption\":\"ZONGULDAK B\u00dcLENT ECEV\u0130T \u00dcN\u0130VERS\u0130TES\u0130 (BEUN) AHMET ERDO\u011eAN SA\u011eLIK H\u0130ZMETLER\u0130 MESLEK Y\u00dcKSEKOKULU AKADEM\u0130SYENLER\u0130NDEN \u00d6\u011eR. G\u00d6R. DR. C\u0130HANG\u0130R KARAKAYA'NIN ARA\u015eTIRMACI OLARAK YER ALDI\u011eI \\\"SOSYAL VE EKONOM\u0130K DESTEK (SED) H\u0130ZMET\u0130N\u0130N ETK\u0130NL\u0130\u011e\u0130N\u0130N \u00c7OCUK, A\u0130LE VE MESLEK ELEMANI BA\u011eLAMINDA G\u00dc\u00c7LEND\u0130R\u0130LMES\u0130\\\" BA\u015eLIKLI PROJE, T\u00dcB\u0130TAK 1007 KAPSAMINDA DESTEKLENMEYE LAYIK G\u00d6R\u00dcLD\u00dc. (ONUR ALTINDA\u011e\\\/ZONGULDAK-\u0130HA) Zonguldak B\u00fclent Ecevit \u00dcniversitesi (BEUN) Ahmet Erdo\u011fan Sa\u011fl\u0131k Hizmetleri Meslek Y\u00fcksekokulu akademisyenlerinden \u00d6\u011fr. G\u00f6r. Dr. Cihangir Karakaya'n\u0131n ara\u015ft\u0131rmac\u0131 olarak yer ald\u0131\u011f\u0131 \\\"Sosyal ve Ekonomik Destek (SED) Hizmetinin Etkinli\u011finin \u00c7ocuk, Aile ve Meslek Eleman\u0131 Ba\u011flam\u0131nda G\u00fc\u00e7lendirilmesi\\\" ba\u015fl\u0131kl\u0131 proje, T\u00dcB\u0130TAK 1007 kapsam\u0131nda desteklenmeye lay\u0131k g\u00f6r\u00fcld\u00fc.\"},{\"@type\":\"BreadcrumbList\",\"@id\":\"https:\\\/\\\/memurunsesi.net\\\/index.php\\\/2025\\\/04\\\/18\\\/ogr-gor-karakayanin-projesine-tubitaktan-destek\\\/#breadcrumb\",\"itemListElement\":[{\"@type\":\"ListItem\",\"position\":1,\"name\":\"Anasayfa\",\"item\":\"https:\\\/\\\/memurunsesi.net\\\/\"},{\"@type\":\"ListItem\",\"position\":2,\"name\":\"\u00d6\u011fr. G\u00f6r. Karakaya\u2019n\u0131n Projesine T\u00dcB\u0130TAK\u2019tan Destek\"}]},{\"@type\":\"WebSite\",\"@id\":\"https:\\\/\\\/memurunsesi.net\\\/#website\",\"url\":\"https:\\\/\\\/memurunsesi.net\\\/\",\"name\":\"Memurun Sesi\",\"description\":\"G\u00fcncel ve Do\u011fru Haber\",\"publisher\":{\"@id\":\"https:\\\/\\\/memurunsesi.net\\\/#organization\"},\"potentialAction\":[{\"@type\":\"SearchAction\",\"target\":{\"@type\":\"EntryPoint\",\"urlTemplate\":\"https:\\\/\\\/memurunsesi.net\\\/?s={search_term_string}\"},\"query-input\":{\"@type\":\"PropertyValueSpecification\",\"valueRequired\":true,\"valueName\":\"search_term_string\"}}],\"inLanguage\":\"tr\"},{\"@type\":\"Organization\",\"@id\":\"https:\\\/\\\/memurunsesi.net\\\/#organization\",\"name\":\"Memurun Sesi\",\"url\":\"https:\\\/\\\/memurunsesi.net\\\/\",\"logo\":{\"@type\":\"ImageObject\",\"inLanguage\":\"tr\",\"@id\":\"https:\\\/\\\/memurunsesi.net\\\/#\\\/schema\\\/logo\\\/image\\\/\",\"url\":\"https:\\\/\\\/memurunsesi.net\\\/wp-content\\\/uploads\\\/2025\\\/11\\\/cropped-MEMURUN-SESI.png\",\"contentUrl\":\"https:\\\/\\\/memurunsesi.net\\\/wp-content\\\/uploads\\\/2025\\\/11\\\/cropped-MEMURUN-SESI.png\",\"width\":238,\"height\":57,\"caption\":\"Memurun Sesi\"},\"image\":{\"@id\":\"https:\\\/\\\/memurunsesi.net\\\/#\\\/schema\\\/logo\\\/image\\\/\"},\"sameAs\":[\"https:\\\/\\\/www.facebook.com\\\/unipersen\\\/?locale=tr_TR\",\"https:\\\/\\\/x.com\\\/unipersen\"]},{\"@type\":\"Person\",\"@id\":\"https:\\\/\\\/memurunsesi.net\\\/#\\\/schema\\\/person\\\/f21c2d73b89f6ee1d80b0a1803e38587\",\"name\":\"Memurun Sesi Haber Merkezi\",\"image\":{\"@type\":\"ImageObject\",\"inLanguage\":\"tr\",\"@id\":\"https:\\\/\\\/secure.gravatar.com\\\/avatar\\\/6cf0505f452ee753f485014986fab09a434671d2b919ee76fc541025c5876a70?s=96&d=mm&r=g\",\"url\":\"https:\\\/\\\/secure.gravatar.com\\\/avatar\\\/6cf0505f452ee753f485014986fab09a434671d2b919ee76fc541025c5876a70?s=96&d=mm&r=g\",\"contentUrl\":\"https:\\\/\\\/secure.gravatar.com\\\/avatar\\\/6cf0505f452ee753f485014986fab09a434671d2b919ee76fc541025c5876a70?s=96&d=mm&r=g\",\"caption\":\"Memurun Sesi Haber Merkezi\"},\"sameAs\":[\"https:\\\/\\\/memurunsesi.net\"],\"url\":\"https:\\\/\\\/memurunsesi.net\\\/index.php\\\/author\\\/uniper\\\/\"}]}<\/script>\n<!-- \/ Yoast SEO plugin. -->","yoast_head_json":{"title":"\u00d6\u011fr. G\u00f6r. Karakaya\u2019n\u0131n Projesine T\u00dcB\u0130TAK\u2019tan Destek - Memurun Sesi","robots":{"index":"index","follow":"follow","max-snippet":"max-snippet:-1","max-image-preview":"max-image-preview:large","max-video-preview":"max-video-preview:-1"},"canonical":"https:\/\/memurunsesi.net\/index.php\/2025\/04\/18\/ogr-gor-karakayanin-projesine-tubitaktan-destek\/","og_locale":"tr_TR","og_type":"article","og_title":"\u00d6\u011fr. G\u00f6r. Karakaya\u2019n\u0131n Projesine T\u00dcB\u0130TAK\u2019tan Destek - Memurun Sesi","og_description":"Zonguldak B\u00fclent Ecevit \u00dcniversitesi (BEUN) Ahmet Erdo\u011fan Sa\u011fl\u0131k Hizmetleri Meslek Y\u00fcksekokulu akademisyenlerinden \u00d6\u011fr. G\u00f6r. Dr. Cihangir Karakaya\u2019n\u0131n ara\u015ft\u0131rmac\u0131 olarak yer ald\u0131\u011f\u0131 &#8220;Sosyal ve Ekonomik Destek (SED) Hizmetinin Etkinli\u011finin \u00c7ocuk, Aile ve Meslek Eleman\u0131 Ba\u011flam\u0131nda G\u00fc\u00e7lendirilmesi&#8221; ba\u015fl\u0131kl\u0131 proje, T\u00dcB\u0130TAK 1007 kapsam\u0131nda desteklenmeye lay\u0131k g\u00f6r\u00fcld\u00fc. Projenin y\u00fcr\u00fct\u00fcc\u00fcl\u00fc\u011f\u00fcn\u00fc F\u0131rat \u00dcniversitesi \u0130ktisadi ve \u0130dari Bilimler Fak\u00fcltesi Sosyal Hizmet B\u00f6l\u00fcm\u00fcnden [&hellip;]","og_url":"https:\/\/memurunsesi.net\/index.php\/2025\/04\/18\/ogr-gor-karakayanin-projesine-tubitaktan-destek\/","og_site_name":"Memurun Sesi","article_publisher":"https:\/\/www.facebook.com\/unipersen\/?locale=tr_TR","article_published_time":"2025-04-18T06:49:15+00:00","og_image":[{"width":2560,"height":2560,"url":"https:\/\/memurunsesi.net\/wp-content\/uploads\/2025\/04\/AW434591_01-scaled.jpg","type":"image\/jpeg"}],"author":"Memurun Sesi Haber Merkezi","twitter_card":"summary_large_image","twitter_creator":"@unipersen","twitter_site":"@unipersen","twitter_misc":{"Yazan:":"Memurun Sesi Haber Merkezi","Tahmini okuma s\u00fcresi":"1 dakika"},"schema":{"@context":"https:\/\/schema.org","@graph":[{"@type":"Article","@id":"https:\/\/memurunsesi.net\/index.php\/2025\/04\/18\/ogr-gor-karakayanin-projesine-tubitaktan-destek\/#article","isPartOf":{"@id":"https:\/\/memurunsesi.net\/index.php\/2025\/04\/18\/ogr-gor-karakayanin-projesine-tubitaktan-destek\/"},"author":{"name":"Memurun Sesi Haber Merkezi","@id":"https:\/\/memurunsesi.net\/#\/schema\/person\/f21c2d73b89f6ee1d80b0a1803e38587"},"headline":"\u00d6\u011fr. G\u00f6r. Karakaya\u2019n\u0131n Projesine T\u00dcB\u0130TAK\u2019tan Destek","datePublished":"2025-04-18T06:49:15+00:00","mainEntityOfPage":{"@id":"https:\/\/memurunsesi.net\/index.php\/2025\/04\/18\/ogr-gor-karakayanin-projesine-tubitaktan-destek\/"},"wordCount":545,"commentCount":0,"publisher":{"@id":"https:\/\/memurunsesi.net\/#organization"},"image":{"@id":"https:\/\/memurunsesi.net\/index.php\/2025\/04\/18\/ogr-gor-karakayanin-projesine-tubitaktan-destek\/#primaryimage"},"thumbnailUrl":"https:\/\/memurunsesi.net\/wp-content\/uploads\/2025\/04\/AW434591_01-scaled.jpg","articleSection":["\u00dcniversiteden Haberler"],"inLanguage":"tr","potentialAction":[{"@type":"CommentAction","name":"Comment","target":["https:\/\/memurunsesi.net\/index.php\/2025\/04\/18\/ogr-gor-karakayanin-projesine-tubitaktan-destek\/#respond"]}]},{"@type":"WebPage","@id":"https:\/\/memurunsesi.net\/index.php\/2025\/04\/18\/ogr-gor-karakayanin-projesine-tubitaktan-destek\/","url":"https:\/\/memurunsesi.net\/index.php\/2025\/04\/18\/ogr-gor-karakayanin-projesine-tubitaktan-destek\/","name":"\u00d6\u011fr. G\u00f6r. Karakaya\u2019n\u0131n Projesine T\u00dcB\u0130TAK\u2019tan Destek - Memurun Sesi","isPartOf":{"@id":"https:\/\/memurunsesi.net\/#website"},"primaryImageOfPage":{"@id":"https:\/\/memurunsesi.net\/index.php\/2025\/04\/18\/ogr-gor-karakayanin-projesine-tubitaktan-destek\/#primaryimage"},"image":{"@id":"https:\/\/memurunsesi.net\/index.php\/2025\/04\/18\/ogr-gor-karakayanin-projesine-tubitaktan-destek\/#primaryimage"},"thumbnailUrl":"https:\/\/memurunsesi.net\/wp-content\/uploads\/2025\/04\/AW434591_01-scaled.jpg","datePublished":"2025-04-18T06:49:15+00:00","breadcrumb":{"@id":"https:\/\/memurunsesi.net\/index.php\/2025\/04\/18\/ogr-gor-karakayanin-projesine-tubitaktan-destek\/#breadcrumb"},"inLanguage":"tr","potentialAction":[{"@type":"ReadAction","target":["https:\/\/memurunsesi.net\/index.php\/2025\/04\/18\/ogr-gor-karakayanin-projesine-tubitaktan-destek\/"]}]},{"@type":"ImageObject","inLanguage":"tr","@id":"https:\/\/memurunsesi.net\/index.php\/2025\/04\/18\/ogr-gor-karakayanin-projesine-tubitaktan-destek\/#primaryimage","url":"https:\/\/memurunsesi.net\/wp-content\/uploads\/2025\/04\/AW434591_01-scaled.jpg","contentUrl":"https:\/\/memurunsesi.net\/wp-content\/uploads\/2025\/04\/AW434591_01-scaled.jpg","width":2560,"height":2560,"caption":"ZONGULDAK B\u00dcLENT ECEV\u0130T \u00dcN\u0130VERS\u0130TES\u0130 (BEUN) AHMET ERDO\u011eAN SA\u011eLIK H\u0130ZMETLER\u0130 MESLEK Y\u00dcKSEKOKULU AKADEM\u0130SYENLER\u0130NDEN \u00d6\u011eR. G\u00d6R. DR. C\u0130HANG\u0130R KARAKAYA'NIN ARA\u015eTIRMACI OLARAK YER ALDI\u011eI \"SOSYAL VE EKONOM\u0130K DESTEK (SED) H\u0130ZMET\u0130N\u0130N ETK\u0130NL\u0130\u011e\u0130N\u0130N \u00c7OCUK, A\u0130LE VE MESLEK ELEMANI BA\u011eLAMINDA G\u00dc\u00c7LEND\u0130R\u0130LMES\u0130\" BA\u015eLIKLI PROJE, T\u00dcB\u0130TAK 1007 KAPSAMINDA DESTEKLENMEYE LAYIK G\u00d6R\u00dcLD\u00dc. (ONUR ALTINDA\u011e\/ZONGULDAK-\u0130HA) Zonguldak B\u00fclent Ecevit \u00dcniversitesi (BEUN) Ahmet Erdo\u011fan Sa\u011fl\u0131k Hizmetleri Meslek Y\u00fcksekokulu akademisyenlerinden \u00d6\u011fr. G\u00f6r. Dr. Cihangir Karakaya'n\u0131n ara\u015ft\u0131rmac\u0131 olarak yer ald\u0131\u011f\u0131 \"Sosyal ve Ekonomik Destek (SED) Hizmetinin Etkinli\u011finin \u00c7ocuk, Aile ve Meslek Eleman\u0131 Ba\u011flam\u0131nda G\u00fc\u00e7lendirilmesi\" ba\u015fl\u0131kl\u0131 proje, T\u00dcB\u0130TAK 1007 kapsam\u0131nda desteklenmeye lay\u0131k g\u00f6r\u00fcld\u00fc."},{"@type":"BreadcrumbList","@id":"https:\/\/memurunsesi.net\/index.php\/2025\/04\/18\/ogr-gor-karakayanin-projesine-tubitaktan-destek\/#breadcrumb","itemListElement":[{"@type":"ListItem","position":1,"name":"Anasayfa","item":"https:\/\/memurunsesi.net\/"},{"@type":"ListItem","position":2,"name":"\u00d6\u011fr. G\u00f6r. Karakaya\u2019n\u0131n Projesine T\u00dcB\u0130TAK\u2019tan Destek"}]},{"@type":"WebSite","@id":"https:\/\/memurunsesi.net\/#website","url":"https:\/\/memurunsesi.net\/","name":"Memurun Sesi","description":"G\u00fcncel ve Do\u011fru Haber","publisher":{"@id":"https:\/\/memurunsesi.net\/#organization"},"potentialAction":[{"@type":"SearchAction","target":{"@type":"EntryPoint","urlTemplate":"https:\/\/memurunsesi.net\/?s={search_term_string}"},"query-input":{"@type":"PropertyValueSpecification","valueRequired":true,"valueName":"search_term_string"}}],"inLanguage":"tr"},{"@type":"Organization","@id":"https:\/\/memurunsesi.net\/#organization","name":"Memurun Sesi","url":"https:\/\/memurunsesi.net\/","logo":{"@type":"ImageObject","inLanguage":"tr","@id":"https:\/\/memurunsesi.net\/#\/schema\/logo\/image\/","url":"https:\/\/memurunsesi.net\/wp-content\/uploads\/2025\/11\/cropped-MEMURUN-SESI.png","contentUrl":"https:\/\/memurunsesi.net\/wp-content\/uploads\/2025\/11\/cropped-MEMURUN-SESI.png","width":238,"height":57,"caption":"Memurun Sesi"},"image":{"@id":"https:\/\/memurunsesi.net\/#\/schema\/logo\/image\/"},"sameAs":["https:\/\/www.facebook.com\/unipersen\/?locale=tr_TR","https:\/\/x.com\/unipersen"]},{"@type":"Person","@id":"https:\/\/memurunsesi.net\/#\/schema\/person\/f21c2d73b89f6ee1d80b0a1803e38587","name":"Memurun Sesi Haber Merkezi","image":{"@type":"ImageObject","inLanguage":"tr","@id":"https:\/\/secure.gravatar.com\/avatar\/6cf0505f452ee753f485014986fab09a434671d2b919ee76fc541025c5876a70?s=96&d=mm&r=g","url":"https:\/\/secure.gravatar.com\/avatar\/6cf0505f452ee753f485014986fab09a434671d2b919ee76fc541025c5876a70?s=96&d=mm&r=g","contentUrl":"https:\/\/secure.gravatar.com\/avatar\/6cf0505f452ee753f485014986fab09a434671d2b919ee76fc541025c5876a70?s=96&d=mm&r=g","caption":"Memurun Sesi Haber Merkezi"},"sameAs":["https:\/\/memurunsesi.net"],"url":"https:\/\/memurunsesi.net\/index.php\/author\/uniper\/"}]}},"_links":{"self":[{"href":"https:\/\/memurunsesi.net\/index.php\/wp-json\/wp\/v2\/posts\/5504","targetHints":{"allow":["GET"]}}],"collection":[{"href":"https:\/\/memurunsesi.net\/index.php\/wp-json\/wp\/v2\/posts"}],"about":[{"href":"https:\/\/memurunsesi.net\/index.php\/wp-json\/wp\/v2\/types\/post"}],"author":[{"embeddable":true,"href":"https:\/\/memurunsesi.net\/index.php\/wp-json\/wp\/v2\/users\/1"}],"replies":[{"embeddable":true,"href":"https:\/\/memurunsesi.net\/index.php\/wp-json\/wp\/v2\/comments?post=5504"}],"version-history":[{"count":1,"href":"https:\/\/memurunsesi.net\/index.php\/wp-json\/wp\/v2\/posts\/5504\/revisions"}],"predecessor-version":[{"id":5506,"href":"https:\/\/memurunsesi.net\/index.php\/wp-json\/wp\/v2\/posts\/5504\/revisions\/5506"}],"wp:featuredmedia":[{"embeddable":true,"href":"https:\/\/memurunsesi.net\/index.php\/wp-json\/wp\/v2\/media\/5505"}],"wp:attachment":[{"href":"https:\/\/memurunsesi.net\/index.php\/wp-json\/wp\/v2\/media?parent=5504"}],"wp:term":[{"taxonomy":"category","embeddable":true,"href":"https:\/\/memurunsesi.net\/index.php\/wp-json\/wp\/v2\/categories?post=5504"},{"taxonomy":"post_tag","embeddable":true,"href":"https:\/\/memurunsesi.net\/index.php\/wp-json\/wp\/v2\/tags?post=5504"}],"curies":[{"name":"wp","href":"https:\/\/api.w.org\/{rel}","templated":true}]}}