{"id":5513,"date":"2025-04-18T13:16:48","date_gmt":"2025-04-18T10:16:48","guid":{"rendered":"https:\/\/memurunsesi.net\/?p=5513"},"modified":"2025-04-18T13:16:48","modified_gmt":"2025-04-18T10:16:48","slug":"unipersen-10-yilini-genel-merkezde-duzenlenen-etkinlikle-kutladi","status":"publish","type":"post","link":"https:\/\/memurunsesi.net\/index.php\/2025\/04\/18\/unipersen-10-yilini-genel-merkezde-duzenlenen-etkinlikle-kutladi\/","title":{"rendered":"\u00dcN\u0130PERSEN 10. Y\u0131l\u0131n\u0131 Genel Merkezde D\u00fczenlenen Etkinlikle Kutlad\u0131"},"content":{"rendered":"<p>\u00dcniversite \u00c7al\u0131\u015fanlar\u0131 Sendikas\u0131 \u00dcN\u0130PERSEN, kurulu\u015funun 10. y\u0131l d\u00f6n\u00fcm\u00fcn\u00fc Genel Merkezde d\u00fczenledi\u011fi etkinlikle \u00fcyeleri ile kutlad\u0131. \u00dcyelerin ve temsilcilerin kat\u0131l\u0131m\u0131yla ger\u00e7ekle\u015fen bulu\u015fmada, 10. y\u0131la \u00f6zel pasta kesilerek sendikan\u0131n on y\u0131ll\u0131k m\u00fccadelesi an\u0131ld\u0131.<\/p>\n<p>Geride kalan 10 y\u0131l boyunca \u00fcniversite \u00e7al\u0131\u015fanlar\u0131n\u0131n sesi olmay\u0131 hedefleyen sendika, etkinlikte bug\u00fcne kadar y\u00fcr\u00fctt\u00fc\u011f\u00fc sendikal faaliyetleri de\u011ferlendirirken, \u00f6n\u00fcm\u00fczdeki d\u00f6neme dair kararl\u0131l\u0131\u011f\u0131n\u0131 da bir kez daha vurgulad\u0131.<\/p>\n<p>\u00dcN\u0130PERSEN yetkilileri, 10. y\u0131l\u0131n anlam\u0131n\u0131 \u015fu s\u00f6zlerle ifade etti:<br \/>\n&#8220;Bu 10. y\u0131l kutlamas\u0131, sendikal hedeflerimizin hen\u00fcz tamam\u0131na ula\u015famam\u0131\u015f olmam\u0131z nedeniyle bizim i\u00e7in s\u0131n\u0131rl\u0131 bir anlam ta\u015f\u0131yor. \u00dcniversite \u00e7al\u0131\u015fanlar\u0131n\u0131n y\u0131llard\u0131r bekledi\u011fi k\u00f6kl\u00fc \u00e7\u00f6z\u00fcmler h\u00e2l\u00e2 hayata ge\u00e7irilmi\u015f de\u011fil. Bu nedenle 10. y\u0131l\u0131m\u0131z\u0131 bir hat\u0131rlatma olarak g\u00f6r\u00fcyoruz.&#8221;<\/p>\n<p>A\u00e7\u0131klamada, \u00dcN\u0130PERSEN\u2019in kurulu\u015funda ilan edilen ve \u00e7\u00f6z\u00fcm\u00fcn\u00fc temel hedef olarak belirledi\u011fi 5 kritik maddenin h\u00e2l\u00e2 \u00f6ncelikli oldu\u011funun alt\u0131 \u00e7izildi. Bu maddeler \u00e7\u00f6z\u00fcme kavu\u015fmadan, sendikan\u0131n rahat bir nefes almas\u0131n\u0131n m\u00fcmk\u00fcn olmad\u0131\u011f\u0131 belirtildi.<\/p>\n<p>Sendika, her ko\u015fulda bu m\u00fccadeleyi s\u00fcrd\u00fcrece\u011fini kamuoyuna bir kez daha ilan ederek, \u201cGer\u00e7ek kutlamay\u0131, bu sorunlar\u0131n \u00e7\u00f6z\u00fcld\u00fc\u011f\u00fc g\u00fcn yapaca\u011f\u0131z. En b\u00fcy\u00fck kutlamay\u0131, en co\u015fkulu etkinlikleri t\u00fcm \u00fcyelerimiz ve \u00fcniversite \u00e7al\u0131\u015fanlar\u0131yla birlikte ger\u00e7ekle\u015ftirece\u011fiz.\u201d mesaj\u0131n\u0131 verdi.<\/p>\n<p>Etkinlik sonunda, kurulu\u015fundan bu yana sendikayla birlikte yol y\u00fcr\u00fcyen t\u00fcm \u00fcyelere te\u015fekk\u00fcr edilerek, \u201cBirlikte daha g\u00fc\u00e7l\u00fc, daha kararl\u0131 nice y\u0131llara\u2026\u201d dile\u011finde bulunuldu.<\/p>\n<p>18.04.2025<\/p>\n","protected":false},"excerpt":{"rendered":"<p>\u00dcniversite \u00c7al\u0131\u015fanlar\u0131 Sendikas\u0131 \u00dcN\u0130PERSEN, kurulu\u015funun 10. y\u0131l d\u00f6n\u00fcm\u00fcn\u00fc Genel Merkezde d\u00fczenledi\u011fi etkinlikle \u00fcyeleri ile kutlad\u0131. \u00dcyelerin ve temsilcilerin kat\u0131l\u0131m\u0131yla ger\u00e7ekle\u015fen bulu\u015fmada, 10. y\u0131la \u00f6zel pasta kesilerek sendikan\u0131n on y\u0131ll\u0131k m\u00fccadelesi an\u0131ld\u0131. Geride kalan 10 y\u0131l boyunca \u00fcniversite \u00e7al\u0131\u015fanlar\u0131n\u0131n sesi olmay\u0131 hedefleyen sendika, etkinlikte bug\u00fcne kadar y\u00fcr\u00fctt\u00fc\u011f\u00fc sendikal faaliyetleri de\u011ferlendirirken, \u00f6n\u00fcm\u00fczdeki d\u00f6neme dair kararl\u0131l\u0131\u011f\u0131n\u0131 da bir [&hellip;]<\/p>\n","protected":false},"author":1,"featured_media":5514,"comment_status":"open","ping_status":"open","sticky":false,"template":"","format":"standard","meta":{"footnotes":""},"categories":[45],"tags":[],"class_list":["post-5513","post","type-post","status-publish","format-standard","has-post-thumbnail","hentry","category-gundem"],"yoast_head":"<!-- This site is optimized with the Yoast SEO plugin v27.4 - https:\/\/yoast.com\/product\/yoast-seo-wordpress\/ -->\n<title>\u00dcN\u0130PERSEN 10. Y\u0131l\u0131n\u0131 Genel Merkezde D\u00fczenlenen Etkinlikle Kutlad\u0131 - Memurun Sesi<\/title>\n<meta name=\"robots\" content=\"index, follow, max-snippet:-1, max-image-preview:large, max-video-preview:-1\" \/>\n<link rel=\"canonical\" href=\"https:\/\/memurunsesi.net\/index.php\/2025\/04\/18\/unipersen-10-yilini-genel-merkezde-duzenlenen-etkinlikle-kutladi\/\" \/>\n<meta property=\"og:locale\" content=\"tr_TR\" \/>\n<meta property=\"og:type\" content=\"article\" \/>\n<meta property=\"og:title\" content=\"\u00dcN\u0130PERSEN 10. Y\u0131l\u0131n\u0131 Genel Merkezde D\u00fczenlenen Etkinlikle Kutlad\u0131 - Memurun Sesi\" \/>\n<meta property=\"og:description\" content=\"\u00dcniversite \u00c7al\u0131\u015fanlar\u0131 Sendikas\u0131 \u00dcN\u0130PERSEN, kurulu\u015funun 10. y\u0131l d\u00f6n\u00fcm\u00fcn\u00fc Genel Merkezde d\u00fczenledi\u011fi etkinlikle \u00fcyeleri ile kutlad\u0131. \u00dcyelerin ve temsilcilerin kat\u0131l\u0131m\u0131yla ger\u00e7ekle\u015fen bulu\u015fmada, 10. y\u0131la \u00f6zel pasta kesilerek sendikan\u0131n on y\u0131ll\u0131k m\u00fccadelesi an\u0131ld\u0131. Geride kalan 10 y\u0131l boyunca \u00fcniversite \u00e7al\u0131\u015fanlar\u0131n\u0131n sesi olmay\u0131 hedefleyen sendika, etkinlikte bug\u00fcne kadar y\u00fcr\u00fctt\u00fc\u011f\u00fc sendikal faaliyetleri de\u011ferlendirirken, \u00f6n\u00fcm\u00fczdeki d\u00f6neme dair kararl\u0131l\u0131\u011f\u0131n\u0131 da bir [&hellip;]\" \/>\n<meta property=\"og:url\" content=\"https:\/\/memurunsesi.net\/index.php\/2025\/04\/18\/unipersen-10-yilini-genel-merkezde-duzenlenen-etkinlikle-kutladi\/\" \/>\n<meta property=\"og:site_name\" content=\"Memurun Sesi\" \/>\n<meta property=\"article:publisher\" content=\"https:\/\/www.facebook.com\/unipersen\/?locale=tr_TR\" \/>\n<meta property=\"article:published_time\" content=\"2025-04-18T10:16:48+00:00\" \/>\n<meta property=\"og:image\" content=\"https:\/\/memurunsesi.net\/wp-content\/uploads\/2025\/04\/Unipersen-10.-yil.jpg\" \/>\n\t<meta property=\"og:image:width\" content=\"1080\" \/>\n\t<meta property=\"og:image:height\" content=\"1080\" \/>\n\t<meta property=\"og:image:type\" content=\"image\/jpeg\" \/>\n<meta name=\"author\" content=\"Memurun Sesi Haber Merkezi\" \/>\n<meta name=\"twitter:card\" content=\"summary_large_image\" \/>\n<meta name=\"twitter:creator\" content=\"@unipersen\" \/>\n<meta name=\"twitter:site\" content=\"@unipersen\" \/>\n<meta name=\"twitter:label1\" content=\"Yazan:\" \/>\n\t<meta name=\"twitter:data1\" content=\"Memurun Sesi Haber Merkezi\" \/>\n\t<meta name=\"twitter:label2\" content=\"Tahmini okuma s\u00fcresi\" \/>\n\t<meta name=\"twitter:data2\" content=\"1 dakika\" \/>\n<script type=\"application\/ld+json\" class=\"yoast-schema-graph\">{\"@context\":\"https:\\\/\\\/schema.org\",\"@graph\":[{\"@type\":\"Article\",\"@id\":\"https:\\\/\\\/memurunsesi.net\\\/index.php\\\/2025\\\/04\\\/18\\\/unipersen-10-yilini-genel-merkezde-duzenlenen-etkinlikle-kutladi\\\/#article\",\"isPartOf\":{\"@id\":\"https:\\\/\\\/memurunsesi.net\\\/index.php\\\/2025\\\/04\\\/18\\\/unipersen-10-yilini-genel-merkezde-duzenlenen-etkinlikle-kutladi\\\/\"},\"author\":{\"name\":\"Memurun Sesi Haber Merkezi\",\"@id\":\"https:\\\/\\\/memurunsesi.net\\\/#\\\/schema\\\/person\\\/f21c2d73b89f6ee1d80b0a1803e38587\"},\"headline\":\"\u00dcN\u0130PERSEN 10. Y\u0131l\u0131n\u0131 Genel Merkezde D\u00fczenlenen Etkinlikle Kutlad\u0131\",\"datePublished\":\"2025-04-18T10:16:48+00:00\",\"mainEntityOfPage\":{\"@id\":\"https:\\\/\\\/memurunsesi.net\\\/index.php\\\/2025\\\/04\\\/18\\\/unipersen-10-yilini-genel-merkezde-duzenlenen-etkinlikle-kutladi\\\/\"},\"wordCount\":303,\"commentCount\":0,\"publisher\":{\"@id\":\"https:\\\/\\\/memurunsesi.net\\\/#organization\"},\"image\":{\"@id\":\"https:\\\/\\\/memurunsesi.net\\\/index.php\\\/2025\\\/04\\\/18\\\/unipersen-10-yilini-genel-merkezde-duzenlenen-etkinlikle-kutladi\\\/#primaryimage\"},\"thumbnailUrl\":\"https:\\\/\\\/memurunsesi.net\\\/wp-content\\\/uploads\\\/2025\\\/04\\\/Unipersen-10.-yil.jpg\",\"articleSection\":[\"G\u00fcndem\"],\"inLanguage\":\"tr\",\"potentialAction\":[{\"@type\":\"CommentAction\",\"name\":\"Comment\",\"target\":[\"https:\\\/\\\/memurunsesi.net\\\/index.php\\\/2025\\\/04\\\/18\\\/unipersen-10-yilini-genel-merkezde-duzenlenen-etkinlikle-kutladi\\\/#respond\"]}]},{\"@type\":\"WebPage\",\"@id\":\"https:\\\/\\\/memurunsesi.net\\\/index.php\\\/2025\\\/04\\\/18\\\/unipersen-10-yilini-genel-merkezde-duzenlenen-etkinlikle-kutladi\\\/\",\"url\":\"https:\\\/\\\/memurunsesi.net\\\/index.php\\\/2025\\\/04\\\/18\\\/unipersen-10-yilini-genel-merkezde-duzenlenen-etkinlikle-kutladi\\\/\",\"name\":\"\u00dcN\u0130PERSEN 10. Y\u0131l\u0131n\u0131 Genel Merkezde D\u00fczenlenen Etkinlikle Kutlad\u0131 - Memurun Sesi\",\"isPartOf\":{\"@id\":\"https:\\\/\\\/memurunsesi.net\\\/#website\"},\"primaryImageOfPage\":{\"@id\":\"https:\\\/\\\/memurunsesi.net\\\/index.php\\\/2025\\\/04\\\/18\\\/unipersen-10-yilini-genel-merkezde-duzenlenen-etkinlikle-kutladi\\\/#primaryimage\"},\"image\":{\"@id\":\"https:\\\/\\\/memurunsesi.net\\\/index.php\\\/2025\\\/04\\\/18\\\/unipersen-10-yilini-genel-merkezde-duzenlenen-etkinlikle-kutladi\\\/#primaryimage\"},\"thumbnailUrl\":\"https:\\\/\\\/memurunsesi.net\\\/wp-content\\\/uploads\\\/2025\\\/04\\\/Unipersen-10.-yil.jpg\",\"datePublished\":\"2025-04-18T10:16:48+00:00\",\"breadcrumb\":{\"@id\":\"https:\\\/\\\/memurunsesi.net\\\/index.php\\\/2025\\\/04\\\/18\\\/unipersen-10-yilini-genel-merkezde-duzenlenen-etkinlikle-kutladi\\\/#breadcrumb\"},\"inLanguage\":\"tr\",\"potentialAction\":[{\"@type\":\"ReadAction\",\"target\":[\"https:\\\/\\\/memurunsesi.net\\\/index.php\\\/2025\\\/04\\\/18\\\/unipersen-10-yilini-genel-merkezde-duzenlenen-etkinlikle-kutladi\\\/\"]}]},{\"@type\":\"ImageObject\",\"inLanguage\":\"tr\",\"@id\":\"https:\\\/\\\/memurunsesi.net\\\/index.php\\\/2025\\\/04\\\/18\\\/unipersen-10-yilini-genel-merkezde-duzenlenen-etkinlikle-kutladi\\\/#primaryimage\",\"url\":\"https:\\\/\\\/memurunsesi.net\\\/wp-content\\\/uploads\\\/2025\\\/04\\\/Unipersen-10.-yil.jpg\",\"contentUrl\":\"https:\\\/\\\/memurunsesi.net\\\/wp-content\\\/uploads\\\/2025\\\/04\\\/Unipersen-10.-yil.jpg\",\"width\":1080,\"height\":1080},{\"@type\":\"BreadcrumbList\",\"@id\":\"https:\\\/\\\/memurunsesi.net\\\/index.php\\\/2025\\\/04\\\/18\\\/unipersen-10-yilini-genel-merkezde-duzenlenen-etkinlikle-kutladi\\\/#breadcrumb\",\"itemListElement\":[{\"@type\":\"ListItem\",\"position\":1,\"name\":\"Anasayfa\",\"item\":\"https:\\\/\\\/memurunsesi.net\\\/\"},{\"@type\":\"ListItem\",\"position\":2,\"name\":\"\u00dcN\u0130PERSEN 10. Y\u0131l\u0131n\u0131 Genel Merkezde D\u00fczenlenen Etkinlikle Kutlad\u0131\"}]},{\"@type\":\"WebSite\",\"@id\":\"https:\\\/\\\/memurunsesi.net\\\/#website\",\"url\":\"https:\\\/\\\/memurunsesi.net\\\/\",\"name\":\"Memurun Sesi\",\"description\":\"G\u00fcncel ve Do\u011fru Haber\",\"publisher\":{\"@id\":\"https:\\\/\\\/memurunsesi.net\\\/#organization\"},\"potentialAction\":[{\"@type\":\"SearchAction\",\"target\":{\"@type\":\"EntryPoint\",\"urlTemplate\":\"https:\\\/\\\/memurunsesi.net\\\/?s={search_term_string}\"},\"query-input\":{\"@type\":\"PropertyValueSpecification\",\"valueRequired\":true,\"valueName\":\"search_term_string\"}}],\"inLanguage\":\"tr\"},{\"@type\":\"Organization\",\"@id\":\"https:\\\/\\\/memurunsesi.net\\\/#organization\",\"name\":\"Memurun Sesi\",\"url\":\"https:\\\/\\\/memurunsesi.net\\\/\",\"logo\":{\"@type\":\"ImageObject\",\"inLanguage\":\"tr\",\"@id\":\"https:\\\/\\\/memurunsesi.net\\\/#\\\/schema\\\/logo\\\/image\\\/\",\"url\":\"https:\\\/\\\/memurunsesi.net\\\/wp-content\\\/uploads\\\/2025\\\/11\\\/cropped-MEMURUN-SESI.png\",\"contentUrl\":\"https:\\\/\\\/memurunsesi.net\\\/wp-content\\\/uploads\\\/2025\\\/11\\\/cropped-MEMURUN-SESI.png\",\"width\":238,\"height\":57,\"caption\":\"Memurun Sesi\"},\"image\":{\"@id\":\"https:\\\/\\\/memurunsesi.net\\\/#\\\/schema\\\/logo\\\/image\\\/\"},\"sameAs\":[\"https:\\\/\\\/www.facebook.com\\\/unipersen\\\/?locale=tr_TR\",\"https:\\\/\\\/x.com\\\/unipersen\"]},{\"@type\":\"Person\",\"@id\":\"https:\\\/\\\/memurunsesi.net\\\/#\\\/schema\\\/person\\\/f21c2d73b89f6ee1d80b0a1803e38587\",\"name\":\"Memurun Sesi Haber Merkezi\",\"image\":{\"@type\":\"ImageObject\",\"inLanguage\":\"tr\",\"@id\":\"https:\\\/\\\/secure.gravatar.com\\\/avatar\\\/6cf0505f452ee753f485014986fab09a434671d2b919ee76fc541025c5876a70?s=96&d=mm&r=g\",\"url\":\"https:\\\/\\\/secure.gravatar.com\\\/avatar\\\/6cf0505f452ee753f485014986fab09a434671d2b919ee76fc541025c5876a70?s=96&d=mm&r=g\",\"contentUrl\":\"https:\\\/\\\/secure.gravatar.com\\\/avatar\\\/6cf0505f452ee753f485014986fab09a434671d2b919ee76fc541025c5876a70?s=96&d=mm&r=g\",\"caption\":\"Memurun Sesi Haber Merkezi\"},\"sameAs\":[\"https:\\\/\\\/memurunsesi.net\"],\"url\":\"https:\\\/\\\/memurunsesi.net\\\/index.php\\\/author\\\/uniper\\\/\"}]}<\/script>\n<!-- \/ Yoast SEO plugin. -->","yoast_head_json":{"title":"\u00dcN\u0130PERSEN 10. Y\u0131l\u0131n\u0131 Genel Merkezde D\u00fczenlenen Etkinlikle Kutlad\u0131 - Memurun Sesi","robots":{"index":"index","follow":"follow","max-snippet":"max-snippet:-1","max-image-preview":"max-image-preview:large","max-video-preview":"max-video-preview:-1"},"canonical":"https:\/\/memurunsesi.net\/index.php\/2025\/04\/18\/unipersen-10-yilini-genel-merkezde-duzenlenen-etkinlikle-kutladi\/","og_locale":"tr_TR","og_type":"article","og_title":"\u00dcN\u0130PERSEN 10. Y\u0131l\u0131n\u0131 Genel Merkezde D\u00fczenlenen Etkinlikle Kutlad\u0131 - Memurun Sesi","og_description":"\u00dcniversite \u00c7al\u0131\u015fanlar\u0131 Sendikas\u0131 \u00dcN\u0130PERSEN, kurulu\u015funun 10. y\u0131l d\u00f6n\u00fcm\u00fcn\u00fc Genel Merkezde d\u00fczenledi\u011fi etkinlikle \u00fcyeleri ile kutlad\u0131. \u00dcyelerin ve temsilcilerin kat\u0131l\u0131m\u0131yla ger\u00e7ekle\u015fen bulu\u015fmada, 10. y\u0131la \u00f6zel pasta kesilerek sendikan\u0131n on y\u0131ll\u0131k m\u00fccadelesi an\u0131ld\u0131. Geride kalan 10 y\u0131l boyunca \u00fcniversite \u00e7al\u0131\u015fanlar\u0131n\u0131n sesi olmay\u0131 hedefleyen sendika, etkinlikte bug\u00fcne kadar y\u00fcr\u00fctt\u00fc\u011f\u00fc sendikal faaliyetleri de\u011ferlendirirken, \u00f6n\u00fcm\u00fczdeki d\u00f6neme dair kararl\u0131l\u0131\u011f\u0131n\u0131 da bir [&hellip;]","og_url":"https:\/\/memurunsesi.net\/index.php\/2025\/04\/18\/unipersen-10-yilini-genel-merkezde-duzenlenen-etkinlikle-kutladi\/","og_site_name":"Memurun Sesi","article_publisher":"https:\/\/www.facebook.com\/unipersen\/?locale=tr_TR","article_published_time":"2025-04-18T10:16:48+00:00","og_image":[{"width":1080,"height":1080,"url":"https:\/\/memurunsesi.net\/wp-content\/uploads\/2025\/04\/Unipersen-10.-yil.jpg","type":"image\/jpeg"}],"author":"Memurun Sesi Haber Merkezi","twitter_card":"summary_large_image","twitter_creator":"@unipersen","twitter_site":"@unipersen","twitter_misc":{"Yazan:":"Memurun Sesi Haber Merkezi","Tahmini okuma s\u00fcresi":"1 dakika"},"schema":{"@context":"https:\/\/schema.org","@graph":[{"@type":"Article","@id":"https:\/\/memurunsesi.net\/index.php\/2025\/04\/18\/unipersen-10-yilini-genel-merkezde-duzenlenen-etkinlikle-kutladi\/#article","isPartOf":{"@id":"https:\/\/memurunsesi.net\/index.php\/2025\/04\/18\/unipersen-10-yilini-genel-merkezde-duzenlenen-etkinlikle-kutladi\/"},"author":{"name":"Memurun Sesi Haber Merkezi","@id":"https:\/\/memurunsesi.net\/#\/schema\/person\/f21c2d73b89f6ee1d80b0a1803e38587"},"headline":"\u00dcN\u0130PERSEN 10. Y\u0131l\u0131n\u0131 Genel Merkezde D\u00fczenlenen Etkinlikle Kutlad\u0131","datePublished":"2025-04-18T10:16:48+00:00","mainEntityOfPage":{"@id":"https:\/\/memurunsesi.net\/index.php\/2025\/04\/18\/unipersen-10-yilini-genel-merkezde-duzenlenen-etkinlikle-kutladi\/"},"wordCount":303,"commentCount":0,"publisher":{"@id":"https:\/\/memurunsesi.net\/#organization"},"image":{"@id":"https:\/\/memurunsesi.net\/index.php\/2025\/04\/18\/unipersen-10-yilini-genel-merkezde-duzenlenen-etkinlikle-kutladi\/#primaryimage"},"thumbnailUrl":"https:\/\/memurunsesi.net\/wp-content\/uploads\/2025\/04\/Unipersen-10.-yil.jpg","articleSection":["G\u00fcndem"],"inLanguage":"tr","potentialAction":[{"@type":"CommentAction","name":"Comment","target":["https:\/\/memurunsesi.net\/index.php\/2025\/04\/18\/unipersen-10-yilini-genel-merkezde-duzenlenen-etkinlikle-kutladi\/#respond"]}]},{"@type":"WebPage","@id":"https:\/\/memurunsesi.net\/index.php\/2025\/04\/18\/unipersen-10-yilini-genel-merkezde-duzenlenen-etkinlikle-kutladi\/","url":"https:\/\/memurunsesi.net\/index.php\/2025\/04\/18\/unipersen-10-yilini-genel-merkezde-duzenlenen-etkinlikle-kutladi\/","name":"\u00dcN\u0130PERSEN 10. Y\u0131l\u0131n\u0131 Genel Merkezde D\u00fczenlenen Etkinlikle Kutlad\u0131 - Memurun Sesi","isPartOf":{"@id":"https:\/\/memurunsesi.net\/#website"},"primaryImageOfPage":{"@id":"https:\/\/memurunsesi.net\/index.php\/2025\/04\/18\/unipersen-10-yilini-genel-merkezde-duzenlenen-etkinlikle-kutladi\/#primaryimage"},"image":{"@id":"https:\/\/memurunsesi.net\/index.php\/2025\/04\/18\/unipersen-10-yilini-genel-merkezde-duzenlenen-etkinlikle-kutladi\/#primaryimage"},"thumbnailUrl":"https:\/\/memurunsesi.net\/wp-content\/uploads\/2025\/04\/Unipersen-10.-yil.jpg","datePublished":"2025-04-18T10:16:48+00:00","breadcrumb":{"@id":"https:\/\/memurunsesi.net\/index.php\/2025\/04\/18\/unipersen-10-yilini-genel-merkezde-duzenlenen-etkinlikle-kutladi\/#breadcrumb"},"inLanguage":"tr","potentialAction":[{"@type":"ReadAction","target":["https:\/\/memurunsesi.net\/index.php\/2025\/04\/18\/unipersen-10-yilini-genel-merkezde-duzenlenen-etkinlikle-kutladi\/"]}]},{"@type":"ImageObject","inLanguage":"tr","@id":"https:\/\/memurunsesi.net\/index.php\/2025\/04\/18\/unipersen-10-yilini-genel-merkezde-duzenlenen-etkinlikle-kutladi\/#primaryimage","url":"https:\/\/memurunsesi.net\/wp-content\/uploads\/2025\/04\/Unipersen-10.-yil.jpg","contentUrl":"https:\/\/memurunsesi.net\/wp-content\/uploads\/2025\/04\/Unipersen-10.-yil.jpg","width":1080,"height":1080},{"@type":"BreadcrumbList","@id":"https:\/\/memurunsesi.net\/index.php\/2025\/04\/18\/unipersen-10-yilini-genel-merkezde-duzenlenen-etkinlikle-kutladi\/#breadcrumb","itemListElement":[{"@type":"ListItem","position":1,"name":"Anasayfa","item":"https:\/\/memurunsesi.net\/"},{"@type":"ListItem","position":2,"name":"\u00dcN\u0130PERSEN 10. Y\u0131l\u0131n\u0131 Genel Merkezde D\u00fczenlenen Etkinlikle Kutlad\u0131"}]},{"@type":"WebSite","@id":"https:\/\/memurunsesi.net\/#website","url":"https:\/\/memurunsesi.net\/","name":"Memurun Sesi","description":"G\u00fcncel ve Do\u011fru Haber","publisher":{"@id":"https:\/\/memurunsesi.net\/#organization"},"potentialAction":[{"@type":"SearchAction","target":{"@type":"EntryPoint","urlTemplate":"https:\/\/memurunsesi.net\/?s={search_term_string}"},"query-input":{"@type":"PropertyValueSpecification","valueRequired":true,"valueName":"search_term_string"}}],"inLanguage":"tr"},{"@type":"Organization","@id":"https:\/\/memurunsesi.net\/#organization","name":"Memurun Sesi","url":"https:\/\/memurunsesi.net\/","logo":{"@type":"ImageObject","inLanguage":"tr","@id":"https:\/\/memurunsesi.net\/#\/schema\/logo\/image\/","url":"https:\/\/memurunsesi.net\/wp-content\/uploads\/2025\/11\/cropped-MEMURUN-SESI.png","contentUrl":"https:\/\/memurunsesi.net\/wp-content\/uploads\/2025\/11\/cropped-MEMURUN-SESI.png","width":238,"height":57,"caption":"Memurun Sesi"},"image":{"@id":"https:\/\/memurunsesi.net\/#\/schema\/logo\/image\/"},"sameAs":["https:\/\/www.facebook.com\/unipersen\/?locale=tr_TR","https:\/\/x.com\/unipersen"]},{"@type":"Person","@id":"https:\/\/memurunsesi.net\/#\/schema\/person\/f21c2d73b89f6ee1d80b0a1803e38587","name":"Memurun Sesi Haber Merkezi","image":{"@type":"ImageObject","inLanguage":"tr","@id":"https:\/\/secure.gravatar.com\/avatar\/6cf0505f452ee753f485014986fab09a434671d2b919ee76fc541025c5876a70?s=96&d=mm&r=g","url":"https:\/\/secure.gravatar.com\/avatar\/6cf0505f452ee753f485014986fab09a434671d2b919ee76fc541025c5876a70?s=96&d=mm&r=g","contentUrl":"https:\/\/secure.gravatar.com\/avatar\/6cf0505f452ee753f485014986fab09a434671d2b919ee76fc541025c5876a70?s=96&d=mm&r=g","caption":"Memurun Sesi Haber Merkezi"},"sameAs":["https:\/\/memurunsesi.net"],"url":"https:\/\/memurunsesi.net\/index.php\/author\/uniper\/"}]}},"_links":{"self":[{"href":"https:\/\/memurunsesi.net\/index.php\/wp-json\/wp\/v2\/posts\/5513","targetHints":{"allow":["GET"]}}],"collection":[{"href":"https:\/\/memurunsesi.net\/index.php\/wp-json\/wp\/v2\/posts"}],"about":[{"href":"https:\/\/memurunsesi.net\/index.php\/wp-json\/wp\/v2\/types\/post"}],"author":[{"embeddable":true,"href":"https:\/\/memurunsesi.net\/index.php\/wp-json\/wp\/v2\/users\/1"}],"replies":[{"embeddable":true,"href":"https:\/\/memurunsesi.net\/index.php\/wp-json\/wp\/v2\/comments?post=5513"}],"version-history":[{"count":1,"href":"https:\/\/memurunsesi.net\/index.php\/wp-json\/wp\/v2\/posts\/5513\/revisions"}],"predecessor-version":[{"id":5515,"href":"https:\/\/memurunsesi.net\/index.php\/wp-json\/wp\/v2\/posts\/5513\/revisions\/5515"}],"wp:featuredmedia":[{"embeddable":true,"href":"https:\/\/memurunsesi.net\/index.php\/wp-json\/wp\/v2\/media\/5514"}],"wp:attachment":[{"href":"https:\/\/memurunsesi.net\/index.php\/wp-json\/wp\/v2\/media?parent=5513"}],"wp:term":[{"taxonomy":"category","embeddable":true,"href":"https:\/\/memurunsesi.net\/index.php\/wp-json\/wp\/v2\/categories?post=5513"},{"taxonomy":"post_tag","embeddable":true,"href":"https:\/\/memurunsesi.net\/index.php\/wp-json\/wp\/v2\/tags?post=5513"}],"curies":[{"name":"wp","href":"https:\/\/api.w.org\/{rel}","templated":true}]}}