{"id":5516,"date":"2025-04-18T19:19:32","date_gmt":"2025-04-18T16:19:32","guid":{"rendered":"https:\/\/memurunsesi.net\/?p=5516"},"modified":"2025-04-18T19:19:32","modified_gmt":"2025-04-18T16:19:32","slug":"kastamonu-universitesinde-turizm-konusuldu","status":"publish","type":"post","link":"https:\/\/memurunsesi.net\/index.php\/2025\/04\/18\/kastamonu-universitesinde-turizm-konusuldu\/","title":{"rendered":"Kastamonu \u00dcniversitesi\u2019nde turizm konu\u015fuldu"},"content":{"rendered":"<p>    Kastamonu \u00dcniversitesi\u2019nde Turizm Haftas\u0131 etkinlikleri \u00e7er\u00e7evesinde d\u00fczenlenen panelde turizm konusu t\u00fcm y\u00f6nleriyle ele al\u0131nd\u0131.<br \/>\nKastamonu \u00dcniversitesi\u2019nde, bu y\u0131l 49&#8217;uncusu d\u00fczenlenen Turizm Haftas\u0131 etkinlikleri \u00e7er\u00e7evesinde &#8220;Turizme \u00c7ok Y\u00f6nl\u00fc Bir Bak\u0131\u015f&#8221; ba\u015fl\u0131kl\u0131 panel ger\u00e7ekle\u015ftirildi. Panelde tar\u0131msal turizmden k\u0131rsal kalk\u0131nma desteklerine, do\u011fa turizmi uygulamalar\u0131ndan alan k\u0131lavuzlu\u011funa kadar pek \u00e7ok konu ba\u015fl\u0131\u011f\u0131 ele al\u0131nd\u0131.<br \/>\n  Turizm Fak\u00fcltesi \u0130stiklal Yolu Konferans Salonu\u2019nda ger\u00e7ekle\u015ftirilen ve moderat\u00f6rl\u00fc\u011f\u00fcn\u00fc Do\u00e7. Dr. G\u00fclizar Cengiz\u2019in \u00fcstlendi\u011fi panele, Turizm Fak\u00fcltesi Dekan\u0131 Prof. Dr. Burhan Sevim, Do\u00e7. Dr. Aydo\u011fan Aydo\u011fdu, Tar\u0131m ve K\u0131rsal Kalk\u0131nmay\u0131 Destekleme Kurumu (TKDK) Kastamonu Koordinat\u00f6r\u00fc Ahmet Kuyulu, Ilgaz Da\u011f\u0131 Milli Park \u015eefi \u0130klim \u00c7avu\u015f Kara\u2019n\u0131n yan\u0131 s\u0131ra \u00e7ok say\u0131da akademisyen ve \u00f6\u011frenci kat\u0131ld\u0131.<br \/>\n  Panelin a\u00e7\u0131l\u0131\u015f\u0131nda konu\u015fan Turizm Fak\u00fcltesi Dekan\u0131 Prof. Dr. Burhan Sevim, &#8220;Turizm Haftas\u0131 vesilesiyle d\u00fczenledi\u011fimiz bu panel, \u00f6\u011frencilerimiz i\u00e7in hem bilgi hem de ilham kayna\u011f\u0131 olacakt\u0131r. Bu noktada kat\u0131l\u0131mc\u0131lara te\u015fekk\u00fcr ediyoruz&#8221; dedi.<br \/>\n  &#8220;Lavanta Tar\u0131m\u0131 ve Bir Turistik \u00c7ekim G\u00fcc\u00fc Olarak Kullan\u0131m\u0131&#8221; ba\u015fl\u0131kl\u0131 sunumuyla ilk konu\u015fmay\u0131 ger\u00e7ekle\u015ftiren Do\u00e7. Dr. Aydo\u011fan Aydo\u011fdu, son y\u0131llarda b\u00fcy\u00fck ilgi g\u00f6ren lavanta \u00fcretiminin Kastamonu\u2019ya sa\u011flad\u0131\u011f\u0131 katk\u0131lar\u0131 dinleyicilerle payla\u015ft\u0131.<br \/>\n  Aydo\u011fdu, lavanta tar\u0131m\u0131n\u0131n hem s\u00fcrd\u00fcr\u00fclebilir hem de \u00e7evreci bir faaliyet oldu\u011funa dikkat \u00e7ekerek, bu \u00fcretim bi\u00e7iminin Kastamonu\u2019nun ekonomik ve turistik kalk\u0131nmas\u0131nda g\u00fc\u00e7l\u00fc bir etken oldu\u011funu vurgulad\u0131.<br \/>\n  Do\u00e7. Dr. Aydo\u011fdu\u2019nun ard\u0131ndan s\u00f6z alan TKDK Kastamonu Koordinat\u00f6r\u00fc Ahmet Kuyulu ise, k\u0131rsal turizme y\u00f6nelik sunulan hibe destekleri hakk\u0131nda kat\u0131l\u0131mc\u0131lara bilgi verdi.<br \/>\n  Kuyulu, Kastamonu \u0130l Koordinat\u00f6rl\u00fc\u011f\u00fc olarak bug\u00fcne kadar \u00e7e\u015fitli alanlarda toplam 495 projeye yakla\u015f\u0131k 24 milyon avro hibe deste\u011fi sa\u011fland\u0131\u011f\u0131n\u0131 belirtti. \u00d6zellikle hayvanc\u0131l\u0131k alan\u0131nda Kastamonu\u2019ya geni\u015f kapasiteli b\u00fcy\u00fckba\u015f hayvanc\u0131l\u0131k tesislerinin kazand\u0131r\u0131ld\u0131\u011f\u0131n\u0131 ifade eden Kuyulu, 2024 y\u0131l\u0131 itibar\u0131yla Turizm \u0130\u015fletme Belgeli 15 konaklama tesisi ve 258 oda kapasitesinin olu\u015fturuldu\u011funu, bu say\u0131n\u0131n gelecek y\u0131llarda da artmas\u0131n\u0131n hedeflendi\u011fini s\u00f6yledi.<br \/>\n  Panelin son oturumunda ise Ilgaz Da\u011f\u0131 Milli Park \u015eefi \u0130klim \u00c7avu\u015f Kara, &#8220;Do\u011fa Turizmi Uygulamalar\u0131 ve Alan K\u0131lavuzlu\u011fu&#8221; ba\u015fl\u0131kl\u0131 sunumunda do\u011fa temelli turizmin uygulama alanlar\u0131na ili\u015fkin de\u011ferlendirmelerde bulundu. Kara, Ilgaz Milli Park\u0131\u2019n\u0131 tan\u0131tarak, yaz ve k\u0131\u015f d\u00f6nemlerinde b\u00f6lgede ger\u00e7ekle\u015ftirilen turizm aktiviteleri hakk\u0131nda bilgi verdi.<br \/>\n  Kat\u0131l\u0131mc\u0131lar\u0131n sorular\u0131n\u0131n yan\u0131tlanmas\u0131yla devam eden panel, konu\u015fmac\u0131lara plaket takdiminin ard\u0131ndan sona erdi. <\/p>\n<p>18.04.2025                           <\/p>\n","protected":false},"excerpt":{"rendered":"<p>Kastamonu \u00dcniversitesi\u2019nde Turizm Haftas\u0131 etkinlikleri \u00e7er\u00e7evesinde d\u00fczenlenen panelde turizm konusu t\u00fcm y\u00f6nleriyle ele al\u0131nd\u0131. Kastamonu \u00dcniversitesi\u2019nde, bu y\u0131l 49&#8217;uncusu d\u00fczenlenen Turizm Haftas\u0131 etkinlikleri \u00e7er\u00e7evesinde &#8220;Turizme \u00c7ok Y\u00f6nl\u00fc Bir Bak\u0131\u015f&#8221; ba\u015fl\u0131kl\u0131 panel ger\u00e7ekle\u015ftirildi. Panelde tar\u0131msal turizmden k\u0131rsal kalk\u0131nma desteklerine, do\u011fa turizmi uygulamalar\u0131ndan alan k\u0131lavuzlu\u011funa kadar pek \u00e7ok konu ba\u015fl\u0131\u011f\u0131 ele al\u0131nd\u0131. Turizm Fak\u00fcltesi \u0130stiklal Yolu Konferans [&hellip;]<\/p>\n","protected":false},"author":1,"featured_media":5517,"comment_status":"open","ping_status":"open","sticky":false,"template":"","format":"standard","meta":{"footnotes":""},"categories":[47],"tags":[],"class_list":["post-5516","post","type-post","status-publish","format-standard","has-post-thumbnail","hentry","category-universiteden-haberler"],"yoast_head":"<!-- This site is optimized with the Yoast SEO plugin v27.4 - https:\/\/yoast.com\/product\/yoast-seo-wordpress\/ -->\n<title>Kastamonu \u00dcniversitesi\u2019nde turizm konu\u015fuldu - Memurun Sesi<\/title>\n<meta name=\"robots\" content=\"index, follow, max-snippet:-1, max-image-preview:large, max-video-preview:-1\" \/>\n<link rel=\"canonical\" href=\"https:\/\/memurunsesi.net\/index.php\/2025\/04\/18\/kastamonu-universitesinde-turizm-konusuldu\/\" \/>\n<meta property=\"og:locale\" content=\"tr_TR\" \/>\n<meta property=\"og:type\" content=\"article\" \/>\n<meta property=\"og:title\" content=\"Kastamonu \u00dcniversitesi\u2019nde turizm konu\u015fuldu - Memurun Sesi\" \/>\n<meta property=\"og:description\" content=\"Kastamonu \u00dcniversitesi\u2019nde Turizm Haftas\u0131 etkinlikleri \u00e7er\u00e7evesinde d\u00fczenlenen panelde turizm konusu t\u00fcm y\u00f6nleriyle ele al\u0131nd\u0131. Kastamonu \u00dcniversitesi\u2019nde, bu y\u0131l 49&#8217;uncusu d\u00fczenlenen Turizm Haftas\u0131 etkinlikleri \u00e7er\u00e7evesinde &#8220;Turizme \u00c7ok Y\u00f6nl\u00fc Bir Bak\u0131\u015f&#8221; ba\u015fl\u0131kl\u0131 panel ger\u00e7ekle\u015ftirildi. Panelde tar\u0131msal turizmden k\u0131rsal kalk\u0131nma desteklerine, do\u011fa turizmi uygulamalar\u0131ndan alan k\u0131lavuzlu\u011funa kadar pek \u00e7ok konu ba\u015fl\u0131\u011f\u0131 ele al\u0131nd\u0131. Turizm Fak\u00fcltesi \u0130stiklal Yolu Konferans [&hellip;]\" \/>\n<meta property=\"og:url\" content=\"https:\/\/memurunsesi.net\/index.php\/2025\/04\/18\/kastamonu-universitesinde-turizm-konusuldu\/\" \/>\n<meta property=\"og:site_name\" content=\"Memurun Sesi\" \/>\n<meta property=\"article:publisher\" content=\"https:\/\/www.facebook.com\/unipersen\/?locale=tr_TR\" \/>\n<meta property=\"article:published_time\" content=\"2025-04-18T16:19:32+00:00\" \/>\n<meta property=\"og:image\" content=\"https:\/\/memurunsesi.net\/wp-content\/uploads\/2025\/04\/AW435908_01.jpg\" \/>\n\t<meta property=\"og:image:width\" content=\"1000\" \/>\n\t<meta property=\"og:image:height\" content=\"667\" \/>\n\t<meta property=\"og:image:type\" content=\"image\/jpeg\" \/>\n<meta name=\"author\" content=\"Memurun Sesi Haber Merkezi\" \/>\n<meta name=\"twitter:card\" content=\"summary_large_image\" \/>\n<meta name=\"twitter:creator\" content=\"@unipersen\" \/>\n<meta name=\"twitter:site\" content=\"@unipersen\" \/>\n<meta name=\"twitter:label1\" content=\"Yazan:\" \/>\n\t<meta name=\"twitter:data1\" content=\"Memurun Sesi Haber Merkezi\" \/>\n\t<meta name=\"twitter:label2\" content=\"Tahmini okuma s\u00fcresi\" \/>\n\t<meta name=\"twitter:data2\" content=\"1 dakika\" \/>\n<script type=\"application\/ld+json\" class=\"yoast-schema-graph\">{\"@context\":\"https:\\\/\\\/schema.org\",\"@graph\":[{\"@type\":\"Article\",\"@id\":\"https:\\\/\\\/memurunsesi.net\\\/index.php\\\/2025\\\/04\\\/18\\\/kastamonu-universitesinde-turizm-konusuldu\\\/#article\",\"isPartOf\":{\"@id\":\"https:\\\/\\\/memurunsesi.net\\\/index.php\\\/2025\\\/04\\\/18\\\/kastamonu-universitesinde-turizm-konusuldu\\\/\"},\"author\":{\"name\":\"Memurun Sesi Haber Merkezi\",\"@id\":\"https:\\\/\\\/memurunsesi.net\\\/#\\\/schema\\\/person\\\/f21c2d73b89f6ee1d80b0a1803e38587\"},\"headline\":\"Kastamonu \u00dcniversitesi\u2019nde turizm konu\u015fuldu\",\"datePublished\":\"2025-04-18T16:19:32+00:00\",\"mainEntityOfPage\":{\"@id\":\"https:\\\/\\\/memurunsesi.net\\\/index.php\\\/2025\\\/04\\\/18\\\/kastamonu-universitesinde-turizm-konusuldu\\\/\"},\"wordCount\":481,\"commentCount\":0,\"publisher\":{\"@id\":\"https:\\\/\\\/memurunsesi.net\\\/#organization\"},\"image\":{\"@id\":\"https:\\\/\\\/memurunsesi.net\\\/index.php\\\/2025\\\/04\\\/18\\\/kastamonu-universitesinde-turizm-konusuldu\\\/#primaryimage\"},\"thumbnailUrl\":\"https:\\\/\\\/memurunsesi.net\\\/wp-content\\\/uploads\\\/2025\\\/04\\\/AW435908_01.jpg\",\"articleSection\":[\"\u00dcniversiteden Haberler\"],\"inLanguage\":\"tr\",\"potentialAction\":[{\"@type\":\"CommentAction\",\"name\":\"Comment\",\"target\":[\"https:\\\/\\\/memurunsesi.net\\\/index.php\\\/2025\\\/04\\\/18\\\/kastamonu-universitesinde-turizm-konusuldu\\\/#respond\"]}]},{\"@type\":\"WebPage\",\"@id\":\"https:\\\/\\\/memurunsesi.net\\\/index.php\\\/2025\\\/04\\\/18\\\/kastamonu-universitesinde-turizm-konusuldu\\\/\",\"url\":\"https:\\\/\\\/memurunsesi.net\\\/index.php\\\/2025\\\/04\\\/18\\\/kastamonu-universitesinde-turizm-konusuldu\\\/\",\"name\":\"Kastamonu \u00dcniversitesi\u2019nde turizm konu\u015fuldu - Memurun Sesi\",\"isPartOf\":{\"@id\":\"https:\\\/\\\/memurunsesi.net\\\/#website\"},\"primaryImageOfPage\":{\"@id\":\"https:\\\/\\\/memurunsesi.net\\\/index.php\\\/2025\\\/04\\\/18\\\/kastamonu-universitesinde-turizm-konusuldu\\\/#primaryimage\"},\"image\":{\"@id\":\"https:\\\/\\\/memurunsesi.net\\\/index.php\\\/2025\\\/04\\\/18\\\/kastamonu-universitesinde-turizm-konusuldu\\\/#primaryimage\"},\"thumbnailUrl\":\"https:\\\/\\\/memurunsesi.net\\\/wp-content\\\/uploads\\\/2025\\\/04\\\/AW435908_01.jpg\",\"datePublished\":\"2025-04-18T16:19:32+00:00\",\"breadcrumb\":{\"@id\":\"https:\\\/\\\/memurunsesi.net\\\/index.php\\\/2025\\\/04\\\/18\\\/kastamonu-universitesinde-turizm-konusuldu\\\/#breadcrumb\"},\"inLanguage\":\"tr\",\"potentialAction\":[{\"@type\":\"ReadAction\",\"target\":[\"https:\\\/\\\/memurunsesi.net\\\/index.php\\\/2025\\\/04\\\/18\\\/kastamonu-universitesinde-turizm-konusuldu\\\/\"]}]},{\"@type\":\"ImageObject\",\"inLanguage\":\"tr\",\"@id\":\"https:\\\/\\\/memurunsesi.net\\\/index.php\\\/2025\\\/04\\\/18\\\/kastamonu-universitesinde-turizm-konusuldu\\\/#primaryimage\",\"url\":\"https:\\\/\\\/memurunsesi.net\\\/wp-content\\\/uploads\\\/2025\\\/04\\\/AW435908_01.jpg\",\"contentUrl\":\"https:\\\/\\\/memurunsesi.net\\\/wp-content\\\/uploads\\\/2025\\\/04\\\/AW435908_01.jpg\",\"width\":1000,\"height\":667,\"caption\":\"KASTAMONU \u00dcN\u0130VERS\u0130TES\u0130'NDE TUR\u0130ZM HAFTASI ETK\u0130NL\u0130KLER\u0130 \u00c7ER\u00c7EVES\u0130NDE \\\"TUR\u0130ZME \u00c7OK Y\u00d6NL\u00dc B\u0130R BAKI\u015e\\\" PANEL\u0130 GER\u00c7EKLE\u015eT\u0130R\u0130LD\u0130. (VEDAT YUNUS \u0130K\u0130ZO\u011eLU\\\/KASTAMONU-\u0130HA) Kastamonu \u00dcniversitesi'nde Turizm Haftas\u0131 etkinlikleri \u00e7er\u00e7evesinde d\u00fczenlenen panelde turizm konusu t\u00fcm y\u00f6nleriyle ele al\u0131nd\u0131.\"},{\"@type\":\"BreadcrumbList\",\"@id\":\"https:\\\/\\\/memurunsesi.net\\\/index.php\\\/2025\\\/04\\\/18\\\/kastamonu-universitesinde-turizm-konusuldu\\\/#breadcrumb\",\"itemListElement\":[{\"@type\":\"ListItem\",\"position\":1,\"name\":\"Anasayfa\",\"item\":\"https:\\\/\\\/memurunsesi.net\\\/\"},{\"@type\":\"ListItem\",\"position\":2,\"name\":\"Kastamonu \u00dcniversitesi\u2019nde turizm konu\u015fuldu\"}]},{\"@type\":\"WebSite\",\"@id\":\"https:\\\/\\\/memurunsesi.net\\\/#website\",\"url\":\"https:\\\/\\\/memurunsesi.net\\\/\",\"name\":\"Memurun Sesi\",\"description\":\"G\u00fcncel ve Do\u011fru Haber\",\"publisher\":{\"@id\":\"https:\\\/\\\/memurunsesi.net\\\/#organization\"},\"potentialAction\":[{\"@type\":\"SearchAction\",\"target\":{\"@type\":\"EntryPoint\",\"urlTemplate\":\"https:\\\/\\\/memurunsesi.net\\\/?s={search_term_string}\"},\"query-input\":{\"@type\":\"PropertyValueSpecification\",\"valueRequired\":true,\"valueName\":\"search_term_string\"}}],\"inLanguage\":\"tr\"},{\"@type\":\"Organization\",\"@id\":\"https:\\\/\\\/memurunsesi.net\\\/#organization\",\"name\":\"Memurun Sesi\",\"url\":\"https:\\\/\\\/memurunsesi.net\\\/\",\"logo\":{\"@type\":\"ImageObject\",\"inLanguage\":\"tr\",\"@id\":\"https:\\\/\\\/memurunsesi.net\\\/#\\\/schema\\\/logo\\\/image\\\/\",\"url\":\"https:\\\/\\\/memurunsesi.net\\\/wp-content\\\/uploads\\\/2025\\\/11\\\/cropped-MEMURUN-SESI.png\",\"contentUrl\":\"https:\\\/\\\/memurunsesi.net\\\/wp-content\\\/uploads\\\/2025\\\/11\\\/cropped-MEMURUN-SESI.png\",\"width\":238,\"height\":57,\"caption\":\"Memurun Sesi\"},\"image\":{\"@id\":\"https:\\\/\\\/memurunsesi.net\\\/#\\\/schema\\\/logo\\\/image\\\/\"},\"sameAs\":[\"https:\\\/\\\/www.facebook.com\\\/unipersen\\\/?locale=tr_TR\",\"https:\\\/\\\/x.com\\\/unipersen\"]},{\"@type\":\"Person\",\"@id\":\"https:\\\/\\\/memurunsesi.net\\\/#\\\/schema\\\/person\\\/f21c2d73b89f6ee1d80b0a1803e38587\",\"name\":\"Memurun Sesi Haber Merkezi\",\"image\":{\"@type\":\"ImageObject\",\"inLanguage\":\"tr\",\"@id\":\"https:\\\/\\\/secure.gravatar.com\\\/avatar\\\/6cf0505f452ee753f485014986fab09a434671d2b919ee76fc541025c5876a70?s=96&d=mm&r=g\",\"url\":\"https:\\\/\\\/secure.gravatar.com\\\/avatar\\\/6cf0505f452ee753f485014986fab09a434671d2b919ee76fc541025c5876a70?s=96&d=mm&r=g\",\"contentUrl\":\"https:\\\/\\\/secure.gravatar.com\\\/avatar\\\/6cf0505f452ee753f485014986fab09a434671d2b919ee76fc541025c5876a70?s=96&d=mm&r=g\",\"caption\":\"Memurun Sesi Haber Merkezi\"},\"sameAs\":[\"https:\\\/\\\/memurunsesi.net\"],\"url\":\"https:\\\/\\\/memurunsesi.net\\\/index.php\\\/author\\\/uniper\\\/\"}]}<\/script>\n<!-- \/ Yoast SEO plugin. -->","yoast_head_json":{"title":"Kastamonu \u00dcniversitesi\u2019nde turizm konu\u015fuldu - Memurun Sesi","robots":{"index":"index","follow":"follow","max-snippet":"max-snippet:-1","max-image-preview":"max-image-preview:large","max-video-preview":"max-video-preview:-1"},"canonical":"https:\/\/memurunsesi.net\/index.php\/2025\/04\/18\/kastamonu-universitesinde-turizm-konusuldu\/","og_locale":"tr_TR","og_type":"article","og_title":"Kastamonu \u00dcniversitesi\u2019nde turizm konu\u015fuldu - Memurun Sesi","og_description":"Kastamonu \u00dcniversitesi\u2019nde Turizm Haftas\u0131 etkinlikleri \u00e7er\u00e7evesinde d\u00fczenlenen panelde turizm konusu t\u00fcm y\u00f6nleriyle ele al\u0131nd\u0131. Kastamonu \u00dcniversitesi\u2019nde, bu y\u0131l 49&#8217;uncusu d\u00fczenlenen Turizm Haftas\u0131 etkinlikleri \u00e7er\u00e7evesinde &#8220;Turizme \u00c7ok Y\u00f6nl\u00fc Bir Bak\u0131\u015f&#8221; ba\u015fl\u0131kl\u0131 panel ger\u00e7ekle\u015ftirildi. Panelde tar\u0131msal turizmden k\u0131rsal kalk\u0131nma desteklerine, do\u011fa turizmi uygulamalar\u0131ndan alan k\u0131lavuzlu\u011funa kadar pek \u00e7ok konu ba\u015fl\u0131\u011f\u0131 ele al\u0131nd\u0131. Turizm Fak\u00fcltesi \u0130stiklal Yolu Konferans [&hellip;]","og_url":"https:\/\/memurunsesi.net\/index.php\/2025\/04\/18\/kastamonu-universitesinde-turizm-konusuldu\/","og_site_name":"Memurun Sesi","article_publisher":"https:\/\/www.facebook.com\/unipersen\/?locale=tr_TR","article_published_time":"2025-04-18T16:19:32+00:00","og_image":[{"width":1000,"height":667,"url":"https:\/\/memurunsesi.net\/wp-content\/uploads\/2025\/04\/AW435908_01.jpg","type":"image\/jpeg"}],"author":"Memurun Sesi Haber Merkezi","twitter_card":"summary_large_image","twitter_creator":"@unipersen","twitter_site":"@unipersen","twitter_misc":{"Yazan:":"Memurun Sesi Haber Merkezi","Tahmini okuma s\u00fcresi":"1 dakika"},"schema":{"@context":"https:\/\/schema.org","@graph":[{"@type":"Article","@id":"https:\/\/memurunsesi.net\/index.php\/2025\/04\/18\/kastamonu-universitesinde-turizm-konusuldu\/#article","isPartOf":{"@id":"https:\/\/memurunsesi.net\/index.php\/2025\/04\/18\/kastamonu-universitesinde-turizm-konusuldu\/"},"author":{"name":"Memurun Sesi Haber Merkezi","@id":"https:\/\/memurunsesi.net\/#\/schema\/person\/f21c2d73b89f6ee1d80b0a1803e38587"},"headline":"Kastamonu \u00dcniversitesi\u2019nde turizm konu\u015fuldu","datePublished":"2025-04-18T16:19:32+00:00","mainEntityOfPage":{"@id":"https:\/\/memurunsesi.net\/index.php\/2025\/04\/18\/kastamonu-universitesinde-turizm-konusuldu\/"},"wordCount":481,"commentCount":0,"publisher":{"@id":"https:\/\/memurunsesi.net\/#organization"},"image":{"@id":"https:\/\/memurunsesi.net\/index.php\/2025\/04\/18\/kastamonu-universitesinde-turizm-konusuldu\/#primaryimage"},"thumbnailUrl":"https:\/\/memurunsesi.net\/wp-content\/uploads\/2025\/04\/AW435908_01.jpg","articleSection":["\u00dcniversiteden Haberler"],"inLanguage":"tr","potentialAction":[{"@type":"CommentAction","name":"Comment","target":["https:\/\/memurunsesi.net\/index.php\/2025\/04\/18\/kastamonu-universitesinde-turizm-konusuldu\/#respond"]}]},{"@type":"WebPage","@id":"https:\/\/memurunsesi.net\/index.php\/2025\/04\/18\/kastamonu-universitesinde-turizm-konusuldu\/","url":"https:\/\/memurunsesi.net\/index.php\/2025\/04\/18\/kastamonu-universitesinde-turizm-konusuldu\/","name":"Kastamonu \u00dcniversitesi\u2019nde turizm konu\u015fuldu - Memurun Sesi","isPartOf":{"@id":"https:\/\/memurunsesi.net\/#website"},"primaryImageOfPage":{"@id":"https:\/\/memurunsesi.net\/index.php\/2025\/04\/18\/kastamonu-universitesinde-turizm-konusuldu\/#primaryimage"},"image":{"@id":"https:\/\/memurunsesi.net\/index.php\/2025\/04\/18\/kastamonu-universitesinde-turizm-konusuldu\/#primaryimage"},"thumbnailUrl":"https:\/\/memurunsesi.net\/wp-content\/uploads\/2025\/04\/AW435908_01.jpg","datePublished":"2025-04-18T16:19:32+00:00","breadcrumb":{"@id":"https:\/\/memurunsesi.net\/index.php\/2025\/04\/18\/kastamonu-universitesinde-turizm-konusuldu\/#breadcrumb"},"inLanguage":"tr","potentialAction":[{"@type":"ReadAction","target":["https:\/\/memurunsesi.net\/index.php\/2025\/04\/18\/kastamonu-universitesinde-turizm-konusuldu\/"]}]},{"@type":"ImageObject","inLanguage":"tr","@id":"https:\/\/memurunsesi.net\/index.php\/2025\/04\/18\/kastamonu-universitesinde-turizm-konusuldu\/#primaryimage","url":"https:\/\/memurunsesi.net\/wp-content\/uploads\/2025\/04\/AW435908_01.jpg","contentUrl":"https:\/\/memurunsesi.net\/wp-content\/uploads\/2025\/04\/AW435908_01.jpg","width":1000,"height":667,"caption":"KASTAMONU \u00dcN\u0130VERS\u0130TES\u0130'NDE TUR\u0130ZM HAFTASI ETK\u0130NL\u0130KLER\u0130 \u00c7ER\u00c7EVES\u0130NDE \"TUR\u0130ZME \u00c7OK Y\u00d6NL\u00dc B\u0130R BAKI\u015e\" PANEL\u0130 GER\u00c7EKLE\u015eT\u0130R\u0130LD\u0130. (VEDAT YUNUS \u0130K\u0130ZO\u011eLU\/KASTAMONU-\u0130HA) Kastamonu \u00dcniversitesi'nde Turizm Haftas\u0131 etkinlikleri \u00e7er\u00e7evesinde d\u00fczenlenen panelde turizm konusu t\u00fcm y\u00f6nleriyle ele al\u0131nd\u0131."},{"@type":"BreadcrumbList","@id":"https:\/\/memurunsesi.net\/index.php\/2025\/04\/18\/kastamonu-universitesinde-turizm-konusuldu\/#breadcrumb","itemListElement":[{"@type":"ListItem","position":1,"name":"Anasayfa","item":"https:\/\/memurunsesi.net\/"},{"@type":"ListItem","position":2,"name":"Kastamonu \u00dcniversitesi\u2019nde turizm konu\u015fuldu"}]},{"@type":"WebSite","@id":"https:\/\/memurunsesi.net\/#website","url":"https:\/\/memurunsesi.net\/","name":"Memurun Sesi","description":"G\u00fcncel ve Do\u011fru Haber","publisher":{"@id":"https:\/\/memurunsesi.net\/#organization"},"potentialAction":[{"@type":"SearchAction","target":{"@type":"EntryPoint","urlTemplate":"https:\/\/memurunsesi.net\/?s={search_term_string}"},"query-input":{"@type":"PropertyValueSpecification","valueRequired":true,"valueName":"search_term_string"}}],"inLanguage":"tr"},{"@type":"Organization","@id":"https:\/\/memurunsesi.net\/#organization","name":"Memurun Sesi","url":"https:\/\/memurunsesi.net\/","logo":{"@type":"ImageObject","inLanguage":"tr","@id":"https:\/\/memurunsesi.net\/#\/schema\/logo\/image\/","url":"https:\/\/memurunsesi.net\/wp-content\/uploads\/2025\/11\/cropped-MEMURUN-SESI.png","contentUrl":"https:\/\/memurunsesi.net\/wp-content\/uploads\/2025\/11\/cropped-MEMURUN-SESI.png","width":238,"height":57,"caption":"Memurun Sesi"},"image":{"@id":"https:\/\/memurunsesi.net\/#\/schema\/logo\/image\/"},"sameAs":["https:\/\/www.facebook.com\/unipersen\/?locale=tr_TR","https:\/\/x.com\/unipersen"]},{"@type":"Person","@id":"https:\/\/memurunsesi.net\/#\/schema\/person\/f21c2d73b89f6ee1d80b0a1803e38587","name":"Memurun Sesi Haber Merkezi","image":{"@type":"ImageObject","inLanguage":"tr","@id":"https:\/\/secure.gravatar.com\/avatar\/6cf0505f452ee753f485014986fab09a434671d2b919ee76fc541025c5876a70?s=96&d=mm&r=g","url":"https:\/\/secure.gravatar.com\/avatar\/6cf0505f452ee753f485014986fab09a434671d2b919ee76fc541025c5876a70?s=96&d=mm&r=g","contentUrl":"https:\/\/secure.gravatar.com\/avatar\/6cf0505f452ee753f485014986fab09a434671d2b919ee76fc541025c5876a70?s=96&d=mm&r=g","caption":"Memurun Sesi Haber Merkezi"},"sameAs":["https:\/\/memurunsesi.net"],"url":"https:\/\/memurunsesi.net\/index.php\/author\/uniper\/"}]}},"_links":{"self":[{"href":"https:\/\/memurunsesi.net\/index.php\/wp-json\/wp\/v2\/posts\/5516","targetHints":{"allow":["GET"]}}],"collection":[{"href":"https:\/\/memurunsesi.net\/index.php\/wp-json\/wp\/v2\/posts"}],"about":[{"href":"https:\/\/memurunsesi.net\/index.php\/wp-json\/wp\/v2\/types\/post"}],"author":[{"embeddable":true,"href":"https:\/\/memurunsesi.net\/index.php\/wp-json\/wp\/v2\/users\/1"}],"replies":[{"embeddable":true,"href":"https:\/\/memurunsesi.net\/index.php\/wp-json\/wp\/v2\/comments?post=5516"}],"version-history":[{"count":1,"href":"https:\/\/memurunsesi.net\/index.php\/wp-json\/wp\/v2\/posts\/5516\/revisions"}],"predecessor-version":[{"id":5518,"href":"https:\/\/memurunsesi.net\/index.php\/wp-json\/wp\/v2\/posts\/5516\/revisions\/5518"}],"wp:featuredmedia":[{"embeddable":true,"href":"https:\/\/memurunsesi.net\/index.php\/wp-json\/wp\/v2\/media\/5517"}],"wp:attachment":[{"href":"https:\/\/memurunsesi.net\/index.php\/wp-json\/wp\/v2\/media?parent=5516"}],"wp:term":[{"taxonomy":"category","embeddable":true,"href":"https:\/\/memurunsesi.net\/index.php\/wp-json\/wp\/v2\/categories?post=5516"},{"taxonomy":"post_tag","embeddable":true,"href":"https:\/\/memurunsesi.net\/index.php\/wp-json\/wp\/v2\/tags?post=5516"}],"curies":[{"name":"wp","href":"https:\/\/api.w.org\/{rel}","templated":true}]}}