{"id":5519,"date":"2025-04-18T19:20:56","date_gmt":"2025-04-18T16:20:56","guid":{"rendered":"https:\/\/memurunsesi.net\/?p=5519"},"modified":"2025-04-18T19:20:56","modified_gmt":"2025-04-18T16:20:56","slug":"corumda-aranan-4-sahis-yakalandi","status":"publish","type":"post","link":"https:\/\/memurunsesi.net\/index.php\/2025\/04\/18\/corumda-aranan-4-sahis-yakalandi\/","title":{"rendered":"\u00c7orum\u2019da aranan 4 \u015fah\u0131s yakaland\u0131"},"content":{"rendered":"<p>   \u00c7orum\u2019da polis ekipleri taraf\u0131ndan yap\u0131lan \u00e7al\u0131\u015fmalar neticesinde, hakk\u0131nda yakalama karar\u0131 bulunan 4 ki\u015fi yakaland\u0131.<br \/>\nEdinilen bilgiye g\u00f6re, \u00c7orum\u2019da 11-18 Nisan tarihleri aras\u0131nda \u0130l Emniyet M\u00fcd\u00fcrl\u00fc\u011f\u00fc Asayi\u015f \u015eube M\u00fcd\u00fcrl\u00fc\u011f\u00fcne ba\u011fl\u0131 ekiplerce yap\u0131lan ara\u015ft\u0131rmalar ve \u00e7al\u0131\u015fmalar neticesinde, 105 adet sabit-seyir halinde ve halka a\u00e7\u0131k yerler \u00fczerinde uygulama yap\u0131lm\u0131\u015f, uygulamalarda 26 kahvehane\/k\u0131raathane, 24 kafe, 23 \u00e7ay oca\u011f\u0131, 9 oyun salonu ve 15 otopark kontrol edildi. Denetimlerde, 4 bin 189 \u015fah\u0131s sorgulan\u0131rken, hakk\u0131nda yakalama karar\u0131 bulunan 4 \u015fah\u0131s yakaland\u0131.<br \/>\n  Yap\u0131lan kontroller ve \u00e7al\u0131\u015fmalar kapsam\u0131nda, 8 adet ate\u015fli silah , 1 adet kesici-delici alet, 2 adet \u015farj\u00f6r, 7 adet tabanca fi\u015fe\u011fi, 6 adet av fi\u015fe\u011fi, 46 adet sentetik ecza hap\u0131, 33,23 gram bonzai ele ge\u00e7irildi.<br \/>\n  Trafik kontrollerinde ise 2 bin 265 ara\u00e7 kontrol edilirken, trafik kurallar\u0131n\u0131 ihlal eden 5 araca idari para cezas\u0131 uyguland\u0131. <\/p>\n<p>18.04.2025                              <\/p>\n","protected":false},"excerpt":{"rendered":"<p>\u00c7orum\u2019da polis ekipleri taraf\u0131ndan yap\u0131lan \u00e7al\u0131\u015fmalar neticesinde, hakk\u0131nda yakalama karar\u0131 bulunan 4 ki\u015fi yakaland\u0131. Edinilen bilgiye g\u00f6re, \u00c7orum\u2019da 11-18 Nisan tarihleri aras\u0131nda \u0130l Emniyet M\u00fcd\u00fcrl\u00fc\u011f\u00fc Asayi\u015f \u015eube M\u00fcd\u00fcrl\u00fc\u011f\u00fcne ba\u011fl\u0131 ekiplerce yap\u0131lan ara\u015ft\u0131rmalar ve \u00e7al\u0131\u015fmalar neticesinde, 105 adet sabit-seyir halinde ve halka a\u00e7\u0131k yerler \u00fczerinde uygulama yap\u0131lm\u0131\u015f, uygulamalarda 26 kahvehane\/k\u0131raathane, 24 kafe, 23 \u00e7ay oca\u011f\u0131, 9 [&hellip;]<\/p>\n","protected":false},"author":1,"featured_media":5520,"comment_status":"open","ping_status":"open","sticky":false,"template":"","format":"standard","meta":{"footnotes":""},"categories":[45],"tags":[],"class_list":["post-5519","post","type-post","status-publish","format-standard","has-post-thumbnail","hentry","category-gundem"],"yoast_head":"<!-- This site is optimized with the Yoast SEO plugin v27.4 - https:\/\/yoast.com\/product\/yoast-seo-wordpress\/ -->\n<title>\u00c7orum\u2019da aranan 4 \u015fah\u0131s yakaland\u0131 - Memurun Sesi<\/title>\n<meta name=\"robots\" content=\"index, follow, max-snippet:-1, max-image-preview:large, max-video-preview:-1\" \/>\n<link rel=\"canonical\" href=\"https:\/\/memurunsesi.net\/index.php\/2025\/04\/18\/corumda-aranan-4-sahis-yakalandi\/\" \/>\n<meta property=\"og:locale\" content=\"tr_TR\" \/>\n<meta property=\"og:type\" content=\"article\" \/>\n<meta property=\"og:title\" content=\"\u00c7orum\u2019da aranan 4 \u015fah\u0131s yakaland\u0131 - Memurun Sesi\" \/>\n<meta property=\"og:description\" content=\"\u00c7orum\u2019da polis ekipleri taraf\u0131ndan yap\u0131lan \u00e7al\u0131\u015fmalar neticesinde, hakk\u0131nda yakalama karar\u0131 bulunan 4 ki\u015fi yakaland\u0131. Edinilen bilgiye g\u00f6re, \u00c7orum\u2019da 11-18 Nisan tarihleri aras\u0131nda \u0130l Emniyet M\u00fcd\u00fcrl\u00fc\u011f\u00fc Asayi\u015f \u015eube M\u00fcd\u00fcrl\u00fc\u011f\u00fcne ba\u011fl\u0131 ekiplerce yap\u0131lan ara\u015ft\u0131rmalar ve \u00e7al\u0131\u015fmalar neticesinde, 105 adet sabit-seyir halinde ve halka a\u00e7\u0131k yerler \u00fczerinde uygulama yap\u0131lm\u0131\u015f, uygulamalarda 26 kahvehane\/k\u0131raathane, 24 kafe, 23 \u00e7ay oca\u011f\u0131, 9 [&hellip;]\" \/>\n<meta property=\"og:url\" content=\"https:\/\/memurunsesi.net\/index.php\/2025\/04\/18\/corumda-aranan-4-sahis-yakalandi\/\" \/>\n<meta property=\"og:site_name\" content=\"Memurun Sesi\" \/>\n<meta property=\"article:publisher\" content=\"https:\/\/www.facebook.com\/unipersen\/?locale=tr_TR\" \/>\n<meta property=\"article:published_time\" content=\"2025-04-18T16:20:56+00:00\" \/>\n<meta property=\"og:image\" content=\"https:\/\/memurunsesi.net\/wp-content\/uploads\/2025\/04\/AW435906_04.jpg\" \/>\n\t<meta property=\"og:image:width\" content=\"1581\" \/>\n\t<meta property=\"og:image:height\" content=\"1581\" \/>\n\t<meta property=\"og:image:type\" content=\"image\/jpeg\" \/>\n<meta name=\"author\" content=\"Memurun Sesi Haber Merkezi\" \/>\n<meta name=\"twitter:card\" content=\"summary_large_image\" \/>\n<meta name=\"twitter:creator\" content=\"@unipersen\" \/>\n<meta name=\"twitter:site\" content=\"@unipersen\" \/>\n<meta name=\"twitter:label1\" content=\"Yazan:\" \/>\n\t<meta name=\"twitter:data1\" content=\"Memurun Sesi Haber Merkezi\" \/>\n\t<meta name=\"twitter:label2\" content=\"Tahmini okuma s\u00fcresi\" \/>\n\t<meta name=\"twitter:data2\" content=\"1 dakika\" \/>\n<script type=\"application\/ld+json\" class=\"yoast-schema-graph\">{\"@context\":\"https:\\\/\\\/schema.org\",\"@graph\":[{\"@type\":\"Article\",\"@id\":\"https:\\\/\\\/memurunsesi.net\\\/index.php\\\/2025\\\/04\\\/18\\\/corumda-aranan-4-sahis-yakalandi\\\/#article\",\"isPartOf\":{\"@id\":\"https:\\\/\\\/memurunsesi.net\\\/index.php\\\/2025\\\/04\\\/18\\\/corumda-aranan-4-sahis-yakalandi\\\/\"},\"author\":{\"name\":\"Memurun Sesi Haber Merkezi\",\"@id\":\"https:\\\/\\\/memurunsesi.net\\\/#\\\/schema\\\/person\\\/f21c2d73b89f6ee1d80b0a1803e38587\"},\"headline\":\"\u00c7orum\u2019da aranan 4 \u015fah\u0131s yakaland\u0131\",\"datePublished\":\"2025-04-18T16:20:56+00:00\",\"mainEntityOfPage\":{\"@id\":\"https:\\\/\\\/memurunsesi.net\\\/index.php\\\/2025\\\/04\\\/18\\\/corumda-aranan-4-sahis-yakalandi\\\/\"},\"wordCount\":152,\"commentCount\":0,\"publisher\":{\"@id\":\"https:\\\/\\\/memurunsesi.net\\\/#organization\"},\"image\":{\"@id\":\"https:\\\/\\\/memurunsesi.net\\\/index.php\\\/2025\\\/04\\\/18\\\/corumda-aranan-4-sahis-yakalandi\\\/#primaryimage\"},\"thumbnailUrl\":\"https:\\\/\\\/memurunsesi.net\\\/wp-content\\\/uploads\\\/2025\\\/04\\\/AW435906_04.jpg\",\"articleSection\":[\"G\u00fcndem\"],\"inLanguage\":\"tr\",\"potentialAction\":[{\"@type\":\"CommentAction\",\"name\":\"Comment\",\"target\":[\"https:\\\/\\\/memurunsesi.net\\\/index.php\\\/2025\\\/04\\\/18\\\/corumda-aranan-4-sahis-yakalandi\\\/#respond\"]}]},{\"@type\":\"WebPage\",\"@id\":\"https:\\\/\\\/memurunsesi.net\\\/index.php\\\/2025\\\/04\\\/18\\\/corumda-aranan-4-sahis-yakalandi\\\/\",\"url\":\"https:\\\/\\\/memurunsesi.net\\\/index.php\\\/2025\\\/04\\\/18\\\/corumda-aranan-4-sahis-yakalandi\\\/\",\"name\":\"\u00c7orum\u2019da aranan 4 \u015fah\u0131s yakaland\u0131 - Memurun Sesi\",\"isPartOf\":{\"@id\":\"https:\\\/\\\/memurunsesi.net\\\/#website\"},\"primaryImageOfPage\":{\"@id\":\"https:\\\/\\\/memurunsesi.net\\\/index.php\\\/2025\\\/04\\\/18\\\/corumda-aranan-4-sahis-yakalandi\\\/#primaryimage\"},\"image\":{\"@id\":\"https:\\\/\\\/memurunsesi.net\\\/index.php\\\/2025\\\/04\\\/18\\\/corumda-aranan-4-sahis-yakalandi\\\/#primaryimage\"},\"thumbnailUrl\":\"https:\\\/\\\/memurunsesi.net\\\/wp-content\\\/uploads\\\/2025\\\/04\\\/AW435906_04.jpg\",\"datePublished\":\"2025-04-18T16:20:56+00:00\",\"breadcrumb\":{\"@id\":\"https:\\\/\\\/memurunsesi.net\\\/index.php\\\/2025\\\/04\\\/18\\\/corumda-aranan-4-sahis-yakalandi\\\/#breadcrumb\"},\"inLanguage\":\"tr\",\"potentialAction\":[{\"@type\":\"ReadAction\",\"target\":[\"https:\\\/\\\/memurunsesi.net\\\/index.php\\\/2025\\\/04\\\/18\\\/corumda-aranan-4-sahis-yakalandi\\\/\"]}]},{\"@type\":\"ImageObject\",\"inLanguage\":\"tr\",\"@id\":\"https:\\\/\\\/memurunsesi.net\\\/index.php\\\/2025\\\/04\\\/18\\\/corumda-aranan-4-sahis-yakalandi\\\/#primaryimage\",\"url\":\"https:\\\/\\\/memurunsesi.net\\\/wp-content\\\/uploads\\\/2025\\\/04\\\/AW435906_04.jpg\",\"contentUrl\":\"https:\\\/\\\/memurunsesi.net\\\/wp-content\\\/uploads\\\/2025\\\/04\\\/AW435906_04.jpg\",\"width\":1581,\"height\":1581,\"caption\":\"\u00c7ORUM'DA POL\u0130S EK\u0130PLER\u0130 TARAFINDAN YAPILAN UYGULAMA VE \u00c7ALI\u015eMALAR NET\u0130CES\u0130NDE B\u0130R M\u0130KTAR MADDE ELE GE\u00c7\u0130R\u0130L\u0130RKEN ARAMA KARARI OLAN 4 K\u0130\u015e\u0130 YAKALANDI. (MEHMET CAN K\u00d6R\\\/\u00c7ORUM-\u0130HA) \u00c7orum'da polis ekipleri taraf\u0131ndan yap\u0131lan \u00e7al\u0131\u015fmalar neticesinde, hakk\u0131nda yakalama karar\u0131 bulunan 4 ki\u015fi yakaland\u0131.\"},{\"@type\":\"BreadcrumbList\",\"@id\":\"https:\\\/\\\/memurunsesi.net\\\/index.php\\\/2025\\\/04\\\/18\\\/corumda-aranan-4-sahis-yakalandi\\\/#breadcrumb\",\"itemListElement\":[{\"@type\":\"ListItem\",\"position\":1,\"name\":\"Anasayfa\",\"item\":\"https:\\\/\\\/memurunsesi.net\\\/\"},{\"@type\":\"ListItem\",\"position\":2,\"name\":\"\u00c7orum\u2019da aranan 4 \u015fah\u0131s yakaland\u0131\"}]},{\"@type\":\"WebSite\",\"@id\":\"https:\\\/\\\/memurunsesi.net\\\/#website\",\"url\":\"https:\\\/\\\/memurunsesi.net\\\/\",\"name\":\"Memurun Sesi\",\"description\":\"G\u00fcncel ve Do\u011fru Haber\",\"publisher\":{\"@id\":\"https:\\\/\\\/memurunsesi.net\\\/#organization\"},\"potentialAction\":[{\"@type\":\"SearchAction\",\"target\":{\"@type\":\"EntryPoint\",\"urlTemplate\":\"https:\\\/\\\/memurunsesi.net\\\/?s={search_term_string}\"},\"query-input\":{\"@type\":\"PropertyValueSpecification\",\"valueRequired\":true,\"valueName\":\"search_term_string\"}}],\"inLanguage\":\"tr\"},{\"@type\":\"Organization\",\"@id\":\"https:\\\/\\\/memurunsesi.net\\\/#organization\",\"name\":\"Memurun Sesi\",\"url\":\"https:\\\/\\\/memurunsesi.net\\\/\",\"logo\":{\"@type\":\"ImageObject\",\"inLanguage\":\"tr\",\"@id\":\"https:\\\/\\\/memurunsesi.net\\\/#\\\/schema\\\/logo\\\/image\\\/\",\"url\":\"https:\\\/\\\/memurunsesi.net\\\/wp-content\\\/uploads\\\/2025\\\/11\\\/cropped-MEMURUN-SESI.png\",\"contentUrl\":\"https:\\\/\\\/memurunsesi.net\\\/wp-content\\\/uploads\\\/2025\\\/11\\\/cropped-MEMURUN-SESI.png\",\"width\":238,\"height\":57,\"caption\":\"Memurun Sesi\"},\"image\":{\"@id\":\"https:\\\/\\\/memurunsesi.net\\\/#\\\/schema\\\/logo\\\/image\\\/\"},\"sameAs\":[\"https:\\\/\\\/www.facebook.com\\\/unipersen\\\/?locale=tr_TR\",\"https:\\\/\\\/x.com\\\/unipersen\"]},{\"@type\":\"Person\",\"@id\":\"https:\\\/\\\/memurunsesi.net\\\/#\\\/schema\\\/person\\\/f21c2d73b89f6ee1d80b0a1803e38587\",\"name\":\"Memurun Sesi Haber Merkezi\",\"image\":{\"@type\":\"ImageObject\",\"inLanguage\":\"tr\",\"@id\":\"https:\\\/\\\/secure.gravatar.com\\\/avatar\\\/6cf0505f452ee753f485014986fab09a434671d2b919ee76fc541025c5876a70?s=96&d=mm&r=g\",\"url\":\"https:\\\/\\\/secure.gravatar.com\\\/avatar\\\/6cf0505f452ee753f485014986fab09a434671d2b919ee76fc541025c5876a70?s=96&d=mm&r=g\",\"contentUrl\":\"https:\\\/\\\/secure.gravatar.com\\\/avatar\\\/6cf0505f452ee753f485014986fab09a434671d2b919ee76fc541025c5876a70?s=96&d=mm&r=g\",\"caption\":\"Memurun Sesi Haber Merkezi\"},\"sameAs\":[\"https:\\\/\\\/memurunsesi.net\"],\"url\":\"https:\\\/\\\/memurunsesi.net\\\/index.php\\\/author\\\/uniper\\\/\"}]}<\/script>\n<!-- \/ Yoast SEO plugin. -->","yoast_head_json":{"title":"\u00c7orum\u2019da aranan 4 \u015fah\u0131s yakaland\u0131 - Memurun Sesi","robots":{"index":"index","follow":"follow","max-snippet":"max-snippet:-1","max-image-preview":"max-image-preview:large","max-video-preview":"max-video-preview:-1"},"canonical":"https:\/\/memurunsesi.net\/index.php\/2025\/04\/18\/corumda-aranan-4-sahis-yakalandi\/","og_locale":"tr_TR","og_type":"article","og_title":"\u00c7orum\u2019da aranan 4 \u015fah\u0131s yakaland\u0131 - Memurun Sesi","og_description":"\u00c7orum\u2019da polis ekipleri taraf\u0131ndan yap\u0131lan \u00e7al\u0131\u015fmalar neticesinde, hakk\u0131nda yakalama karar\u0131 bulunan 4 ki\u015fi yakaland\u0131. Edinilen bilgiye g\u00f6re, \u00c7orum\u2019da 11-18 Nisan tarihleri aras\u0131nda \u0130l Emniyet M\u00fcd\u00fcrl\u00fc\u011f\u00fc Asayi\u015f \u015eube M\u00fcd\u00fcrl\u00fc\u011f\u00fcne ba\u011fl\u0131 ekiplerce yap\u0131lan ara\u015ft\u0131rmalar ve \u00e7al\u0131\u015fmalar neticesinde, 105 adet sabit-seyir halinde ve halka a\u00e7\u0131k yerler \u00fczerinde uygulama yap\u0131lm\u0131\u015f, uygulamalarda 26 kahvehane\/k\u0131raathane, 24 kafe, 23 \u00e7ay oca\u011f\u0131, 9 [&hellip;]","og_url":"https:\/\/memurunsesi.net\/index.php\/2025\/04\/18\/corumda-aranan-4-sahis-yakalandi\/","og_site_name":"Memurun Sesi","article_publisher":"https:\/\/www.facebook.com\/unipersen\/?locale=tr_TR","article_published_time":"2025-04-18T16:20:56+00:00","og_image":[{"width":1581,"height":1581,"url":"https:\/\/memurunsesi.net\/wp-content\/uploads\/2025\/04\/AW435906_04.jpg","type":"image\/jpeg"}],"author":"Memurun Sesi Haber Merkezi","twitter_card":"summary_large_image","twitter_creator":"@unipersen","twitter_site":"@unipersen","twitter_misc":{"Yazan:":"Memurun Sesi Haber Merkezi","Tahmini okuma s\u00fcresi":"1 dakika"},"schema":{"@context":"https:\/\/schema.org","@graph":[{"@type":"Article","@id":"https:\/\/memurunsesi.net\/index.php\/2025\/04\/18\/corumda-aranan-4-sahis-yakalandi\/#article","isPartOf":{"@id":"https:\/\/memurunsesi.net\/index.php\/2025\/04\/18\/corumda-aranan-4-sahis-yakalandi\/"},"author":{"name":"Memurun Sesi Haber Merkezi","@id":"https:\/\/memurunsesi.net\/#\/schema\/person\/f21c2d73b89f6ee1d80b0a1803e38587"},"headline":"\u00c7orum\u2019da aranan 4 \u015fah\u0131s yakaland\u0131","datePublished":"2025-04-18T16:20:56+00:00","mainEntityOfPage":{"@id":"https:\/\/memurunsesi.net\/index.php\/2025\/04\/18\/corumda-aranan-4-sahis-yakalandi\/"},"wordCount":152,"commentCount":0,"publisher":{"@id":"https:\/\/memurunsesi.net\/#organization"},"image":{"@id":"https:\/\/memurunsesi.net\/index.php\/2025\/04\/18\/corumda-aranan-4-sahis-yakalandi\/#primaryimage"},"thumbnailUrl":"https:\/\/memurunsesi.net\/wp-content\/uploads\/2025\/04\/AW435906_04.jpg","articleSection":["G\u00fcndem"],"inLanguage":"tr","potentialAction":[{"@type":"CommentAction","name":"Comment","target":["https:\/\/memurunsesi.net\/index.php\/2025\/04\/18\/corumda-aranan-4-sahis-yakalandi\/#respond"]}]},{"@type":"WebPage","@id":"https:\/\/memurunsesi.net\/index.php\/2025\/04\/18\/corumda-aranan-4-sahis-yakalandi\/","url":"https:\/\/memurunsesi.net\/index.php\/2025\/04\/18\/corumda-aranan-4-sahis-yakalandi\/","name":"\u00c7orum\u2019da aranan 4 \u015fah\u0131s yakaland\u0131 - Memurun Sesi","isPartOf":{"@id":"https:\/\/memurunsesi.net\/#website"},"primaryImageOfPage":{"@id":"https:\/\/memurunsesi.net\/index.php\/2025\/04\/18\/corumda-aranan-4-sahis-yakalandi\/#primaryimage"},"image":{"@id":"https:\/\/memurunsesi.net\/index.php\/2025\/04\/18\/corumda-aranan-4-sahis-yakalandi\/#primaryimage"},"thumbnailUrl":"https:\/\/memurunsesi.net\/wp-content\/uploads\/2025\/04\/AW435906_04.jpg","datePublished":"2025-04-18T16:20:56+00:00","breadcrumb":{"@id":"https:\/\/memurunsesi.net\/index.php\/2025\/04\/18\/corumda-aranan-4-sahis-yakalandi\/#breadcrumb"},"inLanguage":"tr","potentialAction":[{"@type":"ReadAction","target":["https:\/\/memurunsesi.net\/index.php\/2025\/04\/18\/corumda-aranan-4-sahis-yakalandi\/"]}]},{"@type":"ImageObject","inLanguage":"tr","@id":"https:\/\/memurunsesi.net\/index.php\/2025\/04\/18\/corumda-aranan-4-sahis-yakalandi\/#primaryimage","url":"https:\/\/memurunsesi.net\/wp-content\/uploads\/2025\/04\/AW435906_04.jpg","contentUrl":"https:\/\/memurunsesi.net\/wp-content\/uploads\/2025\/04\/AW435906_04.jpg","width":1581,"height":1581,"caption":"\u00c7ORUM'DA POL\u0130S EK\u0130PLER\u0130 TARAFINDAN YAPILAN UYGULAMA VE \u00c7ALI\u015eMALAR NET\u0130CES\u0130NDE B\u0130R M\u0130KTAR MADDE ELE GE\u00c7\u0130R\u0130L\u0130RKEN ARAMA KARARI OLAN 4 K\u0130\u015e\u0130 YAKALANDI. (MEHMET CAN K\u00d6R\/\u00c7ORUM-\u0130HA) \u00c7orum'da polis ekipleri taraf\u0131ndan yap\u0131lan \u00e7al\u0131\u015fmalar neticesinde, hakk\u0131nda yakalama karar\u0131 bulunan 4 ki\u015fi yakaland\u0131."},{"@type":"BreadcrumbList","@id":"https:\/\/memurunsesi.net\/index.php\/2025\/04\/18\/corumda-aranan-4-sahis-yakalandi\/#breadcrumb","itemListElement":[{"@type":"ListItem","position":1,"name":"Anasayfa","item":"https:\/\/memurunsesi.net\/"},{"@type":"ListItem","position":2,"name":"\u00c7orum\u2019da aranan 4 \u015fah\u0131s yakaland\u0131"}]},{"@type":"WebSite","@id":"https:\/\/memurunsesi.net\/#website","url":"https:\/\/memurunsesi.net\/","name":"Memurun Sesi","description":"G\u00fcncel ve Do\u011fru Haber","publisher":{"@id":"https:\/\/memurunsesi.net\/#organization"},"potentialAction":[{"@type":"SearchAction","target":{"@type":"EntryPoint","urlTemplate":"https:\/\/memurunsesi.net\/?s={search_term_string}"},"query-input":{"@type":"PropertyValueSpecification","valueRequired":true,"valueName":"search_term_string"}}],"inLanguage":"tr"},{"@type":"Organization","@id":"https:\/\/memurunsesi.net\/#organization","name":"Memurun Sesi","url":"https:\/\/memurunsesi.net\/","logo":{"@type":"ImageObject","inLanguage":"tr","@id":"https:\/\/memurunsesi.net\/#\/schema\/logo\/image\/","url":"https:\/\/memurunsesi.net\/wp-content\/uploads\/2025\/11\/cropped-MEMURUN-SESI.png","contentUrl":"https:\/\/memurunsesi.net\/wp-content\/uploads\/2025\/11\/cropped-MEMURUN-SESI.png","width":238,"height":57,"caption":"Memurun Sesi"},"image":{"@id":"https:\/\/memurunsesi.net\/#\/schema\/logo\/image\/"},"sameAs":["https:\/\/www.facebook.com\/unipersen\/?locale=tr_TR","https:\/\/x.com\/unipersen"]},{"@type":"Person","@id":"https:\/\/memurunsesi.net\/#\/schema\/person\/f21c2d73b89f6ee1d80b0a1803e38587","name":"Memurun Sesi Haber Merkezi","image":{"@type":"ImageObject","inLanguage":"tr","@id":"https:\/\/secure.gravatar.com\/avatar\/6cf0505f452ee753f485014986fab09a434671d2b919ee76fc541025c5876a70?s=96&d=mm&r=g","url":"https:\/\/secure.gravatar.com\/avatar\/6cf0505f452ee753f485014986fab09a434671d2b919ee76fc541025c5876a70?s=96&d=mm&r=g","contentUrl":"https:\/\/secure.gravatar.com\/avatar\/6cf0505f452ee753f485014986fab09a434671d2b919ee76fc541025c5876a70?s=96&d=mm&r=g","caption":"Memurun Sesi Haber Merkezi"},"sameAs":["https:\/\/memurunsesi.net"],"url":"https:\/\/memurunsesi.net\/index.php\/author\/uniper\/"}]}},"_links":{"self":[{"href":"https:\/\/memurunsesi.net\/index.php\/wp-json\/wp\/v2\/posts\/5519","targetHints":{"allow":["GET"]}}],"collection":[{"href":"https:\/\/memurunsesi.net\/index.php\/wp-json\/wp\/v2\/posts"}],"about":[{"href":"https:\/\/memurunsesi.net\/index.php\/wp-json\/wp\/v2\/types\/post"}],"author":[{"embeddable":true,"href":"https:\/\/memurunsesi.net\/index.php\/wp-json\/wp\/v2\/users\/1"}],"replies":[{"embeddable":true,"href":"https:\/\/memurunsesi.net\/index.php\/wp-json\/wp\/v2\/comments?post=5519"}],"version-history":[{"count":1,"href":"https:\/\/memurunsesi.net\/index.php\/wp-json\/wp\/v2\/posts\/5519\/revisions"}],"predecessor-version":[{"id":5521,"href":"https:\/\/memurunsesi.net\/index.php\/wp-json\/wp\/v2\/posts\/5519\/revisions\/5521"}],"wp:featuredmedia":[{"embeddable":true,"href":"https:\/\/memurunsesi.net\/index.php\/wp-json\/wp\/v2\/media\/5520"}],"wp:attachment":[{"href":"https:\/\/memurunsesi.net\/index.php\/wp-json\/wp\/v2\/media?parent=5519"}],"wp:term":[{"taxonomy":"category","embeddable":true,"href":"https:\/\/memurunsesi.net\/index.php\/wp-json\/wp\/v2\/categories?post=5519"},{"taxonomy":"post_tag","embeddable":true,"href":"https:\/\/memurunsesi.net\/index.php\/wp-json\/wp\/v2\/tags?post=5519"}],"curies":[{"name":"wp","href":"https:\/\/api.w.org\/{rel}","templated":true}]}}