{"id":5531,"date":"2025-04-18T19:27:16","date_gmt":"2025-04-18T16:27:16","guid":{"rendered":"https:\/\/memurunsesi.net\/?p=5531"},"modified":"2025-04-18T19:27:16","modified_gmt":"2025-04-18T16:27:16","slug":"ispartada-devlet-tesvikleri-tanitim-gunleri-yogun-ilgi-gordu","status":"publish","type":"post","link":"https:\/\/memurunsesi.net\/index.php\/2025\/04\/18\/ispartada-devlet-tesvikleri-tanitim-gunleri-yogun-ilgi-gordu\/","title":{"rendered":"Isparta&#8217;da Devlet Te\u015fvikleri Tan\u0131t\u0131m G\u00fcnleri yo\u011fun ilgi g\u00f6rd\u00fc"},"content":{"rendered":"<p>  &#8211; Ba\u015fkan Ba\u015fde\u011firmen:<br \/>\n  &#8211; &#8220;Devletimizin gen\u00e7lerimize y\u00f6nelik \u00f6nemli destekleri var&#8221;<br \/>\n  Cumhurba\u015fkanl\u0131\u011f\u0131 \u0130leti\u015fim Ba\u015fkanl\u0131\u011f\u0131 koordinasyonunda Isparta Belediyesi G\u00f6kkubbe Fuar Merkezi&#8217;nde gen\u00e7lere y\u00f6nelik d\u00fczenlenen Devlet Te\u015fvikleri Tan\u0131t\u0131m G\u00fcnleri b\u00fcy\u00fck ilgi g\u00f6rd\u00fc. Belediye Ba\u015fkan\u0131 \u015e\u00fckr\u00fc Ba\u015fde\u011firmen, e\u015fi \u015eadiye Ba\u015fde\u011firmen ile birlikte Devlet Te\u015fvikleri Tan\u0131t\u0131m G\u00fcnleri stantlar\u0131n\u0131 ziyaret ederek bilgi ald\u0131 ve gen\u00e7lerle sohbet etti.<br \/>\n  Cumhurba\u015fkanl\u0131\u011f\u0131 \u0130leti\u015fim Ba\u015fkanl\u0131\u011f\u0131nca Isparta Belediyesi ev sahipli\u011finde G\u00f6kkubbe Fuar Merkezi&#8217;nde &#8220;Gelece\u011fin Burada Devletin Senin Yan\u0131nda&#8221;, &#8220;Gen\u00e7lerin Hayali Bizlerin Vazifesi&#8221; sloganlar\u0131yla Devlet Te\u015fvikleri Tan\u0131t\u0131m G\u00fcnleri d\u00fczenlendi. 2 g\u00fcn s\u00fcren tan\u0131t\u0131m g\u00fcnleri b\u00fcy\u00fck ilgi g\u00f6rd\u00fc. Tan\u0131t\u0131m g\u00fcnlerinde bakanl\u0131klar, Savunma Sanayii Ba\u015fkanl\u0131\u011f\u0131, Diyanet \u0130\u015fleri Ba\u015fkanl\u0131\u011f\u0131, T\u00fcrkiye Ulusal Ajans\u0131, Dijital D\u00f6n\u00fc\u015f\u00fcm Ofisi, Finans Ofisi, THY, Isparta Belediyesi ile Isparta&#8217;daki kurum ve kurulu\u015flar stant a\u00e7arak, gen\u00e7lere kariyer planlamalar\u0131 ve giri\u015fimcilik konular\u0131 hakk\u0131nda bilgiler verdi. Etkinlikte Isparta Belediyesi&#8217;nin stand\u0131 da b\u00fcy\u00fck ilgi g\u00f6rd\u00fc. Stantta Siber Isparta Gen\u00e7lik Merkezi ba\u015fta olmak \u00fczere gen\u00e7lere y\u00f6nelik \u00e7al\u0131\u015fmalar anlat\u0131ld\u0131. Gen\u00e7ler stant alan\u0131nda \u2018Benim Hayalim Duvar\u0131&#8217;na da hayallerini yazd\u0131lar.  <\/p>\n<p>  &#8220;Gen\u00e7lerimiz burada devletimizin hangi yat\u0131r\u0131mlar\u0131 var onlar\u0131 g\u00f6rd\u00fc&#8221;<br \/>\n  Ba\u015fkan Ba\u015fde\u011firmen ve e\u015fi fuar\u0131 ziyaret etti<br \/>\n  Isparta Belediye Ba\u015fkan\u0131 \u015e\u00fckr\u00fc Ba\u015fde\u011firmen, e\u015fi \u015eadiye Ba\u015fde\u011firmen ile birlikte Devlet Te\u015fvikleri Tan\u0131t\u0131m G\u00fcnleri&#8217;ni ziyaret etti. Ba\u015fde\u011firmen \u00e7ifti, fuar merkezinde stantlar\u0131 ziyaret ederek, etkinlikle ilgili Cumhurba\u015fkanl\u0131\u011f\u0131 \u0130leti\u015fim Ba\u015fkanl\u0131\u011f\u0131 Halkla \u0130li\u015fkiler Dairesi Ba\u015fkan\u0131 Durmu\u015f Ersoy&#8217;dan bilgi ald\u0131 ve gen\u00e7lerle sohbet etti. Ziyaretin ard\u0131ndan a\u00e7\u0131klamalarda bulunan Ba\u015fkan Ba\u015fde\u011firmen, Devlet Tan\u0131t\u0131m Te\u015fvikleri Tan\u0131t\u0131m G\u00fcnleri&#8217;nin Isparta&#8217;da d\u00fczenlenmesinden dolay\u0131 Cumhurba\u015fkanl\u0131\u011f\u0131 \u0130leti\u015fim Ba\u015fkanl\u0131\u011f\u0131&#8217;na te\u015fekk\u00fcr etti. Gen\u00e7lerle sohbet etti\u011fini ve kendilerinin b\u00f6yle bir etkinlik d\u00fczenlenmesinden dolay\u0131 \u00e7ok mutlu olduklar\u0131n\u0131 g\u00f6rd\u00fc\u011f\u00fcn\u00fc dile getiren Ba\u015fkan Ba\u015fde\u011firmen, &#8220;Gen\u00e7lerimiz burada devletimizin hangi yat\u0131r\u0131mlar\u0131 var onlar\u0131 g\u00f6rd\u00fc. Savunma sanayi ve di\u011fer alanlarda yap\u0131lan \u00e7al\u0131\u015fmalar\u0131 yerinde incelediler, bilgi ald\u0131lar. Bilgilendirmelerden sonra gen\u00e7lerin buradan mutlu \u015fekilde ayr\u0131ld\u0131\u011f\u0131n\u0131 g\u00f6rd\u00fcm. Gen\u00e7lerimizin ve \u00fclkemizin gelece\u011fiyle alakal\u0131 yap\u0131labilecek her t\u00fcrl\u00fc \u00e7al\u0131\u015fman\u0131n yap\u0131ld\u0131\u011f\u0131 bir alanday\u0131z. \u0130leti\u015fim Ba\u015fkanl\u0131\u011f\u0131&#8217;n\u0131n bu \u00e7al\u0131\u015fmas\u0131 \u00e7ok de\u011ferli. \u00c7ok say\u0131da te\u015fvik ve destek var. \u00dclkemizin yapm\u0131\u015f oldu\u011fu hizmetler var. Ama bir\u00e7o\u011funu gen\u00e7lerimiz ve baz\u0131 vatanda\u015flar\u0131m\u0131z bilemeyebiliyor. Buraya geldi\u011fi zaman \u00fclkemizin hangi konularda g\u00fc\u00e7l\u00fc oldu\u011funu g\u00f6rme imkanlar\u0131 oldu. Kariyer planlamalar\u0131 i\u00e7in de faydal\u0131 bir etkinlik oldu&#8221; dedi. <\/p>\n<p>  Etkinli\u011fin 27&#8217;inci ili Isparta<br \/>\n  Etkinli\u011fin 27&#8217;inci il olarak Isparta&#8217;da yap\u0131lmas\u0131n\u0131n \u00f6nemli oldu\u011funu vurgulayan Ba\u015fde\u011firmen, &#8220;Say\u0131n Cumhurba\u015fkan\u0131m\u0131z\u0131n gen\u00e7lerimize verdi\u011fi de\u011feri hepimiz biliyoruz. \u00dclkemizin gelece\u011finin gen\u00e7lerimizle beraber oldu\u011funun da bilincindeyiz. Sonraki y\u0131llarda da bu t\u00fcr \u00e7al\u0131\u015fmalar\u0131n gen\u00e7lerimize ula\u015ft\u0131r\u0131lmas\u0131n\u0131 ama\u00e7l\u0131yoruz. Cumhurba\u015fkan\u0131m\u0131z Say\u0131n Recep Tayyip Erdo\u011fan&#8217;a sayg\u0131lar\u0131m\u0131 iletiyorum, \u0130leti\u015fim Ba\u015fkan\u0131m\u0131z ve ekibi ile burada g\u00f6rev alan t\u00fcm arkada\u015flar\u0131m\u0131za te\u015fekk\u00fcr ediyorum. Isparta&#8217;m\u0131za sa\u011f olsunlar bu etkinli\u011fi getirdiler. Isparta&#8217;m\u0131z bir basamak yukar\u0131 \u00e7\u0131karsa biliyoruz ki \u00fclkemiz de bir basamak daha y\u00fckselecek. \u015eehir olarak yapt\u0131\u011f\u0131m\u0131z g\u00fczel \u00e7al\u0131\u015fmalar ve katk\u0131lar var. Gen\u00e7lerimiz \u00e7ok dinamik ve istekli. Bunlar\u0131 de\u011ferlendirerek \u00fclkemizi daha iyi yerlere getirece\u011fiz in\u015fallah&#8221; diye konu\u015ftu.  <\/p>\n<p>18.04.2025                             <\/p>\n","protected":false},"excerpt":{"rendered":"<p>&#8211; Ba\u015fkan Ba\u015fde\u011firmen: &#8211; &#8220;Devletimizin gen\u00e7lerimize y\u00f6nelik \u00f6nemli destekleri var&#8221; Cumhurba\u015fkanl\u0131\u011f\u0131 \u0130leti\u015fim Ba\u015fkanl\u0131\u011f\u0131 koordinasyonunda Isparta Belediyesi G\u00f6kkubbe Fuar Merkezi&#8217;nde gen\u00e7lere y\u00f6nelik d\u00fczenlenen Devlet Te\u015fvikleri Tan\u0131t\u0131m G\u00fcnleri b\u00fcy\u00fck ilgi g\u00f6rd\u00fc. Belediye Ba\u015fkan\u0131 \u015e\u00fckr\u00fc Ba\u015fde\u011firmen, e\u015fi \u015eadiye Ba\u015fde\u011firmen ile birlikte Devlet Te\u015fvikleri Tan\u0131t\u0131m G\u00fcnleri stantlar\u0131n\u0131 ziyaret ederek bilgi ald\u0131 ve gen\u00e7lerle sohbet etti. Cumhurba\u015fkanl\u0131\u011f\u0131 \u0130leti\u015fim Ba\u015fkanl\u0131\u011f\u0131nca Isparta [&hellip;]<\/p>\n","protected":false},"author":1,"featured_media":5532,"comment_status":"open","ping_status":"open","sticky":false,"template":"","format":"standard","meta":{"footnotes":""},"categories":[1],"tags":[],"class_list":["post-5531","post","type-post","status-publish","format-standard","has-post-thumbnail","hentry","category-genel"],"yoast_head":"<!-- This site is optimized with the Yoast SEO plugin v27.4 - https:\/\/yoast.com\/product\/yoast-seo-wordpress\/ -->\n<title>Isparta&#039;da Devlet Te\u015fvikleri Tan\u0131t\u0131m G\u00fcnleri yo\u011fun ilgi g\u00f6rd\u00fc - Memurun Sesi<\/title>\n<meta name=\"robots\" content=\"index, follow, max-snippet:-1, max-image-preview:large, max-video-preview:-1\" \/>\n<link rel=\"canonical\" href=\"https:\/\/memurunsesi.net\/index.php\/2025\/04\/18\/ispartada-devlet-tesvikleri-tanitim-gunleri-yogun-ilgi-gordu\/\" \/>\n<meta property=\"og:locale\" content=\"tr_TR\" \/>\n<meta property=\"og:type\" content=\"article\" \/>\n<meta property=\"og:title\" content=\"Isparta&#039;da Devlet Te\u015fvikleri Tan\u0131t\u0131m G\u00fcnleri yo\u011fun ilgi g\u00f6rd\u00fc - Memurun Sesi\" \/>\n<meta property=\"og:description\" content=\"&#8211; Ba\u015fkan Ba\u015fde\u011firmen: &#8211; &#8220;Devletimizin gen\u00e7lerimize y\u00f6nelik \u00f6nemli destekleri var&#8221; Cumhurba\u015fkanl\u0131\u011f\u0131 \u0130leti\u015fim Ba\u015fkanl\u0131\u011f\u0131 koordinasyonunda Isparta Belediyesi G\u00f6kkubbe Fuar Merkezi&#8217;nde gen\u00e7lere y\u00f6nelik d\u00fczenlenen Devlet Te\u015fvikleri Tan\u0131t\u0131m G\u00fcnleri b\u00fcy\u00fck ilgi g\u00f6rd\u00fc. Belediye Ba\u015fkan\u0131 \u015e\u00fckr\u00fc Ba\u015fde\u011firmen, e\u015fi \u015eadiye Ba\u015fde\u011firmen ile birlikte Devlet Te\u015fvikleri Tan\u0131t\u0131m G\u00fcnleri stantlar\u0131n\u0131 ziyaret ederek bilgi ald\u0131 ve gen\u00e7lerle sohbet etti. Cumhurba\u015fkanl\u0131\u011f\u0131 \u0130leti\u015fim Ba\u015fkanl\u0131\u011f\u0131nca Isparta [&hellip;]\" \/>\n<meta property=\"og:url\" content=\"https:\/\/memurunsesi.net\/index.php\/2025\/04\/18\/ispartada-devlet-tesvikleri-tanitim-gunleri-yogun-ilgi-gordu\/\" \/>\n<meta property=\"og:site_name\" content=\"Memurun Sesi\" \/>\n<meta property=\"article:publisher\" content=\"https:\/\/www.facebook.com\/unipersen\/?locale=tr_TR\" \/>\n<meta property=\"article:published_time\" content=\"2025-04-18T16:27:16+00:00\" \/>\n<meta property=\"og:image\" content=\"https:\/\/memurunsesi.net\/wp-content\/uploads\/2025\/04\/AW435829_01.jpg\" \/>\n\t<meta property=\"og:image:width\" content=\"2200\" \/>\n\t<meta property=\"og:image:height\" content=\"1467\" \/>\n\t<meta property=\"og:image:type\" content=\"image\/jpeg\" \/>\n<meta name=\"author\" content=\"Memurun Sesi Haber Merkezi\" \/>\n<meta name=\"twitter:card\" content=\"summary_large_image\" \/>\n<meta name=\"twitter:creator\" content=\"@unipersen\" \/>\n<meta name=\"twitter:site\" content=\"@unipersen\" \/>\n<meta name=\"twitter:label1\" content=\"Yazan:\" \/>\n\t<meta name=\"twitter:data1\" content=\"Memurun Sesi Haber Merkezi\" \/>\n\t<meta name=\"twitter:label2\" content=\"Tahmini okuma s\u00fcresi\" \/>\n\t<meta name=\"twitter:data2\" content=\"1 dakika\" \/>\n<script type=\"application\/ld+json\" class=\"yoast-schema-graph\">{\"@context\":\"https:\\\/\\\/schema.org\",\"@graph\":[{\"@type\":\"Article\",\"@id\":\"https:\\\/\\\/memurunsesi.net\\\/index.php\\\/2025\\\/04\\\/18\\\/ispartada-devlet-tesvikleri-tanitim-gunleri-yogun-ilgi-gordu\\\/#article\",\"isPartOf\":{\"@id\":\"https:\\\/\\\/memurunsesi.net\\\/index.php\\\/2025\\\/04\\\/18\\\/ispartada-devlet-tesvikleri-tanitim-gunleri-yogun-ilgi-gordu\\\/\"},\"author\":{\"name\":\"Memurun Sesi Haber Merkezi\",\"@id\":\"https:\\\/\\\/memurunsesi.net\\\/#\\\/schema\\\/person\\\/f21c2d73b89f6ee1d80b0a1803e38587\"},\"headline\":\"Isparta&#8217;da Devlet Te\u015fvikleri Tan\u0131t\u0131m G\u00fcnleri yo\u011fun ilgi g\u00f6rd\u00fc\",\"datePublished\":\"2025-04-18T16:27:16+00:00\",\"mainEntityOfPage\":{\"@id\":\"https:\\\/\\\/memurunsesi.net\\\/index.php\\\/2025\\\/04\\\/18\\\/ispartada-devlet-tesvikleri-tanitim-gunleri-yogun-ilgi-gordu\\\/\"},\"wordCount\":686,\"commentCount\":0,\"publisher\":{\"@id\":\"https:\\\/\\\/memurunsesi.net\\\/#organization\"},\"image\":{\"@id\":\"https:\\\/\\\/memurunsesi.net\\\/index.php\\\/2025\\\/04\\\/18\\\/ispartada-devlet-tesvikleri-tanitim-gunleri-yogun-ilgi-gordu\\\/#primaryimage\"},\"thumbnailUrl\":\"https:\\\/\\\/memurunsesi.net\\\/wp-content\\\/uploads\\\/2025\\\/04\\\/AW435829_01.jpg\",\"inLanguage\":\"tr\",\"potentialAction\":[{\"@type\":\"CommentAction\",\"name\":\"Comment\",\"target\":[\"https:\\\/\\\/memurunsesi.net\\\/index.php\\\/2025\\\/04\\\/18\\\/ispartada-devlet-tesvikleri-tanitim-gunleri-yogun-ilgi-gordu\\\/#respond\"]}]},{\"@type\":\"WebPage\",\"@id\":\"https:\\\/\\\/memurunsesi.net\\\/index.php\\\/2025\\\/04\\\/18\\\/ispartada-devlet-tesvikleri-tanitim-gunleri-yogun-ilgi-gordu\\\/\",\"url\":\"https:\\\/\\\/memurunsesi.net\\\/index.php\\\/2025\\\/04\\\/18\\\/ispartada-devlet-tesvikleri-tanitim-gunleri-yogun-ilgi-gordu\\\/\",\"name\":\"Isparta'da Devlet Te\u015fvikleri Tan\u0131t\u0131m G\u00fcnleri yo\u011fun ilgi g\u00f6rd\u00fc - Memurun Sesi\",\"isPartOf\":{\"@id\":\"https:\\\/\\\/memurunsesi.net\\\/#website\"},\"primaryImageOfPage\":{\"@id\":\"https:\\\/\\\/memurunsesi.net\\\/index.php\\\/2025\\\/04\\\/18\\\/ispartada-devlet-tesvikleri-tanitim-gunleri-yogun-ilgi-gordu\\\/#primaryimage\"},\"image\":{\"@id\":\"https:\\\/\\\/memurunsesi.net\\\/index.php\\\/2025\\\/04\\\/18\\\/ispartada-devlet-tesvikleri-tanitim-gunleri-yogun-ilgi-gordu\\\/#primaryimage\"},\"thumbnailUrl\":\"https:\\\/\\\/memurunsesi.net\\\/wp-content\\\/uploads\\\/2025\\\/04\\\/AW435829_01.jpg\",\"datePublished\":\"2025-04-18T16:27:16+00:00\",\"breadcrumb\":{\"@id\":\"https:\\\/\\\/memurunsesi.net\\\/index.php\\\/2025\\\/04\\\/18\\\/ispartada-devlet-tesvikleri-tanitim-gunleri-yogun-ilgi-gordu\\\/#breadcrumb\"},\"inLanguage\":\"tr\",\"potentialAction\":[{\"@type\":\"ReadAction\",\"target\":[\"https:\\\/\\\/memurunsesi.net\\\/index.php\\\/2025\\\/04\\\/18\\\/ispartada-devlet-tesvikleri-tanitim-gunleri-yogun-ilgi-gordu\\\/\"]}]},{\"@type\":\"ImageObject\",\"inLanguage\":\"tr\",\"@id\":\"https:\\\/\\\/memurunsesi.net\\\/index.php\\\/2025\\\/04\\\/18\\\/ispartada-devlet-tesvikleri-tanitim-gunleri-yogun-ilgi-gordu\\\/#primaryimage\",\"url\":\"https:\\\/\\\/memurunsesi.net\\\/wp-content\\\/uploads\\\/2025\\\/04\\\/AW435829_01.jpg\",\"contentUrl\":\"https:\\\/\\\/memurunsesi.net\\\/wp-content\\\/uploads\\\/2025\\\/04\\\/AW435829_01.jpg\",\"width\":2200,\"height\":1467,\"caption\":\"CUMHURBA\u015eKANLI\u011eI \u0130LET\u0130\u015e\u0130M BA\u015eKANLI\u011eI KOORD\u0130NASYONUNDA ISPARTA BELED\u0130YES\u0130 G\u00d6KKUBBE FUAR MERKEZ\u0130'NDE GEN\u00c7LERE Y\u00d6NEL\u0130K D\u00dcZENLENEN DEVLET TE\u015eV\u0130KLER\u0130 TANITIM G\u00dcNLER\u0130 B\u00dcY\u00dcK \u0130LG\u0130 G\u00d6RD\u00dc. (AL\u0130 SERKAN AYG\u00dcN\\\/ISPARTA-\u0130HA) Cumhurba\u015fkanl\u0131\u011f\u0131 \u0130leti\u015fim Ba\u015fkanl\u0131\u011f\u0131 koordinasyonunda Isparta Belediyesi G\u00f6kkubbe Fuar Merkezi'nde gen\u00e7lere y\u00f6nelik d\u00fczenlenen Devlet Te\u015fvikleri Tan\u0131t\u0131m G\u00fcnleri b\u00fcy\u00fck ilgi g\u00f6rd\u00fc. Belediye Ba\u015fkan\u0131 \u015e\u00fckr\u00fc Ba\u015fde\u011firmen, e\u015fi \u015eadiye Ba\u015fde\u011firmen ile birlikte Devlet Te\u015fvikleri Tan\u0131t\u0131m G\u00fcnleri stantlar\u0131n\u0131 ziyaret ederek bilgi ald\u0131 ve gen\u00e7lerle sohbet etti.\"},{\"@type\":\"BreadcrumbList\",\"@id\":\"https:\\\/\\\/memurunsesi.net\\\/index.php\\\/2025\\\/04\\\/18\\\/ispartada-devlet-tesvikleri-tanitim-gunleri-yogun-ilgi-gordu\\\/#breadcrumb\",\"itemListElement\":[{\"@type\":\"ListItem\",\"position\":1,\"name\":\"Anasayfa\",\"item\":\"https:\\\/\\\/memurunsesi.net\\\/\"},{\"@type\":\"ListItem\",\"position\":2,\"name\":\"Isparta&#8217;da Devlet Te\u015fvikleri Tan\u0131t\u0131m G\u00fcnleri yo\u011fun ilgi g\u00f6rd\u00fc\"}]},{\"@type\":\"WebSite\",\"@id\":\"https:\\\/\\\/memurunsesi.net\\\/#website\",\"url\":\"https:\\\/\\\/memurunsesi.net\\\/\",\"name\":\"Memurun Sesi\",\"description\":\"G\u00fcncel ve Do\u011fru Haber\",\"publisher\":{\"@id\":\"https:\\\/\\\/memurunsesi.net\\\/#organization\"},\"potentialAction\":[{\"@type\":\"SearchAction\",\"target\":{\"@type\":\"EntryPoint\",\"urlTemplate\":\"https:\\\/\\\/memurunsesi.net\\\/?s={search_term_string}\"},\"query-input\":{\"@type\":\"PropertyValueSpecification\",\"valueRequired\":true,\"valueName\":\"search_term_string\"}}],\"inLanguage\":\"tr\"},{\"@type\":\"Organization\",\"@id\":\"https:\\\/\\\/memurunsesi.net\\\/#organization\",\"name\":\"Memurun Sesi\",\"url\":\"https:\\\/\\\/memurunsesi.net\\\/\",\"logo\":{\"@type\":\"ImageObject\",\"inLanguage\":\"tr\",\"@id\":\"https:\\\/\\\/memurunsesi.net\\\/#\\\/schema\\\/logo\\\/image\\\/\",\"url\":\"https:\\\/\\\/memurunsesi.net\\\/wp-content\\\/uploads\\\/2025\\\/11\\\/cropped-MEMURUN-SESI.png\",\"contentUrl\":\"https:\\\/\\\/memurunsesi.net\\\/wp-content\\\/uploads\\\/2025\\\/11\\\/cropped-MEMURUN-SESI.png\",\"width\":238,\"height\":57,\"caption\":\"Memurun Sesi\"},\"image\":{\"@id\":\"https:\\\/\\\/memurunsesi.net\\\/#\\\/schema\\\/logo\\\/image\\\/\"},\"sameAs\":[\"https:\\\/\\\/www.facebook.com\\\/unipersen\\\/?locale=tr_TR\",\"https:\\\/\\\/x.com\\\/unipersen\"]},{\"@type\":\"Person\",\"@id\":\"https:\\\/\\\/memurunsesi.net\\\/#\\\/schema\\\/person\\\/f21c2d73b89f6ee1d80b0a1803e38587\",\"name\":\"Memurun Sesi Haber Merkezi\",\"image\":{\"@type\":\"ImageObject\",\"inLanguage\":\"tr\",\"@id\":\"https:\\\/\\\/secure.gravatar.com\\\/avatar\\\/6cf0505f452ee753f485014986fab09a434671d2b919ee76fc541025c5876a70?s=96&d=mm&r=g\",\"url\":\"https:\\\/\\\/secure.gravatar.com\\\/avatar\\\/6cf0505f452ee753f485014986fab09a434671d2b919ee76fc541025c5876a70?s=96&d=mm&r=g\",\"contentUrl\":\"https:\\\/\\\/secure.gravatar.com\\\/avatar\\\/6cf0505f452ee753f485014986fab09a434671d2b919ee76fc541025c5876a70?s=96&d=mm&r=g\",\"caption\":\"Memurun Sesi Haber Merkezi\"},\"sameAs\":[\"https:\\\/\\\/memurunsesi.net\"],\"url\":\"https:\\\/\\\/memurunsesi.net\\\/index.php\\\/author\\\/uniper\\\/\"}]}<\/script>\n<!-- \/ Yoast SEO plugin. -->","yoast_head_json":{"title":"Isparta'da Devlet Te\u015fvikleri Tan\u0131t\u0131m G\u00fcnleri yo\u011fun ilgi g\u00f6rd\u00fc - Memurun Sesi","robots":{"index":"index","follow":"follow","max-snippet":"max-snippet:-1","max-image-preview":"max-image-preview:large","max-video-preview":"max-video-preview:-1"},"canonical":"https:\/\/memurunsesi.net\/index.php\/2025\/04\/18\/ispartada-devlet-tesvikleri-tanitim-gunleri-yogun-ilgi-gordu\/","og_locale":"tr_TR","og_type":"article","og_title":"Isparta'da Devlet Te\u015fvikleri Tan\u0131t\u0131m G\u00fcnleri yo\u011fun ilgi g\u00f6rd\u00fc - Memurun Sesi","og_description":"&#8211; Ba\u015fkan Ba\u015fde\u011firmen: &#8211; &#8220;Devletimizin gen\u00e7lerimize y\u00f6nelik \u00f6nemli destekleri var&#8221; Cumhurba\u015fkanl\u0131\u011f\u0131 \u0130leti\u015fim Ba\u015fkanl\u0131\u011f\u0131 koordinasyonunda Isparta Belediyesi G\u00f6kkubbe Fuar Merkezi&#8217;nde gen\u00e7lere y\u00f6nelik d\u00fczenlenen Devlet Te\u015fvikleri Tan\u0131t\u0131m G\u00fcnleri b\u00fcy\u00fck ilgi g\u00f6rd\u00fc. Belediye Ba\u015fkan\u0131 \u015e\u00fckr\u00fc Ba\u015fde\u011firmen, e\u015fi \u015eadiye Ba\u015fde\u011firmen ile birlikte Devlet Te\u015fvikleri Tan\u0131t\u0131m G\u00fcnleri stantlar\u0131n\u0131 ziyaret ederek bilgi ald\u0131 ve gen\u00e7lerle sohbet etti. Cumhurba\u015fkanl\u0131\u011f\u0131 \u0130leti\u015fim Ba\u015fkanl\u0131\u011f\u0131nca Isparta [&hellip;]","og_url":"https:\/\/memurunsesi.net\/index.php\/2025\/04\/18\/ispartada-devlet-tesvikleri-tanitim-gunleri-yogun-ilgi-gordu\/","og_site_name":"Memurun Sesi","article_publisher":"https:\/\/www.facebook.com\/unipersen\/?locale=tr_TR","article_published_time":"2025-04-18T16:27:16+00:00","og_image":[{"width":2200,"height":1467,"url":"https:\/\/memurunsesi.net\/wp-content\/uploads\/2025\/04\/AW435829_01.jpg","type":"image\/jpeg"}],"author":"Memurun Sesi Haber Merkezi","twitter_card":"summary_large_image","twitter_creator":"@unipersen","twitter_site":"@unipersen","twitter_misc":{"Yazan:":"Memurun Sesi Haber Merkezi","Tahmini okuma s\u00fcresi":"1 dakika"},"schema":{"@context":"https:\/\/schema.org","@graph":[{"@type":"Article","@id":"https:\/\/memurunsesi.net\/index.php\/2025\/04\/18\/ispartada-devlet-tesvikleri-tanitim-gunleri-yogun-ilgi-gordu\/#article","isPartOf":{"@id":"https:\/\/memurunsesi.net\/index.php\/2025\/04\/18\/ispartada-devlet-tesvikleri-tanitim-gunleri-yogun-ilgi-gordu\/"},"author":{"name":"Memurun Sesi Haber Merkezi","@id":"https:\/\/memurunsesi.net\/#\/schema\/person\/f21c2d73b89f6ee1d80b0a1803e38587"},"headline":"Isparta&#8217;da Devlet Te\u015fvikleri Tan\u0131t\u0131m G\u00fcnleri yo\u011fun ilgi g\u00f6rd\u00fc","datePublished":"2025-04-18T16:27:16+00:00","mainEntityOfPage":{"@id":"https:\/\/memurunsesi.net\/index.php\/2025\/04\/18\/ispartada-devlet-tesvikleri-tanitim-gunleri-yogun-ilgi-gordu\/"},"wordCount":686,"commentCount":0,"publisher":{"@id":"https:\/\/memurunsesi.net\/#organization"},"image":{"@id":"https:\/\/memurunsesi.net\/index.php\/2025\/04\/18\/ispartada-devlet-tesvikleri-tanitim-gunleri-yogun-ilgi-gordu\/#primaryimage"},"thumbnailUrl":"https:\/\/memurunsesi.net\/wp-content\/uploads\/2025\/04\/AW435829_01.jpg","inLanguage":"tr","potentialAction":[{"@type":"CommentAction","name":"Comment","target":["https:\/\/memurunsesi.net\/index.php\/2025\/04\/18\/ispartada-devlet-tesvikleri-tanitim-gunleri-yogun-ilgi-gordu\/#respond"]}]},{"@type":"WebPage","@id":"https:\/\/memurunsesi.net\/index.php\/2025\/04\/18\/ispartada-devlet-tesvikleri-tanitim-gunleri-yogun-ilgi-gordu\/","url":"https:\/\/memurunsesi.net\/index.php\/2025\/04\/18\/ispartada-devlet-tesvikleri-tanitim-gunleri-yogun-ilgi-gordu\/","name":"Isparta'da Devlet Te\u015fvikleri Tan\u0131t\u0131m G\u00fcnleri yo\u011fun ilgi g\u00f6rd\u00fc - Memurun Sesi","isPartOf":{"@id":"https:\/\/memurunsesi.net\/#website"},"primaryImageOfPage":{"@id":"https:\/\/memurunsesi.net\/index.php\/2025\/04\/18\/ispartada-devlet-tesvikleri-tanitim-gunleri-yogun-ilgi-gordu\/#primaryimage"},"image":{"@id":"https:\/\/memurunsesi.net\/index.php\/2025\/04\/18\/ispartada-devlet-tesvikleri-tanitim-gunleri-yogun-ilgi-gordu\/#primaryimage"},"thumbnailUrl":"https:\/\/memurunsesi.net\/wp-content\/uploads\/2025\/04\/AW435829_01.jpg","datePublished":"2025-04-18T16:27:16+00:00","breadcrumb":{"@id":"https:\/\/memurunsesi.net\/index.php\/2025\/04\/18\/ispartada-devlet-tesvikleri-tanitim-gunleri-yogun-ilgi-gordu\/#breadcrumb"},"inLanguage":"tr","potentialAction":[{"@type":"ReadAction","target":["https:\/\/memurunsesi.net\/index.php\/2025\/04\/18\/ispartada-devlet-tesvikleri-tanitim-gunleri-yogun-ilgi-gordu\/"]}]},{"@type":"ImageObject","inLanguage":"tr","@id":"https:\/\/memurunsesi.net\/index.php\/2025\/04\/18\/ispartada-devlet-tesvikleri-tanitim-gunleri-yogun-ilgi-gordu\/#primaryimage","url":"https:\/\/memurunsesi.net\/wp-content\/uploads\/2025\/04\/AW435829_01.jpg","contentUrl":"https:\/\/memurunsesi.net\/wp-content\/uploads\/2025\/04\/AW435829_01.jpg","width":2200,"height":1467,"caption":"CUMHURBA\u015eKANLI\u011eI \u0130LET\u0130\u015e\u0130M BA\u015eKANLI\u011eI KOORD\u0130NASYONUNDA ISPARTA BELED\u0130YES\u0130 G\u00d6KKUBBE FUAR MERKEZ\u0130'NDE GEN\u00c7LERE Y\u00d6NEL\u0130K D\u00dcZENLENEN DEVLET TE\u015eV\u0130KLER\u0130 TANITIM G\u00dcNLER\u0130 B\u00dcY\u00dcK \u0130LG\u0130 G\u00d6RD\u00dc. (AL\u0130 SERKAN AYG\u00dcN\/ISPARTA-\u0130HA) Cumhurba\u015fkanl\u0131\u011f\u0131 \u0130leti\u015fim Ba\u015fkanl\u0131\u011f\u0131 koordinasyonunda Isparta Belediyesi G\u00f6kkubbe Fuar Merkezi'nde gen\u00e7lere y\u00f6nelik d\u00fczenlenen Devlet Te\u015fvikleri Tan\u0131t\u0131m G\u00fcnleri b\u00fcy\u00fck ilgi g\u00f6rd\u00fc. Belediye Ba\u015fkan\u0131 \u015e\u00fckr\u00fc Ba\u015fde\u011firmen, e\u015fi \u015eadiye Ba\u015fde\u011firmen ile birlikte Devlet Te\u015fvikleri Tan\u0131t\u0131m G\u00fcnleri stantlar\u0131n\u0131 ziyaret ederek bilgi ald\u0131 ve gen\u00e7lerle sohbet etti."},{"@type":"BreadcrumbList","@id":"https:\/\/memurunsesi.net\/index.php\/2025\/04\/18\/ispartada-devlet-tesvikleri-tanitim-gunleri-yogun-ilgi-gordu\/#breadcrumb","itemListElement":[{"@type":"ListItem","position":1,"name":"Anasayfa","item":"https:\/\/memurunsesi.net\/"},{"@type":"ListItem","position":2,"name":"Isparta&#8217;da Devlet Te\u015fvikleri Tan\u0131t\u0131m G\u00fcnleri yo\u011fun ilgi g\u00f6rd\u00fc"}]},{"@type":"WebSite","@id":"https:\/\/memurunsesi.net\/#website","url":"https:\/\/memurunsesi.net\/","name":"Memurun Sesi","description":"G\u00fcncel ve Do\u011fru Haber","publisher":{"@id":"https:\/\/memurunsesi.net\/#organization"},"potentialAction":[{"@type":"SearchAction","target":{"@type":"EntryPoint","urlTemplate":"https:\/\/memurunsesi.net\/?s={search_term_string}"},"query-input":{"@type":"PropertyValueSpecification","valueRequired":true,"valueName":"search_term_string"}}],"inLanguage":"tr"},{"@type":"Organization","@id":"https:\/\/memurunsesi.net\/#organization","name":"Memurun Sesi","url":"https:\/\/memurunsesi.net\/","logo":{"@type":"ImageObject","inLanguage":"tr","@id":"https:\/\/memurunsesi.net\/#\/schema\/logo\/image\/","url":"https:\/\/memurunsesi.net\/wp-content\/uploads\/2025\/11\/cropped-MEMURUN-SESI.png","contentUrl":"https:\/\/memurunsesi.net\/wp-content\/uploads\/2025\/11\/cropped-MEMURUN-SESI.png","width":238,"height":57,"caption":"Memurun Sesi"},"image":{"@id":"https:\/\/memurunsesi.net\/#\/schema\/logo\/image\/"},"sameAs":["https:\/\/www.facebook.com\/unipersen\/?locale=tr_TR","https:\/\/x.com\/unipersen"]},{"@type":"Person","@id":"https:\/\/memurunsesi.net\/#\/schema\/person\/f21c2d73b89f6ee1d80b0a1803e38587","name":"Memurun Sesi Haber Merkezi","image":{"@type":"ImageObject","inLanguage":"tr","@id":"https:\/\/secure.gravatar.com\/avatar\/6cf0505f452ee753f485014986fab09a434671d2b919ee76fc541025c5876a70?s=96&d=mm&r=g","url":"https:\/\/secure.gravatar.com\/avatar\/6cf0505f452ee753f485014986fab09a434671d2b919ee76fc541025c5876a70?s=96&d=mm&r=g","contentUrl":"https:\/\/secure.gravatar.com\/avatar\/6cf0505f452ee753f485014986fab09a434671d2b919ee76fc541025c5876a70?s=96&d=mm&r=g","caption":"Memurun Sesi Haber Merkezi"},"sameAs":["https:\/\/memurunsesi.net"],"url":"https:\/\/memurunsesi.net\/index.php\/author\/uniper\/"}]}},"_links":{"self":[{"href":"https:\/\/memurunsesi.net\/index.php\/wp-json\/wp\/v2\/posts\/5531","targetHints":{"allow":["GET"]}}],"collection":[{"href":"https:\/\/memurunsesi.net\/index.php\/wp-json\/wp\/v2\/posts"}],"about":[{"href":"https:\/\/memurunsesi.net\/index.php\/wp-json\/wp\/v2\/types\/post"}],"author":[{"embeddable":true,"href":"https:\/\/memurunsesi.net\/index.php\/wp-json\/wp\/v2\/users\/1"}],"replies":[{"embeddable":true,"href":"https:\/\/memurunsesi.net\/index.php\/wp-json\/wp\/v2\/comments?post=5531"}],"version-history":[{"count":1,"href":"https:\/\/memurunsesi.net\/index.php\/wp-json\/wp\/v2\/posts\/5531\/revisions"}],"predecessor-version":[{"id":5533,"href":"https:\/\/memurunsesi.net\/index.php\/wp-json\/wp\/v2\/posts\/5531\/revisions\/5533"}],"wp:featuredmedia":[{"embeddable":true,"href":"https:\/\/memurunsesi.net\/index.php\/wp-json\/wp\/v2\/media\/5532"}],"wp:attachment":[{"href":"https:\/\/memurunsesi.net\/index.php\/wp-json\/wp\/v2\/media?parent=5531"}],"wp:term":[{"taxonomy":"category","embeddable":true,"href":"https:\/\/memurunsesi.net\/index.php\/wp-json\/wp\/v2\/categories?post=5531"},{"taxonomy":"post_tag","embeddable":true,"href":"https:\/\/memurunsesi.net\/index.php\/wp-json\/wp\/v2\/tags?post=5531"}],"curies":[{"name":"wp","href":"https:\/\/api.w.org\/{rel}","templated":true}]}}