{"id":5537,"date":"2025-04-18T19:31:28","date_gmt":"2025-04-18T16:31:28","guid":{"rendered":"https:\/\/memurunsesi.net\/?p=5537"},"modified":"2025-04-18T19:31:28","modified_gmt":"2025-04-18T16:31:28","slug":"sehitler-haftasinda-duygulandiran-ziyaret-turk-bayragi-hediye-edilen-ogrenci-gozyaslarina-hakim-olamadi","status":"publish","type":"post","link":"https:\/\/memurunsesi.net\/index.php\/2025\/04\/18\/sehitler-haftasinda-duygulandiran-ziyaret-turk-bayragi-hediye-edilen-ogrenci-gozyaslarina-hakim-olamadi\/","title":{"rendered":"\u015eehitler Haftas\u0131&#8217;nda duyguland\u0131ran ziyaret: T\u00fcrk bayra\u011f\u0131 hediye edilen \u00f6\u011frenci g\u00f6zya\u015flar\u0131na hakim olamad\u0131"},"content":{"rendered":"<p>  \u00c7orum&#8217;un \u0130skilip il\u00e7esinde 14-20 Nisan \u015eehitler Haftas\u0131 dolay\u0131s\u0131yla d\u00fczenlenen programda T\u00fcrk bayra\u011f\u0131 hediye edilen \u00f6\u011frencilerden biri duygusal anlar ya\u015fad\u0131.<br \/>\n  \u0130skilip Belediyesi ile T\u00fcrkiye Harp Malul\u00fc \u015eehit Gazi Dul ve Yetimler Derne\u011fi i\u015f birli\u011finde, il\u00e7edeki ilk\u00f6\u011fretim okullar\u0131 ziyaret edilerek, \u00f6zellikle 3. s\u0131n\u0131f \u00f6\u011frencilerine \u00f6zel haz\u0131rlanan e\u011fitim setleri da\u011f\u0131t\u0131ld\u0131. Ziyaretlerde \u00f6\u011frencilere \u015eehitler Haftas\u0131&#8217;n\u0131n anlam ve \u00f6nemi anlat\u0131ld\u0131.<br \/>\n  Ziyarette \u0130skilip Belediye Ba\u015fkan\u0131 \u0130smail \u00c7izikci, \u00e7ocuklara \u015fehitlerin \u00fclke i\u00e7in yapt\u0131\u011f\u0131 kahramanl\u0131klardan \u00f6rnekler verdi. Dernek Ba\u015fkan\u0131 Galip Deniz de \u00f6\u011frencilere \u00e7e\u015fitli tavsiyelerde bulundu.<br \/>\n  Etkinlikte protokol \u00fcyeleri taraf\u0131ndan \u00f6\u011frencilere hediyeler takdim edildi. Duygusal anlara sahne olan programda, Jandarma \u00dcste\u011fmen Hakan G\u00fcven&#8217;in  T\u00fcrk bayra\u011f\u0131 hediye etti\u011fi bir \u00f6\u011frenci g\u00f6zya\u015flar\u0131na hakim olamad\u0131. \u00dcste\u011fmen G\u00fcven, duygulanan \u00e7ocu\u011fu sar\u0131larak teselli etti.<br \/>\n  Programa \u0130skilip Belediye Ba\u015fkan\u0131 \u0130smail \u00c7izikci, Dernek Ba\u015fkan\u0131 ve 2016 y\u0131l\u0131nda \u015fehit d\u00fc\u015fen Bekir Eren Deniz&#8217;in babas\u0131 Galip Deniz, \u015eehit Habib G\u00f6k\u00e7e&#8217;nin a\u011fabeyi Dursun Tan, \u0130skilip Jandarma Komutan\u0131 \u00dcste\u011fmen Hakan G\u00fcven, \u0130skilip Emniyet M\u00fcd\u00fcr\u00fc \u00d6nder \u0130stanbul ve \u0130l\u00e7e Milli E\u011fitim \u015eube M\u00fcd\u00fcr\u00fc S\u00fcleyman G\u00f6ko\u011flu kat\u0131ld\u0131. <\/p>\n<p>18.04.2025                              <\/p>\n","protected":false},"excerpt":{"rendered":"<p>\u00c7orum&#8217;un \u0130skilip il\u00e7esinde 14-20 Nisan \u015eehitler Haftas\u0131 dolay\u0131s\u0131yla d\u00fczenlenen programda T\u00fcrk bayra\u011f\u0131 hediye edilen \u00f6\u011frencilerden biri duygusal anlar ya\u015fad\u0131. \u0130skilip Belediyesi ile T\u00fcrkiye Harp Malul\u00fc \u015eehit Gazi Dul ve Yetimler Derne\u011fi i\u015f birli\u011finde, il\u00e7edeki ilk\u00f6\u011fretim okullar\u0131 ziyaret edilerek, \u00f6zellikle 3. s\u0131n\u0131f \u00f6\u011frencilerine \u00f6zel haz\u0131rlanan e\u011fitim setleri da\u011f\u0131t\u0131ld\u0131. Ziyaretlerde \u00f6\u011frencilere \u015eehitler Haftas\u0131&#8217;n\u0131n anlam ve \u00f6nemi anlat\u0131ld\u0131. [&hellip;]<\/p>\n","protected":false},"author":1,"featured_media":5538,"comment_status":"open","ping_status":"open","sticky":false,"template":"","format":"standard","meta":{"footnotes":""},"categories":[45],"tags":[],"class_list":["post-5537","post","type-post","status-publish","format-standard","has-post-thumbnail","hentry","category-gundem"],"yoast_head":"<!-- This site is optimized with the Yoast SEO plugin v27.4 - https:\/\/yoast.com\/product\/yoast-seo-wordpress\/ -->\n<title>\u015eehitler Haftas\u0131&#039;nda duyguland\u0131ran ziyaret: T\u00fcrk bayra\u011f\u0131 hediye edilen \u00f6\u011frenci g\u00f6zya\u015flar\u0131na hakim olamad\u0131 - Memurun Sesi<\/title>\n<meta name=\"robots\" content=\"index, follow, max-snippet:-1, max-image-preview:large, max-video-preview:-1\" \/>\n<link rel=\"canonical\" href=\"https:\/\/memurunsesi.net\/index.php\/2025\/04\/18\/sehitler-haftasinda-duygulandiran-ziyaret-turk-bayragi-hediye-edilen-ogrenci-gozyaslarina-hakim-olamadi\/\" \/>\n<meta property=\"og:locale\" content=\"tr_TR\" \/>\n<meta property=\"og:type\" content=\"article\" \/>\n<meta property=\"og:title\" content=\"\u015eehitler Haftas\u0131&#039;nda duyguland\u0131ran ziyaret: T\u00fcrk bayra\u011f\u0131 hediye edilen \u00f6\u011frenci g\u00f6zya\u015flar\u0131na hakim olamad\u0131 - Memurun Sesi\" \/>\n<meta property=\"og:description\" content=\"\u00c7orum&#8217;un \u0130skilip il\u00e7esinde 14-20 Nisan \u015eehitler Haftas\u0131 dolay\u0131s\u0131yla d\u00fczenlenen programda T\u00fcrk bayra\u011f\u0131 hediye edilen \u00f6\u011frencilerden biri duygusal anlar ya\u015fad\u0131. \u0130skilip Belediyesi ile T\u00fcrkiye Harp Malul\u00fc \u015eehit Gazi Dul ve Yetimler Derne\u011fi i\u015f birli\u011finde, il\u00e7edeki ilk\u00f6\u011fretim okullar\u0131 ziyaret edilerek, \u00f6zellikle 3. s\u0131n\u0131f \u00f6\u011frencilerine \u00f6zel haz\u0131rlanan e\u011fitim setleri da\u011f\u0131t\u0131ld\u0131. Ziyaretlerde \u00f6\u011frencilere \u015eehitler Haftas\u0131&#8217;n\u0131n anlam ve \u00f6nemi anlat\u0131ld\u0131. [&hellip;]\" \/>\n<meta property=\"og:url\" content=\"https:\/\/memurunsesi.net\/index.php\/2025\/04\/18\/sehitler-haftasinda-duygulandiran-ziyaret-turk-bayragi-hediye-edilen-ogrenci-gozyaslarina-hakim-olamadi\/\" \/>\n<meta property=\"og:site_name\" content=\"Memurun Sesi\" \/>\n<meta property=\"article:publisher\" content=\"https:\/\/www.facebook.com\/unipersen\/?locale=tr_TR\" \/>\n<meta property=\"article:published_time\" content=\"2025-04-18T16:31:28+00:00\" \/>\n<meta property=\"og:image\" content=\"https:\/\/memurunsesi.net\/wp-content\/uploads\/2025\/04\/AW435911_01.jpg\" \/>\n\t<meta property=\"og:image:width\" content=\"1711\" \/>\n\t<meta property=\"og:image:height\" content=\"1344\" \/>\n\t<meta property=\"og:image:type\" content=\"image\/jpeg\" \/>\n<meta name=\"author\" content=\"Memurun Sesi Haber Merkezi\" \/>\n<meta name=\"twitter:card\" content=\"summary_large_image\" \/>\n<meta name=\"twitter:creator\" content=\"@unipersen\" \/>\n<meta name=\"twitter:site\" content=\"@unipersen\" \/>\n<meta name=\"twitter:label1\" content=\"Yazan:\" \/>\n\t<meta name=\"twitter:data1\" content=\"Memurun Sesi Haber Merkezi\" \/>\n\t<meta name=\"twitter:label2\" content=\"Tahmini okuma s\u00fcresi\" \/>\n\t<meta name=\"twitter:data2\" content=\"1 dakika\" \/>\n<script type=\"application\/ld+json\" class=\"yoast-schema-graph\">{\"@context\":\"https:\\\/\\\/schema.org\",\"@graph\":[{\"@type\":\"Article\",\"@id\":\"https:\\\/\\\/memurunsesi.net\\\/index.php\\\/2025\\\/04\\\/18\\\/sehitler-haftasinda-duygulandiran-ziyaret-turk-bayragi-hediye-edilen-ogrenci-gozyaslarina-hakim-olamadi\\\/#article\",\"isPartOf\":{\"@id\":\"https:\\\/\\\/memurunsesi.net\\\/index.php\\\/2025\\\/04\\\/18\\\/sehitler-haftasinda-duygulandiran-ziyaret-turk-bayragi-hediye-edilen-ogrenci-gozyaslarina-hakim-olamadi\\\/\"},\"author\":{\"name\":\"Memurun Sesi Haber Merkezi\",\"@id\":\"https:\\\/\\\/memurunsesi.net\\\/#\\\/schema\\\/person\\\/f21c2d73b89f6ee1d80b0a1803e38587\"},\"headline\":\"\u015eehitler Haftas\u0131&#8217;nda duyguland\u0131ran ziyaret: T\u00fcrk bayra\u011f\u0131 hediye edilen \u00f6\u011frenci g\u00f6zya\u015flar\u0131na hakim olamad\u0131\",\"datePublished\":\"2025-04-18T16:31:28+00:00\",\"mainEntityOfPage\":{\"@id\":\"https:\\\/\\\/memurunsesi.net\\\/index.php\\\/2025\\\/04\\\/18\\\/sehitler-haftasinda-duygulandiran-ziyaret-turk-bayragi-hediye-edilen-ogrenci-gozyaslarina-hakim-olamadi\\\/\"},\"wordCount\":233,\"commentCount\":0,\"publisher\":{\"@id\":\"https:\\\/\\\/memurunsesi.net\\\/#organization\"},\"image\":{\"@id\":\"https:\\\/\\\/memurunsesi.net\\\/index.php\\\/2025\\\/04\\\/18\\\/sehitler-haftasinda-duygulandiran-ziyaret-turk-bayragi-hediye-edilen-ogrenci-gozyaslarina-hakim-olamadi\\\/#primaryimage\"},\"thumbnailUrl\":\"https:\\\/\\\/memurunsesi.net\\\/wp-content\\\/uploads\\\/2025\\\/04\\\/AW435911_01.jpg\",\"articleSection\":[\"G\u00fcndem\"],\"inLanguage\":\"tr\",\"potentialAction\":[{\"@type\":\"CommentAction\",\"name\":\"Comment\",\"target\":[\"https:\\\/\\\/memurunsesi.net\\\/index.php\\\/2025\\\/04\\\/18\\\/sehitler-haftasinda-duygulandiran-ziyaret-turk-bayragi-hediye-edilen-ogrenci-gozyaslarina-hakim-olamadi\\\/#respond\"]}]},{\"@type\":\"WebPage\",\"@id\":\"https:\\\/\\\/memurunsesi.net\\\/index.php\\\/2025\\\/04\\\/18\\\/sehitler-haftasinda-duygulandiran-ziyaret-turk-bayragi-hediye-edilen-ogrenci-gozyaslarina-hakim-olamadi\\\/\",\"url\":\"https:\\\/\\\/memurunsesi.net\\\/index.php\\\/2025\\\/04\\\/18\\\/sehitler-haftasinda-duygulandiran-ziyaret-turk-bayragi-hediye-edilen-ogrenci-gozyaslarina-hakim-olamadi\\\/\",\"name\":\"\u015eehitler Haftas\u0131'nda duyguland\u0131ran ziyaret: T\u00fcrk bayra\u011f\u0131 hediye edilen \u00f6\u011frenci g\u00f6zya\u015flar\u0131na hakim olamad\u0131 - Memurun Sesi\",\"isPartOf\":{\"@id\":\"https:\\\/\\\/memurunsesi.net\\\/#website\"},\"primaryImageOfPage\":{\"@id\":\"https:\\\/\\\/memurunsesi.net\\\/index.php\\\/2025\\\/04\\\/18\\\/sehitler-haftasinda-duygulandiran-ziyaret-turk-bayragi-hediye-edilen-ogrenci-gozyaslarina-hakim-olamadi\\\/#primaryimage\"},\"image\":{\"@id\":\"https:\\\/\\\/memurunsesi.net\\\/index.php\\\/2025\\\/04\\\/18\\\/sehitler-haftasinda-duygulandiran-ziyaret-turk-bayragi-hediye-edilen-ogrenci-gozyaslarina-hakim-olamadi\\\/#primaryimage\"},\"thumbnailUrl\":\"https:\\\/\\\/memurunsesi.net\\\/wp-content\\\/uploads\\\/2025\\\/04\\\/AW435911_01.jpg\",\"datePublished\":\"2025-04-18T16:31:28+00:00\",\"breadcrumb\":{\"@id\":\"https:\\\/\\\/memurunsesi.net\\\/index.php\\\/2025\\\/04\\\/18\\\/sehitler-haftasinda-duygulandiran-ziyaret-turk-bayragi-hediye-edilen-ogrenci-gozyaslarina-hakim-olamadi\\\/#breadcrumb\"},\"inLanguage\":\"tr\",\"potentialAction\":[{\"@type\":\"ReadAction\",\"target\":[\"https:\\\/\\\/memurunsesi.net\\\/index.php\\\/2025\\\/04\\\/18\\\/sehitler-haftasinda-duygulandiran-ziyaret-turk-bayragi-hediye-edilen-ogrenci-gozyaslarina-hakim-olamadi\\\/\"]}]},{\"@type\":\"ImageObject\",\"inLanguage\":\"tr\",\"@id\":\"https:\\\/\\\/memurunsesi.net\\\/index.php\\\/2025\\\/04\\\/18\\\/sehitler-haftasinda-duygulandiran-ziyaret-turk-bayragi-hediye-edilen-ogrenci-gozyaslarina-hakim-olamadi\\\/#primaryimage\",\"url\":\"https:\\\/\\\/memurunsesi.net\\\/wp-content\\\/uploads\\\/2025\\\/04\\\/AW435911_01.jpg\",\"contentUrl\":\"https:\\\/\\\/memurunsesi.net\\\/wp-content\\\/uploads\\\/2025\\\/04\\\/AW435911_01.jpg\",\"width\":1711,\"height\":1344,\"caption\":\"HMN \u00c7ORUM'DA \u015eEH\u0130TLER HAFTASI ANISINA ETK\u0130NL\u0130K D\u00dcZENLEND\u0130 (FOTO\u011eRAFLI) B\u0130LAL ARICI \u00c7ORUM (\u0130HA) - \u00c7ORUM'UN \u0130L\u00c7ES\u0130 \u0130SK\u0130L\u0130P'TE 14-20 N\u0130SAN \u015eEH\u0130TLER HAFTASI DOLAYISIYLA D\u00dcZENLENEN PROGRAM \u0130LE DUYGU DOLU ANLAR YA\u015eANDI. \u0130SK\u0130L\u0130P BELED\u0130YES\u0130 \u0130LE T\u00dcRK\u0130YE HARP MALUL\u00dc \u015eEH\u0130T GAZ\u0130 DUL VE YET\u0130MLER DERNE\u011e\u0130 \u0130\u015e B\u0130RL\u0130\u011e\u0130NDE ANLAMLI B\u0130R ETK\u0130NL\u0130K GER\u00c7EKLE\u015eT\u0130R\u0130LD\u0130. ETK\u0130NL\u0130K KAPSAMINDA \u0130L\u00c7EDEK\u0130 \u0130LK\u00d6\u011eRET\u0130M OKULLARI Z\u0130YARET ED\u0130LEREK, \u00d6ZELL\u0130KLE 3. SINIF \u00d6\u011eRENC\u0130LER\u0130NE \u00d6ZEL HAZIRLANAN E\u011e\u0130T\u0130M SETLER\u0130 DA\u011eITILDI. Z\u0130YARETLERDE \u00d6\u011eRENC\u0130LERE \u015eEH\u0130TLER HAFTASI'NIN ANLAM VE \u00d6NEM\u0130 ANLATILDI, M\u0130LL\u0130 VE MANEV\u0130 DE\u011eERLER \u00dcZER\u0130NE SOHBETLER YAPILDI. \u0130SK\u0130L\u0130P BELED\u0130YE BA\u015eKANI \u0130SMA\u0130L \u00c7\u0130Z\u0130KC\u0130, \u00c7OCUKLARLA SAM\u0130M\u0130 B\u0130R D\u0130YALOG KURARAK \\\"NASILSINIZ?\\\" D\u0130YE SORDU. \u00c7OCUKLARDAN GELEN \\\"\u0130Y\u0130Y\u0130Z\\\" CEVABI \u00dcZER\u0130NE, \\\"B\u0130Z DE \u0130Y\u0130Y\u0130Z, S\u0130ZLER\u0130 G\u00d6R\u00dcNCE MUTLU OLDUK. BURAYA NEDEN GELD\u0130\u011e\u0130M\u0130Z\u0130 B\u0130L\u0130YOR MUSUNUZ?\\\" \u015eEKL\u0130NDE SOHBET\u0130 S\u00dcRD\u00dcRD\u00dc. ARDINDAN, \\\"\u015eEH\u0130T K\u0130ME DEN\u0130R?\\\" SORUSUNU Y\u00d6NELTT\u0130. \u00d6\u011eRENC\u0130LERDEN GELEN \\\"VATANIMIZ, BAYRA\u011eIMIZ VE \u0130ST\u0130KBAL\u0130M\u0130Z \u0130\u00c7\u0130N CANINI VEREN K\u0130\u015e\u0130LERE \u015eEH\u0130T DEN\u0130R\\\" CEVABINI \u0130SE MEMNUN\u0130YETLE ONAYLADI: \\\"EVET, ASKER\u0130M\u0130Z, POL\u0130S\u0130M\u0130Z, \u00d6\u011eRETMEN\u0130M\u0130Z VE B\u0130R\u00c7OK MESLEKTEN \u0130NSAN, BU DE\u011eERLER U\u011eRUNA CANLARINI FEDA ETT\u0130KLER\u0130NDE \u015eEH\u0130T OLURLAR\\\" DED\u0130. DAHA SONRA \u00d6\u011eRENC\u0130LERE H\u0130TABEN B\u0130RKA\u00c7 KEL\u0130ME \u0130LE BU PROGRAMIN \u00d6NEM\u0130NE D\u0130KKAT \u00c7EKEN DERNEK BA\u015eKANI GAL\u0130P DEN\u0130Z \\\"\u015eEH\u0130T AB\u0130LER\u0130N\u0130Z\u0130N S\u0130ZLERE HED\u0130YELER\u0130 VAR. ONLARIN S\u0130ZDEN TEK \u0130STE\u011e\u0130; BOL BOL DUA ETMEN\u0130Z VE DERSLER\u0130N\u0130ZE SIKI SIKIYA \u00c7ALI\u015eMANIZ. \u015eEH\u0130TLER\u0130M\u0130Z S\u0130ZDEN S\u00d6Z \u0130ST\u0130YOR. S\u00d6Z VER\u0130YOR MUSUNUZ?\\\" DED\u0130. \u00c7OCUKLAR HEP B\u0130R A\u011eIZDAN \\\"S\u00d6Z!\\\" D\u0130YEREK KAR\u015eILIK VERD\u0130. ETK\u0130NL\u0130KTE HED\u0130YELER, PROTOKOL \u00dcYELER\u0130 TARAFINDAN \u00d6\u011eRENC\u0130LERE TAKD\u0130M ED\u0130LD\u0130. DUYGUSAL ANLARA SAHNE OLAN PROGRAMDA, JANDARMA \u00dcSTE\u011eMEN HAKAN G\u00dcVEN'\u0130N K\u00dc\u00c7\u00dcK B\u0130R KIZA T\u00dcRK BAYRA\u011eI HED\u0130YE ETT\u0130\u011e\u0130 SIRADA M\u0130N\u0130K \u00d6\u011eRENC\u0130N\u0130N G\u00d6ZYA\u015eLARINA BO\u011eULMASI D\u0130KKAT \u00c7EKT\u0130. \u00dcSTE\u011eMEN G\u00dcVEN, DUYGULANAN \u00c7OCU\u011eU TESELL\u0130 EDEREK ONA SARILDI. PROGRAM, \u00d6\u011eRENC\u0130LERE HEM DUYGUSAL HEM DE B\u0130L\u0130N\u00c7LEND\u0130R\u0130C\u0130 B\u0130R DENEY\u0130M SUNARAK, ONLARIN M\u0130LL\u0130 VE MANEV\u0130 DE\u011eERLERE OLAN BA\u011eLILIKLARINI G\u00dc\u00c7LEND\u0130RD\u0130. KATILIMCILAR, \u015eEH\u0130TLER HAFTASI'NIN MANEV\u0130 ATMOSFER\u0130N\u0130 \u00c7OCUKLARLA B\u0130RL\u0130KTE PAYLA\u015eMANIN \u00d6NEM\u0130NE VURGU YAPTI. PROGRAMA \u0130SK\u0130L\u0130P BELED\u0130YE BA\u015eKANI \u0130SMA\u0130L \u00c7\u0130Z\u0130KC\u0130, DERNEK BA\u015eKANI VE 2016 YILINDA \u015eEH\u0130T D\u00dc\u015eEN BEK\u0130R EREN DEN\u0130Z'\u0130N BABASI GAL\u0130P DEN\u0130Z, \u015eEH\u0130T HAB\u0130B G\u00d6K\u00c7E'N\u0130N AB\u0130S\u0130 DURSUN TAN, \u0130SK\u0130L\u0130P JANDARMA KOMUTANI \u00dcSTE\u011eMEN HAKAN G\u00dcVEN, \u0130SK\u0130L\u0130P EMN\u0130YET M\u00dcD\u00dcR\u00dc \u00d6NDER \u0130STANBUL VE \u0130L\u00c7E M\u0130LL\u0130 E\u011e\u0130T\u0130M \u015eUBE M\u00dcD\u00dcR\u00dc S\u00dcLEYMAN G\u00d6KO\u011eLU KATILDI. (MCK (B\u0130LAL ARICI\\\/\u00c7ORUM-\u0130HA) \u00c7orum'un \u0130skilip il\u00e7esinde 14-20 Nisan \u015eehitler Haftas\u0131 dolay\u0131s\u0131yla d\u00fczenlenen programda T\u00fcrk bayra\u011f\u0131 hediye edilen \u00f6\u011frencilerden biri duygusal anlar ya\u015fad\u0131.\"},{\"@type\":\"BreadcrumbList\",\"@id\":\"https:\\\/\\\/memurunsesi.net\\\/index.php\\\/2025\\\/04\\\/18\\\/sehitler-haftasinda-duygulandiran-ziyaret-turk-bayragi-hediye-edilen-ogrenci-gozyaslarina-hakim-olamadi\\\/#breadcrumb\",\"itemListElement\":[{\"@type\":\"ListItem\",\"position\":1,\"name\":\"Anasayfa\",\"item\":\"https:\\\/\\\/memurunsesi.net\\\/\"},{\"@type\":\"ListItem\",\"position\":2,\"name\":\"\u015eehitler Haftas\u0131&#8217;nda duyguland\u0131ran ziyaret: T\u00fcrk bayra\u011f\u0131 hediye edilen \u00f6\u011frenci g\u00f6zya\u015flar\u0131na hakim olamad\u0131\"}]},{\"@type\":\"WebSite\",\"@id\":\"https:\\\/\\\/memurunsesi.net\\\/#website\",\"url\":\"https:\\\/\\\/memurunsesi.net\\\/\",\"name\":\"Memurun Sesi\",\"description\":\"G\u00fcncel ve Do\u011fru Haber\",\"publisher\":{\"@id\":\"https:\\\/\\\/memurunsesi.net\\\/#organization\"},\"potentialAction\":[{\"@type\":\"SearchAction\",\"target\":{\"@type\":\"EntryPoint\",\"urlTemplate\":\"https:\\\/\\\/memurunsesi.net\\\/?s={search_term_string}\"},\"query-input\":{\"@type\":\"PropertyValueSpecification\",\"valueRequired\":true,\"valueName\":\"search_term_string\"}}],\"inLanguage\":\"tr\"},{\"@type\":\"Organization\",\"@id\":\"https:\\\/\\\/memurunsesi.net\\\/#organization\",\"name\":\"Memurun Sesi\",\"url\":\"https:\\\/\\\/memurunsesi.net\\\/\",\"logo\":{\"@type\":\"ImageObject\",\"inLanguage\":\"tr\",\"@id\":\"https:\\\/\\\/memurunsesi.net\\\/#\\\/schema\\\/logo\\\/image\\\/\",\"url\":\"https:\\\/\\\/memurunsesi.net\\\/wp-content\\\/uploads\\\/2025\\\/11\\\/cropped-MEMURUN-SESI.png\",\"contentUrl\":\"https:\\\/\\\/memurunsesi.net\\\/wp-content\\\/uploads\\\/2025\\\/11\\\/cropped-MEMURUN-SESI.png\",\"width\":238,\"height\":57,\"caption\":\"Memurun Sesi\"},\"image\":{\"@id\":\"https:\\\/\\\/memurunsesi.net\\\/#\\\/schema\\\/logo\\\/image\\\/\"},\"sameAs\":[\"https:\\\/\\\/www.facebook.com\\\/unipersen\\\/?locale=tr_TR\",\"https:\\\/\\\/x.com\\\/unipersen\"]},{\"@type\":\"Person\",\"@id\":\"https:\\\/\\\/memurunsesi.net\\\/#\\\/schema\\\/person\\\/f21c2d73b89f6ee1d80b0a1803e38587\",\"name\":\"Memurun Sesi Haber Merkezi\",\"image\":{\"@type\":\"ImageObject\",\"inLanguage\":\"tr\",\"@id\":\"https:\\\/\\\/secure.gravatar.com\\\/avatar\\\/6cf0505f452ee753f485014986fab09a434671d2b919ee76fc541025c5876a70?s=96&d=mm&r=g\",\"url\":\"https:\\\/\\\/secure.gravatar.com\\\/avatar\\\/6cf0505f452ee753f485014986fab09a434671d2b919ee76fc541025c5876a70?s=96&d=mm&r=g\",\"contentUrl\":\"https:\\\/\\\/secure.gravatar.com\\\/avatar\\\/6cf0505f452ee753f485014986fab09a434671d2b919ee76fc541025c5876a70?s=96&d=mm&r=g\",\"caption\":\"Memurun Sesi Haber Merkezi\"},\"sameAs\":[\"https:\\\/\\\/memurunsesi.net\"],\"url\":\"https:\\\/\\\/memurunsesi.net\\\/index.php\\\/author\\\/uniper\\\/\"}]}<\/script>\n<!-- \/ Yoast SEO plugin. -->","yoast_head_json":{"title":"\u015eehitler Haftas\u0131'nda duyguland\u0131ran ziyaret: T\u00fcrk bayra\u011f\u0131 hediye edilen \u00f6\u011frenci g\u00f6zya\u015flar\u0131na hakim olamad\u0131 - Memurun Sesi","robots":{"index":"index","follow":"follow","max-snippet":"max-snippet:-1","max-image-preview":"max-image-preview:large","max-video-preview":"max-video-preview:-1"},"canonical":"https:\/\/memurunsesi.net\/index.php\/2025\/04\/18\/sehitler-haftasinda-duygulandiran-ziyaret-turk-bayragi-hediye-edilen-ogrenci-gozyaslarina-hakim-olamadi\/","og_locale":"tr_TR","og_type":"article","og_title":"\u015eehitler Haftas\u0131'nda duyguland\u0131ran ziyaret: T\u00fcrk bayra\u011f\u0131 hediye edilen \u00f6\u011frenci g\u00f6zya\u015flar\u0131na hakim olamad\u0131 - Memurun Sesi","og_description":"\u00c7orum&#8217;un \u0130skilip il\u00e7esinde 14-20 Nisan \u015eehitler Haftas\u0131 dolay\u0131s\u0131yla d\u00fczenlenen programda T\u00fcrk bayra\u011f\u0131 hediye edilen \u00f6\u011frencilerden biri duygusal anlar ya\u015fad\u0131. \u0130skilip Belediyesi ile T\u00fcrkiye Harp Malul\u00fc \u015eehit Gazi Dul ve Yetimler Derne\u011fi i\u015f birli\u011finde, il\u00e7edeki ilk\u00f6\u011fretim okullar\u0131 ziyaret edilerek, \u00f6zellikle 3. s\u0131n\u0131f \u00f6\u011frencilerine \u00f6zel haz\u0131rlanan e\u011fitim setleri da\u011f\u0131t\u0131ld\u0131. Ziyaretlerde \u00f6\u011frencilere \u015eehitler Haftas\u0131&#8217;n\u0131n anlam ve \u00f6nemi anlat\u0131ld\u0131. [&hellip;]","og_url":"https:\/\/memurunsesi.net\/index.php\/2025\/04\/18\/sehitler-haftasinda-duygulandiran-ziyaret-turk-bayragi-hediye-edilen-ogrenci-gozyaslarina-hakim-olamadi\/","og_site_name":"Memurun Sesi","article_publisher":"https:\/\/www.facebook.com\/unipersen\/?locale=tr_TR","article_published_time":"2025-04-18T16:31:28+00:00","og_image":[{"width":1711,"height":1344,"url":"https:\/\/memurunsesi.net\/wp-content\/uploads\/2025\/04\/AW435911_01.jpg","type":"image\/jpeg"}],"author":"Memurun Sesi Haber Merkezi","twitter_card":"summary_large_image","twitter_creator":"@unipersen","twitter_site":"@unipersen","twitter_misc":{"Yazan:":"Memurun Sesi Haber Merkezi","Tahmini okuma s\u00fcresi":"1 dakika"},"schema":{"@context":"https:\/\/schema.org","@graph":[{"@type":"Article","@id":"https:\/\/memurunsesi.net\/index.php\/2025\/04\/18\/sehitler-haftasinda-duygulandiran-ziyaret-turk-bayragi-hediye-edilen-ogrenci-gozyaslarina-hakim-olamadi\/#article","isPartOf":{"@id":"https:\/\/memurunsesi.net\/index.php\/2025\/04\/18\/sehitler-haftasinda-duygulandiran-ziyaret-turk-bayragi-hediye-edilen-ogrenci-gozyaslarina-hakim-olamadi\/"},"author":{"name":"Memurun Sesi Haber Merkezi","@id":"https:\/\/memurunsesi.net\/#\/schema\/person\/f21c2d73b89f6ee1d80b0a1803e38587"},"headline":"\u015eehitler Haftas\u0131&#8217;nda duyguland\u0131ran ziyaret: T\u00fcrk bayra\u011f\u0131 hediye edilen \u00f6\u011frenci g\u00f6zya\u015flar\u0131na hakim olamad\u0131","datePublished":"2025-04-18T16:31:28+00:00","mainEntityOfPage":{"@id":"https:\/\/memurunsesi.net\/index.php\/2025\/04\/18\/sehitler-haftasinda-duygulandiran-ziyaret-turk-bayragi-hediye-edilen-ogrenci-gozyaslarina-hakim-olamadi\/"},"wordCount":233,"commentCount":0,"publisher":{"@id":"https:\/\/memurunsesi.net\/#organization"},"image":{"@id":"https:\/\/memurunsesi.net\/index.php\/2025\/04\/18\/sehitler-haftasinda-duygulandiran-ziyaret-turk-bayragi-hediye-edilen-ogrenci-gozyaslarina-hakim-olamadi\/#primaryimage"},"thumbnailUrl":"https:\/\/memurunsesi.net\/wp-content\/uploads\/2025\/04\/AW435911_01.jpg","articleSection":["G\u00fcndem"],"inLanguage":"tr","potentialAction":[{"@type":"CommentAction","name":"Comment","target":["https:\/\/memurunsesi.net\/index.php\/2025\/04\/18\/sehitler-haftasinda-duygulandiran-ziyaret-turk-bayragi-hediye-edilen-ogrenci-gozyaslarina-hakim-olamadi\/#respond"]}]},{"@type":"WebPage","@id":"https:\/\/memurunsesi.net\/index.php\/2025\/04\/18\/sehitler-haftasinda-duygulandiran-ziyaret-turk-bayragi-hediye-edilen-ogrenci-gozyaslarina-hakim-olamadi\/","url":"https:\/\/memurunsesi.net\/index.php\/2025\/04\/18\/sehitler-haftasinda-duygulandiran-ziyaret-turk-bayragi-hediye-edilen-ogrenci-gozyaslarina-hakim-olamadi\/","name":"\u015eehitler Haftas\u0131'nda duyguland\u0131ran ziyaret: T\u00fcrk bayra\u011f\u0131 hediye edilen \u00f6\u011frenci g\u00f6zya\u015flar\u0131na hakim olamad\u0131 - Memurun Sesi","isPartOf":{"@id":"https:\/\/memurunsesi.net\/#website"},"primaryImageOfPage":{"@id":"https:\/\/memurunsesi.net\/index.php\/2025\/04\/18\/sehitler-haftasinda-duygulandiran-ziyaret-turk-bayragi-hediye-edilen-ogrenci-gozyaslarina-hakim-olamadi\/#primaryimage"},"image":{"@id":"https:\/\/memurunsesi.net\/index.php\/2025\/04\/18\/sehitler-haftasinda-duygulandiran-ziyaret-turk-bayragi-hediye-edilen-ogrenci-gozyaslarina-hakim-olamadi\/#primaryimage"},"thumbnailUrl":"https:\/\/memurunsesi.net\/wp-content\/uploads\/2025\/04\/AW435911_01.jpg","datePublished":"2025-04-18T16:31:28+00:00","breadcrumb":{"@id":"https:\/\/memurunsesi.net\/index.php\/2025\/04\/18\/sehitler-haftasinda-duygulandiran-ziyaret-turk-bayragi-hediye-edilen-ogrenci-gozyaslarina-hakim-olamadi\/#breadcrumb"},"inLanguage":"tr","potentialAction":[{"@type":"ReadAction","target":["https:\/\/memurunsesi.net\/index.php\/2025\/04\/18\/sehitler-haftasinda-duygulandiran-ziyaret-turk-bayragi-hediye-edilen-ogrenci-gozyaslarina-hakim-olamadi\/"]}]},{"@type":"ImageObject","inLanguage":"tr","@id":"https:\/\/memurunsesi.net\/index.php\/2025\/04\/18\/sehitler-haftasinda-duygulandiran-ziyaret-turk-bayragi-hediye-edilen-ogrenci-gozyaslarina-hakim-olamadi\/#primaryimage","url":"https:\/\/memurunsesi.net\/wp-content\/uploads\/2025\/04\/AW435911_01.jpg","contentUrl":"https:\/\/memurunsesi.net\/wp-content\/uploads\/2025\/04\/AW435911_01.jpg","width":1711,"height":1344,"caption":"HMN \u00c7ORUM'DA \u015eEH\u0130TLER HAFTASI ANISINA ETK\u0130NL\u0130K D\u00dcZENLEND\u0130 (FOTO\u011eRAFLI) B\u0130LAL ARICI \u00c7ORUM (\u0130HA) - \u00c7ORUM'UN \u0130L\u00c7ES\u0130 \u0130SK\u0130L\u0130P'TE 14-20 N\u0130SAN \u015eEH\u0130TLER HAFTASI DOLAYISIYLA D\u00dcZENLENEN PROGRAM \u0130LE DUYGU DOLU ANLAR YA\u015eANDI. \u0130SK\u0130L\u0130P BELED\u0130YES\u0130 \u0130LE T\u00dcRK\u0130YE HARP MALUL\u00dc \u015eEH\u0130T GAZ\u0130 DUL VE YET\u0130MLER DERNE\u011e\u0130 \u0130\u015e B\u0130RL\u0130\u011e\u0130NDE ANLAMLI B\u0130R ETK\u0130NL\u0130K GER\u00c7EKLE\u015eT\u0130R\u0130LD\u0130. ETK\u0130NL\u0130K KAPSAMINDA \u0130L\u00c7EDEK\u0130 \u0130LK\u00d6\u011eRET\u0130M OKULLARI Z\u0130YARET ED\u0130LEREK, \u00d6ZELL\u0130KLE 3. SINIF \u00d6\u011eRENC\u0130LER\u0130NE \u00d6ZEL HAZIRLANAN E\u011e\u0130T\u0130M SETLER\u0130 DA\u011eITILDI. Z\u0130YARETLERDE \u00d6\u011eRENC\u0130LERE \u015eEH\u0130TLER HAFTASI'NIN ANLAM VE \u00d6NEM\u0130 ANLATILDI, M\u0130LL\u0130 VE MANEV\u0130 DE\u011eERLER \u00dcZER\u0130NE SOHBETLER YAPILDI. \u0130SK\u0130L\u0130P BELED\u0130YE BA\u015eKANI \u0130SMA\u0130L \u00c7\u0130Z\u0130KC\u0130, \u00c7OCUKLARLA SAM\u0130M\u0130 B\u0130R D\u0130YALOG KURARAK \"NASILSINIZ?\" D\u0130YE SORDU. \u00c7OCUKLARDAN GELEN \"\u0130Y\u0130Y\u0130Z\" CEVABI \u00dcZER\u0130NE, \"B\u0130Z DE \u0130Y\u0130Y\u0130Z, S\u0130ZLER\u0130 G\u00d6R\u00dcNCE MUTLU OLDUK. BURAYA NEDEN GELD\u0130\u011e\u0130M\u0130Z\u0130 B\u0130L\u0130YOR MUSUNUZ?\" \u015eEKL\u0130NDE SOHBET\u0130 S\u00dcRD\u00dcRD\u00dc. ARDINDAN, \"\u015eEH\u0130T K\u0130ME DEN\u0130R?\" SORUSUNU Y\u00d6NELTT\u0130. \u00d6\u011eRENC\u0130LERDEN GELEN \"VATANIMIZ, BAYRA\u011eIMIZ VE \u0130ST\u0130KBAL\u0130M\u0130Z \u0130\u00c7\u0130N CANINI VEREN K\u0130\u015e\u0130LERE \u015eEH\u0130T DEN\u0130R\" CEVABINI \u0130SE MEMNUN\u0130YETLE ONAYLADI: \"EVET, ASKER\u0130M\u0130Z, POL\u0130S\u0130M\u0130Z, \u00d6\u011eRETMEN\u0130M\u0130Z VE B\u0130R\u00c7OK MESLEKTEN \u0130NSAN, BU DE\u011eERLER U\u011eRUNA CANLARINI FEDA ETT\u0130KLER\u0130NDE \u015eEH\u0130T OLURLAR\" DED\u0130. DAHA SONRA \u00d6\u011eRENC\u0130LERE H\u0130TABEN B\u0130RKA\u00c7 KEL\u0130ME \u0130LE BU PROGRAMIN \u00d6NEM\u0130NE D\u0130KKAT \u00c7EKEN DERNEK BA\u015eKANI GAL\u0130P DEN\u0130Z \"\u015eEH\u0130T AB\u0130LER\u0130N\u0130Z\u0130N S\u0130ZLERE HED\u0130YELER\u0130 VAR. ONLARIN S\u0130ZDEN TEK \u0130STE\u011e\u0130; BOL BOL DUA ETMEN\u0130Z VE DERSLER\u0130N\u0130ZE SIKI SIKIYA \u00c7ALI\u015eMANIZ. \u015eEH\u0130TLER\u0130M\u0130Z S\u0130ZDEN S\u00d6Z \u0130ST\u0130YOR. S\u00d6Z VER\u0130YOR MUSUNUZ?\" DED\u0130. \u00c7OCUKLAR HEP B\u0130R A\u011eIZDAN \"S\u00d6Z!\" D\u0130YEREK KAR\u015eILIK VERD\u0130. ETK\u0130NL\u0130KTE HED\u0130YELER, PROTOKOL \u00dcYELER\u0130 TARAFINDAN \u00d6\u011eRENC\u0130LERE TAKD\u0130M ED\u0130LD\u0130. DUYGUSAL ANLARA SAHNE OLAN PROGRAMDA, JANDARMA \u00dcSTE\u011eMEN HAKAN G\u00dcVEN'\u0130N K\u00dc\u00c7\u00dcK B\u0130R KIZA T\u00dcRK BAYRA\u011eI HED\u0130YE ETT\u0130\u011e\u0130 SIRADA M\u0130N\u0130K \u00d6\u011eRENC\u0130N\u0130N G\u00d6ZYA\u015eLARINA BO\u011eULMASI D\u0130KKAT \u00c7EKT\u0130. \u00dcSTE\u011eMEN G\u00dcVEN, DUYGULANAN \u00c7OCU\u011eU TESELL\u0130 EDEREK ONA SARILDI. PROGRAM, \u00d6\u011eRENC\u0130LERE HEM DUYGUSAL HEM DE B\u0130L\u0130N\u00c7LEND\u0130R\u0130C\u0130 B\u0130R DENEY\u0130M SUNARAK, ONLARIN M\u0130LL\u0130 VE MANEV\u0130 DE\u011eERLERE OLAN BA\u011eLILIKLARINI G\u00dc\u00c7LEND\u0130RD\u0130. KATILIMCILAR, \u015eEH\u0130TLER HAFTASI'NIN MANEV\u0130 ATMOSFER\u0130N\u0130 \u00c7OCUKLARLA B\u0130RL\u0130KTE PAYLA\u015eMANIN \u00d6NEM\u0130NE VURGU YAPTI. PROGRAMA \u0130SK\u0130L\u0130P BELED\u0130YE BA\u015eKANI \u0130SMA\u0130L \u00c7\u0130Z\u0130KC\u0130, DERNEK BA\u015eKANI VE 2016 YILINDA \u015eEH\u0130T D\u00dc\u015eEN BEK\u0130R EREN DEN\u0130Z'\u0130N BABASI GAL\u0130P DEN\u0130Z, \u015eEH\u0130T HAB\u0130B G\u00d6K\u00c7E'N\u0130N AB\u0130S\u0130 DURSUN TAN, \u0130SK\u0130L\u0130P JANDARMA KOMUTANI \u00dcSTE\u011eMEN HAKAN G\u00dcVEN, \u0130SK\u0130L\u0130P EMN\u0130YET M\u00dcD\u00dcR\u00dc \u00d6NDER \u0130STANBUL VE \u0130L\u00c7E M\u0130LL\u0130 E\u011e\u0130T\u0130M \u015eUBE M\u00dcD\u00dcR\u00dc S\u00dcLEYMAN G\u00d6KO\u011eLU KATILDI. (MCK (B\u0130LAL ARICI\/\u00c7ORUM-\u0130HA) \u00c7orum'un \u0130skilip il\u00e7esinde 14-20 Nisan \u015eehitler Haftas\u0131 dolay\u0131s\u0131yla d\u00fczenlenen programda T\u00fcrk bayra\u011f\u0131 hediye edilen \u00f6\u011frencilerden biri duygusal anlar ya\u015fad\u0131."},{"@type":"BreadcrumbList","@id":"https:\/\/memurunsesi.net\/index.php\/2025\/04\/18\/sehitler-haftasinda-duygulandiran-ziyaret-turk-bayragi-hediye-edilen-ogrenci-gozyaslarina-hakim-olamadi\/#breadcrumb","itemListElement":[{"@type":"ListItem","position":1,"name":"Anasayfa","item":"https:\/\/memurunsesi.net\/"},{"@type":"ListItem","position":2,"name":"\u015eehitler Haftas\u0131&#8217;nda duyguland\u0131ran ziyaret: T\u00fcrk bayra\u011f\u0131 hediye edilen \u00f6\u011frenci g\u00f6zya\u015flar\u0131na hakim olamad\u0131"}]},{"@type":"WebSite","@id":"https:\/\/memurunsesi.net\/#website","url":"https:\/\/memurunsesi.net\/","name":"Memurun Sesi","description":"G\u00fcncel ve Do\u011fru Haber","publisher":{"@id":"https:\/\/memurunsesi.net\/#organization"},"potentialAction":[{"@type":"SearchAction","target":{"@type":"EntryPoint","urlTemplate":"https:\/\/memurunsesi.net\/?s={search_term_string}"},"query-input":{"@type":"PropertyValueSpecification","valueRequired":true,"valueName":"search_term_string"}}],"inLanguage":"tr"},{"@type":"Organization","@id":"https:\/\/memurunsesi.net\/#organization","name":"Memurun Sesi","url":"https:\/\/memurunsesi.net\/","logo":{"@type":"ImageObject","inLanguage":"tr","@id":"https:\/\/memurunsesi.net\/#\/schema\/logo\/image\/","url":"https:\/\/memurunsesi.net\/wp-content\/uploads\/2025\/11\/cropped-MEMURUN-SESI.png","contentUrl":"https:\/\/memurunsesi.net\/wp-content\/uploads\/2025\/11\/cropped-MEMURUN-SESI.png","width":238,"height":57,"caption":"Memurun Sesi"},"image":{"@id":"https:\/\/memurunsesi.net\/#\/schema\/logo\/image\/"},"sameAs":["https:\/\/www.facebook.com\/unipersen\/?locale=tr_TR","https:\/\/x.com\/unipersen"]},{"@type":"Person","@id":"https:\/\/memurunsesi.net\/#\/schema\/person\/f21c2d73b89f6ee1d80b0a1803e38587","name":"Memurun Sesi Haber Merkezi","image":{"@type":"ImageObject","inLanguage":"tr","@id":"https:\/\/secure.gravatar.com\/avatar\/6cf0505f452ee753f485014986fab09a434671d2b919ee76fc541025c5876a70?s=96&d=mm&r=g","url":"https:\/\/secure.gravatar.com\/avatar\/6cf0505f452ee753f485014986fab09a434671d2b919ee76fc541025c5876a70?s=96&d=mm&r=g","contentUrl":"https:\/\/secure.gravatar.com\/avatar\/6cf0505f452ee753f485014986fab09a434671d2b919ee76fc541025c5876a70?s=96&d=mm&r=g","caption":"Memurun Sesi Haber Merkezi"},"sameAs":["https:\/\/memurunsesi.net"],"url":"https:\/\/memurunsesi.net\/index.php\/author\/uniper\/"}]}},"_links":{"self":[{"href":"https:\/\/memurunsesi.net\/index.php\/wp-json\/wp\/v2\/posts\/5537","targetHints":{"allow":["GET"]}}],"collection":[{"href":"https:\/\/memurunsesi.net\/index.php\/wp-json\/wp\/v2\/posts"}],"about":[{"href":"https:\/\/memurunsesi.net\/index.php\/wp-json\/wp\/v2\/types\/post"}],"author":[{"embeddable":true,"href":"https:\/\/memurunsesi.net\/index.php\/wp-json\/wp\/v2\/users\/1"}],"replies":[{"embeddable":true,"href":"https:\/\/memurunsesi.net\/index.php\/wp-json\/wp\/v2\/comments?post=5537"}],"version-history":[{"count":1,"href":"https:\/\/memurunsesi.net\/index.php\/wp-json\/wp\/v2\/posts\/5537\/revisions"}],"predecessor-version":[{"id":5539,"href":"https:\/\/memurunsesi.net\/index.php\/wp-json\/wp\/v2\/posts\/5537\/revisions\/5539"}],"wp:featuredmedia":[{"embeddable":true,"href":"https:\/\/memurunsesi.net\/index.php\/wp-json\/wp\/v2\/media\/5538"}],"wp:attachment":[{"href":"https:\/\/memurunsesi.net\/index.php\/wp-json\/wp\/v2\/media?parent=5537"}],"wp:term":[{"taxonomy":"category","embeddable":true,"href":"https:\/\/memurunsesi.net\/index.php\/wp-json\/wp\/v2\/categories?post=5537"},{"taxonomy":"post_tag","embeddable":true,"href":"https:\/\/memurunsesi.net\/index.php\/wp-json\/wp\/v2\/tags?post=5537"}],"curies":[{"name":"wp","href":"https:\/\/api.w.org\/{rel}","templated":true}]}}