{"id":5585,"date":"2025-04-19T09:49:25","date_gmt":"2025-04-19T06:49:25","guid":{"rendered":"https:\/\/memurunsesi.net\/?p=5585"},"modified":"2025-04-19T09:49:25","modified_gmt":"2025-04-19T06:49:25","slug":"mersin-buyuksehir-belediye-baskanligindan","status":"publish","type":"post","link":"https:\/\/memurunsesi.net\/index.php\/2025\/04\/19\/mersin-buyuksehir-belediye-baskanligindan\/","title":{"rendered":"Mersin B\u00fcy\u00fck\u015fehir Belediye Ba\u015fkanl\u0131\u011f\u0131ndan:"},"content":{"rendered":"<p>\u0130LK DEFA ATANMAK \u00dcZERE \u0130TFA\u0130YE ER\u0130 ALIM \u0130LANI<br \/>\nMersin   B\u00fcy\u00fck\u015fehir   Belediye   Ba\u015fkanl\u0131\u011f\u0131   b\u00fcnyesinde   657   say\u0131l\u0131   Devlet   Memurlar\u0131 Kanununa  tabi  olarak  istihdam  edilmek  \u00fczere;  Belediye  \u0130tfaiye Y\u00f6netmeli\u011fi  h\u00fck\u00fcmlerine  g\u00f6re a\u015fa\u011f\u0131da  unvan\u0131,  s\u0131n\u0131f\u0131,  derecesi, adedi,  nitelikleri,  KPSS  puan  t\u00fcr\u00fc,  KPSS  taban  puan\u0131  ve  di\u011fer \u015fartlar\u0131 ta\u015f\u0131mak kayd\u0131yla belirtilen bo\u015f kadrolara a\u00e7\u0131ktan atama yoluyla itfaiye eri al\u0131nacakt\u0131r.<br \/>\nS\u0131ra No\tKadro \u00dcnvan\u0131\tHizmet S\u0131n\u0131f\u0131\tKadro Derecesi\tKadro Adedi\tNiteli\u011fi\tCinsiyeti\tKPSS<br \/>\nPuan T\u00fcr\u00fc\tKPSS<br \/>\nPuan\u0131<br \/>\n1\t\u0130tfaiye Eri\tG\u0130H\t10\t90\t-\u0130tfaiyecilik ve Sivil Savunma, \u0130tfaiyecilik ve Yang\u0131n G\u00fcvenli\u011fi, Sivil Savunma ve \u0130tfaiyecilik \u00f6nlisans programlar\u0131n\u0131n birinden mezun olmak<br \/>\n-En az (C) s\u0131n\u0131f\u0131 s\u00fcr\u00fcc\u00fc belgesine sahip olmak\tErkek\/Kad\u0131n\tP93\tEn az 60<br \/>\nPuan<\/p>\n<p>BA\u015eVURU GENEL VE \u00d6ZEL \u015eARTLARI:<br \/>\nMersin B\u00fcy\u00fck\u015fehir Belediye Ba\u015fkanl\u0131\u011f\u0131n\u0131n bo\u015f bulunan itfaiye eri kadrolar\u0131 i\u00e7in yap\u0131lacak ba\u015fvurularda aranan genel ve \u00f6zel \u015fartlar a\u015fa\u011f\u0131dad\u0131r.<\/p>\n<p>1- BA\u015eVURU GENEL \u015eARTLARI:<br \/>\n\u0130lan  edilen  bo\u015f  itfaiye  eri  kadrolar\u0131na  atanmak  i\u00e7in  ba\u015fvuracak  adaylar\u0131n,  657  say\u0131l\u0131 Devlet  Memurlar\u0131  Kanununun  40  \u0131nc\u0131  maddesi  ile  48  inci  maddesinin birinci  f\u0131kras\u0131n\u0131n  (A) bendinde belirtilen a\u015fa\u011f\u0131daki \u015fartlara sahip olmalar\u0131 gerekmektedir;<br \/>\n1. T\u00fcrk vatanda\u015f\u0131 olmak<br \/>\n2. Kamu haklar\u0131ndan mahrum bulunmamak<br \/>\n3. T\u00fcrk Ceza Kanununun 53 \u00fcnc\u00fc maddesinde belirtilen s\u00fcreler ge\u00e7mi\u015f olsa bile; kasten i\u015flenen bir su\u00e7tan dolay\u0131 bir y\u0131l veya daha fazla s\u00fcreyle hapis cezas\u0131na ya da affa u\u011fram\u0131\u015f olsa bile devletin g\u00fcvenli\u011fine kar\u015f\u0131 su\u00e7lar, Anayasal d\u00fczene ve bu d\u00fczenin i\u015fleyi\u015fine kar\u015f\u0131 su\u00e7lar, zimmet, irtik\u00e2p,  r\u00fc\u015fvet,  h\u0131rs\u0131zl\u0131k,  doland\u0131r\u0131c\u0131l\u0131k, sahtecilik,  g\u00fcveni  k\u00f6t\u00fcye  kullanma,  hileli  iflas,  ihaleye fesat kar\u0131\u015ft\u0131rma, edimin ifas\u0131na fesat kar\u0131\u015ft\u0131rma, su\u00e7tan kaynaklanan malvarl\u0131\u011f\u0131 de\u011ferlerini aklama veya ka\u00e7ak\u00e7\u0131l\u0131k su\u00e7lar\u0131ndan mahk\u00fbm olmamak<br \/>\n4. Erkek  adaylar  i\u00e7in  askerlik  durumu  itibariyle;  askerlikle  ilgisi  bulunmamak  veya askerlik \u00e7a\u011f\u0131na gelmemi\u015f bulunmak ya da askerlik \u00e7a\u011f\u0131na gelmi\u015f ise muvazzaf askerlik hizmetini yapm\u0131\u015f yahut ertelenmi\u015f veya yedek s\u0131n\u0131fa ge\u00e7irilmi\u015f olmak<br \/>\n5. G\u00f6revini devaml\u0131 yapmas\u0131na engel olabilecek ak\u0131l hastal\u0131\u011f\u0131 bulunmamak,<br \/>\n6. \u0130lan edilen kadrolar i\u00e7in aranan di\u011fer ba\u015fvuru \u015fartlar\u0131n\u0131 ta\u015f\u0131mak.<\/p>\n<p>2- BA\u015eVURU \u00d6ZEL \u015eARTLARI:<br \/>\n1. \u0130lan edilen kadrolar i\u00e7in, mezun olunan okul itibariyle \u00f6\u011frenim \u015fartlar\u0131n\u0131 ta\u015f\u0131mak ve bu \u00f6\u011frenimle  ilgili  olarak  2024  y\u0131l\u0131  Kamu  Personeli  Se\u00e7me  S\u0131nav\u0131ndan (KPSS  (B)  grubu)  al\u0131m yap\u0131lacak kadrolar\u0131n kar\u015f\u0131s\u0131ndaki puan t\u00fcr\u00fcnden, belirtilen asgari KPSS puan\u0131n\u0131 alm\u0131\u015f olmak,<br \/>\n2. 657 say\u0131l\u0131 Kanunun 48 inci maddesinin (A) f\u0131kras\u0131nda belirtilen genel \u015fartlar\u0131n yan\u0131 s\u0131ra Belediye  \u0130tfaiye  Y\u00f6netmeli\u011finin  15\/A  maddesindeki  \u00f6zel  \u015fartlara  g\u00f6re itfaiye  eri  kadrolar\u0131na ba\u015fvuru  yap\u0131labilmesi  i\u00e7in;  tart\u0131lma ve  \u00f6l\u00e7\u00fclme  a\u00e7  karn\u0131na,  soyunuk  ve  \u00e7\u0131plak  ayakla  olmak kayd\u0131yla  erkeklerde en  az 1.67 metre, kad\u0131nlarda en  az 1.60  metre boyunda olmak  ve boyun  1 metreden fazla olan k\u0131sm\u0131 ile kilosu aras\u0131nda (+,-) 10 kilogramdan fazla fark olmamas\u0131, (Boy ve kilo tespitleri Belediyemizce yap\u0131lacakt\u0131r.)<br \/>\n3. S\u0131nav\u0131n yap\u0131ld\u0131\u011f\u0131 tarihte 30 ya\u015f\u0131n\u0131 doldurmam\u0131\u015f olmak,<br \/>\n4. Sa\u011fl\u0131k  a\u00e7\u0131s\u0131ndan  kapal\u0131  mek\u00e2n,  dar  alan  ve  y\u00fckseklik  gibi  fobisi  olmamak  kayd\u0131yla itfaiye te\u015fkilat\u0131n\u0131n \u00e7al\u0131\u015fma \u015fartlar\u0131na uygun olmak,<br \/>\n5. Daha   \u00f6nce   \u00e7al\u0131\u015ft\u0131\u011f\u0131   kamu   kurum   ve   kurulu\u015flar\u0131ndan   disiplinsizlik   veya   ahlaki nedenlerle \u00e7\u0131kar\u0131lm\u0131\u015f olmamak,&#8221;<br \/>\n6. 13\/10\/1983 tarihli ve 2918 say\u0131l\u0131  Karayollar\u0131  Trafik Kanunu h\u00fck\u00fcmlerince verilen ve tablonun nitelik k\u0131sm\u0131nda belirtilen en az (C) s\u0131n\u0131f\u0131 s\u00fcr\u00fcc\u00fc belgesine sahip olmak.<\/p>\n<p>3- BA\u015eVURU ESNASINDA ADAYLARDAN \u0130STEN\u0130LEN BELGELER:<br \/>\nBa\u015fvuru s\u0131ras\u0131nda;<br \/>\nS\u0131nava  girmek  isteyen  adaylar,  Kurumumuzdan  veya  Belediyemizin  www.mersin.bel.tr adresi  \u00fczerinden  temin  edecekleri  ba\u015fvuru  formunu  doldurup, imzalayarak  ba\u015fvuru  formuna a\u015fa\u011f\u0131daki belgeleri ekleyeceklerdir.<br \/>\n1. N\u00fcfus c\u00fczdan\u0131 veya kimlik kart\u0131n\u0131n asl\u0131 ve fotokopisi ya da barkodlu\/karekodlu ge\u00e7ici kimlik belgesi, (Asl\u0131 ibraz edilmek kayd\u0131yla suretleri Belediyemizce tasdik edilebilir)<br \/>\n2. Diploma veya Mezuniyet belgesinin asl\u0131, noter onayl\u0131 \u00f6rne\u011fi veya e-devlet \u00fczerinden al\u0131nm\u0131\u015f karekodlu mezuniyet belgesi,(Asl\u0131 ibraz edilmek kayd\u0131yla suretleri Belediyemizce tasdik edilebilir.)<br \/>\n3. Yabanc\u0131  Okul  Mezunlar\u0131  i\u00e7in  Denklik Belgesinin  asl\u0131  veya noter onayl\u0131  \u00f6rne\u011fi,  (Asl\u0131 ibraz edilmek kayd\u0131yla suretleri Belediyemizce tasdik edilebilir.)<br \/>\n4. S\u00fcr\u00fcc\u00fc  belgesinin  asl\u0131  ve  fotokopisi  veya  barkodlu\/karekodlu  ge\u00e7ici  s\u00fcr\u00fcc\u00fc  belgesi, (Asl\u0131 ibraz edilmek kayd\u0131yla suretleri Belediyemizce tasdik edilebilir)<br \/>\n5. KPSS Sonu\u00e7 Belgesinin \u00d6SYM sitesinden al\u0131nan do\u011frulama kodlu bilgisayar \u00e7\u0131kt\u0131s\u0131,<br \/>\n6. Son  alt\u0131  ay i\u00e7erisinde \u00e7ekilmi\u015f 2  adet  biyometrik  foto\u011fraf.  (1  adedi  ba\u015fvuru  formuna yap\u0131\u015ft\u0131r\u0131lacakt\u0131r.)<\/p>\n<p>4- BA\u015eVURU YER\u0130, TAR\u0130H\u0130, \u015eEKL\u0130 VE S\u00dcRES\u0130:<br \/>\nAdaylar, yaz\u0131l\u0131 ve uygulamal\u0131 s\u0131nava kat\u0131labilmek i\u00e7in;<br \/>\n\u2022   20\/05\/2025  \u2013  26\/05\/2025  tarihi  mesai  bitimine  kadar,  www.mersin.bel.tr  adresinden elektronik  olarak  doldurup,  \u00e7\u0131kt\u0131s\u0131n\u0131  al\u0131p,  imzalayacaklar\u0131 Ba\u015fvuru  Formu  ve  yukar\u0131da  say\u0131lan belgeler  ile birlikte; sa\u011fl\u0131k personeli  g\u00f6zetiminde  boy  ve  kilo  \u00f6l\u00e7\u00fcm\u00fc  yapmak  \u00fczere  Mersin B\u00fcy\u00fck\u015fehir Belediye  Ba\u015fkanl\u0131\u011f\u0131  \u0130tfaiye  Dairesi  Ba\u015fkanl\u0131\u011f\u0131  Ata  E\u011fitim  Merkezi  \u2013  Halkkent Mahallesi \u00c2\u015f\u0131k Veysel Bulvar\u0131 No: 3 Toroslar\/Mersin adresinde mesai g\u00fcn ve saatleri i\u00e7erisinde (08.00-12.00 ile 13.00-17.00) \u015fahsen m\u00fcracaat ederek ba\u015fvuru s\u00fcrecini tamamlayacaklard\u0131r.<br \/>\n\u2022   Ba\u015fvurular  \u015fahsen  yap\u0131lacakt\u0131r.  Posta  ve  mail  yolu  ile  veya  di\u011fer  \u015fekillerde  yap\u0131lan ba\u015fvurular kabul edilmeyecektir.<br \/>\n\u2022   Eksik  bilgi  ve  belgelerle  ya  da  nitelikleri  uygun  olmad\u0131\u011f\u0131  halde  yap\u0131lan  ba\u015fvurular Belediyemizce de\u011ferlendirmeye al\u0131nmayacakt\u0131r.<\/p>\n<p>5- BA\u015eVURULARIN DE\u011eERLEND\u0130R\u0130LMES\u0130- BA\u015eVURUSU KABUL ED\u0130LENLER\u0130N \u0130LANI:<br \/>\n1. Belediyemizce T.C. Kimlik Numaras\u0131 ile \u00d6SYM kay\u0131tlar\u0131n\u0131n uyumunu kontrol etmek suretiyle  adaylar  KPSS  puanlar\u0131na  g\u00f6re  s\u0131ralanarak,  en  y\u00fcksek  puanl\u0131 adaydan  ba\u015flamak  \u00fczere atama   yap\u0131lacak  bo\u015f  kadro   say\u0131s\u0131n\u0131n   be\u015f  kat\u0131   oran\u0131nda  aday  yaz\u0131l\u0131   ve  uygulamal\u0131   s\u0131nava \u00e7a\u011f\u0131r\u0131lacakt\u0131r.<br \/>\n2. S\u0131nava  \u00e7a\u011fr\u0131lacak  son  s\u0131radaki  adayla  ayn\u0131  puana  sahip  olan  di\u011fer  adaylar  da  s\u0131nava \u00e7a\u011fr\u0131lacakt\u0131r.<br \/>\n3. S\u0131nava  girmeye  hak  kazanan  adaylar\u0131n,  KPSS  puanlar\u0131  ile  hangi  tarihte  yaz\u0131l\u0131  ve uygulama  s\u0131nav\u0131na  girece\u011fi  s\u0131nav  yeri  ve  zaman\u0131  ba\u015fvurular\u0131n de\u011ferlendirilmesine  m\u00fcteakip 30\/05\/2025 tarihinde Belediyemizin www.mersin.bel.tr internet adresinde ilan edilecektir.<br \/>\n4. Ba\u015fvurular\u0131   kabul   edilip   s\u0131nava   \u00e7a\u011fr\u0131lan   adaylar,   Belediyemizce   d\u00fczenlenen   ve adaylar\u0131n   kimlik   bilgileri   ile   s\u0131nav   yeri   ve   tarihinin   bulundu\u011fu   \u201cS\u0131nav   Giri\u015f   Belgesi\u2019\u2019ni Belediyemizin resmi internet adresinden (www.mersin.bel.tr) temin edeceklerdir. Bu belge s\u0131nava giri\u015fte ibraz edilecektir.<br \/>\n5. S\u0131nava kat\u0131lma hakk\u0131 elde edemeyen adaylara herhangi bir bildirimde bulunulmayacakt\u0131r.<\/p>\n<p>6- SINAVIN YER\u0130, ZAMANI VE KONULARI:<br \/>\n\u0130tfaiye eri  al\u0131m\u0131  i\u00e7in  yaz\u0131l\u0131  ve uygulamal\u0131  s\u0131nav  yap\u0131lacak olup,  yaz\u0131l\u0131  s\u0131nav 17\/06\/2025 tarihinde saat 09.30\u2019da ba\u015flamak \u00fczere Yeni\u015fehir Belediyesi Atat\u00fcrk K\u00fclt\u00fcr Merkezi \u2013 Limonluk Mahallesi Ali Kaya Mutlu Caddesi No:11 Yeni\u015fehir &#8211; Mersin adresinde yap\u0131lacakt\u0131r.<br \/>\nUygulamal\u0131  s\u0131nav  18\/06\/2025  tarihinde  saat  08.00\u2019de  ba\u015flay\u0131p  27\/06\/2025  tarihinde bitmek  \u00fczere  Mersin  B\u00fcy\u00fck\u015fehir  Belediye  Ba\u015fkanl\u0131\u011f\u0131  \u0130tfaiye  Dairesi Ba\u015fkanl\u0131\u011f\u0131  Ata  E\u011fitim Merkezi \u2013 Halkkent Mahallesi \u00c2\u015f\u0131k Veysel Bulvar\u0131 No: 3 Toroslar\/Mersin adresindeki yerle\u015fkede yap\u0131lacakt\u0131r.<br \/>\nUygulamal\u0131 s\u0131nav, ayn\u0131 g\u00fcn i\u00e7erisinde bitirilemez ise ertesi g\u00fcn devam edilecektir.<br \/>\nS\u0131nava girmeye hak kazand\u0131\u011f\u0131 halde ilan edilen s\u0131nav tarihinde s\u0131nava kat\u0131lmayan ve\/veya mazeretine binaen kat\u0131lamayan adaylar, s\u0131nav hakk\u0131n\u0131 kaybetmi\u015f say\u0131lacakt\u0131r.<br \/>\nYaz\u0131l\u0131 s\u0131nav;<br \/>\na.  T\u00fcrkiye Cumhuriyeti Anayasas\u0131,<br \/>\nb.  Atat\u00fcrk \u0130lkeleri ve \u0130nk\u0131l\u00e2p Tarihi,<br \/>\nc.   657 say\u0131l\u0131 Devlet Memurlar\u0131 Kanunu,<br \/>\nd. Mahalli idarelerle ilgili temel mevzuat konular\u0131n\u0131 kapsar.<br \/>\nUygulamal\u0131  s\u0131nav,  kadro  unvan\u0131na  ili\u015fkin  mesleki  bilgi  ve  yetene\u011fin  \u00f6l\u00e7\u00fclmesi  ile  ara\u00e7 kullan\u0131m\u0131 ve fiziksel dayan\u0131kl\u0131l\u0131k gibi \u00f6zelliklerin \u00f6l\u00e7\u00fclmesini kapsayacak \u015fekilde yap\u0131lacakt\u0131r.<\/p>\n<p>7- SINAVIN DE\u011eERLEND\u0130R\u0130LMES\u0130 VE SINAV SONU\u00c7LARINA \u0130T\u0130RAZ:<br \/>\nS\u0131navda de\u011ferlendirme;<br \/>\na) Yaz\u0131l\u0131  s\u0131nav;  T\u00fcrkiye Cumhuriyeti  Anayasas\u0131,  Atat\u00fcrk \u0130lkeleri  ve  \u0130nk\u0131l\u00e2p  Tarihi,  657 say\u0131l\u0131  Devlet  Memurlar\u0131  Kanunu,  Mahalli  \u0130dareler  ile  ilgili  Temel  Mevzuat konular\u0131nda  25\u2019er puan  olmak \u00fczere toplamda  100 tam puan  \u00fczerinden  yap\u0131l\u0131r ve  s\u0131nav kurulu  \u00fcyelerince  verilen puanlar ayr\u0131 ayr\u0131 tutana\u011fa ge\u00e7irilir.<br \/>\nb) Uygulamal\u0131 s\u0131nav; 100 tam puan \u00fczerinden yap\u0131l\u0131r ve s\u0131nav kurulu \u00fcyelerince verilen<br \/>\npuanlar ayr\u0131 ayr\u0131 tutana\u011fa ge\u00e7irilir.<br \/>\nc) S\u0131navda de\u011ferlendirme; yaz\u0131l\u0131 s\u0131nav\u0131n %40\u2019\u0131, uygulamal\u0131 s\u0131nav\u0131n %60\u2019\u0131 al\u0131narak s\u0131nav puan\u0131 hesaplan\u0131r ve s\u0131nav kurulu \u00fcyelerince verilen puanlar ayr\u0131 ayr\u0131 tutana\u011fa ge\u00e7irilir. S\u0131navda ba\u015far\u0131l\u0131 say\u0131lmak i\u00e7in 100 tam puan \u00fczerinden en az 60 puan olmas\u0131 \u015fartt\u0131r.<br \/>\nd) Adaylar\u0131n atamaya esas ba\u015far\u0131 puan\u0131, Belediye taraf\u0131ndan yap\u0131lan s\u0131nav puan\u0131 ile KPSS puan\u0131n\u0131n aritmetik ortalamas\u0131 al\u0131nmak suretiyle belirlenecek ve Belediyemizin internet adresinde ilan edilecektir.<br \/>\ne) Adaylar\u0131n  atanmaya  esas  ba\u015far\u0131  puanlar\u0131n\u0131n  ayn\u0131  olmas\u0131  halinde  KPSS  puan\u0131  y\u00fcksek olana \u00f6ncelik tan\u0131n\u0131r. En y\u00fcksek ba\u015far\u0131 puan\u0131ndan ba\u015flamak \u00fczere atama yap\u0131lacak kadro say\u0131s\u0131 kadar as\u0131l aday ve as\u0131l aday say\u0131s\u0131 kadar da yedek aday belirlenecektir. As\u0131l ve yedek aday listeleri Belediyemizin  internet  adresinde (www.mersin.bel.tr)  ilan  edilecek  ve  listede  ad\u0131  yer  alanlara ayr\u0131ca yaz\u0131l\u0131 tebligat yap\u0131lacakt\u0131r.<br \/>\nf)  S\u0131nav  Kurulu;  s\u0131nav  sonunda  personel  al\u0131m\u0131  i\u00e7in  ilana  \u00e7\u0131kt\u0131\u011f\u0131  kadrolardan,  ba\u015far\u0131 puanlar\u0131n\u0131 d\u00fc\u015f\u00fck buldu\u011fu veya yeterli bulmad\u0131\u011f\u0131 takdirde s\u0131nav duyurusunda ilan edilenlerin bir k\u0131sm\u0131n\u0131 ya da hi\u00e7birini al\u0131p almama hakk\u0131na sahiptir.<br \/>\ng) Ba\u015fvuru  ve  i\u015flemler  s\u0131ras\u0131nda  ger\u00e7e\u011fe  ayk\u0131r\u0131  beyanda  bulundu\u011fu  veya  herhangi  bir \u015fekilde  ger\u00e7e\u011fi   saklad\u0131\u011f\u0131   tespit   edilenlerin   s\u0131navlar\u0131   ge\u00e7ersiz   say\u0131l\u0131r   ve  bunlar\u0131n   atamalar\u0131 yap\u0131lmaz. Bu gibi durumlar\u0131 tespit edilenlerin atamalar\u0131 yap\u0131lm\u0131\u015f olsa dahi atamalar\u0131 iptal edilir. Bu ki\u015filer hi\u00e7bir hak talep edemezler ve haklar\u0131nda Cumhuriyet Ba\u015fsavc\u0131l\u0131\u011f\u0131na su\u00e7 duyurusunda bulunulacakt\u0131r.<br \/>\nh) S\u0131nav sonu\u00e7lar\u0131na, ba\u015far\u0131 listesinin Belediyemizin internet adresinde (www.mersin.bel.tr) ilan\u0131ndan itibaren yedi g\u00fcn  i\u00e7inde  yaz\u0131l\u0131  olarak  itiraz  edilebilir.  \u0130tirazlar, s\u0131nav kurulu taraf\u0131ndan yedi g\u00fcn i\u00e7erisinde sonu\u00e7land\u0131r\u0131l\u0131r ve ilgiliye yaz\u0131l\u0131 olarak bilgi verilir.<\/p>\n","protected":false},"excerpt":{"rendered":"<p>\u0130LK DEFA ATANMAK \u00dcZERE \u0130TFA\u0130YE ER\u0130 ALIM \u0130LANI Mersin B\u00fcy\u00fck\u015fehir Belediye Ba\u015fkanl\u0131\u011f\u0131 b\u00fcnyesinde 657 say\u0131l\u0131 Devlet Memurlar\u0131 Kanununa tabi olarak istihdam edilmek \u00fczere; Belediye \u0130tfaiye Y\u00f6netmeli\u011fi h\u00fck\u00fcmlerine g\u00f6re a\u015fa\u011f\u0131da unvan\u0131, s\u0131n\u0131f\u0131, derecesi, adedi, nitelikleri, KPSS puan t\u00fcr\u00fc, KPSS taban puan\u0131 ve di\u011fer \u015fartlar\u0131 ta\u015f\u0131mak kayd\u0131yla belirtilen bo\u015f kadrolara a\u00e7\u0131ktan atama yoluyla itfaiye eri al\u0131nacakt\u0131r. S\u0131ra [&hellip;]<\/p>\n","protected":false},"author":1,"featured_media":5586,"comment_status":"open","ping_status":"open","sticky":false,"template":"","format":"standard","meta":{"footnotes":""},"categories":[1],"tags":[],"class_list":["post-5585","post","type-post","status-publish","format-standard","has-post-thumbnail","hentry","category-genel"],"yoast_head":"<!-- This site is optimized with the Yoast SEO plugin v27.4 - https:\/\/yoast.com\/product\/yoast-seo-wordpress\/ -->\n<title>Mersin B\u00fcy\u00fck\u015fehir Belediye Ba\u015fkanl\u0131\u011f\u0131ndan: - Memurun Sesi<\/title>\n<meta name=\"robots\" content=\"index, follow, max-snippet:-1, max-image-preview:large, max-video-preview:-1\" \/>\n<link rel=\"canonical\" href=\"https:\/\/memurunsesi.net\/index.php\/2025\/04\/19\/mersin-buyuksehir-belediye-baskanligindan\/\" \/>\n<meta property=\"og:locale\" content=\"tr_TR\" \/>\n<meta property=\"og:type\" content=\"article\" \/>\n<meta property=\"og:title\" content=\"Mersin B\u00fcy\u00fck\u015fehir Belediye Ba\u015fkanl\u0131\u011f\u0131ndan: - Memurun Sesi\" \/>\n<meta property=\"og:description\" content=\"\u0130LK DEFA ATANMAK \u00dcZERE \u0130TFA\u0130YE ER\u0130 ALIM \u0130LANI Mersin B\u00fcy\u00fck\u015fehir Belediye Ba\u015fkanl\u0131\u011f\u0131 b\u00fcnyesinde 657 say\u0131l\u0131 Devlet Memurlar\u0131 Kanununa tabi olarak istihdam edilmek \u00fczere; Belediye \u0130tfaiye Y\u00f6netmeli\u011fi h\u00fck\u00fcmlerine g\u00f6re a\u015fa\u011f\u0131da unvan\u0131, s\u0131n\u0131f\u0131, derecesi, adedi, nitelikleri, KPSS puan t\u00fcr\u00fc, KPSS taban puan\u0131 ve di\u011fer \u015fartlar\u0131 ta\u015f\u0131mak kayd\u0131yla belirtilen bo\u015f kadrolara a\u00e7\u0131ktan atama yoluyla itfaiye eri al\u0131nacakt\u0131r. S\u0131ra [&hellip;]\" \/>\n<meta property=\"og:url\" content=\"https:\/\/memurunsesi.net\/index.php\/2025\/04\/19\/mersin-buyuksehir-belediye-baskanligindan\/\" \/>\n<meta property=\"og:site_name\" content=\"Memurun Sesi\" \/>\n<meta property=\"article:publisher\" content=\"https:\/\/www.facebook.com\/unipersen\/?locale=tr_TR\" \/>\n<meta property=\"article:published_time\" content=\"2025-04-19T06:49:25+00:00\" \/>\n<meta property=\"og:image\" content=\"https:\/\/memurunsesi.net\/wp-content\/uploads\/2025\/04\/Mersin_Buyuksehir_Belediyesi_logo.png\" \/>\n\t<meta property=\"og:image:width\" content=\"300\" \/>\n\t<meta property=\"og:image:height\" content=\"300\" \/>\n\t<meta property=\"og:image:type\" content=\"image\/png\" \/>\n<meta name=\"author\" content=\"Memurun Sesi Haber Merkezi\" \/>\n<meta name=\"twitter:card\" content=\"summary_large_image\" \/>\n<meta name=\"twitter:creator\" content=\"@unipersen\" \/>\n<meta name=\"twitter:site\" content=\"@unipersen\" \/>\n<meta name=\"twitter:label1\" content=\"Yazan:\" \/>\n\t<meta name=\"twitter:data1\" content=\"Memurun Sesi Haber Merkezi\" \/>\n<script type=\"application\/ld+json\" class=\"yoast-schema-graph\">{\"@context\":\"https:\\\/\\\/schema.org\",\"@graph\":[{\"@type\":\"Article\",\"@id\":\"https:\\\/\\\/memurunsesi.net\\\/index.php\\\/2025\\\/04\\\/19\\\/mersin-buyuksehir-belediye-baskanligindan\\\/#article\",\"isPartOf\":{\"@id\":\"https:\\\/\\\/memurunsesi.net\\\/index.php\\\/2025\\\/04\\\/19\\\/mersin-buyuksehir-belediye-baskanligindan\\\/\"},\"author\":{\"name\":\"Memurun Sesi Haber Merkezi\",\"@id\":\"https:\\\/\\\/memurunsesi.net\\\/#\\\/schema\\\/person\\\/f21c2d73b89f6ee1d80b0a1803e38587\"},\"headline\":\"Mersin B\u00fcy\u00fck\u015fehir Belediye Ba\u015fkanl\u0131\u011f\u0131ndan:\",\"datePublished\":\"2025-04-19T06:49:25+00:00\",\"mainEntityOfPage\":{\"@id\":\"https:\\\/\\\/memurunsesi.net\\\/index.php\\\/2025\\\/04\\\/19\\\/mersin-buyuksehir-belediye-baskanligindan\\\/\"},\"wordCount\":1807,\"commentCount\":0,\"publisher\":{\"@id\":\"https:\\\/\\\/memurunsesi.net\\\/#organization\"},\"image\":{\"@id\":\"https:\\\/\\\/memurunsesi.net\\\/index.php\\\/2025\\\/04\\\/19\\\/mersin-buyuksehir-belediye-baskanligindan\\\/#primaryimage\"},\"thumbnailUrl\":\"https:\\\/\\\/memurunsesi.net\\\/wp-content\\\/uploads\\\/2025\\\/04\\\/Mersin_Buyuksehir_Belediyesi_logo.png\",\"inLanguage\":\"tr\",\"potentialAction\":[{\"@type\":\"CommentAction\",\"name\":\"Comment\",\"target\":[\"https:\\\/\\\/memurunsesi.net\\\/index.php\\\/2025\\\/04\\\/19\\\/mersin-buyuksehir-belediye-baskanligindan\\\/#respond\"]}]},{\"@type\":\"WebPage\",\"@id\":\"https:\\\/\\\/memurunsesi.net\\\/index.php\\\/2025\\\/04\\\/19\\\/mersin-buyuksehir-belediye-baskanligindan\\\/\",\"url\":\"https:\\\/\\\/memurunsesi.net\\\/index.php\\\/2025\\\/04\\\/19\\\/mersin-buyuksehir-belediye-baskanligindan\\\/\",\"name\":\"Mersin B\u00fcy\u00fck\u015fehir Belediye Ba\u015fkanl\u0131\u011f\u0131ndan: - Memurun Sesi\",\"isPartOf\":{\"@id\":\"https:\\\/\\\/memurunsesi.net\\\/#website\"},\"primaryImageOfPage\":{\"@id\":\"https:\\\/\\\/memurunsesi.net\\\/index.php\\\/2025\\\/04\\\/19\\\/mersin-buyuksehir-belediye-baskanligindan\\\/#primaryimage\"},\"image\":{\"@id\":\"https:\\\/\\\/memurunsesi.net\\\/index.php\\\/2025\\\/04\\\/19\\\/mersin-buyuksehir-belediye-baskanligindan\\\/#primaryimage\"},\"thumbnailUrl\":\"https:\\\/\\\/memurunsesi.net\\\/wp-content\\\/uploads\\\/2025\\\/04\\\/Mersin_Buyuksehir_Belediyesi_logo.png\",\"datePublished\":\"2025-04-19T06:49:25+00:00\",\"breadcrumb\":{\"@id\":\"https:\\\/\\\/memurunsesi.net\\\/index.php\\\/2025\\\/04\\\/19\\\/mersin-buyuksehir-belediye-baskanligindan\\\/#breadcrumb\"},\"inLanguage\":\"tr\",\"potentialAction\":[{\"@type\":\"ReadAction\",\"target\":[\"https:\\\/\\\/memurunsesi.net\\\/index.php\\\/2025\\\/04\\\/19\\\/mersin-buyuksehir-belediye-baskanligindan\\\/\"]}]},{\"@type\":\"ImageObject\",\"inLanguage\":\"tr\",\"@id\":\"https:\\\/\\\/memurunsesi.net\\\/index.php\\\/2025\\\/04\\\/19\\\/mersin-buyuksehir-belediye-baskanligindan\\\/#primaryimage\",\"url\":\"https:\\\/\\\/memurunsesi.net\\\/wp-content\\\/uploads\\\/2025\\\/04\\\/Mersin_Buyuksehir_Belediyesi_logo.png\",\"contentUrl\":\"https:\\\/\\\/memurunsesi.net\\\/wp-content\\\/uploads\\\/2025\\\/04\\\/Mersin_Buyuksehir_Belediyesi_logo.png\",\"width\":300,\"height\":300},{\"@type\":\"BreadcrumbList\",\"@id\":\"https:\\\/\\\/memurunsesi.net\\\/index.php\\\/2025\\\/04\\\/19\\\/mersin-buyuksehir-belediye-baskanligindan\\\/#breadcrumb\",\"itemListElement\":[{\"@type\":\"ListItem\",\"position\":1,\"name\":\"Anasayfa\",\"item\":\"https:\\\/\\\/memurunsesi.net\\\/\"},{\"@type\":\"ListItem\",\"position\":2,\"name\":\"Mersin B\u00fcy\u00fck\u015fehir Belediye Ba\u015fkanl\u0131\u011f\u0131ndan:\"}]},{\"@type\":\"WebSite\",\"@id\":\"https:\\\/\\\/memurunsesi.net\\\/#website\",\"url\":\"https:\\\/\\\/memurunsesi.net\\\/\",\"name\":\"Memurun Sesi\",\"description\":\"G\u00fcncel ve Do\u011fru Haber\",\"publisher\":{\"@id\":\"https:\\\/\\\/memurunsesi.net\\\/#organization\"},\"potentialAction\":[{\"@type\":\"SearchAction\",\"target\":{\"@type\":\"EntryPoint\",\"urlTemplate\":\"https:\\\/\\\/memurunsesi.net\\\/?s={search_term_string}\"},\"query-input\":{\"@type\":\"PropertyValueSpecification\",\"valueRequired\":true,\"valueName\":\"search_term_string\"}}],\"inLanguage\":\"tr\"},{\"@type\":\"Organization\",\"@id\":\"https:\\\/\\\/memurunsesi.net\\\/#organization\",\"name\":\"Memurun Sesi\",\"url\":\"https:\\\/\\\/memurunsesi.net\\\/\",\"logo\":{\"@type\":\"ImageObject\",\"inLanguage\":\"tr\",\"@id\":\"https:\\\/\\\/memurunsesi.net\\\/#\\\/schema\\\/logo\\\/image\\\/\",\"url\":\"https:\\\/\\\/memurunsesi.net\\\/wp-content\\\/uploads\\\/2025\\\/11\\\/cropped-MEMURUN-SESI.png\",\"contentUrl\":\"https:\\\/\\\/memurunsesi.net\\\/wp-content\\\/uploads\\\/2025\\\/11\\\/cropped-MEMURUN-SESI.png\",\"width\":238,\"height\":57,\"caption\":\"Memurun Sesi\"},\"image\":{\"@id\":\"https:\\\/\\\/memurunsesi.net\\\/#\\\/schema\\\/logo\\\/image\\\/\"},\"sameAs\":[\"https:\\\/\\\/www.facebook.com\\\/unipersen\\\/?locale=tr_TR\",\"https:\\\/\\\/x.com\\\/unipersen\"]},{\"@type\":\"Person\",\"@id\":\"https:\\\/\\\/memurunsesi.net\\\/#\\\/schema\\\/person\\\/f21c2d73b89f6ee1d80b0a1803e38587\",\"name\":\"Memurun Sesi Haber Merkezi\",\"image\":{\"@type\":\"ImageObject\",\"inLanguage\":\"tr\",\"@id\":\"https:\\\/\\\/secure.gravatar.com\\\/avatar\\\/6cf0505f452ee753f485014986fab09a434671d2b919ee76fc541025c5876a70?s=96&d=mm&r=g\",\"url\":\"https:\\\/\\\/secure.gravatar.com\\\/avatar\\\/6cf0505f452ee753f485014986fab09a434671d2b919ee76fc541025c5876a70?s=96&d=mm&r=g\",\"contentUrl\":\"https:\\\/\\\/secure.gravatar.com\\\/avatar\\\/6cf0505f452ee753f485014986fab09a434671d2b919ee76fc541025c5876a70?s=96&d=mm&r=g\",\"caption\":\"Memurun Sesi Haber Merkezi\"},\"sameAs\":[\"https:\\\/\\\/memurunsesi.net\"],\"url\":\"https:\\\/\\\/memurunsesi.net\\\/index.php\\\/author\\\/uniper\\\/\"}]}<\/script>\n<!-- \/ Yoast SEO plugin. -->","yoast_head_json":{"title":"Mersin B\u00fcy\u00fck\u015fehir Belediye Ba\u015fkanl\u0131\u011f\u0131ndan: - Memurun Sesi","robots":{"index":"index","follow":"follow","max-snippet":"max-snippet:-1","max-image-preview":"max-image-preview:large","max-video-preview":"max-video-preview:-1"},"canonical":"https:\/\/memurunsesi.net\/index.php\/2025\/04\/19\/mersin-buyuksehir-belediye-baskanligindan\/","og_locale":"tr_TR","og_type":"article","og_title":"Mersin B\u00fcy\u00fck\u015fehir Belediye Ba\u015fkanl\u0131\u011f\u0131ndan: - Memurun Sesi","og_description":"\u0130LK DEFA ATANMAK \u00dcZERE \u0130TFA\u0130YE ER\u0130 ALIM \u0130LANI Mersin B\u00fcy\u00fck\u015fehir Belediye Ba\u015fkanl\u0131\u011f\u0131 b\u00fcnyesinde 657 say\u0131l\u0131 Devlet Memurlar\u0131 Kanununa tabi olarak istihdam edilmek \u00fczere; Belediye \u0130tfaiye Y\u00f6netmeli\u011fi h\u00fck\u00fcmlerine g\u00f6re a\u015fa\u011f\u0131da unvan\u0131, s\u0131n\u0131f\u0131, derecesi, adedi, nitelikleri, KPSS puan t\u00fcr\u00fc, KPSS taban puan\u0131 ve di\u011fer \u015fartlar\u0131 ta\u015f\u0131mak kayd\u0131yla belirtilen bo\u015f kadrolara a\u00e7\u0131ktan atama yoluyla itfaiye eri al\u0131nacakt\u0131r. S\u0131ra [&hellip;]","og_url":"https:\/\/memurunsesi.net\/index.php\/2025\/04\/19\/mersin-buyuksehir-belediye-baskanligindan\/","og_site_name":"Memurun Sesi","article_publisher":"https:\/\/www.facebook.com\/unipersen\/?locale=tr_TR","article_published_time":"2025-04-19T06:49:25+00:00","og_image":[{"width":300,"height":300,"url":"https:\/\/memurunsesi.net\/wp-content\/uploads\/2025\/04\/Mersin_Buyuksehir_Belediyesi_logo.png","type":"image\/png"}],"author":"Memurun Sesi Haber Merkezi","twitter_card":"summary_large_image","twitter_creator":"@unipersen","twitter_site":"@unipersen","twitter_misc":{"Yazan:":"Memurun Sesi Haber Merkezi"},"schema":{"@context":"https:\/\/schema.org","@graph":[{"@type":"Article","@id":"https:\/\/memurunsesi.net\/index.php\/2025\/04\/19\/mersin-buyuksehir-belediye-baskanligindan\/#article","isPartOf":{"@id":"https:\/\/memurunsesi.net\/index.php\/2025\/04\/19\/mersin-buyuksehir-belediye-baskanligindan\/"},"author":{"name":"Memurun Sesi Haber Merkezi","@id":"https:\/\/memurunsesi.net\/#\/schema\/person\/f21c2d73b89f6ee1d80b0a1803e38587"},"headline":"Mersin B\u00fcy\u00fck\u015fehir Belediye Ba\u015fkanl\u0131\u011f\u0131ndan:","datePublished":"2025-04-19T06:49:25+00:00","mainEntityOfPage":{"@id":"https:\/\/memurunsesi.net\/index.php\/2025\/04\/19\/mersin-buyuksehir-belediye-baskanligindan\/"},"wordCount":1807,"commentCount":0,"publisher":{"@id":"https:\/\/memurunsesi.net\/#organization"},"image":{"@id":"https:\/\/memurunsesi.net\/index.php\/2025\/04\/19\/mersin-buyuksehir-belediye-baskanligindan\/#primaryimage"},"thumbnailUrl":"https:\/\/memurunsesi.net\/wp-content\/uploads\/2025\/04\/Mersin_Buyuksehir_Belediyesi_logo.png","inLanguage":"tr","potentialAction":[{"@type":"CommentAction","name":"Comment","target":["https:\/\/memurunsesi.net\/index.php\/2025\/04\/19\/mersin-buyuksehir-belediye-baskanligindan\/#respond"]}]},{"@type":"WebPage","@id":"https:\/\/memurunsesi.net\/index.php\/2025\/04\/19\/mersin-buyuksehir-belediye-baskanligindan\/","url":"https:\/\/memurunsesi.net\/index.php\/2025\/04\/19\/mersin-buyuksehir-belediye-baskanligindan\/","name":"Mersin B\u00fcy\u00fck\u015fehir Belediye Ba\u015fkanl\u0131\u011f\u0131ndan: - Memurun Sesi","isPartOf":{"@id":"https:\/\/memurunsesi.net\/#website"},"primaryImageOfPage":{"@id":"https:\/\/memurunsesi.net\/index.php\/2025\/04\/19\/mersin-buyuksehir-belediye-baskanligindan\/#primaryimage"},"image":{"@id":"https:\/\/memurunsesi.net\/index.php\/2025\/04\/19\/mersin-buyuksehir-belediye-baskanligindan\/#primaryimage"},"thumbnailUrl":"https:\/\/memurunsesi.net\/wp-content\/uploads\/2025\/04\/Mersin_Buyuksehir_Belediyesi_logo.png","datePublished":"2025-04-19T06:49:25+00:00","breadcrumb":{"@id":"https:\/\/memurunsesi.net\/index.php\/2025\/04\/19\/mersin-buyuksehir-belediye-baskanligindan\/#breadcrumb"},"inLanguage":"tr","potentialAction":[{"@type":"ReadAction","target":["https:\/\/memurunsesi.net\/index.php\/2025\/04\/19\/mersin-buyuksehir-belediye-baskanligindan\/"]}]},{"@type":"ImageObject","inLanguage":"tr","@id":"https:\/\/memurunsesi.net\/index.php\/2025\/04\/19\/mersin-buyuksehir-belediye-baskanligindan\/#primaryimage","url":"https:\/\/memurunsesi.net\/wp-content\/uploads\/2025\/04\/Mersin_Buyuksehir_Belediyesi_logo.png","contentUrl":"https:\/\/memurunsesi.net\/wp-content\/uploads\/2025\/04\/Mersin_Buyuksehir_Belediyesi_logo.png","width":300,"height":300},{"@type":"BreadcrumbList","@id":"https:\/\/memurunsesi.net\/index.php\/2025\/04\/19\/mersin-buyuksehir-belediye-baskanligindan\/#breadcrumb","itemListElement":[{"@type":"ListItem","position":1,"name":"Anasayfa","item":"https:\/\/memurunsesi.net\/"},{"@type":"ListItem","position":2,"name":"Mersin B\u00fcy\u00fck\u015fehir Belediye Ba\u015fkanl\u0131\u011f\u0131ndan:"}]},{"@type":"WebSite","@id":"https:\/\/memurunsesi.net\/#website","url":"https:\/\/memurunsesi.net\/","name":"Memurun Sesi","description":"G\u00fcncel ve Do\u011fru Haber","publisher":{"@id":"https:\/\/memurunsesi.net\/#organization"},"potentialAction":[{"@type":"SearchAction","target":{"@type":"EntryPoint","urlTemplate":"https:\/\/memurunsesi.net\/?s={search_term_string}"},"query-input":{"@type":"PropertyValueSpecification","valueRequired":true,"valueName":"search_term_string"}}],"inLanguage":"tr"},{"@type":"Organization","@id":"https:\/\/memurunsesi.net\/#organization","name":"Memurun Sesi","url":"https:\/\/memurunsesi.net\/","logo":{"@type":"ImageObject","inLanguage":"tr","@id":"https:\/\/memurunsesi.net\/#\/schema\/logo\/image\/","url":"https:\/\/memurunsesi.net\/wp-content\/uploads\/2025\/11\/cropped-MEMURUN-SESI.png","contentUrl":"https:\/\/memurunsesi.net\/wp-content\/uploads\/2025\/11\/cropped-MEMURUN-SESI.png","width":238,"height":57,"caption":"Memurun Sesi"},"image":{"@id":"https:\/\/memurunsesi.net\/#\/schema\/logo\/image\/"},"sameAs":["https:\/\/www.facebook.com\/unipersen\/?locale=tr_TR","https:\/\/x.com\/unipersen"]},{"@type":"Person","@id":"https:\/\/memurunsesi.net\/#\/schema\/person\/f21c2d73b89f6ee1d80b0a1803e38587","name":"Memurun Sesi Haber Merkezi","image":{"@type":"ImageObject","inLanguage":"tr","@id":"https:\/\/secure.gravatar.com\/avatar\/6cf0505f452ee753f485014986fab09a434671d2b919ee76fc541025c5876a70?s=96&d=mm&r=g","url":"https:\/\/secure.gravatar.com\/avatar\/6cf0505f452ee753f485014986fab09a434671d2b919ee76fc541025c5876a70?s=96&d=mm&r=g","contentUrl":"https:\/\/secure.gravatar.com\/avatar\/6cf0505f452ee753f485014986fab09a434671d2b919ee76fc541025c5876a70?s=96&d=mm&r=g","caption":"Memurun Sesi Haber Merkezi"},"sameAs":["https:\/\/memurunsesi.net"],"url":"https:\/\/memurunsesi.net\/index.php\/author\/uniper\/"}]}},"_links":{"self":[{"href":"https:\/\/memurunsesi.net\/index.php\/wp-json\/wp\/v2\/posts\/5585","targetHints":{"allow":["GET"]}}],"collection":[{"href":"https:\/\/memurunsesi.net\/index.php\/wp-json\/wp\/v2\/posts"}],"about":[{"href":"https:\/\/memurunsesi.net\/index.php\/wp-json\/wp\/v2\/types\/post"}],"author":[{"embeddable":true,"href":"https:\/\/memurunsesi.net\/index.php\/wp-json\/wp\/v2\/users\/1"}],"replies":[{"embeddable":true,"href":"https:\/\/memurunsesi.net\/index.php\/wp-json\/wp\/v2\/comments?post=5585"}],"version-history":[{"count":1,"href":"https:\/\/memurunsesi.net\/index.php\/wp-json\/wp\/v2\/posts\/5585\/revisions"}],"predecessor-version":[{"id":5587,"href":"https:\/\/memurunsesi.net\/index.php\/wp-json\/wp\/v2\/posts\/5585\/revisions\/5587"}],"wp:featuredmedia":[{"embeddable":true,"href":"https:\/\/memurunsesi.net\/index.php\/wp-json\/wp\/v2\/media\/5586"}],"wp:attachment":[{"href":"https:\/\/memurunsesi.net\/index.php\/wp-json\/wp\/v2\/media?parent=5585"}],"wp:term":[{"taxonomy":"category","embeddable":true,"href":"https:\/\/memurunsesi.net\/index.php\/wp-json\/wp\/v2\/categories?post=5585"},{"taxonomy":"post_tag","embeddable":true,"href":"https:\/\/memurunsesi.net\/index.php\/wp-json\/wp\/v2\/tags?post=5585"}],"curies":[{"name":"wp","href":"https:\/\/api.w.org\/{rel}","templated":true}]}}