{"id":5588,"date":"2025-04-19T09:51:19","date_gmt":"2025-04-19T06:51:19","guid":{"rendered":"https:\/\/memurunsesi.net\/?p=5588"},"modified":"2025-04-19T09:51:19","modified_gmt":"2025-04-19T06:51:19","slug":"aygun-ogrencilere-halkla-iliskileri-anlatti","status":"publish","type":"post","link":"https:\/\/memurunsesi.net\/index.php\/2025\/04\/19\/aygun-ogrencilere-halkla-iliskileri-anlatti\/","title":{"rendered":"Ayg\u00fcn \u00f6\u011frencilere halkla ili\u015fkileri anlatt\u0131"},"content":{"rendered":"<p>\n D\u00fczce \u00dcniversitesi G\u00f6lyaka Meslek Y\u00fcksekokulu Pazarlama ve Reklamc\u0131l\u0131k B\u00f6l\u00fcm\u00fc Halkla \u0130li\u015fkiler ve Tan\u0131t\u0131m Program\u0131 taraf\u0131ndan d\u00fczenlenen &#8220;Kuram ve Uygulamada Halkla \u0130li\u015fkiler- Teoriden Deneyime&#8221; ba\u015fl\u0131kl\u0131 program ger\u00e7ekle\u015ftirildi.<br \/>\n D\u00fczce Valili\u011fi \u0130l Bas\u0131n ve Halkla \u0130li\u015fkiler M\u00fcd\u00fcr\u00fc G\u00fcls\u00fcm Ayg\u00fcn halkla ili\u015fkiler alan\u0131ndaki uygulamalar\u0131n ve kuramsal bilgilerin kamu kurumlar\u0131nda nas\u0131l hayata ge\u00e7irildi\u011fini anlatt\u0131. &#8220;Halkla ili\u015fkiler, yaln\u0131zca bir imaj y\u00f6netimi arac\u0131 de\u011fil; ayn\u0131 zamanda kurumlar\u0131n toplumsal ba\u011flar\u0131n\u0131 g\u00fc\u00e7lendiren, g\u00fcven in\u015fa eden stratejik bir ileti\u015fim s\u00fcrecidir&#8221; diyen Ayg\u00fcn, &#8220;G\u00fcn\u00fcm\u00fczde bilgiye eri\u015fimin h\u0131zlanmas\u0131, halkla ili\u015fkiler disiplinini daha dinamik, \u015feffaf ve etkile\u015fimli hale getiriyor. Bu fikirle halkla ili\u015fkiler uzmanlar\u0131n\u0131n hem dijital mecralar\u0131 hem de geleneksel y\u00f6ntemleri harmanlayarak hedef kitlelerle s\u00fcrd\u00fcr\u00fclebilir ili\u015fkiler kurmalar\u0131 hayati \u00f6nem ta\u015f\u0131yor. Kuramla prati\u011fi bulu\u015fturdu\u011fumuzda, halkla ili\u015fkiler faaliyetlerinin sadece kriz anlar\u0131nda de\u011fil, g\u00fcndelik ileti\u015fimde de bir kurumun itibar\u0131 \u00fczerinde belirleyici rol oynad\u0131\u011f\u0131n\u0131 g\u00f6r\u00fcyoruz&#8221; dedi.<br \/>\n Deneyim alan\u0131nda edinilen g\u00f6zlemlerin, planl\u0131 ve etik temellere dayal\u0131 ileti\u015fim stratejilerinin uzun vadede kurumlara yaln\u0131zca g\u00f6r\u00fcn\u00fcrl\u00fck de\u011fil, ayn\u0131 zamanda g\u00fcven ve ba\u011fl\u0131l\u0131k kazand\u0131rd\u0131\u011f\u0131n\u0131n alt\u0131n\u0131 \u00e7izen G\u00fcls\u00fcm Ayg\u00fcn, kuramsal bilgiyle beslenen uygulamalar\u0131n, halkla ili\u015fkilerin gelece\u011fini \u015fekillendirmeye devam edece\u011fini vurgulad\u0131.<br \/>\n \u00d6\u011frencilerin b\u00fcy\u00fck ilgiyle takip etti\u011fi konferans, soru-cevap b\u00f6l\u00fcm\u00fc ile sona erdi. <\/p>\n<p>19.04.2025                                <\/p>\n","protected":false},"excerpt":{"rendered":"<p>D\u00fczce \u00dcniversitesi G\u00f6lyaka Meslek Y\u00fcksekokulu Pazarlama ve Reklamc\u0131l\u0131k B\u00f6l\u00fcm\u00fc Halkla \u0130li\u015fkiler ve Tan\u0131t\u0131m Program\u0131 taraf\u0131ndan d\u00fczenlenen &#8220;Kuram ve Uygulamada Halkla \u0130li\u015fkiler- Teoriden Deneyime&#8221; ba\u015fl\u0131kl\u0131 program ger\u00e7ekle\u015ftirildi. D\u00fczce Valili\u011fi \u0130l Bas\u0131n ve Halkla \u0130li\u015fkiler M\u00fcd\u00fcr\u00fc G\u00fcls\u00fcm Ayg\u00fcn halkla ili\u015fkiler alan\u0131ndaki uygulamalar\u0131n ve kuramsal bilgilerin kamu kurumlar\u0131nda nas\u0131l hayata ge\u00e7irildi\u011fini anlatt\u0131. &#8220;Halkla ili\u015fkiler, yaln\u0131zca bir imaj y\u00f6netimi [&hellip;]<\/p>\n","protected":false},"author":1,"featured_media":5589,"comment_status":"open","ping_status":"open","sticky":false,"template":"","format":"standard","meta":{"footnotes":""},"categories":[47],"tags":[],"class_list":["post-5588","post","type-post","status-publish","format-standard","has-post-thumbnail","hentry","category-universiteden-haberler"],"yoast_head":"<!-- This site is optimized with the Yoast SEO plugin v27.4 - https:\/\/yoast.com\/product\/yoast-seo-wordpress\/ -->\n<title>Ayg\u00fcn \u00f6\u011frencilere halkla ili\u015fkileri anlatt\u0131 - Memurun Sesi<\/title>\n<meta name=\"robots\" content=\"index, follow, max-snippet:-1, max-image-preview:large, max-video-preview:-1\" \/>\n<link rel=\"canonical\" href=\"https:\/\/memurunsesi.net\/index.php\/2025\/04\/19\/aygun-ogrencilere-halkla-iliskileri-anlatti\/\" \/>\n<meta property=\"og:locale\" content=\"tr_TR\" \/>\n<meta property=\"og:type\" content=\"article\" \/>\n<meta property=\"og:title\" content=\"Ayg\u00fcn \u00f6\u011frencilere halkla ili\u015fkileri anlatt\u0131 - Memurun Sesi\" \/>\n<meta property=\"og:description\" content=\"D\u00fczce \u00dcniversitesi G\u00f6lyaka Meslek Y\u00fcksekokulu Pazarlama ve Reklamc\u0131l\u0131k B\u00f6l\u00fcm\u00fc Halkla \u0130li\u015fkiler ve Tan\u0131t\u0131m Program\u0131 taraf\u0131ndan d\u00fczenlenen &#8220;Kuram ve Uygulamada Halkla \u0130li\u015fkiler- Teoriden Deneyime&#8221; ba\u015fl\u0131kl\u0131 program ger\u00e7ekle\u015ftirildi. D\u00fczce Valili\u011fi \u0130l Bas\u0131n ve Halkla \u0130li\u015fkiler M\u00fcd\u00fcr\u00fc G\u00fcls\u00fcm Ayg\u00fcn halkla ili\u015fkiler alan\u0131ndaki uygulamalar\u0131n ve kuramsal bilgilerin kamu kurumlar\u0131nda nas\u0131l hayata ge\u00e7irildi\u011fini anlatt\u0131. &#8220;Halkla ili\u015fkiler, yaln\u0131zca bir imaj y\u00f6netimi [&hellip;]\" \/>\n<meta property=\"og:url\" content=\"https:\/\/memurunsesi.net\/index.php\/2025\/04\/19\/aygun-ogrencilere-halkla-iliskileri-anlatti\/\" \/>\n<meta property=\"og:site_name\" content=\"Memurun Sesi\" \/>\n<meta property=\"article:publisher\" content=\"https:\/\/www.facebook.com\/unipersen\/?locale=tr_TR\" \/>\n<meta property=\"article:published_time\" content=\"2025-04-19T06:51:19+00:00\" \/>\n<meta property=\"og:image\" content=\"https:\/\/memurunsesi.net\/wp-content\/uploads\/2025\/04\/AW436066_01.jpg\" \/>\n\t<meta property=\"og:image:width\" content=\"1600\" \/>\n\t<meta property=\"og:image:height\" content=\"1066\" \/>\n\t<meta property=\"og:image:type\" content=\"image\/jpeg\" \/>\n<meta name=\"author\" content=\"Memurun Sesi Haber Merkezi\" \/>\n<meta name=\"twitter:card\" content=\"summary_large_image\" \/>\n<meta name=\"twitter:creator\" content=\"@unipersen\" \/>\n<meta name=\"twitter:site\" content=\"@unipersen\" \/>\n<meta name=\"twitter:label1\" content=\"Yazan:\" \/>\n\t<meta name=\"twitter:data1\" content=\"Memurun Sesi Haber Merkezi\" \/>\n\t<meta name=\"twitter:label2\" content=\"Tahmini okuma s\u00fcresi\" \/>\n\t<meta name=\"twitter:data2\" content=\"1 dakika\" \/>\n<script type=\"application\/ld+json\" class=\"yoast-schema-graph\">{\"@context\":\"https:\\\/\\\/schema.org\",\"@graph\":[{\"@type\":\"Article\",\"@id\":\"https:\\\/\\\/memurunsesi.net\\\/index.php\\\/2025\\\/04\\\/19\\\/aygun-ogrencilere-halkla-iliskileri-anlatti\\\/#article\",\"isPartOf\":{\"@id\":\"https:\\\/\\\/memurunsesi.net\\\/index.php\\\/2025\\\/04\\\/19\\\/aygun-ogrencilere-halkla-iliskileri-anlatti\\\/\"},\"author\":{\"name\":\"Memurun Sesi Haber Merkezi\",\"@id\":\"https:\\\/\\\/memurunsesi.net\\\/#\\\/schema\\\/person\\\/f21c2d73b89f6ee1d80b0a1803e38587\"},\"headline\":\"Ayg\u00fcn \u00f6\u011frencilere halkla ili\u015fkileri anlatt\u0131\",\"datePublished\":\"2025-04-19T06:51:19+00:00\",\"mainEntityOfPage\":{\"@id\":\"https:\\\/\\\/memurunsesi.net\\\/index.php\\\/2025\\\/04\\\/19\\\/aygun-ogrencilere-halkla-iliskileri-anlatti\\\/\"},\"wordCount\":287,\"commentCount\":0,\"publisher\":{\"@id\":\"https:\\\/\\\/memurunsesi.net\\\/#organization\"},\"image\":{\"@id\":\"https:\\\/\\\/memurunsesi.net\\\/index.php\\\/2025\\\/04\\\/19\\\/aygun-ogrencilere-halkla-iliskileri-anlatti\\\/#primaryimage\"},\"thumbnailUrl\":\"https:\\\/\\\/memurunsesi.net\\\/wp-content\\\/uploads\\\/2025\\\/04\\\/AW436066_01.jpg\",\"articleSection\":[\"\u00dcniversiteden Haberler\"],\"inLanguage\":\"tr\",\"potentialAction\":[{\"@type\":\"CommentAction\",\"name\":\"Comment\",\"target\":[\"https:\\\/\\\/memurunsesi.net\\\/index.php\\\/2025\\\/04\\\/19\\\/aygun-ogrencilere-halkla-iliskileri-anlatti\\\/#respond\"]}]},{\"@type\":\"WebPage\",\"@id\":\"https:\\\/\\\/memurunsesi.net\\\/index.php\\\/2025\\\/04\\\/19\\\/aygun-ogrencilere-halkla-iliskileri-anlatti\\\/\",\"url\":\"https:\\\/\\\/memurunsesi.net\\\/index.php\\\/2025\\\/04\\\/19\\\/aygun-ogrencilere-halkla-iliskileri-anlatti\\\/\",\"name\":\"Ayg\u00fcn \u00f6\u011frencilere halkla ili\u015fkileri anlatt\u0131 - Memurun Sesi\",\"isPartOf\":{\"@id\":\"https:\\\/\\\/memurunsesi.net\\\/#website\"},\"primaryImageOfPage\":{\"@id\":\"https:\\\/\\\/memurunsesi.net\\\/index.php\\\/2025\\\/04\\\/19\\\/aygun-ogrencilere-halkla-iliskileri-anlatti\\\/#primaryimage\"},\"image\":{\"@id\":\"https:\\\/\\\/memurunsesi.net\\\/index.php\\\/2025\\\/04\\\/19\\\/aygun-ogrencilere-halkla-iliskileri-anlatti\\\/#primaryimage\"},\"thumbnailUrl\":\"https:\\\/\\\/memurunsesi.net\\\/wp-content\\\/uploads\\\/2025\\\/04\\\/AW436066_01.jpg\",\"datePublished\":\"2025-04-19T06:51:19+00:00\",\"breadcrumb\":{\"@id\":\"https:\\\/\\\/memurunsesi.net\\\/index.php\\\/2025\\\/04\\\/19\\\/aygun-ogrencilere-halkla-iliskileri-anlatti\\\/#breadcrumb\"},\"inLanguage\":\"tr\",\"potentialAction\":[{\"@type\":\"ReadAction\",\"target\":[\"https:\\\/\\\/memurunsesi.net\\\/index.php\\\/2025\\\/04\\\/19\\\/aygun-ogrencilere-halkla-iliskileri-anlatti\\\/\"]}]},{\"@type\":\"ImageObject\",\"inLanguage\":\"tr\",\"@id\":\"https:\\\/\\\/memurunsesi.net\\\/index.php\\\/2025\\\/04\\\/19\\\/aygun-ogrencilere-halkla-iliskileri-anlatti\\\/#primaryimage\",\"url\":\"https:\\\/\\\/memurunsesi.net\\\/wp-content\\\/uploads\\\/2025\\\/04\\\/AW436066_01.jpg\",\"contentUrl\":\"https:\\\/\\\/memurunsesi.net\\\/wp-content\\\/uploads\\\/2025\\\/04\\\/AW436066_01.jpg\",\"width\":1600,\"height\":1066,\"caption\":\"D\u00dcZCE \u00dcN\u0130VERS\u0130TES\u0130 G\u00d6LYAKA MESLEK Y\u00dcKSEKOKULU PAZARLAMA VE REKLAMCILIK B\u00d6L\u00dcM\u00dc HALKLA \u0130L\u0130\u015eK\u0130LER VE TANITIM PROGRAMI TARAFINDAN D\u00dcZENLENEN \\\"KURAM VE UYGULAMADA HALKLA \u0130L\u0130\u015eK\u0130LER- TEOR\u0130DEN DENEY\u0130ME\\\" BA\u015eLIKLI PROGRAM GER\u00c7EKLE\u015eT\u0130R\u0130LD\u0130. (AL\u0130 YILDIZ\\\/D\u00dcZCE-\u0130HA) D\u00fczce \u00dcniversitesi G\u00f6lyaka Meslek Y\u00fcksekokulu Pazarlama ve Reklamc\u0131l\u0131k B\u00f6l\u00fcm\u00fc Halkla \u0130li\u015fkiler ve Tan\u0131t\u0131m Program\u0131 taraf\u0131ndan d\u00fczenlenen \\\"Kuram ve Uygulamada Halkla \u0130li\u015fkiler-Teoriden Deneyime\\\" ba\u015fl\u0131kl\u0131 program ger\u00e7ekle\u015ftirildi.\"},{\"@type\":\"BreadcrumbList\",\"@id\":\"https:\\\/\\\/memurunsesi.net\\\/index.php\\\/2025\\\/04\\\/19\\\/aygun-ogrencilere-halkla-iliskileri-anlatti\\\/#breadcrumb\",\"itemListElement\":[{\"@type\":\"ListItem\",\"position\":1,\"name\":\"Anasayfa\",\"item\":\"https:\\\/\\\/memurunsesi.net\\\/\"},{\"@type\":\"ListItem\",\"position\":2,\"name\":\"Ayg\u00fcn \u00f6\u011frencilere halkla ili\u015fkileri anlatt\u0131\"}]},{\"@type\":\"WebSite\",\"@id\":\"https:\\\/\\\/memurunsesi.net\\\/#website\",\"url\":\"https:\\\/\\\/memurunsesi.net\\\/\",\"name\":\"Memurun Sesi\",\"description\":\"G\u00fcncel ve Do\u011fru Haber\",\"publisher\":{\"@id\":\"https:\\\/\\\/memurunsesi.net\\\/#organization\"},\"potentialAction\":[{\"@type\":\"SearchAction\",\"target\":{\"@type\":\"EntryPoint\",\"urlTemplate\":\"https:\\\/\\\/memurunsesi.net\\\/?s={search_term_string}\"},\"query-input\":{\"@type\":\"PropertyValueSpecification\",\"valueRequired\":true,\"valueName\":\"search_term_string\"}}],\"inLanguage\":\"tr\"},{\"@type\":\"Organization\",\"@id\":\"https:\\\/\\\/memurunsesi.net\\\/#organization\",\"name\":\"Memurun Sesi\",\"url\":\"https:\\\/\\\/memurunsesi.net\\\/\",\"logo\":{\"@type\":\"ImageObject\",\"inLanguage\":\"tr\",\"@id\":\"https:\\\/\\\/memurunsesi.net\\\/#\\\/schema\\\/logo\\\/image\\\/\",\"url\":\"https:\\\/\\\/memurunsesi.net\\\/wp-content\\\/uploads\\\/2025\\\/11\\\/cropped-MEMURUN-SESI.png\",\"contentUrl\":\"https:\\\/\\\/memurunsesi.net\\\/wp-content\\\/uploads\\\/2025\\\/11\\\/cropped-MEMURUN-SESI.png\",\"width\":238,\"height\":57,\"caption\":\"Memurun Sesi\"},\"image\":{\"@id\":\"https:\\\/\\\/memurunsesi.net\\\/#\\\/schema\\\/logo\\\/image\\\/\"},\"sameAs\":[\"https:\\\/\\\/www.facebook.com\\\/unipersen\\\/?locale=tr_TR\",\"https:\\\/\\\/x.com\\\/unipersen\"]},{\"@type\":\"Person\",\"@id\":\"https:\\\/\\\/memurunsesi.net\\\/#\\\/schema\\\/person\\\/f21c2d73b89f6ee1d80b0a1803e38587\",\"name\":\"Memurun Sesi Haber Merkezi\",\"image\":{\"@type\":\"ImageObject\",\"inLanguage\":\"tr\",\"@id\":\"https:\\\/\\\/secure.gravatar.com\\\/avatar\\\/6cf0505f452ee753f485014986fab09a434671d2b919ee76fc541025c5876a70?s=96&d=mm&r=g\",\"url\":\"https:\\\/\\\/secure.gravatar.com\\\/avatar\\\/6cf0505f452ee753f485014986fab09a434671d2b919ee76fc541025c5876a70?s=96&d=mm&r=g\",\"contentUrl\":\"https:\\\/\\\/secure.gravatar.com\\\/avatar\\\/6cf0505f452ee753f485014986fab09a434671d2b919ee76fc541025c5876a70?s=96&d=mm&r=g\",\"caption\":\"Memurun Sesi Haber Merkezi\"},\"sameAs\":[\"https:\\\/\\\/memurunsesi.net\"],\"url\":\"https:\\\/\\\/memurunsesi.net\\\/index.php\\\/author\\\/uniper\\\/\"}]}<\/script>\n<!-- \/ Yoast SEO plugin. -->","yoast_head_json":{"title":"Ayg\u00fcn \u00f6\u011frencilere halkla ili\u015fkileri anlatt\u0131 - Memurun Sesi","robots":{"index":"index","follow":"follow","max-snippet":"max-snippet:-1","max-image-preview":"max-image-preview:large","max-video-preview":"max-video-preview:-1"},"canonical":"https:\/\/memurunsesi.net\/index.php\/2025\/04\/19\/aygun-ogrencilere-halkla-iliskileri-anlatti\/","og_locale":"tr_TR","og_type":"article","og_title":"Ayg\u00fcn \u00f6\u011frencilere halkla ili\u015fkileri anlatt\u0131 - Memurun Sesi","og_description":"D\u00fczce \u00dcniversitesi G\u00f6lyaka Meslek Y\u00fcksekokulu Pazarlama ve Reklamc\u0131l\u0131k B\u00f6l\u00fcm\u00fc Halkla \u0130li\u015fkiler ve Tan\u0131t\u0131m Program\u0131 taraf\u0131ndan d\u00fczenlenen &#8220;Kuram ve Uygulamada Halkla \u0130li\u015fkiler- Teoriden Deneyime&#8221; ba\u015fl\u0131kl\u0131 program ger\u00e7ekle\u015ftirildi. D\u00fczce Valili\u011fi \u0130l Bas\u0131n ve Halkla \u0130li\u015fkiler M\u00fcd\u00fcr\u00fc G\u00fcls\u00fcm Ayg\u00fcn halkla ili\u015fkiler alan\u0131ndaki uygulamalar\u0131n ve kuramsal bilgilerin kamu kurumlar\u0131nda nas\u0131l hayata ge\u00e7irildi\u011fini anlatt\u0131. &#8220;Halkla ili\u015fkiler, yaln\u0131zca bir imaj y\u00f6netimi [&hellip;]","og_url":"https:\/\/memurunsesi.net\/index.php\/2025\/04\/19\/aygun-ogrencilere-halkla-iliskileri-anlatti\/","og_site_name":"Memurun Sesi","article_publisher":"https:\/\/www.facebook.com\/unipersen\/?locale=tr_TR","article_published_time":"2025-04-19T06:51:19+00:00","og_image":[{"width":1600,"height":1066,"url":"https:\/\/memurunsesi.net\/wp-content\/uploads\/2025\/04\/AW436066_01.jpg","type":"image\/jpeg"}],"author":"Memurun Sesi Haber Merkezi","twitter_card":"summary_large_image","twitter_creator":"@unipersen","twitter_site":"@unipersen","twitter_misc":{"Yazan:":"Memurun Sesi Haber Merkezi","Tahmini okuma s\u00fcresi":"1 dakika"},"schema":{"@context":"https:\/\/schema.org","@graph":[{"@type":"Article","@id":"https:\/\/memurunsesi.net\/index.php\/2025\/04\/19\/aygun-ogrencilere-halkla-iliskileri-anlatti\/#article","isPartOf":{"@id":"https:\/\/memurunsesi.net\/index.php\/2025\/04\/19\/aygun-ogrencilere-halkla-iliskileri-anlatti\/"},"author":{"name":"Memurun Sesi Haber Merkezi","@id":"https:\/\/memurunsesi.net\/#\/schema\/person\/f21c2d73b89f6ee1d80b0a1803e38587"},"headline":"Ayg\u00fcn \u00f6\u011frencilere halkla ili\u015fkileri anlatt\u0131","datePublished":"2025-04-19T06:51:19+00:00","mainEntityOfPage":{"@id":"https:\/\/memurunsesi.net\/index.php\/2025\/04\/19\/aygun-ogrencilere-halkla-iliskileri-anlatti\/"},"wordCount":287,"commentCount":0,"publisher":{"@id":"https:\/\/memurunsesi.net\/#organization"},"image":{"@id":"https:\/\/memurunsesi.net\/index.php\/2025\/04\/19\/aygun-ogrencilere-halkla-iliskileri-anlatti\/#primaryimage"},"thumbnailUrl":"https:\/\/memurunsesi.net\/wp-content\/uploads\/2025\/04\/AW436066_01.jpg","articleSection":["\u00dcniversiteden Haberler"],"inLanguage":"tr","potentialAction":[{"@type":"CommentAction","name":"Comment","target":["https:\/\/memurunsesi.net\/index.php\/2025\/04\/19\/aygun-ogrencilere-halkla-iliskileri-anlatti\/#respond"]}]},{"@type":"WebPage","@id":"https:\/\/memurunsesi.net\/index.php\/2025\/04\/19\/aygun-ogrencilere-halkla-iliskileri-anlatti\/","url":"https:\/\/memurunsesi.net\/index.php\/2025\/04\/19\/aygun-ogrencilere-halkla-iliskileri-anlatti\/","name":"Ayg\u00fcn \u00f6\u011frencilere halkla ili\u015fkileri anlatt\u0131 - Memurun Sesi","isPartOf":{"@id":"https:\/\/memurunsesi.net\/#website"},"primaryImageOfPage":{"@id":"https:\/\/memurunsesi.net\/index.php\/2025\/04\/19\/aygun-ogrencilere-halkla-iliskileri-anlatti\/#primaryimage"},"image":{"@id":"https:\/\/memurunsesi.net\/index.php\/2025\/04\/19\/aygun-ogrencilere-halkla-iliskileri-anlatti\/#primaryimage"},"thumbnailUrl":"https:\/\/memurunsesi.net\/wp-content\/uploads\/2025\/04\/AW436066_01.jpg","datePublished":"2025-04-19T06:51:19+00:00","breadcrumb":{"@id":"https:\/\/memurunsesi.net\/index.php\/2025\/04\/19\/aygun-ogrencilere-halkla-iliskileri-anlatti\/#breadcrumb"},"inLanguage":"tr","potentialAction":[{"@type":"ReadAction","target":["https:\/\/memurunsesi.net\/index.php\/2025\/04\/19\/aygun-ogrencilere-halkla-iliskileri-anlatti\/"]}]},{"@type":"ImageObject","inLanguage":"tr","@id":"https:\/\/memurunsesi.net\/index.php\/2025\/04\/19\/aygun-ogrencilere-halkla-iliskileri-anlatti\/#primaryimage","url":"https:\/\/memurunsesi.net\/wp-content\/uploads\/2025\/04\/AW436066_01.jpg","contentUrl":"https:\/\/memurunsesi.net\/wp-content\/uploads\/2025\/04\/AW436066_01.jpg","width":1600,"height":1066,"caption":"D\u00dcZCE \u00dcN\u0130VERS\u0130TES\u0130 G\u00d6LYAKA MESLEK Y\u00dcKSEKOKULU PAZARLAMA VE REKLAMCILIK B\u00d6L\u00dcM\u00dc HALKLA \u0130L\u0130\u015eK\u0130LER VE TANITIM PROGRAMI TARAFINDAN D\u00dcZENLENEN \"KURAM VE UYGULAMADA HALKLA \u0130L\u0130\u015eK\u0130LER- TEOR\u0130DEN DENEY\u0130ME\" BA\u015eLIKLI PROGRAM GER\u00c7EKLE\u015eT\u0130R\u0130LD\u0130. (AL\u0130 YILDIZ\/D\u00dcZCE-\u0130HA) D\u00fczce \u00dcniversitesi G\u00f6lyaka Meslek Y\u00fcksekokulu Pazarlama ve Reklamc\u0131l\u0131k B\u00f6l\u00fcm\u00fc Halkla \u0130li\u015fkiler ve Tan\u0131t\u0131m Program\u0131 taraf\u0131ndan d\u00fczenlenen \"Kuram ve Uygulamada Halkla \u0130li\u015fkiler-Teoriden Deneyime\" ba\u015fl\u0131kl\u0131 program ger\u00e7ekle\u015ftirildi."},{"@type":"BreadcrumbList","@id":"https:\/\/memurunsesi.net\/index.php\/2025\/04\/19\/aygun-ogrencilere-halkla-iliskileri-anlatti\/#breadcrumb","itemListElement":[{"@type":"ListItem","position":1,"name":"Anasayfa","item":"https:\/\/memurunsesi.net\/"},{"@type":"ListItem","position":2,"name":"Ayg\u00fcn \u00f6\u011frencilere halkla ili\u015fkileri anlatt\u0131"}]},{"@type":"WebSite","@id":"https:\/\/memurunsesi.net\/#website","url":"https:\/\/memurunsesi.net\/","name":"Memurun Sesi","description":"G\u00fcncel ve Do\u011fru Haber","publisher":{"@id":"https:\/\/memurunsesi.net\/#organization"},"potentialAction":[{"@type":"SearchAction","target":{"@type":"EntryPoint","urlTemplate":"https:\/\/memurunsesi.net\/?s={search_term_string}"},"query-input":{"@type":"PropertyValueSpecification","valueRequired":true,"valueName":"search_term_string"}}],"inLanguage":"tr"},{"@type":"Organization","@id":"https:\/\/memurunsesi.net\/#organization","name":"Memurun Sesi","url":"https:\/\/memurunsesi.net\/","logo":{"@type":"ImageObject","inLanguage":"tr","@id":"https:\/\/memurunsesi.net\/#\/schema\/logo\/image\/","url":"https:\/\/memurunsesi.net\/wp-content\/uploads\/2025\/11\/cropped-MEMURUN-SESI.png","contentUrl":"https:\/\/memurunsesi.net\/wp-content\/uploads\/2025\/11\/cropped-MEMURUN-SESI.png","width":238,"height":57,"caption":"Memurun Sesi"},"image":{"@id":"https:\/\/memurunsesi.net\/#\/schema\/logo\/image\/"},"sameAs":["https:\/\/www.facebook.com\/unipersen\/?locale=tr_TR","https:\/\/x.com\/unipersen"]},{"@type":"Person","@id":"https:\/\/memurunsesi.net\/#\/schema\/person\/f21c2d73b89f6ee1d80b0a1803e38587","name":"Memurun Sesi Haber Merkezi","image":{"@type":"ImageObject","inLanguage":"tr","@id":"https:\/\/secure.gravatar.com\/avatar\/6cf0505f452ee753f485014986fab09a434671d2b919ee76fc541025c5876a70?s=96&d=mm&r=g","url":"https:\/\/secure.gravatar.com\/avatar\/6cf0505f452ee753f485014986fab09a434671d2b919ee76fc541025c5876a70?s=96&d=mm&r=g","contentUrl":"https:\/\/secure.gravatar.com\/avatar\/6cf0505f452ee753f485014986fab09a434671d2b919ee76fc541025c5876a70?s=96&d=mm&r=g","caption":"Memurun Sesi Haber Merkezi"},"sameAs":["https:\/\/memurunsesi.net"],"url":"https:\/\/memurunsesi.net\/index.php\/author\/uniper\/"}]}},"_links":{"self":[{"href":"https:\/\/memurunsesi.net\/index.php\/wp-json\/wp\/v2\/posts\/5588","targetHints":{"allow":["GET"]}}],"collection":[{"href":"https:\/\/memurunsesi.net\/index.php\/wp-json\/wp\/v2\/posts"}],"about":[{"href":"https:\/\/memurunsesi.net\/index.php\/wp-json\/wp\/v2\/types\/post"}],"author":[{"embeddable":true,"href":"https:\/\/memurunsesi.net\/index.php\/wp-json\/wp\/v2\/users\/1"}],"replies":[{"embeddable":true,"href":"https:\/\/memurunsesi.net\/index.php\/wp-json\/wp\/v2\/comments?post=5588"}],"version-history":[{"count":1,"href":"https:\/\/memurunsesi.net\/index.php\/wp-json\/wp\/v2\/posts\/5588\/revisions"}],"predecessor-version":[{"id":5590,"href":"https:\/\/memurunsesi.net\/index.php\/wp-json\/wp\/v2\/posts\/5588\/revisions\/5590"}],"wp:featuredmedia":[{"embeddable":true,"href":"https:\/\/memurunsesi.net\/index.php\/wp-json\/wp\/v2\/media\/5589"}],"wp:attachment":[{"href":"https:\/\/memurunsesi.net\/index.php\/wp-json\/wp\/v2\/media?parent=5588"}],"wp:term":[{"taxonomy":"category","embeddable":true,"href":"https:\/\/memurunsesi.net\/index.php\/wp-json\/wp\/v2\/categories?post=5588"},{"taxonomy":"post_tag","embeddable":true,"href":"https:\/\/memurunsesi.net\/index.php\/wp-json\/wp\/v2\/tags?post=5588"}],"curies":[{"name":"wp","href":"https:\/\/api.w.org\/{rel}","templated":true}]}}