{"id":5595,"date":"2025-04-20T08:00:14","date_gmt":"2025-04-20T05:00:14","guid":{"rendered":"https:\/\/memurunsesi.net\/?p=5595"},"modified":"2025-04-20T08:00:14","modified_gmt":"2025-04-20T05:00:14","slug":"5595","status":"publish","type":"post","link":"https:\/\/memurunsesi.net\/index.php\/2025\/04\/20\/5595\/","title":{"rendered":""},"content":{"rendered":"<p>  \u0130stanbul\u2019da 20 farkl\u0131 \u00fclkenin tan\u0131t\u0131ld\u0131\u011f\u0131 &#8220;Colors of The World&#8221; fuar\u0131 d\u00fczenlenen t\u00f6renle a\u00e7\u0131ld\u0131. \u00dclkelerin k\u00fclt\u00fcrel lezzetlerinin g\u00f6r\u00fcc\u00fcye \u00e7\u0131kt\u0131\u011f\u0131 fuara vatanda\u015flar yo\u011fun ilgi g\u00f6sterdi.<br \/>\n  Merak edilen d\u00fcnya \u015fehirleri, Colors Of The World ile medeniyetlerin kalbi \u0130stanbul\u2019da bulu\u015ftu. Dr. Mimar Kadir Topba\u015f G\u00f6steri Merkezi\u2019nde d\u00fczenlenen t\u00f6renle a\u00e7\u0131lan fuarda aralar\u0131nda Hindistan, \u00c7in, Madagaskar, \u015eeyseller, Fas, Azerbaycan, K\u0131rg\u0131zistan, Kazakistan\u2019\u0131n da bulundu\u011fu 18 \u00fclke, performans sahneleri, yemekleri ve m\u00fczik \u015fovlar\u0131yla g\u00f6rsel bir \u015f\u00f6len sundu. 3 g\u00fcn s\u00fcrecek olan bu s\u0131ra d\u0131\u015f\u0131 festivalde ziyaret\u00e7iler, \u00c7in\u2019in aslan dans\u0131n\u0131 g\u00f6rme ve \u00c7in\u2019in ramenini, Belgrad\u2019\u0131n me\u015fhur keklerini, Azerbaycan\u2019\u0131n \u015fah pilav\u0131n\u0131 tatma \u015fans\u0131 yakal\u0131yor. Colors Of The World\u2019\u00fcn a\u00e7\u0131k alan\u0131ndaki bu etkinliklerin yan\u0131 s\u0131ra kapal\u0131 fuar alan\u0131nda kat\u0131l\u0131mc\u0131lar, kendilerine ayr\u0131lm\u0131\u015f stantlarda farkl\u0131 \u015fehirler, acenteler ve ziyaret\u00e7iler ile etkile\u015fime ge\u00e7ebiliyor. Kat\u0131l\u0131mc\u0131lar, konferans ve seminer alanlar\u0131nda \u015fehirlerini detayl\u0131 olarak ziyaret\u00e7ilere tan\u0131t\u0131rken, verilen konferanslar ile de sekt\u00f6r\u00fcn gelece\u011fi tart\u0131\u015f\u0131l\u0131yor. \u00dclkelerin k\u00fclt\u00fcrel lezzetlerinin g\u00f6r\u00fcc\u00fcye \u00e7\u0131kt\u0131\u011f\u0131 fuara vatanda\u015flar yo\u011fun ilgi g\u00f6sterdi. Fuarda \u015eef Tolga Kuru, uluslararas\u0131 kat\u0131l\u0131mc\u0131lara Bafra pidesinin yap\u0131m\u0131n\u0131 anlatarak, daha sonra ikramda bulundu.  <\/p>\n<p>  &#8220;20 \u00fclke gastronomi kendine \u00f6zg\u00fcn yemeklerini tan\u0131tacaklar&#8221;<br \/>\n  Ece Fuarc\u0131l\u0131k Y\u00f6netim Kurulu Ba\u015fkan\u0131 Serdar Y\u0131lmazt\u00fcrk, &#8220;Colors Of The World fuar\u0131m\u0131z\u0131 ilk defa T\u00fcrkiye\u2019de d\u00fczenliyoruz. 20 \u00fclkenin kat\u0131l\u0131m\u0131 ile kendilerini tan\u0131tmak i\u00e7in bu fuara geldiler. Bu fuar\u0131n en \u00f6nemli \u00f6zelli\u011fi kat\u0131l\u0131mc\u0131 20 \u00fclke, kendine \u00f6zg\u00fcn yemeklerini kat\u0131l\u0131mc\u0131lara tan\u0131tacaklar. Fuar\u0131m\u0131z\u0131n performans sahnesinde ise dans ve g\u00f6sterileri sahnelenecek. Danslar da farkl\u0131, tatlar da olduk\u00e7a ilgi \u00e7ekiyor. Bu fuara gelenlerin 20 \u00fclkenin hem gastronomi hem de dans\u0131 ve m\u00fczi\u011fini ke\u015ffettikleri bir ortam olacak. T\u00fcrk \u015feflerimiz de birbirinden lezzetli yerel yemekleri kat\u0131l\u0131mc\u0131lara sunacak. Ayr\u0131ca k\u00fclt\u00fcr turizmi i\u00e7in de bilgilendirici konferanslar d\u00fczenlenecek. 20 Nisan&#8217;a kadar t\u00fcm kat\u0131l\u0131mc\u0131lar\u0131 bekliyoruz&#8221; dedi. <\/p>\n<p>19.04.2025                             <\/p>\n","protected":false},"excerpt":{"rendered":"<p>\u0130stanbul\u2019da 20 farkl\u0131 \u00fclkenin tan\u0131t\u0131ld\u0131\u011f\u0131 &#8220;Colors of The World&#8221; fuar\u0131 d\u00fczenlenen t\u00f6renle a\u00e7\u0131ld\u0131. \u00dclkelerin k\u00fclt\u00fcrel lezzetlerinin g\u00f6r\u00fcc\u00fcye \u00e7\u0131kt\u0131\u011f\u0131 fuara vatanda\u015flar yo\u011fun ilgi g\u00f6sterdi. Merak edilen d\u00fcnya \u015fehirleri, Colors Of The World ile medeniyetlerin kalbi \u0130stanbul\u2019da bulu\u015ftu. Dr. Mimar Kadir Topba\u015f G\u00f6steri Merkezi\u2019nde d\u00fczenlenen t\u00f6renle a\u00e7\u0131lan fuarda aralar\u0131nda Hindistan, \u00c7in, Madagaskar, \u015eeyseller, Fas, Azerbaycan, K\u0131rg\u0131zistan, Kazakistan\u2019\u0131n [&hellip;]<\/p>\n","protected":false},"author":1,"featured_media":5596,"comment_status":"open","ping_status":"open","sticky":false,"template":"","format":"standard","meta":{"footnotes":""},"categories":[45],"tags":[],"class_list":["post-5595","post","type-post","status-publish","format-standard","has-post-thumbnail","hentry","category-gundem"],"yoast_head":"<!-- This site is optimized with the Yoast SEO plugin v27.4 - https:\/\/yoast.com\/product\/yoast-seo-wordpress\/ -->\n<title>- Memurun Sesi<\/title>\n<meta name=\"robots\" content=\"index, follow, max-snippet:-1, max-image-preview:large, max-video-preview:-1\" \/>\n<link rel=\"canonical\" href=\"https:\/\/memurunsesi.net\/index.php\/2025\/04\/20\/5595\/\" \/>\n<meta property=\"og:locale\" content=\"tr_TR\" \/>\n<meta property=\"og:type\" content=\"article\" \/>\n<meta property=\"og:title\" content=\"- Memurun Sesi\" \/>\n<meta property=\"og:description\" content=\"\u0130stanbul\u2019da 20 farkl\u0131 \u00fclkenin tan\u0131t\u0131ld\u0131\u011f\u0131 &#8220;Colors of The World&#8221; fuar\u0131 d\u00fczenlenen t\u00f6renle a\u00e7\u0131ld\u0131. \u00dclkelerin k\u00fclt\u00fcrel lezzetlerinin g\u00f6r\u00fcc\u00fcye \u00e7\u0131kt\u0131\u011f\u0131 fuara vatanda\u015flar yo\u011fun ilgi g\u00f6sterdi. Merak edilen d\u00fcnya \u015fehirleri, Colors Of The World ile medeniyetlerin kalbi \u0130stanbul\u2019da bulu\u015ftu. Dr. Mimar Kadir Topba\u015f G\u00f6steri Merkezi\u2019nde d\u00fczenlenen t\u00f6renle a\u00e7\u0131lan fuarda aralar\u0131nda Hindistan, \u00c7in, Madagaskar, \u015eeyseller, Fas, Azerbaycan, K\u0131rg\u0131zistan, Kazakistan\u2019\u0131n [&hellip;]\" \/>\n<meta property=\"og:url\" content=\"https:\/\/memurunsesi.net\/index.php\/2025\/04\/20\/5595\/\" \/>\n<meta property=\"og:site_name\" content=\"Memurun Sesi\" \/>\n<meta property=\"article:publisher\" content=\"https:\/\/www.facebook.com\/unipersen\/?locale=tr_TR\" \/>\n<meta property=\"article:published_time\" content=\"2025-04-20T05:00:14+00:00\" \/>\n<meta property=\"og:image\" content=\"https:\/\/memurunsesi.net\/wp-content\/uploads\/2025\/04\/AW436064_08-scaled.jpg\" \/>\n\t<meta property=\"og:image:width\" content=\"2560\" \/>\n\t<meta property=\"og:image:height\" content=\"1707\" \/>\n\t<meta property=\"og:image:type\" content=\"image\/jpeg\" \/>\n<meta name=\"author\" content=\"Memurun Sesi Haber Merkezi\" \/>\n<meta name=\"twitter:card\" content=\"summary_large_image\" \/>\n<meta name=\"twitter:creator\" content=\"@unipersen\" \/>\n<meta name=\"twitter:site\" content=\"@unipersen\" \/>\n<meta name=\"twitter:label1\" content=\"Yazan:\" \/>\n\t<meta name=\"twitter:data1\" content=\"Memurun Sesi Haber Merkezi\" \/>\n\t<meta name=\"twitter:label2\" content=\"Tahmini okuma s\u00fcresi\" \/>\n\t<meta name=\"twitter:data2\" content=\"1 dakika\" \/>\n<script type=\"application\/ld+json\" class=\"yoast-schema-graph\">{\"@context\":\"https:\\\/\\\/schema.org\",\"@graph\":[{\"@type\":\"Article\",\"@id\":\"https:\\\/\\\/memurunsesi.net\\\/index.php\\\/2025\\\/04\\\/20\\\/5595\\\/#article\",\"isPartOf\":{\"@id\":\"https:\\\/\\\/memurunsesi.net\\\/index.php\\\/2025\\\/04\\\/20\\\/5595\\\/\"},\"author\":{\"name\":\"Memurun Sesi Haber Merkezi\",\"@id\":\"https:\\\/\\\/memurunsesi.net\\\/#\\\/schema\\\/person\\\/f21c2d73b89f6ee1d80b0a1803e38587\"},\"headline\":\"Ba\u015fl\u0131k yok\",\"datePublished\":\"2025-04-20T05:00:14+00:00\",\"mainEntityOfPage\":{\"@id\":\"https:\\\/\\\/memurunsesi.net\\\/index.php\\\/2025\\\/04\\\/20\\\/5595\\\/\"},\"wordCount\":382,\"commentCount\":0,\"publisher\":{\"@id\":\"https:\\\/\\\/memurunsesi.net\\\/#organization\"},\"image\":{\"@id\":\"https:\\\/\\\/memurunsesi.net\\\/index.php\\\/2025\\\/04\\\/20\\\/5595\\\/#primaryimage\"},\"thumbnailUrl\":\"https:\\\/\\\/memurunsesi.net\\\/wp-content\\\/uploads\\\/2025\\\/04\\\/AW436064_08-scaled.jpg\",\"articleSection\":[\"G\u00fcndem\"],\"inLanguage\":\"tr\",\"potentialAction\":[{\"@type\":\"CommentAction\",\"name\":\"Comment\",\"target\":[\"https:\\\/\\\/memurunsesi.net\\\/index.php\\\/2025\\\/04\\\/20\\\/5595\\\/#respond\"]}]},{\"@type\":\"WebPage\",\"@id\":\"https:\\\/\\\/memurunsesi.net\\\/index.php\\\/2025\\\/04\\\/20\\\/5595\\\/\",\"url\":\"https:\\\/\\\/memurunsesi.net\\\/index.php\\\/2025\\\/04\\\/20\\\/5595\\\/\",\"name\":\"- Memurun Sesi\",\"isPartOf\":{\"@id\":\"https:\\\/\\\/memurunsesi.net\\\/#website\"},\"primaryImageOfPage\":{\"@id\":\"https:\\\/\\\/memurunsesi.net\\\/index.php\\\/2025\\\/04\\\/20\\\/5595\\\/#primaryimage\"},\"image\":{\"@id\":\"https:\\\/\\\/memurunsesi.net\\\/index.php\\\/2025\\\/04\\\/20\\\/5595\\\/#primaryimage\"},\"thumbnailUrl\":\"https:\\\/\\\/memurunsesi.net\\\/wp-content\\\/uploads\\\/2025\\\/04\\\/AW436064_08-scaled.jpg\",\"datePublished\":\"2025-04-20T05:00:14+00:00\",\"inLanguage\":\"tr\",\"potentialAction\":[{\"@type\":\"ReadAction\",\"target\":[\"https:\\\/\\\/memurunsesi.net\\\/index.php\\\/2025\\\/04\\\/20\\\/5595\\\/\"]}]},{\"@type\":\"ImageObject\",\"inLanguage\":\"tr\",\"@id\":\"https:\\\/\\\/memurunsesi.net\\\/index.php\\\/2025\\\/04\\\/20\\\/5595\\\/#primaryimage\",\"url\":\"https:\\\/\\\/memurunsesi.net\\\/wp-content\\\/uploads\\\/2025\\\/04\\\/AW436064_08-scaled.jpg\",\"contentUrl\":\"https:\\\/\\\/memurunsesi.net\\\/wp-content\\\/uploads\\\/2025\\\/04\\\/AW436064_08-scaled.jpg\",\"width\":2560,\"height\":1707,\"caption\":\"FUARDA \u015eEF TOLGA KURU, ULUSLARARASI KATILIMCILARA BAFRA P\u0130DES\u0130N\u0130N YAPIMINI ANLATARAK, DAHA SONRA \u0130KRAMDA BULUNDU. (AHMET FARUK SARIKO\u00c7\\\/\u0130STANBUL-\u0130HA) \u0130stanbul'da 20 farkl\u0131 \u00fclkenin tan\u0131t\u0131ld\u0131\u011f\u0131 \\\"Colors of The World\\\" fuar\u0131 d\u00fczenlenen t\u00f6renle a\u00e7\u0131ld\u0131. \u00dclkelerin k\u00fclt\u00fcrel lezzetlerinin g\u00f6r\u00fcc\u00fcye \u00e7\u0131kt\u0131\u011f\u0131 fuara vatanda\u015flar yo\u011fun ilgi g\u00f6sterdi.\"},{\"@type\":\"WebSite\",\"@id\":\"https:\\\/\\\/memurunsesi.net\\\/#website\",\"url\":\"https:\\\/\\\/memurunsesi.net\\\/\",\"name\":\"Memurun Sesi\",\"description\":\"G\u00fcncel ve Do\u011fru Haber\",\"publisher\":{\"@id\":\"https:\\\/\\\/memurunsesi.net\\\/#organization\"},\"potentialAction\":[{\"@type\":\"SearchAction\",\"target\":{\"@type\":\"EntryPoint\",\"urlTemplate\":\"https:\\\/\\\/memurunsesi.net\\\/?s={search_term_string}\"},\"query-input\":{\"@type\":\"PropertyValueSpecification\",\"valueRequired\":true,\"valueName\":\"search_term_string\"}}],\"inLanguage\":\"tr\"},{\"@type\":\"Organization\",\"@id\":\"https:\\\/\\\/memurunsesi.net\\\/#organization\",\"name\":\"Memurun Sesi\",\"url\":\"https:\\\/\\\/memurunsesi.net\\\/\",\"logo\":{\"@type\":\"ImageObject\",\"inLanguage\":\"tr\",\"@id\":\"https:\\\/\\\/memurunsesi.net\\\/#\\\/schema\\\/logo\\\/image\\\/\",\"url\":\"https:\\\/\\\/memurunsesi.net\\\/wp-content\\\/uploads\\\/2025\\\/11\\\/cropped-MEMURUN-SESI.png\",\"contentUrl\":\"https:\\\/\\\/memurunsesi.net\\\/wp-content\\\/uploads\\\/2025\\\/11\\\/cropped-MEMURUN-SESI.png\",\"width\":238,\"height\":57,\"caption\":\"Memurun Sesi\"},\"image\":{\"@id\":\"https:\\\/\\\/memurunsesi.net\\\/#\\\/schema\\\/logo\\\/image\\\/\"},\"sameAs\":[\"https:\\\/\\\/www.facebook.com\\\/unipersen\\\/?locale=tr_TR\",\"https:\\\/\\\/x.com\\\/unipersen\"]},{\"@type\":\"Person\",\"@id\":\"https:\\\/\\\/memurunsesi.net\\\/#\\\/schema\\\/person\\\/f21c2d73b89f6ee1d80b0a1803e38587\",\"name\":\"Memurun Sesi Haber Merkezi\",\"image\":{\"@type\":\"ImageObject\",\"inLanguage\":\"tr\",\"@id\":\"https:\\\/\\\/secure.gravatar.com\\\/avatar\\\/6cf0505f452ee753f485014986fab09a434671d2b919ee76fc541025c5876a70?s=96&d=mm&r=g\",\"url\":\"https:\\\/\\\/secure.gravatar.com\\\/avatar\\\/6cf0505f452ee753f485014986fab09a434671d2b919ee76fc541025c5876a70?s=96&d=mm&r=g\",\"contentUrl\":\"https:\\\/\\\/secure.gravatar.com\\\/avatar\\\/6cf0505f452ee753f485014986fab09a434671d2b919ee76fc541025c5876a70?s=96&d=mm&r=g\",\"caption\":\"Memurun Sesi Haber Merkezi\"},\"sameAs\":[\"https:\\\/\\\/memurunsesi.net\"],\"url\":\"https:\\\/\\\/memurunsesi.net\\\/index.php\\\/author\\\/uniper\\\/\"}]}<\/script>\n<!-- \/ Yoast SEO plugin. -->","yoast_head_json":{"title":"- Memurun Sesi","robots":{"index":"index","follow":"follow","max-snippet":"max-snippet:-1","max-image-preview":"max-image-preview:large","max-video-preview":"max-video-preview:-1"},"canonical":"https:\/\/memurunsesi.net\/index.php\/2025\/04\/20\/5595\/","og_locale":"tr_TR","og_type":"article","og_title":"- Memurun Sesi","og_description":"\u0130stanbul\u2019da 20 farkl\u0131 \u00fclkenin tan\u0131t\u0131ld\u0131\u011f\u0131 &#8220;Colors of The World&#8221; fuar\u0131 d\u00fczenlenen t\u00f6renle a\u00e7\u0131ld\u0131. \u00dclkelerin k\u00fclt\u00fcrel lezzetlerinin g\u00f6r\u00fcc\u00fcye \u00e7\u0131kt\u0131\u011f\u0131 fuara vatanda\u015flar yo\u011fun ilgi g\u00f6sterdi. Merak edilen d\u00fcnya \u015fehirleri, Colors Of The World ile medeniyetlerin kalbi \u0130stanbul\u2019da bulu\u015ftu. Dr. Mimar Kadir Topba\u015f G\u00f6steri Merkezi\u2019nde d\u00fczenlenen t\u00f6renle a\u00e7\u0131lan fuarda aralar\u0131nda Hindistan, \u00c7in, Madagaskar, \u015eeyseller, Fas, Azerbaycan, K\u0131rg\u0131zistan, Kazakistan\u2019\u0131n [&hellip;]","og_url":"https:\/\/memurunsesi.net\/index.php\/2025\/04\/20\/5595\/","og_site_name":"Memurun Sesi","article_publisher":"https:\/\/www.facebook.com\/unipersen\/?locale=tr_TR","article_published_time":"2025-04-20T05:00:14+00:00","og_image":[{"width":2560,"height":1707,"url":"https:\/\/memurunsesi.net\/wp-content\/uploads\/2025\/04\/AW436064_08-scaled.jpg","type":"image\/jpeg"}],"author":"Memurun Sesi Haber Merkezi","twitter_card":"summary_large_image","twitter_creator":"@unipersen","twitter_site":"@unipersen","twitter_misc":{"Yazan:":"Memurun Sesi Haber Merkezi","Tahmini okuma s\u00fcresi":"1 dakika"},"schema":{"@context":"https:\/\/schema.org","@graph":[{"@type":"Article","@id":"https:\/\/memurunsesi.net\/index.php\/2025\/04\/20\/5595\/#article","isPartOf":{"@id":"https:\/\/memurunsesi.net\/index.php\/2025\/04\/20\/5595\/"},"author":{"name":"Memurun Sesi Haber Merkezi","@id":"https:\/\/memurunsesi.net\/#\/schema\/person\/f21c2d73b89f6ee1d80b0a1803e38587"},"headline":"Ba\u015fl\u0131k yok","datePublished":"2025-04-20T05:00:14+00:00","mainEntityOfPage":{"@id":"https:\/\/memurunsesi.net\/index.php\/2025\/04\/20\/5595\/"},"wordCount":382,"commentCount":0,"publisher":{"@id":"https:\/\/memurunsesi.net\/#organization"},"image":{"@id":"https:\/\/memurunsesi.net\/index.php\/2025\/04\/20\/5595\/#primaryimage"},"thumbnailUrl":"https:\/\/memurunsesi.net\/wp-content\/uploads\/2025\/04\/AW436064_08-scaled.jpg","articleSection":["G\u00fcndem"],"inLanguage":"tr","potentialAction":[{"@type":"CommentAction","name":"Comment","target":["https:\/\/memurunsesi.net\/index.php\/2025\/04\/20\/5595\/#respond"]}]},{"@type":"WebPage","@id":"https:\/\/memurunsesi.net\/index.php\/2025\/04\/20\/5595\/","url":"https:\/\/memurunsesi.net\/index.php\/2025\/04\/20\/5595\/","name":"- Memurun Sesi","isPartOf":{"@id":"https:\/\/memurunsesi.net\/#website"},"primaryImageOfPage":{"@id":"https:\/\/memurunsesi.net\/index.php\/2025\/04\/20\/5595\/#primaryimage"},"image":{"@id":"https:\/\/memurunsesi.net\/index.php\/2025\/04\/20\/5595\/#primaryimage"},"thumbnailUrl":"https:\/\/memurunsesi.net\/wp-content\/uploads\/2025\/04\/AW436064_08-scaled.jpg","datePublished":"2025-04-20T05:00:14+00:00","inLanguage":"tr","potentialAction":[{"@type":"ReadAction","target":["https:\/\/memurunsesi.net\/index.php\/2025\/04\/20\/5595\/"]}]},{"@type":"ImageObject","inLanguage":"tr","@id":"https:\/\/memurunsesi.net\/index.php\/2025\/04\/20\/5595\/#primaryimage","url":"https:\/\/memurunsesi.net\/wp-content\/uploads\/2025\/04\/AW436064_08-scaled.jpg","contentUrl":"https:\/\/memurunsesi.net\/wp-content\/uploads\/2025\/04\/AW436064_08-scaled.jpg","width":2560,"height":1707,"caption":"FUARDA \u015eEF TOLGA KURU, ULUSLARARASI KATILIMCILARA BAFRA P\u0130DES\u0130N\u0130N YAPIMINI ANLATARAK, DAHA SONRA \u0130KRAMDA BULUNDU. (AHMET FARUK SARIKO\u00c7\/\u0130STANBUL-\u0130HA) \u0130stanbul'da 20 farkl\u0131 \u00fclkenin tan\u0131t\u0131ld\u0131\u011f\u0131 \"Colors of The World\" fuar\u0131 d\u00fczenlenen t\u00f6renle a\u00e7\u0131ld\u0131. \u00dclkelerin k\u00fclt\u00fcrel lezzetlerinin g\u00f6r\u00fcc\u00fcye \u00e7\u0131kt\u0131\u011f\u0131 fuara vatanda\u015flar yo\u011fun ilgi g\u00f6sterdi."},{"@type":"WebSite","@id":"https:\/\/memurunsesi.net\/#website","url":"https:\/\/memurunsesi.net\/","name":"Memurun Sesi","description":"G\u00fcncel ve Do\u011fru Haber","publisher":{"@id":"https:\/\/memurunsesi.net\/#organization"},"potentialAction":[{"@type":"SearchAction","target":{"@type":"EntryPoint","urlTemplate":"https:\/\/memurunsesi.net\/?s={search_term_string}"},"query-input":{"@type":"PropertyValueSpecification","valueRequired":true,"valueName":"search_term_string"}}],"inLanguage":"tr"},{"@type":"Organization","@id":"https:\/\/memurunsesi.net\/#organization","name":"Memurun Sesi","url":"https:\/\/memurunsesi.net\/","logo":{"@type":"ImageObject","inLanguage":"tr","@id":"https:\/\/memurunsesi.net\/#\/schema\/logo\/image\/","url":"https:\/\/memurunsesi.net\/wp-content\/uploads\/2025\/11\/cropped-MEMURUN-SESI.png","contentUrl":"https:\/\/memurunsesi.net\/wp-content\/uploads\/2025\/11\/cropped-MEMURUN-SESI.png","width":238,"height":57,"caption":"Memurun Sesi"},"image":{"@id":"https:\/\/memurunsesi.net\/#\/schema\/logo\/image\/"},"sameAs":["https:\/\/www.facebook.com\/unipersen\/?locale=tr_TR","https:\/\/x.com\/unipersen"]},{"@type":"Person","@id":"https:\/\/memurunsesi.net\/#\/schema\/person\/f21c2d73b89f6ee1d80b0a1803e38587","name":"Memurun Sesi Haber Merkezi","image":{"@type":"ImageObject","inLanguage":"tr","@id":"https:\/\/secure.gravatar.com\/avatar\/6cf0505f452ee753f485014986fab09a434671d2b919ee76fc541025c5876a70?s=96&d=mm&r=g","url":"https:\/\/secure.gravatar.com\/avatar\/6cf0505f452ee753f485014986fab09a434671d2b919ee76fc541025c5876a70?s=96&d=mm&r=g","contentUrl":"https:\/\/secure.gravatar.com\/avatar\/6cf0505f452ee753f485014986fab09a434671d2b919ee76fc541025c5876a70?s=96&d=mm&r=g","caption":"Memurun Sesi Haber Merkezi"},"sameAs":["https:\/\/memurunsesi.net"],"url":"https:\/\/memurunsesi.net\/index.php\/author\/uniper\/"}]}},"_links":{"self":[{"href":"https:\/\/memurunsesi.net\/index.php\/wp-json\/wp\/v2\/posts\/5595","targetHints":{"allow":["GET"]}}],"collection":[{"href":"https:\/\/memurunsesi.net\/index.php\/wp-json\/wp\/v2\/posts"}],"about":[{"href":"https:\/\/memurunsesi.net\/index.php\/wp-json\/wp\/v2\/types\/post"}],"author":[{"embeddable":true,"href":"https:\/\/memurunsesi.net\/index.php\/wp-json\/wp\/v2\/users\/1"}],"replies":[{"embeddable":true,"href":"https:\/\/memurunsesi.net\/index.php\/wp-json\/wp\/v2\/comments?post=5595"}],"version-history":[{"count":1,"href":"https:\/\/memurunsesi.net\/index.php\/wp-json\/wp\/v2\/posts\/5595\/revisions"}],"predecessor-version":[{"id":5597,"href":"https:\/\/memurunsesi.net\/index.php\/wp-json\/wp\/v2\/posts\/5595\/revisions\/5597"}],"wp:featuredmedia":[{"embeddable":true,"href":"https:\/\/memurunsesi.net\/index.php\/wp-json\/wp\/v2\/media\/5596"}],"wp:attachment":[{"href":"https:\/\/memurunsesi.net\/index.php\/wp-json\/wp\/v2\/media?parent=5595"}],"wp:term":[{"taxonomy":"category","embeddable":true,"href":"https:\/\/memurunsesi.net\/index.php\/wp-json\/wp\/v2\/categories?post=5595"},{"taxonomy":"post_tag","embeddable":true,"href":"https:\/\/memurunsesi.net\/index.php\/wp-json\/wp\/v2\/tags?post=5595"}],"curies":[{"name":"wp","href":"https:\/\/api.w.org\/{rel}","templated":true}]}}