{"id":5602,"date":"2025-04-20T08:04:34","date_gmt":"2025-04-20T05:04:34","guid":{"rendered":"https:\/\/memurunsesi.net\/?p=5602"},"modified":"2025-04-20T08:04:34","modified_gmt":"2025-04-20T05:04:34","slug":"edirnede-alkolu-surucu-dehset-yasatti-5-araca-carpti-1-kisi-yaralandi","status":"publish","type":"post","link":"https:\/\/memurunsesi.net\/index.php\/2025\/04\/20\/edirnede-alkolu-surucu-dehset-yasatti-5-araca-carpti-1-kisi-yaralandi\/","title":{"rendered":"Edirne\u2019de alkol\u00fc s\u00fcr\u00fcc\u00fc deh\u015fet ya\u015fatt\u0131: 5 araca \u00e7arpt\u0131, 1 ki\u015fi yaraland\u0131"},"content":{"rendered":"<p>   Edirne\u2019de alkol\u00fc otomobil s\u00fcr\u00fcc\u00fcs\u00fcn\u00fcn 5 araca \u00e7arpmas\u0131 sonucu maddi hasar olu\u015furken, yan\u0131nda bulunan bir yolcu ise yaraland\u0131.<br \/>\nKaza, Edirne Abdurrahman Mahallesi Kem Hac\u0131 Sokak \u00fczerinde meydana geldi. Edinilen bilgiye g\u00f6re, Y.K. idaresindeki 34 CDS 385 plakal\u0131 otomobil s\u00fcr\u00fcc\u00fcs\u00fc seyir halindeyken sokak \u00fczerinde bulunan ara\u00e7lara \u00e7arparak durabildi. \u00c7arpman\u0131n \u015fiddetiyle 1 motosiklet, 4 otomobil ve 1 kamyonette ciddi hasar olu\u015furken, s\u00fcr\u00fcc\u00fc Y.K\u2019n\u0131n kulland\u0131\u011f\u0131 otomobilde bulunan 1 yolcu yaraland\u0131. \u0130hbar \u00fczerine olay yerine polis, sa\u011fl\u0131k ve itfaiye ekipleri sevk edildi. Sa\u011fl\u0131k ekiplerinin olay yerindeki ilk m\u00fcdahalesinin ard\u0131ndan yolcu konumunda bulunan yaral\u0131 H.I., ambulansla hastaneye kald\u0131r\u0131ld\u0131. Polis ekiplerinin yapt\u0131\u011f\u0131 kontrol\u00fcnde s\u00fcr\u00fcc\u00fc Y.K\u2019n\u0131n 1.33 promil alkoll\u00fc oldu\u011fu tespit edildi. S\u00fcr\u00fcc\u00fcn\u00fcn ehliyetine 6 ay el konulurken, 9 bin 237 TL ise trafik cezas\u0131 kesildi.<br \/>\n  \u00d6te yandan, yaral\u0131 yolcunun da alkol\u00fc oldu\u011fu \u00f6\u011frenildi. Vatanda\u015flardan Mesut Dalol, ya\u015fanan kazadan dolay\u0131 ma\u011fdur olduklar\u0131n\u0131n belirtti.<br \/>\n  Polis kazayla ilgili inceleme ba\u015flatt\u0131. <\/p>\n<p>20.04.2025                             <\/p>\n","protected":false},"excerpt":{"rendered":"<p>Edirne\u2019de alkol\u00fc otomobil s\u00fcr\u00fcc\u00fcs\u00fcn\u00fcn 5 araca \u00e7arpmas\u0131 sonucu maddi hasar olu\u015furken, yan\u0131nda bulunan bir yolcu ise yaraland\u0131. Kaza, Edirne Abdurrahman Mahallesi Kem Hac\u0131 Sokak \u00fczerinde meydana geldi. Edinilen bilgiye g\u00f6re, Y.K. idaresindeki 34 CDS 385 plakal\u0131 otomobil s\u00fcr\u00fcc\u00fcs\u00fc seyir halindeyken sokak \u00fczerinde bulunan ara\u00e7lara \u00e7arparak durabildi. \u00c7arpman\u0131n \u015fiddetiyle 1 motosiklet, 4 otomobil ve 1 kamyonette [&hellip;]<\/p>\n","protected":false},"author":1,"featured_media":5603,"comment_status":"open","ping_status":"open","sticky":false,"template":"","format":"standard","meta":{"footnotes":""},"categories":[50],"tags":[],"class_list":["post-5602","post","type-post","status-publish","format-standard","has-post-thumbnail","hentry","category-tum-haberler"],"yoast_head":"<!-- This site is optimized with the Yoast SEO plugin v27.4 - https:\/\/yoast.com\/product\/yoast-seo-wordpress\/ -->\n<title>Edirne\u2019de alkol\u00fc s\u00fcr\u00fcc\u00fc deh\u015fet ya\u015fatt\u0131: 5 araca \u00e7arpt\u0131, 1 ki\u015fi yaraland\u0131 - Memurun Sesi<\/title>\n<meta name=\"robots\" content=\"index, follow, max-snippet:-1, max-image-preview:large, max-video-preview:-1\" \/>\n<link rel=\"canonical\" href=\"https:\/\/memurunsesi.net\/index.php\/2025\/04\/20\/edirnede-alkolu-surucu-dehset-yasatti-5-araca-carpti-1-kisi-yaralandi\/\" \/>\n<meta property=\"og:locale\" content=\"tr_TR\" \/>\n<meta property=\"og:type\" content=\"article\" \/>\n<meta property=\"og:title\" content=\"Edirne\u2019de alkol\u00fc s\u00fcr\u00fcc\u00fc deh\u015fet ya\u015fatt\u0131: 5 araca \u00e7arpt\u0131, 1 ki\u015fi yaraland\u0131 - Memurun Sesi\" \/>\n<meta property=\"og:description\" content=\"Edirne\u2019de alkol\u00fc otomobil s\u00fcr\u00fcc\u00fcs\u00fcn\u00fcn 5 araca \u00e7arpmas\u0131 sonucu maddi hasar olu\u015furken, yan\u0131nda bulunan bir yolcu ise yaraland\u0131. Kaza, Edirne Abdurrahman Mahallesi Kem Hac\u0131 Sokak \u00fczerinde meydana geldi. Edinilen bilgiye g\u00f6re, Y.K. idaresindeki 34 CDS 385 plakal\u0131 otomobil s\u00fcr\u00fcc\u00fcs\u00fc seyir halindeyken sokak \u00fczerinde bulunan ara\u00e7lara \u00e7arparak durabildi. \u00c7arpman\u0131n \u015fiddetiyle 1 motosiklet, 4 otomobil ve 1 kamyonette [&hellip;]\" \/>\n<meta property=\"og:url\" content=\"https:\/\/memurunsesi.net\/index.php\/2025\/04\/20\/edirnede-alkolu-surucu-dehset-yasatti-5-araca-carpti-1-kisi-yaralandi\/\" \/>\n<meta property=\"og:site_name\" content=\"Memurun Sesi\" \/>\n<meta property=\"article:publisher\" content=\"https:\/\/www.facebook.com\/unipersen\/?locale=tr_TR\" \/>\n<meta property=\"article:published_time\" content=\"2025-04-20T05:04:34+00:00\" \/>\n<meta property=\"og:image\" content=\"https:\/\/memurunsesi.net\/wp-content\/uploads\/2025\/04\/AW436650_01-scaled.jpg\" \/>\n\t<meta property=\"og:image:width\" content=\"2560\" \/>\n\t<meta property=\"og:image:height\" content=\"1707\" \/>\n\t<meta property=\"og:image:type\" content=\"image\/jpeg\" \/>\n<meta name=\"author\" content=\"Memurun Sesi Haber Merkezi\" \/>\n<meta name=\"twitter:card\" content=\"summary_large_image\" \/>\n<meta name=\"twitter:creator\" content=\"@unipersen\" \/>\n<meta name=\"twitter:site\" content=\"@unipersen\" \/>\n<meta name=\"twitter:label1\" content=\"Yazan:\" \/>\n\t<meta name=\"twitter:data1\" content=\"Memurun Sesi Haber Merkezi\" \/>\n\t<meta name=\"twitter:label2\" content=\"Tahmini okuma s\u00fcresi\" \/>\n\t<meta name=\"twitter:data2\" content=\"1 dakika\" \/>\n<script type=\"application\/ld+json\" class=\"yoast-schema-graph\">{\"@context\":\"https:\\\/\\\/schema.org\",\"@graph\":[{\"@type\":\"Article\",\"@id\":\"https:\\\/\\\/memurunsesi.net\\\/index.php\\\/2025\\\/04\\\/20\\\/edirnede-alkolu-surucu-dehset-yasatti-5-araca-carpti-1-kisi-yaralandi\\\/#article\",\"isPartOf\":{\"@id\":\"https:\\\/\\\/memurunsesi.net\\\/index.php\\\/2025\\\/04\\\/20\\\/edirnede-alkolu-surucu-dehset-yasatti-5-araca-carpti-1-kisi-yaralandi\\\/\"},\"author\":{\"name\":\"Memurun Sesi Haber Merkezi\",\"@id\":\"https:\\\/\\\/memurunsesi.net\\\/#\\\/schema\\\/person\\\/f21c2d73b89f6ee1d80b0a1803e38587\"},\"headline\":\"Edirne\u2019de alkol\u00fc s\u00fcr\u00fcc\u00fc deh\u015fet ya\u015fatt\u0131: 5 araca \u00e7arpt\u0131, 1 ki\u015fi yaraland\u0131\",\"datePublished\":\"2025-04-20T05:04:34+00:00\",\"mainEntityOfPage\":{\"@id\":\"https:\\\/\\\/memurunsesi.net\\\/index.php\\\/2025\\\/04\\\/20\\\/edirnede-alkolu-surucu-dehset-yasatti-5-araca-carpti-1-kisi-yaralandi\\\/\"},\"wordCount\":192,\"commentCount\":0,\"publisher\":{\"@id\":\"https:\\\/\\\/memurunsesi.net\\\/#organization\"},\"image\":{\"@id\":\"https:\\\/\\\/memurunsesi.net\\\/index.php\\\/2025\\\/04\\\/20\\\/edirnede-alkolu-surucu-dehset-yasatti-5-araca-carpti-1-kisi-yaralandi\\\/#primaryimage\"},\"thumbnailUrl\":\"https:\\\/\\\/memurunsesi.net\\\/wp-content\\\/uploads\\\/2025\\\/04\\\/AW436650_01-scaled.jpg\",\"articleSection\":[\"T\u00fcm Haberler\"],\"inLanguage\":\"tr\",\"potentialAction\":[{\"@type\":\"CommentAction\",\"name\":\"Comment\",\"target\":[\"https:\\\/\\\/memurunsesi.net\\\/index.php\\\/2025\\\/04\\\/20\\\/edirnede-alkolu-surucu-dehset-yasatti-5-araca-carpti-1-kisi-yaralandi\\\/#respond\"]}]},{\"@type\":\"WebPage\",\"@id\":\"https:\\\/\\\/memurunsesi.net\\\/index.php\\\/2025\\\/04\\\/20\\\/edirnede-alkolu-surucu-dehset-yasatti-5-araca-carpti-1-kisi-yaralandi\\\/\",\"url\":\"https:\\\/\\\/memurunsesi.net\\\/index.php\\\/2025\\\/04\\\/20\\\/edirnede-alkolu-surucu-dehset-yasatti-5-araca-carpti-1-kisi-yaralandi\\\/\",\"name\":\"Edirne\u2019de alkol\u00fc s\u00fcr\u00fcc\u00fc deh\u015fet ya\u015fatt\u0131: 5 araca \u00e7arpt\u0131, 1 ki\u015fi yaraland\u0131 - Memurun Sesi\",\"isPartOf\":{\"@id\":\"https:\\\/\\\/memurunsesi.net\\\/#website\"},\"primaryImageOfPage\":{\"@id\":\"https:\\\/\\\/memurunsesi.net\\\/index.php\\\/2025\\\/04\\\/20\\\/edirnede-alkolu-surucu-dehset-yasatti-5-araca-carpti-1-kisi-yaralandi\\\/#primaryimage\"},\"image\":{\"@id\":\"https:\\\/\\\/memurunsesi.net\\\/index.php\\\/2025\\\/04\\\/20\\\/edirnede-alkolu-surucu-dehset-yasatti-5-araca-carpti-1-kisi-yaralandi\\\/#primaryimage\"},\"thumbnailUrl\":\"https:\\\/\\\/memurunsesi.net\\\/wp-content\\\/uploads\\\/2025\\\/04\\\/AW436650_01-scaled.jpg\",\"datePublished\":\"2025-04-20T05:04:34+00:00\",\"breadcrumb\":{\"@id\":\"https:\\\/\\\/memurunsesi.net\\\/index.php\\\/2025\\\/04\\\/20\\\/edirnede-alkolu-surucu-dehset-yasatti-5-araca-carpti-1-kisi-yaralandi\\\/#breadcrumb\"},\"inLanguage\":\"tr\",\"potentialAction\":[{\"@type\":\"ReadAction\",\"target\":[\"https:\\\/\\\/memurunsesi.net\\\/index.php\\\/2025\\\/04\\\/20\\\/edirnede-alkolu-surucu-dehset-yasatti-5-araca-carpti-1-kisi-yaralandi\\\/\"]}]},{\"@type\":\"ImageObject\",\"inLanguage\":\"tr\",\"@id\":\"https:\\\/\\\/memurunsesi.net\\\/index.php\\\/2025\\\/04\\\/20\\\/edirnede-alkolu-surucu-dehset-yasatti-5-araca-carpti-1-kisi-yaralandi\\\/#primaryimage\",\"url\":\"https:\\\/\\\/memurunsesi.net\\\/wp-content\\\/uploads\\\/2025\\\/04\\\/AW436650_01-scaled.jpg\",\"contentUrl\":\"https:\\\/\\\/memurunsesi.net\\\/wp-content\\\/uploads\\\/2025\\\/04\\\/AW436650_01-scaled.jpg\",\"width\":2560,\"height\":1707,\"caption\":\"ED\u0130RNE'DE ALKOL\u00dc S\u00dcR\u00dcC\u00dc DEH\u015eET YA\u015eATTI: 5 ARACA \u00c7ARPTI, 1 K\u0130\u015e\u0130 YARALANDI (MEHMET BASMACI\\\/ED\u0130RNE-\u0130HA) Edirne'de alkol\u00fc otomobil s\u00fcr\u00fcc\u00fcs\u00fcn\u00fcn 5 araca \u00e7arpmas\u0131 sonucu maddi hasar olu\u015furken, yan\u0131nda bulunan bir yolcu ise yaraland\u0131.\"},{\"@type\":\"BreadcrumbList\",\"@id\":\"https:\\\/\\\/memurunsesi.net\\\/index.php\\\/2025\\\/04\\\/20\\\/edirnede-alkolu-surucu-dehset-yasatti-5-araca-carpti-1-kisi-yaralandi\\\/#breadcrumb\",\"itemListElement\":[{\"@type\":\"ListItem\",\"position\":1,\"name\":\"Anasayfa\",\"item\":\"https:\\\/\\\/memurunsesi.net\\\/\"},{\"@type\":\"ListItem\",\"position\":2,\"name\":\"Edirne\u2019de alkol\u00fc s\u00fcr\u00fcc\u00fc deh\u015fet ya\u015fatt\u0131: 5 araca \u00e7arpt\u0131, 1 ki\u015fi yaraland\u0131\"}]},{\"@type\":\"WebSite\",\"@id\":\"https:\\\/\\\/memurunsesi.net\\\/#website\",\"url\":\"https:\\\/\\\/memurunsesi.net\\\/\",\"name\":\"Memurun Sesi\",\"description\":\"G\u00fcncel ve Do\u011fru Haber\",\"publisher\":{\"@id\":\"https:\\\/\\\/memurunsesi.net\\\/#organization\"},\"potentialAction\":[{\"@type\":\"SearchAction\",\"target\":{\"@type\":\"EntryPoint\",\"urlTemplate\":\"https:\\\/\\\/memurunsesi.net\\\/?s={search_term_string}\"},\"query-input\":{\"@type\":\"PropertyValueSpecification\",\"valueRequired\":true,\"valueName\":\"search_term_string\"}}],\"inLanguage\":\"tr\"},{\"@type\":\"Organization\",\"@id\":\"https:\\\/\\\/memurunsesi.net\\\/#organization\",\"name\":\"Memurun Sesi\",\"url\":\"https:\\\/\\\/memurunsesi.net\\\/\",\"logo\":{\"@type\":\"ImageObject\",\"inLanguage\":\"tr\",\"@id\":\"https:\\\/\\\/memurunsesi.net\\\/#\\\/schema\\\/logo\\\/image\\\/\",\"url\":\"https:\\\/\\\/memurunsesi.net\\\/wp-content\\\/uploads\\\/2025\\\/11\\\/cropped-MEMURUN-SESI.png\",\"contentUrl\":\"https:\\\/\\\/memurunsesi.net\\\/wp-content\\\/uploads\\\/2025\\\/11\\\/cropped-MEMURUN-SESI.png\",\"width\":238,\"height\":57,\"caption\":\"Memurun Sesi\"},\"image\":{\"@id\":\"https:\\\/\\\/memurunsesi.net\\\/#\\\/schema\\\/logo\\\/image\\\/\"},\"sameAs\":[\"https:\\\/\\\/www.facebook.com\\\/unipersen\\\/?locale=tr_TR\",\"https:\\\/\\\/x.com\\\/unipersen\"]},{\"@type\":\"Person\",\"@id\":\"https:\\\/\\\/memurunsesi.net\\\/#\\\/schema\\\/person\\\/f21c2d73b89f6ee1d80b0a1803e38587\",\"name\":\"Memurun Sesi Haber Merkezi\",\"image\":{\"@type\":\"ImageObject\",\"inLanguage\":\"tr\",\"@id\":\"https:\\\/\\\/secure.gravatar.com\\\/avatar\\\/6cf0505f452ee753f485014986fab09a434671d2b919ee76fc541025c5876a70?s=96&d=mm&r=g\",\"url\":\"https:\\\/\\\/secure.gravatar.com\\\/avatar\\\/6cf0505f452ee753f485014986fab09a434671d2b919ee76fc541025c5876a70?s=96&d=mm&r=g\",\"contentUrl\":\"https:\\\/\\\/secure.gravatar.com\\\/avatar\\\/6cf0505f452ee753f485014986fab09a434671d2b919ee76fc541025c5876a70?s=96&d=mm&r=g\",\"caption\":\"Memurun Sesi Haber Merkezi\"},\"sameAs\":[\"https:\\\/\\\/memurunsesi.net\"],\"url\":\"https:\\\/\\\/memurunsesi.net\\\/index.php\\\/author\\\/uniper\\\/\"}]}<\/script>\n<!-- \/ Yoast SEO plugin. -->","yoast_head_json":{"title":"Edirne\u2019de alkol\u00fc s\u00fcr\u00fcc\u00fc deh\u015fet ya\u015fatt\u0131: 5 araca \u00e7arpt\u0131, 1 ki\u015fi yaraland\u0131 - Memurun Sesi","robots":{"index":"index","follow":"follow","max-snippet":"max-snippet:-1","max-image-preview":"max-image-preview:large","max-video-preview":"max-video-preview:-1"},"canonical":"https:\/\/memurunsesi.net\/index.php\/2025\/04\/20\/edirnede-alkolu-surucu-dehset-yasatti-5-araca-carpti-1-kisi-yaralandi\/","og_locale":"tr_TR","og_type":"article","og_title":"Edirne\u2019de alkol\u00fc s\u00fcr\u00fcc\u00fc deh\u015fet ya\u015fatt\u0131: 5 araca \u00e7arpt\u0131, 1 ki\u015fi yaraland\u0131 - Memurun Sesi","og_description":"Edirne\u2019de alkol\u00fc otomobil s\u00fcr\u00fcc\u00fcs\u00fcn\u00fcn 5 araca \u00e7arpmas\u0131 sonucu maddi hasar olu\u015furken, yan\u0131nda bulunan bir yolcu ise yaraland\u0131. Kaza, Edirne Abdurrahman Mahallesi Kem Hac\u0131 Sokak \u00fczerinde meydana geldi. Edinilen bilgiye g\u00f6re, Y.K. idaresindeki 34 CDS 385 plakal\u0131 otomobil s\u00fcr\u00fcc\u00fcs\u00fc seyir halindeyken sokak \u00fczerinde bulunan ara\u00e7lara \u00e7arparak durabildi. \u00c7arpman\u0131n \u015fiddetiyle 1 motosiklet, 4 otomobil ve 1 kamyonette [&hellip;]","og_url":"https:\/\/memurunsesi.net\/index.php\/2025\/04\/20\/edirnede-alkolu-surucu-dehset-yasatti-5-araca-carpti-1-kisi-yaralandi\/","og_site_name":"Memurun Sesi","article_publisher":"https:\/\/www.facebook.com\/unipersen\/?locale=tr_TR","article_published_time":"2025-04-20T05:04:34+00:00","og_image":[{"width":2560,"height":1707,"url":"https:\/\/memurunsesi.net\/wp-content\/uploads\/2025\/04\/AW436650_01-scaled.jpg","type":"image\/jpeg"}],"author":"Memurun Sesi Haber Merkezi","twitter_card":"summary_large_image","twitter_creator":"@unipersen","twitter_site":"@unipersen","twitter_misc":{"Yazan:":"Memurun Sesi Haber Merkezi","Tahmini okuma s\u00fcresi":"1 dakika"},"schema":{"@context":"https:\/\/schema.org","@graph":[{"@type":"Article","@id":"https:\/\/memurunsesi.net\/index.php\/2025\/04\/20\/edirnede-alkolu-surucu-dehset-yasatti-5-araca-carpti-1-kisi-yaralandi\/#article","isPartOf":{"@id":"https:\/\/memurunsesi.net\/index.php\/2025\/04\/20\/edirnede-alkolu-surucu-dehset-yasatti-5-araca-carpti-1-kisi-yaralandi\/"},"author":{"name":"Memurun Sesi Haber Merkezi","@id":"https:\/\/memurunsesi.net\/#\/schema\/person\/f21c2d73b89f6ee1d80b0a1803e38587"},"headline":"Edirne\u2019de alkol\u00fc s\u00fcr\u00fcc\u00fc deh\u015fet ya\u015fatt\u0131: 5 araca \u00e7arpt\u0131, 1 ki\u015fi yaraland\u0131","datePublished":"2025-04-20T05:04:34+00:00","mainEntityOfPage":{"@id":"https:\/\/memurunsesi.net\/index.php\/2025\/04\/20\/edirnede-alkolu-surucu-dehset-yasatti-5-araca-carpti-1-kisi-yaralandi\/"},"wordCount":192,"commentCount":0,"publisher":{"@id":"https:\/\/memurunsesi.net\/#organization"},"image":{"@id":"https:\/\/memurunsesi.net\/index.php\/2025\/04\/20\/edirnede-alkolu-surucu-dehset-yasatti-5-araca-carpti-1-kisi-yaralandi\/#primaryimage"},"thumbnailUrl":"https:\/\/memurunsesi.net\/wp-content\/uploads\/2025\/04\/AW436650_01-scaled.jpg","articleSection":["T\u00fcm Haberler"],"inLanguage":"tr","potentialAction":[{"@type":"CommentAction","name":"Comment","target":["https:\/\/memurunsesi.net\/index.php\/2025\/04\/20\/edirnede-alkolu-surucu-dehset-yasatti-5-araca-carpti-1-kisi-yaralandi\/#respond"]}]},{"@type":"WebPage","@id":"https:\/\/memurunsesi.net\/index.php\/2025\/04\/20\/edirnede-alkolu-surucu-dehset-yasatti-5-araca-carpti-1-kisi-yaralandi\/","url":"https:\/\/memurunsesi.net\/index.php\/2025\/04\/20\/edirnede-alkolu-surucu-dehset-yasatti-5-araca-carpti-1-kisi-yaralandi\/","name":"Edirne\u2019de alkol\u00fc s\u00fcr\u00fcc\u00fc deh\u015fet ya\u015fatt\u0131: 5 araca \u00e7arpt\u0131, 1 ki\u015fi yaraland\u0131 - Memurun Sesi","isPartOf":{"@id":"https:\/\/memurunsesi.net\/#website"},"primaryImageOfPage":{"@id":"https:\/\/memurunsesi.net\/index.php\/2025\/04\/20\/edirnede-alkolu-surucu-dehset-yasatti-5-araca-carpti-1-kisi-yaralandi\/#primaryimage"},"image":{"@id":"https:\/\/memurunsesi.net\/index.php\/2025\/04\/20\/edirnede-alkolu-surucu-dehset-yasatti-5-araca-carpti-1-kisi-yaralandi\/#primaryimage"},"thumbnailUrl":"https:\/\/memurunsesi.net\/wp-content\/uploads\/2025\/04\/AW436650_01-scaled.jpg","datePublished":"2025-04-20T05:04:34+00:00","breadcrumb":{"@id":"https:\/\/memurunsesi.net\/index.php\/2025\/04\/20\/edirnede-alkolu-surucu-dehset-yasatti-5-araca-carpti-1-kisi-yaralandi\/#breadcrumb"},"inLanguage":"tr","potentialAction":[{"@type":"ReadAction","target":["https:\/\/memurunsesi.net\/index.php\/2025\/04\/20\/edirnede-alkolu-surucu-dehset-yasatti-5-araca-carpti-1-kisi-yaralandi\/"]}]},{"@type":"ImageObject","inLanguage":"tr","@id":"https:\/\/memurunsesi.net\/index.php\/2025\/04\/20\/edirnede-alkolu-surucu-dehset-yasatti-5-araca-carpti-1-kisi-yaralandi\/#primaryimage","url":"https:\/\/memurunsesi.net\/wp-content\/uploads\/2025\/04\/AW436650_01-scaled.jpg","contentUrl":"https:\/\/memurunsesi.net\/wp-content\/uploads\/2025\/04\/AW436650_01-scaled.jpg","width":2560,"height":1707,"caption":"ED\u0130RNE'DE ALKOL\u00dc S\u00dcR\u00dcC\u00dc DEH\u015eET YA\u015eATTI: 5 ARACA \u00c7ARPTI, 1 K\u0130\u015e\u0130 YARALANDI (MEHMET BASMACI\/ED\u0130RNE-\u0130HA) Edirne'de alkol\u00fc otomobil s\u00fcr\u00fcc\u00fcs\u00fcn\u00fcn 5 araca \u00e7arpmas\u0131 sonucu maddi hasar olu\u015furken, yan\u0131nda bulunan bir yolcu ise yaraland\u0131."},{"@type":"BreadcrumbList","@id":"https:\/\/memurunsesi.net\/index.php\/2025\/04\/20\/edirnede-alkolu-surucu-dehset-yasatti-5-araca-carpti-1-kisi-yaralandi\/#breadcrumb","itemListElement":[{"@type":"ListItem","position":1,"name":"Anasayfa","item":"https:\/\/memurunsesi.net\/"},{"@type":"ListItem","position":2,"name":"Edirne\u2019de alkol\u00fc s\u00fcr\u00fcc\u00fc deh\u015fet ya\u015fatt\u0131: 5 araca \u00e7arpt\u0131, 1 ki\u015fi yaraland\u0131"}]},{"@type":"WebSite","@id":"https:\/\/memurunsesi.net\/#website","url":"https:\/\/memurunsesi.net\/","name":"Memurun Sesi","description":"G\u00fcncel ve Do\u011fru Haber","publisher":{"@id":"https:\/\/memurunsesi.net\/#organization"},"potentialAction":[{"@type":"SearchAction","target":{"@type":"EntryPoint","urlTemplate":"https:\/\/memurunsesi.net\/?s={search_term_string}"},"query-input":{"@type":"PropertyValueSpecification","valueRequired":true,"valueName":"search_term_string"}}],"inLanguage":"tr"},{"@type":"Organization","@id":"https:\/\/memurunsesi.net\/#organization","name":"Memurun Sesi","url":"https:\/\/memurunsesi.net\/","logo":{"@type":"ImageObject","inLanguage":"tr","@id":"https:\/\/memurunsesi.net\/#\/schema\/logo\/image\/","url":"https:\/\/memurunsesi.net\/wp-content\/uploads\/2025\/11\/cropped-MEMURUN-SESI.png","contentUrl":"https:\/\/memurunsesi.net\/wp-content\/uploads\/2025\/11\/cropped-MEMURUN-SESI.png","width":238,"height":57,"caption":"Memurun Sesi"},"image":{"@id":"https:\/\/memurunsesi.net\/#\/schema\/logo\/image\/"},"sameAs":["https:\/\/www.facebook.com\/unipersen\/?locale=tr_TR","https:\/\/x.com\/unipersen"]},{"@type":"Person","@id":"https:\/\/memurunsesi.net\/#\/schema\/person\/f21c2d73b89f6ee1d80b0a1803e38587","name":"Memurun Sesi Haber Merkezi","image":{"@type":"ImageObject","inLanguage":"tr","@id":"https:\/\/secure.gravatar.com\/avatar\/6cf0505f452ee753f485014986fab09a434671d2b919ee76fc541025c5876a70?s=96&d=mm&r=g","url":"https:\/\/secure.gravatar.com\/avatar\/6cf0505f452ee753f485014986fab09a434671d2b919ee76fc541025c5876a70?s=96&d=mm&r=g","contentUrl":"https:\/\/secure.gravatar.com\/avatar\/6cf0505f452ee753f485014986fab09a434671d2b919ee76fc541025c5876a70?s=96&d=mm&r=g","caption":"Memurun Sesi Haber Merkezi"},"sameAs":["https:\/\/memurunsesi.net"],"url":"https:\/\/memurunsesi.net\/index.php\/author\/uniper\/"}]}},"_links":{"self":[{"href":"https:\/\/memurunsesi.net\/index.php\/wp-json\/wp\/v2\/posts\/5602","targetHints":{"allow":["GET"]}}],"collection":[{"href":"https:\/\/memurunsesi.net\/index.php\/wp-json\/wp\/v2\/posts"}],"about":[{"href":"https:\/\/memurunsesi.net\/index.php\/wp-json\/wp\/v2\/types\/post"}],"author":[{"embeddable":true,"href":"https:\/\/memurunsesi.net\/index.php\/wp-json\/wp\/v2\/users\/1"}],"replies":[{"embeddable":true,"href":"https:\/\/memurunsesi.net\/index.php\/wp-json\/wp\/v2\/comments?post=5602"}],"version-history":[{"count":1,"href":"https:\/\/memurunsesi.net\/index.php\/wp-json\/wp\/v2\/posts\/5602\/revisions"}],"predecessor-version":[{"id":5604,"href":"https:\/\/memurunsesi.net\/index.php\/wp-json\/wp\/v2\/posts\/5602\/revisions\/5604"}],"wp:featuredmedia":[{"embeddable":true,"href":"https:\/\/memurunsesi.net\/index.php\/wp-json\/wp\/v2\/media\/5603"}],"wp:attachment":[{"href":"https:\/\/memurunsesi.net\/index.php\/wp-json\/wp\/v2\/media?parent=5602"}],"wp:term":[{"taxonomy":"category","embeddable":true,"href":"https:\/\/memurunsesi.net\/index.php\/wp-json\/wp\/v2\/categories?post=5602"},{"taxonomy":"post_tag","embeddable":true,"href":"https:\/\/memurunsesi.net\/index.php\/wp-json\/wp\/v2\/tags?post=5602"}],"curies":[{"name":"wp","href":"https:\/\/api.w.org\/{rel}","templated":true}]}}