{"id":5605,"date":"2025-04-20T08:06:04","date_gmt":"2025-04-20T05:06:04","guid":{"rendered":"https:\/\/memurunsesi.net\/?p=5605"},"modified":"2025-04-20T08:06:04","modified_gmt":"2025-04-20T05:06:04","slug":"saganak-yagis-genclerin-eglencesini-bozamadi","status":"publish","type":"post","link":"https:\/\/memurunsesi.net\/index.php\/2025\/04\/20\/saganak-yagis-genclerin-eglencesini-bozamadi\/","title":{"rendered":"Sa\u011fanak ya\u011f\u0131\u015f gen\u00e7lerin e\u011flencesini bozamad\u0131"},"content":{"rendered":"<p>  &#8211; D\u00fczce\u2019de konserde gen\u00e7ler doyas\u0131ya e\u011flendi <\/p>\n<p>  D\u00fczce\u2019de \u00fcniversite \u00f6\u011frencilerine \u00f6zel yap\u0131lan konserde sa\u011fanak ya\u011f\u0131\u015fa ra\u011fmen gen\u00e7ler doyas\u0131ya e\u011flendi.<br \/>\nD\u00fczce \u00dcniversitesi Merakl\u0131lar\u0131 taraf\u0131ndan \u00dcniversite \u00f6\u011frencilerine \u00f6zel Pera konseri d\u00fczenlendi. Ayd\u0131np\u0131nar Caddesi \u00fczerinde bulunan i\u015fletmede ger\u00e7ekle\u015ftirilen konsere D\u00fczce \u00dcniversitesi\u2019nden binlerde \u00f6\u011frenci kat\u0131ld\u0131. \u0130l jandarma Komutanl\u0131\u011f\u0131 ekiplerinin geni\u015f g\u00fcvenlik \u00f6nlemleri ald\u0131\u011f\u0131 konserde Pera, konsere kat\u0131lan gen\u00e7lere unutulmaz anlar ya\u015fatt\u0131. Konserin ilerleyen saatlerinde sa\u011fanak ya\u011f\u0131\u015f etkili olmas\u0131na ra\u011fmen gen\u00e7ler e\u011flenmeye devam ederken, binlerce gencin kat\u0131ld\u0131\u011f\u0131 konser havadan dron ile g\u00f6r\u00fcnt\u00fclendi.  <\/p>\n<p>20.04.2025                               <\/p>\n","protected":false},"excerpt":{"rendered":"<p>&#8211; D\u00fczce\u2019de konserde gen\u00e7ler doyas\u0131ya e\u011flendi D\u00fczce\u2019de \u00fcniversite \u00f6\u011frencilerine \u00f6zel yap\u0131lan konserde sa\u011fanak ya\u011f\u0131\u015fa ra\u011fmen gen\u00e7ler doyas\u0131ya e\u011flendi. D\u00fczce \u00dcniversitesi Merakl\u0131lar\u0131 taraf\u0131ndan \u00dcniversite \u00f6\u011frencilerine \u00f6zel Pera konseri d\u00fczenlendi. Ayd\u0131np\u0131nar Caddesi \u00fczerinde bulunan i\u015fletmede ger\u00e7ekle\u015ftirilen konsere D\u00fczce \u00dcniversitesi\u2019nden binlerde \u00f6\u011frenci kat\u0131ld\u0131. \u0130l jandarma Komutanl\u0131\u011f\u0131 ekiplerinin geni\u015f g\u00fcvenlik \u00f6nlemleri ald\u0131\u011f\u0131 konserde Pera, konsere kat\u0131lan gen\u00e7lere unutulmaz anlar [&hellip;]<\/p>\n","protected":false},"author":1,"featured_media":5606,"comment_status":"open","ping_status":"open","sticky":false,"template":"","format":"standard","meta":{"footnotes":""},"categories":[45],"tags":[],"class_list":["post-5605","post","type-post","status-publish","format-standard","has-post-thumbnail","hentry","category-gundem"],"yoast_head":"<!-- This site is optimized with the Yoast SEO plugin v27.4 - https:\/\/yoast.com\/product\/yoast-seo-wordpress\/ -->\n<title>Sa\u011fanak ya\u011f\u0131\u015f gen\u00e7lerin e\u011flencesini bozamad\u0131 - Memurun Sesi<\/title>\n<meta name=\"robots\" content=\"index, follow, max-snippet:-1, max-image-preview:large, max-video-preview:-1\" \/>\n<link rel=\"canonical\" href=\"https:\/\/memurunsesi.net\/index.php\/2025\/04\/20\/saganak-yagis-genclerin-eglencesini-bozamadi\/\" \/>\n<meta property=\"og:locale\" content=\"tr_TR\" \/>\n<meta property=\"og:type\" content=\"article\" \/>\n<meta property=\"og:title\" content=\"Sa\u011fanak ya\u011f\u0131\u015f gen\u00e7lerin e\u011flencesini bozamad\u0131 - Memurun Sesi\" \/>\n<meta property=\"og:description\" content=\"&#8211; D\u00fczce\u2019de konserde gen\u00e7ler doyas\u0131ya e\u011flendi D\u00fczce\u2019de \u00fcniversite \u00f6\u011frencilerine \u00f6zel yap\u0131lan konserde sa\u011fanak ya\u011f\u0131\u015fa ra\u011fmen gen\u00e7ler doyas\u0131ya e\u011flendi. D\u00fczce \u00dcniversitesi Merakl\u0131lar\u0131 taraf\u0131ndan \u00dcniversite \u00f6\u011frencilerine \u00f6zel Pera konseri d\u00fczenlendi. Ayd\u0131np\u0131nar Caddesi \u00fczerinde bulunan i\u015fletmede ger\u00e7ekle\u015ftirilen konsere D\u00fczce \u00dcniversitesi\u2019nden binlerde \u00f6\u011frenci kat\u0131ld\u0131. \u0130l jandarma Komutanl\u0131\u011f\u0131 ekiplerinin geni\u015f g\u00fcvenlik \u00f6nlemleri ald\u0131\u011f\u0131 konserde Pera, konsere kat\u0131lan gen\u00e7lere unutulmaz anlar [&hellip;]\" \/>\n<meta property=\"og:url\" content=\"https:\/\/memurunsesi.net\/index.php\/2025\/04\/20\/saganak-yagis-genclerin-eglencesini-bozamadi\/\" \/>\n<meta property=\"og:site_name\" content=\"Memurun Sesi\" \/>\n<meta property=\"article:publisher\" content=\"https:\/\/www.facebook.com\/unipersen\/?locale=tr_TR\" \/>\n<meta property=\"article:published_time\" content=\"2025-04-20T05:06:04+00:00\" \/>\n<meta property=\"og:image\" content=\"https:\/\/memurunsesi.net\/wp-content\/uploads\/2025\/04\/AW436649_04.jpg\" \/>\n\t<meta property=\"og:image:width\" content=\"1206\" \/>\n\t<meta property=\"og:image:height\" content=\"678\" \/>\n\t<meta property=\"og:image:type\" content=\"image\/jpeg\" \/>\n<meta name=\"author\" content=\"Memurun Sesi Haber Merkezi\" \/>\n<meta name=\"twitter:card\" content=\"summary_large_image\" \/>\n<meta name=\"twitter:creator\" content=\"@unipersen\" \/>\n<meta name=\"twitter:site\" content=\"@unipersen\" \/>\n<meta name=\"twitter:label1\" content=\"Yazan:\" \/>\n\t<meta name=\"twitter:data1\" content=\"Memurun Sesi Haber Merkezi\" \/>\n\t<meta name=\"twitter:label2\" content=\"Tahmini okuma s\u00fcresi\" \/>\n\t<meta name=\"twitter:data2\" content=\"1 dakika\" \/>\n<script type=\"application\/ld+json\" class=\"yoast-schema-graph\">{\"@context\":\"https:\\\/\\\/schema.org\",\"@graph\":[{\"@type\":\"Article\",\"@id\":\"https:\\\/\\\/memurunsesi.net\\\/index.php\\\/2025\\\/04\\\/20\\\/saganak-yagis-genclerin-eglencesini-bozamadi\\\/#article\",\"isPartOf\":{\"@id\":\"https:\\\/\\\/memurunsesi.net\\\/index.php\\\/2025\\\/04\\\/20\\\/saganak-yagis-genclerin-eglencesini-bozamadi\\\/\"},\"author\":{\"name\":\"Memurun Sesi Haber Merkezi\",\"@id\":\"https:\\\/\\\/memurunsesi.net\\\/#\\\/schema\\\/person\\\/f21c2d73b89f6ee1d80b0a1803e38587\"},\"headline\":\"Sa\u011fanak ya\u011f\u0131\u015f gen\u00e7lerin e\u011flencesini bozamad\u0131\",\"datePublished\":\"2025-04-20T05:06:04+00:00\",\"mainEntityOfPage\":{\"@id\":\"https:\\\/\\\/memurunsesi.net\\\/index.php\\\/2025\\\/04\\\/20\\\/saganak-yagis-genclerin-eglencesini-bozamadi\\\/\"},\"wordCount\":123,\"commentCount\":0,\"publisher\":{\"@id\":\"https:\\\/\\\/memurunsesi.net\\\/#organization\"},\"image\":{\"@id\":\"https:\\\/\\\/memurunsesi.net\\\/index.php\\\/2025\\\/04\\\/20\\\/saganak-yagis-genclerin-eglencesini-bozamadi\\\/#primaryimage\"},\"thumbnailUrl\":\"https:\\\/\\\/memurunsesi.net\\\/wp-content\\\/uploads\\\/2025\\\/04\\\/AW436649_04.jpg\",\"articleSection\":[\"G\u00fcndem\"],\"inLanguage\":\"tr\",\"potentialAction\":[{\"@type\":\"CommentAction\",\"name\":\"Comment\",\"target\":[\"https:\\\/\\\/memurunsesi.net\\\/index.php\\\/2025\\\/04\\\/20\\\/saganak-yagis-genclerin-eglencesini-bozamadi\\\/#respond\"]}]},{\"@type\":\"WebPage\",\"@id\":\"https:\\\/\\\/memurunsesi.net\\\/index.php\\\/2025\\\/04\\\/20\\\/saganak-yagis-genclerin-eglencesini-bozamadi\\\/\",\"url\":\"https:\\\/\\\/memurunsesi.net\\\/index.php\\\/2025\\\/04\\\/20\\\/saganak-yagis-genclerin-eglencesini-bozamadi\\\/\",\"name\":\"Sa\u011fanak ya\u011f\u0131\u015f gen\u00e7lerin e\u011flencesini bozamad\u0131 - Memurun Sesi\",\"isPartOf\":{\"@id\":\"https:\\\/\\\/memurunsesi.net\\\/#website\"},\"primaryImageOfPage\":{\"@id\":\"https:\\\/\\\/memurunsesi.net\\\/index.php\\\/2025\\\/04\\\/20\\\/saganak-yagis-genclerin-eglencesini-bozamadi\\\/#primaryimage\"},\"image\":{\"@id\":\"https:\\\/\\\/memurunsesi.net\\\/index.php\\\/2025\\\/04\\\/20\\\/saganak-yagis-genclerin-eglencesini-bozamadi\\\/#primaryimage\"},\"thumbnailUrl\":\"https:\\\/\\\/memurunsesi.net\\\/wp-content\\\/uploads\\\/2025\\\/04\\\/AW436649_04.jpg\",\"datePublished\":\"2025-04-20T05:06:04+00:00\",\"breadcrumb\":{\"@id\":\"https:\\\/\\\/memurunsesi.net\\\/index.php\\\/2025\\\/04\\\/20\\\/saganak-yagis-genclerin-eglencesini-bozamadi\\\/#breadcrumb\"},\"inLanguage\":\"tr\",\"potentialAction\":[{\"@type\":\"ReadAction\",\"target\":[\"https:\\\/\\\/memurunsesi.net\\\/index.php\\\/2025\\\/04\\\/20\\\/saganak-yagis-genclerin-eglencesini-bozamadi\\\/\"]}]},{\"@type\":\"ImageObject\",\"inLanguage\":\"tr\",\"@id\":\"https:\\\/\\\/memurunsesi.net\\\/index.php\\\/2025\\\/04\\\/20\\\/saganak-yagis-genclerin-eglencesini-bozamadi\\\/#primaryimage\",\"url\":\"https:\\\/\\\/memurunsesi.net\\\/wp-content\\\/uploads\\\/2025\\\/04\\\/AW436649_04.jpg\",\"contentUrl\":\"https:\\\/\\\/memurunsesi.net\\\/wp-content\\\/uploads\\\/2025\\\/04\\\/AW436649_04.jpg\",\"width\":1206,\"height\":678,\"caption\":\"D\u00dcZCE'DE \u00dcN\u0130VERS\u0130TE \u00d6\u011eRENC\u0130LER\u0130NE \u00d6ZEL YAPILAN KONSERDE SA\u011eANAK YA\u011eI\u015eA RA\u011eMEN GEN\u00c7LER DOYASIYA E\u011eLEND\u0130. (AL\u0130 YILDIZ - ENES BEKTA\u015e\\\/D\u00dcZCE-\u0130HA) D\u00fczce'de \u00fcniversite \u00f6\u011frencilerine \u00f6zel yap\u0131lan konserde sa\u011fanak ya\u011f\u0131\u015fa ra\u011fmen gen\u00e7ler doyas\u0131ya e\u011flendi.\"},{\"@type\":\"BreadcrumbList\",\"@id\":\"https:\\\/\\\/memurunsesi.net\\\/index.php\\\/2025\\\/04\\\/20\\\/saganak-yagis-genclerin-eglencesini-bozamadi\\\/#breadcrumb\",\"itemListElement\":[{\"@type\":\"ListItem\",\"position\":1,\"name\":\"Anasayfa\",\"item\":\"https:\\\/\\\/memurunsesi.net\\\/\"},{\"@type\":\"ListItem\",\"position\":2,\"name\":\"Sa\u011fanak ya\u011f\u0131\u015f gen\u00e7lerin e\u011flencesini bozamad\u0131\"}]},{\"@type\":\"WebSite\",\"@id\":\"https:\\\/\\\/memurunsesi.net\\\/#website\",\"url\":\"https:\\\/\\\/memurunsesi.net\\\/\",\"name\":\"Memurun Sesi\",\"description\":\"G\u00fcncel ve Do\u011fru Haber\",\"publisher\":{\"@id\":\"https:\\\/\\\/memurunsesi.net\\\/#organization\"},\"potentialAction\":[{\"@type\":\"SearchAction\",\"target\":{\"@type\":\"EntryPoint\",\"urlTemplate\":\"https:\\\/\\\/memurunsesi.net\\\/?s={search_term_string}\"},\"query-input\":{\"@type\":\"PropertyValueSpecification\",\"valueRequired\":true,\"valueName\":\"search_term_string\"}}],\"inLanguage\":\"tr\"},{\"@type\":\"Organization\",\"@id\":\"https:\\\/\\\/memurunsesi.net\\\/#organization\",\"name\":\"Memurun Sesi\",\"url\":\"https:\\\/\\\/memurunsesi.net\\\/\",\"logo\":{\"@type\":\"ImageObject\",\"inLanguage\":\"tr\",\"@id\":\"https:\\\/\\\/memurunsesi.net\\\/#\\\/schema\\\/logo\\\/image\\\/\",\"url\":\"https:\\\/\\\/memurunsesi.net\\\/wp-content\\\/uploads\\\/2025\\\/11\\\/cropped-MEMURUN-SESI.png\",\"contentUrl\":\"https:\\\/\\\/memurunsesi.net\\\/wp-content\\\/uploads\\\/2025\\\/11\\\/cropped-MEMURUN-SESI.png\",\"width\":238,\"height\":57,\"caption\":\"Memurun Sesi\"},\"image\":{\"@id\":\"https:\\\/\\\/memurunsesi.net\\\/#\\\/schema\\\/logo\\\/image\\\/\"},\"sameAs\":[\"https:\\\/\\\/www.facebook.com\\\/unipersen\\\/?locale=tr_TR\",\"https:\\\/\\\/x.com\\\/unipersen\"]},{\"@type\":\"Person\",\"@id\":\"https:\\\/\\\/memurunsesi.net\\\/#\\\/schema\\\/person\\\/f21c2d73b89f6ee1d80b0a1803e38587\",\"name\":\"Memurun Sesi Haber Merkezi\",\"image\":{\"@type\":\"ImageObject\",\"inLanguage\":\"tr\",\"@id\":\"https:\\\/\\\/secure.gravatar.com\\\/avatar\\\/6cf0505f452ee753f485014986fab09a434671d2b919ee76fc541025c5876a70?s=96&d=mm&r=g\",\"url\":\"https:\\\/\\\/secure.gravatar.com\\\/avatar\\\/6cf0505f452ee753f485014986fab09a434671d2b919ee76fc541025c5876a70?s=96&d=mm&r=g\",\"contentUrl\":\"https:\\\/\\\/secure.gravatar.com\\\/avatar\\\/6cf0505f452ee753f485014986fab09a434671d2b919ee76fc541025c5876a70?s=96&d=mm&r=g\",\"caption\":\"Memurun Sesi Haber Merkezi\"},\"sameAs\":[\"https:\\\/\\\/memurunsesi.net\"],\"url\":\"https:\\\/\\\/memurunsesi.net\\\/index.php\\\/author\\\/uniper\\\/\"}]}<\/script>\n<!-- \/ Yoast SEO plugin. -->","yoast_head_json":{"title":"Sa\u011fanak ya\u011f\u0131\u015f gen\u00e7lerin e\u011flencesini bozamad\u0131 - Memurun Sesi","robots":{"index":"index","follow":"follow","max-snippet":"max-snippet:-1","max-image-preview":"max-image-preview:large","max-video-preview":"max-video-preview:-1"},"canonical":"https:\/\/memurunsesi.net\/index.php\/2025\/04\/20\/saganak-yagis-genclerin-eglencesini-bozamadi\/","og_locale":"tr_TR","og_type":"article","og_title":"Sa\u011fanak ya\u011f\u0131\u015f gen\u00e7lerin e\u011flencesini bozamad\u0131 - Memurun Sesi","og_description":"&#8211; D\u00fczce\u2019de konserde gen\u00e7ler doyas\u0131ya e\u011flendi D\u00fczce\u2019de \u00fcniversite \u00f6\u011frencilerine \u00f6zel yap\u0131lan konserde sa\u011fanak ya\u011f\u0131\u015fa ra\u011fmen gen\u00e7ler doyas\u0131ya e\u011flendi. D\u00fczce \u00dcniversitesi Merakl\u0131lar\u0131 taraf\u0131ndan \u00dcniversite \u00f6\u011frencilerine \u00f6zel Pera konseri d\u00fczenlendi. Ayd\u0131np\u0131nar Caddesi \u00fczerinde bulunan i\u015fletmede ger\u00e7ekle\u015ftirilen konsere D\u00fczce \u00dcniversitesi\u2019nden binlerde \u00f6\u011frenci kat\u0131ld\u0131. \u0130l jandarma Komutanl\u0131\u011f\u0131 ekiplerinin geni\u015f g\u00fcvenlik \u00f6nlemleri ald\u0131\u011f\u0131 konserde Pera, konsere kat\u0131lan gen\u00e7lere unutulmaz anlar [&hellip;]","og_url":"https:\/\/memurunsesi.net\/index.php\/2025\/04\/20\/saganak-yagis-genclerin-eglencesini-bozamadi\/","og_site_name":"Memurun Sesi","article_publisher":"https:\/\/www.facebook.com\/unipersen\/?locale=tr_TR","article_published_time":"2025-04-20T05:06:04+00:00","og_image":[{"width":1206,"height":678,"url":"https:\/\/memurunsesi.net\/wp-content\/uploads\/2025\/04\/AW436649_04.jpg","type":"image\/jpeg"}],"author":"Memurun Sesi Haber Merkezi","twitter_card":"summary_large_image","twitter_creator":"@unipersen","twitter_site":"@unipersen","twitter_misc":{"Yazan:":"Memurun Sesi Haber Merkezi","Tahmini okuma s\u00fcresi":"1 dakika"},"schema":{"@context":"https:\/\/schema.org","@graph":[{"@type":"Article","@id":"https:\/\/memurunsesi.net\/index.php\/2025\/04\/20\/saganak-yagis-genclerin-eglencesini-bozamadi\/#article","isPartOf":{"@id":"https:\/\/memurunsesi.net\/index.php\/2025\/04\/20\/saganak-yagis-genclerin-eglencesini-bozamadi\/"},"author":{"name":"Memurun Sesi Haber Merkezi","@id":"https:\/\/memurunsesi.net\/#\/schema\/person\/f21c2d73b89f6ee1d80b0a1803e38587"},"headline":"Sa\u011fanak ya\u011f\u0131\u015f gen\u00e7lerin e\u011flencesini bozamad\u0131","datePublished":"2025-04-20T05:06:04+00:00","mainEntityOfPage":{"@id":"https:\/\/memurunsesi.net\/index.php\/2025\/04\/20\/saganak-yagis-genclerin-eglencesini-bozamadi\/"},"wordCount":123,"commentCount":0,"publisher":{"@id":"https:\/\/memurunsesi.net\/#organization"},"image":{"@id":"https:\/\/memurunsesi.net\/index.php\/2025\/04\/20\/saganak-yagis-genclerin-eglencesini-bozamadi\/#primaryimage"},"thumbnailUrl":"https:\/\/memurunsesi.net\/wp-content\/uploads\/2025\/04\/AW436649_04.jpg","articleSection":["G\u00fcndem"],"inLanguage":"tr","potentialAction":[{"@type":"CommentAction","name":"Comment","target":["https:\/\/memurunsesi.net\/index.php\/2025\/04\/20\/saganak-yagis-genclerin-eglencesini-bozamadi\/#respond"]}]},{"@type":"WebPage","@id":"https:\/\/memurunsesi.net\/index.php\/2025\/04\/20\/saganak-yagis-genclerin-eglencesini-bozamadi\/","url":"https:\/\/memurunsesi.net\/index.php\/2025\/04\/20\/saganak-yagis-genclerin-eglencesini-bozamadi\/","name":"Sa\u011fanak ya\u011f\u0131\u015f gen\u00e7lerin e\u011flencesini bozamad\u0131 - Memurun Sesi","isPartOf":{"@id":"https:\/\/memurunsesi.net\/#website"},"primaryImageOfPage":{"@id":"https:\/\/memurunsesi.net\/index.php\/2025\/04\/20\/saganak-yagis-genclerin-eglencesini-bozamadi\/#primaryimage"},"image":{"@id":"https:\/\/memurunsesi.net\/index.php\/2025\/04\/20\/saganak-yagis-genclerin-eglencesini-bozamadi\/#primaryimage"},"thumbnailUrl":"https:\/\/memurunsesi.net\/wp-content\/uploads\/2025\/04\/AW436649_04.jpg","datePublished":"2025-04-20T05:06:04+00:00","breadcrumb":{"@id":"https:\/\/memurunsesi.net\/index.php\/2025\/04\/20\/saganak-yagis-genclerin-eglencesini-bozamadi\/#breadcrumb"},"inLanguage":"tr","potentialAction":[{"@type":"ReadAction","target":["https:\/\/memurunsesi.net\/index.php\/2025\/04\/20\/saganak-yagis-genclerin-eglencesini-bozamadi\/"]}]},{"@type":"ImageObject","inLanguage":"tr","@id":"https:\/\/memurunsesi.net\/index.php\/2025\/04\/20\/saganak-yagis-genclerin-eglencesini-bozamadi\/#primaryimage","url":"https:\/\/memurunsesi.net\/wp-content\/uploads\/2025\/04\/AW436649_04.jpg","contentUrl":"https:\/\/memurunsesi.net\/wp-content\/uploads\/2025\/04\/AW436649_04.jpg","width":1206,"height":678,"caption":"D\u00dcZCE'DE \u00dcN\u0130VERS\u0130TE \u00d6\u011eRENC\u0130LER\u0130NE \u00d6ZEL YAPILAN KONSERDE SA\u011eANAK YA\u011eI\u015eA RA\u011eMEN GEN\u00c7LER DOYASIYA E\u011eLEND\u0130. (AL\u0130 YILDIZ - ENES BEKTA\u015e\/D\u00dcZCE-\u0130HA) D\u00fczce'de \u00fcniversite \u00f6\u011frencilerine \u00f6zel yap\u0131lan konserde sa\u011fanak ya\u011f\u0131\u015fa ra\u011fmen gen\u00e7ler doyas\u0131ya e\u011flendi."},{"@type":"BreadcrumbList","@id":"https:\/\/memurunsesi.net\/index.php\/2025\/04\/20\/saganak-yagis-genclerin-eglencesini-bozamadi\/#breadcrumb","itemListElement":[{"@type":"ListItem","position":1,"name":"Anasayfa","item":"https:\/\/memurunsesi.net\/"},{"@type":"ListItem","position":2,"name":"Sa\u011fanak ya\u011f\u0131\u015f gen\u00e7lerin e\u011flencesini bozamad\u0131"}]},{"@type":"WebSite","@id":"https:\/\/memurunsesi.net\/#website","url":"https:\/\/memurunsesi.net\/","name":"Memurun Sesi","description":"G\u00fcncel ve Do\u011fru Haber","publisher":{"@id":"https:\/\/memurunsesi.net\/#organization"},"potentialAction":[{"@type":"SearchAction","target":{"@type":"EntryPoint","urlTemplate":"https:\/\/memurunsesi.net\/?s={search_term_string}"},"query-input":{"@type":"PropertyValueSpecification","valueRequired":true,"valueName":"search_term_string"}}],"inLanguage":"tr"},{"@type":"Organization","@id":"https:\/\/memurunsesi.net\/#organization","name":"Memurun Sesi","url":"https:\/\/memurunsesi.net\/","logo":{"@type":"ImageObject","inLanguage":"tr","@id":"https:\/\/memurunsesi.net\/#\/schema\/logo\/image\/","url":"https:\/\/memurunsesi.net\/wp-content\/uploads\/2025\/11\/cropped-MEMURUN-SESI.png","contentUrl":"https:\/\/memurunsesi.net\/wp-content\/uploads\/2025\/11\/cropped-MEMURUN-SESI.png","width":238,"height":57,"caption":"Memurun Sesi"},"image":{"@id":"https:\/\/memurunsesi.net\/#\/schema\/logo\/image\/"},"sameAs":["https:\/\/www.facebook.com\/unipersen\/?locale=tr_TR","https:\/\/x.com\/unipersen"]},{"@type":"Person","@id":"https:\/\/memurunsesi.net\/#\/schema\/person\/f21c2d73b89f6ee1d80b0a1803e38587","name":"Memurun Sesi Haber Merkezi","image":{"@type":"ImageObject","inLanguage":"tr","@id":"https:\/\/secure.gravatar.com\/avatar\/6cf0505f452ee753f485014986fab09a434671d2b919ee76fc541025c5876a70?s=96&d=mm&r=g","url":"https:\/\/secure.gravatar.com\/avatar\/6cf0505f452ee753f485014986fab09a434671d2b919ee76fc541025c5876a70?s=96&d=mm&r=g","contentUrl":"https:\/\/secure.gravatar.com\/avatar\/6cf0505f452ee753f485014986fab09a434671d2b919ee76fc541025c5876a70?s=96&d=mm&r=g","caption":"Memurun Sesi Haber Merkezi"},"sameAs":["https:\/\/memurunsesi.net"],"url":"https:\/\/memurunsesi.net\/index.php\/author\/uniper\/"}]}},"_links":{"self":[{"href":"https:\/\/memurunsesi.net\/index.php\/wp-json\/wp\/v2\/posts\/5605","targetHints":{"allow":["GET"]}}],"collection":[{"href":"https:\/\/memurunsesi.net\/index.php\/wp-json\/wp\/v2\/posts"}],"about":[{"href":"https:\/\/memurunsesi.net\/index.php\/wp-json\/wp\/v2\/types\/post"}],"author":[{"embeddable":true,"href":"https:\/\/memurunsesi.net\/index.php\/wp-json\/wp\/v2\/users\/1"}],"replies":[{"embeddable":true,"href":"https:\/\/memurunsesi.net\/index.php\/wp-json\/wp\/v2\/comments?post=5605"}],"version-history":[{"count":1,"href":"https:\/\/memurunsesi.net\/index.php\/wp-json\/wp\/v2\/posts\/5605\/revisions"}],"predecessor-version":[{"id":5607,"href":"https:\/\/memurunsesi.net\/index.php\/wp-json\/wp\/v2\/posts\/5605\/revisions\/5607"}],"wp:featuredmedia":[{"embeddable":true,"href":"https:\/\/memurunsesi.net\/index.php\/wp-json\/wp\/v2\/media\/5606"}],"wp:attachment":[{"href":"https:\/\/memurunsesi.net\/index.php\/wp-json\/wp\/v2\/media?parent=5605"}],"wp:term":[{"taxonomy":"category","embeddable":true,"href":"https:\/\/memurunsesi.net\/index.php\/wp-json\/wp\/v2\/categories?post=5605"},{"taxonomy":"post_tag","embeddable":true,"href":"https:\/\/memurunsesi.net\/index.php\/wp-json\/wp\/v2\/tags?post=5605"}],"curies":[{"name":"wp","href":"https:\/\/api.w.org\/{rel}","templated":true}]}}