{"id":5608,"date":"2025-04-20T08:07:23","date_gmt":"2025-04-20T05:07:23","guid":{"rendered":"https:\/\/memurunsesi.net\/?p=5608"},"modified":"2025-04-20T08:07:23","modified_gmt":"2025-04-20T05:07:23","slug":"bir-grup-taraftar-sampiyonlugu-kutlamak-icin-deplasmana-gitti","status":"publish","type":"post","link":"https:\/\/memurunsesi.net\/index.php\/2025\/04\/20\/bir-grup-taraftar-sampiyonlugu-kutlamak-icin-deplasmana-gitti\/","title":{"rendered":"Bir grup taraftar \u015fampiyonlu\u011fu kutlamak i\u00e7in deplasmana gitti"},"content":{"rendered":"<p>  -Kocaelispor taraftar\u0131, ma\u00e7 i\u00e7in \u0130stanbul\u2019da olan tak\u0131m\u0131n oteline ko\u015ftu <\/p>\n<p> Trendyol 1. Lig\u2019de Boluspor\u2019un Fatih Karag\u00fcmr\u00fck\u2019\u00fc ma\u011flup etmesiyle matematiksel olarak S\u00fcper Lig&#8217;e \u00e7\u0131kmay\u0131 garantileyen Kocaelispor\u2019un bir grup taraftar\u0131 kutlamay\u0131, ma\u00e7 i\u00e7in \u0130stanbul\u2019da olan tak\u0131m\u0131n oteline giderek yapt\u0131<br \/>\n  Trendyol 1.Lig\u2019in 35. haftas\u0131nda Boluspor\u2019un Fatih Karag\u00fcmr\u00fck\u2019\u00fc yenmesi ve Erzurumspor\u2019un \u0130stanbulspor\u2019a ma\u011flup olmas\u0131n\u0131n ard\u0131ndan lider Kocaelispor, planlad\u0131\u011f\u0131ndan bir g\u00fcn \u00f6nce Trendyol S\u00fcper Lig&#8217;e \u00e7\u0131kmay\u0131 garantiledi. Bolu\u2019dan gelen haber \u00fczerine Kocaeli sokaklara d\u00f6k\u00fcld\u00fc. Bug\u00fcn (pazar) Esenler Erokspor ma\u00e7\u0131n\u0131n ard\u0131ndan yap\u0131lacak planl\u0131 kutlamalar\u0131 beklemeyip ye\u015fil-siyah bayraklar\u0131 eline alan, formay\u0131 \u00fczerine \u00e7eken taraftar kent meydan\u0131nda bir araya gelerek kutlamalara ba\u015flad\u0131. Deplasmanda oynayaca\u011f\u0131 Esenler Erokspor kar\u015f\u0131la\u015fmas\u0131 i\u00e7in \u0130stanbul\u2019da otelde kampta olan Kocaelispor\u2019un \u015fampiyon kadrosu, taraftar\u0131n mutlulu\u011funa canl\u0131 ba\u011flant\u0131yla ortak olabildi. Fakat kutlamalar\u0131 tak\u0131mdan ayr\u0131 yapamayan bir grup Kocaelisporlu, \u015fampiyonluk haberinin ard\u0131ndan \u0130stanbul Ba\u011fc\u0131lar\u2019da tak\u0131m\u0131n konaklad\u0131\u011f\u0131 otele gitti, me\u015faleler yakt\u0131 ve sloganlar at\u0131p mar\u015flar s\u00f6yleyerek tak\u0131m\u0131 d\u0131\u015far\u0131 davet etti. Futbolcular\u0131n otelin d\u0131\u015f\u0131na \u00e7\u0131kmas\u0131yla hep birlikte dakikalarca S\u00fcper Lig kutlamas\u0131 yapt\u0131. Taraftar ve futbolcular hep birlikte &#8220;Bizim bir tek davam\u0131z var, vazge\u00e7meyiz asla senden&#8221;, &#8220;Buras\u0131 Basra de\u011fil, \u0130zmit K\u00f6rfezi&#8221;, &#8220;\u015eampiyon Kocaeli\u2019m ne istersen iste benden. \u0130stersen donatal\u0131m d\u00f6rt bir yan\u0131 bayraklarla&#8221; sloganlar\u0131 atarak ve mar\u015flar\u0131 s\u00f6yleyerek e\u011flendi.  <\/p>\n<p>20.04.2025                                <\/p>\n","protected":false},"excerpt":{"rendered":"<p>-Kocaelispor taraftar\u0131, ma\u00e7 i\u00e7in \u0130stanbul\u2019da olan tak\u0131m\u0131n oteline ko\u015ftu Trendyol 1. Lig\u2019de Boluspor\u2019un Fatih Karag\u00fcmr\u00fck\u2019\u00fc ma\u011flup etmesiyle matematiksel olarak S\u00fcper Lig&#8217;e \u00e7\u0131kmay\u0131 garantileyen Kocaelispor\u2019un bir grup taraftar\u0131 kutlamay\u0131, ma\u00e7 i\u00e7in \u0130stanbul\u2019da olan tak\u0131m\u0131n oteline giderek yapt\u0131 Trendyol 1.Lig\u2019in 35. haftas\u0131nda Boluspor\u2019un Fatih Karag\u00fcmr\u00fck\u2019\u00fc yenmesi ve Erzurumspor\u2019un \u0130stanbulspor\u2019a ma\u011flup olmas\u0131n\u0131n ard\u0131ndan lider Kocaelispor, planlad\u0131\u011f\u0131ndan bir g\u00fcn [&hellip;]<\/p>\n","protected":false},"author":1,"featured_media":5609,"comment_status":"open","ping_status":"open","sticky":false,"template":"","format":"standard","meta":{"footnotes":""},"categories":[57],"tags":[],"class_list":["post-5608","post","type-post","status-publish","format-standard","has-post-thumbnail","hentry","category-spor"],"yoast_head":"<!-- This site is optimized with the Yoast SEO plugin v27.4 - https:\/\/yoast.com\/product\/yoast-seo-wordpress\/ -->\n<title>Bir grup taraftar \u015fampiyonlu\u011fu kutlamak i\u00e7in deplasmana gitti - Memurun Sesi<\/title>\n<meta name=\"robots\" content=\"index, follow, max-snippet:-1, max-image-preview:large, max-video-preview:-1\" \/>\n<link rel=\"canonical\" href=\"https:\/\/memurunsesi.net\/index.php\/2025\/04\/20\/bir-grup-taraftar-sampiyonlugu-kutlamak-icin-deplasmana-gitti\/\" \/>\n<meta property=\"og:locale\" content=\"tr_TR\" \/>\n<meta property=\"og:type\" content=\"article\" \/>\n<meta property=\"og:title\" content=\"Bir grup taraftar \u015fampiyonlu\u011fu kutlamak i\u00e7in deplasmana gitti - Memurun Sesi\" \/>\n<meta property=\"og:description\" content=\"-Kocaelispor taraftar\u0131, ma\u00e7 i\u00e7in \u0130stanbul\u2019da olan tak\u0131m\u0131n oteline ko\u015ftu Trendyol 1. Lig\u2019de Boluspor\u2019un Fatih Karag\u00fcmr\u00fck\u2019\u00fc ma\u011flup etmesiyle matematiksel olarak S\u00fcper Lig&#8217;e \u00e7\u0131kmay\u0131 garantileyen Kocaelispor\u2019un bir grup taraftar\u0131 kutlamay\u0131, ma\u00e7 i\u00e7in \u0130stanbul\u2019da olan tak\u0131m\u0131n oteline giderek yapt\u0131 Trendyol 1.Lig\u2019in 35. haftas\u0131nda Boluspor\u2019un Fatih Karag\u00fcmr\u00fck\u2019\u00fc yenmesi ve Erzurumspor\u2019un \u0130stanbulspor\u2019a ma\u011flup olmas\u0131n\u0131n ard\u0131ndan lider Kocaelispor, planlad\u0131\u011f\u0131ndan bir g\u00fcn [&hellip;]\" \/>\n<meta property=\"og:url\" content=\"https:\/\/memurunsesi.net\/index.php\/2025\/04\/20\/bir-grup-taraftar-sampiyonlugu-kutlamak-icin-deplasmana-gitti\/\" \/>\n<meta property=\"og:site_name\" content=\"Memurun Sesi\" \/>\n<meta property=\"article:publisher\" content=\"https:\/\/www.facebook.com\/unipersen\/?locale=tr_TR\" \/>\n<meta property=\"article:published_time\" content=\"2025-04-20T05:07:23+00:00\" \/>\n<meta property=\"og:image\" content=\"https:\/\/memurunsesi.net\/wp-content\/uploads\/2025\/04\/AW436648_07-scaled.jpg\" \/>\n\t<meta property=\"og:image:width\" content=\"2560\" \/>\n\t<meta property=\"og:image:height\" content=\"1920\" \/>\n\t<meta property=\"og:image:type\" content=\"image\/jpeg\" \/>\n<meta name=\"author\" content=\"Memurun Sesi Haber Merkezi\" \/>\n<meta name=\"twitter:card\" content=\"summary_large_image\" \/>\n<meta name=\"twitter:creator\" content=\"@unipersen\" \/>\n<meta name=\"twitter:site\" content=\"@unipersen\" \/>\n<meta name=\"twitter:label1\" content=\"Yazan:\" \/>\n\t<meta name=\"twitter:data1\" content=\"Memurun Sesi Haber Merkezi\" \/>\n\t<meta name=\"twitter:label2\" content=\"Tahmini okuma s\u00fcresi\" \/>\n\t<meta name=\"twitter:data2\" content=\"1 dakika\" \/>\n<script type=\"application\/ld+json\" class=\"yoast-schema-graph\">{\"@context\":\"https:\\\/\\\/schema.org\",\"@graph\":[{\"@type\":\"Article\",\"@id\":\"https:\\\/\\\/memurunsesi.net\\\/index.php\\\/2025\\\/04\\\/20\\\/bir-grup-taraftar-sampiyonlugu-kutlamak-icin-deplasmana-gitti\\\/#article\",\"isPartOf\":{\"@id\":\"https:\\\/\\\/memurunsesi.net\\\/index.php\\\/2025\\\/04\\\/20\\\/bir-grup-taraftar-sampiyonlugu-kutlamak-icin-deplasmana-gitti\\\/\"},\"author\":{\"name\":\"Memurun Sesi Haber Merkezi\",\"@id\":\"https:\\\/\\\/memurunsesi.net\\\/#\\\/schema\\\/person\\\/f21c2d73b89f6ee1d80b0a1803e38587\"},\"headline\":\"Bir grup taraftar \u015fampiyonlu\u011fu kutlamak i\u00e7in deplasmana gitti\",\"datePublished\":\"2025-04-20T05:07:23+00:00\",\"mainEntityOfPage\":{\"@id\":\"https:\\\/\\\/memurunsesi.net\\\/index.php\\\/2025\\\/04\\\/20\\\/bir-grup-taraftar-sampiyonlugu-kutlamak-icin-deplasmana-gitti\\\/\"},\"wordCount\":274,\"commentCount\":0,\"publisher\":{\"@id\":\"https:\\\/\\\/memurunsesi.net\\\/#organization\"},\"image\":{\"@id\":\"https:\\\/\\\/memurunsesi.net\\\/index.php\\\/2025\\\/04\\\/20\\\/bir-grup-taraftar-sampiyonlugu-kutlamak-icin-deplasmana-gitti\\\/#primaryimage\"},\"thumbnailUrl\":\"https:\\\/\\\/memurunsesi.net\\\/wp-content\\\/uploads\\\/2025\\\/04\\\/AW436648_07-scaled.jpg\",\"articleSection\":[\"Spor\"],\"inLanguage\":\"tr\",\"potentialAction\":[{\"@type\":\"CommentAction\",\"name\":\"Comment\",\"target\":[\"https:\\\/\\\/memurunsesi.net\\\/index.php\\\/2025\\\/04\\\/20\\\/bir-grup-taraftar-sampiyonlugu-kutlamak-icin-deplasmana-gitti\\\/#respond\"]}]},{\"@type\":\"WebPage\",\"@id\":\"https:\\\/\\\/memurunsesi.net\\\/index.php\\\/2025\\\/04\\\/20\\\/bir-grup-taraftar-sampiyonlugu-kutlamak-icin-deplasmana-gitti\\\/\",\"url\":\"https:\\\/\\\/memurunsesi.net\\\/index.php\\\/2025\\\/04\\\/20\\\/bir-grup-taraftar-sampiyonlugu-kutlamak-icin-deplasmana-gitti\\\/\",\"name\":\"Bir grup taraftar \u015fampiyonlu\u011fu kutlamak i\u00e7in deplasmana gitti - Memurun Sesi\",\"isPartOf\":{\"@id\":\"https:\\\/\\\/memurunsesi.net\\\/#website\"},\"primaryImageOfPage\":{\"@id\":\"https:\\\/\\\/memurunsesi.net\\\/index.php\\\/2025\\\/04\\\/20\\\/bir-grup-taraftar-sampiyonlugu-kutlamak-icin-deplasmana-gitti\\\/#primaryimage\"},\"image\":{\"@id\":\"https:\\\/\\\/memurunsesi.net\\\/index.php\\\/2025\\\/04\\\/20\\\/bir-grup-taraftar-sampiyonlugu-kutlamak-icin-deplasmana-gitti\\\/#primaryimage\"},\"thumbnailUrl\":\"https:\\\/\\\/memurunsesi.net\\\/wp-content\\\/uploads\\\/2025\\\/04\\\/AW436648_07-scaled.jpg\",\"datePublished\":\"2025-04-20T05:07:23+00:00\",\"breadcrumb\":{\"@id\":\"https:\\\/\\\/memurunsesi.net\\\/index.php\\\/2025\\\/04\\\/20\\\/bir-grup-taraftar-sampiyonlugu-kutlamak-icin-deplasmana-gitti\\\/#breadcrumb\"},\"inLanguage\":\"tr\",\"potentialAction\":[{\"@type\":\"ReadAction\",\"target\":[\"https:\\\/\\\/memurunsesi.net\\\/index.php\\\/2025\\\/04\\\/20\\\/bir-grup-taraftar-sampiyonlugu-kutlamak-icin-deplasmana-gitti\\\/\"]}]},{\"@type\":\"ImageObject\",\"inLanguage\":\"tr\",\"@id\":\"https:\\\/\\\/memurunsesi.net\\\/index.php\\\/2025\\\/04\\\/20\\\/bir-grup-taraftar-sampiyonlugu-kutlamak-icin-deplasmana-gitti\\\/#primaryimage\",\"url\":\"https:\\\/\\\/memurunsesi.net\\\/wp-content\\\/uploads\\\/2025\\\/04\\\/AW436648_07-scaled.jpg\",\"contentUrl\":\"https:\\\/\\\/memurunsesi.net\\\/wp-content\\\/uploads\\\/2025\\\/04\\\/AW436648_07-scaled.jpg\",\"width\":2560,\"height\":1920,\"caption\":\"1.L\u0130G'DE BOLUSPOR'UN FAT\u0130H KARAG\u00dcMR\u00dcK'\u00dc MA\u011eLUP ETMES\u0130YLE MATEMAT\u0130KSEL OLARAK \u015eAMP\u0130YONLU\u011eUNU \u0130LAN EDEN KOCAEL\u0130SPOR'UN B\u0130R GRUP TARAFTARI KUTLAMAYI, MA\u00c7 \u0130\u00c7\u0130N \u0130STANBUL'DA OLAN TAKIMIN OTEL\u0130NE G\u0130DEREK YAPTI (G\u00d6N\u00dcL EFE\\\/KOCAEL\u0130-\u0130HA) (G\u00d6N\u00dcL EFE\\\/KOCAEL\u0130-\u0130HA) Trendyol 1. Lig'de Boluspor'un Fatih Karag\u00fcmr\u00fck'\u00fc ma\u011flup etmesiyle matematiksel olarak S\u00fcper Lig'e \u00e7\u0131kmay\u0131 garantileyen Kocaelispor'un bir grup taraftar\u0131 kutlamay\u0131, ma\u00e7 i\u00e7in \u0130stanbul'da olan tak\u0131m\u0131n oteline giderek yapt\u0131\"},{\"@type\":\"BreadcrumbList\",\"@id\":\"https:\\\/\\\/memurunsesi.net\\\/index.php\\\/2025\\\/04\\\/20\\\/bir-grup-taraftar-sampiyonlugu-kutlamak-icin-deplasmana-gitti\\\/#breadcrumb\",\"itemListElement\":[{\"@type\":\"ListItem\",\"position\":1,\"name\":\"Anasayfa\",\"item\":\"https:\\\/\\\/memurunsesi.net\\\/\"},{\"@type\":\"ListItem\",\"position\":2,\"name\":\"Bir grup taraftar \u015fampiyonlu\u011fu kutlamak i\u00e7in deplasmana gitti\"}]},{\"@type\":\"WebSite\",\"@id\":\"https:\\\/\\\/memurunsesi.net\\\/#website\",\"url\":\"https:\\\/\\\/memurunsesi.net\\\/\",\"name\":\"Memurun Sesi\",\"description\":\"G\u00fcncel ve Do\u011fru Haber\",\"publisher\":{\"@id\":\"https:\\\/\\\/memurunsesi.net\\\/#organization\"},\"potentialAction\":[{\"@type\":\"SearchAction\",\"target\":{\"@type\":\"EntryPoint\",\"urlTemplate\":\"https:\\\/\\\/memurunsesi.net\\\/?s={search_term_string}\"},\"query-input\":{\"@type\":\"PropertyValueSpecification\",\"valueRequired\":true,\"valueName\":\"search_term_string\"}}],\"inLanguage\":\"tr\"},{\"@type\":\"Organization\",\"@id\":\"https:\\\/\\\/memurunsesi.net\\\/#organization\",\"name\":\"Memurun Sesi\",\"url\":\"https:\\\/\\\/memurunsesi.net\\\/\",\"logo\":{\"@type\":\"ImageObject\",\"inLanguage\":\"tr\",\"@id\":\"https:\\\/\\\/memurunsesi.net\\\/#\\\/schema\\\/logo\\\/image\\\/\",\"url\":\"https:\\\/\\\/memurunsesi.net\\\/wp-content\\\/uploads\\\/2025\\\/11\\\/cropped-MEMURUN-SESI.png\",\"contentUrl\":\"https:\\\/\\\/memurunsesi.net\\\/wp-content\\\/uploads\\\/2025\\\/11\\\/cropped-MEMURUN-SESI.png\",\"width\":238,\"height\":57,\"caption\":\"Memurun Sesi\"},\"image\":{\"@id\":\"https:\\\/\\\/memurunsesi.net\\\/#\\\/schema\\\/logo\\\/image\\\/\"},\"sameAs\":[\"https:\\\/\\\/www.facebook.com\\\/unipersen\\\/?locale=tr_TR\",\"https:\\\/\\\/x.com\\\/unipersen\"]},{\"@type\":\"Person\",\"@id\":\"https:\\\/\\\/memurunsesi.net\\\/#\\\/schema\\\/person\\\/f21c2d73b89f6ee1d80b0a1803e38587\",\"name\":\"Memurun Sesi Haber Merkezi\",\"image\":{\"@type\":\"ImageObject\",\"inLanguage\":\"tr\",\"@id\":\"https:\\\/\\\/secure.gravatar.com\\\/avatar\\\/6cf0505f452ee753f485014986fab09a434671d2b919ee76fc541025c5876a70?s=96&d=mm&r=g\",\"url\":\"https:\\\/\\\/secure.gravatar.com\\\/avatar\\\/6cf0505f452ee753f485014986fab09a434671d2b919ee76fc541025c5876a70?s=96&d=mm&r=g\",\"contentUrl\":\"https:\\\/\\\/secure.gravatar.com\\\/avatar\\\/6cf0505f452ee753f485014986fab09a434671d2b919ee76fc541025c5876a70?s=96&d=mm&r=g\",\"caption\":\"Memurun Sesi Haber Merkezi\"},\"sameAs\":[\"https:\\\/\\\/memurunsesi.net\"],\"url\":\"https:\\\/\\\/memurunsesi.net\\\/index.php\\\/author\\\/uniper\\\/\"}]}<\/script>\n<!-- \/ Yoast SEO plugin. -->","yoast_head_json":{"title":"Bir grup taraftar \u015fampiyonlu\u011fu kutlamak i\u00e7in deplasmana gitti - Memurun Sesi","robots":{"index":"index","follow":"follow","max-snippet":"max-snippet:-1","max-image-preview":"max-image-preview:large","max-video-preview":"max-video-preview:-1"},"canonical":"https:\/\/memurunsesi.net\/index.php\/2025\/04\/20\/bir-grup-taraftar-sampiyonlugu-kutlamak-icin-deplasmana-gitti\/","og_locale":"tr_TR","og_type":"article","og_title":"Bir grup taraftar \u015fampiyonlu\u011fu kutlamak i\u00e7in deplasmana gitti - Memurun Sesi","og_description":"-Kocaelispor taraftar\u0131, ma\u00e7 i\u00e7in \u0130stanbul\u2019da olan tak\u0131m\u0131n oteline ko\u015ftu Trendyol 1. Lig\u2019de Boluspor\u2019un Fatih Karag\u00fcmr\u00fck\u2019\u00fc ma\u011flup etmesiyle matematiksel olarak S\u00fcper Lig&#8217;e \u00e7\u0131kmay\u0131 garantileyen Kocaelispor\u2019un bir grup taraftar\u0131 kutlamay\u0131, ma\u00e7 i\u00e7in \u0130stanbul\u2019da olan tak\u0131m\u0131n oteline giderek yapt\u0131 Trendyol 1.Lig\u2019in 35. haftas\u0131nda Boluspor\u2019un Fatih Karag\u00fcmr\u00fck\u2019\u00fc yenmesi ve Erzurumspor\u2019un \u0130stanbulspor\u2019a ma\u011flup olmas\u0131n\u0131n ard\u0131ndan lider Kocaelispor, planlad\u0131\u011f\u0131ndan bir g\u00fcn [&hellip;]","og_url":"https:\/\/memurunsesi.net\/index.php\/2025\/04\/20\/bir-grup-taraftar-sampiyonlugu-kutlamak-icin-deplasmana-gitti\/","og_site_name":"Memurun Sesi","article_publisher":"https:\/\/www.facebook.com\/unipersen\/?locale=tr_TR","article_published_time":"2025-04-20T05:07:23+00:00","og_image":[{"width":2560,"height":1920,"url":"https:\/\/memurunsesi.net\/wp-content\/uploads\/2025\/04\/AW436648_07-scaled.jpg","type":"image\/jpeg"}],"author":"Memurun Sesi Haber Merkezi","twitter_card":"summary_large_image","twitter_creator":"@unipersen","twitter_site":"@unipersen","twitter_misc":{"Yazan:":"Memurun Sesi Haber Merkezi","Tahmini okuma s\u00fcresi":"1 dakika"},"schema":{"@context":"https:\/\/schema.org","@graph":[{"@type":"Article","@id":"https:\/\/memurunsesi.net\/index.php\/2025\/04\/20\/bir-grup-taraftar-sampiyonlugu-kutlamak-icin-deplasmana-gitti\/#article","isPartOf":{"@id":"https:\/\/memurunsesi.net\/index.php\/2025\/04\/20\/bir-grup-taraftar-sampiyonlugu-kutlamak-icin-deplasmana-gitti\/"},"author":{"name":"Memurun Sesi Haber Merkezi","@id":"https:\/\/memurunsesi.net\/#\/schema\/person\/f21c2d73b89f6ee1d80b0a1803e38587"},"headline":"Bir grup taraftar \u015fampiyonlu\u011fu kutlamak i\u00e7in deplasmana gitti","datePublished":"2025-04-20T05:07:23+00:00","mainEntityOfPage":{"@id":"https:\/\/memurunsesi.net\/index.php\/2025\/04\/20\/bir-grup-taraftar-sampiyonlugu-kutlamak-icin-deplasmana-gitti\/"},"wordCount":274,"commentCount":0,"publisher":{"@id":"https:\/\/memurunsesi.net\/#organization"},"image":{"@id":"https:\/\/memurunsesi.net\/index.php\/2025\/04\/20\/bir-grup-taraftar-sampiyonlugu-kutlamak-icin-deplasmana-gitti\/#primaryimage"},"thumbnailUrl":"https:\/\/memurunsesi.net\/wp-content\/uploads\/2025\/04\/AW436648_07-scaled.jpg","articleSection":["Spor"],"inLanguage":"tr","potentialAction":[{"@type":"CommentAction","name":"Comment","target":["https:\/\/memurunsesi.net\/index.php\/2025\/04\/20\/bir-grup-taraftar-sampiyonlugu-kutlamak-icin-deplasmana-gitti\/#respond"]}]},{"@type":"WebPage","@id":"https:\/\/memurunsesi.net\/index.php\/2025\/04\/20\/bir-grup-taraftar-sampiyonlugu-kutlamak-icin-deplasmana-gitti\/","url":"https:\/\/memurunsesi.net\/index.php\/2025\/04\/20\/bir-grup-taraftar-sampiyonlugu-kutlamak-icin-deplasmana-gitti\/","name":"Bir grup taraftar \u015fampiyonlu\u011fu kutlamak i\u00e7in deplasmana gitti - Memurun Sesi","isPartOf":{"@id":"https:\/\/memurunsesi.net\/#website"},"primaryImageOfPage":{"@id":"https:\/\/memurunsesi.net\/index.php\/2025\/04\/20\/bir-grup-taraftar-sampiyonlugu-kutlamak-icin-deplasmana-gitti\/#primaryimage"},"image":{"@id":"https:\/\/memurunsesi.net\/index.php\/2025\/04\/20\/bir-grup-taraftar-sampiyonlugu-kutlamak-icin-deplasmana-gitti\/#primaryimage"},"thumbnailUrl":"https:\/\/memurunsesi.net\/wp-content\/uploads\/2025\/04\/AW436648_07-scaled.jpg","datePublished":"2025-04-20T05:07:23+00:00","breadcrumb":{"@id":"https:\/\/memurunsesi.net\/index.php\/2025\/04\/20\/bir-grup-taraftar-sampiyonlugu-kutlamak-icin-deplasmana-gitti\/#breadcrumb"},"inLanguage":"tr","potentialAction":[{"@type":"ReadAction","target":["https:\/\/memurunsesi.net\/index.php\/2025\/04\/20\/bir-grup-taraftar-sampiyonlugu-kutlamak-icin-deplasmana-gitti\/"]}]},{"@type":"ImageObject","inLanguage":"tr","@id":"https:\/\/memurunsesi.net\/index.php\/2025\/04\/20\/bir-grup-taraftar-sampiyonlugu-kutlamak-icin-deplasmana-gitti\/#primaryimage","url":"https:\/\/memurunsesi.net\/wp-content\/uploads\/2025\/04\/AW436648_07-scaled.jpg","contentUrl":"https:\/\/memurunsesi.net\/wp-content\/uploads\/2025\/04\/AW436648_07-scaled.jpg","width":2560,"height":1920,"caption":"1.L\u0130G'DE BOLUSPOR'UN FAT\u0130H KARAG\u00dcMR\u00dcK'\u00dc MA\u011eLUP ETMES\u0130YLE MATEMAT\u0130KSEL OLARAK \u015eAMP\u0130YONLU\u011eUNU \u0130LAN EDEN KOCAEL\u0130SPOR'UN B\u0130R GRUP TARAFTARI KUTLAMAYI, MA\u00c7 \u0130\u00c7\u0130N \u0130STANBUL'DA OLAN TAKIMIN OTEL\u0130NE G\u0130DEREK YAPTI (G\u00d6N\u00dcL EFE\/KOCAEL\u0130-\u0130HA) (G\u00d6N\u00dcL EFE\/KOCAEL\u0130-\u0130HA) Trendyol 1. Lig'de Boluspor'un Fatih Karag\u00fcmr\u00fck'\u00fc ma\u011flup etmesiyle matematiksel olarak S\u00fcper Lig'e \u00e7\u0131kmay\u0131 garantileyen Kocaelispor'un bir grup taraftar\u0131 kutlamay\u0131, ma\u00e7 i\u00e7in \u0130stanbul'da olan tak\u0131m\u0131n oteline giderek yapt\u0131"},{"@type":"BreadcrumbList","@id":"https:\/\/memurunsesi.net\/index.php\/2025\/04\/20\/bir-grup-taraftar-sampiyonlugu-kutlamak-icin-deplasmana-gitti\/#breadcrumb","itemListElement":[{"@type":"ListItem","position":1,"name":"Anasayfa","item":"https:\/\/memurunsesi.net\/"},{"@type":"ListItem","position":2,"name":"Bir grup taraftar \u015fampiyonlu\u011fu kutlamak i\u00e7in deplasmana gitti"}]},{"@type":"WebSite","@id":"https:\/\/memurunsesi.net\/#website","url":"https:\/\/memurunsesi.net\/","name":"Memurun Sesi","description":"G\u00fcncel ve Do\u011fru Haber","publisher":{"@id":"https:\/\/memurunsesi.net\/#organization"},"potentialAction":[{"@type":"SearchAction","target":{"@type":"EntryPoint","urlTemplate":"https:\/\/memurunsesi.net\/?s={search_term_string}"},"query-input":{"@type":"PropertyValueSpecification","valueRequired":true,"valueName":"search_term_string"}}],"inLanguage":"tr"},{"@type":"Organization","@id":"https:\/\/memurunsesi.net\/#organization","name":"Memurun Sesi","url":"https:\/\/memurunsesi.net\/","logo":{"@type":"ImageObject","inLanguage":"tr","@id":"https:\/\/memurunsesi.net\/#\/schema\/logo\/image\/","url":"https:\/\/memurunsesi.net\/wp-content\/uploads\/2025\/11\/cropped-MEMURUN-SESI.png","contentUrl":"https:\/\/memurunsesi.net\/wp-content\/uploads\/2025\/11\/cropped-MEMURUN-SESI.png","width":238,"height":57,"caption":"Memurun Sesi"},"image":{"@id":"https:\/\/memurunsesi.net\/#\/schema\/logo\/image\/"},"sameAs":["https:\/\/www.facebook.com\/unipersen\/?locale=tr_TR","https:\/\/x.com\/unipersen"]},{"@type":"Person","@id":"https:\/\/memurunsesi.net\/#\/schema\/person\/f21c2d73b89f6ee1d80b0a1803e38587","name":"Memurun Sesi Haber Merkezi","image":{"@type":"ImageObject","inLanguage":"tr","@id":"https:\/\/secure.gravatar.com\/avatar\/6cf0505f452ee753f485014986fab09a434671d2b919ee76fc541025c5876a70?s=96&d=mm&r=g","url":"https:\/\/secure.gravatar.com\/avatar\/6cf0505f452ee753f485014986fab09a434671d2b919ee76fc541025c5876a70?s=96&d=mm&r=g","contentUrl":"https:\/\/secure.gravatar.com\/avatar\/6cf0505f452ee753f485014986fab09a434671d2b919ee76fc541025c5876a70?s=96&d=mm&r=g","caption":"Memurun Sesi Haber Merkezi"},"sameAs":["https:\/\/memurunsesi.net"],"url":"https:\/\/memurunsesi.net\/index.php\/author\/uniper\/"}]}},"_links":{"self":[{"href":"https:\/\/memurunsesi.net\/index.php\/wp-json\/wp\/v2\/posts\/5608","targetHints":{"allow":["GET"]}}],"collection":[{"href":"https:\/\/memurunsesi.net\/index.php\/wp-json\/wp\/v2\/posts"}],"about":[{"href":"https:\/\/memurunsesi.net\/index.php\/wp-json\/wp\/v2\/types\/post"}],"author":[{"embeddable":true,"href":"https:\/\/memurunsesi.net\/index.php\/wp-json\/wp\/v2\/users\/1"}],"replies":[{"embeddable":true,"href":"https:\/\/memurunsesi.net\/index.php\/wp-json\/wp\/v2\/comments?post=5608"}],"version-history":[{"count":1,"href":"https:\/\/memurunsesi.net\/index.php\/wp-json\/wp\/v2\/posts\/5608\/revisions"}],"predecessor-version":[{"id":5610,"href":"https:\/\/memurunsesi.net\/index.php\/wp-json\/wp\/v2\/posts\/5608\/revisions\/5610"}],"wp:featuredmedia":[{"embeddable":true,"href":"https:\/\/memurunsesi.net\/index.php\/wp-json\/wp\/v2\/media\/5609"}],"wp:attachment":[{"href":"https:\/\/memurunsesi.net\/index.php\/wp-json\/wp\/v2\/media?parent=5608"}],"wp:term":[{"taxonomy":"category","embeddable":true,"href":"https:\/\/memurunsesi.net\/index.php\/wp-json\/wp\/v2\/categories?post=5608"},{"taxonomy":"post_tag","embeddable":true,"href":"https:\/\/memurunsesi.net\/index.php\/wp-json\/wp\/v2\/tags?post=5608"}],"curies":[{"name":"wp","href":"https:\/\/api.w.org\/{rel}","templated":true}]}}