{"id":5620,"date":"2025-04-20T08:13:40","date_gmt":"2025-04-20T05:13:40","guid":{"rendered":"https:\/\/memurunsesi.net\/?p=5620"},"modified":"2025-04-20T08:13:40","modified_gmt":"2025-04-20T05:13:40","slug":"kucukcekmecede-60-yasinda-bir-erkek-otel-odasinda-olu-bulundu","status":"publish","type":"post","link":"https:\/\/memurunsesi.net\/index.php\/2025\/04\/20\/kucukcekmecede-60-yasinda-bir-erkek-otel-odasinda-olu-bulundu\/","title":{"rendered":"K\u00fc\u00e7\u00fck\u00e7ekmece&#8217;de 60 ya\u015f\u0131nda bir erkek otel odas\u0131nda \u00f6l\u00fc bulundu"},"content":{"rendered":"<p>  \u0130stanbul K\u00fc\u00e7\u00fck\u00e7ekmece&#8217;de 60 ya\u015f\u0131nda bir erkek, otel odas\u0131nda \u00f6l\u00fc bulundu.<br \/>\nOlay, Kemalpa\u015fa Mahallesi Emekli Sokak&#8217;ta bulunan bir otelde meydana geldi. Edinilen bilgilere g\u00f6re, otelde kalan 1965 do\u011fumlu Olcay Barut, sabah otelden \u00e7\u0131k\u0131p bir s\u00fcre sonra otele tekrar gelerek kald\u0131\u011f\u0131 odaya ge\u00e7ti. \u00dczerinden bir s\u00fcre sonra odaya giden g\u00f6revliler Barut&#8217;un cans\u0131z bedeniyle kar\u015f\u0131la\u015ft\u0131. Yap\u0131lan ihbar \u00fczerine olay yerine polis, sa\u011fl\u0131k ve olay yeri inceleme ekipleri geldi. Sa\u011fl\u0131k ekiplerinin yapt\u0131\u011f\u0131 kontrollerde \u015fahs\u0131n \u00f6ld\u00fc\u011f\u00fc belirlenirken, Olcay Barut&#8217;un \u00f6l\u00fcm nedeni ara\u015ft\u0131r\u0131lmak \u00fczere cesedi Adli T\u0131p Kurumu Morgu&#8217;na kald\u0131r\u0131ld\u0131. <\/p>\n<p>20.04.2025                           <\/p>\n","protected":false},"excerpt":{"rendered":"<p>\u0130stanbul K\u00fc\u00e7\u00fck\u00e7ekmece&#8217;de 60 ya\u015f\u0131nda bir erkek, otel odas\u0131nda \u00f6l\u00fc bulundu. Olay, Kemalpa\u015fa Mahallesi Emekli Sokak&#8217;ta bulunan bir otelde meydana geldi. Edinilen bilgilere g\u00f6re, otelde kalan 1965 do\u011fumlu Olcay Barut, sabah otelden \u00e7\u0131k\u0131p bir s\u00fcre sonra otele tekrar gelerek kald\u0131\u011f\u0131 odaya ge\u00e7ti. \u00dczerinden bir s\u00fcre sonra odaya giden g\u00f6revliler Barut&#8217;un cans\u0131z bedeniyle kar\u015f\u0131la\u015ft\u0131. Yap\u0131lan ihbar \u00fczerine [&hellip;]<\/p>\n","protected":false},"author":1,"featured_media":5621,"comment_status":"open","ping_status":"open","sticky":false,"template":"","format":"standard","meta":{"footnotes":""},"categories":[45],"tags":[],"class_list":["post-5620","post","type-post","status-publish","format-standard","has-post-thumbnail","hentry","category-gundem"],"yoast_head":"<!-- This site is optimized with the Yoast SEO plugin v27.4 - https:\/\/yoast.com\/product\/yoast-seo-wordpress\/ -->\n<title>K\u00fc\u00e7\u00fck\u00e7ekmece&#039;de 60 ya\u015f\u0131nda bir erkek otel odas\u0131nda \u00f6l\u00fc bulundu - Memurun Sesi<\/title>\n<meta name=\"robots\" content=\"index, follow, max-snippet:-1, max-image-preview:large, max-video-preview:-1\" \/>\n<link rel=\"canonical\" href=\"https:\/\/memurunsesi.net\/index.php\/2025\/04\/20\/kucukcekmecede-60-yasinda-bir-erkek-otel-odasinda-olu-bulundu\/\" \/>\n<meta property=\"og:locale\" content=\"tr_TR\" \/>\n<meta property=\"og:type\" content=\"article\" \/>\n<meta property=\"og:title\" content=\"K\u00fc\u00e7\u00fck\u00e7ekmece&#039;de 60 ya\u015f\u0131nda bir erkek otel odas\u0131nda \u00f6l\u00fc bulundu - Memurun Sesi\" \/>\n<meta property=\"og:description\" content=\"\u0130stanbul K\u00fc\u00e7\u00fck\u00e7ekmece&#8217;de 60 ya\u015f\u0131nda bir erkek, otel odas\u0131nda \u00f6l\u00fc bulundu. Olay, Kemalpa\u015fa Mahallesi Emekli Sokak&#8217;ta bulunan bir otelde meydana geldi. Edinilen bilgilere g\u00f6re, otelde kalan 1965 do\u011fumlu Olcay Barut, sabah otelden \u00e7\u0131k\u0131p bir s\u00fcre sonra otele tekrar gelerek kald\u0131\u011f\u0131 odaya ge\u00e7ti. \u00dczerinden bir s\u00fcre sonra odaya giden g\u00f6revliler Barut&#8217;un cans\u0131z bedeniyle kar\u015f\u0131la\u015ft\u0131. Yap\u0131lan ihbar \u00fczerine [&hellip;]\" \/>\n<meta property=\"og:url\" content=\"https:\/\/memurunsesi.net\/index.php\/2025\/04\/20\/kucukcekmecede-60-yasinda-bir-erkek-otel-odasinda-olu-bulundu\/\" \/>\n<meta property=\"og:site_name\" content=\"Memurun Sesi\" \/>\n<meta property=\"article:publisher\" content=\"https:\/\/www.facebook.com\/unipersen\/?locale=tr_TR\" \/>\n<meta property=\"article:published_time\" content=\"2025-04-20T05:13:40+00:00\" \/>\n<meta property=\"og:image\" content=\"https:\/\/memurunsesi.net\/wp-content\/uploads\/2025\/04\/AW436643_01-scaled.jpg\" \/>\n\t<meta property=\"og:image:width\" content=\"2560\" \/>\n\t<meta property=\"og:image:height\" content=\"1920\" \/>\n\t<meta property=\"og:image:type\" content=\"image\/jpeg\" \/>\n<meta name=\"author\" content=\"Memurun Sesi Haber Merkezi\" \/>\n<meta name=\"twitter:card\" content=\"summary_large_image\" \/>\n<meta name=\"twitter:creator\" content=\"@unipersen\" \/>\n<meta name=\"twitter:site\" content=\"@unipersen\" \/>\n<meta name=\"twitter:label1\" content=\"Yazan:\" \/>\n\t<meta name=\"twitter:data1\" content=\"Memurun Sesi Haber Merkezi\" \/>\n\t<meta name=\"twitter:label2\" content=\"Tahmini okuma s\u00fcresi\" \/>\n\t<meta name=\"twitter:data2\" content=\"1 dakika\" \/>\n<script type=\"application\/ld+json\" class=\"yoast-schema-graph\">{\"@context\":\"https:\\\/\\\/schema.org\",\"@graph\":[{\"@type\":\"Article\",\"@id\":\"https:\\\/\\\/memurunsesi.net\\\/index.php\\\/2025\\\/04\\\/20\\\/kucukcekmecede-60-yasinda-bir-erkek-otel-odasinda-olu-bulundu\\\/#article\",\"isPartOf\":{\"@id\":\"https:\\\/\\\/memurunsesi.net\\\/index.php\\\/2025\\\/04\\\/20\\\/kucukcekmecede-60-yasinda-bir-erkek-otel-odasinda-olu-bulundu\\\/\"},\"author\":{\"name\":\"Memurun Sesi Haber Merkezi\",\"@id\":\"https:\\\/\\\/memurunsesi.net\\\/#\\\/schema\\\/person\\\/f21c2d73b89f6ee1d80b0a1803e38587\"},\"headline\":\"K\u00fc\u00e7\u00fck\u00e7ekmece&#8217;de 60 ya\u015f\u0131nda bir erkek otel odas\u0131nda \u00f6l\u00fc bulundu\",\"datePublished\":\"2025-04-20T05:13:40+00:00\",\"mainEntityOfPage\":{\"@id\":\"https:\\\/\\\/memurunsesi.net\\\/index.php\\\/2025\\\/04\\\/20\\\/kucukcekmecede-60-yasinda-bir-erkek-otel-odasinda-olu-bulundu\\\/\"},\"wordCount\":128,\"commentCount\":0,\"publisher\":{\"@id\":\"https:\\\/\\\/memurunsesi.net\\\/#organization\"},\"image\":{\"@id\":\"https:\\\/\\\/memurunsesi.net\\\/index.php\\\/2025\\\/04\\\/20\\\/kucukcekmecede-60-yasinda-bir-erkek-otel-odasinda-olu-bulundu\\\/#primaryimage\"},\"thumbnailUrl\":\"https:\\\/\\\/memurunsesi.net\\\/wp-content\\\/uploads\\\/2025\\\/04\\\/AW436643_01-scaled.jpg\",\"articleSection\":[\"G\u00fcndem\"],\"inLanguage\":\"tr\",\"potentialAction\":[{\"@type\":\"CommentAction\",\"name\":\"Comment\",\"target\":[\"https:\\\/\\\/memurunsesi.net\\\/index.php\\\/2025\\\/04\\\/20\\\/kucukcekmecede-60-yasinda-bir-erkek-otel-odasinda-olu-bulundu\\\/#respond\"]}]},{\"@type\":\"WebPage\",\"@id\":\"https:\\\/\\\/memurunsesi.net\\\/index.php\\\/2025\\\/04\\\/20\\\/kucukcekmecede-60-yasinda-bir-erkek-otel-odasinda-olu-bulundu\\\/\",\"url\":\"https:\\\/\\\/memurunsesi.net\\\/index.php\\\/2025\\\/04\\\/20\\\/kucukcekmecede-60-yasinda-bir-erkek-otel-odasinda-olu-bulundu\\\/\",\"name\":\"K\u00fc\u00e7\u00fck\u00e7ekmece'de 60 ya\u015f\u0131nda bir erkek otel odas\u0131nda \u00f6l\u00fc bulundu - Memurun Sesi\",\"isPartOf\":{\"@id\":\"https:\\\/\\\/memurunsesi.net\\\/#website\"},\"primaryImageOfPage\":{\"@id\":\"https:\\\/\\\/memurunsesi.net\\\/index.php\\\/2025\\\/04\\\/20\\\/kucukcekmecede-60-yasinda-bir-erkek-otel-odasinda-olu-bulundu\\\/#primaryimage\"},\"image\":{\"@id\":\"https:\\\/\\\/memurunsesi.net\\\/index.php\\\/2025\\\/04\\\/20\\\/kucukcekmecede-60-yasinda-bir-erkek-otel-odasinda-olu-bulundu\\\/#primaryimage\"},\"thumbnailUrl\":\"https:\\\/\\\/memurunsesi.net\\\/wp-content\\\/uploads\\\/2025\\\/04\\\/AW436643_01-scaled.jpg\",\"datePublished\":\"2025-04-20T05:13:40+00:00\",\"breadcrumb\":{\"@id\":\"https:\\\/\\\/memurunsesi.net\\\/index.php\\\/2025\\\/04\\\/20\\\/kucukcekmecede-60-yasinda-bir-erkek-otel-odasinda-olu-bulundu\\\/#breadcrumb\"},\"inLanguage\":\"tr\",\"potentialAction\":[{\"@type\":\"ReadAction\",\"target\":[\"https:\\\/\\\/memurunsesi.net\\\/index.php\\\/2025\\\/04\\\/20\\\/kucukcekmecede-60-yasinda-bir-erkek-otel-odasinda-olu-bulundu\\\/\"]}]},{\"@type\":\"ImageObject\",\"inLanguage\":\"tr\",\"@id\":\"https:\\\/\\\/memurunsesi.net\\\/index.php\\\/2025\\\/04\\\/20\\\/kucukcekmecede-60-yasinda-bir-erkek-otel-odasinda-olu-bulundu\\\/#primaryimage\",\"url\":\"https:\\\/\\\/memurunsesi.net\\\/wp-content\\\/uploads\\\/2025\\\/04\\\/AW436643_01-scaled.jpg\",\"contentUrl\":\"https:\\\/\\\/memurunsesi.net\\\/wp-content\\\/uploads\\\/2025\\\/04\\\/AW436643_01-scaled.jpg\",\"width\":2560,\"height\":1920,\"caption\":\"OLAY YER\u0130 (\u015eABAN TEKTA\u015e\\\/\u0130STANBUL-\u0130HA) \u0130stanbul K\u00fc\u00e7\u00fck\u00e7ekmece'de 60 ya\u015f\u0131nda bir erkek, otel odas\u0131nda \u00f6l\u00fc bulundu.\"},{\"@type\":\"BreadcrumbList\",\"@id\":\"https:\\\/\\\/memurunsesi.net\\\/index.php\\\/2025\\\/04\\\/20\\\/kucukcekmecede-60-yasinda-bir-erkek-otel-odasinda-olu-bulundu\\\/#breadcrumb\",\"itemListElement\":[{\"@type\":\"ListItem\",\"position\":1,\"name\":\"Anasayfa\",\"item\":\"https:\\\/\\\/memurunsesi.net\\\/\"},{\"@type\":\"ListItem\",\"position\":2,\"name\":\"K\u00fc\u00e7\u00fck\u00e7ekmece&#8217;de 60 ya\u015f\u0131nda bir erkek otel odas\u0131nda \u00f6l\u00fc bulundu\"}]},{\"@type\":\"WebSite\",\"@id\":\"https:\\\/\\\/memurunsesi.net\\\/#website\",\"url\":\"https:\\\/\\\/memurunsesi.net\\\/\",\"name\":\"Memurun Sesi\",\"description\":\"G\u00fcncel ve Do\u011fru Haber\",\"publisher\":{\"@id\":\"https:\\\/\\\/memurunsesi.net\\\/#organization\"},\"potentialAction\":[{\"@type\":\"SearchAction\",\"target\":{\"@type\":\"EntryPoint\",\"urlTemplate\":\"https:\\\/\\\/memurunsesi.net\\\/?s={search_term_string}\"},\"query-input\":{\"@type\":\"PropertyValueSpecification\",\"valueRequired\":true,\"valueName\":\"search_term_string\"}}],\"inLanguage\":\"tr\"},{\"@type\":\"Organization\",\"@id\":\"https:\\\/\\\/memurunsesi.net\\\/#organization\",\"name\":\"Memurun Sesi\",\"url\":\"https:\\\/\\\/memurunsesi.net\\\/\",\"logo\":{\"@type\":\"ImageObject\",\"inLanguage\":\"tr\",\"@id\":\"https:\\\/\\\/memurunsesi.net\\\/#\\\/schema\\\/logo\\\/image\\\/\",\"url\":\"https:\\\/\\\/memurunsesi.net\\\/wp-content\\\/uploads\\\/2025\\\/11\\\/cropped-MEMURUN-SESI.png\",\"contentUrl\":\"https:\\\/\\\/memurunsesi.net\\\/wp-content\\\/uploads\\\/2025\\\/11\\\/cropped-MEMURUN-SESI.png\",\"width\":238,\"height\":57,\"caption\":\"Memurun Sesi\"},\"image\":{\"@id\":\"https:\\\/\\\/memurunsesi.net\\\/#\\\/schema\\\/logo\\\/image\\\/\"},\"sameAs\":[\"https:\\\/\\\/www.facebook.com\\\/unipersen\\\/?locale=tr_TR\",\"https:\\\/\\\/x.com\\\/unipersen\"]},{\"@type\":\"Person\",\"@id\":\"https:\\\/\\\/memurunsesi.net\\\/#\\\/schema\\\/person\\\/f21c2d73b89f6ee1d80b0a1803e38587\",\"name\":\"Memurun Sesi Haber Merkezi\",\"image\":{\"@type\":\"ImageObject\",\"inLanguage\":\"tr\",\"@id\":\"https:\\\/\\\/secure.gravatar.com\\\/avatar\\\/6cf0505f452ee753f485014986fab09a434671d2b919ee76fc541025c5876a70?s=96&d=mm&r=g\",\"url\":\"https:\\\/\\\/secure.gravatar.com\\\/avatar\\\/6cf0505f452ee753f485014986fab09a434671d2b919ee76fc541025c5876a70?s=96&d=mm&r=g\",\"contentUrl\":\"https:\\\/\\\/secure.gravatar.com\\\/avatar\\\/6cf0505f452ee753f485014986fab09a434671d2b919ee76fc541025c5876a70?s=96&d=mm&r=g\",\"caption\":\"Memurun Sesi Haber Merkezi\"},\"sameAs\":[\"https:\\\/\\\/memurunsesi.net\"],\"url\":\"https:\\\/\\\/memurunsesi.net\\\/index.php\\\/author\\\/uniper\\\/\"}]}<\/script>\n<!-- \/ Yoast SEO plugin. -->","yoast_head_json":{"title":"K\u00fc\u00e7\u00fck\u00e7ekmece'de 60 ya\u015f\u0131nda bir erkek otel odas\u0131nda \u00f6l\u00fc bulundu - Memurun Sesi","robots":{"index":"index","follow":"follow","max-snippet":"max-snippet:-1","max-image-preview":"max-image-preview:large","max-video-preview":"max-video-preview:-1"},"canonical":"https:\/\/memurunsesi.net\/index.php\/2025\/04\/20\/kucukcekmecede-60-yasinda-bir-erkek-otel-odasinda-olu-bulundu\/","og_locale":"tr_TR","og_type":"article","og_title":"K\u00fc\u00e7\u00fck\u00e7ekmece'de 60 ya\u015f\u0131nda bir erkek otel odas\u0131nda \u00f6l\u00fc bulundu - Memurun Sesi","og_description":"\u0130stanbul K\u00fc\u00e7\u00fck\u00e7ekmece&#8217;de 60 ya\u015f\u0131nda bir erkek, otel odas\u0131nda \u00f6l\u00fc bulundu. Olay, Kemalpa\u015fa Mahallesi Emekli Sokak&#8217;ta bulunan bir otelde meydana geldi. Edinilen bilgilere g\u00f6re, otelde kalan 1965 do\u011fumlu Olcay Barut, sabah otelden \u00e7\u0131k\u0131p bir s\u00fcre sonra otele tekrar gelerek kald\u0131\u011f\u0131 odaya ge\u00e7ti. \u00dczerinden bir s\u00fcre sonra odaya giden g\u00f6revliler Barut&#8217;un cans\u0131z bedeniyle kar\u015f\u0131la\u015ft\u0131. Yap\u0131lan ihbar \u00fczerine [&hellip;]","og_url":"https:\/\/memurunsesi.net\/index.php\/2025\/04\/20\/kucukcekmecede-60-yasinda-bir-erkek-otel-odasinda-olu-bulundu\/","og_site_name":"Memurun Sesi","article_publisher":"https:\/\/www.facebook.com\/unipersen\/?locale=tr_TR","article_published_time":"2025-04-20T05:13:40+00:00","og_image":[{"width":2560,"height":1920,"url":"https:\/\/memurunsesi.net\/wp-content\/uploads\/2025\/04\/AW436643_01-scaled.jpg","type":"image\/jpeg"}],"author":"Memurun Sesi Haber Merkezi","twitter_card":"summary_large_image","twitter_creator":"@unipersen","twitter_site":"@unipersen","twitter_misc":{"Yazan:":"Memurun Sesi Haber Merkezi","Tahmini okuma s\u00fcresi":"1 dakika"},"schema":{"@context":"https:\/\/schema.org","@graph":[{"@type":"Article","@id":"https:\/\/memurunsesi.net\/index.php\/2025\/04\/20\/kucukcekmecede-60-yasinda-bir-erkek-otel-odasinda-olu-bulundu\/#article","isPartOf":{"@id":"https:\/\/memurunsesi.net\/index.php\/2025\/04\/20\/kucukcekmecede-60-yasinda-bir-erkek-otel-odasinda-olu-bulundu\/"},"author":{"name":"Memurun Sesi Haber Merkezi","@id":"https:\/\/memurunsesi.net\/#\/schema\/person\/f21c2d73b89f6ee1d80b0a1803e38587"},"headline":"K\u00fc\u00e7\u00fck\u00e7ekmece&#8217;de 60 ya\u015f\u0131nda bir erkek otel odas\u0131nda \u00f6l\u00fc bulundu","datePublished":"2025-04-20T05:13:40+00:00","mainEntityOfPage":{"@id":"https:\/\/memurunsesi.net\/index.php\/2025\/04\/20\/kucukcekmecede-60-yasinda-bir-erkek-otel-odasinda-olu-bulundu\/"},"wordCount":128,"commentCount":0,"publisher":{"@id":"https:\/\/memurunsesi.net\/#organization"},"image":{"@id":"https:\/\/memurunsesi.net\/index.php\/2025\/04\/20\/kucukcekmecede-60-yasinda-bir-erkek-otel-odasinda-olu-bulundu\/#primaryimage"},"thumbnailUrl":"https:\/\/memurunsesi.net\/wp-content\/uploads\/2025\/04\/AW436643_01-scaled.jpg","articleSection":["G\u00fcndem"],"inLanguage":"tr","potentialAction":[{"@type":"CommentAction","name":"Comment","target":["https:\/\/memurunsesi.net\/index.php\/2025\/04\/20\/kucukcekmecede-60-yasinda-bir-erkek-otel-odasinda-olu-bulundu\/#respond"]}]},{"@type":"WebPage","@id":"https:\/\/memurunsesi.net\/index.php\/2025\/04\/20\/kucukcekmecede-60-yasinda-bir-erkek-otel-odasinda-olu-bulundu\/","url":"https:\/\/memurunsesi.net\/index.php\/2025\/04\/20\/kucukcekmecede-60-yasinda-bir-erkek-otel-odasinda-olu-bulundu\/","name":"K\u00fc\u00e7\u00fck\u00e7ekmece'de 60 ya\u015f\u0131nda bir erkek otel odas\u0131nda \u00f6l\u00fc bulundu - Memurun Sesi","isPartOf":{"@id":"https:\/\/memurunsesi.net\/#website"},"primaryImageOfPage":{"@id":"https:\/\/memurunsesi.net\/index.php\/2025\/04\/20\/kucukcekmecede-60-yasinda-bir-erkek-otel-odasinda-olu-bulundu\/#primaryimage"},"image":{"@id":"https:\/\/memurunsesi.net\/index.php\/2025\/04\/20\/kucukcekmecede-60-yasinda-bir-erkek-otel-odasinda-olu-bulundu\/#primaryimage"},"thumbnailUrl":"https:\/\/memurunsesi.net\/wp-content\/uploads\/2025\/04\/AW436643_01-scaled.jpg","datePublished":"2025-04-20T05:13:40+00:00","breadcrumb":{"@id":"https:\/\/memurunsesi.net\/index.php\/2025\/04\/20\/kucukcekmecede-60-yasinda-bir-erkek-otel-odasinda-olu-bulundu\/#breadcrumb"},"inLanguage":"tr","potentialAction":[{"@type":"ReadAction","target":["https:\/\/memurunsesi.net\/index.php\/2025\/04\/20\/kucukcekmecede-60-yasinda-bir-erkek-otel-odasinda-olu-bulundu\/"]}]},{"@type":"ImageObject","inLanguage":"tr","@id":"https:\/\/memurunsesi.net\/index.php\/2025\/04\/20\/kucukcekmecede-60-yasinda-bir-erkek-otel-odasinda-olu-bulundu\/#primaryimage","url":"https:\/\/memurunsesi.net\/wp-content\/uploads\/2025\/04\/AW436643_01-scaled.jpg","contentUrl":"https:\/\/memurunsesi.net\/wp-content\/uploads\/2025\/04\/AW436643_01-scaled.jpg","width":2560,"height":1920,"caption":"OLAY YER\u0130 (\u015eABAN TEKTA\u015e\/\u0130STANBUL-\u0130HA) \u0130stanbul K\u00fc\u00e7\u00fck\u00e7ekmece'de 60 ya\u015f\u0131nda bir erkek, otel odas\u0131nda \u00f6l\u00fc bulundu."},{"@type":"BreadcrumbList","@id":"https:\/\/memurunsesi.net\/index.php\/2025\/04\/20\/kucukcekmecede-60-yasinda-bir-erkek-otel-odasinda-olu-bulundu\/#breadcrumb","itemListElement":[{"@type":"ListItem","position":1,"name":"Anasayfa","item":"https:\/\/memurunsesi.net\/"},{"@type":"ListItem","position":2,"name":"K\u00fc\u00e7\u00fck\u00e7ekmece&#8217;de 60 ya\u015f\u0131nda bir erkek otel odas\u0131nda \u00f6l\u00fc bulundu"}]},{"@type":"WebSite","@id":"https:\/\/memurunsesi.net\/#website","url":"https:\/\/memurunsesi.net\/","name":"Memurun Sesi","description":"G\u00fcncel ve Do\u011fru Haber","publisher":{"@id":"https:\/\/memurunsesi.net\/#organization"},"potentialAction":[{"@type":"SearchAction","target":{"@type":"EntryPoint","urlTemplate":"https:\/\/memurunsesi.net\/?s={search_term_string}"},"query-input":{"@type":"PropertyValueSpecification","valueRequired":true,"valueName":"search_term_string"}}],"inLanguage":"tr"},{"@type":"Organization","@id":"https:\/\/memurunsesi.net\/#organization","name":"Memurun Sesi","url":"https:\/\/memurunsesi.net\/","logo":{"@type":"ImageObject","inLanguage":"tr","@id":"https:\/\/memurunsesi.net\/#\/schema\/logo\/image\/","url":"https:\/\/memurunsesi.net\/wp-content\/uploads\/2025\/11\/cropped-MEMURUN-SESI.png","contentUrl":"https:\/\/memurunsesi.net\/wp-content\/uploads\/2025\/11\/cropped-MEMURUN-SESI.png","width":238,"height":57,"caption":"Memurun Sesi"},"image":{"@id":"https:\/\/memurunsesi.net\/#\/schema\/logo\/image\/"},"sameAs":["https:\/\/www.facebook.com\/unipersen\/?locale=tr_TR","https:\/\/x.com\/unipersen"]},{"@type":"Person","@id":"https:\/\/memurunsesi.net\/#\/schema\/person\/f21c2d73b89f6ee1d80b0a1803e38587","name":"Memurun Sesi Haber Merkezi","image":{"@type":"ImageObject","inLanguage":"tr","@id":"https:\/\/secure.gravatar.com\/avatar\/6cf0505f452ee753f485014986fab09a434671d2b919ee76fc541025c5876a70?s=96&d=mm&r=g","url":"https:\/\/secure.gravatar.com\/avatar\/6cf0505f452ee753f485014986fab09a434671d2b919ee76fc541025c5876a70?s=96&d=mm&r=g","contentUrl":"https:\/\/secure.gravatar.com\/avatar\/6cf0505f452ee753f485014986fab09a434671d2b919ee76fc541025c5876a70?s=96&d=mm&r=g","caption":"Memurun Sesi Haber Merkezi"},"sameAs":["https:\/\/memurunsesi.net"],"url":"https:\/\/memurunsesi.net\/index.php\/author\/uniper\/"}]}},"_links":{"self":[{"href":"https:\/\/memurunsesi.net\/index.php\/wp-json\/wp\/v2\/posts\/5620","targetHints":{"allow":["GET"]}}],"collection":[{"href":"https:\/\/memurunsesi.net\/index.php\/wp-json\/wp\/v2\/posts"}],"about":[{"href":"https:\/\/memurunsesi.net\/index.php\/wp-json\/wp\/v2\/types\/post"}],"author":[{"embeddable":true,"href":"https:\/\/memurunsesi.net\/index.php\/wp-json\/wp\/v2\/users\/1"}],"replies":[{"embeddable":true,"href":"https:\/\/memurunsesi.net\/index.php\/wp-json\/wp\/v2\/comments?post=5620"}],"version-history":[{"count":1,"href":"https:\/\/memurunsesi.net\/index.php\/wp-json\/wp\/v2\/posts\/5620\/revisions"}],"predecessor-version":[{"id":5622,"href":"https:\/\/memurunsesi.net\/index.php\/wp-json\/wp\/v2\/posts\/5620\/revisions\/5622"}],"wp:featuredmedia":[{"embeddable":true,"href":"https:\/\/memurunsesi.net\/index.php\/wp-json\/wp\/v2\/media\/5621"}],"wp:attachment":[{"href":"https:\/\/memurunsesi.net\/index.php\/wp-json\/wp\/v2\/media?parent=5620"}],"wp:term":[{"taxonomy":"category","embeddable":true,"href":"https:\/\/memurunsesi.net\/index.php\/wp-json\/wp\/v2\/categories?post=5620"},{"taxonomy":"post_tag","embeddable":true,"href":"https:\/\/memurunsesi.net\/index.php\/wp-json\/wp\/v2\/tags?post=5620"}],"curies":[{"name":"wp","href":"https:\/\/api.w.org\/{rel}","templated":true}]}}